{"id":222132,"date":"2025-05-22T15:24:00","date_gmt":"2025-05-22T15:24:00","guid":{"rendered":"https:\/\/www.webdo.tn\/fr\/actualite\/blog\/roland-garros-2025-ons-jabeur-entame-sa-quete-face-a-magdalena-frech\/222132\/"},"modified":"2025-05-22T15:24:00","modified_gmt":"2025-05-22T15:24:00","slug":"roland-garros-2025-ons-jabeur-entame-sa-quete-face-a-magdalena-frech","status":"publish","type":"post","link":"https:\/\/www.webdo.tn\/fr\/actualite\/sport\/roland-garros-2025-ons-jabeur-entame-sa-quete-face-a-magdalena-frech\/222132\/","title":{"rendered":"Roland-Garros 2025 : Ons Jabeur entame sa qu\u00eate face \u00e0 Magdalena Fr\u0119ch"},"content":{"rendered":"<p>La Tunisienne Ons Jabeur, actuelle 35e mondiale au classement WTA, entamera sa campagne \u00e0 Roland-Garros 2025 face \u00e0 la Polonaise Magdalena Fr\u0119ch, 25e mondiale. Le match, dont la date et l\u2019heure restent \u00e0 pr\u00e9ciser, marque le d\u00e9but d\u2019un tournoi d\u00e9cisif pour la num\u00e9ro un arabe du tennis f\u00e9minin, en qu\u00eate de r\u00e9gularit\u00e9 cette saison.<\/p>\n<p> Ce sera la troisi\u00e8me confrontation entre les deux joueuses sur le circuit. Et jusqu\u2019ici, Ons Jabeur m\u00e8ne par deux victoires \u00e0 z\u00e9ro. Leur derni\u00e8re rencontre remonte au premier tour de Wimbledon 2023, o\u00f9 la Tunisienne s\u2019\u00e9tait impos\u00e9e sans trembler (6-3, 6-3). Quelques mois plus t\u00f4t, \u00e0 Indian Wells en mars 2023, Jabeur avait d\u00fb s\u2019employer davantage pour venir \u00e0 bout de Fr\u0119ch en trois sets accroch\u00e9s (4-6, 6-4, 6-1).<\/p>\n<p>Cette dynamique favorable peut nourrir l\u2019optimisme dans le camp tunisien, m\u00eame si la terre battue parisienne demeure un d\u00e9fi \u00e0 part enti\u00e8re. La r\u00e9gularit\u00e9, la forme physique et surtout la confiance seront d\u00e9terminantes pour Jabeur, qui peine encore \u00e0 retrouver son meilleur niveau.<\/p>\n<p>En cas de victoire, la Tunisienne pourrait retrouver Marketa Vondrousova, sa bourreau en finale de Wimbledon 2023. La Tch\u00e8que devra toutefois d\u2019abord \u00e9carter une joueuse issue des qualifications. Cette potentielle revanche d\u00e8s le deuxi\u00e8me tour ajoute un enjeu \u00e9motionnel \u00e0 la campagne parisienne de Jabeur, qui r\u00eave toujours d\u2019un sacre en Grand Chelem.<\/p>\n<p>Apr\u00e8s une premi\u00e8re moiti\u00e9 de saison en dents de scie, Jabeur a r\u00e9cemment gagn\u00e9 une place au classement WTA, se positionnant \u00e0 la 35e place mondiale. Une progression modeste mais encourageante alors qu&rsquo;elle entre dans l\u2019un des tournois les plus prestigieux de la saison.<\/p>\n<p>Roland-Garros se d\u00e9roulera du 25 mai au 8 juin \u00e0 Paris. Pour Ons Jabeur, c\u2019est bien plus qu\u2019un tournoi. C\u2019est l\u2019opportunit\u00e9 de relancer une saison qui tarde \u00e0 d\u00e9coller et de confirmer, face \u00e0 une adversaire coriace mais \u00e0 sa port\u00e9e, qu\u2019elle reste une pr\u00e9tendante cr\u00e9dible aux grandes sc\u00e8nes du tennis mondial.<\/p>\n","protected":false},"excerpt":{"rendered":"<p>Roland-Garros 2025 : Ons Jabeur affrontera la Polonaise Magdalena Fr\u0119ch au premier tour. Une affiche \u00e9quilibr\u00e9e face \u00e0 une adversaire qu\u2019elle a d\u00e9j\u00e0 battue deux&#8230;<\/p>\n","protected":false},"author":3162,"featured_media":366062,"comment_status":"open","ping_status":"closed","sticky":false,"template":"","format":"standard","meta":{"footnotes":""},"categories":[2593],"tags":[2604,6366,2605,2608],"class_list":["post-222132","post","type-post","status-publish","format-standard","has-post-thumbnail","hentry","category-sport","tag-ons-jabeur","tag-roland-garros","tag-tennis","tag-tunisie"],"yoast_head":"<!-- This site is optimized with the Yoast SEO Premium plugin v27.4 (Yoast SEO v27.5) - https:\/\/yoast.com\/product\/yoast-seo-premium-wordpress\/ -->\n<title>Roland-Garros 2025 : Ons Jabeur entame sa qu\u00eate face \u00e0 Magdalena Fr\u0119ch<\/title>\n<meta name=\"description\" content=\"Roland-Garros 2025 : Ons Jabeur affrontera la Polonaise Magdalena Fr\u0119ch au premier tour. Une affiche \u00e9quilibr\u00e9e face \u00e0 une adversaire qu\u2019elle a d\u00e9j\u00e0 battue deux...\" \/>\n<link rel=\"canonical\" href=\"https:\/\/www.webdo.tn\/fr\/actualite\/sport\/roland-garros-2025-ons-jabeur-entame-sa-quete-face-a-magdalena-frech\/222132\/\" \/>\n<meta property=\"og:locale\" content=\"fr_FR\" \/>\n<meta property=\"og:type\" content=\"article\" \/>\n<meta property=\"og:title\" content=\"Roland-Garros 2025 : Ons Jabeur entame sa qu\u00eate face \u00e0 Magdalena Fr\u0119ch\" \/>\n<meta property=\"og:description\" content=\"Roland-Garros 2025 : Ons Jabeur affrontera la Polonaise Magdalena Fr\u0119ch au premier tour. Une affiche \u00e9quilibr\u00e9e face \u00e0 une adversaire qu\u2019elle a d\u00e9j\u00e0 battue deux...\" \/>\n<meta property=\"og:url\" content=\"https:\/\/www.webdo.tn\/fr\/actualite\/sport\/roland-garros-2025-ons-jabeur-entame-sa-quete-face-a-magdalena-frech\/222132\/\" \/>\n<meta property=\"og:site_name\" content=\"webdo\" \/>\n<meta property=\"article:publisher\" content=\"https:\/\/www.facebook.com\/webdotn\" \/>\n<meta property=\"article:published_time\" content=\"2025-05-22T15:24:00+00:00\" \/>\n<meta property=\"og:image\" content=\"https:\/\/www.webdo.tn\/fr\/wp-content\/uploads\/2025\/05\/e0c1621ca5b167d26d3b9e8341094aab.webp\" \/>\n\t<meta property=\"og:image:width\" content=\"750\" \/>\n\t<meta property=\"og:image:height\" content=\"400\" \/>\n\t<meta property=\"og:image:type\" content=\"image\/webp\" \/>\n<meta name=\"author\" content=\"MC\" \/>\n<meta name=\"twitter:card\" content=\"summary_large_image\" \/>\n<meta name=\"twitter:creator\" content=\"@webdo_tn\" \/>\n<meta name=\"twitter:site\" content=\"@webdo_tn\" \/>\n<meta name=\"twitter:label1\" content=\"\u00c9crit par\" \/>\n\t<meta name=\"twitter:data1\" content=\"MC\" \/>\n\t<meta name=\"twitter:label2\" content=\"Dur\u00e9e de lecture estim\u00e9e\" \/>\n\t<meta name=\"twitter:data2\" content=\"2 minutes\" \/>\n<script type=\"application\/ld+json\" class=\"yoast-schema-graph\">{\"@context\":\"https:\\\/\\\/schema.org\",\"@graph\":[{\"@type\":\"NewsArticle\",\"@id\":\"https:\\\/\\\/www.webdo.tn\\\/fr\\\/actualite\\\/sport\\\/roland-garros-2025-ons-jabeur-entame-sa-quete-face-a-magdalena-frech\\\/222132\\\/#article\",\"isPartOf\":{\"@id\":\"https:\\\/\\\/www.webdo.tn\\\/fr\\\/actualite\\\/sport\\\/roland-garros-2025-ons-jabeur-entame-sa-quete-face-a-magdalena-frech\\\/222132\\\/\"},\"author\":{\"name\":\"MC\",\"@id\":\"https:\\\/\\\/www.webdo.tn\\\/fr\\\/#\\\/schema\\\/person\\\/2c4929cbf5a809e3bd38617c6ce150f6\"},\"headline\":\"Roland-Garros 2025 : Ons Jabeur entame sa qu\u00eate face \u00e0 Magdalena Fr\u0119ch\",\"datePublished\":\"2025-05-22T15:24:00+00:00\",\"mainEntityOfPage\":{\"@id\":\"https:\\\/\\\/www.webdo.tn\\\/fr\\\/actualite\\\/sport\\\/roland-garros-2025-ons-jabeur-entame-sa-quete-face-a-magdalena-frech\\\/222132\\\/\"},\"wordCount\":355,\"commentCount\":0,\"publisher\":{\"@id\":\"https:\\\/\\\/www.webdo.tn\\\/fr\\\/#organization\"},\"image\":{\"@id\":\"https:\\\/\\\/www.webdo.tn\\\/fr\\\/actualite\\\/sport\\\/roland-garros-2025-ons-jabeur-entame-sa-quete-face-a-magdalena-frech\\\/222132\\\/#primaryimage\"},\"thumbnailUrl\":\"https:\\\/\\\/www.webdo.tn\\\/fr\\\/wp-content\\\/uploads\\\/2025\\\/05\\\/e0c1621ca5b167d26d3b9e8341094aab.webp\",\"keywords\":[\"Ons Jabeur\",\"roland garros\",\"tennis\",\"Tunisie\"],\"articleSection\":[\"Sport\"],\"inLanguage\":\"fr-FR\"},{\"@type\":\"WebPage\",\"@id\":\"https:\\\/\\\/www.webdo.tn\\\/fr\\\/actualite\\\/sport\\\/roland-garros-2025-ons-jabeur-entame-sa-quete-face-a-magdalena-frech\\\/222132\\\/\",\"url\":\"https:\\\/\\\/www.webdo.tn\\\/fr\\\/actualite\\\/sport\\\/roland-garros-2025-ons-jabeur-entame-sa-quete-face-a-magdalena-frech\\\/222132\\\/\",\"name\":\"Roland-Garros 2025 : Ons Jabeur entame sa qu\u00eate face \u00e0 Magdalena Fr\u0119ch\",\"isPartOf\":{\"@id\":\"https:\\\/\\\/www.webdo.tn\\\/fr\\\/#website\"},\"primaryImageOfPage\":{\"@id\":\"https:\\\/\\\/www.webdo.tn\\\/fr\\\/actualite\\\/sport\\\/roland-garros-2025-ons-jabeur-entame-sa-quete-face-a-magdalena-frech\\\/222132\\\/#primaryimage\"},\"image\":{\"@id\":\"https:\\\/\\\/www.webdo.tn\\\/fr\\\/actualite\\\/sport\\\/roland-garros-2025-ons-jabeur-entame-sa-quete-face-a-magdalena-frech\\\/222132\\\/#primaryimage\"},\"thumbnailUrl\":\"https:\\\/\\\/www.webdo.tn\\\/fr\\\/wp-content\\\/uploads\\\/2025\\\/05\\\/e0c1621ca5b167d26d3b9e8341094aab.webp\",\"datePublished\":\"2025-05-22T15:24:00+00:00\",\"description\":\"Roland-Garros 2025 : Ons Jabeur affrontera la Polonaise Magdalena Fr\u0119ch au premier tour. Une affiche \u00e9quilibr\u00e9e face \u00e0 une adversaire qu\u2019elle a d\u00e9j\u00e0 battue deux...\",\"breadcrumb\":{\"@id\":\"https:\\\/\\\/www.webdo.tn\\\/fr\\\/actualite\\\/sport\\\/roland-garros-2025-ons-jabeur-entame-sa-quete-face-a-magdalena-frech\\\/222132\\\/#breadcrumb\"},\"inLanguage\":\"fr-FR\",\"potentialAction\":[{\"@type\":\"ReadAction\",\"target\":[\"https:\\\/\\\/www.webdo.tn\\\/fr\\\/actualite\\\/sport\\\/roland-garros-2025-ons-jabeur-entame-sa-quete-face-a-magdalena-frech\\\/222132\\\/\"]}]},{\"@type\":\"ImageObject\",\"inLanguage\":\"fr-FR\",\"@id\":\"https:\\\/\\\/www.webdo.tn\\\/fr\\\/actualite\\\/sport\\\/roland-garros-2025-ons-jabeur-entame-sa-quete-face-a-magdalena-frech\\\/222132\\\/#primaryimage\",\"url\":\"https:\\\/\\\/www.webdo.tn\\\/fr\\\/wp-content\\\/uploads\\\/2025\\\/05\\\/e0c1621ca5b167d26d3b9e8341094aab.webp\",\"contentUrl\":\"https:\\\/\\\/www.webdo.tn\\\/fr\\\/wp-content\\\/uploads\\\/2025\\\/05\\\/e0c1621ca5b167d26d3b9e8341094aab.webp\",\"width\":750,\"height\":400,\"caption\":\"Roland-Garros 2025 : Ons Jabeur entame sa qu\u00eate face \u00e0 Magdalena Fr\u0119ch\"},{\"@type\":\"BreadcrumbList\",\"@id\":\"https:\\\/\\\/www.webdo.tn\\\/fr\\\/actualite\\\/sport\\\/roland-garros-2025-ons-jabeur-entame-sa-quete-face-a-magdalena-frech\\\/222132\\\/#breadcrumb\",\"itemListElement\":[{\"@type\":\"ListItem\",\"position\":1,\"name\":\"Accueil\",\"item\":\"https:\\\/\\\/www.webdo.tn\\\/fr\\\/\"},{\"@type\":\"ListItem\",\"position\":2,\"name\":\"Roland-Garros 2025 : Ons Jabeur entame sa qu\u00eate face \u00e0 Magdalena Fr\u0119ch\"}]},{\"@type\":\"WebSite\",\"@id\":\"https:\\\/\\\/www.webdo.tn\\\/fr\\\/#website\",\"url\":\"https:\\\/\\\/www.webdo.tn\\\/fr\\\/\",\"name\":\"webdo\",\"description\":\"Tunisie - News en Tunisie et \u00e0 l&#039;international sur Webdo.tn\",\"publisher\":{\"@id\":\"https:\\\/\\\/www.webdo.tn\\\/fr\\\/#organization\"},\"potentialAction\":[{\"@type\":\"SearchAction\",\"target\":{\"@type\":\"EntryPoint\",\"urlTemplate\":\"https:\\\/\\\/www.webdo.tn\\\/fr\\\/?s={search_term_string}\"},\"query-input\":{\"@type\":\"PropertyValueSpecification\",\"valueRequired\":true,\"valueName\":\"search_term_string\"}}],\"inLanguage\":\"fr-FR\"},{\"@type\":\"Organization\",\"@id\":\"https:\\\/\\\/www.webdo.tn\\\/fr\\\/#organization\",\"name\":\"Webdo\",\"alternateName\":\"Webdo.tn\",\"url\":\"https:\\\/\\\/www.webdo.tn\\\/fr\\\/\",\"logo\":{\"@type\":\"ImageObject\",\"inLanguage\":\"fr-FR\",\"@id\":\"https:\\\/\\\/www.webdo.tn\\\/fr\\\/#\\\/schema\\\/logo\\\/image\\\/\",\"url\":\"https:\\\/\\\/www.webdo.tn\\\/fr\\\/wp-content\\\/uploads\\\/2025\\\/06\\\/Webdo-Tunisie_168377.jpg\",\"contentUrl\":\"https:\\\/\\\/www.webdo.tn\\\/fr\\\/wp-content\\\/uploads\\\/2025\\\/06\\\/Webdo-Tunisie_168377.jpg\",\"width\":301,\"height\":301,\"caption\":\"Webdo\"},\"image\":{\"@id\":\"https:\\\/\\\/www.webdo.tn\\\/fr\\\/#\\\/schema\\\/logo\\\/image\\\/\"},\"sameAs\":[\"https:\\\/\\\/www.facebook.com\\\/webdotn\",\"https:\\\/\\\/x.com\\\/webdo_tn\"],\"description\":\"Webdo est un m\u00e9dia num\u00e9rique tunisien fond\u00e9 en 2010, sp\u00e9cialis\u00e9 dans l\u2019actualit\u00e9 nationale et internationale, l\u2019\u00e9conomie, la soci\u00e9t\u00e9 et les analyses politiques. Le site s\u2019adresse \u00e0 un large public francophone et couvre l\u2019information tunisienne en temps r\u00e9el.\",\"email\":\"redac@webdo.tn\",\"legalName\":\"YNJ SARL\",\"foundingDate\":\"2010-09-06\",\"numberOfEmployees\":{\"@type\":\"QuantitativeValue\",\"minValue\":\"11\",\"maxValue\":\"50\"}},{\"@type\":\"Person\",\"@id\":\"https:\\\/\\\/www.webdo.tn\\\/fr\\\/#\\\/schema\\\/person\\\/2c4929cbf5a809e3bd38617c6ce150f6\",\"name\":\"MC\",\"image\":{\"@type\":\"ImageObject\",\"inLanguage\":\"fr-FR\",\"@id\":\"https:\\\/\\\/secure.gravatar.com\\\/avatar\\\/a545bbb6f84efdd5553dbbc2895e3ca8f1d12c5215e00a041c9670b54aa9b18a?s=96&d=mm&r=g\",\"url\":\"https:\\\/\\\/secure.gravatar.com\\\/avatar\\\/a545bbb6f84efdd5553dbbc2895e3ca8f1d12c5215e00a041c9670b54aa9b18a?s=96&d=mm&r=g\",\"contentUrl\":\"https:\\\/\\\/secure.gravatar.com\\\/avatar\\\/a545bbb6f84efdd5553dbbc2895e3ca8f1d12c5215e00a041c9670b54aa9b18a?s=96&d=mm&r=g\",\"caption\":\"MC\"},\"url\":\"https:\\\/\\\/www.webdo.tn\\\/fr\\\/actualite\\\/author\\\/mc\\\/\"}]}<\/script>\n<!-- \/ Yoast SEO Premium plugin. -->","yoast_head_json":{"title":"Roland-Garros 2025 : Ons Jabeur entame sa qu\u00eate face \u00e0 Magdalena Fr\u0119ch","description":"Roland-Garros 2025 : Ons Jabeur affrontera la Polonaise Magdalena Fr\u0119ch au premier tour. Une affiche \u00e9quilibr\u00e9e face \u00e0 une adversaire qu\u2019elle a d\u00e9j\u00e0 battue deux...","canonical":"https:\/\/www.webdo.tn\/fr\/actualite\/sport\/roland-garros-2025-ons-jabeur-entame-sa-quete-face-a-magdalena-frech\/222132\/","og_locale":"fr_FR","og_type":"article","og_title":"Roland-Garros 2025 : Ons Jabeur entame sa qu\u00eate face \u00e0 Magdalena Fr\u0119ch","og_description":"Roland-Garros 2025 : Ons Jabeur affrontera la Polonaise Magdalena Fr\u0119ch au premier tour. Une affiche \u00e9quilibr\u00e9e face \u00e0 une adversaire qu\u2019elle a d\u00e9j\u00e0 battue deux...","og_url":"https:\/\/www.webdo.tn\/fr\/actualite\/sport\/roland-garros-2025-ons-jabeur-entame-sa-quete-face-a-magdalena-frech\/222132\/","og_site_name":"webdo","article_publisher":"https:\/\/www.facebook.com\/webdotn","article_published_time":"2025-05-22T15:24:00+00:00","og_image":[{"width":750,"height":400,"url":"https:\/\/www.webdo.tn\/fr\/wp-content\/uploads\/2025\/05\/e0c1621ca5b167d26d3b9e8341094aab.webp","type":"image\/webp"}],"author":"MC","twitter_card":"summary_large_image","twitter_creator":"@webdo_tn","twitter_site":"@webdo_tn","twitter_misc":{"\u00c9crit par":"MC","Dur\u00e9e de lecture estim\u00e9e":"2 minutes"},"schema":{"@context":"https:\/\/schema.org","@graph":[{"@type":"NewsArticle","@id":"https:\/\/www.webdo.tn\/fr\/actualite\/sport\/roland-garros-2025-ons-jabeur-entame-sa-quete-face-a-magdalena-frech\/222132\/#article","isPartOf":{"@id":"https:\/\/www.webdo.tn\/fr\/actualite\/sport\/roland-garros-2025-ons-jabeur-entame-sa-quete-face-a-magdalena-frech\/222132\/"},"author":{"name":"MC","@id":"https:\/\/www.webdo.tn\/fr\/#\/schema\/person\/2c4929cbf5a809e3bd38617c6ce150f6"},"headline":"Roland-Garros 2025 : Ons Jabeur entame sa qu\u00eate face \u00e0 Magdalena Fr\u0119ch","datePublished":"2025-05-22T15:24:00+00:00","mainEntityOfPage":{"@id":"https:\/\/www.webdo.tn\/fr\/actualite\/sport\/roland-garros-2025-ons-jabeur-entame-sa-quete-face-a-magdalena-frech\/222132\/"},"wordCount":355,"commentCount":0,"publisher":{"@id":"https:\/\/www.webdo.tn\/fr\/#organization"},"image":{"@id":"https:\/\/www.webdo.tn\/fr\/actualite\/sport\/roland-garros-2025-ons-jabeur-entame-sa-quete-face-a-magdalena-frech\/222132\/#primaryimage"},"thumbnailUrl":"https:\/\/www.webdo.tn\/fr\/wp-content\/uploads\/2025\/05\/e0c1621ca5b167d26d3b9e8341094aab.webp","keywords":["Ons Jabeur","roland garros","tennis","Tunisie"],"articleSection":["Sport"],"inLanguage":"fr-FR"},{"@type":"WebPage","@id":"https:\/\/www.webdo.tn\/fr\/actualite\/sport\/roland-garros-2025-ons-jabeur-entame-sa-quete-face-a-magdalena-frech\/222132\/","url":"https:\/\/www.webdo.tn\/fr\/actualite\/sport\/roland-garros-2025-ons-jabeur-entame-sa-quete-face-a-magdalena-frech\/222132\/","name":"Roland-Garros 2025 : Ons Jabeur entame sa qu\u00eate face \u00e0 Magdalena Fr\u0119ch","isPartOf":{"@id":"https:\/\/www.webdo.tn\/fr\/#website"},"primaryImageOfPage":{"@id":"https:\/\/www.webdo.tn\/fr\/actualite\/sport\/roland-garros-2025-ons-jabeur-entame-sa-quete-face-a-magdalena-frech\/222132\/#primaryimage"},"image":{"@id":"https:\/\/www.webdo.tn\/fr\/actualite\/sport\/roland-garros-2025-ons-jabeur-entame-sa-quete-face-a-magdalena-frech\/222132\/#primaryimage"},"thumbnailUrl":"https:\/\/www.webdo.tn\/fr\/wp-content\/uploads\/2025\/05\/e0c1621ca5b167d26d3b9e8341094aab.webp","datePublished":"2025-05-22T15:24:00+00:00","description":"Roland-Garros 2025 : Ons Jabeur affrontera la Polonaise Magdalena Fr\u0119ch au premier tour. Une affiche \u00e9quilibr\u00e9e face \u00e0 une adversaire qu\u2019elle a d\u00e9j\u00e0 battue deux...","breadcrumb":{"@id":"https:\/\/www.webdo.tn\/fr\/actualite\/sport\/roland-garros-2025-ons-jabeur-entame-sa-quete-face-a-magdalena-frech\/222132\/#breadcrumb"},"inLanguage":"fr-FR","potentialAction":[{"@type":"ReadAction","target":["https:\/\/www.webdo.tn\/fr\/actualite\/sport\/roland-garros-2025-ons-jabeur-entame-sa-quete-face-a-magdalena-frech\/222132\/"]}]},{"@type":"ImageObject","inLanguage":"fr-FR","@id":"https:\/\/www.webdo.tn\/fr\/actualite\/sport\/roland-garros-2025-ons-jabeur-entame-sa-quete-face-a-magdalena-frech\/222132\/#primaryimage","url":"https:\/\/www.webdo.tn\/fr\/wp-content\/uploads\/2025\/05\/e0c1621ca5b167d26d3b9e8341094aab.webp","contentUrl":"https:\/\/www.webdo.tn\/fr\/wp-content\/uploads\/2025\/05\/e0c1621ca5b167d26d3b9e8341094aab.webp","width":750,"height":400,"caption":"Roland-Garros 2025 : Ons Jabeur entame sa qu\u00eate face \u00e0 Magdalena Fr\u0119ch"},{"@type":"BreadcrumbList","@id":"https:\/\/www.webdo.tn\/fr\/actualite\/sport\/roland-garros-2025-ons-jabeur-entame-sa-quete-face-a-magdalena-frech\/222132\/#breadcrumb","itemListElement":[{"@type":"ListItem","position":1,"name":"Accueil","item":"https:\/\/www.webdo.tn\/fr\/"},{"@type":"ListItem","position":2,"name":"Roland-Garros 2025 : Ons Jabeur entame sa qu\u00eate face \u00e0 Magdalena Fr\u0119ch"}]},{"@type":"WebSite","@id":"https:\/\/www.webdo.tn\/fr\/#website","url":"https:\/\/www.webdo.tn\/fr\/","name":"webdo","description":"Tunisie - News en Tunisie et \u00e0 l&#039;international sur Webdo.tn","publisher":{"@id":"https:\/\/www.webdo.tn\/fr\/#organization"},"potentialAction":[{"@type":"SearchAction","target":{"@type":"EntryPoint","urlTemplate":"https:\/\/www.webdo.tn\/fr\/?s={search_term_string}"},"query-input":{"@type":"PropertyValueSpecification","valueRequired":true,"valueName":"search_term_string"}}],"inLanguage":"fr-FR"},{"@type":"Organization","@id":"https:\/\/www.webdo.tn\/fr\/#organization","name":"Webdo","alternateName":"Webdo.tn","url":"https:\/\/www.webdo.tn\/fr\/","logo":{"@type":"ImageObject","inLanguage":"fr-FR","@id":"https:\/\/www.webdo.tn\/fr\/#\/schema\/logo\/image\/","url":"https:\/\/www.webdo.tn\/fr\/wp-content\/uploads\/2025\/06\/Webdo-Tunisie_168377.jpg","contentUrl":"https:\/\/www.webdo.tn\/fr\/wp-content\/uploads\/2025\/06\/Webdo-Tunisie_168377.jpg","width":301,"height":301,"caption":"Webdo"},"image":{"@id":"https:\/\/www.webdo.tn\/fr\/#\/schema\/logo\/image\/"},"sameAs":["https:\/\/www.facebook.com\/webdotn","https:\/\/x.com\/webdo_tn"],"description":"Webdo est un m\u00e9dia num\u00e9rique tunisien fond\u00e9 en 2010, sp\u00e9cialis\u00e9 dans l\u2019actualit\u00e9 nationale et internationale, l\u2019\u00e9conomie, la soci\u00e9t\u00e9 et les analyses politiques. Le site s\u2019adresse \u00e0 un large public francophone et couvre l\u2019information tunisienne en temps r\u00e9el.","email":"redac@webdo.tn","legalName":"YNJ SARL","foundingDate":"2010-09-06","numberOfEmployees":{"@type":"QuantitativeValue","minValue":"11","maxValue":"50"}},{"@type":"Person","@id":"https:\/\/www.webdo.tn\/fr\/#\/schema\/person\/2c4929cbf5a809e3bd38617c6ce150f6","name":"MC","image":{"@type":"ImageObject","inLanguage":"fr-FR","@id":"https:\/\/secure.gravatar.com\/avatar\/a545bbb6f84efdd5553dbbc2895e3ca8f1d12c5215e00a041c9670b54aa9b18a?s=96&d=mm&r=g","url":"https:\/\/secure.gravatar.com\/avatar\/a545bbb6f84efdd5553dbbc2895e3ca8f1d12c5215e00a041c9670b54aa9b18a?s=96&d=mm&r=g","contentUrl":"https:\/\/secure.gravatar.com\/avatar\/a545bbb6f84efdd5553dbbc2895e3ca8f1d12c5215e00a041c9670b54aa9b18a?s=96&d=mm&r=g","caption":"MC"},"url":"https:\/\/www.webdo.tn\/fr\/actualite\/author\/mc\/"}]}},"_links":{"self":[{"href":"https:\/\/www.webdo.tn\/fr\/wp-json\/wp\/v2\/posts\/222132","targetHints":{"allow":["GET"]}}],"collection":[{"href":"https:\/\/www.webdo.tn\/fr\/wp-json\/wp\/v2\/posts"}],"about":[{"href":"https:\/\/www.webdo.tn\/fr\/wp-json\/wp\/v2\/types\/post"}],"author":[{"embeddable":true,"href":"https:\/\/www.webdo.tn\/fr\/wp-json\/wp\/v2\/users\/3162"}],"replies":[{"embeddable":true,"href":"https:\/\/www.webdo.tn\/fr\/wp-json\/wp\/v2\/comments?post=222132"}],"version-history":[{"count":0,"href":"https:\/\/www.webdo.tn\/fr\/wp-json\/wp\/v2\/posts\/222132\/revisions"}],"wp:featuredmedia":[{"embeddable":true,"href":"https:\/\/www.webdo.tn\/fr\/wp-json\/wp\/v2\/media\/366062"}],"wp:attachment":[{"href":"https:\/\/www.webdo.tn\/fr\/wp-json\/wp\/v2\/media?parent=222132"}],"wp:term":[{"taxonomy":"category","embeddable":true,"href":"https:\/\/www.webdo.tn\/fr\/wp-json\/wp\/v2\/categories?post=222132"},{"taxonomy":"post_tag","embeddable":true,"href":"https:\/\/www.webdo.tn\/fr\/wp-json\/wp\/v2\/tags?post=222132"}],"curies":[{"name":"wp","href":"https:\/\/api.w.org\/{rel}","templated":true}]}}