{"id":222120,"date":"2025-05-22T09:03:00","date_gmt":"2025-05-22T09:03:00","guid":{"rendered":"https:\/\/www.webdo.tn\/fr\/actualite\/blog\/natation-ahmed-jaouadi-signe-un-retour-eclatant-a-barcelone\/222120\/"},"modified":"2025-05-22T09:03:00","modified_gmt":"2025-05-22T09:03:00","slug":"natation-ahmed-jaouadi-signe-un-retour-eclatant-a-barcelone","status":"publish","type":"post","link":"https:\/\/www.webdo.tn\/fr\/actualite\/sport\/natation-ahmed-jaouadi-signe-un-retour-eclatant-a-barcelone\/222120\/","title":{"rendered":"Natation : Ahmed Jaouadi signe un retour \u00e9clatant \u00e0 Barcelone"},"content":{"rendered":"<p>Le nageur tunisien Ahmed Jaouadi, \u00e2g\u00e9 de 19 ans, a marqu\u00e9 un retour remarqu\u00e9 sur la sc\u00e8ne internationale en d\u00e9crochant la m\u00e9daille d&rsquo;argent au 800 m\u00e8tres nage libre lors de l&rsquo;\u00e9tape barcelonaise du circuit Mare Nostrum, avec un temps de 7:46.37. Il a termin\u00e9 \u00e0 seulement une seconde du vainqueur, l&rsquo;Irlandais Daniel Wiffen, confirmant ainsi sa mont\u00e9e en puissance dans les \u00e9preuves de fond.<\/p>\n<p> Malgr\u00e9 son jeune \u00e2ge, Jaouadi s&rsquo;est d\u00e9j\u00e0 illustr\u00e9 \u00e0 plusieurs reprises sur la sc\u00e8ne internationale. Lors des Championnats du monde en petit bassin \u00e0 Budapest en d\u00e9cembre 2024, il a remport\u00e9 la m\u00e9daille d&rsquo;or sur 1500 m nage libre avec un temps de 14:16.40, devenant ainsi le plus jeune champion du monde tunisien de l&rsquo;histoire.<\/p>\n<p>Il a \u00e9galement d\u00e9croch\u00e9 le bronze sur 800 m nage libre avec un temps de 7:31.93, \u00e9tablissant un nouveau record d&rsquo;Afrique.<\/p>\n<p>Aux Jeux olympiques de Paris 2024, Jaouadi a termin\u00e9 4e en finale du 800 m nage libre, manquant de peu le podium dans une course tr\u00e8s relev\u00e9e. Il a \u00e9galement particip\u00e9 \u00e0 la finale du 1500 m nage libre, o\u00f9 il a termin\u00e9 7e avec un temps de 14:43.35, consolidant sa position parmi les meilleurs nageurs de fond au niveau mondial.<\/p>\n<p>Depuis ses d\u00e9buts prometteurs en 2021, o\u00f9 il a remport\u00e9 plusieurs m\u00e9dailles aux Championnats arabes en petit bassin \u00e0 Abou Dabi, Jaouadi n&rsquo;a cess\u00e9 de progresser. En 2022, il a brill\u00e9 aux Championnats d&rsquo;Afrique \u00e0 Tunis, remportant l&rsquo;or sur 400 m et 1500 m nage libre, l&rsquo;argent sur 800 m nage libre et 4\u00d7200 m nage libre, ainsi que le bronze sur 200 m nage libre.<\/p>\n<p>En 2023, il a continu\u00e9 sur sa lanc\u00e9e en d\u00e9crochant des podiums aux Championnats de France juniors, confirmant son statut de grand espoir de la natation tunisienne.<\/p>\n<p>Pour couronner son ann\u00e9e exceptionnelle, Ahmed Jaouadi a \u00e9t\u00e9 nomm\u00e9 \u00ab\u00a0Nageur africain de l&rsquo;ann\u00e9e 2024\u00a0\u00bb par Swimming World Magazine, une distinction qui souligne son ascension fulgurante et son impact sur la natation africaine.<\/p>\n<p>Avec sa m\u00e9daille d&rsquo;argent au Mare Nostrum de Barcelone, Jaouadi d\u00e9montre qu&rsquo;il est en pleine forme et pr\u00eat \u00e0 relever de nouveaux d\u00e9fis. Il est attendu sur le 400 m nage libre, une \u00e9preuve o\u00f9 il a d\u00e9j\u00e0 brill\u00e9 par le pass\u00e9.<\/p>\n","protected":false},"excerpt":{"rendered":"<p>Le nageur tunisien Ahmed Jaouadi d\u00e9croche l&rsquo;argent au 800 m nage libre au Mare Nostrum de Barcelone, confirmant son retour au plus haut niveau apr\u00e8s ses perform&#8230;<\/p>\n","protected":false},"author":3162,"featured_media":366161,"comment_status":"open","ping_status":"closed","sticky":false,"template":"","format":"standard","meta":{"footnotes":""},"categories":[2593],"tags":[3253,7599,11747,3252],"class_list":["post-222120","post","type-post","status-publish","format-standard","has-post-thumbnail","hentry","category-sport","tag-ahmed-jaouadi","tag-barcelone","tag-mare-nostrum","tag-natation"],"yoast_head":"<!-- This site is optimized with the Yoast SEO Premium plugin v27.5 (Yoast SEO v27.5) - https:\/\/yoast.com\/product\/yoast-seo-premium-wordpress\/ -->\n<title>Natation : Ahmed Jaouadi signe un retour \u00e9clatant \u00e0 Barcelone<\/title>\n<meta name=\"description\" content=\"Le nageur tunisien Ahmed Jaouadi d\u00e9croche l&#039;argent au 800 m nage libre au Mare Nostrum de Barcelone, confirmant son retour au plus haut niveau apr\u00e8s ses perform...\" \/>\n<link rel=\"canonical\" href=\"https:\/\/www.webdo.tn\/fr\/actualite\/sport\/natation-ahmed-jaouadi-signe-un-retour-eclatant-a-barcelone\/222120\/\" \/>\n<meta property=\"og:locale\" content=\"fr_FR\" \/>\n<meta property=\"og:type\" content=\"article\" \/>\n<meta property=\"og:title\" content=\"Natation : Ahmed Jaouadi signe un retour \u00e9clatant \u00e0 Barcelone\" \/>\n<meta property=\"og:description\" content=\"Le nageur tunisien Ahmed Jaouadi d\u00e9croche l&#039;argent au 800 m nage libre au Mare Nostrum de Barcelone, confirmant son retour au plus haut niveau apr\u00e8s ses perform...\" \/>\n<meta property=\"og:url\" content=\"https:\/\/www.webdo.tn\/fr\/actualite\/sport\/natation-ahmed-jaouadi-signe-un-retour-eclatant-a-barcelone\/222120\/\" \/>\n<meta property=\"og:site_name\" content=\"webdo\" \/>\n<meta property=\"article:publisher\" content=\"https:\/\/www.facebook.com\/webdotn\" \/>\n<meta property=\"article:published_time\" content=\"2025-05-22T09:03:00+00:00\" \/>\n<meta property=\"og:image\" content=\"https:\/\/www.webdo.tn\/fr\/wp-content\/uploads\/2025\/05\/d4d4cbd8b38dbb70a17330392a740746.webp\" \/>\n\t<meta property=\"og:image:width\" content=\"750\" \/>\n\t<meta property=\"og:image:height\" content=\"400\" \/>\n\t<meta property=\"og:image:type\" content=\"image\/webp\" \/>\n<meta name=\"author\" content=\"MC\" \/>\n<meta name=\"twitter:card\" content=\"summary_large_image\" \/>\n<meta name=\"twitter:creator\" content=\"@webdo_tn\" \/>\n<meta name=\"twitter:site\" content=\"@webdo_tn\" \/>\n<meta name=\"twitter:label1\" content=\"\u00c9crit par\" \/>\n\t<meta name=\"twitter:data1\" content=\"MC\" \/>\n\t<meta name=\"twitter:label2\" content=\"Dur\u00e9e de lecture estim\u00e9e\" \/>\n\t<meta name=\"twitter:data2\" content=\"2 minutes\" \/>\n<script type=\"application\/ld+json\" class=\"yoast-schema-graph\">{\"@context\":\"https:\\\/\\\/schema.org\",\"@graph\":[{\"@type\":\"NewsArticle\",\"@id\":\"https:\\\/\\\/www.webdo.tn\\\/fr\\\/actualite\\\/sport\\\/natation-ahmed-jaouadi-signe-un-retour-eclatant-a-barcelone\\\/222120\\\/#article\",\"isPartOf\":{\"@id\":\"https:\\\/\\\/www.webdo.tn\\\/fr\\\/actualite\\\/sport\\\/natation-ahmed-jaouadi-signe-un-retour-eclatant-a-barcelone\\\/222120\\\/\"},\"author\":{\"name\":\"MC\",\"@id\":\"https:\\\/\\\/www.webdo.tn\\\/fr\\\/#\\\/schema\\\/person\\\/2c4929cbf5a809e3bd38617c6ce150f6\"},\"headline\":\"Natation : Ahmed Jaouadi signe un retour \u00e9clatant \u00e0 Barcelone\",\"datePublished\":\"2025-05-22T09:03:00+00:00\",\"mainEntityOfPage\":{\"@id\":\"https:\\\/\\\/www.webdo.tn\\\/fr\\\/actualite\\\/sport\\\/natation-ahmed-jaouadi-signe-un-retour-eclatant-a-barcelone\\\/222120\\\/\"},\"wordCount\":385,\"commentCount\":0,\"publisher\":{\"@id\":\"https:\\\/\\\/www.webdo.tn\\\/fr\\\/#organization\"},\"image\":{\"@id\":\"https:\\\/\\\/www.webdo.tn\\\/fr\\\/actualite\\\/sport\\\/natation-ahmed-jaouadi-signe-un-retour-eclatant-a-barcelone\\\/222120\\\/#primaryimage\"},\"thumbnailUrl\":\"https:\\\/\\\/www.webdo.tn\\\/fr\\\/wp-content\\\/uploads\\\/2025\\\/05\\\/d4d4cbd8b38dbb70a17330392a740746.webp\",\"keywords\":[\"Ahmed Jaouadi\",\"barcelone\",\"Mare Nostrum\",\"natation\"],\"articleSection\":[\"Sport\"],\"inLanguage\":\"fr-FR\"},{\"@type\":\"WebPage\",\"@id\":\"https:\\\/\\\/www.webdo.tn\\\/fr\\\/actualite\\\/sport\\\/natation-ahmed-jaouadi-signe-un-retour-eclatant-a-barcelone\\\/222120\\\/\",\"url\":\"https:\\\/\\\/www.webdo.tn\\\/fr\\\/actualite\\\/sport\\\/natation-ahmed-jaouadi-signe-un-retour-eclatant-a-barcelone\\\/222120\\\/\",\"name\":\"Natation : Ahmed Jaouadi signe un retour \u00e9clatant \u00e0 Barcelone\",\"isPartOf\":{\"@id\":\"https:\\\/\\\/www.webdo.tn\\\/fr\\\/#website\"},\"primaryImageOfPage\":{\"@id\":\"https:\\\/\\\/www.webdo.tn\\\/fr\\\/actualite\\\/sport\\\/natation-ahmed-jaouadi-signe-un-retour-eclatant-a-barcelone\\\/222120\\\/#primaryimage\"},\"image\":{\"@id\":\"https:\\\/\\\/www.webdo.tn\\\/fr\\\/actualite\\\/sport\\\/natation-ahmed-jaouadi-signe-un-retour-eclatant-a-barcelone\\\/222120\\\/#primaryimage\"},\"thumbnailUrl\":\"https:\\\/\\\/www.webdo.tn\\\/fr\\\/wp-content\\\/uploads\\\/2025\\\/05\\\/d4d4cbd8b38dbb70a17330392a740746.webp\",\"datePublished\":\"2025-05-22T09:03:00+00:00\",\"description\":\"Le nageur tunisien Ahmed Jaouadi d\u00e9croche l'argent au 800 m nage libre au Mare Nostrum de Barcelone, confirmant son retour au plus haut niveau apr\u00e8s ses perform...\",\"breadcrumb\":{\"@id\":\"https:\\\/\\\/www.webdo.tn\\\/fr\\\/actualite\\\/sport\\\/natation-ahmed-jaouadi-signe-un-retour-eclatant-a-barcelone\\\/222120\\\/#breadcrumb\"},\"inLanguage\":\"fr-FR\",\"potentialAction\":[{\"@type\":\"ReadAction\",\"target\":[\"https:\\\/\\\/www.webdo.tn\\\/fr\\\/actualite\\\/sport\\\/natation-ahmed-jaouadi-signe-un-retour-eclatant-a-barcelone\\\/222120\\\/\"]}]},{\"@type\":\"ImageObject\",\"inLanguage\":\"fr-FR\",\"@id\":\"https:\\\/\\\/www.webdo.tn\\\/fr\\\/actualite\\\/sport\\\/natation-ahmed-jaouadi-signe-un-retour-eclatant-a-barcelone\\\/222120\\\/#primaryimage\",\"url\":\"https:\\\/\\\/www.webdo.tn\\\/fr\\\/wp-content\\\/uploads\\\/2025\\\/05\\\/d4d4cbd8b38dbb70a17330392a740746.webp\",\"contentUrl\":\"https:\\\/\\\/www.webdo.tn\\\/fr\\\/wp-content\\\/uploads\\\/2025\\\/05\\\/d4d4cbd8b38dbb70a17330392a740746.webp\",\"width\":750,\"height\":400,\"caption\":\"Natation : Ahmed Jaouadi signe un retour \u00e9clatant \u00e0 Barcelone\"},{\"@type\":\"BreadcrumbList\",\"@id\":\"https:\\\/\\\/www.webdo.tn\\\/fr\\\/actualite\\\/sport\\\/natation-ahmed-jaouadi-signe-un-retour-eclatant-a-barcelone\\\/222120\\\/#breadcrumb\",\"itemListElement\":[{\"@type\":\"ListItem\",\"position\":1,\"name\":\"Accueil\",\"item\":\"https:\\\/\\\/www.webdo.tn\\\/fr\\\/\"},{\"@type\":\"ListItem\",\"position\":2,\"name\":\"Natation : Ahmed Jaouadi signe un retour \u00e9clatant \u00e0 Barcelone\"}]},{\"@type\":\"WebSite\",\"@id\":\"https:\\\/\\\/www.webdo.tn\\\/fr\\\/#website\",\"url\":\"https:\\\/\\\/www.webdo.tn\\\/fr\\\/\",\"name\":\"webdo\",\"description\":\"Tunisie - News en Tunisie et \u00e0 l&#039;international sur Webdo.tn\",\"publisher\":{\"@id\":\"https:\\\/\\\/www.webdo.tn\\\/fr\\\/#organization\"},\"potentialAction\":[{\"@type\":\"SearchAction\",\"target\":{\"@type\":\"EntryPoint\",\"urlTemplate\":\"https:\\\/\\\/www.webdo.tn\\\/fr\\\/?s={search_term_string}\"},\"query-input\":{\"@type\":\"PropertyValueSpecification\",\"valueRequired\":true,\"valueName\":\"search_term_string\"}}],\"inLanguage\":\"fr-FR\"},{\"@type\":\"Organization\",\"@id\":\"https:\\\/\\\/www.webdo.tn\\\/fr\\\/#organization\",\"name\":\"Webdo\",\"alternateName\":\"Webdo.tn\",\"url\":\"https:\\\/\\\/www.webdo.tn\\\/fr\\\/\",\"logo\":{\"@type\":\"ImageObject\",\"inLanguage\":\"fr-FR\",\"@id\":\"https:\\\/\\\/www.webdo.tn\\\/fr\\\/#\\\/schema\\\/logo\\\/image\\\/\",\"url\":\"https:\\\/\\\/www.webdo.tn\\\/fr\\\/wp-content\\\/uploads\\\/2025\\\/06\\\/Webdo-Tunisie_168377.jpg\",\"contentUrl\":\"https:\\\/\\\/www.webdo.tn\\\/fr\\\/wp-content\\\/uploads\\\/2025\\\/06\\\/Webdo-Tunisie_168377.jpg\",\"width\":301,\"height\":301,\"caption\":\"Webdo\"},\"image\":{\"@id\":\"https:\\\/\\\/www.webdo.tn\\\/fr\\\/#\\\/schema\\\/logo\\\/image\\\/\"},\"sameAs\":[\"https:\\\/\\\/www.facebook.com\\\/webdotn\",\"https:\\\/\\\/x.com\\\/webdo_tn\"],\"description\":\"Webdo est un m\u00e9dia num\u00e9rique tunisien fond\u00e9 en 2010, sp\u00e9cialis\u00e9 dans l\u2019actualit\u00e9 nationale et internationale, l\u2019\u00e9conomie, la soci\u00e9t\u00e9 et les analyses politiques. Le site s\u2019adresse \u00e0 un large public francophone et couvre l\u2019information tunisienne en temps r\u00e9el.\",\"email\":\"redac@webdo.tn\",\"legalName\":\"YNJ SARL\",\"foundingDate\":\"2010-09-06\",\"numberOfEmployees\":{\"@type\":\"QuantitativeValue\",\"minValue\":\"11\",\"maxValue\":\"50\"}},{\"@type\":\"Person\",\"@id\":\"https:\\\/\\\/www.webdo.tn\\\/fr\\\/#\\\/schema\\\/person\\\/2c4929cbf5a809e3bd38617c6ce150f6\",\"name\":\"MC\",\"image\":{\"@type\":\"ImageObject\",\"inLanguage\":\"fr-FR\",\"@id\":\"https:\\\/\\\/secure.gravatar.com\\\/avatar\\\/a545bbb6f84efdd5553dbbc2895e3ca8f1d12c5215e00a041c9670b54aa9b18a?s=96&d=mm&r=g\",\"url\":\"https:\\\/\\\/secure.gravatar.com\\\/avatar\\\/a545bbb6f84efdd5553dbbc2895e3ca8f1d12c5215e00a041c9670b54aa9b18a?s=96&d=mm&r=g\",\"contentUrl\":\"https:\\\/\\\/secure.gravatar.com\\\/avatar\\\/a545bbb6f84efdd5553dbbc2895e3ca8f1d12c5215e00a041c9670b54aa9b18a?s=96&d=mm&r=g\",\"caption\":\"MC\"},\"url\":\"https:\\\/\\\/www.webdo.tn\\\/fr\\\/actualite\\\/author\\\/mc\\\/\"}]}<\/script>\n<!-- \/ Yoast SEO Premium plugin. -->","yoast_head_json":{"title":"Natation : Ahmed Jaouadi signe un retour \u00e9clatant \u00e0 Barcelone","description":"Le nageur tunisien Ahmed Jaouadi d\u00e9croche l'argent au 800 m nage libre au Mare Nostrum de Barcelone, confirmant son retour au plus haut niveau apr\u00e8s ses perform...","canonical":"https:\/\/www.webdo.tn\/fr\/actualite\/sport\/natation-ahmed-jaouadi-signe-un-retour-eclatant-a-barcelone\/222120\/","og_locale":"fr_FR","og_type":"article","og_title":"Natation : Ahmed Jaouadi signe un retour \u00e9clatant \u00e0 Barcelone","og_description":"Le nageur tunisien Ahmed Jaouadi d\u00e9croche l'argent au 800 m nage libre au Mare Nostrum de Barcelone, confirmant son retour au plus haut niveau apr\u00e8s ses perform...","og_url":"https:\/\/www.webdo.tn\/fr\/actualite\/sport\/natation-ahmed-jaouadi-signe-un-retour-eclatant-a-barcelone\/222120\/","og_site_name":"webdo","article_publisher":"https:\/\/www.facebook.com\/webdotn","article_published_time":"2025-05-22T09:03:00+00:00","og_image":[{"width":750,"height":400,"url":"https:\/\/www.webdo.tn\/fr\/wp-content\/uploads\/2025\/05\/d4d4cbd8b38dbb70a17330392a740746.webp","type":"image\/webp"}],"author":"MC","twitter_card":"summary_large_image","twitter_creator":"@webdo_tn","twitter_site":"@webdo_tn","twitter_misc":{"\u00c9crit par":"MC","Dur\u00e9e de lecture estim\u00e9e":"2 minutes"},"schema":{"@context":"https:\/\/schema.org","@graph":[{"@type":"NewsArticle","@id":"https:\/\/www.webdo.tn\/fr\/actualite\/sport\/natation-ahmed-jaouadi-signe-un-retour-eclatant-a-barcelone\/222120\/#article","isPartOf":{"@id":"https:\/\/www.webdo.tn\/fr\/actualite\/sport\/natation-ahmed-jaouadi-signe-un-retour-eclatant-a-barcelone\/222120\/"},"author":{"name":"MC","@id":"https:\/\/www.webdo.tn\/fr\/#\/schema\/person\/2c4929cbf5a809e3bd38617c6ce150f6"},"headline":"Natation : Ahmed Jaouadi signe un retour \u00e9clatant \u00e0 Barcelone","datePublished":"2025-05-22T09:03:00+00:00","mainEntityOfPage":{"@id":"https:\/\/www.webdo.tn\/fr\/actualite\/sport\/natation-ahmed-jaouadi-signe-un-retour-eclatant-a-barcelone\/222120\/"},"wordCount":385,"commentCount":0,"publisher":{"@id":"https:\/\/www.webdo.tn\/fr\/#organization"},"image":{"@id":"https:\/\/www.webdo.tn\/fr\/actualite\/sport\/natation-ahmed-jaouadi-signe-un-retour-eclatant-a-barcelone\/222120\/#primaryimage"},"thumbnailUrl":"https:\/\/www.webdo.tn\/fr\/wp-content\/uploads\/2025\/05\/d4d4cbd8b38dbb70a17330392a740746.webp","keywords":["Ahmed Jaouadi","barcelone","Mare Nostrum","natation"],"articleSection":["Sport"],"inLanguage":"fr-FR"},{"@type":"WebPage","@id":"https:\/\/www.webdo.tn\/fr\/actualite\/sport\/natation-ahmed-jaouadi-signe-un-retour-eclatant-a-barcelone\/222120\/","url":"https:\/\/www.webdo.tn\/fr\/actualite\/sport\/natation-ahmed-jaouadi-signe-un-retour-eclatant-a-barcelone\/222120\/","name":"Natation : Ahmed Jaouadi signe un retour \u00e9clatant \u00e0 Barcelone","isPartOf":{"@id":"https:\/\/www.webdo.tn\/fr\/#website"},"primaryImageOfPage":{"@id":"https:\/\/www.webdo.tn\/fr\/actualite\/sport\/natation-ahmed-jaouadi-signe-un-retour-eclatant-a-barcelone\/222120\/#primaryimage"},"image":{"@id":"https:\/\/www.webdo.tn\/fr\/actualite\/sport\/natation-ahmed-jaouadi-signe-un-retour-eclatant-a-barcelone\/222120\/#primaryimage"},"thumbnailUrl":"https:\/\/www.webdo.tn\/fr\/wp-content\/uploads\/2025\/05\/d4d4cbd8b38dbb70a17330392a740746.webp","datePublished":"2025-05-22T09:03:00+00:00","description":"Le nageur tunisien Ahmed Jaouadi d\u00e9croche l'argent au 800 m nage libre au Mare Nostrum de Barcelone, confirmant son retour au plus haut niveau apr\u00e8s ses perform...","breadcrumb":{"@id":"https:\/\/www.webdo.tn\/fr\/actualite\/sport\/natation-ahmed-jaouadi-signe-un-retour-eclatant-a-barcelone\/222120\/#breadcrumb"},"inLanguage":"fr-FR","potentialAction":[{"@type":"ReadAction","target":["https:\/\/www.webdo.tn\/fr\/actualite\/sport\/natation-ahmed-jaouadi-signe-un-retour-eclatant-a-barcelone\/222120\/"]}]},{"@type":"ImageObject","inLanguage":"fr-FR","@id":"https:\/\/www.webdo.tn\/fr\/actualite\/sport\/natation-ahmed-jaouadi-signe-un-retour-eclatant-a-barcelone\/222120\/#primaryimage","url":"https:\/\/www.webdo.tn\/fr\/wp-content\/uploads\/2025\/05\/d4d4cbd8b38dbb70a17330392a740746.webp","contentUrl":"https:\/\/www.webdo.tn\/fr\/wp-content\/uploads\/2025\/05\/d4d4cbd8b38dbb70a17330392a740746.webp","width":750,"height":400,"caption":"Natation : Ahmed Jaouadi signe un retour \u00e9clatant \u00e0 Barcelone"},{"@type":"BreadcrumbList","@id":"https:\/\/www.webdo.tn\/fr\/actualite\/sport\/natation-ahmed-jaouadi-signe-un-retour-eclatant-a-barcelone\/222120\/#breadcrumb","itemListElement":[{"@type":"ListItem","position":1,"name":"Accueil","item":"https:\/\/www.webdo.tn\/fr\/"},{"@type":"ListItem","position":2,"name":"Natation : Ahmed Jaouadi signe un retour \u00e9clatant \u00e0 Barcelone"}]},{"@type":"WebSite","@id":"https:\/\/www.webdo.tn\/fr\/#website","url":"https:\/\/www.webdo.tn\/fr\/","name":"webdo","description":"Tunisie - News en Tunisie et \u00e0 l&#039;international sur Webdo.tn","publisher":{"@id":"https:\/\/www.webdo.tn\/fr\/#organization"},"potentialAction":[{"@type":"SearchAction","target":{"@type":"EntryPoint","urlTemplate":"https:\/\/www.webdo.tn\/fr\/?s={search_term_string}"},"query-input":{"@type":"PropertyValueSpecification","valueRequired":true,"valueName":"search_term_string"}}],"inLanguage":"fr-FR"},{"@type":"Organization","@id":"https:\/\/www.webdo.tn\/fr\/#organization","name":"Webdo","alternateName":"Webdo.tn","url":"https:\/\/www.webdo.tn\/fr\/","logo":{"@type":"ImageObject","inLanguage":"fr-FR","@id":"https:\/\/www.webdo.tn\/fr\/#\/schema\/logo\/image\/","url":"https:\/\/www.webdo.tn\/fr\/wp-content\/uploads\/2025\/06\/Webdo-Tunisie_168377.jpg","contentUrl":"https:\/\/www.webdo.tn\/fr\/wp-content\/uploads\/2025\/06\/Webdo-Tunisie_168377.jpg","width":301,"height":301,"caption":"Webdo"},"image":{"@id":"https:\/\/www.webdo.tn\/fr\/#\/schema\/logo\/image\/"},"sameAs":["https:\/\/www.facebook.com\/webdotn","https:\/\/x.com\/webdo_tn"],"description":"Webdo est un m\u00e9dia num\u00e9rique tunisien fond\u00e9 en 2010, sp\u00e9cialis\u00e9 dans l\u2019actualit\u00e9 nationale et internationale, l\u2019\u00e9conomie, la soci\u00e9t\u00e9 et les analyses politiques. Le site s\u2019adresse \u00e0 un large public francophone et couvre l\u2019information tunisienne en temps r\u00e9el.","email":"redac@webdo.tn","legalName":"YNJ SARL","foundingDate":"2010-09-06","numberOfEmployees":{"@type":"QuantitativeValue","minValue":"11","maxValue":"50"}},{"@type":"Person","@id":"https:\/\/www.webdo.tn\/fr\/#\/schema\/person\/2c4929cbf5a809e3bd38617c6ce150f6","name":"MC","image":{"@type":"ImageObject","inLanguage":"fr-FR","@id":"https:\/\/secure.gravatar.com\/avatar\/a545bbb6f84efdd5553dbbc2895e3ca8f1d12c5215e00a041c9670b54aa9b18a?s=96&d=mm&r=g","url":"https:\/\/secure.gravatar.com\/avatar\/a545bbb6f84efdd5553dbbc2895e3ca8f1d12c5215e00a041c9670b54aa9b18a?s=96&d=mm&r=g","contentUrl":"https:\/\/secure.gravatar.com\/avatar\/a545bbb6f84efdd5553dbbc2895e3ca8f1d12c5215e00a041c9670b54aa9b18a?s=96&d=mm&r=g","caption":"MC"},"url":"https:\/\/www.webdo.tn\/fr\/actualite\/author\/mc\/"}]}},"_links":{"self":[{"href":"https:\/\/www.webdo.tn\/fr\/wp-json\/wp\/v2\/posts\/222120","targetHints":{"allow":["GET"]}}],"collection":[{"href":"https:\/\/www.webdo.tn\/fr\/wp-json\/wp\/v2\/posts"}],"about":[{"href":"https:\/\/www.webdo.tn\/fr\/wp-json\/wp\/v2\/types\/post"}],"author":[{"embeddable":true,"href":"https:\/\/www.webdo.tn\/fr\/wp-json\/wp\/v2\/users\/3162"}],"replies":[{"embeddable":true,"href":"https:\/\/www.webdo.tn\/fr\/wp-json\/wp\/v2\/comments?post=222120"}],"version-history":[{"count":0,"href":"https:\/\/www.webdo.tn\/fr\/wp-json\/wp\/v2\/posts\/222120\/revisions"}],"wp:featuredmedia":[{"embeddable":true,"href":"https:\/\/www.webdo.tn\/fr\/wp-json\/wp\/v2\/media\/366161"}],"wp:attachment":[{"href":"https:\/\/www.webdo.tn\/fr\/wp-json\/wp\/v2\/media?parent=222120"}],"wp:term":[{"taxonomy":"category","embeddable":true,"href":"https:\/\/www.webdo.tn\/fr\/wp-json\/wp\/v2\/categories?post=222120"},{"taxonomy":"post_tag","embeddable":true,"href":"https:\/\/www.webdo.tn\/fr\/wp-json\/wp\/v2\/tags?post=222120"}],"curies":[{"name":"wp","href":"https:\/\/api.w.org\/{rel}","templated":true}]}}