{"id":222118,"date":"2025-05-22T07:33:00","date_gmt":"2025-05-22T07:33:00","guid":{"rendered":"https:\/\/www.webdo.tn\/fr\/actualite\/blog\/kais-saied-je-n-accorde-aucune-importance-aux-pages-des-reseaux-sociaux\/222118\/"},"modified":"2025-05-22T07:33:00","modified_gmt":"2025-05-22T07:33:00","slug":"kais-saied-je-n-accorde-aucune-importance-aux-pages-des-reseaux-sociaux","status":"publish","type":"post","link":"https:\/\/www.webdo.tn\/fr\/actualite\/national\/kais-saied-je-n-accorde-aucune-importance-aux-pages-des-reseaux-sociaux\/222118\/","title":{"rendered":"Ka\u00efs Sa\u00efed : \u00ab\u00a0Je n\u2019accorde aucune importance aux pages des r\u00e9seaux sociaux\u00a0\u00bb"},"content":{"rendered":"<p>Le pr\u00e9sident de la R\u00e9publique tunisienne, Ka\u00efs Sa\u00efed, a re\u00e7u mercredi 21 mai au palais de Carthage deux jeunes citoyens : Walid Jedd, originaire de la d\u00e9l\u00e9gation de Mazzouna (gouvernorat de Sidi Bouzid), et Wissam Mejri, de la ville de Bizerte. Cette rencontre s\u2019inscrit dans le cadre d\u2019une s\u00e9rie d\u2019\u00e9changes directs entre le chef de l\u2019\u00c9tat et des citoyens.<\/p>\n<p>Selon un communiqu\u00e9 de la pr\u00e9sidence, Ka\u00efs Sa\u00efed a soulign\u00e9 le r\u00f4le social de l\u2019\u00c9tat et affirm\u00e9 que les solutions \u00e9manant du peuple, \u00e0 travers ses institutions, seront mises en \u0153uvre.<\/p>\n<p>Le pr\u00e9sident a insist\u00e9 sur la capacit\u00e9 de la jeunesse, port\u00e9e par un fort esprit patriotique, \u00e0 assumer ses responsabilit\u00e9s et \u00e0 remplacer ceux qui freinent le bon fonctionnement des institutions. \u00ab\u00a0Ce sont les bras et les esprits des patriotes libres qui forgent l\u2019histoire, les \u00e9pop\u00e9es et la gloire\u00a0\u00bb, a-t-il affirm\u00e9.<\/p>\n<p>Dans une vid\u00e9o publi\u00e9e sur la page officielle de la pr\u00e9sidence, il a d\u00e9clar\u00e9 que la Tunisie m\u00e8ne aujourd\u2019hui une v\u00e9ritable guerre de lib\u00e9ration nationale sur plusieurs fronts et dans toutes les r\u00e9gions, visant \u00e0 reconstruire des services publics essentiels longtemps marginalis\u00e9s ou d\u00e9truits.<\/p>\n<p>Ka\u00efs Sa\u00efed a pr\u00e9cis\u00e9 que ses visites r\u00e9gionales n\u2019ont pas de vis\u00e9e m\u00e9diatique ou symbolique, mais doivent se traduire par des mesures imm\u00e9diates r\u00e9pondant concr\u00e8tement aux attentes des citoyens.<\/p>\n<p>Il a \u00e9galement affirm\u00e9 que la bataille du changement ne se limite pas \u00e0 la lutte contre la corruption. Elle vise aussi, selon lui, \u00e0 faire face \u00e0 des r\u00e9seaux op\u00e9rant dans l\u2019ombre, \u00e0 l\u2019int\u00e9rieur comme \u00e0 l\u2019ext\u00e9rieur du pays, qui m\u00e8nent des campagnes de d\u00e9nigrement organis\u00e9es via des pages Facebook douteuses et financ\u00e9es.<br \/>\n\u00ab\u00a0Je n\u2019accorde aucune importance \u00e0 ces campagnes ni \u00e0 ceux que l\u2019histoire a d\u00e9j\u00e0 rejet\u00e9s\u00a0\u00bb, a-t-il martel\u00e9.<\/p>\n<p>En \u00e9changeant avec les deux jeunes invit\u00e9s, le chef de l\u2019\u00c9tat a d\u00e9voil\u00e9 plusieurs mesures pr\u00e9vues pour les r\u00e9gions de Mazzouna et Bizerte, \u00e0 la suite de ses visites sur le terrain et des \u00e9changes directs avec les habitants. Il a affirm\u00e9 que le but de ces rencontres n\u2019est pas de produire des images, mais des r\u00e9sultats, annon\u00e7ant des d\u00e9cisions urgentes concernant l\u2019emploi des jeunes dipl\u00f4m\u00e9s, le d\u00e9veloppement r\u00e9gional et la relance de projets en suspens, comme celui de l\u2019usine de sucre \u00e0 Bizerte.<\/p>\n","protected":false},"excerpt":{"rendered":"<p>Alors que des campagnes anonymes se d\u00e9cha\u00eenent sur Facebook, Ka\u00efs Sa\u00efed affirme ne leur accorder aucune importance et mise sur des actions concr\u00e8tes en faveur d&#8230;<\/p>\n","protected":false},"author":3162,"featured_media":366081,"comment_status":"open","ping_status":"closed","sticky":false,"template":"","format":"standard","meta":{"footnotes":""},"categories":[44],"tags":[2614,9714,2608],"class_list":["post-222118","post","type-post","status-publish","format-standard","has-post-thumbnail","hentry","category-national","tag-kais-saied","tag-pages","tag-tunisie"],"yoast_head":"<!-- This site is optimized with the Yoast SEO Premium plugin v27.5 (Yoast SEO v27.5) - https:\/\/yoast.com\/product\/yoast-seo-premium-wordpress\/ -->\n<title>Ka\u00efs Sa\u00efed : Je n\u2019accorde aucune importance aux pages des r\u00e9seaux sociaux<\/title>\n<meta name=\"description\" content=\"Alors que des campagnes anonymes se d\u00e9cha\u00eenent sur Facebook, Ka\u00efs Sa\u00efed affirme ne leur accorder aucune importance et mise sur des actions concr\u00e8tes en faveur d...\" \/>\n<link rel=\"canonical\" href=\"https:\/\/www.webdo.tn\/fr\/actualite\/national\/kais-saied-je-n-accorde-aucune-importance-aux-pages-des-reseaux-sociaux\/222118\/\" \/>\n<meta property=\"og:locale\" content=\"fr_FR\" \/>\n<meta property=\"og:type\" content=\"article\" \/>\n<meta property=\"og:title\" content=\"Ka\u00efs Sa\u00efed : &quot;Je n\u2019accorde aucune importance aux pages des r\u00e9seaux sociaux&quot;\" \/>\n<meta property=\"og:description\" content=\"Alors que des campagnes anonymes se d\u00e9cha\u00eenent sur Facebook, Ka\u00efs Sa\u00efed affirme ne leur accorder aucune importance et mise sur des actions concr\u00e8tes en faveur d...\" \/>\n<meta property=\"og:url\" content=\"https:\/\/www.webdo.tn\/fr\/actualite\/national\/kais-saied-je-n-accorde-aucune-importance-aux-pages-des-reseaux-sociaux\/222118\/\" \/>\n<meta property=\"og:site_name\" content=\"webdo\" \/>\n<meta property=\"article:publisher\" content=\"https:\/\/www.facebook.com\/webdotn\" \/>\n<meta property=\"article:published_time\" content=\"2025-05-22T07:33:00+00:00\" \/>\n<meta property=\"og:image\" content=\"https:\/\/www.webdo.tn\/fr\/wp-content\/uploads\/2025\/05\/216c17b3c4901a2b8f3688e78d5ed53e.webp\" \/>\n\t<meta property=\"og:image:width\" content=\"750\" \/>\n\t<meta property=\"og:image:height\" content=\"400\" \/>\n\t<meta property=\"og:image:type\" content=\"image\/webp\" \/>\n<meta name=\"author\" content=\"MC\" \/>\n<meta name=\"twitter:card\" content=\"summary_large_image\" \/>\n<meta name=\"twitter:creator\" content=\"@webdo_tn\" \/>\n<meta name=\"twitter:site\" content=\"@webdo_tn\" \/>\n<meta name=\"twitter:label1\" content=\"\u00c9crit par\" \/>\n\t<meta name=\"twitter:data1\" content=\"MC\" \/>\n\t<meta name=\"twitter:label2\" content=\"Dur\u00e9e de lecture estim\u00e9e\" \/>\n\t<meta name=\"twitter:data2\" content=\"2 minutes\" \/>\n<script type=\"application\/ld+json\" class=\"yoast-schema-graph\">{\"@context\":\"https:\\\/\\\/schema.org\",\"@graph\":[{\"@type\":\"NewsArticle\",\"@id\":\"https:\\\/\\\/www.webdo.tn\\\/fr\\\/actualite\\\/national\\\/kais-saied-je-n-accorde-aucune-importance-aux-pages-des-reseaux-sociaux\\\/222118\\\/#article\",\"isPartOf\":{\"@id\":\"https:\\\/\\\/www.webdo.tn\\\/fr\\\/actualite\\\/national\\\/kais-saied-je-n-accorde-aucune-importance-aux-pages-des-reseaux-sociaux\\\/222118\\\/\"},\"author\":{\"name\":\"MC\",\"@id\":\"https:\\\/\\\/www.webdo.tn\\\/fr\\\/#\\\/schema\\\/person\\\/2c4929cbf5a809e3bd38617c6ce150f6\"},\"headline\":\"Ka\u00efs Sa\u00efed : \u00ab\u00a0Je n\u2019accorde aucune importance aux pages des r\u00e9seaux sociaux\u00a0\u00bb\",\"datePublished\":\"2025-05-22T07:33:00+00:00\",\"mainEntityOfPage\":{\"@id\":\"https:\\\/\\\/www.webdo.tn\\\/fr\\\/actualite\\\/national\\\/kais-saied-je-n-accorde-aucune-importance-aux-pages-des-reseaux-sociaux\\\/222118\\\/\"},\"wordCount\":442,\"commentCount\":0,\"publisher\":{\"@id\":\"https:\\\/\\\/www.webdo.tn\\\/fr\\\/#organization\"},\"image\":{\"@id\":\"https:\\\/\\\/www.webdo.tn\\\/fr\\\/actualite\\\/national\\\/kais-saied-je-n-accorde-aucune-importance-aux-pages-des-reseaux-sociaux\\\/222118\\\/#primaryimage\"},\"thumbnailUrl\":\"https:\\\/\\\/www.webdo.tn\\\/fr\\\/wp-content\\\/uploads\\\/2025\\\/05\\\/216c17b3c4901a2b8f3688e78d5ed53e.webp\",\"keywords\":[\"Kais Saied\",\"Pages\",\"Tunisie\"],\"articleSection\":[\"National\"],\"inLanguage\":\"fr-FR\"},{\"@type\":\"WebPage\",\"@id\":\"https:\\\/\\\/www.webdo.tn\\\/fr\\\/actualite\\\/national\\\/kais-saied-je-n-accorde-aucune-importance-aux-pages-des-reseaux-sociaux\\\/222118\\\/\",\"url\":\"https:\\\/\\\/www.webdo.tn\\\/fr\\\/actualite\\\/national\\\/kais-saied-je-n-accorde-aucune-importance-aux-pages-des-reseaux-sociaux\\\/222118\\\/\",\"name\":\"Ka\u00efs Sa\u00efed : Je n\u2019accorde aucune importance aux pages des r\u00e9seaux sociaux\",\"isPartOf\":{\"@id\":\"https:\\\/\\\/www.webdo.tn\\\/fr\\\/#website\"},\"primaryImageOfPage\":{\"@id\":\"https:\\\/\\\/www.webdo.tn\\\/fr\\\/actualite\\\/national\\\/kais-saied-je-n-accorde-aucune-importance-aux-pages-des-reseaux-sociaux\\\/222118\\\/#primaryimage\"},\"image\":{\"@id\":\"https:\\\/\\\/www.webdo.tn\\\/fr\\\/actualite\\\/national\\\/kais-saied-je-n-accorde-aucune-importance-aux-pages-des-reseaux-sociaux\\\/222118\\\/#primaryimage\"},\"thumbnailUrl\":\"https:\\\/\\\/www.webdo.tn\\\/fr\\\/wp-content\\\/uploads\\\/2025\\\/05\\\/216c17b3c4901a2b8f3688e78d5ed53e.webp\",\"datePublished\":\"2025-05-22T07:33:00+00:00\",\"description\":\"Alors que des campagnes anonymes se d\u00e9cha\u00eenent sur Facebook, Ka\u00efs Sa\u00efed affirme ne leur accorder aucune importance et mise sur des actions concr\u00e8tes en faveur d...\",\"breadcrumb\":{\"@id\":\"https:\\\/\\\/www.webdo.tn\\\/fr\\\/actualite\\\/national\\\/kais-saied-je-n-accorde-aucune-importance-aux-pages-des-reseaux-sociaux\\\/222118\\\/#breadcrumb\"},\"inLanguage\":\"fr-FR\",\"potentialAction\":[{\"@type\":\"ReadAction\",\"target\":[\"https:\\\/\\\/www.webdo.tn\\\/fr\\\/actualite\\\/national\\\/kais-saied-je-n-accorde-aucune-importance-aux-pages-des-reseaux-sociaux\\\/222118\\\/\"]}]},{\"@type\":\"ImageObject\",\"inLanguage\":\"fr-FR\",\"@id\":\"https:\\\/\\\/www.webdo.tn\\\/fr\\\/actualite\\\/national\\\/kais-saied-je-n-accorde-aucune-importance-aux-pages-des-reseaux-sociaux\\\/222118\\\/#primaryimage\",\"url\":\"https:\\\/\\\/www.webdo.tn\\\/fr\\\/wp-content\\\/uploads\\\/2025\\\/05\\\/216c17b3c4901a2b8f3688e78d5ed53e.webp\",\"contentUrl\":\"https:\\\/\\\/www.webdo.tn\\\/fr\\\/wp-content\\\/uploads\\\/2025\\\/05\\\/216c17b3c4901a2b8f3688e78d5ed53e.webp\",\"width\":750,\"height\":400,\"caption\":\"Ka\u00efs Sa\u00efed : \\\"Je n\u2019accorde aucune importance aux pages des r\u00e9seaux sociaux\\\"\"},{\"@type\":\"BreadcrumbList\",\"@id\":\"https:\\\/\\\/www.webdo.tn\\\/fr\\\/actualite\\\/national\\\/kais-saied-je-n-accorde-aucune-importance-aux-pages-des-reseaux-sociaux\\\/222118\\\/#breadcrumb\",\"itemListElement\":[{\"@type\":\"ListItem\",\"position\":1,\"name\":\"Accueil\",\"item\":\"https:\\\/\\\/www.webdo.tn\\\/fr\\\/\"},{\"@type\":\"ListItem\",\"position\":2,\"name\":\"Ka\u00efs Sa\u00efed : \u00ab\u00a0Je n\u2019accorde aucune importance aux pages des r\u00e9seaux sociaux\u00a0\u00bb\"}]},{\"@type\":\"WebSite\",\"@id\":\"https:\\\/\\\/www.webdo.tn\\\/fr\\\/#website\",\"url\":\"https:\\\/\\\/www.webdo.tn\\\/fr\\\/\",\"name\":\"webdo\",\"description\":\"Tunisie - News en Tunisie et \u00e0 l&#039;international sur Webdo.tn\",\"publisher\":{\"@id\":\"https:\\\/\\\/www.webdo.tn\\\/fr\\\/#organization\"},\"potentialAction\":[{\"@type\":\"SearchAction\",\"target\":{\"@type\":\"EntryPoint\",\"urlTemplate\":\"https:\\\/\\\/www.webdo.tn\\\/fr\\\/?s={search_term_string}\"},\"query-input\":{\"@type\":\"PropertyValueSpecification\",\"valueRequired\":true,\"valueName\":\"search_term_string\"}}],\"inLanguage\":\"fr-FR\"},{\"@type\":\"Organization\",\"@id\":\"https:\\\/\\\/www.webdo.tn\\\/fr\\\/#organization\",\"name\":\"Webdo\",\"alternateName\":\"Webdo.tn\",\"url\":\"https:\\\/\\\/www.webdo.tn\\\/fr\\\/\",\"logo\":{\"@type\":\"ImageObject\",\"inLanguage\":\"fr-FR\",\"@id\":\"https:\\\/\\\/www.webdo.tn\\\/fr\\\/#\\\/schema\\\/logo\\\/image\\\/\",\"url\":\"https:\\\/\\\/www.webdo.tn\\\/fr\\\/wp-content\\\/uploads\\\/2025\\\/06\\\/Webdo-Tunisie_168377.jpg\",\"contentUrl\":\"https:\\\/\\\/www.webdo.tn\\\/fr\\\/wp-content\\\/uploads\\\/2025\\\/06\\\/Webdo-Tunisie_168377.jpg\",\"width\":301,\"height\":301,\"caption\":\"Webdo\"},\"image\":{\"@id\":\"https:\\\/\\\/www.webdo.tn\\\/fr\\\/#\\\/schema\\\/logo\\\/image\\\/\"},\"sameAs\":[\"https:\\\/\\\/www.facebook.com\\\/webdotn\",\"https:\\\/\\\/x.com\\\/webdo_tn\"],\"description\":\"Webdo est un m\u00e9dia num\u00e9rique tunisien fond\u00e9 en 2010, sp\u00e9cialis\u00e9 dans l\u2019actualit\u00e9 nationale et internationale, l\u2019\u00e9conomie, la soci\u00e9t\u00e9 et les analyses politiques. Le site s\u2019adresse \u00e0 un large public francophone et couvre l\u2019information tunisienne en temps r\u00e9el.\",\"email\":\"redac@webdo.tn\",\"legalName\":\"YNJ SARL\",\"foundingDate\":\"2010-09-06\",\"numberOfEmployees\":{\"@type\":\"QuantitativeValue\",\"minValue\":\"11\",\"maxValue\":\"50\"}},{\"@type\":\"Person\",\"@id\":\"https:\\\/\\\/www.webdo.tn\\\/fr\\\/#\\\/schema\\\/person\\\/2c4929cbf5a809e3bd38617c6ce150f6\",\"name\":\"MC\",\"image\":{\"@type\":\"ImageObject\",\"inLanguage\":\"fr-FR\",\"@id\":\"https:\\\/\\\/secure.gravatar.com\\\/avatar\\\/a545bbb6f84efdd5553dbbc2895e3ca8f1d12c5215e00a041c9670b54aa9b18a?s=96&d=mm&r=g\",\"url\":\"https:\\\/\\\/secure.gravatar.com\\\/avatar\\\/a545bbb6f84efdd5553dbbc2895e3ca8f1d12c5215e00a041c9670b54aa9b18a?s=96&d=mm&r=g\",\"contentUrl\":\"https:\\\/\\\/secure.gravatar.com\\\/avatar\\\/a545bbb6f84efdd5553dbbc2895e3ca8f1d12c5215e00a041c9670b54aa9b18a?s=96&d=mm&r=g\",\"caption\":\"MC\"},\"url\":\"https:\\\/\\\/www.webdo.tn\\\/fr\\\/actualite\\\/author\\\/mc\\\/\"}]}<\/script>\n<!-- \/ Yoast SEO Premium plugin. -->","yoast_head_json":{"title":"Ka\u00efs Sa\u00efed : Je n\u2019accorde aucune importance aux pages des r\u00e9seaux sociaux","description":"Alors que des campagnes anonymes se d\u00e9cha\u00eenent sur Facebook, Ka\u00efs Sa\u00efed affirme ne leur accorder aucune importance et mise sur des actions concr\u00e8tes en faveur d...","canonical":"https:\/\/www.webdo.tn\/fr\/actualite\/national\/kais-saied-je-n-accorde-aucune-importance-aux-pages-des-reseaux-sociaux\/222118\/","og_locale":"fr_FR","og_type":"article","og_title":"Ka\u00efs Sa\u00efed : \"Je n\u2019accorde aucune importance aux pages des r\u00e9seaux sociaux\"","og_description":"Alors que des campagnes anonymes se d\u00e9cha\u00eenent sur Facebook, Ka\u00efs Sa\u00efed affirme ne leur accorder aucune importance et mise sur des actions concr\u00e8tes en faveur d...","og_url":"https:\/\/www.webdo.tn\/fr\/actualite\/national\/kais-saied-je-n-accorde-aucune-importance-aux-pages-des-reseaux-sociaux\/222118\/","og_site_name":"webdo","article_publisher":"https:\/\/www.facebook.com\/webdotn","article_published_time":"2025-05-22T07:33:00+00:00","og_image":[{"width":750,"height":400,"url":"https:\/\/www.webdo.tn\/fr\/wp-content\/uploads\/2025\/05\/216c17b3c4901a2b8f3688e78d5ed53e.webp","type":"image\/webp"}],"author":"MC","twitter_card":"summary_large_image","twitter_creator":"@webdo_tn","twitter_site":"@webdo_tn","twitter_misc":{"\u00c9crit par":"MC","Dur\u00e9e de lecture estim\u00e9e":"2 minutes"},"schema":{"@context":"https:\/\/schema.org","@graph":[{"@type":"NewsArticle","@id":"https:\/\/www.webdo.tn\/fr\/actualite\/national\/kais-saied-je-n-accorde-aucune-importance-aux-pages-des-reseaux-sociaux\/222118\/#article","isPartOf":{"@id":"https:\/\/www.webdo.tn\/fr\/actualite\/national\/kais-saied-je-n-accorde-aucune-importance-aux-pages-des-reseaux-sociaux\/222118\/"},"author":{"name":"MC","@id":"https:\/\/www.webdo.tn\/fr\/#\/schema\/person\/2c4929cbf5a809e3bd38617c6ce150f6"},"headline":"Ka\u00efs Sa\u00efed : \u00ab\u00a0Je n\u2019accorde aucune importance aux pages des r\u00e9seaux sociaux\u00a0\u00bb","datePublished":"2025-05-22T07:33:00+00:00","mainEntityOfPage":{"@id":"https:\/\/www.webdo.tn\/fr\/actualite\/national\/kais-saied-je-n-accorde-aucune-importance-aux-pages-des-reseaux-sociaux\/222118\/"},"wordCount":442,"commentCount":0,"publisher":{"@id":"https:\/\/www.webdo.tn\/fr\/#organization"},"image":{"@id":"https:\/\/www.webdo.tn\/fr\/actualite\/national\/kais-saied-je-n-accorde-aucune-importance-aux-pages-des-reseaux-sociaux\/222118\/#primaryimage"},"thumbnailUrl":"https:\/\/www.webdo.tn\/fr\/wp-content\/uploads\/2025\/05\/216c17b3c4901a2b8f3688e78d5ed53e.webp","keywords":["Kais Saied","Pages","Tunisie"],"articleSection":["National"],"inLanguage":"fr-FR"},{"@type":"WebPage","@id":"https:\/\/www.webdo.tn\/fr\/actualite\/national\/kais-saied-je-n-accorde-aucune-importance-aux-pages-des-reseaux-sociaux\/222118\/","url":"https:\/\/www.webdo.tn\/fr\/actualite\/national\/kais-saied-je-n-accorde-aucune-importance-aux-pages-des-reseaux-sociaux\/222118\/","name":"Ka\u00efs Sa\u00efed : Je n\u2019accorde aucune importance aux pages des r\u00e9seaux sociaux","isPartOf":{"@id":"https:\/\/www.webdo.tn\/fr\/#website"},"primaryImageOfPage":{"@id":"https:\/\/www.webdo.tn\/fr\/actualite\/national\/kais-saied-je-n-accorde-aucune-importance-aux-pages-des-reseaux-sociaux\/222118\/#primaryimage"},"image":{"@id":"https:\/\/www.webdo.tn\/fr\/actualite\/national\/kais-saied-je-n-accorde-aucune-importance-aux-pages-des-reseaux-sociaux\/222118\/#primaryimage"},"thumbnailUrl":"https:\/\/www.webdo.tn\/fr\/wp-content\/uploads\/2025\/05\/216c17b3c4901a2b8f3688e78d5ed53e.webp","datePublished":"2025-05-22T07:33:00+00:00","description":"Alors que des campagnes anonymes se d\u00e9cha\u00eenent sur Facebook, Ka\u00efs Sa\u00efed affirme ne leur accorder aucune importance et mise sur des actions concr\u00e8tes en faveur d...","breadcrumb":{"@id":"https:\/\/www.webdo.tn\/fr\/actualite\/national\/kais-saied-je-n-accorde-aucune-importance-aux-pages-des-reseaux-sociaux\/222118\/#breadcrumb"},"inLanguage":"fr-FR","potentialAction":[{"@type":"ReadAction","target":["https:\/\/www.webdo.tn\/fr\/actualite\/national\/kais-saied-je-n-accorde-aucune-importance-aux-pages-des-reseaux-sociaux\/222118\/"]}]},{"@type":"ImageObject","inLanguage":"fr-FR","@id":"https:\/\/www.webdo.tn\/fr\/actualite\/national\/kais-saied-je-n-accorde-aucune-importance-aux-pages-des-reseaux-sociaux\/222118\/#primaryimage","url":"https:\/\/www.webdo.tn\/fr\/wp-content\/uploads\/2025\/05\/216c17b3c4901a2b8f3688e78d5ed53e.webp","contentUrl":"https:\/\/www.webdo.tn\/fr\/wp-content\/uploads\/2025\/05\/216c17b3c4901a2b8f3688e78d5ed53e.webp","width":750,"height":400,"caption":"Ka\u00efs Sa\u00efed : \"Je n\u2019accorde aucune importance aux pages des r\u00e9seaux sociaux\""},{"@type":"BreadcrumbList","@id":"https:\/\/www.webdo.tn\/fr\/actualite\/national\/kais-saied-je-n-accorde-aucune-importance-aux-pages-des-reseaux-sociaux\/222118\/#breadcrumb","itemListElement":[{"@type":"ListItem","position":1,"name":"Accueil","item":"https:\/\/www.webdo.tn\/fr\/"},{"@type":"ListItem","position":2,"name":"Ka\u00efs Sa\u00efed : \u00ab\u00a0Je n\u2019accorde aucune importance aux pages des r\u00e9seaux sociaux\u00a0\u00bb"}]},{"@type":"WebSite","@id":"https:\/\/www.webdo.tn\/fr\/#website","url":"https:\/\/www.webdo.tn\/fr\/","name":"webdo","description":"Tunisie - News en Tunisie et \u00e0 l&#039;international sur Webdo.tn","publisher":{"@id":"https:\/\/www.webdo.tn\/fr\/#organization"},"potentialAction":[{"@type":"SearchAction","target":{"@type":"EntryPoint","urlTemplate":"https:\/\/www.webdo.tn\/fr\/?s={search_term_string}"},"query-input":{"@type":"PropertyValueSpecification","valueRequired":true,"valueName":"search_term_string"}}],"inLanguage":"fr-FR"},{"@type":"Organization","@id":"https:\/\/www.webdo.tn\/fr\/#organization","name":"Webdo","alternateName":"Webdo.tn","url":"https:\/\/www.webdo.tn\/fr\/","logo":{"@type":"ImageObject","inLanguage":"fr-FR","@id":"https:\/\/www.webdo.tn\/fr\/#\/schema\/logo\/image\/","url":"https:\/\/www.webdo.tn\/fr\/wp-content\/uploads\/2025\/06\/Webdo-Tunisie_168377.jpg","contentUrl":"https:\/\/www.webdo.tn\/fr\/wp-content\/uploads\/2025\/06\/Webdo-Tunisie_168377.jpg","width":301,"height":301,"caption":"Webdo"},"image":{"@id":"https:\/\/www.webdo.tn\/fr\/#\/schema\/logo\/image\/"},"sameAs":["https:\/\/www.facebook.com\/webdotn","https:\/\/x.com\/webdo_tn"],"description":"Webdo est un m\u00e9dia num\u00e9rique tunisien fond\u00e9 en 2010, sp\u00e9cialis\u00e9 dans l\u2019actualit\u00e9 nationale et internationale, l\u2019\u00e9conomie, la soci\u00e9t\u00e9 et les analyses politiques. Le site s\u2019adresse \u00e0 un large public francophone et couvre l\u2019information tunisienne en temps r\u00e9el.","email":"redac@webdo.tn","legalName":"YNJ SARL","foundingDate":"2010-09-06","numberOfEmployees":{"@type":"QuantitativeValue","minValue":"11","maxValue":"50"}},{"@type":"Person","@id":"https:\/\/www.webdo.tn\/fr\/#\/schema\/person\/2c4929cbf5a809e3bd38617c6ce150f6","name":"MC","image":{"@type":"ImageObject","inLanguage":"fr-FR","@id":"https:\/\/secure.gravatar.com\/avatar\/a545bbb6f84efdd5553dbbc2895e3ca8f1d12c5215e00a041c9670b54aa9b18a?s=96&d=mm&r=g","url":"https:\/\/secure.gravatar.com\/avatar\/a545bbb6f84efdd5553dbbc2895e3ca8f1d12c5215e00a041c9670b54aa9b18a?s=96&d=mm&r=g","contentUrl":"https:\/\/secure.gravatar.com\/avatar\/a545bbb6f84efdd5553dbbc2895e3ca8f1d12c5215e00a041c9670b54aa9b18a?s=96&d=mm&r=g","caption":"MC"},"url":"https:\/\/www.webdo.tn\/fr\/actualite\/author\/mc\/"}]}},"_links":{"self":[{"href":"https:\/\/www.webdo.tn\/fr\/wp-json\/wp\/v2\/posts\/222118","targetHints":{"allow":["GET"]}}],"collection":[{"href":"https:\/\/www.webdo.tn\/fr\/wp-json\/wp\/v2\/posts"}],"about":[{"href":"https:\/\/www.webdo.tn\/fr\/wp-json\/wp\/v2\/types\/post"}],"author":[{"embeddable":true,"href":"https:\/\/www.webdo.tn\/fr\/wp-json\/wp\/v2\/users\/3162"}],"replies":[{"embeddable":true,"href":"https:\/\/www.webdo.tn\/fr\/wp-json\/wp\/v2\/comments?post=222118"}],"version-history":[{"count":0,"href":"https:\/\/www.webdo.tn\/fr\/wp-json\/wp\/v2\/posts\/222118\/revisions"}],"wp:featuredmedia":[{"embeddable":true,"href":"https:\/\/www.webdo.tn\/fr\/wp-json\/wp\/v2\/media\/366081"}],"wp:attachment":[{"href":"https:\/\/www.webdo.tn\/fr\/wp-json\/wp\/v2\/media?parent=222118"}],"wp:term":[{"taxonomy":"category","embeddable":true,"href":"https:\/\/www.webdo.tn\/fr\/wp-json\/wp\/v2\/categories?post=222118"},{"taxonomy":"post_tag","embeddable":true,"href":"https:\/\/www.webdo.tn\/fr\/wp-json\/wp\/v2\/tags?post=222118"}],"curies":[{"name":"wp","href":"https:\/\/api.w.org\/{rel}","templated":true}]}}