{"id":222117,"date":"2025-05-22T07:26:00","date_gmt":"2025-05-22T07:26:00","guid":{"rendered":"https:\/\/www.webdo.tn\/fr\/actualite\/blog\/la-tunisie-s-allie-a-l-iran-pour-innover-en-ia\/222117\/"},"modified":"2025-05-22T07:26:00","modified_gmt":"2025-05-22T07:26:00","slug":"la-tunisie-s-allie-a-l-iran-pour-innover-en-ia","status":"publish","type":"post","link":"https:\/\/www.webdo.tn\/fr\/actualite\/national\/la-tunisie-s-allie-a-l-iran-pour-innover-en-ia\/222117\/","title":{"rendered":"La Tunisie s\u2019allie \u00e0 l\u2019Iran pour innover en IA"},"content":{"rendered":"<p>Le pr\u00e9sident de la R\u00e9publique islamique d\u2019Iran, Massoud Bazkeshian, a re\u00e7u le ministre de l\u2019Enseignement sup\u00e9rieur et de la Recherche scientifique, accompagn\u00e9 d\u2019un groupe de chefs de d\u00e9l\u00e9gation participant \u00e0 la r\u00e9union minist\u00e9rielle de haut niveau des ministres des Sciences et de la Technologie des pays islamiques, tenue \u00e0 T\u00e9h\u00e9ran le 19 mai 2025, autour du th\u00e8me : \u00ab L\u2019innovation dans les sciences et la technologie \u00e0 travers l\u2019exploitation de l\u2019intelligence artificielle \u00bb.<\/p>\n<p> Selon un communiqu\u00e9 publi\u00e9 ce mercredi par le minist\u00e8re de l\u2019Enseignement sup\u00e9rieur, le pr\u00e9sident iranien a affirm\u00e9 que **la tenue de cette r\u00e9union constitue une plateforme propice pour les scientifiques du monde islamique afin d\u2019atteindre une vision et un langage communs**, insistant sur **la n\u00e9cessit\u00e9 pour les pays islamiques de se soutenir et de s\u2019encourager mutuellement dans divers domaines**.<\/p>\n<p>Il a \u00e9galement exprim\u00e9 la disposition de la R\u00e9publique islamique d\u2019Iran \u00e0 toute forme de coop\u00e9ration, en particulier dans le domaine scientifique, avec les pays islamiques.\u00a0<\/p>\n<p>\u00c0 cette occasion, le ministre de l\u2019Enseignement sup\u00e9rieur et de la Recherche scientifique a \u00e9galement eu un entretien avec son homologue iranien des Sciences et de la Technologie, Hossein Simaii. Les deux parties ont convenu de soutenir les programmes scientifiques et technologiques communs entre les deux pays\u00a0et de tenir dans les plus brefs d\u00e9lais la commission mixte de coop\u00e9ration scientifique et technologique.\u00a0<\/p>\n<p>Accompagn\u00e9 de son homologue indon\u00e9sien et de l\u2019ambassadeur de Tunisie \u00e0 T\u00e9h\u00e9ran, le ministre a \u00e9galement effectu\u00e9 une visite \u00e0 l\u2019**Organisation iranienne pour la recherche scientifique et industrielle, une occasion pour discuter des moyens d\u2019\u00e9change de savoir-faire technologique, de mise en \u0153uvre de projets de recherche conjoints, et d\u2019organisation d\u2019\u00e9v\u00e9nements scientifiques et technologiques communs. La d\u00e9l\u00e9gation a aussi pu prendre connaissance des capacit\u00e9s et r\u00e9alisations scientifiques et technologiques de l\u2019organisation\u00a0et a examin\u00e9 les moyens de renforcer la coop\u00e9ration scientifique, technologique et industrielle avec les structures et institutions homologues, tant au niveau bilat\u00e9ral que multilat\u00e9ral.<\/p>\n","protected":false},"excerpt":{"rendered":"<p>En marge d&rsquo;une r\u00e9union minist\u00e9rielle \u00e0 T\u00e9h\u00e9ran sur l&rsquo;intelligence artificielle, la Tunisie renforce sa coop\u00e9ration scientifique avec l\u2019Iran et plaide pour une v&#8230;<\/p>\n","protected":false},"author":3162,"featured_media":366080,"comment_status":"open","ping_status":"closed","sticky":false,"template":"","format":"standard","meta":{"footnotes":""},"categories":[44],"tags":[3097,2912,2608],"class_list":["post-222117","post","type-post","status-publish","format-standard","has-post-thumbnail","hentry","category-national","tag-ia","tag-iran","tag-tunisie"],"yoast_head":"<!-- This site is optimized with the Yoast SEO Premium plugin v27.5 (Yoast SEO v27.5) - https:\/\/yoast.com\/product\/yoast-seo-premium-wordpress\/ -->\n<title>La Tunisie s\u2019allie \u00e0 l\u2019Iran pour innover en IA<\/title>\n<meta name=\"description\" content=\"En marge d&#039;une r\u00e9union minist\u00e9rielle \u00e0 T\u00e9h\u00e9ran sur l&#039;intelligence artificielle, la Tunisie renforce sa coop\u00e9ration scientifique avec l\u2019Iran et plaide pour une v...\" \/>\n<link rel=\"canonical\" href=\"https:\/\/www.webdo.tn\/fr\/actualite\/national\/la-tunisie-s-allie-a-l-iran-pour-innover-en-ia\/222117\/\" \/>\n<meta property=\"og:locale\" content=\"fr_FR\" \/>\n<meta property=\"og:type\" content=\"article\" \/>\n<meta property=\"og:title\" content=\"La Tunisie s\u2019allie \u00e0 l\u2019Iran pour innover en IA\" \/>\n<meta property=\"og:description\" content=\"En marge d&#039;une r\u00e9union minist\u00e9rielle \u00e0 T\u00e9h\u00e9ran sur l&#039;intelligence artificielle, la Tunisie renforce sa coop\u00e9ration scientifique avec l\u2019Iran et plaide pour une v...\" \/>\n<meta property=\"og:url\" content=\"https:\/\/www.webdo.tn\/fr\/actualite\/national\/la-tunisie-s-allie-a-l-iran-pour-innover-en-ia\/222117\/\" \/>\n<meta property=\"og:site_name\" content=\"webdo\" \/>\n<meta property=\"article:publisher\" content=\"https:\/\/www.facebook.com\/webdotn\" \/>\n<meta property=\"article:published_time\" content=\"2025-05-22T07:26:00+00:00\" \/>\n<meta property=\"og:image\" content=\"https:\/\/www.webdo.tn\/fr\/wp-content\/uploads\/2025\/05\/c213ac5b036b6da6b573de33c31a1688.webp\" \/>\n\t<meta property=\"og:image:width\" content=\"640\" \/>\n\t<meta property=\"og:image:height\" content=\"341\" \/>\n\t<meta property=\"og:image:type\" content=\"image\/webp\" \/>\n<meta name=\"author\" content=\"MC\" \/>\n<meta name=\"twitter:card\" content=\"summary_large_image\" \/>\n<meta name=\"twitter:creator\" content=\"@webdo_tn\" \/>\n<meta name=\"twitter:site\" content=\"@webdo_tn\" \/>\n<meta name=\"twitter:label1\" content=\"\u00c9crit par\" \/>\n\t<meta name=\"twitter:data1\" content=\"MC\" \/>\n\t<meta name=\"twitter:label2\" content=\"Dur\u00e9e de lecture estim\u00e9e\" \/>\n\t<meta name=\"twitter:data2\" content=\"2 minutes\" \/>\n<script type=\"application\/ld+json\" class=\"yoast-schema-graph\">{\"@context\":\"https:\\\/\\\/schema.org\",\"@graph\":[{\"@type\":\"NewsArticle\",\"@id\":\"https:\\\/\\\/www.webdo.tn\\\/fr\\\/actualite\\\/national\\\/la-tunisie-s-allie-a-l-iran-pour-innover-en-ia\\\/222117\\\/#article\",\"isPartOf\":{\"@id\":\"https:\\\/\\\/www.webdo.tn\\\/fr\\\/actualite\\\/national\\\/la-tunisie-s-allie-a-l-iran-pour-innover-en-ia\\\/222117\\\/\"},\"author\":{\"name\":\"MC\",\"@id\":\"https:\\\/\\\/www.webdo.tn\\\/fr\\\/#\\\/schema\\\/person\\\/2c4929cbf5a809e3bd38617c6ce150f6\"},\"headline\":\"La Tunisie s\u2019allie \u00e0 l\u2019Iran pour innover en IA\",\"datePublished\":\"2025-05-22T07:26:00+00:00\",\"mainEntityOfPage\":{\"@id\":\"https:\\\/\\\/www.webdo.tn\\\/fr\\\/actualite\\\/national\\\/la-tunisie-s-allie-a-l-iran-pour-innover-en-ia\\\/222117\\\/\"},\"wordCount\":363,\"commentCount\":0,\"publisher\":{\"@id\":\"https:\\\/\\\/www.webdo.tn\\\/fr\\\/#organization\"},\"image\":{\"@id\":\"https:\\\/\\\/www.webdo.tn\\\/fr\\\/actualite\\\/national\\\/la-tunisie-s-allie-a-l-iran-pour-innover-en-ia\\\/222117\\\/#primaryimage\"},\"thumbnailUrl\":\"https:\\\/\\\/www.webdo.tn\\\/fr\\\/wp-content\\\/uploads\\\/2025\\\/05\\\/c213ac5b036b6da6b573de33c31a1688.webp\",\"keywords\":[\"IA\",\"Iran\",\"Tunisie\"],\"articleSection\":[\"National\"],\"inLanguage\":\"fr-FR\"},{\"@type\":\"WebPage\",\"@id\":\"https:\\\/\\\/www.webdo.tn\\\/fr\\\/actualite\\\/national\\\/la-tunisie-s-allie-a-l-iran-pour-innover-en-ia\\\/222117\\\/\",\"url\":\"https:\\\/\\\/www.webdo.tn\\\/fr\\\/actualite\\\/national\\\/la-tunisie-s-allie-a-l-iran-pour-innover-en-ia\\\/222117\\\/\",\"name\":\"La Tunisie s\u2019allie \u00e0 l\u2019Iran pour innover en IA\",\"isPartOf\":{\"@id\":\"https:\\\/\\\/www.webdo.tn\\\/fr\\\/#website\"},\"primaryImageOfPage\":{\"@id\":\"https:\\\/\\\/www.webdo.tn\\\/fr\\\/actualite\\\/national\\\/la-tunisie-s-allie-a-l-iran-pour-innover-en-ia\\\/222117\\\/#primaryimage\"},\"image\":{\"@id\":\"https:\\\/\\\/www.webdo.tn\\\/fr\\\/actualite\\\/national\\\/la-tunisie-s-allie-a-l-iran-pour-innover-en-ia\\\/222117\\\/#primaryimage\"},\"thumbnailUrl\":\"https:\\\/\\\/www.webdo.tn\\\/fr\\\/wp-content\\\/uploads\\\/2025\\\/05\\\/c213ac5b036b6da6b573de33c31a1688.webp\",\"datePublished\":\"2025-05-22T07:26:00+00:00\",\"description\":\"En marge d'une r\u00e9union minist\u00e9rielle \u00e0 T\u00e9h\u00e9ran sur l'intelligence artificielle, la Tunisie renforce sa coop\u00e9ration scientifique avec l\u2019Iran et plaide pour une v...\",\"breadcrumb\":{\"@id\":\"https:\\\/\\\/www.webdo.tn\\\/fr\\\/actualite\\\/national\\\/la-tunisie-s-allie-a-l-iran-pour-innover-en-ia\\\/222117\\\/#breadcrumb\"},\"inLanguage\":\"fr-FR\",\"potentialAction\":[{\"@type\":\"ReadAction\",\"target\":[\"https:\\\/\\\/www.webdo.tn\\\/fr\\\/actualite\\\/national\\\/la-tunisie-s-allie-a-l-iran-pour-innover-en-ia\\\/222117\\\/\"]}]},{\"@type\":\"ImageObject\",\"inLanguage\":\"fr-FR\",\"@id\":\"https:\\\/\\\/www.webdo.tn\\\/fr\\\/actualite\\\/national\\\/la-tunisie-s-allie-a-l-iran-pour-innover-en-ia\\\/222117\\\/#primaryimage\",\"url\":\"https:\\\/\\\/www.webdo.tn\\\/fr\\\/wp-content\\\/uploads\\\/2025\\\/05\\\/c213ac5b036b6da6b573de33c31a1688.webp\",\"contentUrl\":\"https:\\\/\\\/www.webdo.tn\\\/fr\\\/wp-content\\\/uploads\\\/2025\\\/05\\\/c213ac5b036b6da6b573de33c31a1688.webp\",\"width\":640,\"height\":341,\"caption\":\"La Tunisie s\u2019allie \u00e0 l\u2019Iran pour innover en IA\"},{\"@type\":\"BreadcrumbList\",\"@id\":\"https:\\\/\\\/www.webdo.tn\\\/fr\\\/actualite\\\/national\\\/la-tunisie-s-allie-a-l-iran-pour-innover-en-ia\\\/222117\\\/#breadcrumb\",\"itemListElement\":[{\"@type\":\"ListItem\",\"position\":1,\"name\":\"Accueil\",\"item\":\"https:\\\/\\\/www.webdo.tn\\\/fr\\\/\"},{\"@type\":\"ListItem\",\"position\":2,\"name\":\"La Tunisie s\u2019allie \u00e0 l\u2019Iran pour innover en IA\"}]},{\"@type\":\"WebSite\",\"@id\":\"https:\\\/\\\/www.webdo.tn\\\/fr\\\/#website\",\"url\":\"https:\\\/\\\/www.webdo.tn\\\/fr\\\/\",\"name\":\"webdo\",\"description\":\"Tunisie - News en Tunisie et \u00e0 l&#039;international sur Webdo.tn\",\"publisher\":{\"@id\":\"https:\\\/\\\/www.webdo.tn\\\/fr\\\/#organization\"},\"potentialAction\":[{\"@type\":\"SearchAction\",\"target\":{\"@type\":\"EntryPoint\",\"urlTemplate\":\"https:\\\/\\\/www.webdo.tn\\\/fr\\\/?s={search_term_string}\"},\"query-input\":{\"@type\":\"PropertyValueSpecification\",\"valueRequired\":true,\"valueName\":\"search_term_string\"}}],\"inLanguage\":\"fr-FR\"},{\"@type\":\"Organization\",\"@id\":\"https:\\\/\\\/www.webdo.tn\\\/fr\\\/#organization\",\"name\":\"Webdo\",\"alternateName\":\"Webdo.tn\",\"url\":\"https:\\\/\\\/www.webdo.tn\\\/fr\\\/\",\"logo\":{\"@type\":\"ImageObject\",\"inLanguage\":\"fr-FR\",\"@id\":\"https:\\\/\\\/www.webdo.tn\\\/fr\\\/#\\\/schema\\\/logo\\\/image\\\/\",\"url\":\"https:\\\/\\\/www.webdo.tn\\\/fr\\\/wp-content\\\/uploads\\\/2025\\\/06\\\/Webdo-Tunisie_168377.jpg\",\"contentUrl\":\"https:\\\/\\\/www.webdo.tn\\\/fr\\\/wp-content\\\/uploads\\\/2025\\\/06\\\/Webdo-Tunisie_168377.jpg\",\"width\":301,\"height\":301,\"caption\":\"Webdo\"},\"image\":{\"@id\":\"https:\\\/\\\/www.webdo.tn\\\/fr\\\/#\\\/schema\\\/logo\\\/image\\\/\"},\"sameAs\":[\"https:\\\/\\\/www.facebook.com\\\/webdotn\",\"https:\\\/\\\/x.com\\\/webdo_tn\"],\"description\":\"Webdo est un m\u00e9dia num\u00e9rique tunisien fond\u00e9 en 2010, sp\u00e9cialis\u00e9 dans l\u2019actualit\u00e9 nationale et internationale, l\u2019\u00e9conomie, la soci\u00e9t\u00e9 et les analyses politiques. Le site s\u2019adresse \u00e0 un large public francophone et couvre l\u2019information tunisienne en temps r\u00e9el.\",\"email\":\"redac@webdo.tn\",\"legalName\":\"YNJ SARL\",\"foundingDate\":\"2010-09-06\",\"numberOfEmployees\":{\"@type\":\"QuantitativeValue\",\"minValue\":\"11\",\"maxValue\":\"50\"}},{\"@type\":\"Person\",\"@id\":\"https:\\\/\\\/www.webdo.tn\\\/fr\\\/#\\\/schema\\\/person\\\/2c4929cbf5a809e3bd38617c6ce150f6\",\"name\":\"MC\",\"image\":{\"@type\":\"ImageObject\",\"inLanguage\":\"fr-FR\",\"@id\":\"https:\\\/\\\/secure.gravatar.com\\\/avatar\\\/a545bbb6f84efdd5553dbbc2895e3ca8f1d12c5215e00a041c9670b54aa9b18a?s=96&d=mm&r=g\",\"url\":\"https:\\\/\\\/secure.gravatar.com\\\/avatar\\\/a545bbb6f84efdd5553dbbc2895e3ca8f1d12c5215e00a041c9670b54aa9b18a?s=96&d=mm&r=g\",\"contentUrl\":\"https:\\\/\\\/secure.gravatar.com\\\/avatar\\\/a545bbb6f84efdd5553dbbc2895e3ca8f1d12c5215e00a041c9670b54aa9b18a?s=96&d=mm&r=g\",\"caption\":\"MC\"},\"url\":\"https:\\\/\\\/www.webdo.tn\\\/fr\\\/actualite\\\/author\\\/mc\\\/\"}]}<\/script>\n<!-- \/ Yoast SEO Premium plugin. -->","yoast_head_json":{"title":"La Tunisie s\u2019allie \u00e0 l\u2019Iran pour innover en IA","description":"En marge d'une r\u00e9union minist\u00e9rielle \u00e0 T\u00e9h\u00e9ran sur l'intelligence artificielle, la Tunisie renforce sa coop\u00e9ration scientifique avec l\u2019Iran et plaide pour une v...","canonical":"https:\/\/www.webdo.tn\/fr\/actualite\/national\/la-tunisie-s-allie-a-l-iran-pour-innover-en-ia\/222117\/","og_locale":"fr_FR","og_type":"article","og_title":"La Tunisie s\u2019allie \u00e0 l\u2019Iran pour innover en IA","og_description":"En marge d'une r\u00e9union minist\u00e9rielle \u00e0 T\u00e9h\u00e9ran sur l'intelligence artificielle, la Tunisie renforce sa coop\u00e9ration scientifique avec l\u2019Iran et plaide pour une v...","og_url":"https:\/\/www.webdo.tn\/fr\/actualite\/national\/la-tunisie-s-allie-a-l-iran-pour-innover-en-ia\/222117\/","og_site_name":"webdo","article_publisher":"https:\/\/www.facebook.com\/webdotn","article_published_time":"2025-05-22T07:26:00+00:00","og_image":[{"width":640,"height":341,"url":"https:\/\/www.webdo.tn\/fr\/wp-content\/uploads\/2025\/05\/c213ac5b036b6da6b573de33c31a1688.webp","type":"image\/webp"}],"author":"MC","twitter_card":"summary_large_image","twitter_creator":"@webdo_tn","twitter_site":"@webdo_tn","twitter_misc":{"\u00c9crit par":"MC","Dur\u00e9e de lecture estim\u00e9e":"2 minutes"},"schema":{"@context":"https:\/\/schema.org","@graph":[{"@type":"NewsArticle","@id":"https:\/\/www.webdo.tn\/fr\/actualite\/national\/la-tunisie-s-allie-a-l-iran-pour-innover-en-ia\/222117\/#article","isPartOf":{"@id":"https:\/\/www.webdo.tn\/fr\/actualite\/national\/la-tunisie-s-allie-a-l-iran-pour-innover-en-ia\/222117\/"},"author":{"name":"MC","@id":"https:\/\/www.webdo.tn\/fr\/#\/schema\/person\/2c4929cbf5a809e3bd38617c6ce150f6"},"headline":"La Tunisie s\u2019allie \u00e0 l\u2019Iran pour innover en IA","datePublished":"2025-05-22T07:26:00+00:00","mainEntityOfPage":{"@id":"https:\/\/www.webdo.tn\/fr\/actualite\/national\/la-tunisie-s-allie-a-l-iran-pour-innover-en-ia\/222117\/"},"wordCount":363,"commentCount":0,"publisher":{"@id":"https:\/\/www.webdo.tn\/fr\/#organization"},"image":{"@id":"https:\/\/www.webdo.tn\/fr\/actualite\/national\/la-tunisie-s-allie-a-l-iran-pour-innover-en-ia\/222117\/#primaryimage"},"thumbnailUrl":"https:\/\/www.webdo.tn\/fr\/wp-content\/uploads\/2025\/05\/c213ac5b036b6da6b573de33c31a1688.webp","keywords":["IA","Iran","Tunisie"],"articleSection":["National"],"inLanguage":"fr-FR"},{"@type":"WebPage","@id":"https:\/\/www.webdo.tn\/fr\/actualite\/national\/la-tunisie-s-allie-a-l-iran-pour-innover-en-ia\/222117\/","url":"https:\/\/www.webdo.tn\/fr\/actualite\/national\/la-tunisie-s-allie-a-l-iran-pour-innover-en-ia\/222117\/","name":"La Tunisie s\u2019allie \u00e0 l\u2019Iran pour innover en IA","isPartOf":{"@id":"https:\/\/www.webdo.tn\/fr\/#website"},"primaryImageOfPage":{"@id":"https:\/\/www.webdo.tn\/fr\/actualite\/national\/la-tunisie-s-allie-a-l-iran-pour-innover-en-ia\/222117\/#primaryimage"},"image":{"@id":"https:\/\/www.webdo.tn\/fr\/actualite\/national\/la-tunisie-s-allie-a-l-iran-pour-innover-en-ia\/222117\/#primaryimage"},"thumbnailUrl":"https:\/\/www.webdo.tn\/fr\/wp-content\/uploads\/2025\/05\/c213ac5b036b6da6b573de33c31a1688.webp","datePublished":"2025-05-22T07:26:00+00:00","description":"En marge d'une r\u00e9union minist\u00e9rielle \u00e0 T\u00e9h\u00e9ran sur l'intelligence artificielle, la Tunisie renforce sa coop\u00e9ration scientifique avec l\u2019Iran et plaide pour une v...","breadcrumb":{"@id":"https:\/\/www.webdo.tn\/fr\/actualite\/national\/la-tunisie-s-allie-a-l-iran-pour-innover-en-ia\/222117\/#breadcrumb"},"inLanguage":"fr-FR","potentialAction":[{"@type":"ReadAction","target":["https:\/\/www.webdo.tn\/fr\/actualite\/national\/la-tunisie-s-allie-a-l-iran-pour-innover-en-ia\/222117\/"]}]},{"@type":"ImageObject","inLanguage":"fr-FR","@id":"https:\/\/www.webdo.tn\/fr\/actualite\/national\/la-tunisie-s-allie-a-l-iran-pour-innover-en-ia\/222117\/#primaryimage","url":"https:\/\/www.webdo.tn\/fr\/wp-content\/uploads\/2025\/05\/c213ac5b036b6da6b573de33c31a1688.webp","contentUrl":"https:\/\/www.webdo.tn\/fr\/wp-content\/uploads\/2025\/05\/c213ac5b036b6da6b573de33c31a1688.webp","width":640,"height":341,"caption":"La Tunisie s\u2019allie \u00e0 l\u2019Iran pour innover en IA"},{"@type":"BreadcrumbList","@id":"https:\/\/www.webdo.tn\/fr\/actualite\/national\/la-tunisie-s-allie-a-l-iran-pour-innover-en-ia\/222117\/#breadcrumb","itemListElement":[{"@type":"ListItem","position":1,"name":"Accueil","item":"https:\/\/www.webdo.tn\/fr\/"},{"@type":"ListItem","position":2,"name":"La Tunisie s\u2019allie \u00e0 l\u2019Iran pour innover en IA"}]},{"@type":"WebSite","@id":"https:\/\/www.webdo.tn\/fr\/#website","url":"https:\/\/www.webdo.tn\/fr\/","name":"webdo","description":"Tunisie - News en Tunisie et \u00e0 l&#039;international sur Webdo.tn","publisher":{"@id":"https:\/\/www.webdo.tn\/fr\/#organization"},"potentialAction":[{"@type":"SearchAction","target":{"@type":"EntryPoint","urlTemplate":"https:\/\/www.webdo.tn\/fr\/?s={search_term_string}"},"query-input":{"@type":"PropertyValueSpecification","valueRequired":true,"valueName":"search_term_string"}}],"inLanguage":"fr-FR"},{"@type":"Organization","@id":"https:\/\/www.webdo.tn\/fr\/#organization","name":"Webdo","alternateName":"Webdo.tn","url":"https:\/\/www.webdo.tn\/fr\/","logo":{"@type":"ImageObject","inLanguage":"fr-FR","@id":"https:\/\/www.webdo.tn\/fr\/#\/schema\/logo\/image\/","url":"https:\/\/www.webdo.tn\/fr\/wp-content\/uploads\/2025\/06\/Webdo-Tunisie_168377.jpg","contentUrl":"https:\/\/www.webdo.tn\/fr\/wp-content\/uploads\/2025\/06\/Webdo-Tunisie_168377.jpg","width":301,"height":301,"caption":"Webdo"},"image":{"@id":"https:\/\/www.webdo.tn\/fr\/#\/schema\/logo\/image\/"},"sameAs":["https:\/\/www.facebook.com\/webdotn","https:\/\/x.com\/webdo_tn"],"description":"Webdo est un m\u00e9dia num\u00e9rique tunisien fond\u00e9 en 2010, sp\u00e9cialis\u00e9 dans l\u2019actualit\u00e9 nationale et internationale, l\u2019\u00e9conomie, la soci\u00e9t\u00e9 et les analyses politiques. Le site s\u2019adresse \u00e0 un large public francophone et couvre l\u2019information tunisienne en temps r\u00e9el.","email":"redac@webdo.tn","legalName":"YNJ SARL","foundingDate":"2010-09-06","numberOfEmployees":{"@type":"QuantitativeValue","minValue":"11","maxValue":"50"}},{"@type":"Person","@id":"https:\/\/www.webdo.tn\/fr\/#\/schema\/person\/2c4929cbf5a809e3bd38617c6ce150f6","name":"MC","image":{"@type":"ImageObject","inLanguage":"fr-FR","@id":"https:\/\/secure.gravatar.com\/avatar\/a545bbb6f84efdd5553dbbc2895e3ca8f1d12c5215e00a041c9670b54aa9b18a?s=96&d=mm&r=g","url":"https:\/\/secure.gravatar.com\/avatar\/a545bbb6f84efdd5553dbbc2895e3ca8f1d12c5215e00a041c9670b54aa9b18a?s=96&d=mm&r=g","contentUrl":"https:\/\/secure.gravatar.com\/avatar\/a545bbb6f84efdd5553dbbc2895e3ca8f1d12c5215e00a041c9670b54aa9b18a?s=96&d=mm&r=g","caption":"MC"},"url":"https:\/\/www.webdo.tn\/fr\/actualite\/author\/mc\/"}]}},"_links":{"self":[{"href":"https:\/\/www.webdo.tn\/fr\/wp-json\/wp\/v2\/posts\/222117","targetHints":{"allow":["GET"]}}],"collection":[{"href":"https:\/\/www.webdo.tn\/fr\/wp-json\/wp\/v2\/posts"}],"about":[{"href":"https:\/\/www.webdo.tn\/fr\/wp-json\/wp\/v2\/types\/post"}],"author":[{"embeddable":true,"href":"https:\/\/www.webdo.tn\/fr\/wp-json\/wp\/v2\/users\/3162"}],"replies":[{"embeddable":true,"href":"https:\/\/www.webdo.tn\/fr\/wp-json\/wp\/v2\/comments?post=222117"}],"version-history":[{"count":0,"href":"https:\/\/www.webdo.tn\/fr\/wp-json\/wp\/v2\/posts\/222117\/revisions"}],"wp:featuredmedia":[{"embeddable":true,"href":"https:\/\/www.webdo.tn\/fr\/wp-json\/wp\/v2\/media\/366080"}],"wp:attachment":[{"href":"https:\/\/www.webdo.tn\/fr\/wp-json\/wp\/v2\/media?parent=222117"}],"wp:term":[{"taxonomy":"category","embeddable":true,"href":"https:\/\/www.webdo.tn\/fr\/wp-json\/wp\/v2\/categories?post=222117"},{"taxonomy":"post_tag","embeddable":true,"href":"https:\/\/www.webdo.tn\/fr\/wp-json\/wp\/v2\/tags?post=222117"}],"curies":[{"name":"wp","href":"https:\/\/api.w.org\/{rel}","templated":true}]}}