{"id":222098,"date":"2025-05-21T09:37:00","date_gmt":"2025-05-21T09:37:00","guid":{"rendered":"https:\/\/www.webdo.tn\/fr\/actualite\/blog\/tunisie-legere-baisse-des-temperatures-et-chutes-de-grele-dans-certaines-regions\/222098\/"},"modified":"2025-05-21T09:37:00","modified_gmt":"2025-05-21T09:37:00","slug":"tunisie-legere-baisse-des-temperatures-et-chutes-de-grele-dans-certaines-regions","status":"publish","type":"post","link":"https:\/\/www.webdo.tn\/fr\/actualite\/national\/tunisie-legere-baisse-des-temperatures-et-chutes-de-grele-dans-certaines-regions\/222098\/","title":{"rendered":"Tunisie : L\u00e9g\u00e8re baisse des temp\u00e9ratures et chutes de gr\u00eale dans certaines r\u00e9gions"},"content":{"rendered":"<p>Le temps sera globalement instable ce mercredi 21 mai, avec une l\u00e9g\u00e8re baisse des temp\u00e9ratures et des ph\u00e9nom\u00e8nes orageux localis\u00e9s, selon les pr\u00e9visions de l\u2019Institut national de la m\u00e9t\u00e9orologie (INM).<\/p>\n<p>Les temp\u00e9ratures maximales varieront entre 25 et 30\u00b0C sur le nord, le centre et le sud-est du pays, et atteindront 23\u00b0C sur les c\u00f4tes nord et les hauteurs de l\u2019ouest. Sur les autres r\u00e9gions, le mercure grimpera entre 31 et 36\u00b0C, tandis qu\u2019\u00e0 l\u2019extr\u00eame sud, les temp\u00e9ratures pourront atteindre jusqu\u2019\u00e0 39\u00b0C.<\/p>\n<p>Le ciel sera partiellement nuageux sur l\u2019ensemble du territoire, avec des cellules orageuses attendues dans l\u2019apr\u00e8s-midi sur le centre-ouest, pouvant provoquer des averses localis\u00e9es et des chutes de gr\u00eale.<\/p>\n","protected":false},"excerpt":{"rendered":"<p>M\u00e9t\u00e9o en Tunisie : l\u00e9g\u00e8re baisse des temp\u00e9ratures ce mercredi avec orages, pluies et chutes de gr\u00eale attendus dans certaines r\u00e9gions du centre-ouest.<\/p>\n","protected":false},"author":3162,"featured_media":366091,"comment_status":"open","ping_status":"closed","sticky":false,"template":"","format":"standard","meta":{"footnotes":""},"categories":[44],"tags":[2674,2670,2672,2608],"class_list":["post-222098","post","type-post","status-publish","format-standard","has-post-thumbnail","hentry","category-national","tag-grele","tag-meteo","tag-temperatures","tag-tunisie"],"yoast_head":"<!-- This site is optimized with the Yoast SEO Premium plugin v27.5 (Yoast SEO v27.5) - https:\/\/yoast.com\/product\/yoast-seo-premium-wordpress\/ -->\n<title>Tunisie : L\u00e9g\u00e8re baisse des temp\u00e9ratures et chutes de gr\u00eale dans certaines r\u00e9gions<\/title>\n<meta name=\"description\" content=\"M\u00e9t\u00e9o en Tunisie : l\u00e9g\u00e8re baisse des temp\u00e9ratures ce mercredi avec orages, pluies et chutes de gr\u00eale attendus dans certaines r\u00e9gions du centre-ouest.\" \/>\n<link rel=\"canonical\" href=\"https:\/\/www.webdo.tn\/fr\/actualite\/national\/tunisie-legere-baisse-des-temperatures-et-chutes-de-grele-dans-certaines-regions\/222098\/\" \/>\n<meta property=\"og:locale\" content=\"fr_FR\" \/>\n<meta property=\"og:type\" content=\"article\" \/>\n<meta property=\"og:title\" content=\"Tunisie : L\u00e9g\u00e8re baisse des temp\u00e9ratures et chutes de gr\u00eale dans certaines r\u00e9gions\" \/>\n<meta property=\"og:description\" content=\"M\u00e9t\u00e9o en Tunisie : l\u00e9g\u00e8re baisse des temp\u00e9ratures ce mercredi avec orages, pluies et chutes de gr\u00eale attendus dans certaines r\u00e9gions du centre-ouest.\" \/>\n<meta property=\"og:url\" content=\"https:\/\/www.webdo.tn\/fr\/actualite\/national\/tunisie-legere-baisse-des-temperatures-et-chutes-de-grele-dans-certaines-regions\/222098\/\" \/>\n<meta property=\"og:site_name\" content=\"webdo\" \/>\n<meta property=\"article:publisher\" content=\"https:\/\/www.facebook.com\/webdotn\" \/>\n<meta property=\"article:published_time\" content=\"2025-05-21T09:37:00+00:00\" \/>\n<meta property=\"og:image\" content=\"https:\/\/www.webdo.tn\/fr\/wp-content\/uploads\/2025\/05\/d2950e94bbefe85447271e096cb64b31.webp\" \/>\n\t<meta property=\"og:image:width\" content=\"750\" \/>\n\t<meta property=\"og:image:height\" content=\"400\" \/>\n\t<meta property=\"og:image:type\" content=\"image\/webp\" \/>\n<meta name=\"author\" content=\"MC\" \/>\n<meta name=\"twitter:card\" content=\"summary_large_image\" \/>\n<meta name=\"twitter:creator\" content=\"@webdo_tn\" \/>\n<meta name=\"twitter:site\" content=\"@webdo_tn\" \/>\n<meta name=\"twitter:label1\" content=\"\u00c9crit par\" \/>\n\t<meta name=\"twitter:data1\" content=\"MC\" \/>\n\t<meta name=\"twitter:label2\" content=\"Dur\u00e9e de lecture estim\u00e9e\" \/>\n\t<meta name=\"twitter:data2\" content=\"1 minute\" \/>\n<script type=\"application\/ld+json\" class=\"yoast-schema-graph\">{\"@context\":\"https:\\\/\\\/schema.org\",\"@graph\":[{\"@type\":\"NewsArticle\",\"@id\":\"https:\\\/\\\/www.webdo.tn\\\/fr\\\/actualite\\\/national\\\/tunisie-legere-baisse-des-temperatures-et-chutes-de-grele-dans-certaines-regions\\\/222098\\\/#article\",\"isPartOf\":{\"@id\":\"https:\\\/\\\/www.webdo.tn\\\/fr\\\/actualite\\\/national\\\/tunisie-legere-baisse-des-temperatures-et-chutes-de-grele-dans-certaines-regions\\\/222098\\\/\"},\"author\":{\"name\":\"MC\",\"@id\":\"https:\\\/\\\/www.webdo.tn\\\/fr\\\/#\\\/schema\\\/person\\\/2c4929cbf5a809e3bd38617c6ce150f6\"},\"headline\":\"Tunisie : L\u00e9g\u00e8re baisse des temp\u00e9ratures et chutes de gr\u00eale dans certaines r\u00e9gions\",\"datePublished\":\"2025-05-21T09:37:00+00:00\",\"mainEntityOfPage\":{\"@id\":\"https:\\\/\\\/www.webdo.tn\\\/fr\\\/actualite\\\/national\\\/tunisie-legere-baisse-des-temperatures-et-chutes-de-grele-dans-certaines-regions\\\/222098\\\/\"},\"wordCount\":146,\"commentCount\":0,\"publisher\":{\"@id\":\"https:\\\/\\\/www.webdo.tn\\\/fr\\\/#organization\"},\"image\":{\"@id\":\"https:\\\/\\\/www.webdo.tn\\\/fr\\\/actualite\\\/national\\\/tunisie-legere-baisse-des-temperatures-et-chutes-de-grele-dans-certaines-regions\\\/222098\\\/#primaryimage\"},\"thumbnailUrl\":\"https:\\\/\\\/www.webdo.tn\\\/fr\\\/wp-content\\\/uploads\\\/2025\\\/05\\\/d2950e94bbefe85447271e096cb64b31.webp\",\"keywords\":[\"gr\u00eale\",\"m\u00e9t\u00e9o\",\"temp\u00e9ratures\",\"Tunisie\"],\"articleSection\":[\"National\"],\"inLanguage\":\"fr-FR\"},{\"@type\":\"WebPage\",\"@id\":\"https:\\\/\\\/www.webdo.tn\\\/fr\\\/actualite\\\/national\\\/tunisie-legere-baisse-des-temperatures-et-chutes-de-grele-dans-certaines-regions\\\/222098\\\/\",\"url\":\"https:\\\/\\\/www.webdo.tn\\\/fr\\\/actualite\\\/national\\\/tunisie-legere-baisse-des-temperatures-et-chutes-de-grele-dans-certaines-regions\\\/222098\\\/\",\"name\":\"Tunisie : L\u00e9g\u00e8re baisse des temp\u00e9ratures et chutes de gr\u00eale dans certaines r\u00e9gions\",\"isPartOf\":{\"@id\":\"https:\\\/\\\/www.webdo.tn\\\/fr\\\/#website\"},\"primaryImageOfPage\":{\"@id\":\"https:\\\/\\\/www.webdo.tn\\\/fr\\\/actualite\\\/national\\\/tunisie-legere-baisse-des-temperatures-et-chutes-de-grele-dans-certaines-regions\\\/222098\\\/#primaryimage\"},\"image\":{\"@id\":\"https:\\\/\\\/www.webdo.tn\\\/fr\\\/actualite\\\/national\\\/tunisie-legere-baisse-des-temperatures-et-chutes-de-grele-dans-certaines-regions\\\/222098\\\/#primaryimage\"},\"thumbnailUrl\":\"https:\\\/\\\/www.webdo.tn\\\/fr\\\/wp-content\\\/uploads\\\/2025\\\/05\\\/d2950e94bbefe85447271e096cb64b31.webp\",\"datePublished\":\"2025-05-21T09:37:00+00:00\",\"description\":\"M\u00e9t\u00e9o en Tunisie : l\u00e9g\u00e8re baisse des temp\u00e9ratures ce mercredi avec orages, pluies et chutes de gr\u00eale attendus dans certaines r\u00e9gions du centre-ouest.\",\"breadcrumb\":{\"@id\":\"https:\\\/\\\/www.webdo.tn\\\/fr\\\/actualite\\\/national\\\/tunisie-legere-baisse-des-temperatures-et-chutes-de-grele-dans-certaines-regions\\\/222098\\\/#breadcrumb\"},\"inLanguage\":\"fr-FR\",\"potentialAction\":[{\"@type\":\"ReadAction\",\"target\":[\"https:\\\/\\\/www.webdo.tn\\\/fr\\\/actualite\\\/national\\\/tunisie-legere-baisse-des-temperatures-et-chutes-de-grele-dans-certaines-regions\\\/222098\\\/\"]}]},{\"@type\":\"ImageObject\",\"inLanguage\":\"fr-FR\",\"@id\":\"https:\\\/\\\/www.webdo.tn\\\/fr\\\/actualite\\\/national\\\/tunisie-legere-baisse-des-temperatures-et-chutes-de-grele-dans-certaines-regions\\\/222098\\\/#primaryimage\",\"url\":\"https:\\\/\\\/www.webdo.tn\\\/fr\\\/wp-content\\\/uploads\\\/2025\\\/05\\\/d2950e94bbefe85447271e096cb64b31.webp\",\"contentUrl\":\"https:\\\/\\\/www.webdo.tn\\\/fr\\\/wp-content\\\/uploads\\\/2025\\\/05\\\/d2950e94bbefe85447271e096cb64b31.webp\",\"width\":750,\"height\":400,\"caption\":\"Tunisie : L\u00e9g\u00e8re baisse des temp\u00e9ratures et chutes de gr\u00eale dans certaines r\u00e9gions\"},{\"@type\":\"BreadcrumbList\",\"@id\":\"https:\\\/\\\/www.webdo.tn\\\/fr\\\/actualite\\\/national\\\/tunisie-legere-baisse-des-temperatures-et-chutes-de-grele-dans-certaines-regions\\\/222098\\\/#breadcrumb\",\"itemListElement\":[{\"@type\":\"ListItem\",\"position\":1,\"name\":\"Accueil\",\"item\":\"https:\\\/\\\/www.webdo.tn\\\/fr\\\/\"},{\"@type\":\"ListItem\",\"position\":2,\"name\":\"Tunisie : L\u00e9g\u00e8re baisse des temp\u00e9ratures et chutes de gr\u00eale dans certaines r\u00e9gions\"}]},{\"@type\":\"WebSite\",\"@id\":\"https:\\\/\\\/www.webdo.tn\\\/fr\\\/#website\",\"url\":\"https:\\\/\\\/www.webdo.tn\\\/fr\\\/\",\"name\":\"webdo\",\"description\":\"Tunisie - News en Tunisie et \u00e0 l&#039;international sur Webdo.tn\",\"publisher\":{\"@id\":\"https:\\\/\\\/www.webdo.tn\\\/fr\\\/#organization\"},\"potentialAction\":[{\"@type\":\"SearchAction\",\"target\":{\"@type\":\"EntryPoint\",\"urlTemplate\":\"https:\\\/\\\/www.webdo.tn\\\/fr\\\/?s={search_term_string}\"},\"query-input\":{\"@type\":\"PropertyValueSpecification\",\"valueRequired\":true,\"valueName\":\"search_term_string\"}}],\"inLanguage\":\"fr-FR\"},{\"@type\":\"Organization\",\"@id\":\"https:\\\/\\\/www.webdo.tn\\\/fr\\\/#organization\",\"name\":\"Webdo\",\"alternateName\":\"Webdo.tn\",\"url\":\"https:\\\/\\\/www.webdo.tn\\\/fr\\\/\",\"logo\":{\"@type\":\"ImageObject\",\"inLanguage\":\"fr-FR\",\"@id\":\"https:\\\/\\\/www.webdo.tn\\\/fr\\\/#\\\/schema\\\/logo\\\/image\\\/\",\"url\":\"https:\\\/\\\/www.webdo.tn\\\/fr\\\/wp-content\\\/uploads\\\/2025\\\/06\\\/Webdo-Tunisie_168377.jpg\",\"contentUrl\":\"https:\\\/\\\/www.webdo.tn\\\/fr\\\/wp-content\\\/uploads\\\/2025\\\/06\\\/Webdo-Tunisie_168377.jpg\",\"width\":301,\"height\":301,\"caption\":\"Webdo\"},\"image\":{\"@id\":\"https:\\\/\\\/www.webdo.tn\\\/fr\\\/#\\\/schema\\\/logo\\\/image\\\/\"},\"sameAs\":[\"https:\\\/\\\/www.facebook.com\\\/webdotn\",\"https:\\\/\\\/x.com\\\/webdo_tn\"],\"description\":\"Webdo est un m\u00e9dia num\u00e9rique tunisien fond\u00e9 en 2010, sp\u00e9cialis\u00e9 dans l\u2019actualit\u00e9 nationale et internationale, l\u2019\u00e9conomie, la soci\u00e9t\u00e9 et les analyses politiques. Le site s\u2019adresse \u00e0 un large public francophone et couvre l\u2019information tunisienne en temps r\u00e9el.\",\"email\":\"redac@webdo.tn\",\"legalName\":\"YNJ SARL\",\"foundingDate\":\"2010-09-06\",\"numberOfEmployees\":{\"@type\":\"QuantitativeValue\",\"minValue\":\"11\",\"maxValue\":\"50\"}},{\"@type\":\"Person\",\"@id\":\"https:\\\/\\\/www.webdo.tn\\\/fr\\\/#\\\/schema\\\/person\\\/2c4929cbf5a809e3bd38617c6ce150f6\",\"name\":\"MC\",\"image\":{\"@type\":\"ImageObject\",\"inLanguage\":\"fr-FR\",\"@id\":\"https:\\\/\\\/secure.gravatar.com\\\/avatar\\\/a545bbb6f84efdd5553dbbc2895e3ca8f1d12c5215e00a041c9670b54aa9b18a?s=96&d=mm&r=g\",\"url\":\"https:\\\/\\\/secure.gravatar.com\\\/avatar\\\/a545bbb6f84efdd5553dbbc2895e3ca8f1d12c5215e00a041c9670b54aa9b18a?s=96&d=mm&r=g\",\"contentUrl\":\"https:\\\/\\\/secure.gravatar.com\\\/avatar\\\/a545bbb6f84efdd5553dbbc2895e3ca8f1d12c5215e00a041c9670b54aa9b18a?s=96&d=mm&r=g\",\"caption\":\"MC\"},\"url\":\"https:\\\/\\\/www.webdo.tn\\\/fr\\\/actualite\\\/author\\\/mc\\\/\"}]}<\/script>\n<!-- \/ Yoast SEO Premium plugin. -->","yoast_head_json":{"title":"Tunisie : L\u00e9g\u00e8re baisse des temp\u00e9ratures et chutes de gr\u00eale dans certaines r\u00e9gions","description":"M\u00e9t\u00e9o en Tunisie : l\u00e9g\u00e8re baisse des temp\u00e9ratures ce mercredi avec orages, pluies et chutes de gr\u00eale attendus dans certaines r\u00e9gions du centre-ouest.","canonical":"https:\/\/www.webdo.tn\/fr\/actualite\/national\/tunisie-legere-baisse-des-temperatures-et-chutes-de-grele-dans-certaines-regions\/222098\/","og_locale":"fr_FR","og_type":"article","og_title":"Tunisie : L\u00e9g\u00e8re baisse des temp\u00e9ratures et chutes de gr\u00eale dans certaines r\u00e9gions","og_description":"M\u00e9t\u00e9o en Tunisie : l\u00e9g\u00e8re baisse des temp\u00e9ratures ce mercredi avec orages, pluies et chutes de gr\u00eale attendus dans certaines r\u00e9gions du centre-ouest.","og_url":"https:\/\/www.webdo.tn\/fr\/actualite\/national\/tunisie-legere-baisse-des-temperatures-et-chutes-de-grele-dans-certaines-regions\/222098\/","og_site_name":"webdo","article_publisher":"https:\/\/www.facebook.com\/webdotn","article_published_time":"2025-05-21T09:37:00+00:00","og_image":[{"width":750,"height":400,"url":"https:\/\/www.webdo.tn\/fr\/wp-content\/uploads\/2025\/05\/d2950e94bbefe85447271e096cb64b31.webp","type":"image\/webp"}],"author":"MC","twitter_card":"summary_large_image","twitter_creator":"@webdo_tn","twitter_site":"@webdo_tn","twitter_misc":{"\u00c9crit par":"MC","Dur\u00e9e de lecture estim\u00e9e":"1 minute"},"schema":{"@context":"https:\/\/schema.org","@graph":[{"@type":"NewsArticle","@id":"https:\/\/www.webdo.tn\/fr\/actualite\/national\/tunisie-legere-baisse-des-temperatures-et-chutes-de-grele-dans-certaines-regions\/222098\/#article","isPartOf":{"@id":"https:\/\/www.webdo.tn\/fr\/actualite\/national\/tunisie-legere-baisse-des-temperatures-et-chutes-de-grele-dans-certaines-regions\/222098\/"},"author":{"name":"MC","@id":"https:\/\/www.webdo.tn\/fr\/#\/schema\/person\/2c4929cbf5a809e3bd38617c6ce150f6"},"headline":"Tunisie : L\u00e9g\u00e8re baisse des temp\u00e9ratures et chutes de gr\u00eale dans certaines r\u00e9gions","datePublished":"2025-05-21T09:37:00+00:00","mainEntityOfPage":{"@id":"https:\/\/www.webdo.tn\/fr\/actualite\/national\/tunisie-legere-baisse-des-temperatures-et-chutes-de-grele-dans-certaines-regions\/222098\/"},"wordCount":146,"commentCount":0,"publisher":{"@id":"https:\/\/www.webdo.tn\/fr\/#organization"},"image":{"@id":"https:\/\/www.webdo.tn\/fr\/actualite\/national\/tunisie-legere-baisse-des-temperatures-et-chutes-de-grele-dans-certaines-regions\/222098\/#primaryimage"},"thumbnailUrl":"https:\/\/www.webdo.tn\/fr\/wp-content\/uploads\/2025\/05\/d2950e94bbefe85447271e096cb64b31.webp","keywords":["gr\u00eale","m\u00e9t\u00e9o","temp\u00e9ratures","Tunisie"],"articleSection":["National"],"inLanguage":"fr-FR"},{"@type":"WebPage","@id":"https:\/\/www.webdo.tn\/fr\/actualite\/national\/tunisie-legere-baisse-des-temperatures-et-chutes-de-grele-dans-certaines-regions\/222098\/","url":"https:\/\/www.webdo.tn\/fr\/actualite\/national\/tunisie-legere-baisse-des-temperatures-et-chutes-de-grele-dans-certaines-regions\/222098\/","name":"Tunisie : L\u00e9g\u00e8re baisse des temp\u00e9ratures et chutes de gr\u00eale dans certaines r\u00e9gions","isPartOf":{"@id":"https:\/\/www.webdo.tn\/fr\/#website"},"primaryImageOfPage":{"@id":"https:\/\/www.webdo.tn\/fr\/actualite\/national\/tunisie-legere-baisse-des-temperatures-et-chutes-de-grele-dans-certaines-regions\/222098\/#primaryimage"},"image":{"@id":"https:\/\/www.webdo.tn\/fr\/actualite\/national\/tunisie-legere-baisse-des-temperatures-et-chutes-de-grele-dans-certaines-regions\/222098\/#primaryimage"},"thumbnailUrl":"https:\/\/www.webdo.tn\/fr\/wp-content\/uploads\/2025\/05\/d2950e94bbefe85447271e096cb64b31.webp","datePublished":"2025-05-21T09:37:00+00:00","description":"M\u00e9t\u00e9o en Tunisie : l\u00e9g\u00e8re baisse des temp\u00e9ratures ce mercredi avec orages, pluies et chutes de gr\u00eale attendus dans certaines r\u00e9gions du centre-ouest.","breadcrumb":{"@id":"https:\/\/www.webdo.tn\/fr\/actualite\/national\/tunisie-legere-baisse-des-temperatures-et-chutes-de-grele-dans-certaines-regions\/222098\/#breadcrumb"},"inLanguage":"fr-FR","potentialAction":[{"@type":"ReadAction","target":["https:\/\/www.webdo.tn\/fr\/actualite\/national\/tunisie-legere-baisse-des-temperatures-et-chutes-de-grele-dans-certaines-regions\/222098\/"]}]},{"@type":"ImageObject","inLanguage":"fr-FR","@id":"https:\/\/www.webdo.tn\/fr\/actualite\/national\/tunisie-legere-baisse-des-temperatures-et-chutes-de-grele-dans-certaines-regions\/222098\/#primaryimage","url":"https:\/\/www.webdo.tn\/fr\/wp-content\/uploads\/2025\/05\/d2950e94bbefe85447271e096cb64b31.webp","contentUrl":"https:\/\/www.webdo.tn\/fr\/wp-content\/uploads\/2025\/05\/d2950e94bbefe85447271e096cb64b31.webp","width":750,"height":400,"caption":"Tunisie : L\u00e9g\u00e8re baisse des temp\u00e9ratures et chutes de gr\u00eale dans certaines r\u00e9gions"},{"@type":"BreadcrumbList","@id":"https:\/\/www.webdo.tn\/fr\/actualite\/national\/tunisie-legere-baisse-des-temperatures-et-chutes-de-grele-dans-certaines-regions\/222098\/#breadcrumb","itemListElement":[{"@type":"ListItem","position":1,"name":"Accueil","item":"https:\/\/www.webdo.tn\/fr\/"},{"@type":"ListItem","position":2,"name":"Tunisie : L\u00e9g\u00e8re baisse des temp\u00e9ratures et chutes de gr\u00eale dans certaines r\u00e9gions"}]},{"@type":"WebSite","@id":"https:\/\/www.webdo.tn\/fr\/#website","url":"https:\/\/www.webdo.tn\/fr\/","name":"webdo","description":"Tunisie - News en Tunisie et \u00e0 l&#039;international sur Webdo.tn","publisher":{"@id":"https:\/\/www.webdo.tn\/fr\/#organization"},"potentialAction":[{"@type":"SearchAction","target":{"@type":"EntryPoint","urlTemplate":"https:\/\/www.webdo.tn\/fr\/?s={search_term_string}"},"query-input":{"@type":"PropertyValueSpecification","valueRequired":true,"valueName":"search_term_string"}}],"inLanguage":"fr-FR"},{"@type":"Organization","@id":"https:\/\/www.webdo.tn\/fr\/#organization","name":"Webdo","alternateName":"Webdo.tn","url":"https:\/\/www.webdo.tn\/fr\/","logo":{"@type":"ImageObject","inLanguage":"fr-FR","@id":"https:\/\/www.webdo.tn\/fr\/#\/schema\/logo\/image\/","url":"https:\/\/www.webdo.tn\/fr\/wp-content\/uploads\/2025\/06\/Webdo-Tunisie_168377.jpg","contentUrl":"https:\/\/www.webdo.tn\/fr\/wp-content\/uploads\/2025\/06\/Webdo-Tunisie_168377.jpg","width":301,"height":301,"caption":"Webdo"},"image":{"@id":"https:\/\/www.webdo.tn\/fr\/#\/schema\/logo\/image\/"},"sameAs":["https:\/\/www.facebook.com\/webdotn","https:\/\/x.com\/webdo_tn"],"description":"Webdo est un m\u00e9dia num\u00e9rique tunisien fond\u00e9 en 2010, sp\u00e9cialis\u00e9 dans l\u2019actualit\u00e9 nationale et internationale, l\u2019\u00e9conomie, la soci\u00e9t\u00e9 et les analyses politiques. Le site s\u2019adresse \u00e0 un large public francophone et couvre l\u2019information tunisienne en temps r\u00e9el.","email":"redac@webdo.tn","legalName":"YNJ SARL","foundingDate":"2010-09-06","numberOfEmployees":{"@type":"QuantitativeValue","minValue":"11","maxValue":"50"}},{"@type":"Person","@id":"https:\/\/www.webdo.tn\/fr\/#\/schema\/person\/2c4929cbf5a809e3bd38617c6ce150f6","name":"MC","image":{"@type":"ImageObject","inLanguage":"fr-FR","@id":"https:\/\/secure.gravatar.com\/avatar\/a545bbb6f84efdd5553dbbc2895e3ca8f1d12c5215e00a041c9670b54aa9b18a?s=96&d=mm&r=g","url":"https:\/\/secure.gravatar.com\/avatar\/a545bbb6f84efdd5553dbbc2895e3ca8f1d12c5215e00a041c9670b54aa9b18a?s=96&d=mm&r=g","contentUrl":"https:\/\/secure.gravatar.com\/avatar\/a545bbb6f84efdd5553dbbc2895e3ca8f1d12c5215e00a041c9670b54aa9b18a?s=96&d=mm&r=g","caption":"MC"},"url":"https:\/\/www.webdo.tn\/fr\/actualite\/author\/mc\/"}]}},"_links":{"self":[{"href":"https:\/\/www.webdo.tn\/fr\/wp-json\/wp\/v2\/posts\/222098","targetHints":{"allow":["GET"]}}],"collection":[{"href":"https:\/\/www.webdo.tn\/fr\/wp-json\/wp\/v2\/posts"}],"about":[{"href":"https:\/\/www.webdo.tn\/fr\/wp-json\/wp\/v2\/types\/post"}],"author":[{"embeddable":true,"href":"https:\/\/www.webdo.tn\/fr\/wp-json\/wp\/v2\/users\/3162"}],"replies":[{"embeddable":true,"href":"https:\/\/www.webdo.tn\/fr\/wp-json\/wp\/v2\/comments?post=222098"}],"version-history":[{"count":0,"href":"https:\/\/www.webdo.tn\/fr\/wp-json\/wp\/v2\/posts\/222098\/revisions"}],"wp:featuredmedia":[{"embeddable":true,"href":"https:\/\/www.webdo.tn\/fr\/wp-json\/wp\/v2\/media\/366091"}],"wp:attachment":[{"href":"https:\/\/www.webdo.tn\/fr\/wp-json\/wp\/v2\/media?parent=222098"}],"wp:term":[{"taxonomy":"category","embeddable":true,"href":"https:\/\/www.webdo.tn\/fr\/wp-json\/wp\/v2\/categories?post=222098"},{"taxonomy":"post_tag","embeddable":true,"href":"https:\/\/www.webdo.tn\/fr\/wp-json\/wp\/v2\/tags?post=222098"}],"curies":[{"name":"wp","href":"https:\/\/api.w.org\/{rel}","templated":true}]}}