{"id":222089,"date":"2025-05-20T20:11:00","date_gmt":"2025-05-20T20:11:00","guid":{"rendered":"https:\/\/www.webdo.tn\/fr\/actualite\/blog\/aziz-dougaz-quitte-roland-garros-prematurement\/222089\/"},"modified":"2025-05-20T20:11:00","modified_gmt":"2025-05-20T20:11:00","slug":"aziz-dougaz-quitte-roland-garros-prematurement","status":"publish","type":"post","link":"https:\/\/www.webdo.tn\/fr\/actualite\/sport\/aziz-dougaz-quitte-roland-garros-prematurement\/222089\/","title":{"rendered":"Aziz Dougaz quitte Roland Garros pr\u00e9matur\u00e9ment"},"content":{"rendered":"<p>Le r\u00eave parisien d\u2019Aziz Dougaz s\u2019est rapidement envol\u00e9. Le tennisman tunisien, class\u00e9 222e mondial, a \u00e9t\u00e9 \u00e9limin\u00e9 mardi d\u00e8s le premier tour des qualifications de Roland-Garros, deuxi\u00e8me lev\u00e9e du Grand Chelem, apr\u00e8s une d\u00e9faite serr\u00e9e en trois sets face au Kazakh Dmitry Popko (164e) : 6-7, 6-3, 6-7.<\/p>\n<p>Malgr\u00e9 une belle combativit\u00e9, Dougaz n\u2019a pas su renverser la tendance dans les moments cl\u00e9s du match. Il s\u2019incline au terme d\u2019un duel tr\u00e8s disput\u00e9, marqu\u00e9 par deux tie-breaks remport\u00e9s par son adversaire, plus solide dans les phases d\u00e9cisives.<\/p>\n<p>Cette \u00e9limination pr\u00e9matur\u00e9e met fin aux espoirs du joueur tunisien de retrouver le tableau principal d\u2019un Grand Chelem pour la deuxi\u00e8me fois cette ann\u00e9e. En janvier dernier, Dougaz avait r\u00e9ussi \u00e0 franchir les qualifications de l\u2019Open d\u2019Australie, r\u00e9alisant une performance remarqu\u00e9e qui marquait une \u00e9tape importante dans sa progression.<\/p>\n<p>Malgr\u00e9 la d\u00e9ception, cette exp\u00e9rience \u00e0 Paris reste une \u00e9tape de plus dans le parcours du joueur de 27 ans, qui continue de viser une place plus stable dans le Top 200 mondial. Il devrait d\u00e9sormais se tourner vers les prochains tournois Challenger pour tenter de regagner des points et relancer sa saison sur terre battue.<\/p>\n","protected":false},"excerpt":{"rendered":"<p>Le Tunisien Aziz Dougaz (222e ATP) est \u00e9limin\u00e9 d\u00e8s le premier tour des qualifications de Roland-Garros 2025, battu en trois sets par Dmitry Popko. Retour sur ce&#8230;<\/p>\n","protected":false},"author":3162,"featured_media":366089,"comment_status":"open","ping_status":"closed","sticky":false,"template":"","format":"standard","meta":{"footnotes":""},"categories":[2593],"tags":[4418,6366,2605,2608],"class_list":["post-222089","post","type-post","status-publish","format-standard","has-post-thumbnail","hentry","category-sport","tag-aziz-dougaz","tag-roland-garros","tag-tennis","tag-tunisie"],"yoast_head":"<!-- This site is optimized with the Yoast SEO Premium plugin v27.4 (Yoast SEO v27.5) - https:\/\/yoast.com\/product\/yoast-seo-premium-wordpress\/ -->\n<title>Aziz Dougaz quitte Roland Garros pr\u00e9matur\u00e9ment<\/title>\n<meta name=\"description\" content=\"Le Tunisien Aziz Dougaz (222e ATP) est \u00e9limin\u00e9 d\u00e8s le premier tour des qualifications de Roland-Garros 2025, battu en trois sets par Dmitry Popko. Retour sur ce...\" \/>\n<link rel=\"canonical\" href=\"https:\/\/www.webdo.tn\/fr\/actualite\/sport\/aziz-dougaz-quitte-roland-garros-prematurement\/222089\/\" \/>\n<meta property=\"og:locale\" content=\"fr_FR\" \/>\n<meta property=\"og:type\" content=\"article\" \/>\n<meta property=\"og:title\" content=\"Aziz Dougaz quitte Roland Garros pr\u00e9matur\u00e9ment\" \/>\n<meta property=\"og:description\" content=\"Le Tunisien Aziz Dougaz (222e ATP) est \u00e9limin\u00e9 d\u00e8s le premier tour des qualifications de Roland-Garros 2025, battu en trois sets par Dmitry Popko. Retour sur ce...\" \/>\n<meta property=\"og:url\" content=\"https:\/\/www.webdo.tn\/fr\/actualite\/sport\/aziz-dougaz-quitte-roland-garros-prematurement\/222089\/\" \/>\n<meta property=\"og:site_name\" content=\"webdo\" \/>\n<meta property=\"article:publisher\" content=\"https:\/\/www.facebook.com\/webdotn\" \/>\n<meta property=\"article:published_time\" content=\"2025-05-20T20:11:00+00:00\" \/>\n<meta property=\"og:image\" content=\"https:\/\/www.webdo.tn\/fr\/wp-content\/uploads\/2025\/05\/7854c3d838e22c20bbf09c34dce0a45f.webp\" \/>\n\t<meta property=\"og:image:width\" content=\"750\" \/>\n\t<meta property=\"og:image:height\" content=\"400\" \/>\n\t<meta property=\"og:image:type\" content=\"image\/webp\" \/>\n<meta name=\"author\" content=\"MC\" \/>\n<meta name=\"twitter:card\" content=\"summary_large_image\" \/>\n<meta name=\"twitter:creator\" content=\"@webdo_tn\" \/>\n<meta name=\"twitter:site\" content=\"@webdo_tn\" \/>\n<meta name=\"twitter:label1\" content=\"\u00c9crit par\" \/>\n\t<meta name=\"twitter:data1\" content=\"MC\" \/>\n\t<meta name=\"twitter:label2\" content=\"Dur\u00e9e de lecture estim\u00e9e\" \/>\n\t<meta name=\"twitter:data2\" content=\"1 minute\" \/>\n<script type=\"application\/ld+json\" class=\"yoast-schema-graph\">{\"@context\":\"https:\\\/\\\/schema.org\",\"@graph\":[{\"@type\":\"NewsArticle\",\"@id\":\"https:\\\/\\\/www.webdo.tn\\\/fr\\\/actualite\\\/sport\\\/aziz-dougaz-quitte-roland-garros-prematurement\\\/222089\\\/#article\",\"isPartOf\":{\"@id\":\"https:\\\/\\\/www.webdo.tn\\\/fr\\\/actualite\\\/sport\\\/aziz-dougaz-quitte-roland-garros-prematurement\\\/222089\\\/\"},\"author\":{\"name\":\"MC\",\"@id\":\"https:\\\/\\\/www.webdo.tn\\\/fr\\\/#\\\/schema\\\/person\\\/2c4929cbf5a809e3bd38617c6ce150f6\"},\"headline\":\"Aziz Dougaz quitte Roland Garros pr\u00e9matur\u00e9ment\",\"datePublished\":\"2025-05-20T20:11:00+00:00\",\"mainEntityOfPage\":{\"@id\":\"https:\\\/\\\/www.webdo.tn\\\/fr\\\/actualite\\\/sport\\\/aziz-dougaz-quitte-roland-garros-prematurement\\\/222089\\\/\"},\"wordCount\":224,\"commentCount\":0,\"publisher\":{\"@id\":\"https:\\\/\\\/www.webdo.tn\\\/fr\\\/#organization\"},\"image\":{\"@id\":\"https:\\\/\\\/www.webdo.tn\\\/fr\\\/actualite\\\/sport\\\/aziz-dougaz-quitte-roland-garros-prematurement\\\/222089\\\/#primaryimage\"},\"thumbnailUrl\":\"https:\\\/\\\/www.webdo.tn\\\/fr\\\/wp-content\\\/uploads\\\/2025\\\/05\\\/7854c3d838e22c20bbf09c34dce0a45f.webp\",\"keywords\":[\"aziz dougaz\",\"roland garros\",\"tennis\",\"Tunisie\"],\"articleSection\":[\"Sport\"],\"inLanguage\":\"fr-FR\"},{\"@type\":\"WebPage\",\"@id\":\"https:\\\/\\\/www.webdo.tn\\\/fr\\\/actualite\\\/sport\\\/aziz-dougaz-quitte-roland-garros-prematurement\\\/222089\\\/\",\"url\":\"https:\\\/\\\/www.webdo.tn\\\/fr\\\/actualite\\\/sport\\\/aziz-dougaz-quitte-roland-garros-prematurement\\\/222089\\\/\",\"name\":\"Aziz Dougaz quitte Roland Garros pr\u00e9matur\u00e9ment\",\"isPartOf\":{\"@id\":\"https:\\\/\\\/www.webdo.tn\\\/fr\\\/#website\"},\"primaryImageOfPage\":{\"@id\":\"https:\\\/\\\/www.webdo.tn\\\/fr\\\/actualite\\\/sport\\\/aziz-dougaz-quitte-roland-garros-prematurement\\\/222089\\\/#primaryimage\"},\"image\":{\"@id\":\"https:\\\/\\\/www.webdo.tn\\\/fr\\\/actualite\\\/sport\\\/aziz-dougaz-quitte-roland-garros-prematurement\\\/222089\\\/#primaryimage\"},\"thumbnailUrl\":\"https:\\\/\\\/www.webdo.tn\\\/fr\\\/wp-content\\\/uploads\\\/2025\\\/05\\\/7854c3d838e22c20bbf09c34dce0a45f.webp\",\"datePublished\":\"2025-05-20T20:11:00+00:00\",\"description\":\"Le Tunisien Aziz Dougaz (222e ATP) est \u00e9limin\u00e9 d\u00e8s le premier tour des qualifications de Roland-Garros 2025, battu en trois sets par Dmitry Popko. Retour sur ce...\",\"breadcrumb\":{\"@id\":\"https:\\\/\\\/www.webdo.tn\\\/fr\\\/actualite\\\/sport\\\/aziz-dougaz-quitte-roland-garros-prematurement\\\/222089\\\/#breadcrumb\"},\"inLanguage\":\"fr-FR\",\"potentialAction\":[{\"@type\":\"ReadAction\",\"target\":[\"https:\\\/\\\/www.webdo.tn\\\/fr\\\/actualite\\\/sport\\\/aziz-dougaz-quitte-roland-garros-prematurement\\\/222089\\\/\"]}]},{\"@type\":\"ImageObject\",\"inLanguage\":\"fr-FR\",\"@id\":\"https:\\\/\\\/www.webdo.tn\\\/fr\\\/actualite\\\/sport\\\/aziz-dougaz-quitte-roland-garros-prematurement\\\/222089\\\/#primaryimage\",\"url\":\"https:\\\/\\\/www.webdo.tn\\\/fr\\\/wp-content\\\/uploads\\\/2025\\\/05\\\/7854c3d838e22c20bbf09c34dce0a45f.webp\",\"contentUrl\":\"https:\\\/\\\/www.webdo.tn\\\/fr\\\/wp-content\\\/uploads\\\/2025\\\/05\\\/7854c3d838e22c20bbf09c34dce0a45f.webp\",\"width\":750,\"height\":400,\"caption\":\"Aziz Dougaz quitte Roland Garros pr\u00e9matur\u00e9ment\"},{\"@type\":\"BreadcrumbList\",\"@id\":\"https:\\\/\\\/www.webdo.tn\\\/fr\\\/actualite\\\/sport\\\/aziz-dougaz-quitte-roland-garros-prematurement\\\/222089\\\/#breadcrumb\",\"itemListElement\":[{\"@type\":\"ListItem\",\"position\":1,\"name\":\"Accueil\",\"item\":\"https:\\\/\\\/www.webdo.tn\\\/fr\\\/\"},{\"@type\":\"ListItem\",\"position\":2,\"name\":\"Aziz Dougaz quitte Roland Garros pr\u00e9matur\u00e9ment\"}]},{\"@type\":\"WebSite\",\"@id\":\"https:\\\/\\\/www.webdo.tn\\\/fr\\\/#website\",\"url\":\"https:\\\/\\\/www.webdo.tn\\\/fr\\\/\",\"name\":\"webdo\",\"description\":\"Tunisie - News en Tunisie et \u00e0 l&#039;international sur Webdo.tn\",\"publisher\":{\"@id\":\"https:\\\/\\\/www.webdo.tn\\\/fr\\\/#organization\"},\"potentialAction\":[{\"@type\":\"SearchAction\",\"target\":{\"@type\":\"EntryPoint\",\"urlTemplate\":\"https:\\\/\\\/www.webdo.tn\\\/fr\\\/?s={search_term_string}\"},\"query-input\":{\"@type\":\"PropertyValueSpecification\",\"valueRequired\":true,\"valueName\":\"search_term_string\"}}],\"inLanguage\":\"fr-FR\"},{\"@type\":\"Organization\",\"@id\":\"https:\\\/\\\/www.webdo.tn\\\/fr\\\/#organization\",\"name\":\"Webdo\",\"alternateName\":\"Webdo.tn\",\"url\":\"https:\\\/\\\/www.webdo.tn\\\/fr\\\/\",\"logo\":{\"@type\":\"ImageObject\",\"inLanguage\":\"fr-FR\",\"@id\":\"https:\\\/\\\/www.webdo.tn\\\/fr\\\/#\\\/schema\\\/logo\\\/image\\\/\",\"url\":\"https:\\\/\\\/www.webdo.tn\\\/fr\\\/wp-content\\\/uploads\\\/2025\\\/06\\\/Webdo-Tunisie_168377.jpg\",\"contentUrl\":\"https:\\\/\\\/www.webdo.tn\\\/fr\\\/wp-content\\\/uploads\\\/2025\\\/06\\\/Webdo-Tunisie_168377.jpg\",\"width\":301,\"height\":301,\"caption\":\"Webdo\"},\"image\":{\"@id\":\"https:\\\/\\\/www.webdo.tn\\\/fr\\\/#\\\/schema\\\/logo\\\/image\\\/\"},\"sameAs\":[\"https:\\\/\\\/www.facebook.com\\\/webdotn\",\"https:\\\/\\\/x.com\\\/webdo_tn\"],\"description\":\"Webdo est un m\u00e9dia num\u00e9rique tunisien fond\u00e9 en 2010, sp\u00e9cialis\u00e9 dans l\u2019actualit\u00e9 nationale et internationale, l\u2019\u00e9conomie, la soci\u00e9t\u00e9 et les analyses politiques. Le site s\u2019adresse \u00e0 un large public francophone et couvre l\u2019information tunisienne en temps r\u00e9el.\",\"email\":\"redac@webdo.tn\",\"legalName\":\"YNJ SARL\",\"foundingDate\":\"2010-09-06\",\"numberOfEmployees\":{\"@type\":\"QuantitativeValue\",\"minValue\":\"11\",\"maxValue\":\"50\"}},{\"@type\":\"Person\",\"@id\":\"https:\\\/\\\/www.webdo.tn\\\/fr\\\/#\\\/schema\\\/person\\\/2c4929cbf5a809e3bd38617c6ce150f6\",\"name\":\"MC\",\"image\":{\"@type\":\"ImageObject\",\"inLanguage\":\"fr-FR\",\"@id\":\"https:\\\/\\\/secure.gravatar.com\\\/avatar\\\/a545bbb6f84efdd5553dbbc2895e3ca8f1d12c5215e00a041c9670b54aa9b18a?s=96&d=mm&r=g\",\"url\":\"https:\\\/\\\/secure.gravatar.com\\\/avatar\\\/a545bbb6f84efdd5553dbbc2895e3ca8f1d12c5215e00a041c9670b54aa9b18a?s=96&d=mm&r=g\",\"contentUrl\":\"https:\\\/\\\/secure.gravatar.com\\\/avatar\\\/a545bbb6f84efdd5553dbbc2895e3ca8f1d12c5215e00a041c9670b54aa9b18a?s=96&d=mm&r=g\",\"caption\":\"MC\"},\"url\":\"https:\\\/\\\/www.webdo.tn\\\/fr\\\/actualite\\\/author\\\/mc\\\/\"}]}<\/script>\n<!-- \/ Yoast SEO Premium plugin. -->","yoast_head_json":{"title":"Aziz Dougaz quitte Roland Garros pr\u00e9matur\u00e9ment","description":"Le Tunisien Aziz Dougaz (222e ATP) est \u00e9limin\u00e9 d\u00e8s le premier tour des qualifications de Roland-Garros 2025, battu en trois sets par Dmitry Popko. Retour sur ce...","canonical":"https:\/\/www.webdo.tn\/fr\/actualite\/sport\/aziz-dougaz-quitte-roland-garros-prematurement\/222089\/","og_locale":"fr_FR","og_type":"article","og_title":"Aziz Dougaz quitte Roland Garros pr\u00e9matur\u00e9ment","og_description":"Le Tunisien Aziz Dougaz (222e ATP) est \u00e9limin\u00e9 d\u00e8s le premier tour des qualifications de Roland-Garros 2025, battu en trois sets par Dmitry Popko. Retour sur ce...","og_url":"https:\/\/www.webdo.tn\/fr\/actualite\/sport\/aziz-dougaz-quitte-roland-garros-prematurement\/222089\/","og_site_name":"webdo","article_publisher":"https:\/\/www.facebook.com\/webdotn","article_published_time":"2025-05-20T20:11:00+00:00","og_image":[{"width":750,"height":400,"url":"https:\/\/www.webdo.tn\/fr\/wp-content\/uploads\/2025\/05\/7854c3d838e22c20bbf09c34dce0a45f.webp","type":"image\/webp"}],"author":"MC","twitter_card":"summary_large_image","twitter_creator":"@webdo_tn","twitter_site":"@webdo_tn","twitter_misc":{"\u00c9crit par":"MC","Dur\u00e9e de lecture estim\u00e9e":"1 minute"},"schema":{"@context":"https:\/\/schema.org","@graph":[{"@type":"NewsArticle","@id":"https:\/\/www.webdo.tn\/fr\/actualite\/sport\/aziz-dougaz-quitte-roland-garros-prematurement\/222089\/#article","isPartOf":{"@id":"https:\/\/www.webdo.tn\/fr\/actualite\/sport\/aziz-dougaz-quitte-roland-garros-prematurement\/222089\/"},"author":{"name":"MC","@id":"https:\/\/www.webdo.tn\/fr\/#\/schema\/person\/2c4929cbf5a809e3bd38617c6ce150f6"},"headline":"Aziz Dougaz quitte Roland Garros pr\u00e9matur\u00e9ment","datePublished":"2025-05-20T20:11:00+00:00","mainEntityOfPage":{"@id":"https:\/\/www.webdo.tn\/fr\/actualite\/sport\/aziz-dougaz-quitte-roland-garros-prematurement\/222089\/"},"wordCount":224,"commentCount":0,"publisher":{"@id":"https:\/\/www.webdo.tn\/fr\/#organization"},"image":{"@id":"https:\/\/www.webdo.tn\/fr\/actualite\/sport\/aziz-dougaz-quitte-roland-garros-prematurement\/222089\/#primaryimage"},"thumbnailUrl":"https:\/\/www.webdo.tn\/fr\/wp-content\/uploads\/2025\/05\/7854c3d838e22c20bbf09c34dce0a45f.webp","keywords":["aziz dougaz","roland garros","tennis","Tunisie"],"articleSection":["Sport"],"inLanguage":"fr-FR"},{"@type":"WebPage","@id":"https:\/\/www.webdo.tn\/fr\/actualite\/sport\/aziz-dougaz-quitte-roland-garros-prematurement\/222089\/","url":"https:\/\/www.webdo.tn\/fr\/actualite\/sport\/aziz-dougaz-quitte-roland-garros-prematurement\/222089\/","name":"Aziz Dougaz quitte Roland Garros pr\u00e9matur\u00e9ment","isPartOf":{"@id":"https:\/\/www.webdo.tn\/fr\/#website"},"primaryImageOfPage":{"@id":"https:\/\/www.webdo.tn\/fr\/actualite\/sport\/aziz-dougaz-quitte-roland-garros-prematurement\/222089\/#primaryimage"},"image":{"@id":"https:\/\/www.webdo.tn\/fr\/actualite\/sport\/aziz-dougaz-quitte-roland-garros-prematurement\/222089\/#primaryimage"},"thumbnailUrl":"https:\/\/www.webdo.tn\/fr\/wp-content\/uploads\/2025\/05\/7854c3d838e22c20bbf09c34dce0a45f.webp","datePublished":"2025-05-20T20:11:00+00:00","description":"Le Tunisien Aziz Dougaz (222e ATP) est \u00e9limin\u00e9 d\u00e8s le premier tour des qualifications de Roland-Garros 2025, battu en trois sets par Dmitry Popko. Retour sur ce...","breadcrumb":{"@id":"https:\/\/www.webdo.tn\/fr\/actualite\/sport\/aziz-dougaz-quitte-roland-garros-prematurement\/222089\/#breadcrumb"},"inLanguage":"fr-FR","potentialAction":[{"@type":"ReadAction","target":["https:\/\/www.webdo.tn\/fr\/actualite\/sport\/aziz-dougaz-quitte-roland-garros-prematurement\/222089\/"]}]},{"@type":"ImageObject","inLanguage":"fr-FR","@id":"https:\/\/www.webdo.tn\/fr\/actualite\/sport\/aziz-dougaz-quitte-roland-garros-prematurement\/222089\/#primaryimage","url":"https:\/\/www.webdo.tn\/fr\/wp-content\/uploads\/2025\/05\/7854c3d838e22c20bbf09c34dce0a45f.webp","contentUrl":"https:\/\/www.webdo.tn\/fr\/wp-content\/uploads\/2025\/05\/7854c3d838e22c20bbf09c34dce0a45f.webp","width":750,"height":400,"caption":"Aziz Dougaz quitte Roland Garros pr\u00e9matur\u00e9ment"},{"@type":"BreadcrumbList","@id":"https:\/\/www.webdo.tn\/fr\/actualite\/sport\/aziz-dougaz-quitte-roland-garros-prematurement\/222089\/#breadcrumb","itemListElement":[{"@type":"ListItem","position":1,"name":"Accueil","item":"https:\/\/www.webdo.tn\/fr\/"},{"@type":"ListItem","position":2,"name":"Aziz Dougaz quitte Roland Garros pr\u00e9matur\u00e9ment"}]},{"@type":"WebSite","@id":"https:\/\/www.webdo.tn\/fr\/#website","url":"https:\/\/www.webdo.tn\/fr\/","name":"webdo","description":"Tunisie - News en Tunisie et \u00e0 l&#039;international sur Webdo.tn","publisher":{"@id":"https:\/\/www.webdo.tn\/fr\/#organization"},"potentialAction":[{"@type":"SearchAction","target":{"@type":"EntryPoint","urlTemplate":"https:\/\/www.webdo.tn\/fr\/?s={search_term_string}"},"query-input":{"@type":"PropertyValueSpecification","valueRequired":true,"valueName":"search_term_string"}}],"inLanguage":"fr-FR"},{"@type":"Organization","@id":"https:\/\/www.webdo.tn\/fr\/#organization","name":"Webdo","alternateName":"Webdo.tn","url":"https:\/\/www.webdo.tn\/fr\/","logo":{"@type":"ImageObject","inLanguage":"fr-FR","@id":"https:\/\/www.webdo.tn\/fr\/#\/schema\/logo\/image\/","url":"https:\/\/www.webdo.tn\/fr\/wp-content\/uploads\/2025\/06\/Webdo-Tunisie_168377.jpg","contentUrl":"https:\/\/www.webdo.tn\/fr\/wp-content\/uploads\/2025\/06\/Webdo-Tunisie_168377.jpg","width":301,"height":301,"caption":"Webdo"},"image":{"@id":"https:\/\/www.webdo.tn\/fr\/#\/schema\/logo\/image\/"},"sameAs":["https:\/\/www.facebook.com\/webdotn","https:\/\/x.com\/webdo_tn"],"description":"Webdo est un m\u00e9dia num\u00e9rique tunisien fond\u00e9 en 2010, sp\u00e9cialis\u00e9 dans l\u2019actualit\u00e9 nationale et internationale, l\u2019\u00e9conomie, la soci\u00e9t\u00e9 et les analyses politiques. Le site s\u2019adresse \u00e0 un large public francophone et couvre l\u2019information tunisienne en temps r\u00e9el.","email":"redac@webdo.tn","legalName":"YNJ SARL","foundingDate":"2010-09-06","numberOfEmployees":{"@type":"QuantitativeValue","minValue":"11","maxValue":"50"}},{"@type":"Person","@id":"https:\/\/www.webdo.tn\/fr\/#\/schema\/person\/2c4929cbf5a809e3bd38617c6ce150f6","name":"MC","image":{"@type":"ImageObject","inLanguage":"fr-FR","@id":"https:\/\/secure.gravatar.com\/avatar\/a545bbb6f84efdd5553dbbc2895e3ca8f1d12c5215e00a041c9670b54aa9b18a?s=96&d=mm&r=g","url":"https:\/\/secure.gravatar.com\/avatar\/a545bbb6f84efdd5553dbbc2895e3ca8f1d12c5215e00a041c9670b54aa9b18a?s=96&d=mm&r=g","contentUrl":"https:\/\/secure.gravatar.com\/avatar\/a545bbb6f84efdd5553dbbc2895e3ca8f1d12c5215e00a041c9670b54aa9b18a?s=96&d=mm&r=g","caption":"MC"},"url":"https:\/\/www.webdo.tn\/fr\/actualite\/author\/mc\/"}]}},"_links":{"self":[{"href":"https:\/\/www.webdo.tn\/fr\/wp-json\/wp\/v2\/posts\/222089","targetHints":{"allow":["GET"]}}],"collection":[{"href":"https:\/\/www.webdo.tn\/fr\/wp-json\/wp\/v2\/posts"}],"about":[{"href":"https:\/\/www.webdo.tn\/fr\/wp-json\/wp\/v2\/types\/post"}],"author":[{"embeddable":true,"href":"https:\/\/www.webdo.tn\/fr\/wp-json\/wp\/v2\/users\/3162"}],"replies":[{"embeddable":true,"href":"https:\/\/www.webdo.tn\/fr\/wp-json\/wp\/v2\/comments?post=222089"}],"version-history":[{"count":0,"href":"https:\/\/www.webdo.tn\/fr\/wp-json\/wp\/v2\/posts\/222089\/revisions"}],"wp:featuredmedia":[{"embeddable":true,"href":"https:\/\/www.webdo.tn\/fr\/wp-json\/wp\/v2\/media\/366089"}],"wp:attachment":[{"href":"https:\/\/www.webdo.tn\/fr\/wp-json\/wp\/v2\/media?parent=222089"}],"wp:term":[{"taxonomy":"category","embeddable":true,"href":"https:\/\/www.webdo.tn\/fr\/wp-json\/wp\/v2\/categories?post=222089"},{"taxonomy":"post_tag","embeddable":true,"href":"https:\/\/www.webdo.tn\/fr\/wp-json\/wp\/v2\/tags?post=222089"}],"curies":[{"name":"wp","href":"https:\/\/api.w.org\/{rel}","templated":true}]}}