{"id":222082,"date":"2025-05-20T14:08:00","date_gmt":"2025-05-20T14:08:00","guid":{"rendered":"https:\/\/www.webdo.tn\/fr\/actualite\/blog\/20-soudeurs-tunisiens-diplomes-prets-a-integrer-fincantieri-en-italie\/222082\/"},"modified":"2025-05-20T14:08:00","modified_gmt":"2025-05-20T14:08:00","slug":"20-soudeurs-tunisiens-diplomes-prets-a-integrer-fincantieri-en-italie","status":"publish","type":"post","link":"https:\/\/www.webdo.tn\/fr\/actualite\/national\/20-soudeurs-tunisiens-diplomes-prets-a-integrer-fincantieri-en-italie\/222082\/","title":{"rendered":"20 soudeurs tunisiens dipl\u00f4m\u00e9s pr\u00eats \u00e0 int\u00e9grer Fincantieri en Italie"},"content":{"rendered":"<p>Le premier cycle du \u00ab Projet Tunisie \u00bb, lanc\u00e9 par Fincantieri, le leader italien de la construction navale, dans le cadre du plan strat\u00e9gique \u00ab Piano Mattei \u00bb Italie-Afrique, s\u2019est achev\u00e9 avec succ\u00e8s. Vingt jeunes Tunisiens ont re\u00e7u leur dipl\u00f4me apr\u00e8s une formation intensive m\u00ealant enseignement civique, apprentissage de l\u2019italien et techniques de soudure navale, rapporte l&rsquo;agence Ansa.<\/p>\n<p> La c\u00e9r\u00e9monie s\u2019est tenue, le 15 mai 2025, \u00e0 La Goulette, en pr\u00e9sence de l\u2019ambassadeur d\u2019Italie \u00e0 Tunis, Alessandro Prunas, ainsi que de responsables de Fincantieri et des partenaires tunisiens. Ce projet a \u00e9t\u00e9 rendu possible gr\u00e2ce \u00e0 une collaboration entre Fincantieri, le Centro ELIS, l\u2019Agenzia Orienta, le Cluster Maritime Tunisien, la CONECT, la Team Environmental Infrastructure Academy et la soci\u00e9t\u00e9 Palescandolo CNT.<\/p>\n<p>Pendant pr\u00e8s de 300 heures, les participants ont suivi des cours \u00e0 La Goulette et Bizerte, combinant formation linguistique, culture civique, s\u00e9curit\u00e9 au travail et soudure manuelle. Cette initiative r\u00e9pond au besoin de main-d\u2019\u0153uvre qualifi\u00e9e dans le secteur naval italien.<\/p>\n<p>\u00c0 l\u2019issue de la formation, les dipl\u00f4m\u00e9s seront embauch\u00e9s en Italie par Fincantieri ou ses sous-traitants, avec des contrats de travail r\u00e9guliers, dans le cadre du d\u00e9cret Cutro qui s\u00e9curise la mobilit\u00e9 professionnelle.<\/p>\n<p>Luciano Sale, directeur des ressources humaines de Fincantieri, a soulign\u00e9 que ce projet refl\u00e8te la volont\u00e9 du groupe d\u2019investir dans le capital humain au-del\u00e0 des fronti\u00e8res, favorisant la comp\u00e9titivit\u00e9 et l\u2019int\u00e9gration sociale.<\/p>\n<p>Le \u00ab Projet Tunisie \u00bb est un mod\u00e8le innovant de coop\u00e9ration bilat\u00e9rale, qui allie formation, emploi et d\u00e9veloppement partag\u00e9, renfor\u00e7ant les liens \u00e9conomiques et culturels entre la Tunisie et l\u2019Italie.<\/p>\n","protected":false},"excerpt":{"rendered":"<p>Vingt jeunes Tunisiens form\u00e9s \u00e0 la soudure navale int\u00e8grent Fincantieri en Italie, dans le cadre du plan Mattei de coop\u00e9ration Italie-Tunisie.<\/p>\n","protected":false},"author":4779,"featured_media":366151,"comment_status":"open","ping_status":"closed","sticky":false,"template":"","format":"standard","meta":{"footnotes":""},"categories":[44],"tags":[11738,2660,11739,2608],"class_list":["post-222082","post","type-post","status-publish","format-standard","has-post-thumbnail","hentry","category-national","tag-fincantieri","tag-italie","tag-soudeurs-tunisiens","tag-tunisie"],"yoast_head":"<!-- This site is optimized with the Yoast SEO Premium plugin v27.5 (Yoast SEO v27.5) - https:\/\/yoast.com\/product\/yoast-seo-premium-wordpress\/ -->\n<title>20 soudeurs tunisiens dipl\u00f4m\u00e9s pr\u00eats \u00e0 int\u00e9grer Fincantieri en Italie<\/title>\n<meta name=\"description\" content=\"Vingt jeunes Tunisiens form\u00e9s \u00e0 la soudure navale int\u00e8grent Fincantieri en Italie, dans le cadre du plan Mattei de coop\u00e9ration Italie-Tunisie.\" \/>\n<link rel=\"canonical\" href=\"https:\/\/www.webdo.tn\/fr\/actualite\/national\/20-soudeurs-tunisiens-diplomes-prets-a-integrer-fincantieri-en-italie\/222082\/\" \/>\n<meta property=\"og:locale\" content=\"fr_FR\" \/>\n<meta property=\"og:type\" content=\"article\" \/>\n<meta property=\"og:title\" content=\"20 soudeurs tunisiens dipl\u00f4m\u00e9s pr\u00eats \u00e0 int\u00e9grer Fincantieri en Italie\" \/>\n<meta property=\"og:description\" content=\"Vingt jeunes Tunisiens form\u00e9s \u00e0 la soudure navale int\u00e8grent Fincantieri en Italie, dans le cadre du plan Mattei de coop\u00e9ration Italie-Tunisie.\" \/>\n<meta property=\"og:url\" content=\"https:\/\/www.webdo.tn\/fr\/actualite\/national\/20-soudeurs-tunisiens-diplomes-prets-a-integrer-fincantieri-en-italie\/222082\/\" \/>\n<meta property=\"og:site_name\" content=\"webdo\" \/>\n<meta property=\"article:publisher\" content=\"https:\/\/www.facebook.com\/webdotn\" \/>\n<meta property=\"article:published_time\" content=\"2025-05-20T14:08:00+00:00\" \/>\n<meta property=\"og:image\" content=\"https:\/\/www.webdo.tn\/fr\/wp-content\/uploads\/2025\/05\/29ce3de39f5584a47c09be3309a6e4e7.webp\" \/>\n\t<meta property=\"og:image:width\" content=\"750\" \/>\n\t<meta property=\"og:image:height\" content=\"400\" \/>\n\t<meta property=\"og:image:type\" content=\"image\/webp\" \/>\n<meta name=\"author\" content=\"Firas Ben Abdeltif\" \/>\n<meta name=\"twitter:card\" content=\"summary_large_image\" \/>\n<meta name=\"twitter:creator\" content=\"@webdo_tn\" \/>\n<meta name=\"twitter:site\" content=\"@webdo_tn\" \/>\n<meta name=\"twitter:label1\" content=\"\u00c9crit par\" \/>\n\t<meta name=\"twitter:data1\" content=\"Firas Ben Abdeltif\" \/>\n\t<meta name=\"twitter:label2\" content=\"Dur\u00e9e de lecture estim\u00e9e\" \/>\n\t<meta name=\"twitter:data2\" content=\"1 minute\" \/>\n<script type=\"application\/ld+json\" class=\"yoast-schema-graph\">{\"@context\":\"https:\\\/\\\/schema.org\",\"@graph\":[{\"@type\":\"NewsArticle\",\"@id\":\"https:\\\/\\\/www.webdo.tn\\\/fr\\\/actualite\\\/national\\\/20-soudeurs-tunisiens-diplomes-prets-a-integrer-fincantieri-en-italie\\\/222082\\\/#article\",\"isPartOf\":{\"@id\":\"https:\\\/\\\/www.webdo.tn\\\/fr\\\/actualite\\\/national\\\/20-soudeurs-tunisiens-diplomes-prets-a-integrer-fincantieri-en-italie\\\/222082\\\/\"},\"author\":{\"name\":\"Firas Ben Abdeltif\",\"@id\":\"https:\\\/\\\/www.webdo.tn\\\/fr\\\/#\\\/schema\\\/person\\\/19664196c9bfdcda126f3c27709f7d11\"},\"headline\":\"20 soudeurs tunisiens dipl\u00f4m\u00e9s pr\u00eats \u00e0 int\u00e9grer Fincantieri en Italie\",\"datePublished\":\"2025-05-20T14:08:00+00:00\",\"mainEntityOfPage\":{\"@id\":\"https:\\\/\\\/www.webdo.tn\\\/fr\\\/actualite\\\/national\\\/20-soudeurs-tunisiens-diplomes-prets-a-integrer-fincantieri-en-italie\\\/222082\\\/\"},\"wordCount\":296,\"commentCount\":0,\"publisher\":{\"@id\":\"https:\\\/\\\/www.webdo.tn\\\/fr\\\/#organization\"},\"image\":{\"@id\":\"https:\\\/\\\/www.webdo.tn\\\/fr\\\/actualite\\\/national\\\/20-soudeurs-tunisiens-diplomes-prets-a-integrer-fincantieri-en-italie\\\/222082\\\/#primaryimage\"},\"thumbnailUrl\":\"https:\\\/\\\/www.webdo.tn\\\/fr\\\/wp-content\\\/uploads\\\/2025\\\/05\\\/29ce3de39f5584a47c09be3309a6e4e7.webp\",\"keywords\":[\"Fincantieri\",\"Italie\",\"soudeurs tunisiens\",\"Tunisie\"],\"articleSection\":[\"National\"],\"inLanguage\":\"fr-FR\"},{\"@type\":\"WebPage\",\"@id\":\"https:\\\/\\\/www.webdo.tn\\\/fr\\\/actualite\\\/national\\\/20-soudeurs-tunisiens-diplomes-prets-a-integrer-fincantieri-en-italie\\\/222082\\\/\",\"url\":\"https:\\\/\\\/www.webdo.tn\\\/fr\\\/actualite\\\/national\\\/20-soudeurs-tunisiens-diplomes-prets-a-integrer-fincantieri-en-italie\\\/222082\\\/\",\"name\":\"20 soudeurs tunisiens dipl\u00f4m\u00e9s pr\u00eats \u00e0 int\u00e9grer Fincantieri en Italie\",\"isPartOf\":{\"@id\":\"https:\\\/\\\/www.webdo.tn\\\/fr\\\/#website\"},\"primaryImageOfPage\":{\"@id\":\"https:\\\/\\\/www.webdo.tn\\\/fr\\\/actualite\\\/national\\\/20-soudeurs-tunisiens-diplomes-prets-a-integrer-fincantieri-en-italie\\\/222082\\\/#primaryimage\"},\"image\":{\"@id\":\"https:\\\/\\\/www.webdo.tn\\\/fr\\\/actualite\\\/national\\\/20-soudeurs-tunisiens-diplomes-prets-a-integrer-fincantieri-en-italie\\\/222082\\\/#primaryimage\"},\"thumbnailUrl\":\"https:\\\/\\\/www.webdo.tn\\\/fr\\\/wp-content\\\/uploads\\\/2025\\\/05\\\/29ce3de39f5584a47c09be3309a6e4e7.webp\",\"datePublished\":\"2025-05-20T14:08:00+00:00\",\"description\":\"Vingt jeunes Tunisiens form\u00e9s \u00e0 la soudure navale int\u00e8grent Fincantieri en Italie, dans le cadre du plan Mattei de coop\u00e9ration Italie-Tunisie.\",\"breadcrumb\":{\"@id\":\"https:\\\/\\\/www.webdo.tn\\\/fr\\\/actualite\\\/national\\\/20-soudeurs-tunisiens-diplomes-prets-a-integrer-fincantieri-en-italie\\\/222082\\\/#breadcrumb\"},\"inLanguage\":\"fr-FR\",\"potentialAction\":[{\"@type\":\"ReadAction\",\"target\":[\"https:\\\/\\\/www.webdo.tn\\\/fr\\\/actualite\\\/national\\\/20-soudeurs-tunisiens-diplomes-prets-a-integrer-fincantieri-en-italie\\\/222082\\\/\"]}]},{\"@type\":\"ImageObject\",\"inLanguage\":\"fr-FR\",\"@id\":\"https:\\\/\\\/www.webdo.tn\\\/fr\\\/actualite\\\/national\\\/20-soudeurs-tunisiens-diplomes-prets-a-integrer-fincantieri-en-italie\\\/222082\\\/#primaryimage\",\"url\":\"https:\\\/\\\/www.webdo.tn\\\/fr\\\/wp-content\\\/uploads\\\/2025\\\/05\\\/29ce3de39f5584a47c09be3309a6e4e7.webp\",\"contentUrl\":\"https:\\\/\\\/www.webdo.tn\\\/fr\\\/wp-content\\\/uploads\\\/2025\\\/05\\\/29ce3de39f5584a47c09be3309a6e4e7.webp\",\"width\":750,\"height\":400,\"caption\":\"20 soudeurs tunisiens dipl\u00f4m\u00e9s pr\u00eats \u00e0 int\u00e9grer Fincantieri en Italie\"},{\"@type\":\"BreadcrumbList\",\"@id\":\"https:\\\/\\\/www.webdo.tn\\\/fr\\\/actualite\\\/national\\\/20-soudeurs-tunisiens-diplomes-prets-a-integrer-fincantieri-en-italie\\\/222082\\\/#breadcrumb\",\"itemListElement\":[{\"@type\":\"ListItem\",\"position\":1,\"name\":\"Accueil\",\"item\":\"https:\\\/\\\/www.webdo.tn\\\/fr\\\/\"},{\"@type\":\"ListItem\",\"position\":2,\"name\":\"20 soudeurs tunisiens dipl\u00f4m\u00e9s pr\u00eats \u00e0 int\u00e9grer Fincantieri en Italie\"}]},{\"@type\":\"WebSite\",\"@id\":\"https:\\\/\\\/www.webdo.tn\\\/fr\\\/#website\",\"url\":\"https:\\\/\\\/www.webdo.tn\\\/fr\\\/\",\"name\":\"webdo\",\"description\":\"Tunisie - News en Tunisie et \u00e0 l&#039;international sur Webdo.tn\",\"publisher\":{\"@id\":\"https:\\\/\\\/www.webdo.tn\\\/fr\\\/#organization\"},\"potentialAction\":[{\"@type\":\"SearchAction\",\"target\":{\"@type\":\"EntryPoint\",\"urlTemplate\":\"https:\\\/\\\/www.webdo.tn\\\/fr\\\/?s={search_term_string}\"},\"query-input\":{\"@type\":\"PropertyValueSpecification\",\"valueRequired\":true,\"valueName\":\"search_term_string\"}}],\"inLanguage\":\"fr-FR\"},{\"@type\":\"Organization\",\"@id\":\"https:\\\/\\\/www.webdo.tn\\\/fr\\\/#organization\",\"name\":\"Webdo\",\"alternateName\":\"Webdo.tn\",\"url\":\"https:\\\/\\\/www.webdo.tn\\\/fr\\\/\",\"logo\":{\"@type\":\"ImageObject\",\"inLanguage\":\"fr-FR\",\"@id\":\"https:\\\/\\\/www.webdo.tn\\\/fr\\\/#\\\/schema\\\/logo\\\/image\\\/\",\"url\":\"https:\\\/\\\/www.webdo.tn\\\/fr\\\/wp-content\\\/uploads\\\/2025\\\/06\\\/Webdo-Tunisie_168377.jpg\",\"contentUrl\":\"https:\\\/\\\/www.webdo.tn\\\/fr\\\/wp-content\\\/uploads\\\/2025\\\/06\\\/Webdo-Tunisie_168377.jpg\",\"width\":301,\"height\":301,\"caption\":\"Webdo\"},\"image\":{\"@id\":\"https:\\\/\\\/www.webdo.tn\\\/fr\\\/#\\\/schema\\\/logo\\\/image\\\/\"},\"sameAs\":[\"https:\\\/\\\/www.facebook.com\\\/webdotn\",\"https:\\\/\\\/x.com\\\/webdo_tn\"],\"description\":\"Webdo est un m\u00e9dia num\u00e9rique tunisien fond\u00e9 en 2010, sp\u00e9cialis\u00e9 dans l\u2019actualit\u00e9 nationale et internationale, l\u2019\u00e9conomie, la soci\u00e9t\u00e9 et les analyses politiques. Le site s\u2019adresse \u00e0 un large public francophone et couvre l\u2019information tunisienne en temps r\u00e9el.\",\"email\":\"redac@webdo.tn\",\"legalName\":\"YNJ SARL\",\"foundingDate\":\"2010-09-06\",\"numberOfEmployees\":{\"@type\":\"QuantitativeValue\",\"minValue\":\"11\",\"maxValue\":\"50\"}},{\"@type\":\"Person\",\"@id\":\"https:\\\/\\\/www.webdo.tn\\\/fr\\\/#\\\/schema\\\/person\\\/19664196c9bfdcda126f3c27709f7d11\",\"name\":\"Firas Ben Abdeltif\",\"image\":{\"@type\":\"ImageObject\",\"inLanguage\":\"fr-FR\",\"@id\":\"https:\\\/\\\/secure.gravatar.com\\\/avatar\\\/161a347d40df098a084778c52ed133dbd85f14df003867067c5948081241ec55?s=96&d=mm&r=g\",\"url\":\"https:\\\/\\\/secure.gravatar.com\\\/avatar\\\/161a347d40df098a084778c52ed133dbd85f14df003867067c5948081241ec55?s=96&d=mm&r=g\",\"contentUrl\":\"https:\\\/\\\/secure.gravatar.com\\\/avatar\\\/161a347d40df098a084778c52ed133dbd85f14df003867067c5948081241ec55?s=96&d=mm&r=g\",\"caption\":\"Firas Ben Abdeltif\"},\"url\":\"https:\\\/\\\/www.webdo.tn\\\/fr\\\/actualite\\\/author\\\/firas-ben-abdeltif\\\/\"}]}<\/script>\n<!-- \/ Yoast SEO Premium plugin. -->","yoast_head_json":{"title":"20 soudeurs tunisiens dipl\u00f4m\u00e9s pr\u00eats \u00e0 int\u00e9grer Fincantieri en Italie","description":"Vingt jeunes Tunisiens form\u00e9s \u00e0 la soudure navale int\u00e8grent Fincantieri en Italie, dans le cadre du plan Mattei de coop\u00e9ration Italie-Tunisie.","canonical":"https:\/\/www.webdo.tn\/fr\/actualite\/national\/20-soudeurs-tunisiens-diplomes-prets-a-integrer-fincantieri-en-italie\/222082\/","og_locale":"fr_FR","og_type":"article","og_title":"20 soudeurs tunisiens dipl\u00f4m\u00e9s pr\u00eats \u00e0 int\u00e9grer Fincantieri en Italie","og_description":"Vingt jeunes Tunisiens form\u00e9s \u00e0 la soudure navale int\u00e8grent Fincantieri en Italie, dans le cadre du plan Mattei de coop\u00e9ration Italie-Tunisie.","og_url":"https:\/\/www.webdo.tn\/fr\/actualite\/national\/20-soudeurs-tunisiens-diplomes-prets-a-integrer-fincantieri-en-italie\/222082\/","og_site_name":"webdo","article_publisher":"https:\/\/www.facebook.com\/webdotn","article_published_time":"2025-05-20T14:08:00+00:00","og_image":[{"width":750,"height":400,"url":"https:\/\/www.webdo.tn\/fr\/wp-content\/uploads\/2025\/05\/29ce3de39f5584a47c09be3309a6e4e7.webp","type":"image\/webp"}],"author":"Firas Ben Abdeltif","twitter_card":"summary_large_image","twitter_creator":"@webdo_tn","twitter_site":"@webdo_tn","twitter_misc":{"\u00c9crit par":"Firas Ben Abdeltif","Dur\u00e9e de lecture estim\u00e9e":"1 minute"},"schema":{"@context":"https:\/\/schema.org","@graph":[{"@type":"NewsArticle","@id":"https:\/\/www.webdo.tn\/fr\/actualite\/national\/20-soudeurs-tunisiens-diplomes-prets-a-integrer-fincantieri-en-italie\/222082\/#article","isPartOf":{"@id":"https:\/\/www.webdo.tn\/fr\/actualite\/national\/20-soudeurs-tunisiens-diplomes-prets-a-integrer-fincantieri-en-italie\/222082\/"},"author":{"name":"Firas Ben Abdeltif","@id":"https:\/\/www.webdo.tn\/fr\/#\/schema\/person\/19664196c9bfdcda126f3c27709f7d11"},"headline":"20 soudeurs tunisiens dipl\u00f4m\u00e9s pr\u00eats \u00e0 int\u00e9grer Fincantieri en Italie","datePublished":"2025-05-20T14:08:00+00:00","mainEntityOfPage":{"@id":"https:\/\/www.webdo.tn\/fr\/actualite\/national\/20-soudeurs-tunisiens-diplomes-prets-a-integrer-fincantieri-en-italie\/222082\/"},"wordCount":296,"commentCount":0,"publisher":{"@id":"https:\/\/www.webdo.tn\/fr\/#organization"},"image":{"@id":"https:\/\/www.webdo.tn\/fr\/actualite\/national\/20-soudeurs-tunisiens-diplomes-prets-a-integrer-fincantieri-en-italie\/222082\/#primaryimage"},"thumbnailUrl":"https:\/\/www.webdo.tn\/fr\/wp-content\/uploads\/2025\/05\/29ce3de39f5584a47c09be3309a6e4e7.webp","keywords":["Fincantieri","Italie","soudeurs tunisiens","Tunisie"],"articleSection":["National"],"inLanguage":"fr-FR"},{"@type":"WebPage","@id":"https:\/\/www.webdo.tn\/fr\/actualite\/national\/20-soudeurs-tunisiens-diplomes-prets-a-integrer-fincantieri-en-italie\/222082\/","url":"https:\/\/www.webdo.tn\/fr\/actualite\/national\/20-soudeurs-tunisiens-diplomes-prets-a-integrer-fincantieri-en-italie\/222082\/","name":"20 soudeurs tunisiens dipl\u00f4m\u00e9s pr\u00eats \u00e0 int\u00e9grer Fincantieri en Italie","isPartOf":{"@id":"https:\/\/www.webdo.tn\/fr\/#website"},"primaryImageOfPage":{"@id":"https:\/\/www.webdo.tn\/fr\/actualite\/national\/20-soudeurs-tunisiens-diplomes-prets-a-integrer-fincantieri-en-italie\/222082\/#primaryimage"},"image":{"@id":"https:\/\/www.webdo.tn\/fr\/actualite\/national\/20-soudeurs-tunisiens-diplomes-prets-a-integrer-fincantieri-en-italie\/222082\/#primaryimage"},"thumbnailUrl":"https:\/\/www.webdo.tn\/fr\/wp-content\/uploads\/2025\/05\/29ce3de39f5584a47c09be3309a6e4e7.webp","datePublished":"2025-05-20T14:08:00+00:00","description":"Vingt jeunes Tunisiens form\u00e9s \u00e0 la soudure navale int\u00e8grent Fincantieri en Italie, dans le cadre du plan Mattei de coop\u00e9ration Italie-Tunisie.","breadcrumb":{"@id":"https:\/\/www.webdo.tn\/fr\/actualite\/national\/20-soudeurs-tunisiens-diplomes-prets-a-integrer-fincantieri-en-italie\/222082\/#breadcrumb"},"inLanguage":"fr-FR","potentialAction":[{"@type":"ReadAction","target":["https:\/\/www.webdo.tn\/fr\/actualite\/national\/20-soudeurs-tunisiens-diplomes-prets-a-integrer-fincantieri-en-italie\/222082\/"]}]},{"@type":"ImageObject","inLanguage":"fr-FR","@id":"https:\/\/www.webdo.tn\/fr\/actualite\/national\/20-soudeurs-tunisiens-diplomes-prets-a-integrer-fincantieri-en-italie\/222082\/#primaryimage","url":"https:\/\/www.webdo.tn\/fr\/wp-content\/uploads\/2025\/05\/29ce3de39f5584a47c09be3309a6e4e7.webp","contentUrl":"https:\/\/www.webdo.tn\/fr\/wp-content\/uploads\/2025\/05\/29ce3de39f5584a47c09be3309a6e4e7.webp","width":750,"height":400,"caption":"20 soudeurs tunisiens dipl\u00f4m\u00e9s pr\u00eats \u00e0 int\u00e9grer Fincantieri en Italie"},{"@type":"BreadcrumbList","@id":"https:\/\/www.webdo.tn\/fr\/actualite\/national\/20-soudeurs-tunisiens-diplomes-prets-a-integrer-fincantieri-en-italie\/222082\/#breadcrumb","itemListElement":[{"@type":"ListItem","position":1,"name":"Accueil","item":"https:\/\/www.webdo.tn\/fr\/"},{"@type":"ListItem","position":2,"name":"20 soudeurs tunisiens dipl\u00f4m\u00e9s pr\u00eats \u00e0 int\u00e9grer Fincantieri en Italie"}]},{"@type":"WebSite","@id":"https:\/\/www.webdo.tn\/fr\/#website","url":"https:\/\/www.webdo.tn\/fr\/","name":"webdo","description":"Tunisie - News en Tunisie et \u00e0 l&#039;international sur Webdo.tn","publisher":{"@id":"https:\/\/www.webdo.tn\/fr\/#organization"},"potentialAction":[{"@type":"SearchAction","target":{"@type":"EntryPoint","urlTemplate":"https:\/\/www.webdo.tn\/fr\/?s={search_term_string}"},"query-input":{"@type":"PropertyValueSpecification","valueRequired":true,"valueName":"search_term_string"}}],"inLanguage":"fr-FR"},{"@type":"Organization","@id":"https:\/\/www.webdo.tn\/fr\/#organization","name":"Webdo","alternateName":"Webdo.tn","url":"https:\/\/www.webdo.tn\/fr\/","logo":{"@type":"ImageObject","inLanguage":"fr-FR","@id":"https:\/\/www.webdo.tn\/fr\/#\/schema\/logo\/image\/","url":"https:\/\/www.webdo.tn\/fr\/wp-content\/uploads\/2025\/06\/Webdo-Tunisie_168377.jpg","contentUrl":"https:\/\/www.webdo.tn\/fr\/wp-content\/uploads\/2025\/06\/Webdo-Tunisie_168377.jpg","width":301,"height":301,"caption":"Webdo"},"image":{"@id":"https:\/\/www.webdo.tn\/fr\/#\/schema\/logo\/image\/"},"sameAs":["https:\/\/www.facebook.com\/webdotn","https:\/\/x.com\/webdo_tn"],"description":"Webdo est un m\u00e9dia num\u00e9rique tunisien fond\u00e9 en 2010, sp\u00e9cialis\u00e9 dans l\u2019actualit\u00e9 nationale et internationale, l\u2019\u00e9conomie, la soci\u00e9t\u00e9 et les analyses politiques. Le site s\u2019adresse \u00e0 un large public francophone et couvre l\u2019information tunisienne en temps r\u00e9el.","email":"redac@webdo.tn","legalName":"YNJ SARL","foundingDate":"2010-09-06","numberOfEmployees":{"@type":"QuantitativeValue","minValue":"11","maxValue":"50"}},{"@type":"Person","@id":"https:\/\/www.webdo.tn\/fr\/#\/schema\/person\/19664196c9bfdcda126f3c27709f7d11","name":"Firas Ben Abdeltif","image":{"@type":"ImageObject","inLanguage":"fr-FR","@id":"https:\/\/secure.gravatar.com\/avatar\/161a347d40df098a084778c52ed133dbd85f14df003867067c5948081241ec55?s=96&d=mm&r=g","url":"https:\/\/secure.gravatar.com\/avatar\/161a347d40df098a084778c52ed133dbd85f14df003867067c5948081241ec55?s=96&d=mm&r=g","contentUrl":"https:\/\/secure.gravatar.com\/avatar\/161a347d40df098a084778c52ed133dbd85f14df003867067c5948081241ec55?s=96&d=mm&r=g","caption":"Firas Ben Abdeltif"},"url":"https:\/\/www.webdo.tn\/fr\/actualite\/author\/firas-ben-abdeltif\/"}]}},"_links":{"self":[{"href":"https:\/\/www.webdo.tn\/fr\/wp-json\/wp\/v2\/posts\/222082","targetHints":{"allow":["GET"]}}],"collection":[{"href":"https:\/\/www.webdo.tn\/fr\/wp-json\/wp\/v2\/posts"}],"about":[{"href":"https:\/\/www.webdo.tn\/fr\/wp-json\/wp\/v2\/types\/post"}],"author":[{"embeddable":true,"href":"https:\/\/www.webdo.tn\/fr\/wp-json\/wp\/v2\/users\/4779"}],"replies":[{"embeddable":true,"href":"https:\/\/www.webdo.tn\/fr\/wp-json\/wp\/v2\/comments?post=222082"}],"version-history":[{"count":0,"href":"https:\/\/www.webdo.tn\/fr\/wp-json\/wp\/v2\/posts\/222082\/revisions"}],"wp:featuredmedia":[{"embeddable":true,"href":"https:\/\/www.webdo.tn\/fr\/wp-json\/wp\/v2\/media\/366151"}],"wp:attachment":[{"href":"https:\/\/www.webdo.tn\/fr\/wp-json\/wp\/v2\/media?parent=222082"}],"wp:term":[{"taxonomy":"category","embeddable":true,"href":"https:\/\/www.webdo.tn\/fr\/wp-json\/wp\/v2\/categories?post=222082"},{"taxonomy":"post_tag","embeddable":true,"href":"https:\/\/www.webdo.tn\/fr\/wp-json\/wp\/v2\/tags?post=222082"}],"curies":[{"name":"wp","href":"https:\/\/api.w.org\/{rel}","templated":true}]}}