{"id":222064,"date":"2025-05-19T16:06:00","date_gmt":"2025-05-19T16:06:00","guid":{"rendered":"https:\/\/www.webdo.tn\/fr\/actualite\/blog\/tunis-circulation-deviee-autour-de-la-place-du-bardo-pour-les-travaux-de-la-ligne-d-du-rfr\/222064\/"},"modified":"2025-05-19T16:06:00","modified_gmt":"2025-05-19T16:06:00","slug":"tunis-circulation-deviee-autour-de-la-place-du-bardo-pour-les-travaux-de-la-ligne-d-du-rfr","status":"publish","type":"post","link":"https:\/\/www.webdo.tn\/fr\/actualite\/regions\/tunis-circulation-deviee-autour-de-la-place-du-bardo-pour-les-travaux-de-la-ligne-d-du-rfr\/222064\/","title":{"rendered":"Tunis : circulation d\u00e9vi\u00e9e autour de la place du Bardo pour les travaux de la ligne D du RFR"},"content":{"rendered":"<p>A partir de demain, mardi 20 mai \u00e0 6 heures du matin, une d\u00e9viation partielle du trafic sera mise en place autour de la place du Bardo, au croisement des routes nationales 7 et 5 (Rue de l\u2019Ind\u00e9pendance) ainsi que de l\u2019avenue Bayrem Ettounsi.<\/p>\n<p>Cette mesure, annonc\u00e9e par la Soci\u00e9t\u00e9 du R\u00e9seau Ferroviaire Rapide de Tunis (RFR), s\u2019inscrit dans le cadre des travaux de construction de la ligne D du r\u00e9seau ferroviaire.<\/p>\n<p>La d\u00e9viation, qui restera en vigueur jusqu\u2019\u00e0 nouvel ordre, est coordonn\u00e9e avec les services de la police de la circulation du minist\u00e8re de l\u2019Int\u00e9rieur afin de garantir la s\u00e9curit\u00e9 des usagers et le bon d\u00e9roulement des travaux.<\/p>\n<p>Concr\u00e8tement, les v\u00e9hicules en provenance de Den Den et se dirigeant vers le Bardo via l\u2019avenue de l\u2019Ind\u00e9pendance et l\u2019avenue Bayrem Ettounsi pourront continuer leur trajet en passant par l\u2019intersection des voies ferr\u00e9es du m\u00e9tro et des trains, situ\u00e9e face \u00e0 l\u2019Assembl\u00e9e des Repr\u00e9sentants du Peuple (ARP).<\/p>\n<p>Par ailleurs, les conducteurs venant des avenues Taieb Mhiri, 20 Mars et Habib Bourguiba en direction de Khaznadar devront emprunter la route menant \u00e0 Oued Elil, puis tourner \u00e0 gauche vers la zone de Den Den.<\/p>\n","protected":false},"excerpt":{"rendered":"<p>D\u00e9viation partielle du trafic routier \u00e0 la place du Bardo \u00e0 Tunis d\u00e8s le 20 mai, li\u00e9e aux travaux de la ligne D du R\u00e9seau Ferroviaire Rapide. Circulation modifi&#8230;<\/p>\n","protected":false},"author":3162,"featured_media":366097,"comment_status":"open","ping_status":"closed","sticky":false,"template":"","format":"standard","meta":{"footnotes":""},"categories":[2595],"tags":[4542,7935,3285,3926,2640,2608],"class_list":["post-222064","post","type-post","status-publish","format-standard","has-post-thumbnail","hentry","category-regions","tag-deviation","tag-le-bardo","tag-rfr","tag-travaux","tag-tunis","tag-tunisie"],"yoast_head":"<!-- This site is optimized with the Yoast SEO Premium plugin v27.5 (Yoast SEO v27.5) - https:\/\/yoast.com\/product\/yoast-seo-premium-wordpress\/ -->\n<title>Tunis : circulation d\u00e9vi\u00e9e autour de la place du Bardo pour les travaux de la ligne D du RFR<\/title>\n<meta name=\"description\" content=\"D\u00e9viation partielle du trafic routier \u00e0 la place du Bardo \u00e0 Tunis d\u00e8s le 20 mai, li\u00e9e aux travaux de la ligne D du R\u00e9seau Ferroviaire Rapide. Circulation modifi...\" \/>\n<link rel=\"canonical\" href=\"https:\/\/www.webdo.tn\/fr\/actualite\/regions\/tunis-circulation-deviee-autour-de-la-place-du-bardo-pour-les-travaux-de-la-ligne-d-du-rfr\/222064\/\" \/>\n<meta property=\"og:locale\" content=\"fr_FR\" \/>\n<meta property=\"og:type\" content=\"article\" \/>\n<meta property=\"og:title\" content=\"Tunis : circulation d\u00e9vi\u00e9e autour de la place du Bardo pour les travaux de la ligne D du RFR\" \/>\n<meta property=\"og:description\" content=\"D\u00e9viation partielle du trafic routier \u00e0 la place du Bardo \u00e0 Tunis d\u00e8s le 20 mai, li\u00e9e aux travaux de la ligne D du R\u00e9seau Ferroviaire Rapide. Circulation modifi...\" \/>\n<meta property=\"og:url\" content=\"https:\/\/www.webdo.tn\/fr\/actualite\/regions\/tunis-circulation-deviee-autour-de-la-place-du-bardo-pour-les-travaux-de-la-ligne-d-du-rfr\/222064\/\" \/>\n<meta property=\"og:site_name\" content=\"webdo\" \/>\n<meta property=\"article:publisher\" content=\"https:\/\/www.facebook.com\/webdotn\" \/>\n<meta property=\"article:published_time\" content=\"2025-05-19T16:06:00+00:00\" \/>\n<meta property=\"og:image\" content=\"https:\/\/www.webdo.tn\/fr\/wp-content\/uploads\/2025\/05\/a56d88e9f2c92be3668d71d33f99e7ed.webp\" \/>\n\t<meta property=\"og:image:width\" content=\"750\" \/>\n\t<meta property=\"og:image:height\" content=\"400\" \/>\n\t<meta property=\"og:image:type\" content=\"image\/webp\" \/>\n<meta name=\"author\" content=\"MC\" \/>\n<meta name=\"twitter:card\" content=\"summary_large_image\" \/>\n<meta name=\"twitter:creator\" content=\"@webdo_tn\" \/>\n<meta name=\"twitter:site\" content=\"@webdo_tn\" \/>\n<meta name=\"twitter:label1\" content=\"\u00c9crit par\" \/>\n\t<meta name=\"twitter:data1\" content=\"MC\" \/>\n\t<meta name=\"twitter:label2\" content=\"Dur\u00e9e de lecture estim\u00e9e\" \/>\n\t<meta name=\"twitter:data2\" content=\"1 minute\" \/>\n<script type=\"application\/ld+json\" class=\"yoast-schema-graph\">{\"@context\":\"https:\\\/\\\/schema.org\",\"@graph\":[{\"@type\":\"NewsArticle\",\"@id\":\"https:\\\/\\\/www.webdo.tn\\\/fr\\\/actualite\\\/regions\\\/tunis-circulation-deviee-autour-de-la-place-du-bardo-pour-les-travaux-de-la-ligne-d-du-rfr\\\/222064\\\/#article\",\"isPartOf\":{\"@id\":\"https:\\\/\\\/www.webdo.tn\\\/fr\\\/actualite\\\/regions\\\/tunis-circulation-deviee-autour-de-la-place-du-bardo-pour-les-travaux-de-la-ligne-d-du-rfr\\\/222064\\\/\"},\"author\":{\"name\":\"MC\",\"@id\":\"https:\\\/\\\/www.webdo.tn\\\/fr\\\/#\\\/schema\\\/person\\\/2c4929cbf5a809e3bd38617c6ce150f6\"},\"headline\":\"Tunis : circulation d\u00e9vi\u00e9e autour de la place du Bardo pour les travaux de la ligne D du RFR\",\"datePublished\":\"2025-05-19T16:06:00+00:00\",\"mainEntityOfPage\":{\"@id\":\"https:\\\/\\\/www.webdo.tn\\\/fr\\\/actualite\\\/regions\\\/tunis-circulation-deviee-autour-de-la-place-du-bardo-pour-les-travaux-de-la-ligne-d-du-rfr\\\/222064\\\/\"},\"wordCount\":232,\"commentCount\":0,\"publisher\":{\"@id\":\"https:\\\/\\\/www.webdo.tn\\\/fr\\\/#organization\"},\"image\":{\"@id\":\"https:\\\/\\\/www.webdo.tn\\\/fr\\\/actualite\\\/regions\\\/tunis-circulation-deviee-autour-de-la-place-du-bardo-pour-les-travaux-de-la-ligne-d-du-rfr\\\/222064\\\/#primaryimage\"},\"thumbnailUrl\":\"https:\\\/\\\/www.webdo.tn\\\/fr\\\/wp-content\\\/uploads\\\/2025\\\/05\\\/a56d88e9f2c92be3668d71d33f99e7ed.webp\",\"keywords\":[\"D\u00e9viation\",\"le bardo\",\"RFR\",\"travaux\",\"Tunis\",\"Tunisie\"],\"articleSection\":[\"regions\"],\"inLanguage\":\"fr-FR\"},{\"@type\":\"WebPage\",\"@id\":\"https:\\\/\\\/www.webdo.tn\\\/fr\\\/actualite\\\/regions\\\/tunis-circulation-deviee-autour-de-la-place-du-bardo-pour-les-travaux-de-la-ligne-d-du-rfr\\\/222064\\\/\",\"url\":\"https:\\\/\\\/www.webdo.tn\\\/fr\\\/actualite\\\/regions\\\/tunis-circulation-deviee-autour-de-la-place-du-bardo-pour-les-travaux-de-la-ligne-d-du-rfr\\\/222064\\\/\",\"name\":\"Tunis : circulation d\u00e9vi\u00e9e autour de la place du Bardo pour les travaux de la ligne D du RFR\",\"isPartOf\":{\"@id\":\"https:\\\/\\\/www.webdo.tn\\\/fr\\\/#website\"},\"primaryImageOfPage\":{\"@id\":\"https:\\\/\\\/www.webdo.tn\\\/fr\\\/actualite\\\/regions\\\/tunis-circulation-deviee-autour-de-la-place-du-bardo-pour-les-travaux-de-la-ligne-d-du-rfr\\\/222064\\\/#primaryimage\"},\"image\":{\"@id\":\"https:\\\/\\\/www.webdo.tn\\\/fr\\\/actualite\\\/regions\\\/tunis-circulation-deviee-autour-de-la-place-du-bardo-pour-les-travaux-de-la-ligne-d-du-rfr\\\/222064\\\/#primaryimage\"},\"thumbnailUrl\":\"https:\\\/\\\/www.webdo.tn\\\/fr\\\/wp-content\\\/uploads\\\/2025\\\/05\\\/a56d88e9f2c92be3668d71d33f99e7ed.webp\",\"datePublished\":\"2025-05-19T16:06:00+00:00\",\"description\":\"D\u00e9viation partielle du trafic routier \u00e0 la place du Bardo \u00e0 Tunis d\u00e8s le 20 mai, li\u00e9e aux travaux de la ligne D du R\u00e9seau Ferroviaire Rapide. Circulation modifi...\",\"breadcrumb\":{\"@id\":\"https:\\\/\\\/www.webdo.tn\\\/fr\\\/actualite\\\/regions\\\/tunis-circulation-deviee-autour-de-la-place-du-bardo-pour-les-travaux-de-la-ligne-d-du-rfr\\\/222064\\\/#breadcrumb\"},\"inLanguage\":\"fr-FR\",\"potentialAction\":[{\"@type\":\"ReadAction\",\"target\":[\"https:\\\/\\\/www.webdo.tn\\\/fr\\\/actualite\\\/regions\\\/tunis-circulation-deviee-autour-de-la-place-du-bardo-pour-les-travaux-de-la-ligne-d-du-rfr\\\/222064\\\/\"]}]},{\"@type\":\"ImageObject\",\"inLanguage\":\"fr-FR\",\"@id\":\"https:\\\/\\\/www.webdo.tn\\\/fr\\\/actualite\\\/regions\\\/tunis-circulation-deviee-autour-de-la-place-du-bardo-pour-les-travaux-de-la-ligne-d-du-rfr\\\/222064\\\/#primaryimage\",\"url\":\"https:\\\/\\\/www.webdo.tn\\\/fr\\\/wp-content\\\/uploads\\\/2025\\\/05\\\/a56d88e9f2c92be3668d71d33f99e7ed.webp\",\"contentUrl\":\"https:\\\/\\\/www.webdo.tn\\\/fr\\\/wp-content\\\/uploads\\\/2025\\\/05\\\/a56d88e9f2c92be3668d71d33f99e7ed.webp\",\"width\":750,\"height\":400,\"caption\":\"Tunis : circulation d\u00e9vi\u00e9e autour de la place du Bardo pour les travaux de la ligne D du RFR\"},{\"@type\":\"BreadcrumbList\",\"@id\":\"https:\\\/\\\/www.webdo.tn\\\/fr\\\/actualite\\\/regions\\\/tunis-circulation-deviee-autour-de-la-place-du-bardo-pour-les-travaux-de-la-ligne-d-du-rfr\\\/222064\\\/#breadcrumb\",\"itemListElement\":[{\"@type\":\"ListItem\",\"position\":1,\"name\":\"Accueil\",\"item\":\"https:\\\/\\\/www.webdo.tn\\\/fr\\\/\"},{\"@type\":\"ListItem\",\"position\":2,\"name\":\"Tunis : circulation d\u00e9vi\u00e9e autour de la place du Bardo pour les travaux de la ligne D du RFR\"}]},{\"@type\":\"WebSite\",\"@id\":\"https:\\\/\\\/www.webdo.tn\\\/fr\\\/#website\",\"url\":\"https:\\\/\\\/www.webdo.tn\\\/fr\\\/\",\"name\":\"webdo\",\"description\":\"Tunisie - News en Tunisie et \u00e0 l&#039;international sur Webdo.tn\",\"publisher\":{\"@id\":\"https:\\\/\\\/www.webdo.tn\\\/fr\\\/#organization\"},\"potentialAction\":[{\"@type\":\"SearchAction\",\"target\":{\"@type\":\"EntryPoint\",\"urlTemplate\":\"https:\\\/\\\/www.webdo.tn\\\/fr\\\/?s={search_term_string}\"},\"query-input\":{\"@type\":\"PropertyValueSpecification\",\"valueRequired\":true,\"valueName\":\"search_term_string\"}}],\"inLanguage\":\"fr-FR\"},{\"@type\":\"Organization\",\"@id\":\"https:\\\/\\\/www.webdo.tn\\\/fr\\\/#organization\",\"name\":\"Webdo\",\"alternateName\":\"Webdo.tn\",\"url\":\"https:\\\/\\\/www.webdo.tn\\\/fr\\\/\",\"logo\":{\"@type\":\"ImageObject\",\"inLanguage\":\"fr-FR\",\"@id\":\"https:\\\/\\\/www.webdo.tn\\\/fr\\\/#\\\/schema\\\/logo\\\/image\\\/\",\"url\":\"https:\\\/\\\/www.webdo.tn\\\/fr\\\/wp-content\\\/uploads\\\/2025\\\/06\\\/Webdo-Tunisie_168377.jpg\",\"contentUrl\":\"https:\\\/\\\/www.webdo.tn\\\/fr\\\/wp-content\\\/uploads\\\/2025\\\/06\\\/Webdo-Tunisie_168377.jpg\",\"width\":301,\"height\":301,\"caption\":\"Webdo\"},\"image\":{\"@id\":\"https:\\\/\\\/www.webdo.tn\\\/fr\\\/#\\\/schema\\\/logo\\\/image\\\/\"},\"sameAs\":[\"https:\\\/\\\/www.facebook.com\\\/webdotn\",\"https:\\\/\\\/x.com\\\/webdo_tn\"],\"description\":\"Webdo est un m\u00e9dia num\u00e9rique tunisien fond\u00e9 en 2010, sp\u00e9cialis\u00e9 dans l\u2019actualit\u00e9 nationale et internationale, l\u2019\u00e9conomie, la soci\u00e9t\u00e9 et les analyses politiques. Le site s\u2019adresse \u00e0 un large public francophone et couvre l\u2019information tunisienne en temps r\u00e9el.\",\"email\":\"redac@webdo.tn\",\"legalName\":\"YNJ SARL\",\"foundingDate\":\"2010-09-06\",\"numberOfEmployees\":{\"@type\":\"QuantitativeValue\",\"minValue\":\"11\",\"maxValue\":\"50\"}},{\"@type\":\"Person\",\"@id\":\"https:\\\/\\\/www.webdo.tn\\\/fr\\\/#\\\/schema\\\/person\\\/2c4929cbf5a809e3bd38617c6ce150f6\",\"name\":\"MC\",\"image\":{\"@type\":\"ImageObject\",\"inLanguage\":\"fr-FR\",\"@id\":\"https:\\\/\\\/secure.gravatar.com\\\/avatar\\\/a545bbb6f84efdd5553dbbc2895e3ca8f1d12c5215e00a041c9670b54aa9b18a?s=96&d=mm&r=g\",\"url\":\"https:\\\/\\\/secure.gravatar.com\\\/avatar\\\/a545bbb6f84efdd5553dbbc2895e3ca8f1d12c5215e00a041c9670b54aa9b18a?s=96&d=mm&r=g\",\"contentUrl\":\"https:\\\/\\\/secure.gravatar.com\\\/avatar\\\/a545bbb6f84efdd5553dbbc2895e3ca8f1d12c5215e00a041c9670b54aa9b18a?s=96&d=mm&r=g\",\"caption\":\"MC\"},\"url\":\"https:\\\/\\\/www.webdo.tn\\\/fr\\\/actualite\\\/author\\\/mc\\\/\"}]}<\/script>\n<!-- \/ Yoast SEO Premium plugin. -->","yoast_head_json":{"title":"Tunis : circulation d\u00e9vi\u00e9e autour de la place du Bardo pour les travaux de la ligne D du RFR","description":"D\u00e9viation partielle du trafic routier \u00e0 la place du Bardo \u00e0 Tunis d\u00e8s le 20 mai, li\u00e9e aux travaux de la ligne D du R\u00e9seau Ferroviaire Rapide. Circulation modifi...","canonical":"https:\/\/www.webdo.tn\/fr\/actualite\/regions\/tunis-circulation-deviee-autour-de-la-place-du-bardo-pour-les-travaux-de-la-ligne-d-du-rfr\/222064\/","og_locale":"fr_FR","og_type":"article","og_title":"Tunis : circulation d\u00e9vi\u00e9e autour de la place du Bardo pour les travaux de la ligne D du RFR","og_description":"D\u00e9viation partielle du trafic routier \u00e0 la place du Bardo \u00e0 Tunis d\u00e8s le 20 mai, li\u00e9e aux travaux de la ligne D du R\u00e9seau Ferroviaire Rapide. Circulation modifi...","og_url":"https:\/\/www.webdo.tn\/fr\/actualite\/regions\/tunis-circulation-deviee-autour-de-la-place-du-bardo-pour-les-travaux-de-la-ligne-d-du-rfr\/222064\/","og_site_name":"webdo","article_publisher":"https:\/\/www.facebook.com\/webdotn","article_published_time":"2025-05-19T16:06:00+00:00","og_image":[{"width":750,"height":400,"url":"https:\/\/www.webdo.tn\/fr\/wp-content\/uploads\/2025\/05\/a56d88e9f2c92be3668d71d33f99e7ed.webp","type":"image\/webp"}],"author":"MC","twitter_card":"summary_large_image","twitter_creator":"@webdo_tn","twitter_site":"@webdo_tn","twitter_misc":{"\u00c9crit par":"MC","Dur\u00e9e de lecture estim\u00e9e":"1 minute"},"schema":{"@context":"https:\/\/schema.org","@graph":[{"@type":"NewsArticle","@id":"https:\/\/www.webdo.tn\/fr\/actualite\/regions\/tunis-circulation-deviee-autour-de-la-place-du-bardo-pour-les-travaux-de-la-ligne-d-du-rfr\/222064\/#article","isPartOf":{"@id":"https:\/\/www.webdo.tn\/fr\/actualite\/regions\/tunis-circulation-deviee-autour-de-la-place-du-bardo-pour-les-travaux-de-la-ligne-d-du-rfr\/222064\/"},"author":{"name":"MC","@id":"https:\/\/www.webdo.tn\/fr\/#\/schema\/person\/2c4929cbf5a809e3bd38617c6ce150f6"},"headline":"Tunis : circulation d\u00e9vi\u00e9e autour de la place du Bardo pour les travaux de la ligne D du RFR","datePublished":"2025-05-19T16:06:00+00:00","mainEntityOfPage":{"@id":"https:\/\/www.webdo.tn\/fr\/actualite\/regions\/tunis-circulation-deviee-autour-de-la-place-du-bardo-pour-les-travaux-de-la-ligne-d-du-rfr\/222064\/"},"wordCount":232,"commentCount":0,"publisher":{"@id":"https:\/\/www.webdo.tn\/fr\/#organization"},"image":{"@id":"https:\/\/www.webdo.tn\/fr\/actualite\/regions\/tunis-circulation-deviee-autour-de-la-place-du-bardo-pour-les-travaux-de-la-ligne-d-du-rfr\/222064\/#primaryimage"},"thumbnailUrl":"https:\/\/www.webdo.tn\/fr\/wp-content\/uploads\/2025\/05\/a56d88e9f2c92be3668d71d33f99e7ed.webp","keywords":["D\u00e9viation","le bardo","RFR","travaux","Tunis","Tunisie"],"articleSection":["regions"],"inLanguage":"fr-FR"},{"@type":"WebPage","@id":"https:\/\/www.webdo.tn\/fr\/actualite\/regions\/tunis-circulation-deviee-autour-de-la-place-du-bardo-pour-les-travaux-de-la-ligne-d-du-rfr\/222064\/","url":"https:\/\/www.webdo.tn\/fr\/actualite\/regions\/tunis-circulation-deviee-autour-de-la-place-du-bardo-pour-les-travaux-de-la-ligne-d-du-rfr\/222064\/","name":"Tunis : circulation d\u00e9vi\u00e9e autour de la place du Bardo pour les travaux de la ligne D du RFR","isPartOf":{"@id":"https:\/\/www.webdo.tn\/fr\/#website"},"primaryImageOfPage":{"@id":"https:\/\/www.webdo.tn\/fr\/actualite\/regions\/tunis-circulation-deviee-autour-de-la-place-du-bardo-pour-les-travaux-de-la-ligne-d-du-rfr\/222064\/#primaryimage"},"image":{"@id":"https:\/\/www.webdo.tn\/fr\/actualite\/regions\/tunis-circulation-deviee-autour-de-la-place-du-bardo-pour-les-travaux-de-la-ligne-d-du-rfr\/222064\/#primaryimage"},"thumbnailUrl":"https:\/\/www.webdo.tn\/fr\/wp-content\/uploads\/2025\/05\/a56d88e9f2c92be3668d71d33f99e7ed.webp","datePublished":"2025-05-19T16:06:00+00:00","description":"D\u00e9viation partielle du trafic routier \u00e0 la place du Bardo \u00e0 Tunis d\u00e8s le 20 mai, li\u00e9e aux travaux de la ligne D du R\u00e9seau Ferroviaire Rapide. Circulation modifi...","breadcrumb":{"@id":"https:\/\/www.webdo.tn\/fr\/actualite\/regions\/tunis-circulation-deviee-autour-de-la-place-du-bardo-pour-les-travaux-de-la-ligne-d-du-rfr\/222064\/#breadcrumb"},"inLanguage":"fr-FR","potentialAction":[{"@type":"ReadAction","target":["https:\/\/www.webdo.tn\/fr\/actualite\/regions\/tunis-circulation-deviee-autour-de-la-place-du-bardo-pour-les-travaux-de-la-ligne-d-du-rfr\/222064\/"]}]},{"@type":"ImageObject","inLanguage":"fr-FR","@id":"https:\/\/www.webdo.tn\/fr\/actualite\/regions\/tunis-circulation-deviee-autour-de-la-place-du-bardo-pour-les-travaux-de-la-ligne-d-du-rfr\/222064\/#primaryimage","url":"https:\/\/www.webdo.tn\/fr\/wp-content\/uploads\/2025\/05\/a56d88e9f2c92be3668d71d33f99e7ed.webp","contentUrl":"https:\/\/www.webdo.tn\/fr\/wp-content\/uploads\/2025\/05\/a56d88e9f2c92be3668d71d33f99e7ed.webp","width":750,"height":400,"caption":"Tunis : circulation d\u00e9vi\u00e9e autour de la place du Bardo pour les travaux de la ligne D du RFR"},{"@type":"BreadcrumbList","@id":"https:\/\/www.webdo.tn\/fr\/actualite\/regions\/tunis-circulation-deviee-autour-de-la-place-du-bardo-pour-les-travaux-de-la-ligne-d-du-rfr\/222064\/#breadcrumb","itemListElement":[{"@type":"ListItem","position":1,"name":"Accueil","item":"https:\/\/www.webdo.tn\/fr\/"},{"@type":"ListItem","position":2,"name":"Tunis : circulation d\u00e9vi\u00e9e autour de la place du Bardo pour les travaux de la ligne D du RFR"}]},{"@type":"WebSite","@id":"https:\/\/www.webdo.tn\/fr\/#website","url":"https:\/\/www.webdo.tn\/fr\/","name":"webdo","description":"Tunisie - News en Tunisie et \u00e0 l&#039;international sur Webdo.tn","publisher":{"@id":"https:\/\/www.webdo.tn\/fr\/#organization"},"potentialAction":[{"@type":"SearchAction","target":{"@type":"EntryPoint","urlTemplate":"https:\/\/www.webdo.tn\/fr\/?s={search_term_string}"},"query-input":{"@type":"PropertyValueSpecification","valueRequired":true,"valueName":"search_term_string"}}],"inLanguage":"fr-FR"},{"@type":"Organization","@id":"https:\/\/www.webdo.tn\/fr\/#organization","name":"Webdo","alternateName":"Webdo.tn","url":"https:\/\/www.webdo.tn\/fr\/","logo":{"@type":"ImageObject","inLanguage":"fr-FR","@id":"https:\/\/www.webdo.tn\/fr\/#\/schema\/logo\/image\/","url":"https:\/\/www.webdo.tn\/fr\/wp-content\/uploads\/2025\/06\/Webdo-Tunisie_168377.jpg","contentUrl":"https:\/\/www.webdo.tn\/fr\/wp-content\/uploads\/2025\/06\/Webdo-Tunisie_168377.jpg","width":301,"height":301,"caption":"Webdo"},"image":{"@id":"https:\/\/www.webdo.tn\/fr\/#\/schema\/logo\/image\/"},"sameAs":["https:\/\/www.facebook.com\/webdotn","https:\/\/x.com\/webdo_tn"],"description":"Webdo est un m\u00e9dia num\u00e9rique tunisien fond\u00e9 en 2010, sp\u00e9cialis\u00e9 dans l\u2019actualit\u00e9 nationale et internationale, l\u2019\u00e9conomie, la soci\u00e9t\u00e9 et les analyses politiques. Le site s\u2019adresse \u00e0 un large public francophone et couvre l\u2019information tunisienne en temps r\u00e9el.","email":"redac@webdo.tn","legalName":"YNJ SARL","foundingDate":"2010-09-06","numberOfEmployees":{"@type":"QuantitativeValue","minValue":"11","maxValue":"50"}},{"@type":"Person","@id":"https:\/\/www.webdo.tn\/fr\/#\/schema\/person\/2c4929cbf5a809e3bd38617c6ce150f6","name":"MC","image":{"@type":"ImageObject","inLanguage":"fr-FR","@id":"https:\/\/secure.gravatar.com\/avatar\/a545bbb6f84efdd5553dbbc2895e3ca8f1d12c5215e00a041c9670b54aa9b18a?s=96&d=mm&r=g","url":"https:\/\/secure.gravatar.com\/avatar\/a545bbb6f84efdd5553dbbc2895e3ca8f1d12c5215e00a041c9670b54aa9b18a?s=96&d=mm&r=g","contentUrl":"https:\/\/secure.gravatar.com\/avatar\/a545bbb6f84efdd5553dbbc2895e3ca8f1d12c5215e00a041c9670b54aa9b18a?s=96&d=mm&r=g","caption":"MC"},"url":"https:\/\/www.webdo.tn\/fr\/actualite\/author\/mc\/"}]}},"_links":{"self":[{"href":"https:\/\/www.webdo.tn\/fr\/wp-json\/wp\/v2\/posts\/222064","targetHints":{"allow":["GET"]}}],"collection":[{"href":"https:\/\/www.webdo.tn\/fr\/wp-json\/wp\/v2\/posts"}],"about":[{"href":"https:\/\/www.webdo.tn\/fr\/wp-json\/wp\/v2\/types\/post"}],"author":[{"embeddable":true,"href":"https:\/\/www.webdo.tn\/fr\/wp-json\/wp\/v2\/users\/3162"}],"replies":[{"embeddable":true,"href":"https:\/\/www.webdo.tn\/fr\/wp-json\/wp\/v2\/comments?post=222064"}],"version-history":[{"count":0,"href":"https:\/\/www.webdo.tn\/fr\/wp-json\/wp\/v2\/posts\/222064\/revisions"}],"wp:featuredmedia":[{"embeddable":true,"href":"https:\/\/www.webdo.tn\/fr\/wp-json\/wp\/v2\/media\/366097"}],"wp:attachment":[{"href":"https:\/\/www.webdo.tn\/fr\/wp-json\/wp\/v2\/media?parent=222064"}],"wp:term":[{"taxonomy":"category","embeddable":true,"href":"https:\/\/www.webdo.tn\/fr\/wp-json\/wp\/v2\/categories?post=222064"},{"taxonomy":"post_tag","embeddable":true,"href":"https:\/\/www.webdo.tn\/fr\/wp-json\/wp\/v2\/tags?post=222064"}],"curies":[{"name":"wp","href":"https:\/\/api.w.org\/{rel}","templated":true}]}}