{"id":222060,"date":"2025-05-19T15:15:00","date_gmt":"2025-05-19T15:15:00","guid":{"rendered":"https:\/\/www.webdo.tn\/fr\/actualite\/blog\/netanyahu-promet-l-occupation-totale-de-gaza-malgre-la-famine\/222060\/"},"modified":"2025-05-19T15:15:00","modified_gmt":"2025-05-19T15:15:00","slug":"netanyahu-promet-l-occupation-totale-de-gaza-malgre-la-famine","status":"publish","type":"post","link":"https:\/\/www.webdo.tn\/fr\/actualite\/international\/netanyahu-promet-l-occupation-totale-de-gaza-malgre-la-famine\/222060\/","title":{"rendered":"Netanyahu promet l\u2019occupation totale de Gaza, malgr\u00e9 la famine"},"content":{"rendered":"<p>Lundi 19 mai 2025, le Premier ministre isra\u00e9lien Benjamin Netanyahu a d\u00e9clar\u00e9 que l\u2019arm\u00e9e isra\u00e9lienne prendrait le contr\u00f4le de l\u2019ensemble de la bande de Gaza, ravag\u00e9e par des mois de bombardements, d\u2019exodes forc\u00e9s et de famine.<\/p>\n<p> Cette annonce survient alors que la population civile gazaouie, affam\u00e9e et assi\u00e9g\u00e9e, tente de survivre dans des conditions qualifi\u00e9es de catastrophiques par les agences humanitaires.<\/p>\n<p>\u00ab Nous prenons le contr\u00f4le de toute la bande de Gaza \u00bb, a affirm\u00e9 Netanyahu, dans une d\u00e9claration qui sonne comme une promesse d\u2019occupation totale, malgr\u00e9 les protestations croissantes de la communaut\u00e9 internationale. Il justifie ce renforcement de l\u2019offensive par des raisons \u00ab pratiques \u00bb et \u00ab diplomatiques \u00bb, tout en assouplissant, sous pression, le blocus sur l\u2019aide humanitaire impos\u00e9 depuis le 2 mars.<\/p>\n<p>Des civils vis\u00e9s, des quartiers entiers ray\u00e9s de la carte<\/p>\n<p>Cette lev\u00e9e partielle du blocus intervient alors que l\u2019Organisation mondiale de la sant\u00e9 (OMS) alerte : \u00ab Deux millions de personnes sont affam\u00e9es \u00e0 Gaza \u00bb. Le chef de l\u2019OMS, Tedros Adhanom Ghebreyesus, d\u00e9nonce \u00e9galement la situation sanitaire d\u00e9sastreuse, aggrav\u00e9e par les destructions d\u2019h\u00f4pitaux et les p\u00e9nuries de m\u00e9dicaments, stock\u00e9s aux fronti\u00e8res.<\/p>\n<p>Sur le terrain, la situation est apocalyptique. L\u2019arm\u00e9e isra\u00e9lienne m\u00e8ne ce qu\u2019elle appelle une \u00ab offensive sans pr\u00e9c\u00e9dent \u00bb de Gaza. Hier, elle a annonc\u00e9 avoir cibl\u00e9 \u00ab plus de 160 cibles \u00bb \u00e0 travers Gaza, incluant des infrastructures suppos\u00e9es du Hamas. Mais les cons\u00e9quences sur les civils sont dramatiques, avec des zones r\u00e9sidentielles compl\u00e8tement d\u00e9truites.<\/p>\n<p>Face \u00e0 la pression internationale, Netanyahu a conc\u00e9d\u00e9 dimanche l\u2019entr\u00e9e d\u2019une \u00ab quantit\u00e9 de base de nourriture \u00bb. Une d\u00e9cision vivement critiqu\u00e9e par son propre ministre d\u2019extr\u00eame-droite, Itamar Ben Gvir, qui y voit une trahison. Pour sa part, le chef de l\u2019OMS alerte : \u00ab Des tonnes de nourriture et de m\u00e9dicaments sont bloqu\u00e9es, pendant que les gens meurent de faim \u00bb.<\/p>\n<p>Une paix conditionn\u00e9e \u00e0 la reddition totale<\/p>\n<p>Netanyahu affirme \u00eatre \u00ab ouvert \u00bb \u00e0 un accord de cessez-le-feu, mais \u00e0 condition d\u2019un \u00ab exil du Hamas \u00bb et du d\u00e9sarmement total de Gaza. Le Hamas, de son c\u00f4t\u00e9, a d\u00e9clar\u00e9 \u00eatre pr\u00eat \u00e0 lib\u00e9rer tous les otages du 7 octobre dans le cadre d\u2019un accord global qui mettrait fin \u00e0 la guerre et impliquerait un retrait isra\u00e9lien complet de Gaza.<\/p>\n<p>Depuis le 18 mars, Isra\u00ebl a relanc\u00e9 son offensive militaire, rompant une tr\u00eave de deux mois. D\u00e9but mai, Tel-Aviv a m\u00eame pr\u00e9sent\u00e9 un plan visant la \u00ab conqu\u00eate totale \u00bb de la bande de Gaza, avec d\u00e9placement forc\u00e9 de la population vers l\u2019extr\u00eame sud du territoire, une strat\u00e9gie assimil\u00e9e par certains observateurs \u00e0 un nettoyage ethnique progressif.<\/p>\n<p>Malgr\u00e9 les critiques, y compris de la part de l\u2019alli\u00e9 am\u00e9ricain, Isra\u00ebl poursuit son offensive. Et depuis le d\u00e9but de la guerre, l\u2019agression isra\u00e9lienne a fait au moins 53.339 morts \u00e0 Gaza, en majorit\u00e9 des civils, selon les donn\u00e9es du minist\u00e8re de la Sant\u00e9 de Gaza, corrobor\u00e9es par l\u2019ONU.<\/p>\n<p>Dans un territoire o\u00f9 2,4 millions de Palestiniens sont pris au pi\u00e8ge, Isra\u00ebl continue d\u2019imposer sa logique de guerre, au m\u00e9pris du droit international humanitaire.<\/p>\n","protected":false},"excerpt":{"rendered":"<p>Isra\u00ebl annonce l\u2019occupation totale de Gaza malgr\u00e9 la famine et les appels internationaux \u00e0 un cessez-le-feu. Plus de 53 000 morts, des civils pi\u00e9g\u00e9s, et une aid&#8230;<\/p>\n","protected":false},"author":3162,"featured_media":366093,"comment_status":"open","ping_status":"closed","sticky":false,"template":"","format":"standard","meta":{"footnotes":""},"categories":[2598],"tags":[2689,2636,5479,2688],"class_list":["post-222060","post","type-post","status-publish","format-standard","has-post-thumbnail","hentry","category-international","tag-gaza","tag-israel","tag-netanyahu","tag-palestine"],"yoast_head":"<!-- This site is optimized with the Yoast SEO Premium plugin v27.5 (Yoast SEO v27.5) - https:\/\/yoast.com\/product\/yoast-seo-premium-wordpress\/ -->\n<title>Netanyahu promet l\u2019occupation totale de Gaza, malgr\u00e9 la famine<\/title>\n<meta name=\"description\" content=\"Isra\u00ebl annonce l\u2019occupation totale de Gaza malgr\u00e9 la famine et les appels internationaux \u00e0 un cessez-le-feu. Plus de 53 000 morts, des civils pi\u00e9g\u00e9s, et une aid...\" \/>\n<link rel=\"canonical\" href=\"https:\/\/www.webdo.tn\/fr\/actualite\/international\/netanyahu-promet-l-occupation-totale-de-gaza-malgre-la-famine\/222060\/\" \/>\n<meta property=\"og:locale\" content=\"fr_FR\" \/>\n<meta property=\"og:type\" content=\"article\" \/>\n<meta property=\"og:title\" content=\"Netanyahu promet l\u2019occupation totale de Gaza, malgr\u00e9 la famine\" \/>\n<meta property=\"og:description\" content=\"Isra\u00ebl annonce l\u2019occupation totale de Gaza malgr\u00e9 la famine et les appels internationaux \u00e0 un cessez-le-feu. Plus de 53 000 morts, des civils pi\u00e9g\u00e9s, et une aid...\" \/>\n<meta property=\"og:url\" content=\"https:\/\/www.webdo.tn\/fr\/actualite\/international\/netanyahu-promet-l-occupation-totale-de-gaza-malgre-la-famine\/222060\/\" \/>\n<meta property=\"og:site_name\" content=\"webdo\" \/>\n<meta property=\"article:publisher\" content=\"https:\/\/www.facebook.com\/webdotn\" \/>\n<meta property=\"article:published_time\" content=\"2025-05-19T15:15:00+00:00\" \/>\n<meta property=\"og:image\" content=\"https:\/\/www.webdo.tn\/fr\/wp-content\/uploads\/2025\/05\/a22c797f932949c6db828473a25c50d1.webp\" \/>\n\t<meta property=\"og:image:width\" content=\"750\" \/>\n\t<meta property=\"og:image:height\" content=\"400\" \/>\n\t<meta property=\"og:image:type\" content=\"image\/webp\" \/>\n<meta name=\"author\" content=\"MC\" \/>\n<meta name=\"twitter:card\" content=\"summary_large_image\" \/>\n<meta name=\"twitter:creator\" content=\"@webdo_tn\" \/>\n<meta name=\"twitter:site\" content=\"@webdo_tn\" \/>\n<meta name=\"twitter:label1\" content=\"\u00c9crit par\" \/>\n\t<meta name=\"twitter:data1\" content=\"MC\" \/>\n\t<meta name=\"twitter:label2\" content=\"Dur\u00e9e de lecture estim\u00e9e\" \/>\n\t<meta name=\"twitter:data2\" content=\"3 minutes\" \/>\n<script type=\"application\/ld+json\" class=\"yoast-schema-graph\">{\"@context\":\"https:\\\/\\\/schema.org\",\"@graph\":[{\"@type\":\"NewsArticle\",\"@id\":\"https:\\\/\\\/www.webdo.tn\\\/fr\\\/actualite\\\/international\\\/netanyahu-promet-l-occupation-totale-de-gaza-malgre-la-famine\\\/222060\\\/#article\",\"isPartOf\":{\"@id\":\"https:\\\/\\\/www.webdo.tn\\\/fr\\\/actualite\\\/international\\\/netanyahu-promet-l-occupation-totale-de-gaza-malgre-la-famine\\\/222060\\\/\"},\"author\":{\"name\":\"MC\",\"@id\":\"https:\\\/\\\/www.webdo.tn\\\/fr\\\/#\\\/schema\\\/person\\\/2c4929cbf5a809e3bd38617c6ce150f6\"},\"headline\":\"Netanyahu promet l\u2019occupation totale de Gaza, malgr\u00e9 la famine\",\"datePublished\":\"2025-05-19T15:15:00+00:00\",\"mainEntityOfPage\":{\"@id\":\"https:\\\/\\\/www.webdo.tn\\\/fr\\\/actualite\\\/international\\\/netanyahu-promet-l-occupation-totale-de-gaza-malgre-la-famine\\\/222060\\\/\"},\"wordCount\":565,\"commentCount\":0,\"publisher\":{\"@id\":\"https:\\\/\\\/www.webdo.tn\\\/fr\\\/#organization\"},\"image\":{\"@id\":\"https:\\\/\\\/www.webdo.tn\\\/fr\\\/actualite\\\/international\\\/netanyahu-promet-l-occupation-totale-de-gaza-malgre-la-famine\\\/222060\\\/#primaryimage\"},\"thumbnailUrl\":\"https:\\\/\\\/www.webdo.tn\\\/fr\\\/wp-content\\\/uploads\\\/2025\\\/05\\\/a22c797f932949c6db828473a25c50d1.webp\",\"keywords\":[\"Gaza\",\"isra\u00ebl\",\"Netanyahu\",\"Palestine\"],\"articleSection\":[\"International\"],\"inLanguage\":\"fr-FR\"},{\"@type\":\"WebPage\",\"@id\":\"https:\\\/\\\/www.webdo.tn\\\/fr\\\/actualite\\\/international\\\/netanyahu-promet-l-occupation-totale-de-gaza-malgre-la-famine\\\/222060\\\/\",\"url\":\"https:\\\/\\\/www.webdo.tn\\\/fr\\\/actualite\\\/international\\\/netanyahu-promet-l-occupation-totale-de-gaza-malgre-la-famine\\\/222060\\\/\",\"name\":\"Netanyahu promet l\u2019occupation totale de Gaza, malgr\u00e9 la famine\",\"isPartOf\":{\"@id\":\"https:\\\/\\\/www.webdo.tn\\\/fr\\\/#website\"},\"primaryImageOfPage\":{\"@id\":\"https:\\\/\\\/www.webdo.tn\\\/fr\\\/actualite\\\/international\\\/netanyahu-promet-l-occupation-totale-de-gaza-malgre-la-famine\\\/222060\\\/#primaryimage\"},\"image\":{\"@id\":\"https:\\\/\\\/www.webdo.tn\\\/fr\\\/actualite\\\/international\\\/netanyahu-promet-l-occupation-totale-de-gaza-malgre-la-famine\\\/222060\\\/#primaryimage\"},\"thumbnailUrl\":\"https:\\\/\\\/www.webdo.tn\\\/fr\\\/wp-content\\\/uploads\\\/2025\\\/05\\\/a22c797f932949c6db828473a25c50d1.webp\",\"datePublished\":\"2025-05-19T15:15:00+00:00\",\"description\":\"Isra\u00ebl annonce l\u2019occupation totale de Gaza malgr\u00e9 la famine et les appels internationaux \u00e0 un cessez-le-feu. Plus de 53 000 morts, des civils pi\u00e9g\u00e9s, et une aid...\",\"breadcrumb\":{\"@id\":\"https:\\\/\\\/www.webdo.tn\\\/fr\\\/actualite\\\/international\\\/netanyahu-promet-l-occupation-totale-de-gaza-malgre-la-famine\\\/222060\\\/#breadcrumb\"},\"inLanguage\":\"fr-FR\",\"potentialAction\":[{\"@type\":\"ReadAction\",\"target\":[\"https:\\\/\\\/www.webdo.tn\\\/fr\\\/actualite\\\/international\\\/netanyahu-promet-l-occupation-totale-de-gaza-malgre-la-famine\\\/222060\\\/\"]}]},{\"@type\":\"ImageObject\",\"inLanguage\":\"fr-FR\",\"@id\":\"https:\\\/\\\/www.webdo.tn\\\/fr\\\/actualite\\\/international\\\/netanyahu-promet-l-occupation-totale-de-gaza-malgre-la-famine\\\/222060\\\/#primaryimage\",\"url\":\"https:\\\/\\\/www.webdo.tn\\\/fr\\\/wp-content\\\/uploads\\\/2025\\\/05\\\/a22c797f932949c6db828473a25c50d1.webp\",\"contentUrl\":\"https:\\\/\\\/www.webdo.tn\\\/fr\\\/wp-content\\\/uploads\\\/2025\\\/05\\\/a22c797f932949c6db828473a25c50d1.webp\",\"width\":750,\"height\":400,\"caption\":\"Netanyahu promet l\u2019occupation totale de Gaza, malgr\u00e9 la famine\"},{\"@type\":\"BreadcrumbList\",\"@id\":\"https:\\\/\\\/www.webdo.tn\\\/fr\\\/actualite\\\/international\\\/netanyahu-promet-l-occupation-totale-de-gaza-malgre-la-famine\\\/222060\\\/#breadcrumb\",\"itemListElement\":[{\"@type\":\"ListItem\",\"position\":1,\"name\":\"Accueil\",\"item\":\"https:\\\/\\\/www.webdo.tn\\\/fr\\\/\"},{\"@type\":\"ListItem\",\"position\":2,\"name\":\"Netanyahu promet l\u2019occupation totale de Gaza, malgr\u00e9 la famine\"}]},{\"@type\":\"WebSite\",\"@id\":\"https:\\\/\\\/www.webdo.tn\\\/fr\\\/#website\",\"url\":\"https:\\\/\\\/www.webdo.tn\\\/fr\\\/\",\"name\":\"webdo\",\"description\":\"Tunisie - News en Tunisie et \u00e0 l&#039;international sur Webdo.tn\",\"publisher\":{\"@id\":\"https:\\\/\\\/www.webdo.tn\\\/fr\\\/#organization\"},\"potentialAction\":[{\"@type\":\"SearchAction\",\"target\":{\"@type\":\"EntryPoint\",\"urlTemplate\":\"https:\\\/\\\/www.webdo.tn\\\/fr\\\/?s={search_term_string}\"},\"query-input\":{\"@type\":\"PropertyValueSpecification\",\"valueRequired\":true,\"valueName\":\"search_term_string\"}}],\"inLanguage\":\"fr-FR\"},{\"@type\":\"Organization\",\"@id\":\"https:\\\/\\\/www.webdo.tn\\\/fr\\\/#organization\",\"name\":\"Webdo\",\"alternateName\":\"Webdo.tn\",\"url\":\"https:\\\/\\\/www.webdo.tn\\\/fr\\\/\",\"logo\":{\"@type\":\"ImageObject\",\"inLanguage\":\"fr-FR\",\"@id\":\"https:\\\/\\\/www.webdo.tn\\\/fr\\\/#\\\/schema\\\/logo\\\/image\\\/\",\"url\":\"https:\\\/\\\/www.webdo.tn\\\/fr\\\/wp-content\\\/uploads\\\/2025\\\/06\\\/Webdo-Tunisie_168377.jpg\",\"contentUrl\":\"https:\\\/\\\/www.webdo.tn\\\/fr\\\/wp-content\\\/uploads\\\/2025\\\/06\\\/Webdo-Tunisie_168377.jpg\",\"width\":301,\"height\":301,\"caption\":\"Webdo\"},\"image\":{\"@id\":\"https:\\\/\\\/www.webdo.tn\\\/fr\\\/#\\\/schema\\\/logo\\\/image\\\/\"},\"sameAs\":[\"https:\\\/\\\/www.facebook.com\\\/webdotn\",\"https:\\\/\\\/x.com\\\/webdo_tn\"],\"description\":\"Webdo est un m\u00e9dia num\u00e9rique tunisien fond\u00e9 en 2010, sp\u00e9cialis\u00e9 dans l\u2019actualit\u00e9 nationale et internationale, l\u2019\u00e9conomie, la soci\u00e9t\u00e9 et les analyses politiques. Le site s\u2019adresse \u00e0 un large public francophone et couvre l\u2019information tunisienne en temps r\u00e9el.\",\"email\":\"redac@webdo.tn\",\"legalName\":\"YNJ SARL\",\"foundingDate\":\"2010-09-06\",\"numberOfEmployees\":{\"@type\":\"QuantitativeValue\",\"minValue\":\"11\",\"maxValue\":\"50\"}},{\"@type\":\"Person\",\"@id\":\"https:\\\/\\\/www.webdo.tn\\\/fr\\\/#\\\/schema\\\/person\\\/2c4929cbf5a809e3bd38617c6ce150f6\",\"name\":\"MC\",\"image\":{\"@type\":\"ImageObject\",\"inLanguage\":\"fr-FR\",\"@id\":\"https:\\\/\\\/secure.gravatar.com\\\/avatar\\\/a545bbb6f84efdd5553dbbc2895e3ca8f1d12c5215e00a041c9670b54aa9b18a?s=96&d=mm&r=g\",\"url\":\"https:\\\/\\\/secure.gravatar.com\\\/avatar\\\/a545bbb6f84efdd5553dbbc2895e3ca8f1d12c5215e00a041c9670b54aa9b18a?s=96&d=mm&r=g\",\"contentUrl\":\"https:\\\/\\\/secure.gravatar.com\\\/avatar\\\/a545bbb6f84efdd5553dbbc2895e3ca8f1d12c5215e00a041c9670b54aa9b18a?s=96&d=mm&r=g\",\"caption\":\"MC\"},\"url\":\"https:\\\/\\\/www.webdo.tn\\\/fr\\\/actualite\\\/author\\\/mc\\\/\"}]}<\/script>\n<!-- \/ Yoast SEO Premium plugin. -->","yoast_head_json":{"title":"Netanyahu promet l\u2019occupation totale de Gaza, malgr\u00e9 la famine","description":"Isra\u00ebl annonce l\u2019occupation totale de Gaza malgr\u00e9 la famine et les appels internationaux \u00e0 un cessez-le-feu. Plus de 53 000 morts, des civils pi\u00e9g\u00e9s, et une aid...","canonical":"https:\/\/www.webdo.tn\/fr\/actualite\/international\/netanyahu-promet-l-occupation-totale-de-gaza-malgre-la-famine\/222060\/","og_locale":"fr_FR","og_type":"article","og_title":"Netanyahu promet l\u2019occupation totale de Gaza, malgr\u00e9 la famine","og_description":"Isra\u00ebl annonce l\u2019occupation totale de Gaza malgr\u00e9 la famine et les appels internationaux \u00e0 un cessez-le-feu. Plus de 53 000 morts, des civils pi\u00e9g\u00e9s, et une aid...","og_url":"https:\/\/www.webdo.tn\/fr\/actualite\/international\/netanyahu-promet-l-occupation-totale-de-gaza-malgre-la-famine\/222060\/","og_site_name":"webdo","article_publisher":"https:\/\/www.facebook.com\/webdotn","article_published_time":"2025-05-19T15:15:00+00:00","og_image":[{"width":750,"height":400,"url":"https:\/\/www.webdo.tn\/fr\/wp-content\/uploads\/2025\/05\/a22c797f932949c6db828473a25c50d1.webp","type":"image\/webp"}],"author":"MC","twitter_card":"summary_large_image","twitter_creator":"@webdo_tn","twitter_site":"@webdo_tn","twitter_misc":{"\u00c9crit par":"MC","Dur\u00e9e de lecture estim\u00e9e":"3 minutes"},"schema":{"@context":"https:\/\/schema.org","@graph":[{"@type":"NewsArticle","@id":"https:\/\/www.webdo.tn\/fr\/actualite\/international\/netanyahu-promet-l-occupation-totale-de-gaza-malgre-la-famine\/222060\/#article","isPartOf":{"@id":"https:\/\/www.webdo.tn\/fr\/actualite\/international\/netanyahu-promet-l-occupation-totale-de-gaza-malgre-la-famine\/222060\/"},"author":{"name":"MC","@id":"https:\/\/www.webdo.tn\/fr\/#\/schema\/person\/2c4929cbf5a809e3bd38617c6ce150f6"},"headline":"Netanyahu promet l\u2019occupation totale de Gaza, malgr\u00e9 la famine","datePublished":"2025-05-19T15:15:00+00:00","mainEntityOfPage":{"@id":"https:\/\/www.webdo.tn\/fr\/actualite\/international\/netanyahu-promet-l-occupation-totale-de-gaza-malgre-la-famine\/222060\/"},"wordCount":565,"commentCount":0,"publisher":{"@id":"https:\/\/www.webdo.tn\/fr\/#organization"},"image":{"@id":"https:\/\/www.webdo.tn\/fr\/actualite\/international\/netanyahu-promet-l-occupation-totale-de-gaza-malgre-la-famine\/222060\/#primaryimage"},"thumbnailUrl":"https:\/\/www.webdo.tn\/fr\/wp-content\/uploads\/2025\/05\/a22c797f932949c6db828473a25c50d1.webp","keywords":["Gaza","isra\u00ebl","Netanyahu","Palestine"],"articleSection":["International"],"inLanguage":"fr-FR"},{"@type":"WebPage","@id":"https:\/\/www.webdo.tn\/fr\/actualite\/international\/netanyahu-promet-l-occupation-totale-de-gaza-malgre-la-famine\/222060\/","url":"https:\/\/www.webdo.tn\/fr\/actualite\/international\/netanyahu-promet-l-occupation-totale-de-gaza-malgre-la-famine\/222060\/","name":"Netanyahu promet l\u2019occupation totale de Gaza, malgr\u00e9 la famine","isPartOf":{"@id":"https:\/\/www.webdo.tn\/fr\/#website"},"primaryImageOfPage":{"@id":"https:\/\/www.webdo.tn\/fr\/actualite\/international\/netanyahu-promet-l-occupation-totale-de-gaza-malgre-la-famine\/222060\/#primaryimage"},"image":{"@id":"https:\/\/www.webdo.tn\/fr\/actualite\/international\/netanyahu-promet-l-occupation-totale-de-gaza-malgre-la-famine\/222060\/#primaryimage"},"thumbnailUrl":"https:\/\/www.webdo.tn\/fr\/wp-content\/uploads\/2025\/05\/a22c797f932949c6db828473a25c50d1.webp","datePublished":"2025-05-19T15:15:00+00:00","description":"Isra\u00ebl annonce l\u2019occupation totale de Gaza malgr\u00e9 la famine et les appels internationaux \u00e0 un cessez-le-feu. Plus de 53 000 morts, des civils pi\u00e9g\u00e9s, et une aid...","breadcrumb":{"@id":"https:\/\/www.webdo.tn\/fr\/actualite\/international\/netanyahu-promet-l-occupation-totale-de-gaza-malgre-la-famine\/222060\/#breadcrumb"},"inLanguage":"fr-FR","potentialAction":[{"@type":"ReadAction","target":["https:\/\/www.webdo.tn\/fr\/actualite\/international\/netanyahu-promet-l-occupation-totale-de-gaza-malgre-la-famine\/222060\/"]}]},{"@type":"ImageObject","inLanguage":"fr-FR","@id":"https:\/\/www.webdo.tn\/fr\/actualite\/international\/netanyahu-promet-l-occupation-totale-de-gaza-malgre-la-famine\/222060\/#primaryimage","url":"https:\/\/www.webdo.tn\/fr\/wp-content\/uploads\/2025\/05\/a22c797f932949c6db828473a25c50d1.webp","contentUrl":"https:\/\/www.webdo.tn\/fr\/wp-content\/uploads\/2025\/05\/a22c797f932949c6db828473a25c50d1.webp","width":750,"height":400,"caption":"Netanyahu promet l\u2019occupation totale de Gaza, malgr\u00e9 la famine"},{"@type":"BreadcrumbList","@id":"https:\/\/www.webdo.tn\/fr\/actualite\/international\/netanyahu-promet-l-occupation-totale-de-gaza-malgre-la-famine\/222060\/#breadcrumb","itemListElement":[{"@type":"ListItem","position":1,"name":"Accueil","item":"https:\/\/www.webdo.tn\/fr\/"},{"@type":"ListItem","position":2,"name":"Netanyahu promet l\u2019occupation totale de Gaza, malgr\u00e9 la famine"}]},{"@type":"WebSite","@id":"https:\/\/www.webdo.tn\/fr\/#website","url":"https:\/\/www.webdo.tn\/fr\/","name":"webdo","description":"Tunisie - News en Tunisie et \u00e0 l&#039;international sur Webdo.tn","publisher":{"@id":"https:\/\/www.webdo.tn\/fr\/#organization"},"potentialAction":[{"@type":"SearchAction","target":{"@type":"EntryPoint","urlTemplate":"https:\/\/www.webdo.tn\/fr\/?s={search_term_string}"},"query-input":{"@type":"PropertyValueSpecification","valueRequired":true,"valueName":"search_term_string"}}],"inLanguage":"fr-FR"},{"@type":"Organization","@id":"https:\/\/www.webdo.tn\/fr\/#organization","name":"Webdo","alternateName":"Webdo.tn","url":"https:\/\/www.webdo.tn\/fr\/","logo":{"@type":"ImageObject","inLanguage":"fr-FR","@id":"https:\/\/www.webdo.tn\/fr\/#\/schema\/logo\/image\/","url":"https:\/\/www.webdo.tn\/fr\/wp-content\/uploads\/2025\/06\/Webdo-Tunisie_168377.jpg","contentUrl":"https:\/\/www.webdo.tn\/fr\/wp-content\/uploads\/2025\/06\/Webdo-Tunisie_168377.jpg","width":301,"height":301,"caption":"Webdo"},"image":{"@id":"https:\/\/www.webdo.tn\/fr\/#\/schema\/logo\/image\/"},"sameAs":["https:\/\/www.facebook.com\/webdotn","https:\/\/x.com\/webdo_tn"],"description":"Webdo est un m\u00e9dia num\u00e9rique tunisien fond\u00e9 en 2010, sp\u00e9cialis\u00e9 dans l\u2019actualit\u00e9 nationale et internationale, l\u2019\u00e9conomie, la soci\u00e9t\u00e9 et les analyses politiques. Le site s\u2019adresse \u00e0 un large public francophone et couvre l\u2019information tunisienne en temps r\u00e9el.","email":"redac@webdo.tn","legalName":"YNJ SARL","foundingDate":"2010-09-06","numberOfEmployees":{"@type":"QuantitativeValue","minValue":"11","maxValue":"50"}},{"@type":"Person","@id":"https:\/\/www.webdo.tn\/fr\/#\/schema\/person\/2c4929cbf5a809e3bd38617c6ce150f6","name":"MC","image":{"@type":"ImageObject","inLanguage":"fr-FR","@id":"https:\/\/secure.gravatar.com\/avatar\/a545bbb6f84efdd5553dbbc2895e3ca8f1d12c5215e00a041c9670b54aa9b18a?s=96&d=mm&r=g","url":"https:\/\/secure.gravatar.com\/avatar\/a545bbb6f84efdd5553dbbc2895e3ca8f1d12c5215e00a041c9670b54aa9b18a?s=96&d=mm&r=g","contentUrl":"https:\/\/secure.gravatar.com\/avatar\/a545bbb6f84efdd5553dbbc2895e3ca8f1d12c5215e00a041c9670b54aa9b18a?s=96&d=mm&r=g","caption":"MC"},"url":"https:\/\/www.webdo.tn\/fr\/actualite\/author\/mc\/"}]}},"_links":{"self":[{"href":"https:\/\/www.webdo.tn\/fr\/wp-json\/wp\/v2\/posts\/222060","targetHints":{"allow":["GET"]}}],"collection":[{"href":"https:\/\/www.webdo.tn\/fr\/wp-json\/wp\/v2\/posts"}],"about":[{"href":"https:\/\/www.webdo.tn\/fr\/wp-json\/wp\/v2\/types\/post"}],"author":[{"embeddable":true,"href":"https:\/\/www.webdo.tn\/fr\/wp-json\/wp\/v2\/users\/3162"}],"replies":[{"embeddable":true,"href":"https:\/\/www.webdo.tn\/fr\/wp-json\/wp\/v2\/comments?post=222060"}],"version-history":[{"count":0,"href":"https:\/\/www.webdo.tn\/fr\/wp-json\/wp\/v2\/posts\/222060\/revisions"}],"wp:featuredmedia":[{"embeddable":true,"href":"https:\/\/www.webdo.tn\/fr\/wp-json\/wp\/v2\/media\/366093"}],"wp:attachment":[{"href":"https:\/\/www.webdo.tn\/fr\/wp-json\/wp\/v2\/media?parent=222060"}],"wp:term":[{"taxonomy":"category","embeddable":true,"href":"https:\/\/www.webdo.tn\/fr\/wp-json\/wp\/v2\/categories?post=222060"},{"taxonomy":"post_tag","embeddable":true,"href":"https:\/\/www.webdo.tn\/fr\/wp-json\/wp\/v2\/tags?post=222060"}],"curies":[{"name":"wp","href":"https:\/\/api.w.org\/{rel}","templated":true}]}}