{"id":222058,"date":"2025-05-19T14:29:00","date_gmt":"2025-05-19T14:29:00","guid":{"rendered":"https:\/\/www.webdo.tn\/fr\/actualite\/blog\/tunisie-le-proces-de-taieb-rached-ancien-haut-magistrat-reporte-au-9-juin\/222058\/"},"modified":"2025-05-19T14:29:00","modified_gmt":"2025-05-19T14:29:00","slug":"tunisie-le-proces-de-taieb-rached-ancien-haut-magistrat-reporte-au-9-juin","status":"publish","type":"post","link":"https:\/\/www.webdo.tn\/fr\/actualite\/national\/tunisie-le-proces-de-taieb-rached-ancien-haut-magistrat-reporte-au-9-juin\/222058\/","title":{"rendered":"Tunisie : Le proc\u00e8s de Taieb Rached, ancien haut magistrat, report\u00e9 au 9 juin"},"content":{"rendered":"<p>Le proc\u00e8s de l\u2019ancien premier pr\u00e9sident de la Cour de cassation, Taieb Rached, accus\u00e9 de corruption financi\u00e8re, a \u00e9t\u00e9 report\u00e9 au 9 juin 2025. Une affaire sensible, qui implique \u00e9galement des magistrats et hommes d\u2019affaires.<\/p>\n<p> Tribunal de premi\u00e8re instance de Tunis a d\u00e9cid\u00e9, ce lundi 19 mai, de reporter l\u2019examen de l\u2019affaire de Taieb Rached au 9 juin prochain, \u00e0 la demande de la d\u00e9fense.<\/p>\n<p>L\u2019ancien haut magistrat, en d\u00e9tention depuis le 12 f\u00e9vrier 2023, a comparu en \u00e9tat d\u2019arrestation, aux c\u00f4t\u00e9s de plusieurs accus\u00e9s, dont un ancien magistrat et des hommes d\u2019affaires, notamment N\u00e9jib Ben Ismail.<\/p>\n<p>Taieb Rached, qui a longtemps occup\u00e9 le poste le plus \u00e9lev\u00e9 au sein du pouvoir judiciaire tunisien, est poursuivi pour des accusations graves : corruption, falsification de documents officiels et usage de faux.<\/p>\n<p>Sa mise en d\u00e9tention provisoire, ordonn\u00e9e par la 10e chambre d\u2019accusation de la Cour d\u2019appel de Tunis, avait marqu\u00e9 un tournant dans une affaire qui met en lumi\u00e8re les d\u00e9rives suppos\u00e9es au sommet de l\u2019appareil judiciaire.<\/p>\n","protected":false},"excerpt":{"rendered":"<p>Le proc\u00e8s de Ta\u00efeb Rached, ex-pr\u00e9sident de la Cour de cassation accus\u00e9 de corruption, est report\u00e9 au 9 juin 2025. Retour sur une affaire embl\u00e9matique de la lutt&#8230;<\/p>\n","protected":false},"author":3162,"featured_media":366144,"comment_status":"open","ping_status":"closed","sticky":false,"template":"","format":"standard","meta":{"footnotes":""},"categories":[44],"tags":[3196,2619,7142,2608],"class_list":["post-222058","post","type-post","status-publish","format-standard","has-post-thumbnail","hentry","category-national","tag-corruption","tag-justice","tag-taieb-rached","tag-tunisie"],"yoast_head":"<!-- This site is optimized with the Yoast SEO Premium plugin v27.4 (Yoast SEO v27.4) - https:\/\/yoast.com\/product\/yoast-seo-premium-wordpress\/ -->\n<title>Tunisie : Le proc\u00e8s de Taieb Rached, ancien haut magistrat, report\u00e9 au 9 juin<\/title>\n<meta name=\"description\" content=\"Le proc\u00e8s de Ta\u00efeb Rached, ex-pr\u00e9sident de la Cour de cassation accus\u00e9 de corruption, est report\u00e9 au 9 juin 2025. Retour sur une affaire embl\u00e9matique de la lutt...\" \/>\n<link rel=\"canonical\" href=\"https:\/\/www.webdo.tn\/fr\/actualite\/national\/tunisie-le-proces-de-taieb-rached-ancien-haut-magistrat-reporte-au-9-juin\/222058\/\" \/>\n<meta property=\"og:locale\" content=\"fr_FR\" \/>\n<meta property=\"og:type\" content=\"article\" \/>\n<meta property=\"og:title\" content=\"Tunisie : Le proc\u00e8s de Taieb Rached, ancien haut magistrat, report\u00e9 au 9 juin\" \/>\n<meta property=\"og:description\" content=\"Le proc\u00e8s de Ta\u00efeb Rached, ex-pr\u00e9sident de la Cour de cassation accus\u00e9 de corruption, est report\u00e9 au 9 juin 2025. Retour sur une affaire embl\u00e9matique de la lutt...\" \/>\n<meta property=\"og:url\" content=\"https:\/\/www.webdo.tn\/fr\/actualite\/national\/tunisie-le-proces-de-taieb-rached-ancien-haut-magistrat-reporte-au-9-juin\/222058\/\" \/>\n<meta property=\"og:site_name\" content=\"webdo\" \/>\n<meta property=\"article:publisher\" content=\"https:\/\/www.facebook.com\/webdotn\" \/>\n<meta property=\"article:published_time\" content=\"2025-05-19T14:29:00+00:00\" \/>\n<meta property=\"og:image\" content=\"https:\/\/www.webdo.tn\/fr\/wp-content\/uploads\/2025\/05\/85376b85fc87f9de26d11b3d5cbdf4d8.webp\" \/>\n\t<meta property=\"og:image:width\" content=\"750\" \/>\n\t<meta property=\"og:image:height\" content=\"400\" \/>\n\t<meta property=\"og:image:type\" content=\"image\/webp\" \/>\n<meta name=\"author\" content=\"MC\" \/>\n<meta name=\"twitter:card\" content=\"summary_large_image\" \/>\n<meta name=\"twitter:creator\" content=\"@webdo_tn\" \/>\n<meta name=\"twitter:site\" content=\"@webdo_tn\" \/>\n<meta name=\"twitter:label1\" content=\"\u00c9crit par\" \/>\n\t<meta name=\"twitter:data1\" content=\"MC\" \/>\n\t<meta name=\"twitter:label2\" content=\"Dur\u00e9e de lecture estim\u00e9e\" \/>\n\t<meta name=\"twitter:data2\" content=\"1 minute\" \/>\n<script type=\"application\/ld+json\" class=\"yoast-schema-graph\">{\"@context\":\"https:\\\/\\\/schema.org\",\"@graph\":[{\"@type\":\"NewsArticle\",\"@id\":\"https:\\\/\\\/www.webdo.tn\\\/fr\\\/actualite\\\/national\\\/tunisie-le-proces-de-taieb-rached-ancien-haut-magistrat-reporte-au-9-juin\\\/222058\\\/#article\",\"isPartOf\":{\"@id\":\"https:\\\/\\\/www.webdo.tn\\\/fr\\\/actualite\\\/national\\\/tunisie-le-proces-de-taieb-rached-ancien-haut-magistrat-reporte-au-9-juin\\\/222058\\\/\"},\"author\":{\"name\":\"MC\",\"@id\":\"https:\\\/\\\/www.webdo.tn\\\/fr\\\/#\\\/schema\\\/person\\\/2c4929cbf5a809e3bd38617c6ce150f6\"},\"headline\":\"Tunisie : Le proc\u00e8s de Taieb Rached, ancien haut magistrat, report\u00e9 au 9 juin\",\"datePublished\":\"2025-05-19T14:29:00+00:00\",\"mainEntityOfPage\":{\"@id\":\"https:\\\/\\\/www.webdo.tn\\\/fr\\\/actualite\\\/national\\\/tunisie-le-proces-de-taieb-rached-ancien-haut-magistrat-reporte-au-9-juin\\\/222058\\\/\"},\"wordCount\":198,\"commentCount\":0,\"publisher\":{\"@id\":\"https:\\\/\\\/www.webdo.tn\\\/fr\\\/#organization\"},\"image\":{\"@id\":\"https:\\\/\\\/www.webdo.tn\\\/fr\\\/actualite\\\/national\\\/tunisie-le-proces-de-taieb-rached-ancien-haut-magistrat-reporte-au-9-juin\\\/222058\\\/#primaryimage\"},\"thumbnailUrl\":\"https:\\\/\\\/www.webdo.tn\\\/fr\\\/wp-content\\\/uploads\\\/2025\\\/05\\\/85376b85fc87f9de26d11b3d5cbdf4d8.webp\",\"keywords\":[\"corruption\",\"justice\",\"taieb rached\",\"Tunisie\"],\"articleSection\":[\"National\"],\"inLanguage\":\"fr-FR\"},{\"@type\":\"WebPage\",\"@id\":\"https:\\\/\\\/www.webdo.tn\\\/fr\\\/actualite\\\/national\\\/tunisie-le-proces-de-taieb-rached-ancien-haut-magistrat-reporte-au-9-juin\\\/222058\\\/\",\"url\":\"https:\\\/\\\/www.webdo.tn\\\/fr\\\/actualite\\\/national\\\/tunisie-le-proces-de-taieb-rached-ancien-haut-magistrat-reporte-au-9-juin\\\/222058\\\/\",\"name\":\"Tunisie : Le proc\u00e8s de Taieb Rached, ancien haut magistrat, report\u00e9 au 9 juin\",\"isPartOf\":{\"@id\":\"https:\\\/\\\/www.webdo.tn\\\/fr\\\/#website\"},\"primaryImageOfPage\":{\"@id\":\"https:\\\/\\\/www.webdo.tn\\\/fr\\\/actualite\\\/national\\\/tunisie-le-proces-de-taieb-rached-ancien-haut-magistrat-reporte-au-9-juin\\\/222058\\\/#primaryimage\"},\"image\":{\"@id\":\"https:\\\/\\\/www.webdo.tn\\\/fr\\\/actualite\\\/national\\\/tunisie-le-proces-de-taieb-rached-ancien-haut-magistrat-reporte-au-9-juin\\\/222058\\\/#primaryimage\"},\"thumbnailUrl\":\"https:\\\/\\\/www.webdo.tn\\\/fr\\\/wp-content\\\/uploads\\\/2025\\\/05\\\/85376b85fc87f9de26d11b3d5cbdf4d8.webp\",\"datePublished\":\"2025-05-19T14:29:00+00:00\",\"description\":\"Le proc\u00e8s de Ta\u00efeb Rached, ex-pr\u00e9sident de la Cour de cassation accus\u00e9 de corruption, est report\u00e9 au 9 juin 2025. Retour sur une affaire embl\u00e9matique de la lutt...\",\"breadcrumb\":{\"@id\":\"https:\\\/\\\/www.webdo.tn\\\/fr\\\/actualite\\\/national\\\/tunisie-le-proces-de-taieb-rached-ancien-haut-magistrat-reporte-au-9-juin\\\/222058\\\/#breadcrumb\"},\"inLanguage\":\"fr-FR\",\"potentialAction\":[{\"@type\":\"ReadAction\",\"target\":[\"https:\\\/\\\/www.webdo.tn\\\/fr\\\/actualite\\\/national\\\/tunisie-le-proces-de-taieb-rached-ancien-haut-magistrat-reporte-au-9-juin\\\/222058\\\/\"]}]},{\"@type\":\"ImageObject\",\"inLanguage\":\"fr-FR\",\"@id\":\"https:\\\/\\\/www.webdo.tn\\\/fr\\\/actualite\\\/national\\\/tunisie-le-proces-de-taieb-rached-ancien-haut-magistrat-reporte-au-9-juin\\\/222058\\\/#primaryimage\",\"url\":\"https:\\\/\\\/www.webdo.tn\\\/fr\\\/wp-content\\\/uploads\\\/2025\\\/05\\\/85376b85fc87f9de26d11b3d5cbdf4d8.webp\",\"contentUrl\":\"https:\\\/\\\/www.webdo.tn\\\/fr\\\/wp-content\\\/uploads\\\/2025\\\/05\\\/85376b85fc87f9de26d11b3d5cbdf4d8.webp\",\"width\":750,\"height\":400,\"caption\":\"Tunisie : Le proc\u00e8s de Taieb Rached, ancien haut magistrat, report\u00e9 au 9 juin\"},{\"@type\":\"BreadcrumbList\",\"@id\":\"https:\\\/\\\/www.webdo.tn\\\/fr\\\/actualite\\\/national\\\/tunisie-le-proces-de-taieb-rached-ancien-haut-magistrat-reporte-au-9-juin\\\/222058\\\/#breadcrumb\",\"itemListElement\":[{\"@type\":\"ListItem\",\"position\":1,\"name\":\"Accueil\",\"item\":\"https:\\\/\\\/www.webdo.tn\\\/fr\\\/\"},{\"@type\":\"ListItem\",\"position\":2,\"name\":\"Tunisie : Le proc\u00e8s de Taieb Rached, ancien haut magistrat, report\u00e9 au 9 juin\"}]},{\"@type\":\"WebSite\",\"@id\":\"https:\\\/\\\/www.webdo.tn\\\/fr\\\/#website\",\"url\":\"https:\\\/\\\/www.webdo.tn\\\/fr\\\/\",\"name\":\"webdo\",\"description\":\"Tunisie - News en Tunisie et \u00e0 l&#039;international sur Webdo.tn\",\"publisher\":{\"@id\":\"https:\\\/\\\/www.webdo.tn\\\/fr\\\/#organization\"},\"potentialAction\":[{\"@type\":\"SearchAction\",\"target\":{\"@type\":\"EntryPoint\",\"urlTemplate\":\"https:\\\/\\\/www.webdo.tn\\\/fr\\\/?s={search_term_string}\"},\"query-input\":{\"@type\":\"PropertyValueSpecification\",\"valueRequired\":true,\"valueName\":\"search_term_string\"}}],\"inLanguage\":\"fr-FR\"},{\"@type\":\"Organization\",\"@id\":\"https:\\\/\\\/www.webdo.tn\\\/fr\\\/#organization\",\"name\":\"Webdo\",\"alternateName\":\"Webdo.tn\",\"url\":\"https:\\\/\\\/www.webdo.tn\\\/fr\\\/\",\"logo\":{\"@type\":\"ImageObject\",\"inLanguage\":\"fr-FR\",\"@id\":\"https:\\\/\\\/www.webdo.tn\\\/fr\\\/#\\\/schema\\\/logo\\\/image\\\/\",\"url\":\"https:\\\/\\\/www.webdo.tn\\\/fr\\\/wp-content\\\/uploads\\\/2025\\\/06\\\/Webdo-Tunisie_168377.jpg\",\"contentUrl\":\"https:\\\/\\\/www.webdo.tn\\\/fr\\\/wp-content\\\/uploads\\\/2025\\\/06\\\/Webdo-Tunisie_168377.jpg\",\"width\":301,\"height\":301,\"caption\":\"Webdo\"},\"image\":{\"@id\":\"https:\\\/\\\/www.webdo.tn\\\/fr\\\/#\\\/schema\\\/logo\\\/image\\\/\"},\"sameAs\":[\"https:\\\/\\\/www.facebook.com\\\/webdotn\",\"https:\\\/\\\/x.com\\\/webdo_tn\"],\"description\":\"Webdo est un m\u00e9dia num\u00e9rique tunisien fond\u00e9 en 2010, sp\u00e9cialis\u00e9 dans l\u2019actualit\u00e9 nationale et internationale, l\u2019\u00e9conomie, la soci\u00e9t\u00e9 et les analyses politiques. Le site s\u2019adresse \u00e0 un large public francophone et couvre l\u2019information tunisienne en temps r\u00e9el.\",\"email\":\"redac@webdo.tn\",\"legalName\":\"YNJ SARL\",\"foundingDate\":\"2010-09-06\",\"numberOfEmployees\":{\"@type\":\"QuantitativeValue\",\"minValue\":\"11\",\"maxValue\":\"50\"}},{\"@type\":\"Person\",\"@id\":\"https:\\\/\\\/www.webdo.tn\\\/fr\\\/#\\\/schema\\\/person\\\/2c4929cbf5a809e3bd38617c6ce150f6\",\"name\":\"MC\",\"image\":{\"@type\":\"ImageObject\",\"inLanguage\":\"fr-FR\",\"@id\":\"https:\\\/\\\/secure.gravatar.com\\\/avatar\\\/a545bbb6f84efdd5553dbbc2895e3ca8f1d12c5215e00a041c9670b54aa9b18a?s=96&d=mm&r=g\",\"url\":\"https:\\\/\\\/secure.gravatar.com\\\/avatar\\\/a545bbb6f84efdd5553dbbc2895e3ca8f1d12c5215e00a041c9670b54aa9b18a?s=96&d=mm&r=g\",\"contentUrl\":\"https:\\\/\\\/secure.gravatar.com\\\/avatar\\\/a545bbb6f84efdd5553dbbc2895e3ca8f1d12c5215e00a041c9670b54aa9b18a?s=96&d=mm&r=g\",\"caption\":\"MC\"},\"url\":\"https:\\\/\\\/www.webdo.tn\\\/fr\\\/actualite\\\/author\\\/mc\\\/\"}]}<\/script>\n<!-- \/ Yoast SEO Premium plugin. -->","yoast_head_json":{"title":"Tunisie : Le proc\u00e8s de Taieb Rached, ancien haut magistrat, report\u00e9 au 9 juin","description":"Le proc\u00e8s de Ta\u00efeb Rached, ex-pr\u00e9sident de la Cour de cassation accus\u00e9 de corruption, est report\u00e9 au 9 juin 2025. Retour sur une affaire embl\u00e9matique de la lutt...","canonical":"https:\/\/www.webdo.tn\/fr\/actualite\/national\/tunisie-le-proces-de-taieb-rached-ancien-haut-magistrat-reporte-au-9-juin\/222058\/","og_locale":"fr_FR","og_type":"article","og_title":"Tunisie : Le proc\u00e8s de Taieb Rached, ancien haut magistrat, report\u00e9 au 9 juin","og_description":"Le proc\u00e8s de Ta\u00efeb Rached, ex-pr\u00e9sident de la Cour de cassation accus\u00e9 de corruption, est report\u00e9 au 9 juin 2025. Retour sur une affaire embl\u00e9matique de la lutt...","og_url":"https:\/\/www.webdo.tn\/fr\/actualite\/national\/tunisie-le-proces-de-taieb-rached-ancien-haut-magistrat-reporte-au-9-juin\/222058\/","og_site_name":"webdo","article_publisher":"https:\/\/www.facebook.com\/webdotn","article_published_time":"2025-05-19T14:29:00+00:00","og_image":[{"width":750,"height":400,"url":"https:\/\/www.webdo.tn\/fr\/wp-content\/uploads\/2025\/05\/85376b85fc87f9de26d11b3d5cbdf4d8.webp","type":"image\/webp"}],"author":"MC","twitter_card":"summary_large_image","twitter_creator":"@webdo_tn","twitter_site":"@webdo_tn","twitter_misc":{"\u00c9crit par":"MC","Dur\u00e9e de lecture estim\u00e9e":"1 minute"},"schema":{"@context":"https:\/\/schema.org","@graph":[{"@type":"NewsArticle","@id":"https:\/\/www.webdo.tn\/fr\/actualite\/national\/tunisie-le-proces-de-taieb-rached-ancien-haut-magistrat-reporte-au-9-juin\/222058\/#article","isPartOf":{"@id":"https:\/\/www.webdo.tn\/fr\/actualite\/national\/tunisie-le-proces-de-taieb-rached-ancien-haut-magistrat-reporte-au-9-juin\/222058\/"},"author":{"name":"MC","@id":"https:\/\/www.webdo.tn\/fr\/#\/schema\/person\/2c4929cbf5a809e3bd38617c6ce150f6"},"headline":"Tunisie : Le proc\u00e8s de Taieb Rached, ancien haut magistrat, report\u00e9 au 9 juin","datePublished":"2025-05-19T14:29:00+00:00","mainEntityOfPage":{"@id":"https:\/\/www.webdo.tn\/fr\/actualite\/national\/tunisie-le-proces-de-taieb-rached-ancien-haut-magistrat-reporte-au-9-juin\/222058\/"},"wordCount":198,"commentCount":0,"publisher":{"@id":"https:\/\/www.webdo.tn\/fr\/#organization"},"image":{"@id":"https:\/\/www.webdo.tn\/fr\/actualite\/national\/tunisie-le-proces-de-taieb-rached-ancien-haut-magistrat-reporte-au-9-juin\/222058\/#primaryimage"},"thumbnailUrl":"https:\/\/www.webdo.tn\/fr\/wp-content\/uploads\/2025\/05\/85376b85fc87f9de26d11b3d5cbdf4d8.webp","keywords":["corruption","justice","taieb rached","Tunisie"],"articleSection":["National"],"inLanguage":"fr-FR"},{"@type":"WebPage","@id":"https:\/\/www.webdo.tn\/fr\/actualite\/national\/tunisie-le-proces-de-taieb-rached-ancien-haut-magistrat-reporte-au-9-juin\/222058\/","url":"https:\/\/www.webdo.tn\/fr\/actualite\/national\/tunisie-le-proces-de-taieb-rached-ancien-haut-magistrat-reporte-au-9-juin\/222058\/","name":"Tunisie : Le proc\u00e8s de Taieb Rached, ancien haut magistrat, report\u00e9 au 9 juin","isPartOf":{"@id":"https:\/\/www.webdo.tn\/fr\/#website"},"primaryImageOfPage":{"@id":"https:\/\/www.webdo.tn\/fr\/actualite\/national\/tunisie-le-proces-de-taieb-rached-ancien-haut-magistrat-reporte-au-9-juin\/222058\/#primaryimage"},"image":{"@id":"https:\/\/www.webdo.tn\/fr\/actualite\/national\/tunisie-le-proces-de-taieb-rached-ancien-haut-magistrat-reporte-au-9-juin\/222058\/#primaryimage"},"thumbnailUrl":"https:\/\/www.webdo.tn\/fr\/wp-content\/uploads\/2025\/05\/85376b85fc87f9de26d11b3d5cbdf4d8.webp","datePublished":"2025-05-19T14:29:00+00:00","description":"Le proc\u00e8s de Ta\u00efeb Rached, ex-pr\u00e9sident de la Cour de cassation accus\u00e9 de corruption, est report\u00e9 au 9 juin 2025. Retour sur une affaire embl\u00e9matique de la lutt...","breadcrumb":{"@id":"https:\/\/www.webdo.tn\/fr\/actualite\/national\/tunisie-le-proces-de-taieb-rached-ancien-haut-magistrat-reporte-au-9-juin\/222058\/#breadcrumb"},"inLanguage":"fr-FR","potentialAction":[{"@type":"ReadAction","target":["https:\/\/www.webdo.tn\/fr\/actualite\/national\/tunisie-le-proces-de-taieb-rached-ancien-haut-magistrat-reporte-au-9-juin\/222058\/"]}]},{"@type":"ImageObject","inLanguage":"fr-FR","@id":"https:\/\/www.webdo.tn\/fr\/actualite\/national\/tunisie-le-proces-de-taieb-rached-ancien-haut-magistrat-reporte-au-9-juin\/222058\/#primaryimage","url":"https:\/\/www.webdo.tn\/fr\/wp-content\/uploads\/2025\/05\/85376b85fc87f9de26d11b3d5cbdf4d8.webp","contentUrl":"https:\/\/www.webdo.tn\/fr\/wp-content\/uploads\/2025\/05\/85376b85fc87f9de26d11b3d5cbdf4d8.webp","width":750,"height":400,"caption":"Tunisie : Le proc\u00e8s de Taieb Rached, ancien haut magistrat, report\u00e9 au 9 juin"},{"@type":"BreadcrumbList","@id":"https:\/\/www.webdo.tn\/fr\/actualite\/national\/tunisie-le-proces-de-taieb-rached-ancien-haut-magistrat-reporte-au-9-juin\/222058\/#breadcrumb","itemListElement":[{"@type":"ListItem","position":1,"name":"Accueil","item":"https:\/\/www.webdo.tn\/fr\/"},{"@type":"ListItem","position":2,"name":"Tunisie : Le proc\u00e8s de Taieb Rached, ancien haut magistrat, report\u00e9 au 9 juin"}]},{"@type":"WebSite","@id":"https:\/\/www.webdo.tn\/fr\/#website","url":"https:\/\/www.webdo.tn\/fr\/","name":"webdo","description":"Tunisie - News en Tunisie et \u00e0 l&#039;international sur Webdo.tn","publisher":{"@id":"https:\/\/www.webdo.tn\/fr\/#organization"},"potentialAction":[{"@type":"SearchAction","target":{"@type":"EntryPoint","urlTemplate":"https:\/\/www.webdo.tn\/fr\/?s={search_term_string}"},"query-input":{"@type":"PropertyValueSpecification","valueRequired":true,"valueName":"search_term_string"}}],"inLanguage":"fr-FR"},{"@type":"Organization","@id":"https:\/\/www.webdo.tn\/fr\/#organization","name":"Webdo","alternateName":"Webdo.tn","url":"https:\/\/www.webdo.tn\/fr\/","logo":{"@type":"ImageObject","inLanguage":"fr-FR","@id":"https:\/\/www.webdo.tn\/fr\/#\/schema\/logo\/image\/","url":"https:\/\/www.webdo.tn\/fr\/wp-content\/uploads\/2025\/06\/Webdo-Tunisie_168377.jpg","contentUrl":"https:\/\/www.webdo.tn\/fr\/wp-content\/uploads\/2025\/06\/Webdo-Tunisie_168377.jpg","width":301,"height":301,"caption":"Webdo"},"image":{"@id":"https:\/\/www.webdo.tn\/fr\/#\/schema\/logo\/image\/"},"sameAs":["https:\/\/www.facebook.com\/webdotn","https:\/\/x.com\/webdo_tn"],"description":"Webdo est un m\u00e9dia num\u00e9rique tunisien fond\u00e9 en 2010, sp\u00e9cialis\u00e9 dans l\u2019actualit\u00e9 nationale et internationale, l\u2019\u00e9conomie, la soci\u00e9t\u00e9 et les analyses politiques. Le site s\u2019adresse \u00e0 un large public francophone et couvre l\u2019information tunisienne en temps r\u00e9el.","email":"redac@webdo.tn","legalName":"YNJ SARL","foundingDate":"2010-09-06","numberOfEmployees":{"@type":"QuantitativeValue","minValue":"11","maxValue":"50"}},{"@type":"Person","@id":"https:\/\/www.webdo.tn\/fr\/#\/schema\/person\/2c4929cbf5a809e3bd38617c6ce150f6","name":"MC","image":{"@type":"ImageObject","inLanguage":"fr-FR","@id":"https:\/\/secure.gravatar.com\/avatar\/a545bbb6f84efdd5553dbbc2895e3ca8f1d12c5215e00a041c9670b54aa9b18a?s=96&d=mm&r=g","url":"https:\/\/secure.gravatar.com\/avatar\/a545bbb6f84efdd5553dbbc2895e3ca8f1d12c5215e00a041c9670b54aa9b18a?s=96&d=mm&r=g","contentUrl":"https:\/\/secure.gravatar.com\/avatar\/a545bbb6f84efdd5553dbbc2895e3ca8f1d12c5215e00a041c9670b54aa9b18a?s=96&d=mm&r=g","caption":"MC"},"url":"https:\/\/www.webdo.tn\/fr\/actualite\/author\/mc\/"}]}},"_links":{"self":[{"href":"https:\/\/www.webdo.tn\/fr\/wp-json\/wp\/v2\/posts\/222058","targetHints":{"allow":["GET"]}}],"collection":[{"href":"https:\/\/www.webdo.tn\/fr\/wp-json\/wp\/v2\/posts"}],"about":[{"href":"https:\/\/www.webdo.tn\/fr\/wp-json\/wp\/v2\/types\/post"}],"author":[{"embeddable":true,"href":"https:\/\/www.webdo.tn\/fr\/wp-json\/wp\/v2\/users\/3162"}],"replies":[{"embeddable":true,"href":"https:\/\/www.webdo.tn\/fr\/wp-json\/wp\/v2\/comments?post=222058"}],"version-history":[{"count":0,"href":"https:\/\/www.webdo.tn\/fr\/wp-json\/wp\/v2\/posts\/222058\/revisions"}],"wp:featuredmedia":[{"embeddable":true,"href":"https:\/\/www.webdo.tn\/fr\/wp-json\/wp\/v2\/media\/366144"}],"wp:attachment":[{"href":"https:\/\/www.webdo.tn\/fr\/wp-json\/wp\/v2\/media?parent=222058"}],"wp:term":[{"taxonomy":"category","embeddable":true,"href":"https:\/\/www.webdo.tn\/fr\/wp-json\/wp\/v2\/categories?post=222058"},{"taxonomy":"post_tag","embeddable":true,"href":"https:\/\/www.webdo.tn\/fr\/wp-json\/wp\/v2\/tags?post=222058"}],"curies":[{"name":"wp","href":"https:\/\/api.w.org\/{rel}","templated":true}]}}