{"id":222055,"date":"2025-05-19T12:00:00","date_gmt":"2025-05-19T12:00:00","guid":{"rendered":"https:\/\/www.webdo.tn\/fr\/actualite\/blog\/greve-des-taxis-a-tunis\/222055\/"},"modified":"2025-05-19T12:00:00","modified_gmt":"2025-05-19T12:00:00","slug":"greve-des-taxis-a-tunis","status":"publish","type":"post","link":"https:\/\/www.webdo.tn\/fr\/actualite\/national\/greve-des-taxis-a-tunis\/222055\/","title":{"rendered":"Gr\u00e8ve des taxis \u00e0 Tunis"},"content":{"rendered":"<p>Alors que les chauffeurs de taxi du Grand-Tunis observent ce lundi 19 mai 2025 une gr\u00e8ve g\u00e9n\u00e9rale, le secteur du transport individuel se trouve \u00e0 un tournant. Entre crise tarifaire, essor des applications num\u00e9riques et projet de r\u00e9forme l\u00e9gislative, les tensions se multiplient.<\/p>\n<p> R\u00e9pondant \u00e0 l\u2019appel de leur syndicat de base, de nombreux chauffeurs de taxi ont suspendu leur activit\u00e9 ce matin, organisant un sit-in devant le si\u00e8ge du minist\u00e8re du Transport \u00e0 Tunis. Ils r\u00e9clament, en premier lieu, une revalorisation urgente du tarif du compteur, jugeant les tarifs actuels \u00ab obsol\u00e8tes \u00bb face \u00e0 l\u2019inflation galopante et \u00e0 la hausse des co\u00fbts d\u2019exploitation (carburant, entretien, assurances\u2026).<\/p>\n<p>Le pr\u00e9sident du syndicat, Nader Kazdaghli, estime que \u00ab le secteur est en crise \u00bb et pointe du doigt l\u2019inaction du minist\u00e8re. Nous avons besoin d\u2019un m\u00e9canisme d\u2019ajustement automatique des tarifs, en fonction du co\u00fbt de la vie \u00bb, a-t-il d\u00e9clar\u00e9, aujourd\u2019hui sur les ondes de Mosaique fm.<\/p>\n<p>Parall\u00e8lement \u00e0 ces revendications, les chauffeurs de taxi font face \u00e0 un autre d\u00e9fi : l\u2019essor rapide des plateformes num\u00e9riques de transport, qui bouleversent les \u00e9quilibres du secteur. Si ces applications s\u00e9duisent une client\u00e8le croissante, elles sont souvent per\u00e7ues par les professionnels traditionnels comme une concurrence d\u00e9loyale, b\u00e9n\u00e9ficiant de moins de contraintes r\u00e9glementaires.<\/p>\n<p>Le minist\u00e8re du Transport a justement annonc\u00e9 une s\u00e9rie de r\u00e9formes visant \u00e0 encadrer cette nouvelle r\u00e9alit\u00e9. Parmi les mesures phares : la mise en place prochaine d\u2019un cadre juridique sp\u00e9cifique pour les applications de transport public non r\u00e9gulier, avec l\u2019objectif de cr\u00e9er un march\u00e9 structur\u00e9, \u00e9quitable et plus transparent.<\/p>\n","protected":false},"excerpt":{"rendered":"<p>Le 19 mai 2025, les chauffeurs de taxi du Grand-Tunis observent une gr\u00e8ve g\u00e9n\u00e9rale pour exiger une revalorisation des tarifs. En toile de fond : l\u2019essor des app&#8230;<\/p>\n","protected":false},"author":3162,"featured_media":366137,"comment_status":"open","ping_status":"closed","sticky":false,"template":"","format":"standard","meta":{"footnotes":""},"categories":[44],"tags":[2647,2648,2640,2608],"class_list":["post-222055","post","type-post","status-publish","format-standard","has-post-thumbnail","hentry","category-national","tag-greve","tag-taxi","tag-tunis","tag-tunisie"],"yoast_head":"<!-- This site is optimized with the Yoast SEO Premium plugin v27.4 (Yoast SEO v27.5) - https:\/\/yoast.com\/product\/yoast-seo-premium-wordpress\/ -->\n<title>Gr\u00e8ve des taxis \u00e0 Tunis<\/title>\n<meta name=\"description\" content=\"Le 19 mai 2025, les chauffeurs de taxi du Grand-Tunis observent une gr\u00e8ve g\u00e9n\u00e9rale pour exiger une revalorisation des tarifs. En toile de fond : l\u2019essor des app...\" \/>\n<link rel=\"canonical\" href=\"https:\/\/www.webdo.tn\/fr\/actualite\/national\/greve-des-taxis-a-tunis\/222055\/\" \/>\n<meta property=\"og:locale\" content=\"fr_FR\" \/>\n<meta property=\"og:type\" content=\"article\" \/>\n<meta property=\"og:title\" content=\"Gr\u00e8ve des taxis \u00e0 Tunis\" \/>\n<meta property=\"og:description\" content=\"Le 19 mai 2025, les chauffeurs de taxi du Grand-Tunis observent une gr\u00e8ve g\u00e9n\u00e9rale pour exiger une revalorisation des tarifs. En toile de fond : l\u2019essor des app...\" \/>\n<meta property=\"og:url\" content=\"https:\/\/www.webdo.tn\/fr\/actualite\/national\/greve-des-taxis-a-tunis\/222055\/\" \/>\n<meta property=\"og:site_name\" content=\"webdo\" \/>\n<meta property=\"article:publisher\" content=\"https:\/\/www.facebook.com\/webdotn\" \/>\n<meta property=\"article:published_time\" content=\"2025-05-19T12:00:00+00:00\" \/>\n<meta property=\"og:image\" content=\"https:\/\/www.webdo.tn\/fr\/wp-content\/uploads\/2025\/05\/3522d845a5f2d7a9f36d7de226451973.webp\" \/>\n\t<meta property=\"og:image:width\" content=\"750\" \/>\n\t<meta property=\"og:image:height\" content=\"400\" \/>\n\t<meta property=\"og:image:type\" content=\"image\/webp\" \/>\n<meta name=\"author\" content=\"MC\" \/>\n<meta name=\"twitter:card\" content=\"summary_large_image\" \/>\n<meta name=\"twitter:creator\" content=\"@webdo_tn\" \/>\n<meta name=\"twitter:site\" content=\"@webdo_tn\" \/>\n<meta name=\"twitter:label1\" content=\"\u00c9crit par\" \/>\n\t<meta name=\"twitter:data1\" content=\"MC\" \/>\n\t<meta name=\"twitter:label2\" content=\"Dur\u00e9e de lecture estim\u00e9e\" \/>\n\t<meta name=\"twitter:data2\" content=\"1 minute\" \/>\n<script type=\"application\/ld+json\" class=\"yoast-schema-graph\">{\"@context\":\"https:\\\/\\\/schema.org\",\"@graph\":[{\"@type\":\"NewsArticle\",\"@id\":\"https:\\\/\\\/www.webdo.tn\\\/fr\\\/actualite\\\/national\\\/greve-des-taxis-a-tunis\\\/222055\\\/#article\",\"isPartOf\":{\"@id\":\"https:\\\/\\\/www.webdo.tn\\\/fr\\\/actualite\\\/national\\\/greve-des-taxis-a-tunis\\\/222055\\\/\"},\"author\":{\"name\":\"MC\",\"@id\":\"https:\\\/\\\/www.webdo.tn\\\/fr\\\/#\\\/schema\\\/person\\\/2c4929cbf5a809e3bd38617c6ce150f6\"},\"headline\":\"Gr\u00e8ve des taxis \u00e0 Tunis\",\"datePublished\":\"2025-05-19T12:00:00+00:00\",\"mainEntityOfPage\":{\"@id\":\"https:\\\/\\\/www.webdo.tn\\\/fr\\\/actualite\\\/national\\\/greve-des-taxis-a-tunis\\\/222055\\\/\"},\"wordCount\":290,\"commentCount\":0,\"publisher\":{\"@id\":\"https:\\\/\\\/www.webdo.tn\\\/fr\\\/#organization\"},\"image\":{\"@id\":\"https:\\\/\\\/www.webdo.tn\\\/fr\\\/actualite\\\/national\\\/greve-des-taxis-a-tunis\\\/222055\\\/#primaryimage\"},\"thumbnailUrl\":\"https:\\\/\\\/www.webdo.tn\\\/fr\\\/wp-content\\\/uploads\\\/2025\\\/05\\\/3522d845a5f2d7a9f36d7de226451973.webp\",\"keywords\":[\"Gr\u00e8ve\",\"Taxi\",\"Tunis\",\"Tunisie\"],\"articleSection\":[\"National\"],\"inLanguage\":\"fr-FR\"},{\"@type\":\"WebPage\",\"@id\":\"https:\\\/\\\/www.webdo.tn\\\/fr\\\/actualite\\\/national\\\/greve-des-taxis-a-tunis\\\/222055\\\/\",\"url\":\"https:\\\/\\\/www.webdo.tn\\\/fr\\\/actualite\\\/national\\\/greve-des-taxis-a-tunis\\\/222055\\\/\",\"name\":\"Gr\u00e8ve des taxis \u00e0 Tunis\",\"isPartOf\":{\"@id\":\"https:\\\/\\\/www.webdo.tn\\\/fr\\\/#website\"},\"primaryImageOfPage\":{\"@id\":\"https:\\\/\\\/www.webdo.tn\\\/fr\\\/actualite\\\/national\\\/greve-des-taxis-a-tunis\\\/222055\\\/#primaryimage\"},\"image\":{\"@id\":\"https:\\\/\\\/www.webdo.tn\\\/fr\\\/actualite\\\/national\\\/greve-des-taxis-a-tunis\\\/222055\\\/#primaryimage\"},\"thumbnailUrl\":\"https:\\\/\\\/www.webdo.tn\\\/fr\\\/wp-content\\\/uploads\\\/2025\\\/05\\\/3522d845a5f2d7a9f36d7de226451973.webp\",\"datePublished\":\"2025-05-19T12:00:00+00:00\",\"description\":\"Le 19 mai 2025, les chauffeurs de taxi du Grand-Tunis observent une gr\u00e8ve g\u00e9n\u00e9rale pour exiger une revalorisation des tarifs. En toile de fond : l\u2019essor des app...\",\"breadcrumb\":{\"@id\":\"https:\\\/\\\/www.webdo.tn\\\/fr\\\/actualite\\\/national\\\/greve-des-taxis-a-tunis\\\/222055\\\/#breadcrumb\"},\"inLanguage\":\"fr-FR\",\"potentialAction\":[{\"@type\":\"ReadAction\",\"target\":[\"https:\\\/\\\/www.webdo.tn\\\/fr\\\/actualite\\\/national\\\/greve-des-taxis-a-tunis\\\/222055\\\/\"]}]},{\"@type\":\"ImageObject\",\"inLanguage\":\"fr-FR\",\"@id\":\"https:\\\/\\\/www.webdo.tn\\\/fr\\\/actualite\\\/national\\\/greve-des-taxis-a-tunis\\\/222055\\\/#primaryimage\",\"url\":\"https:\\\/\\\/www.webdo.tn\\\/fr\\\/wp-content\\\/uploads\\\/2025\\\/05\\\/3522d845a5f2d7a9f36d7de226451973.webp\",\"contentUrl\":\"https:\\\/\\\/www.webdo.tn\\\/fr\\\/wp-content\\\/uploads\\\/2025\\\/05\\\/3522d845a5f2d7a9f36d7de226451973.webp\",\"width\":750,\"height\":400,\"caption\":\"Gr\u00e8ve des taxis \u00e0 Tunis\"},{\"@type\":\"BreadcrumbList\",\"@id\":\"https:\\\/\\\/www.webdo.tn\\\/fr\\\/actualite\\\/national\\\/greve-des-taxis-a-tunis\\\/222055\\\/#breadcrumb\",\"itemListElement\":[{\"@type\":\"ListItem\",\"position\":1,\"name\":\"Accueil\",\"item\":\"https:\\\/\\\/www.webdo.tn\\\/fr\\\/\"},{\"@type\":\"ListItem\",\"position\":2,\"name\":\"Gr\u00e8ve des taxis \u00e0 Tunis\"}]},{\"@type\":\"WebSite\",\"@id\":\"https:\\\/\\\/www.webdo.tn\\\/fr\\\/#website\",\"url\":\"https:\\\/\\\/www.webdo.tn\\\/fr\\\/\",\"name\":\"webdo\",\"description\":\"Tunisie - News en Tunisie et \u00e0 l&#039;international sur Webdo.tn\",\"publisher\":{\"@id\":\"https:\\\/\\\/www.webdo.tn\\\/fr\\\/#organization\"},\"potentialAction\":[{\"@type\":\"SearchAction\",\"target\":{\"@type\":\"EntryPoint\",\"urlTemplate\":\"https:\\\/\\\/www.webdo.tn\\\/fr\\\/?s={search_term_string}\"},\"query-input\":{\"@type\":\"PropertyValueSpecification\",\"valueRequired\":true,\"valueName\":\"search_term_string\"}}],\"inLanguage\":\"fr-FR\"},{\"@type\":\"Organization\",\"@id\":\"https:\\\/\\\/www.webdo.tn\\\/fr\\\/#organization\",\"name\":\"Webdo\",\"alternateName\":\"Webdo.tn\",\"url\":\"https:\\\/\\\/www.webdo.tn\\\/fr\\\/\",\"logo\":{\"@type\":\"ImageObject\",\"inLanguage\":\"fr-FR\",\"@id\":\"https:\\\/\\\/www.webdo.tn\\\/fr\\\/#\\\/schema\\\/logo\\\/image\\\/\",\"url\":\"https:\\\/\\\/www.webdo.tn\\\/fr\\\/wp-content\\\/uploads\\\/2025\\\/06\\\/Webdo-Tunisie_168377.jpg\",\"contentUrl\":\"https:\\\/\\\/www.webdo.tn\\\/fr\\\/wp-content\\\/uploads\\\/2025\\\/06\\\/Webdo-Tunisie_168377.jpg\",\"width\":301,\"height\":301,\"caption\":\"Webdo\"},\"image\":{\"@id\":\"https:\\\/\\\/www.webdo.tn\\\/fr\\\/#\\\/schema\\\/logo\\\/image\\\/\"},\"sameAs\":[\"https:\\\/\\\/www.facebook.com\\\/webdotn\",\"https:\\\/\\\/x.com\\\/webdo_tn\"],\"description\":\"Webdo est un m\u00e9dia num\u00e9rique tunisien fond\u00e9 en 2010, sp\u00e9cialis\u00e9 dans l\u2019actualit\u00e9 nationale et internationale, l\u2019\u00e9conomie, la soci\u00e9t\u00e9 et les analyses politiques. Le site s\u2019adresse \u00e0 un large public francophone et couvre l\u2019information tunisienne en temps r\u00e9el.\",\"email\":\"redac@webdo.tn\",\"legalName\":\"YNJ SARL\",\"foundingDate\":\"2010-09-06\",\"numberOfEmployees\":{\"@type\":\"QuantitativeValue\",\"minValue\":\"11\",\"maxValue\":\"50\"}},{\"@type\":\"Person\",\"@id\":\"https:\\\/\\\/www.webdo.tn\\\/fr\\\/#\\\/schema\\\/person\\\/2c4929cbf5a809e3bd38617c6ce150f6\",\"name\":\"MC\",\"image\":{\"@type\":\"ImageObject\",\"inLanguage\":\"fr-FR\",\"@id\":\"https:\\\/\\\/secure.gravatar.com\\\/avatar\\\/a545bbb6f84efdd5553dbbc2895e3ca8f1d12c5215e00a041c9670b54aa9b18a?s=96&d=mm&r=g\",\"url\":\"https:\\\/\\\/secure.gravatar.com\\\/avatar\\\/a545bbb6f84efdd5553dbbc2895e3ca8f1d12c5215e00a041c9670b54aa9b18a?s=96&d=mm&r=g\",\"contentUrl\":\"https:\\\/\\\/secure.gravatar.com\\\/avatar\\\/a545bbb6f84efdd5553dbbc2895e3ca8f1d12c5215e00a041c9670b54aa9b18a?s=96&d=mm&r=g\",\"caption\":\"MC\"},\"url\":\"https:\\\/\\\/www.webdo.tn\\\/fr\\\/actualite\\\/author\\\/mc\\\/\"}]}<\/script>\n<!-- \/ Yoast SEO Premium plugin. -->","yoast_head_json":{"title":"Gr\u00e8ve des taxis \u00e0 Tunis","description":"Le 19 mai 2025, les chauffeurs de taxi du Grand-Tunis observent une gr\u00e8ve g\u00e9n\u00e9rale pour exiger une revalorisation des tarifs. En toile de fond : l\u2019essor des app...","canonical":"https:\/\/www.webdo.tn\/fr\/actualite\/national\/greve-des-taxis-a-tunis\/222055\/","og_locale":"fr_FR","og_type":"article","og_title":"Gr\u00e8ve des taxis \u00e0 Tunis","og_description":"Le 19 mai 2025, les chauffeurs de taxi du Grand-Tunis observent une gr\u00e8ve g\u00e9n\u00e9rale pour exiger une revalorisation des tarifs. En toile de fond : l\u2019essor des app...","og_url":"https:\/\/www.webdo.tn\/fr\/actualite\/national\/greve-des-taxis-a-tunis\/222055\/","og_site_name":"webdo","article_publisher":"https:\/\/www.facebook.com\/webdotn","article_published_time":"2025-05-19T12:00:00+00:00","og_image":[{"width":750,"height":400,"url":"https:\/\/www.webdo.tn\/fr\/wp-content\/uploads\/2025\/05\/3522d845a5f2d7a9f36d7de226451973.webp","type":"image\/webp"}],"author":"MC","twitter_card":"summary_large_image","twitter_creator":"@webdo_tn","twitter_site":"@webdo_tn","twitter_misc":{"\u00c9crit par":"MC","Dur\u00e9e de lecture estim\u00e9e":"1 minute"},"schema":{"@context":"https:\/\/schema.org","@graph":[{"@type":"NewsArticle","@id":"https:\/\/www.webdo.tn\/fr\/actualite\/national\/greve-des-taxis-a-tunis\/222055\/#article","isPartOf":{"@id":"https:\/\/www.webdo.tn\/fr\/actualite\/national\/greve-des-taxis-a-tunis\/222055\/"},"author":{"name":"MC","@id":"https:\/\/www.webdo.tn\/fr\/#\/schema\/person\/2c4929cbf5a809e3bd38617c6ce150f6"},"headline":"Gr\u00e8ve des taxis \u00e0 Tunis","datePublished":"2025-05-19T12:00:00+00:00","mainEntityOfPage":{"@id":"https:\/\/www.webdo.tn\/fr\/actualite\/national\/greve-des-taxis-a-tunis\/222055\/"},"wordCount":290,"commentCount":0,"publisher":{"@id":"https:\/\/www.webdo.tn\/fr\/#organization"},"image":{"@id":"https:\/\/www.webdo.tn\/fr\/actualite\/national\/greve-des-taxis-a-tunis\/222055\/#primaryimage"},"thumbnailUrl":"https:\/\/www.webdo.tn\/fr\/wp-content\/uploads\/2025\/05\/3522d845a5f2d7a9f36d7de226451973.webp","keywords":["Gr\u00e8ve","Taxi","Tunis","Tunisie"],"articleSection":["National"],"inLanguage":"fr-FR"},{"@type":"WebPage","@id":"https:\/\/www.webdo.tn\/fr\/actualite\/national\/greve-des-taxis-a-tunis\/222055\/","url":"https:\/\/www.webdo.tn\/fr\/actualite\/national\/greve-des-taxis-a-tunis\/222055\/","name":"Gr\u00e8ve des taxis \u00e0 Tunis","isPartOf":{"@id":"https:\/\/www.webdo.tn\/fr\/#website"},"primaryImageOfPage":{"@id":"https:\/\/www.webdo.tn\/fr\/actualite\/national\/greve-des-taxis-a-tunis\/222055\/#primaryimage"},"image":{"@id":"https:\/\/www.webdo.tn\/fr\/actualite\/national\/greve-des-taxis-a-tunis\/222055\/#primaryimage"},"thumbnailUrl":"https:\/\/www.webdo.tn\/fr\/wp-content\/uploads\/2025\/05\/3522d845a5f2d7a9f36d7de226451973.webp","datePublished":"2025-05-19T12:00:00+00:00","description":"Le 19 mai 2025, les chauffeurs de taxi du Grand-Tunis observent une gr\u00e8ve g\u00e9n\u00e9rale pour exiger une revalorisation des tarifs. En toile de fond : l\u2019essor des app...","breadcrumb":{"@id":"https:\/\/www.webdo.tn\/fr\/actualite\/national\/greve-des-taxis-a-tunis\/222055\/#breadcrumb"},"inLanguage":"fr-FR","potentialAction":[{"@type":"ReadAction","target":["https:\/\/www.webdo.tn\/fr\/actualite\/national\/greve-des-taxis-a-tunis\/222055\/"]}]},{"@type":"ImageObject","inLanguage":"fr-FR","@id":"https:\/\/www.webdo.tn\/fr\/actualite\/national\/greve-des-taxis-a-tunis\/222055\/#primaryimage","url":"https:\/\/www.webdo.tn\/fr\/wp-content\/uploads\/2025\/05\/3522d845a5f2d7a9f36d7de226451973.webp","contentUrl":"https:\/\/www.webdo.tn\/fr\/wp-content\/uploads\/2025\/05\/3522d845a5f2d7a9f36d7de226451973.webp","width":750,"height":400,"caption":"Gr\u00e8ve des taxis \u00e0 Tunis"},{"@type":"BreadcrumbList","@id":"https:\/\/www.webdo.tn\/fr\/actualite\/national\/greve-des-taxis-a-tunis\/222055\/#breadcrumb","itemListElement":[{"@type":"ListItem","position":1,"name":"Accueil","item":"https:\/\/www.webdo.tn\/fr\/"},{"@type":"ListItem","position":2,"name":"Gr\u00e8ve des taxis \u00e0 Tunis"}]},{"@type":"WebSite","@id":"https:\/\/www.webdo.tn\/fr\/#website","url":"https:\/\/www.webdo.tn\/fr\/","name":"webdo","description":"Tunisie - News en Tunisie et \u00e0 l&#039;international sur Webdo.tn","publisher":{"@id":"https:\/\/www.webdo.tn\/fr\/#organization"},"potentialAction":[{"@type":"SearchAction","target":{"@type":"EntryPoint","urlTemplate":"https:\/\/www.webdo.tn\/fr\/?s={search_term_string}"},"query-input":{"@type":"PropertyValueSpecification","valueRequired":true,"valueName":"search_term_string"}}],"inLanguage":"fr-FR"},{"@type":"Organization","@id":"https:\/\/www.webdo.tn\/fr\/#organization","name":"Webdo","alternateName":"Webdo.tn","url":"https:\/\/www.webdo.tn\/fr\/","logo":{"@type":"ImageObject","inLanguage":"fr-FR","@id":"https:\/\/www.webdo.tn\/fr\/#\/schema\/logo\/image\/","url":"https:\/\/www.webdo.tn\/fr\/wp-content\/uploads\/2025\/06\/Webdo-Tunisie_168377.jpg","contentUrl":"https:\/\/www.webdo.tn\/fr\/wp-content\/uploads\/2025\/06\/Webdo-Tunisie_168377.jpg","width":301,"height":301,"caption":"Webdo"},"image":{"@id":"https:\/\/www.webdo.tn\/fr\/#\/schema\/logo\/image\/"},"sameAs":["https:\/\/www.facebook.com\/webdotn","https:\/\/x.com\/webdo_tn"],"description":"Webdo est un m\u00e9dia num\u00e9rique tunisien fond\u00e9 en 2010, sp\u00e9cialis\u00e9 dans l\u2019actualit\u00e9 nationale et internationale, l\u2019\u00e9conomie, la soci\u00e9t\u00e9 et les analyses politiques. Le site s\u2019adresse \u00e0 un large public francophone et couvre l\u2019information tunisienne en temps r\u00e9el.","email":"redac@webdo.tn","legalName":"YNJ SARL","foundingDate":"2010-09-06","numberOfEmployees":{"@type":"QuantitativeValue","minValue":"11","maxValue":"50"}},{"@type":"Person","@id":"https:\/\/www.webdo.tn\/fr\/#\/schema\/person\/2c4929cbf5a809e3bd38617c6ce150f6","name":"MC","image":{"@type":"ImageObject","inLanguage":"fr-FR","@id":"https:\/\/secure.gravatar.com\/avatar\/a545bbb6f84efdd5553dbbc2895e3ca8f1d12c5215e00a041c9670b54aa9b18a?s=96&d=mm&r=g","url":"https:\/\/secure.gravatar.com\/avatar\/a545bbb6f84efdd5553dbbc2895e3ca8f1d12c5215e00a041c9670b54aa9b18a?s=96&d=mm&r=g","contentUrl":"https:\/\/secure.gravatar.com\/avatar\/a545bbb6f84efdd5553dbbc2895e3ca8f1d12c5215e00a041c9670b54aa9b18a?s=96&d=mm&r=g","caption":"MC"},"url":"https:\/\/www.webdo.tn\/fr\/actualite\/author\/mc\/"}]}},"_links":{"self":[{"href":"https:\/\/www.webdo.tn\/fr\/wp-json\/wp\/v2\/posts\/222055","targetHints":{"allow":["GET"]}}],"collection":[{"href":"https:\/\/www.webdo.tn\/fr\/wp-json\/wp\/v2\/posts"}],"about":[{"href":"https:\/\/www.webdo.tn\/fr\/wp-json\/wp\/v2\/types\/post"}],"author":[{"embeddable":true,"href":"https:\/\/www.webdo.tn\/fr\/wp-json\/wp\/v2\/users\/3162"}],"replies":[{"embeddable":true,"href":"https:\/\/www.webdo.tn\/fr\/wp-json\/wp\/v2\/comments?post=222055"}],"version-history":[{"count":0,"href":"https:\/\/www.webdo.tn\/fr\/wp-json\/wp\/v2\/posts\/222055\/revisions"}],"wp:featuredmedia":[{"embeddable":true,"href":"https:\/\/www.webdo.tn\/fr\/wp-json\/wp\/v2\/media\/366137"}],"wp:attachment":[{"href":"https:\/\/www.webdo.tn\/fr\/wp-json\/wp\/v2\/media?parent=222055"}],"wp:term":[{"taxonomy":"category","embeddable":true,"href":"https:\/\/www.webdo.tn\/fr\/wp-json\/wp\/v2\/categories?post=222055"},{"taxonomy":"post_tag","embeddable":true,"href":"https:\/\/www.webdo.tn\/fr\/wp-json\/wp\/v2\/tags?post=222055"}],"curies":[{"name":"wp","href":"https:\/\/api.w.org\/{rel}","templated":true}]}}