{"id":222051,"date":"2025-05-19T09:32:00","date_gmt":"2025-05-19T09:32:00","guid":{"rendered":"https:\/\/www.webdo.tn\/fr\/actualite\/blog\/classement-wta-ons-jabeur-remonte-d-un-rang-mais-reste-en-perte-de-vitesse\/222051\/"},"modified":"2025-05-19T09:32:00","modified_gmt":"2025-05-19T09:32:00","slug":"classement-wta-ons-jabeur-remonte-d-un-rang-mais-reste-en-perte-de-vitesse","status":"publish","type":"post","link":"https:\/\/www.webdo.tn\/fr\/actualite\/sport\/classement-wta-ons-jabeur-remonte-d-un-rang-mais-reste-en-perte-de-vitesse\/222051\/","title":{"rendered":"Classement WTA : Ons Jabeur remonte d\u2019un rang mais reste en perte de vitesse"},"content":{"rendered":"<p>Ons Jabeur a gagn\u00e9 une place dans le classement WTA publi\u00e9 ce lundi, passant de la 36e \u00e0 la 35e position mondiale. Une progression arithm\u00e9tique modeste qui masque une r\u00e9alit\u00e9 plus pr\u00e9occupante : la joueuse peine \u00e0 retrouver le niveau qui l\u2019avait propuls\u00e9e dans le Top 10 il y a moins de deux ans.<\/p>\n<p> Malgr\u00e9 cette avanc\u00e9e num\u00e9rique, la dynamique reste fragile. Son \u00e9limination pr\u00e9matur\u00e9e au troisi\u00e8me tour du tournoi de Rome, battue s\u00e8chement (4-6, 3-6) par l\u2019Italienne Jasmine Paolini &#8211; devenue par la suite la championne du tournoi &#8211; a confirm\u00e9 les difficult\u00e9s de Jabeur \u00e0 encha\u00eener les performances convaincantes sur les grands rendez-vous.<\/p>\n<p>Depuis le d\u00e9but de la saison 2025, Jabeur peine \u00e0 retrouver le rythme qui avait fait d\u2019elle une pr\u00e9tendante s\u00e9rieuse aux titres majeurs. Les blessures \u00e0 r\u00e9p\u00e9tition, combin\u00e9es \u00e0 un manque de constance sur le circuit, semblent freiner sa relance. \u00c0 Rome, bien qu\u2019ayant affich\u00e9 par s\u00e9quence son talent habituel, elle n\u2019a pas su \u00e9lever son niveau dans les moments cl\u00e9s.<\/p>\n<p>La Tunisienne, premi\u00e8re joueuse arabe \u00e0 avoir atteint une finale de Grand Chelem (Wimbledon 2022 et 2023, US Open 2022), semble d\u00e9sormais enferm\u00e9e dans une zone de transition : trop forte pour les premiers tours, mais pas assez pour s\u2019imposer face aux joueuses du Top 20.<\/p>\n<p>Le haut du classement mondial, lui, continue de bouger. La Bi\u00e9lorusse Aryna Sabalenka garde la t\u00eate du classement, tandis que l\u2019Am\u00e9ricaine Coco Gauff, finaliste \u00e0 Rome, grimpe \u00e0 la deuxi\u00e8me place. Jessica Pegula compl\u00e8te le podium. Jasmine Paolini, en pleine ascension, atteint la 4e position apr\u00e8s sa victoire \u00e9clatante dans la capitale italienne, rel\u00e9guant Iga Swiatek \u00e0 la cinqui\u00e8me place.<\/p>\n<p>Dans ce contexte hypercomp\u00e9titif, le d\u00e9fi de Jabeur est double : retrouver la confiance et rehausser son niveau de jeu \u00e0 l\u2019approche de Roland-Garros, o\u00f9 elle avait \u00e9t\u00e9 contrainte \u00e0 l\u2019abandon l\u2019an pass\u00e9. Un bon parcours \u00e0 Paris pourrait relancer sa saison, mais le temps presse.<\/p>\n","protected":false},"excerpt":{"rendered":"<p>Classement WTA du 19 mai 2025 : Ons Jabeur gagne une place et devient 35e mondiale, mais ses r\u00e9sultats r\u00e9cents confirment une stagnation inqui\u00e9tante avant Rolan&#8230;<\/p>\n","protected":false},"author":3162,"featured_media":366138,"comment_status":"open","ping_status":"closed","sticky":false,"template":"","format":"standard","meta":{"footnotes":""},"categories":[2593],"tags":[2663,2604,2605],"class_list":["post-222051","post","type-post","status-publish","format-standard","has-post-thumbnail","hentry","category-sport","tag-classement-wta","tag-ons-jabeur","tag-tennis"],"yoast_head":"<!-- This site is optimized with the Yoast SEO Premium plugin v27.4 (Yoast SEO v27.5) - https:\/\/yoast.com\/product\/yoast-seo-premium-wordpress\/ -->\n<title>Classement WTA : Ons Jabeur remonte d\u2019un rang mais reste en perte de vitesse<\/title>\n<meta name=\"description\" content=\"Classement WTA du 19 mai 2025 : Ons Jabeur gagne une place et devient 35e mondiale, mais ses r\u00e9sultats r\u00e9cents confirment une stagnation inqui\u00e9tante avant Rolan...\" \/>\n<link rel=\"canonical\" href=\"https:\/\/www.webdo.tn\/fr\/actualite\/sport\/classement-wta-ons-jabeur-remonte-d-un-rang-mais-reste-en-perte-de-vitesse\/222051\/\" \/>\n<meta property=\"og:locale\" content=\"fr_FR\" \/>\n<meta property=\"og:type\" content=\"article\" \/>\n<meta property=\"og:title\" content=\"Classement WTA : Ons Jabeur remonte d\u2019un rang mais reste en perte de vitesse\" \/>\n<meta property=\"og:description\" content=\"Classement WTA du 19 mai 2025 : Ons Jabeur gagne une place et devient 35e mondiale, mais ses r\u00e9sultats r\u00e9cents confirment une stagnation inqui\u00e9tante avant Rolan...\" \/>\n<meta property=\"og:url\" content=\"https:\/\/www.webdo.tn\/fr\/actualite\/sport\/classement-wta-ons-jabeur-remonte-d-un-rang-mais-reste-en-perte-de-vitesse\/222051\/\" \/>\n<meta property=\"og:site_name\" content=\"webdo\" \/>\n<meta property=\"article:publisher\" content=\"https:\/\/www.facebook.com\/webdotn\" \/>\n<meta property=\"article:published_time\" content=\"2025-05-19T09:32:00+00:00\" \/>\n<meta property=\"og:image\" content=\"https:\/\/www.webdo.tn\/fr\/wp-content\/uploads\/2025\/05\/ec364cd2e67e292c5d559097c5e19910.webp\" \/>\n\t<meta property=\"og:image:width\" content=\"750\" \/>\n\t<meta property=\"og:image:height\" content=\"400\" \/>\n\t<meta property=\"og:image:type\" content=\"image\/webp\" \/>\n<meta name=\"author\" content=\"MC\" \/>\n<meta name=\"twitter:card\" content=\"summary_large_image\" \/>\n<meta name=\"twitter:creator\" content=\"@webdo_tn\" \/>\n<meta name=\"twitter:site\" content=\"@webdo_tn\" \/>\n<meta name=\"twitter:label1\" content=\"\u00c9crit par\" \/>\n\t<meta name=\"twitter:data1\" content=\"MC\" \/>\n\t<meta name=\"twitter:label2\" content=\"Dur\u00e9e de lecture estim\u00e9e\" \/>\n\t<meta name=\"twitter:data2\" content=\"2 minutes\" \/>\n<script type=\"application\/ld+json\" class=\"yoast-schema-graph\">{\"@context\":\"https:\\\/\\\/schema.org\",\"@graph\":[{\"@type\":\"NewsArticle\",\"@id\":\"https:\\\/\\\/www.webdo.tn\\\/fr\\\/actualite\\\/sport\\\/classement-wta-ons-jabeur-remonte-d-un-rang-mais-reste-en-perte-de-vitesse\\\/222051\\\/#article\",\"isPartOf\":{\"@id\":\"https:\\\/\\\/www.webdo.tn\\\/fr\\\/actualite\\\/sport\\\/classement-wta-ons-jabeur-remonte-d-un-rang-mais-reste-en-perte-de-vitesse\\\/222051\\\/\"},\"author\":{\"name\":\"MC\",\"@id\":\"https:\\\/\\\/www.webdo.tn\\\/fr\\\/#\\\/schema\\\/person\\\/2c4929cbf5a809e3bd38617c6ce150f6\"},\"headline\":\"Classement WTA : Ons Jabeur remonte d\u2019un rang mais reste en perte de vitesse\",\"datePublished\":\"2025-05-19T09:32:00+00:00\",\"mainEntityOfPage\":{\"@id\":\"https:\\\/\\\/www.webdo.tn\\\/fr\\\/actualite\\\/sport\\\/classement-wta-ons-jabeur-remonte-d-un-rang-mais-reste-en-perte-de-vitesse\\\/222051\\\/\"},\"wordCount\":352,\"commentCount\":0,\"publisher\":{\"@id\":\"https:\\\/\\\/www.webdo.tn\\\/fr\\\/#organization\"},\"image\":{\"@id\":\"https:\\\/\\\/www.webdo.tn\\\/fr\\\/actualite\\\/sport\\\/classement-wta-ons-jabeur-remonte-d-un-rang-mais-reste-en-perte-de-vitesse\\\/222051\\\/#primaryimage\"},\"thumbnailUrl\":\"https:\\\/\\\/www.webdo.tn\\\/fr\\\/wp-content\\\/uploads\\\/2025\\\/05\\\/ec364cd2e67e292c5d559097c5e19910.webp\",\"keywords\":[\"classement wta\",\"Ons Jabeur\",\"tennis\"],\"articleSection\":[\"Sport\"],\"inLanguage\":\"fr-FR\"},{\"@type\":\"WebPage\",\"@id\":\"https:\\\/\\\/www.webdo.tn\\\/fr\\\/actualite\\\/sport\\\/classement-wta-ons-jabeur-remonte-d-un-rang-mais-reste-en-perte-de-vitesse\\\/222051\\\/\",\"url\":\"https:\\\/\\\/www.webdo.tn\\\/fr\\\/actualite\\\/sport\\\/classement-wta-ons-jabeur-remonte-d-un-rang-mais-reste-en-perte-de-vitesse\\\/222051\\\/\",\"name\":\"Classement WTA : Ons Jabeur remonte d\u2019un rang mais reste en perte de vitesse\",\"isPartOf\":{\"@id\":\"https:\\\/\\\/www.webdo.tn\\\/fr\\\/#website\"},\"primaryImageOfPage\":{\"@id\":\"https:\\\/\\\/www.webdo.tn\\\/fr\\\/actualite\\\/sport\\\/classement-wta-ons-jabeur-remonte-d-un-rang-mais-reste-en-perte-de-vitesse\\\/222051\\\/#primaryimage\"},\"image\":{\"@id\":\"https:\\\/\\\/www.webdo.tn\\\/fr\\\/actualite\\\/sport\\\/classement-wta-ons-jabeur-remonte-d-un-rang-mais-reste-en-perte-de-vitesse\\\/222051\\\/#primaryimage\"},\"thumbnailUrl\":\"https:\\\/\\\/www.webdo.tn\\\/fr\\\/wp-content\\\/uploads\\\/2025\\\/05\\\/ec364cd2e67e292c5d559097c5e19910.webp\",\"datePublished\":\"2025-05-19T09:32:00+00:00\",\"description\":\"Classement WTA du 19 mai 2025 : Ons Jabeur gagne une place et devient 35e mondiale, mais ses r\u00e9sultats r\u00e9cents confirment une stagnation inqui\u00e9tante avant Rolan...\",\"breadcrumb\":{\"@id\":\"https:\\\/\\\/www.webdo.tn\\\/fr\\\/actualite\\\/sport\\\/classement-wta-ons-jabeur-remonte-d-un-rang-mais-reste-en-perte-de-vitesse\\\/222051\\\/#breadcrumb\"},\"inLanguage\":\"fr-FR\",\"potentialAction\":[{\"@type\":\"ReadAction\",\"target\":[\"https:\\\/\\\/www.webdo.tn\\\/fr\\\/actualite\\\/sport\\\/classement-wta-ons-jabeur-remonte-d-un-rang-mais-reste-en-perte-de-vitesse\\\/222051\\\/\"]}]},{\"@type\":\"ImageObject\",\"inLanguage\":\"fr-FR\",\"@id\":\"https:\\\/\\\/www.webdo.tn\\\/fr\\\/actualite\\\/sport\\\/classement-wta-ons-jabeur-remonte-d-un-rang-mais-reste-en-perte-de-vitesse\\\/222051\\\/#primaryimage\",\"url\":\"https:\\\/\\\/www.webdo.tn\\\/fr\\\/wp-content\\\/uploads\\\/2025\\\/05\\\/ec364cd2e67e292c5d559097c5e19910.webp\",\"contentUrl\":\"https:\\\/\\\/www.webdo.tn\\\/fr\\\/wp-content\\\/uploads\\\/2025\\\/05\\\/ec364cd2e67e292c5d559097c5e19910.webp\",\"width\":750,\"height\":400,\"caption\":\"Classement WTA : Ons Jabeur remonte d\u2019un rang mais reste en perte de vitesse\"},{\"@type\":\"BreadcrumbList\",\"@id\":\"https:\\\/\\\/www.webdo.tn\\\/fr\\\/actualite\\\/sport\\\/classement-wta-ons-jabeur-remonte-d-un-rang-mais-reste-en-perte-de-vitesse\\\/222051\\\/#breadcrumb\",\"itemListElement\":[{\"@type\":\"ListItem\",\"position\":1,\"name\":\"Accueil\",\"item\":\"https:\\\/\\\/www.webdo.tn\\\/fr\\\/\"},{\"@type\":\"ListItem\",\"position\":2,\"name\":\"Classement WTA : Ons Jabeur remonte d\u2019un rang mais reste en perte de vitesse\"}]},{\"@type\":\"WebSite\",\"@id\":\"https:\\\/\\\/www.webdo.tn\\\/fr\\\/#website\",\"url\":\"https:\\\/\\\/www.webdo.tn\\\/fr\\\/\",\"name\":\"webdo\",\"description\":\"Tunisie - News en Tunisie et \u00e0 l&#039;international sur Webdo.tn\",\"publisher\":{\"@id\":\"https:\\\/\\\/www.webdo.tn\\\/fr\\\/#organization\"},\"potentialAction\":[{\"@type\":\"SearchAction\",\"target\":{\"@type\":\"EntryPoint\",\"urlTemplate\":\"https:\\\/\\\/www.webdo.tn\\\/fr\\\/?s={search_term_string}\"},\"query-input\":{\"@type\":\"PropertyValueSpecification\",\"valueRequired\":true,\"valueName\":\"search_term_string\"}}],\"inLanguage\":\"fr-FR\"},{\"@type\":\"Organization\",\"@id\":\"https:\\\/\\\/www.webdo.tn\\\/fr\\\/#organization\",\"name\":\"Webdo\",\"alternateName\":\"Webdo.tn\",\"url\":\"https:\\\/\\\/www.webdo.tn\\\/fr\\\/\",\"logo\":{\"@type\":\"ImageObject\",\"inLanguage\":\"fr-FR\",\"@id\":\"https:\\\/\\\/www.webdo.tn\\\/fr\\\/#\\\/schema\\\/logo\\\/image\\\/\",\"url\":\"https:\\\/\\\/www.webdo.tn\\\/fr\\\/wp-content\\\/uploads\\\/2025\\\/06\\\/Webdo-Tunisie_168377.jpg\",\"contentUrl\":\"https:\\\/\\\/www.webdo.tn\\\/fr\\\/wp-content\\\/uploads\\\/2025\\\/06\\\/Webdo-Tunisie_168377.jpg\",\"width\":301,\"height\":301,\"caption\":\"Webdo\"},\"image\":{\"@id\":\"https:\\\/\\\/www.webdo.tn\\\/fr\\\/#\\\/schema\\\/logo\\\/image\\\/\"},\"sameAs\":[\"https:\\\/\\\/www.facebook.com\\\/webdotn\",\"https:\\\/\\\/x.com\\\/webdo_tn\"],\"description\":\"Webdo est un m\u00e9dia num\u00e9rique tunisien fond\u00e9 en 2010, sp\u00e9cialis\u00e9 dans l\u2019actualit\u00e9 nationale et internationale, l\u2019\u00e9conomie, la soci\u00e9t\u00e9 et les analyses politiques. Le site s\u2019adresse \u00e0 un large public francophone et couvre l\u2019information tunisienne en temps r\u00e9el.\",\"email\":\"redac@webdo.tn\",\"legalName\":\"YNJ SARL\",\"foundingDate\":\"2010-09-06\",\"numberOfEmployees\":{\"@type\":\"QuantitativeValue\",\"minValue\":\"11\",\"maxValue\":\"50\"}},{\"@type\":\"Person\",\"@id\":\"https:\\\/\\\/www.webdo.tn\\\/fr\\\/#\\\/schema\\\/person\\\/2c4929cbf5a809e3bd38617c6ce150f6\",\"name\":\"MC\",\"image\":{\"@type\":\"ImageObject\",\"inLanguage\":\"fr-FR\",\"@id\":\"https:\\\/\\\/secure.gravatar.com\\\/avatar\\\/a545bbb6f84efdd5553dbbc2895e3ca8f1d12c5215e00a041c9670b54aa9b18a?s=96&d=mm&r=g\",\"url\":\"https:\\\/\\\/secure.gravatar.com\\\/avatar\\\/a545bbb6f84efdd5553dbbc2895e3ca8f1d12c5215e00a041c9670b54aa9b18a?s=96&d=mm&r=g\",\"contentUrl\":\"https:\\\/\\\/secure.gravatar.com\\\/avatar\\\/a545bbb6f84efdd5553dbbc2895e3ca8f1d12c5215e00a041c9670b54aa9b18a?s=96&d=mm&r=g\",\"caption\":\"MC\"},\"url\":\"https:\\\/\\\/www.webdo.tn\\\/fr\\\/actualite\\\/author\\\/mc\\\/\"}]}<\/script>\n<!-- \/ Yoast SEO Premium plugin. -->","yoast_head_json":{"title":"Classement WTA : Ons Jabeur remonte d\u2019un rang mais reste en perte de vitesse","description":"Classement WTA du 19 mai 2025 : Ons Jabeur gagne une place et devient 35e mondiale, mais ses r\u00e9sultats r\u00e9cents confirment une stagnation inqui\u00e9tante avant Rolan...","canonical":"https:\/\/www.webdo.tn\/fr\/actualite\/sport\/classement-wta-ons-jabeur-remonte-d-un-rang-mais-reste-en-perte-de-vitesse\/222051\/","og_locale":"fr_FR","og_type":"article","og_title":"Classement WTA : Ons Jabeur remonte d\u2019un rang mais reste en perte de vitesse","og_description":"Classement WTA du 19 mai 2025 : Ons Jabeur gagne une place et devient 35e mondiale, mais ses r\u00e9sultats r\u00e9cents confirment une stagnation inqui\u00e9tante avant Rolan...","og_url":"https:\/\/www.webdo.tn\/fr\/actualite\/sport\/classement-wta-ons-jabeur-remonte-d-un-rang-mais-reste-en-perte-de-vitesse\/222051\/","og_site_name":"webdo","article_publisher":"https:\/\/www.facebook.com\/webdotn","article_published_time":"2025-05-19T09:32:00+00:00","og_image":[{"width":750,"height":400,"url":"https:\/\/www.webdo.tn\/fr\/wp-content\/uploads\/2025\/05\/ec364cd2e67e292c5d559097c5e19910.webp","type":"image\/webp"}],"author":"MC","twitter_card":"summary_large_image","twitter_creator":"@webdo_tn","twitter_site":"@webdo_tn","twitter_misc":{"\u00c9crit par":"MC","Dur\u00e9e de lecture estim\u00e9e":"2 minutes"},"schema":{"@context":"https:\/\/schema.org","@graph":[{"@type":"NewsArticle","@id":"https:\/\/www.webdo.tn\/fr\/actualite\/sport\/classement-wta-ons-jabeur-remonte-d-un-rang-mais-reste-en-perte-de-vitesse\/222051\/#article","isPartOf":{"@id":"https:\/\/www.webdo.tn\/fr\/actualite\/sport\/classement-wta-ons-jabeur-remonte-d-un-rang-mais-reste-en-perte-de-vitesse\/222051\/"},"author":{"name":"MC","@id":"https:\/\/www.webdo.tn\/fr\/#\/schema\/person\/2c4929cbf5a809e3bd38617c6ce150f6"},"headline":"Classement WTA : Ons Jabeur remonte d\u2019un rang mais reste en perte de vitesse","datePublished":"2025-05-19T09:32:00+00:00","mainEntityOfPage":{"@id":"https:\/\/www.webdo.tn\/fr\/actualite\/sport\/classement-wta-ons-jabeur-remonte-d-un-rang-mais-reste-en-perte-de-vitesse\/222051\/"},"wordCount":352,"commentCount":0,"publisher":{"@id":"https:\/\/www.webdo.tn\/fr\/#organization"},"image":{"@id":"https:\/\/www.webdo.tn\/fr\/actualite\/sport\/classement-wta-ons-jabeur-remonte-d-un-rang-mais-reste-en-perte-de-vitesse\/222051\/#primaryimage"},"thumbnailUrl":"https:\/\/www.webdo.tn\/fr\/wp-content\/uploads\/2025\/05\/ec364cd2e67e292c5d559097c5e19910.webp","keywords":["classement wta","Ons Jabeur","tennis"],"articleSection":["Sport"],"inLanguage":"fr-FR"},{"@type":"WebPage","@id":"https:\/\/www.webdo.tn\/fr\/actualite\/sport\/classement-wta-ons-jabeur-remonte-d-un-rang-mais-reste-en-perte-de-vitesse\/222051\/","url":"https:\/\/www.webdo.tn\/fr\/actualite\/sport\/classement-wta-ons-jabeur-remonte-d-un-rang-mais-reste-en-perte-de-vitesse\/222051\/","name":"Classement WTA : Ons Jabeur remonte d\u2019un rang mais reste en perte de vitesse","isPartOf":{"@id":"https:\/\/www.webdo.tn\/fr\/#website"},"primaryImageOfPage":{"@id":"https:\/\/www.webdo.tn\/fr\/actualite\/sport\/classement-wta-ons-jabeur-remonte-d-un-rang-mais-reste-en-perte-de-vitesse\/222051\/#primaryimage"},"image":{"@id":"https:\/\/www.webdo.tn\/fr\/actualite\/sport\/classement-wta-ons-jabeur-remonte-d-un-rang-mais-reste-en-perte-de-vitesse\/222051\/#primaryimage"},"thumbnailUrl":"https:\/\/www.webdo.tn\/fr\/wp-content\/uploads\/2025\/05\/ec364cd2e67e292c5d559097c5e19910.webp","datePublished":"2025-05-19T09:32:00+00:00","description":"Classement WTA du 19 mai 2025 : Ons Jabeur gagne une place et devient 35e mondiale, mais ses r\u00e9sultats r\u00e9cents confirment une stagnation inqui\u00e9tante avant Rolan...","breadcrumb":{"@id":"https:\/\/www.webdo.tn\/fr\/actualite\/sport\/classement-wta-ons-jabeur-remonte-d-un-rang-mais-reste-en-perte-de-vitesse\/222051\/#breadcrumb"},"inLanguage":"fr-FR","potentialAction":[{"@type":"ReadAction","target":["https:\/\/www.webdo.tn\/fr\/actualite\/sport\/classement-wta-ons-jabeur-remonte-d-un-rang-mais-reste-en-perte-de-vitesse\/222051\/"]}]},{"@type":"ImageObject","inLanguage":"fr-FR","@id":"https:\/\/www.webdo.tn\/fr\/actualite\/sport\/classement-wta-ons-jabeur-remonte-d-un-rang-mais-reste-en-perte-de-vitesse\/222051\/#primaryimage","url":"https:\/\/www.webdo.tn\/fr\/wp-content\/uploads\/2025\/05\/ec364cd2e67e292c5d559097c5e19910.webp","contentUrl":"https:\/\/www.webdo.tn\/fr\/wp-content\/uploads\/2025\/05\/ec364cd2e67e292c5d559097c5e19910.webp","width":750,"height":400,"caption":"Classement WTA : Ons Jabeur remonte d\u2019un rang mais reste en perte de vitesse"},{"@type":"BreadcrumbList","@id":"https:\/\/www.webdo.tn\/fr\/actualite\/sport\/classement-wta-ons-jabeur-remonte-d-un-rang-mais-reste-en-perte-de-vitesse\/222051\/#breadcrumb","itemListElement":[{"@type":"ListItem","position":1,"name":"Accueil","item":"https:\/\/www.webdo.tn\/fr\/"},{"@type":"ListItem","position":2,"name":"Classement WTA : Ons Jabeur remonte d\u2019un rang mais reste en perte de vitesse"}]},{"@type":"WebSite","@id":"https:\/\/www.webdo.tn\/fr\/#website","url":"https:\/\/www.webdo.tn\/fr\/","name":"webdo","description":"Tunisie - News en Tunisie et \u00e0 l&#039;international sur Webdo.tn","publisher":{"@id":"https:\/\/www.webdo.tn\/fr\/#organization"},"potentialAction":[{"@type":"SearchAction","target":{"@type":"EntryPoint","urlTemplate":"https:\/\/www.webdo.tn\/fr\/?s={search_term_string}"},"query-input":{"@type":"PropertyValueSpecification","valueRequired":true,"valueName":"search_term_string"}}],"inLanguage":"fr-FR"},{"@type":"Organization","@id":"https:\/\/www.webdo.tn\/fr\/#organization","name":"Webdo","alternateName":"Webdo.tn","url":"https:\/\/www.webdo.tn\/fr\/","logo":{"@type":"ImageObject","inLanguage":"fr-FR","@id":"https:\/\/www.webdo.tn\/fr\/#\/schema\/logo\/image\/","url":"https:\/\/www.webdo.tn\/fr\/wp-content\/uploads\/2025\/06\/Webdo-Tunisie_168377.jpg","contentUrl":"https:\/\/www.webdo.tn\/fr\/wp-content\/uploads\/2025\/06\/Webdo-Tunisie_168377.jpg","width":301,"height":301,"caption":"Webdo"},"image":{"@id":"https:\/\/www.webdo.tn\/fr\/#\/schema\/logo\/image\/"},"sameAs":["https:\/\/www.facebook.com\/webdotn","https:\/\/x.com\/webdo_tn"],"description":"Webdo est un m\u00e9dia num\u00e9rique tunisien fond\u00e9 en 2010, sp\u00e9cialis\u00e9 dans l\u2019actualit\u00e9 nationale et internationale, l\u2019\u00e9conomie, la soci\u00e9t\u00e9 et les analyses politiques. Le site s\u2019adresse \u00e0 un large public francophone et couvre l\u2019information tunisienne en temps r\u00e9el.","email":"redac@webdo.tn","legalName":"YNJ SARL","foundingDate":"2010-09-06","numberOfEmployees":{"@type":"QuantitativeValue","minValue":"11","maxValue":"50"}},{"@type":"Person","@id":"https:\/\/www.webdo.tn\/fr\/#\/schema\/person\/2c4929cbf5a809e3bd38617c6ce150f6","name":"MC","image":{"@type":"ImageObject","inLanguage":"fr-FR","@id":"https:\/\/secure.gravatar.com\/avatar\/a545bbb6f84efdd5553dbbc2895e3ca8f1d12c5215e00a041c9670b54aa9b18a?s=96&d=mm&r=g","url":"https:\/\/secure.gravatar.com\/avatar\/a545bbb6f84efdd5553dbbc2895e3ca8f1d12c5215e00a041c9670b54aa9b18a?s=96&d=mm&r=g","contentUrl":"https:\/\/secure.gravatar.com\/avatar\/a545bbb6f84efdd5553dbbc2895e3ca8f1d12c5215e00a041c9670b54aa9b18a?s=96&d=mm&r=g","caption":"MC"},"url":"https:\/\/www.webdo.tn\/fr\/actualite\/author\/mc\/"}]}},"_links":{"self":[{"href":"https:\/\/www.webdo.tn\/fr\/wp-json\/wp\/v2\/posts\/222051","targetHints":{"allow":["GET"]}}],"collection":[{"href":"https:\/\/www.webdo.tn\/fr\/wp-json\/wp\/v2\/posts"}],"about":[{"href":"https:\/\/www.webdo.tn\/fr\/wp-json\/wp\/v2\/types\/post"}],"author":[{"embeddable":true,"href":"https:\/\/www.webdo.tn\/fr\/wp-json\/wp\/v2\/users\/3162"}],"replies":[{"embeddable":true,"href":"https:\/\/www.webdo.tn\/fr\/wp-json\/wp\/v2\/comments?post=222051"}],"version-history":[{"count":0,"href":"https:\/\/www.webdo.tn\/fr\/wp-json\/wp\/v2\/posts\/222051\/revisions"}],"wp:featuredmedia":[{"embeddable":true,"href":"https:\/\/www.webdo.tn\/fr\/wp-json\/wp\/v2\/media\/366138"}],"wp:attachment":[{"href":"https:\/\/www.webdo.tn\/fr\/wp-json\/wp\/v2\/media?parent=222051"}],"wp:term":[{"taxonomy":"category","embeddable":true,"href":"https:\/\/www.webdo.tn\/fr\/wp-json\/wp\/v2\/categories?post=222051"},{"taxonomy":"post_tag","embeddable":true,"href":"https:\/\/www.webdo.tn\/fr\/wp-json\/wp\/v2\/tags?post=222051"}],"curies":[{"name":"wp","href":"https:\/\/api.w.org\/{rel}","templated":true}]}}