{"id":222049,"date":"2025-05-19T08:50:00","date_gmt":"2025-05-19T08:50:00","guid":{"rendered":"https:\/\/www.webdo.tn\/fr\/actualite\/blog\/crise-au-club-africain-le-comite-directeur-jette-l-eponge\/222049\/"},"modified":"2025-05-19T08:50:00","modified_gmt":"2025-05-19T08:50:00","slug":"crise-au-club-africain-le-comite-directeur-jette-l-eponge","status":"publish","type":"post","link":"https:\/\/www.webdo.tn\/fr\/actualite\/sport\/crise-au-club-africain-le-comite-directeur-jette-l-eponge\/222049\/","title":{"rendered":"Crise au Club Africain : Le comit\u00e9 directeur jette l\u2019\u00e9ponge"},"content":{"rendered":"<p>Dans un communiqu\u00e9 publi\u00e9 dimanche sur sa page officielle, la direction du club a annonc\u00e9 la d\u00e9mission collective de l\u2019ensemble de son comit\u00e9 directeur.<\/p>\n<p> Cette d\u00e9cision intervient dans un contexte tendu, marqu\u00e9 par une s\u00e9rie d\u2019attaques verbales, de diffamations et d\u2019accusations infond\u00e9es visant les membres de la direction. Le comit\u00e9 d\u00e9plore une escalade d\u2019atteintes \u00e0 la r\u00e9putation, \u00e0 l\u2019honneur et \u00e0 la dignit\u00e9 de ses responsables, qui rend, selon lui, la poursuite de ses fonctions \u00ab impossible dans des conditions normales \u00bb, d\u2019autant plus face \u00e0 une fin de saison sportive jug\u00e9e d\u00e9cevante.<\/p>\n<p>Sur le plan sportif, le Club Africain a \u00e9t\u00e9 \u00e9limin\u00e9 en quarts de finale de la Coupe de Tunisie, battu 0-3 par l\u2019US Monastir. En championnat, il n\u2019a pu faire mieux qu\u2019une quatri\u00e8me place en Ligue 1, loin des ambitions du club.<\/p>\n<p>Dans un souci de transparence, la direction sortante a annonc\u00e9 le d\u00e9p\u00f4t, le 16 mai, d\u2019une requ\u00eate aupr\u00e8s du tribunal de premi\u00e8re instance de Tunis, en vue de la d\u00e9signation de trois experts judiciaires charg\u00e9s d\u2019un audit complet des comptes du club.<\/p>\n<p>En attendant l\u2019\u00e9lection d\u2019un nouveau bureau, le comit\u00e9 s\u2019est engag\u00e9 \u00e0 assurer la gestion administrative quotidienne afin de garantir la continuit\u00e9 des activit\u00e9s sportives. Il appelle \u00e9galement \u00e0 la tenue d\u2019une assembl\u00e9e g\u00e9n\u00e9rale \u00e9lective d\u2019ici le 12 juin 2025, conform\u00e9ment aux statuts du Club Africain.<\/p>\n<p>Le Conseil des Sages a \u00e9t\u00e9 officiellement inform\u00e9 de cette d\u00e9cision, ainsi que de la situation financi\u00e8re actuelle du club, incluant les jugements en cours, les dettes \u00e0 honorer, les \u00e9ch\u00e9ances \u00e0 venir et les montants \u00e0 verser pour lever les interdictions en vigueur.<\/p>\n","protected":false},"excerpt":{"rendered":"<p>Le Club Africain annonce la d\u00e9mission collective de son comit\u00e9 directeur apr\u00e8s une fin de saison d\u00e9cevante et des pressions internes. Une assembl\u00e9e \u00e9lective est&#8230;<\/p>\n","protected":false},"author":3162,"featured_media":366118,"comment_status":"open","ping_status":"closed","sticky":false,"template":"","format":"standard","meta":{"footnotes":""},"categories":[2593],"tags":[3101,3343,6379,2608],"class_list":["post-222049","post","type-post","status-publish","format-standard","has-post-thumbnail","hentry","category-sport","tag-club-africain","tag-crise","tag-demission","tag-tunisie"],"yoast_head":"<!-- This site is optimized with the Yoast SEO Premium plugin v27.5 (Yoast SEO v27.5) - https:\/\/yoast.com\/product\/yoast-seo-premium-wordpress\/ -->\n<title>Crise au Club Africain : Le comit\u00e9 directeur jette l\u2019\u00e9ponge<\/title>\n<meta name=\"description\" content=\"Le Club Africain annonce la d\u00e9mission collective de son comit\u00e9 directeur apr\u00e8s une fin de saison d\u00e9cevante et des pressions internes. Une assembl\u00e9e \u00e9lective est...\" \/>\n<link rel=\"canonical\" href=\"https:\/\/www.webdo.tn\/fr\/actualite\/sport\/crise-au-club-africain-le-comite-directeur-jette-l-eponge\/222049\/\" \/>\n<meta property=\"og:locale\" content=\"fr_FR\" \/>\n<meta property=\"og:type\" content=\"article\" \/>\n<meta property=\"og:title\" content=\"Crise au Club Africain : Le comit\u00e9 directeur jette l\u2019\u00e9ponge\" \/>\n<meta property=\"og:description\" content=\"Le Club Africain annonce la d\u00e9mission collective de son comit\u00e9 directeur apr\u00e8s une fin de saison d\u00e9cevante et des pressions internes. Une assembl\u00e9e \u00e9lective est...\" \/>\n<meta property=\"og:url\" content=\"https:\/\/www.webdo.tn\/fr\/actualite\/sport\/crise-au-club-africain-le-comite-directeur-jette-l-eponge\/222049\/\" \/>\n<meta property=\"og:site_name\" content=\"webdo\" \/>\n<meta property=\"article:publisher\" content=\"https:\/\/www.facebook.com\/webdotn\" \/>\n<meta property=\"article:published_time\" content=\"2025-05-19T08:50:00+00:00\" \/>\n<meta property=\"og:image\" content=\"https:\/\/www.webdo.tn\/fr\/wp-content\/uploads\/2025\/05\/df86a7d73f2fd9851cc3c5c4f2391b8e.webp\" \/>\n\t<meta property=\"og:image:width\" content=\"750\" \/>\n\t<meta property=\"og:image:height\" content=\"400\" \/>\n\t<meta property=\"og:image:type\" content=\"image\/webp\" \/>\n<meta name=\"author\" content=\"MC\" \/>\n<meta name=\"twitter:card\" content=\"summary_large_image\" \/>\n<meta name=\"twitter:creator\" content=\"@webdo_tn\" \/>\n<meta name=\"twitter:site\" content=\"@webdo_tn\" \/>\n<meta name=\"twitter:label1\" content=\"\u00c9crit par\" \/>\n\t<meta name=\"twitter:data1\" content=\"MC\" \/>\n\t<meta name=\"twitter:label2\" content=\"Dur\u00e9e de lecture estim\u00e9e\" \/>\n\t<meta name=\"twitter:data2\" content=\"1 minute\" \/>\n<script type=\"application\/ld+json\" class=\"yoast-schema-graph\">{\"@context\":\"https:\\\/\\\/schema.org\",\"@graph\":[{\"@type\":\"NewsArticle\",\"@id\":\"https:\\\/\\\/www.webdo.tn\\\/fr\\\/actualite\\\/sport\\\/crise-au-club-africain-le-comite-directeur-jette-l-eponge\\\/222049\\\/#article\",\"isPartOf\":{\"@id\":\"https:\\\/\\\/www.webdo.tn\\\/fr\\\/actualite\\\/sport\\\/crise-au-club-africain-le-comite-directeur-jette-l-eponge\\\/222049\\\/\"},\"author\":{\"name\":\"MC\",\"@id\":\"https:\\\/\\\/www.webdo.tn\\\/fr\\\/#\\\/schema\\\/person\\\/2c4929cbf5a809e3bd38617c6ce150f6\"},\"headline\":\"Crise au Club Africain : Le comit\u00e9 directeur jette l\u2019\u00e9ponge\",\"datePublished\":\"2025-05-19T08:50:00+00:00\",\"mainEntityOfPage\":{\"@id\":\"https:\\\/\\\/www.webdo.tn\\\/fr\\\/actualite\\\/sport\\\/crise-au-club-africain-le-comite-directeur-jette-l-eponge\\\/222049\\\/\"},\"wordCount\":301,\"commentCount\":0,\"publisher\":{\"@id\":\"https:\\\/\\\/www.webdo.tn\\\/fr\\\/#organization\"},\"image\":{\"@id\":\"https:\\\/\\\/www.webdo.tn\\\/fr\\\/actualite\\\/sport\\\/crise-au-club-africain-le-comite-directeur-jette-l-eponge\\\/222049\\\/#primaryimage\"},\"thumbnailUrl\":\"https:\\\/\\\/www.webdo.tn\\\/fr\\\/wp-content\\\/uploads\\\/2025\\\/05\\\/df86a7d73f2fd9851cc3c5c4f2391b8e.webp\",\"keywords\":[\"Club Africain\",\"crise\",\"D\u00e9mission\",\"Tunisie\"],\"articleSection\":[\"Sport\"],\"inLanguage\":\"fr-FR\"},{\"@type\":\"WebPage\",\"@id\":\"https:\\\/\\\/www.webdo.tn\\\/fr\\\/actualite\\\/sport\\\/crise-au-club-africain-le-comite-directeur-jette-l-eponge\\\/222049\\\/\",\"url\":\"https:\\\/\\\/www.webdo.tn\\\/fr\\\/actualite\\\/sport\\\/crise-au-club-africain-le-comite-directeur-jette-l-eponge\\\/222049\\\/\",\"name\":\"Crise au Club Africain : Le comit\u00e9 directeur jette l\u2019\u00e9ponge\",\"isPartOf\":{\"@id\":\"https:\\\/\\\/www.webdo.tn\\\/fr\\\/#website\"},\"primaryImageOfPage\":{\"@id\":\"https:\\\/\\\/www.webdo.tn\\\/fr\\\/actualite\\\/sport\\\/crise-au-club-africain-le-comite-directeur-jette-l-eponge\\\/222049\\\/#primaryimage\"},\"image\":{\"@id\":\"https:\\\/\\\/www.webdo.tn\\\/fr\\\/actualite\\\/sport\\\/crise-au-club-africain-le-comite-directeur-jette-l-eponge\\\/222049\\\/#primaryimage\"},\"thumbnailUrl\":\"https:\\\/\\\/www.webdo.tn\\\/fr\\\/wp-content\\\/uploads\\\/2025\\\/05\\\/df86a7d73f2fd9851cc3c5c4f2391b8e.webp\",\"datePublished\":\"2025-05-19T08:50:00+00:00\",\"description\":\"Le Club Africain annonce la d\u00e9mission collective de son comit\u00e9 directeur apr\u00e8s une fin de saison d\u00e9cevante et des pressions internes. Une assembl\u00e9e \u00e9lective est...\",\"breadcrumb\":{\"@id\":\"https:\\\/\\\/www.webdo.tn\\\/fr\\\/actualite\\\/sport\\\/crise-au-club-africain-le-comite-directeur-jette-l-eponge\\\/222049\\\/#breadcrumb\"},\"inLanguage\":\"fr-FR\",\"potentialAction\":[{\"@type\":\"ReadAction\",\"target\":[\"https:\\\/\\\/www.webdo.tn\\\/fr\\\/actualite\\\/sport\\\/crise-au-club-africain-le-comite-directeur-jette-l-eponge\\\/222049\\\/\"]}]},{\"@type\":\"ImageObject\",\"inLanguage\":\"fr-FR\",\"@id\":\"https:\\\/\\\/www.webdo.tn\\\/fr\\\/actualite\\\/sport\\\/crise-au-club-africain-le-comite-directeur-jette-l-eponge\\\/222049\\\/#primaryimage\",\"url\":\"https:\\\/\\\/www.webdo.tn\\\/fr\\\/wp-content\\\/uploads\\\/2025\\\/05\\\/df86a7d73f2fd9851cc3c5c4f2391b8e.webp\",\"contentUrl\":\"https:\\\/\\\/www.webdo.tn\\\/fr\\\/wp-content\\\/uploads\\\/2025\\\/05\\\/df86a7d73f2fd9851cc3c5c4f2391b8e.webp\",\"width\":750,\"height\":400,\"caption\":\"Crise au Club Africain : Le comit\u00e9 directeur jette l\u2019\u00e9ponge\"},{\"@type\":\"BreadcrumbList\",\"@id\":\"https:\\\/\\\/www.webdo.tn\\\/fr\\\/actualite\\\/sport\\\/crise-au-club-africain-le-comite-directeur-jette-l-eponge\\\/222049\\\/#breadcrumb\",\"itemListElement\":[{\"@type\":\"ListItem\",\"position\":1,\"name\":\"Accueil\",\"item\":\"https:\\\/\\\/www.webdo.tn\\\/fr\\\/\"},{\"@type\":\"ListItem\",\"position\":2,\"name\":\"Crise au Club Africain : Le comit\u00e9 directeur jette l\u2019\u00e9ponge\"}]},{\"@type\":\"WebSite\",\"@id\":\"https:\\\/\\\/www.webdo.tn\\\/fr\\\/#website\",\"url\":\"https:\\\/\\\/www.webdo.tn\\\/fr\\\/\",\"name\":\"webdo\",\"description\":\"Tunisie - News en Tunisie et \u00e0 l&#039;international sur Webdo.tn\",\"publisher\":{\"@id\":\"https:\\\/\\\/www.webdo.tn\\\/fr\\\/#organization\"},\"potentialAction\":[{\"@type\":\"SearchAction\",\"target\":{\"@type\":\"EntryPoint\",\"urlTemplate\":\"https:\\\/\\\/www.webdo.tn\\\/fr\\\/?s={search_term_string}\"},\"query-input\":{\"@type\":\"PropertyValueSpecification\",\"valueRequired\":true,\"valueName\":\"search_term_string\"}}],\"inLanguage\":\"fr-FR\"},{\"@type\":\"Organization\",\"@id\":\"https:\\\/\\\/www.webdo.tn\\\/fr\\\/#organization\",\"name\":\"Webdo\",\"alternateName\":\"Webdo.tn\",\"url\":\"https:\\\/\\\/www.webdo.tn\\\/fr\\\/\",\"logo\":{\"@type\":\"ImageObject\",\"inLanguage\":\"fr-FR\",\"@id\":\"https:\\\/\\\/www.webdo.tn\\\/fr\\\/#\\\/schema\\\/logo\\\/image\\\/\",\"url\":\"https:\\\/\\\/www.webdo.tn\\\/fr\\\/wp-content\\\/uploads\\\/2025\\\/06\\\/Webdo-Tunisie_168377.jpg\",\"contentUrl\":\"https:\\\/\\\/www.webdo.tn\\\/fr\\\/wp-content\\\/uploads\\\/2025\\\/06\\\/Webdo-Tunisie_168377.jpg\",\"width\":301,\"height\":301,\"caption\":\"Webdo\"},\"image\":{\"@id\":\"https:\\\/\\\/www.webdo.tn\\\/fr\\\/#\\\/schema\\\/logo\\\/image\\\/\"},\"sameAs\":[\"https:\\\/\\\/www.facebook.com\\\/webdotn\",\"https:\\\/\\\/x.com\\\/webdo_tn\"],\"description\":\"Webdo est un m\u00e9dia num\u00e9rique tunisien fond\u00e9 en 2010, sp\u00e9cialis\u00e9 dans l\u2019actualit\u00e9 nationale et internationale, l\u2019\u00e9conomie, la soci\u00e9t\u00e9 et les analyses politiques. Le site s\u2019adresse \u00e0 un large public francophone et couvre l\u2019information tunisienne en temps r\u00e9el.\",\"email\":\"redac@webdo.tn\",\"legalName\":\"YNJ SARL\",\"foundingDate\":\"2010-09-06\",\"numberOfEmployees\":{\"@type\":\"QuantitativeValue\",\"minValue\":\"11\",\"maxValue\":\"50\"}},{\"@type\":\"Person\",\"@id\":\"https:\\\/\\\/www.webdo.tn\\\/fr\\\/#\\\/schema\\\/person\\\/2c4929cbf5a809e3bd38617c6ce150f6\",\"name\":\"MC\",\"image\":{\"@type\":\"ImageObject\",\"inLanguage\":\"fr-FR\",\"@id\":\"https:\\\/\\\/secure.gravatar.com\\\/avatar\\\/a545bbb6f84efdd5553dbbc2895e3ca8f1d12c5215e00a041c9670b54aa9b18a?s=96&d=mm&r=g\",\"url\":\"https:\\\/\\\/secure.gravatar.com\\\/avatar\\\/a545bbb6f84efdd5553dbbc2895e3ca8f1d12c5215e00a041c9670b54aa9b18a?s=96&d=mm&r=g\",\"contentUrl\":\"https:\\\/\\\/secure.gravatar.com\\\/avatar\\\/a545bbb6f84efdd5553dbbc2895e3ca8f1d12c5215e00a041c9670b54aa9b18a?s=96&d=mm&r=g\",\"caption\":\"MC\"},\"url\":\"https:\\\/\\\/www.webdo.tn\\\/fr\\\/actualite\\\/author\\\/mc\\\/\"}]}<\/script>\n<!-- \/ Yoast SEO Premium plugin. -->","yoast_head_json":{"title":"Crise au Club Africain : Le comit\u00e9 directeur jette l\u2019\u00e9ponge","description":"Le Club Africain annonce la d\u00e9mission collective de son comit\u00e9 directeur apr\u00e8s une fin de saison d\u00e9cevante et des pressions internes. Une assembl\u00e9e \u00e9lective est...","canonical":"https:\/\/www.webdo.tn\/fr\/actualite\/sport\/crise-au-club-africain-le-comite-directeur-jette-l-eponge\/222049\/","og_locale":"fr_FR","og_type":"article","og_title":"Crise au Club Africain : Le comit\u00e9 directeur jette l\u2019\u00e9ponge","og_description":"Le Club Africain annonce la d\u00e9mission collective de son comit\u00e9 directeur apr\u00e8s une fin de saison d\u00e9cevante et des pressions internes. Une assembl\u00e9e \u00e9lective est...","og_url":"https:\/\/www.webdo.tn\/fr\/actualite\/sport\/crise-au-club-africain-le-comite-directeur-jette-l-eponge\/222049\/","og_site_name":"webdo","article_publisher":"https:\/\/www.facebook.com\/webdotn","article_published_time":"2025-05-19T08:50:00+00:00","og_image":[{"width":750,"height":400,"url":"https:\/\/www.webdo.tn\/fr\/wp-content\/uploads\/2025\/05\/df86a7d73f2fd9851cc3c5c4f2391b8e.webp","type":"image\/webp"}],"author":"MC","twitter_card":"summary_large_image","twitter_creator":"@webdo_tn","twitter_site":"@webdo_tn","twitter_misc":{"\u00c9crit par":"MC","Dur\u00e9e de lecture estim\u00e9e":"1 minute"},"schema":{"@context":"https:\/\/schema.org","@graph":[{"@type":"NewsArticle","@id":"https:\/\/www.webdo.tn\/fr\/actualite\/sport\/crise-au-club-africain-le-comite-directeur-jette-l-eponge\/222049\/#article","isPartOf":{"@id":"https:\/\/www.webdo.tn\/fr\/actualite\/sport\/crise-au-club-africain-le-comite-directeur-jette-l-eponge\/222049\/"},"author":{"name":"MC","@id":"https:\/\/www.webdo.tn\/fr\/#\/schema\/person\/2c4929cbf5a809e3bd38617c6ce150f6"},"headline":"Crise au Club Africain : Le comit\u00e9 directeur jette l\u2019\u00e9ponge","datePublished":"2025-05-19T08:50:00+00:00","mainEntityOfPage":{"@id":"https:\/\/www.webdo.tn\/fr\/actualite\/sport\/crise-au-club-africain-le-comite-directeur-jette-l-eponge\/222049\/"},"wordCount":301,"commentCount":0,"publisher":{"@id":"https:\/\/www.webdo.tn\/fr\/#organization"},"image":{"@id":"https:\/\/www.webdo.tn\/fr\/actualite\/sport\/crise-au-club-africain-le-comite-directeur-jette-l-eponge\/222049\/#primaryimage"},"thumbnailUrl":"https:\/\/www.webdo.tn\/fr\/wp-content\/uploads\/2025\/05\/df86a7d73f2fd9851cc3c5c4f2391b8e.webp","keywords":["Club Africain","crise","D\u00e9mission","Tunisie"],"articleSection":["Sport"],"inLanguage":"fr-FR"},{"@type":"WebPage","@id":"https:\/\/www.webdo.tn\/fr\/actualite\/sport\/crise-au-club-africain-le-comite-directeur-jette-l-eponge\/222049\/","url":"https:\/\/www.webdo.tn\/fr\/actualite\/sport\/crise-au-club-africain-le-comite-directeur-jette-l-eponge\/222049\/","name":"Crise au Club Africain : Le comit\u00e9 directeur jette l\u2019\u00e9ponge","isPartOf":{"@id":"https:\/\/www.webdo.tn\/fr\/#website"},"primaryImageOfPage":{"@id":"https:\/\/www.webdo.tn\/fr\/actualite\/sport\/crise-au-club-africain-le-comite-directeur-jette-l-eponge\/222049\/#primaryimage"},"image":{"@id":"https:\/\/www.webdo.tn\/fr\/actualite\/sport\/crise-au-club-africain-le-comite-directeur-jette-l-eponge\/222049\/#primaryimage"},"thumbnailUrl":"https:\/\/www.webdo.tn\/fr\/wp-content\/uploads\/2025\/05\/df86a7d73f2fd9851cc3c5c4f2391b8e.webp","datePublished":"2025-05-19T08:50:00+00:00","description":"Le Club Africain annonce la d\u00e9mission collective de son comit\u00e9 directeur apr\u00e8s une fin de saison d\u00e9cevante et des pressions internes. Une assembl\u00e9e \u00e9lective est...","breadcrumb":{"@id":"https:\/\/www.webdo.tn\/fr\/actualite\/sport\/crise-au-club-africain-le-comite-directeur-jette-l-eponge\/222049\/#breadcrumb"},"inLanguage":"fr-FR","potentialAction":[{"@type":"ReadAction","target":["https:\/\/www.webdo.tn\/fr\/actualite\/sport\/crise-au-club-africain-le-comite-directeur-jette-l-eponge\/222049\/"]}]},{"@type":"ImageObject","inLanguage":"fr-FR","@id":"https:\/\/www.webdo.tn\/fr\/actualite\/sport\/crise-au-club-africain-le-comite-directeur-jette-l-eponge\/222049\/#primaryimage","url":"https:\/\/www.webdo.tn\/fr\/wp-content\/uploads\/2025\/05\/df86a7d73f2fd9851cc3c5c4f2391b8e.webp","contentUrl":"https:\/\/www.webdo.tn\/fr\/wp-content\/uploads\/2025\/05\/df86a7d73f2fd9851cc3c5c4f2391b8e.webp","width":750,"height":400,"caption":"Crise au Club Africain : Le comit\u00e9 directeur jette l\u2019\u00e9ponge"},{"@type":"BreadcrumbList","@id":"https:\/\/www.webdo.tn\/fr\/actualite\/sport\/crise-au-club-africain-le-comite-directeur-jette-l-eponge\/222049\/#breadcrumb","itemListElement":[{"@type":"ListItem","position":1,"name":"Accueil","item":"https:\/\/www.webdo.tn\/fr\/"},{"@type":"ListItem","position":2,"name":"Crise au Club Africain : Le comit\u00e9 directeur jette l\u2019\u00e9ponge"}]},{"@type":"WebSite","@id":"https:\/\/www.webdo.tn\/fr\/#website","url":"https:\/\/www.webdo.tn\/fr\/","name":"webdo","description":"Tunisie - News en Tunisie et \u00e0 l&#039;international sur Webdo.tn","publisher":{"@id":"https:\/\/www.webdo.tn\/fr\/#organization"},"potentialAction":[{"@type":"SearchAction","target":{"@type":"EntryPoint","urlTemplate":"https:\/\/www.webdo.tn\/fr\/?s={search_term_string}"},"query-input":{"@type":"PropertyValueSpecification","valueRequired":true,"valueName":"search_term_string"}}],"inLanguage":"fr-FR"},{"@type":"Organization","@id":"https:\/\/www.webdo.tn\/fr\/#organization","name":"Webdo","alternateName":"Webdo.tn","url":"https:\/\/www.webdo.tn\/fr\/","logo":{"@type":"ImageObject","inLanguage":"fr-FR","@id":"https:\/\/www.webdo.tn\/fr\/#\/schema\/logo\/image\/","url":"https:\/\/www.webdo.tn\/fr\/wp-content\/uploads\/2025\/06\/Webdo-Tunisie_168377.jpg","contentUrl":"https:\/\/www.webdo.tn\/fr\/wp-content\/uploads\/2025\/06\/Webdo-Tunisie_168377.jpg","width":301,"height":301,"caption":"Webdo"},"image":{"@id":"https:\/\/www.webdo.tn\/fr\/#\/schema\/logo\/image\/"},"sameAs":["https:\/\/www.facebook.com\/webdotn","https:\/\/x.com\/webdo_tn"],"description":"Webdo est un m\u00e9dia num\u00e9rique tunisien fond\u00e9 en 2010, sp\u00e9cialis\u00e9 dans l\u2019actualit\u00e9 nationale et internationale, l\u2019\u00e9conomie, la soci\u00e9t\u00e9 et les analyses politiques. Le site s\u2019adresse \u00e0 un large public francophone et couvre l\u2019information tunisienne en temps r\u00e9el.","email":"redac@webdo.tn","legalName":"YNJ SARL","foundingDate":"2010-09-06","numberOfEmployees":{"@type":"QuantitativeValue","minValue":"11","maxValue":"50"}},{"@type":"Person","@id":"https:\/\/www.webdo.tn\/fr\/#\/schema\/person\/2c4929cbf5a809e3bd38617c6ce150f6","name":"MC","image":{"@type":"ImageObject","inLanguage":"fr-FR","@id":"https:\/\/secure.gravatar.com\/avatar\/a545bbb6f84efdd5553dbbc2895e3ca8f1d12c5215e00a041c9670b54aa9b18a?s=96&d=mm&r=g","url":"https:\/\/secure.gravatar.com\/avatar\/a545bbb6f84efdd5553dbbc2895e3ca8f1d12c5215e00a041c9670b54aa9b18a?s=96&d=mm&r=g","contentUrl":"https:\/\/secure.gravatar.com\/avatar\/a545bbb6f84efdd5553dbbc2895e3ca8f1d12c5215e00a041c9670b54aa9b18a?s=96&d=mm&r=g","caption":"MC"},"url":"https:\/\/www.webdo.tn\/fr\/actualite\/author\/mc\/"}]}},"_links":{"self":[{"href":"https:\/\/www.webdo.tn\/fr\/wp-json\/wp\/v2\/posts\/222049","targetHints":{"allow":["GET"]}}],"collection":[{"href":"https:\/\/www.webdo.tn\/fr\/wp-json\/wp\/v2\/posts"}],"about":[{"href":"https:\/\/www.webdo.tn\/fr\/wp-json\/wp\/v2\/types\/post"}],"author":[{"embeddable":true,"href":"https:\/\/www.webdo.tn\/fr\/wp-json\/wp\/v2\/users\/3162"}],"replies":[{"embeddable":true,"href":"https:\/\/www.webdo.tn\/fr\/wp-json\/wp\/v2\/comments?post=222049"}],"version-history":[{"count":0,"href":"https:\/\/www.webdo.tn\/fr\/wp-json\/wp\/v2\/posts\/222049\/revisions"}],"wp:featuredmedia":[{"embeddable":true,"href":"https:\/\/www.webdo.tn\/fr\/wp-json\/wp\/v2\/media\/366118"}],"wp:attachment":[{"href":"https:\/\/www.webdo.tn\/fr\/wp-json\/wp\/v2\/media?parent=222049"}],"wp:term":[{"taxonomy":"category","embeddable":true,"href":"https:\/\/www.webdo.tn\/fr\/wp-json\/wp\/v2\/categories?post=222049"},{"taxonomy":"post_tag","embeddable":true,"href":"https:\/\/www.webdo.tn\/fr\/wp-json\/wp\/v2\/tags?post=222049"}],"curies":[{"name":"wp","href":"https:\/\/api.w.org\/{rel}","templated":true}]}}