{"id":222044,"date":"2025-05-18T17:44:00","date_gmt":"2025-05-18T17:44:00","guid":{"rendered":"https:\/\/www.webdo.tn\/fr\/actualite\/blog\/coupe-de-tunisie-l-us-monastir-et-l-esperance-de-tunis-qualifiees-pour-les-demi-finales\/222044\/"},"modified":"2025-05-18T17:44:00","modified_gmt":"2025-05-18T17:44:00","slug":"coupe-de-tunisie-l-us-monastir-et-l-esperance-de-tunis-qualifiees-pour-les-demi-finales","status":"publish","type":"post","link":"https:\/\/www.webdo.tn\/fr\/actualite\/sport\/coupe-de-tunisie-l-us-monastir-et-l-esperance-de-tunis-qualifiees-pour-les-demi-finales\/222044\/","title":{"rendered":"Coupe de Tunisie : l\u2019US Monastir et l\u2019Esp\u00e9rance de Tunis qualifi\u00e9es pour les demi-finales"},"content":{"rendered":"<p>L\u2019US Monastirienne et l\u2019Esp\u00e9rance de Tunis se sont qualifi\u00e9es ce dimanche 18 mai 2025 pour les demi-finales de la Coupe de Tunisie.<\/p>\n<p> \u00c0 Monastir, les locaux ont battu le Club Africain (3-0). Hazem Mastouri a marqu\u00e9 de la t\u00eate \u00e0 la 9e minute, suivi d\u2019un coup franc direct de Mehdi Gannouni \u00e0 la 39e. En fin de match, Aymen Harzi a inscrit un troisi\u00e8me but (90e+1). Le Club Africain a \u00e9volu\u00e9 \u00e0 dix apr\u00e8s l\u2019expulsion de Fahd El Mesmary \u00e0 la 51e minute.<\/p>\n<p>\u00c0 Rad\u00e8s, l\u2019Esp\u00e9rance de Tunis s\u2019est impos\u00e9e 3-1 face \u00e0 l\u2019Esp\u00e9rance de Zarzis. Youcef Bela\u00efli a ouvert le score \u00e0 la 6e minute, Yan Sasse et Achraf Jabri ont alourdi le score juste avant la pause (41e et 43e). Youssef Snana a r\u00e9duit l\u2019\u00e9cart \u00e0 la 72e minute.<\/p>\n<p>L\u2019US Ben Guerdane avait d\u00e9croch\u00e9 sa qualification la veille aux tirs au but contre l\u2019EGS Gafsa. Le dernier quart oppose ce soir l\u2019\u00c9toile du Sahel au Stade tunisien.<\/p>\n","protected":false},"excerpt":{"rendered":"<p>US Monastirienne et Esp\u00e9rance de Tunis se qualifient pour les demi-finales de la Coupe de Tunisie apr\u00e8s leurs victoires face au Club Africain et \u00e0 Zarzis.<\/p>\n","protected":false},"author":3162,"featured_media":366115,"comment_status":"open","ping_status":"closed","sticky":false,"template":"","format":"standard","meta":{"footnotes":""},"categories":[2593],"tags":[3168,2622,4837,2608],"class_list":["post-222044","post","type-post","status-publish","format-standard","has-post-thumbnail","hentry","category-sport","tag-coupe-de-tunisie","tag-football","tag-quarts-de-finale","tag-tunisie"],"yoast_head":"<!-- This site is optimized with the Yoast SEO Premium plugin v27.4 (Yoast SEO v27.5) - https:\/\/yoast.com\/product\/yoast-seo-premium-wordpress\/ -->\n<title>Coupe de Tunisie : l\u2019US Monastir et l\u2019Esp\u00e9rance de Tunis qualifi\u00e9es pour les demi-finales<\/title>\n<meta name=\"description\" content=\"US Monastirienne et Esp\u00e9rance de Tunis se qualifient pour les demi-finales de la Coupe de Tunisie apr\u00e8s leurs victoires face au Club Africain et \u00e0 Zarzis.\" \/>\n<link rel=\"canonical\" href=\"https:\/\/www.webdo.tn\/fr\/actualite\/sport\/coupe-de-tunisie-l-us-monastir-et-l-esperance-de-tunis-qualifiees-pour-les-demi-finales\/222044\/\" \/>\n<meta property=\"og:locale\" content=\"fr_FR\" \/>\n<meta property=\"og:type\" content=\"article\" \/>\n<meta property=\"og:title\" content=\"Coupe de Tunisie : l\u2019US Monastir et l\u2019Esp\u00e9rance de Tunis qualifi\u00e9es pour les demi-finales\" \/>\n<meta property=\"og:description\" content=\"US Monastirienne et Esp\u00e9rance de Tunis se qualifient pour les demi-finales de la Coupe de Tunisie apr\u00e8s leurs victoires face au Club Africain et \u00e0 Zarzis.\" \/>\n<meta property=\"og:url\" content=\"https:\/\/www.webdo.tn\/fr\/actualite\/sport\/coupe-de-tunisie-l-us-monastir-et-l-esperance-de-tunis-qualifiees-pour-les-demi-finales\/222044\/\" \/>\n<meta property=\"og:site_name\" content=\"webdo\" \/>\n<meta property=\"article:publisher\" content=\"https:\/\/www.facebook.com\/webdotn\" \/>\n<meta property=\"article:published_time\" content=\"2025-05-18T17:44:00+00:00\" \/>\n<meta property=\"og:image\" content=\"https:\/\/www.webdo.tn\/fr\/wp-content\/uploads\/2025\/05\/304d0d3c4311fd70736d195ad1b0e17b.webp\" \/>\n\t<meta property=\"og:image:width\" content=\"750\" \/>\n\t<meta property=\"og:image:height\" content=\"400\" \/>\n\t<meta property=\"og:image:type\" content=\"image\/webp\" \/>\n<meta name=\"author\" content=\"MC\" \/>\n<meta name=\"twitter:card\" content=\"summary_large_image\" \/>\n<meta name=\"twitter:creator\" content=\"@webdo_tn\" \/>\n<meta name=\"twitter:site\" content=\"@webdo_tn\" \/>\n<meta name=\"twitter:label1\" content=\"\u00c9crit par\" \/>\n\t<meta name=\"twitter:data1\" content=\"MC\" \/>\n\t<meta name=\"twitter:label2\" content=\"Dur\u00e9e de lecture estim\u00e9e\" \/>\n\t<meta name=\"twitter:data2\" content=\"1 minute\" \/>\n<script type=\"application\/ld+json\" class=\"yoast-schema-graph\">{\"@context\":\"https:\\\/\\\/schema.org\",\"@graph\":[{\"@type\":\"NewsArticle\",\"@id\":\"https:\\\/\\\/www.webdo.tn\\\/fr\\\/actualite\\\/sport\\\/coupe-de-tunisie-l-us-monastir-et-l-esperance-de-tunis-qualifiees-pour-les-demi-finales\\\/222044\\\/#article\",\"isPartOf\":{\"@id\":\"https:\\\/\\\/www.webdo.tn\\\/fr\\\/actualite\\\/sport\\\/coupe-de-tunisie-l-us-monastir-et-l-esperance-de-tunis-qualifiees-pour-les-demi-finales\\\/222044\\\/\"},\"author\":{\"name\":\"MC\",\"@id\":\"https:\\\/\\\/www.webdo.tn\\\/fr\\\/#\\\/schema\\\/person\\\/2c4929cbf5a809e3bd38617c6ce150f6\"},\"headline\":\"Coupe de Tunisie : l\u2019US Monastir et l\u2019Esp\u00e9rance de Tunis qualifi\u00e9es pour les demi-finales\",\"datePublished\":\"2025-05-18T17:44:00+00:00\",\"mainEntityOfPage\":{\"@id\":\"https:\\\/\\\/www.webdo.tn\\\/fr\\\/actualite\\\/sport\\\/coupe-de-tunisie-l-us-monastir-et-l-esperance-de-tunis-qualifiees-pour-les-demi-finales\\\/222044\\\/\"},\"wordCount\":188,\"commentCount\":0,\"publisher\":{\"@id\":\"https:\\\/\\\/www.webdo.tn\\\/fr\\\/#organization\"},\"image\":{\"@id\":\"https:\\\/\\\/www.webdo.tn\\\/fr\\\/actualite\\\/sport\\\/coupe-de-tunisie-l-us-monastir-et-l-esperance-de-tunis-qualifiees-pour-les-demi-finales\\\/222044\\\/#primaryimage\"},\"thumbnailUrl\":\"https:\\\/\\\/www.webdo.tn\\\/fr\\\/wp-content\\\/uploads\\\/2025\\\/05\\\/304d0d3c4311fd70736d195ad1b0e17b.webp\",\"keywords\":[\"coupe de tunisie\",\"football\",\"quarts de finale\",\"Tunisie\"],\"articleSection\":[\"Sport\"],\"inLanguage\":\"fr-FR\"},{\"@type\":\"WebPage\",\"@id\":\"https:\\\/\\\/www.webdo.tn\\\/fr\\\/actualite\\\/sport\\\/coupe-de-tunisie-l-us-monastir-et-l-esperance-de-tunis-qualifiees-pour-les-demi-finales\\\/222044\\\/\",\"url\":\"https:\\\/\\\/www.webdo.tn\\\/fr\\\/actualite\\\/sport\\\/coupe-de-tunisie-l-us-monastir-et-l-esperance-de-tunis-qualifiees-pour-les-demi-finales\\\/222044\\\/\",\"name\":\"Coupe de Tunisie : l\u2019US Monastir et l\u2019Esp\u00e9rance de Tunis qualifi\u00e9es pour les demi-finales\",\"isPartOf\":{\"@id\":\"https:\\\/\\\/www.webdo.tn\\\/fr\\\/#website\"},\"primaryImageOfPage\":{\"@id\":\"https:\\\/\\\/www.webdo.tn\\\/fr\\\/actualite\\\/sport\\\/coupe-de-tunisie-l-us-monastir-et-l-esperance-de-tunis-qualifiees-pour-les-demi-finales\\\/222044\\\/#primaryimage\"},\"image\":{\"@id\":\"https:\\\/\\\/www.webdo.tn\\\/fr\\\/actualite\\\/sport\\\/coupe-de-tunisie-l-us-monastir-et-l-esperance-de-tunis-qualifiees-pour-les-demi-finales\\\/222044\\\/#primaryimage\"},\"thumbnailUrl\":\"https:\\\/\\\/www.webdo.tn\\\/fr\\\/wp-content\\\/uploads\\\/2025\\\/05\\\/304d0d3c4311fd70736d195ad1b0e17b.webp\",\"datePublished\":\"2025-05-18T17:44:00+00:00\",\"description\":\"US Monastirienne et Esp\u00e9rance de Tunis se qualifient pour les demi-finales de la Coupe de Tunisie apr\u00e8s leurs victoires face au Club Africain et \u00e0 Zarzis.\",\"breadcrumb\":{\"@id\":\"https:\\\/\\\/www.webdo.tn\\\/fr\\\/actualite\\\/sport\\\/coupe-de-tunisie-l-us-monastir-et-l-esperance-de-tunis-qualifiees-pour-les-demi-finales\\\/222044\\\/#breadcrumb\"},\"inLanguage\":\"fr-FR\",\"potentialAction\":[{\"@type\":\"ReadAction\",\"target\":[\"https:\\\/\\\/www.webdo.tn\\\/fr\\\/actualite\\\/sport\\\/coupe-de-tunisie-l-us-monastir-et-l-esperance-de-tunis-qualifiees-pour-les-demi-finales\\\/222044\\\/\"]}]},{\"@type\":\"ImageObject\",\"inLanguage\":\"fr-FR\",\"@id\":\"https:\\\/\\\/www.webdo.tn\\\/fr\\\/actualite\\\/sport\\\/coupe-de-tunisie-l-us-monastir-et-l-esperance-de-tunis-qualifiees-pour-les-demi-finales\\\/222044\\\/#primaryimage\",\"url\":\"https:\\\/\\\/www.webdo.tn\\\/fr\\\/wp-content\\\/uploads\\\/2025\\\/05\\\/304d0d3c4311fd70736d195ad1b0e17b.webp\",\"contentUrl\":\"https:\\\/\\\/www.webdo.tn\\\/fr\\\/wp-content\\\/uploads\\\/2025\\\/05\\\/304d0d3c4311fd70736d195ad1b0e17b.webp\",\"width\":750,\"height\":400,\"caption\":\"Coupe de Tunisie : l\u2019US Monastir et l\u2019Esp\u00e9rance de Tunis qualifi\u00e9es pour les demi-finales\"},{\"@type\":\"BreadcrumbList\",\"@id\":\"https:\\\/\\\/www.webdo.tn\\\/fr\\\/actualite\\\/sport\\\/coupe-de-tunisie-l-us-monastir-et-l-esperance-de-tunis-qualifiees-pour-les-demi-finales\\\/222044\\\/#breadcrumb\",\"itemListElement\":[{\"@type\":\"ListItem\",\"position\":1,\"name\":\"Accueil\",\"item\":\"https:\\\/\\\/www.webdo.tn\\\/fr\\\/\"},{\"@type\":\"ListItem\",\"position\":2,\"name\":\"Coupe de Tunisie : l\u2019US Monastir et l\u2019Esp\u00e9rance de Tunis qualifi\u00e9es pour les demi-finales\"}]},{\"@type\":\"WebSite\",\"@id\":\"https:\\\/\\\/www.webdo.tn\\\/fr\\\/#website\",\"url\":\"https:\\\/\\\/www.webdo.tn\\\/fr\\\/\",\"name\":\"webdo\",\"description\":\"Tunisie - News en Tunisie et \u00e0 l&#039;international sur Webdo.tn\",\"publisher\":{\"@id\":\"https:\\\/\\\/www.webdo.tn\\\/fr\\\/#organization\"},\"potentialAction\":[{\"@type\":\"SearchAction\",\"target\":{\"@type\":\"EntryPoint\",\"urlTemplate\":\"https:\\\/\\\/www.webdo.tn\\\/fr\\\/?s={search_term_string}\"},\"query-input\":{\"@type\":\"PropertyValueSpecification\",\"valueRequired\":true,\"valueName\":\"search_term_string\"}}],\"inLanguage\":\"fr-FR\"},{\"@type\":\"Organization\",\"@id\":\"https:\\\/\\\/www.webdo.tn\\\/fr\\\/#organization\",\"name\":\"Webdo\",\"alternateName\":\"Webdo.tn\",\"url\":\"https:\\\/\\\/www.webdo.tn\\\/fr\\\/\",\"logo\":{\"@type\":\"ImageObject\",\"inLanguage\":\"fr-FR\",\"@id\":\"https:\\\/\\\/www.webdo.tn\\\/fr\\\/#\\\/schema\\\/logo\\\/image\\\/\",\"url\":\"https:\\\/\\\/www.webdo.tn\\\/fr\\\/wp-content\\\/uploads\\\/2025\\\/06\\\/Webdo-Tunisie_168377.jpg\",\"contentUrl\":\"https:\\\/\\\/www.webdo.tn\\\/fr\\\/wp-content\\\/uploads\\\/2025\\\/06\\\/Webdo-Tunisie_168377.jpg\",\"width\":301,\"height\":301,\"caption\":\"Webdo\"},\"image\":{\"@id\":\"https:\\\/\\\/www.webdo.tn\\\/fr\\\/#\\\/schema\\\/logo\\\/image\\\/\"},\"sameAs\":[\"https:\\\/\\\/www.facebook.com\\\/webdotn\",\"https:\\\/\\\/x.com\\\/webdo_tn\"],\"description\":\"Webdo est un m\u00e9dia num\u00e9rique tunisien fond\u00e9 en 2010, sp\u00e9cialis\u00e9 dans l\u2019actualit\u00e9 nationale et internationale, l\u2019\u00e9conomie, la soci\u00e9t\u00e9 et les analyses politiques. Le site s\u2019adresse \u00e0 un large public francophone et couvre l\u2019information tunisienne en temps r\u00e9el.\",\"email\":\"redac@webdo.tn\",\"legalName\":\"YNJ SARL\",\"foundingDate\":\"2010-09-06\",\"numberOfEmployees\":{\"@type\":\"QuantitativeValue\",\"minValue\":\"11\",\"maxValue\":\"50\"}},{\"@type\":\"Person\",\"@id\":\"https:\\\/\\\/www.webdo.tn\\\/fr\\\/#\\\/schema\\\/person\\\/2c4929cbf5a809e3bd38617c6ce150f6\",\"name\":\"MC\",\"image\":{\"@type\":\"ImageObject\",\"inLanguage\":\"fr-FR\",\"@id\":\"https:\\\/\\\/secure.gravatar.com\\\/avatar\\\/a545bbb6f84efdd5553dbbc2895e3ca8f1d12c5215e00a041c9670b54aa9b18a?s=96&d=mm&r=g\",\"url\":\"https:\\\/\\\/secure.gravatar.com\\\/avatar\\\/a545bbb6f84efdd5553dbbc2895e3ca8f1d12c5215e00a041c9670b54aa9b18a?s=96&d=mm&r=g\",\"contentUrl\":\"https:\\\/\\\/secure.gravatar.com\\\/avatar\\\/a545bbb6f84efdd5553dbbc2895e3ca8f1d12c5215e00a041c9670b54aa9b18a?s=96&d=mm&r=g\",\"caption\":\"MC\"},\"url\":\"https:\\\/\\\/www.webdo.tn\\\/fr\\\/actualite\\\/author\\\/mc\\\/\"}]}<\/script>\n<!-- \/ Yoast SEO Premium plugin. -->","yoast_head_json":{"title":"Coupe de Tunisie : l\u2019US Monastir et l\u2019Esp\u00e9rance de Tunis qualifi\u00e9es pour les demi-finales","description":"US Monastirienne et Esp\u00e9rance de Tunis se qualifient pour les demi-finales de la Coupe de Tunisie apr\u00e8s leurs victoires face au Club Africain et \u00e0 Zarzis.","canonical":"https:\/\/www.webdo.tn\/fr\/actualite\/sport\/coupe-de-tunisie-l-us-monastir-et-l-esperance-de-tunis-qualifiees-pour-les-demi-finales\/222044\/","og_locale":"fr_FR","og_type":"article","og_title":"Coupe de Tunisie : l\u2019US Monastir et l\u2019Esp\u00e9rance de Tunis qualifi\u00e9es pour les demi-finales","og_description":"US Monastirienne et Esp\u00e9rance de Tunis se qualifient pour les demi-finales de la Coupe de Tunisie apr\u00e8s leurs victoires face au Club Africain et \u00e0 Zarzis.","og_url":"https:\/\/www.webdo.tn\/fr\/actualite\/sport\/coupe-de-tunisie-l-us-monastir-et-l-esperance-de-tunis-qualifiees-pour-les-demi-finales\/222044\/","og_site_name":"webdo","article_publisher":"https:\/\/www.facebook.com\/webdotn","article_published_time":"2025-05-18T17:44:00+00:00","og_image":[{"width":750,"height":400,"url":"https:\/\/www.webdo.tn\/fr\/wp-content\/uploads\/2025\/05\/304d0d3c4311fd70736d195ad1b0e17b.webp","type":"image\/webp"}],"author":"MC","twitter_card":"summary_large_image","twitter_creator":"@webdo_tn","twitter_site":"@webdo_tn","twitter_misc":{"\u00c9crit par":"MC","Dur\u00e9e de lecture estim\u00e9e":"1 minute"},"schema":{"@context":"https:\/\/schema.org","@graph":[{"@type":"NewsArticle","@id":"https:\/\/www.webdo.tn\/fr\/actualite\/sport\/coupe-de-tunisie-l-us-monastir-et-l-esperance-de-tunis-qualifiees-pour-les-demi-finales\/222044\/#article","isPartOf":{"@id":"https:\/\/www.webdo.tn\/fr\/actualite\/sport\/coupe-de-tunisie-l-us-monastir-et-l-esperance-de-tunis-qualifiees-pour-les-demi-finales\/222044\/"},"author":{"name":"MC","@id":"https:\/\/www.webdo.tn\/fr\/#\/schema\/person\/2c4929cbf5a809e3bd38617c6ce150f6"},"headline":"Coupe de Tunisie : l\u2019US Monastir et l\u2019Esp\u00e9rance de Tunis qualifi\u00e9es pour les demi-finales","datePublished":"2025-05-18T17:44:00+00:00","mainEntityOfPage":{"@id":"https:\/\/www.webdo.tn\/fr\/actualite\/sport\/coupe-de-tunisie-l-us-monastir-et-l-esperance-de-tunis-qualifiees-pour-les-demi-finales\/222044\/"},"wordCount":188,"commentCount":0,"publisher":{"@id":"https:\/\/www.webdo.tn\/fr\/#organization"},"image":{"@id":"https:\/\/www.webdo.tn\/fr\/actualite\/sport\/coupe-de-tunisie-l-us-monastir-et-l-esperance-de-tunis-qualifiees-pour-les-demi-finales\/222044\/#primaryimage"},"thumbnailUrl":"https:\/\/www.webdo.tn\/fr\/wp-content\/uploads\/2025\/05\/304d0d3c4311fd70736d195ad1b0e17b.webp","keywords":["coupe de tunisie","football","quarts de finale","Tunisie"],"articleSection":["Sport"],"inLanguage":"fr-FR"},{"@type":"WebPage","@id":"https:\/\/www.webdo.tn\/fr\/actualite\/sport\/coupe-de-tunisie-l-us-monastir-et-l-esperance-de-tunis-qualifiees-pour-les-demi-finales\/222044\/","url":"https:\/\/www.webdo.tn\/fr\/actualite\/sport\/coupe-de-tunisie-l-us-monastir-et-l-esperance-de-tunis-qualifiees-pour-les-demi-finales\/222044\/","name":"Coupe de Tunisie : l\u2019US Monastir et l\u2019Esp\u00e9rance de Tunis qualifi\u00e9es pour les demi-finales","isPartOf":{"@id":"https:\/\/www.webdo.tn\/fr\/#website"},"primaryImageOfPage":{"@id":"https:\/\/www.webdo.tn\/fr\/actualite\/sport\/coupe-de-tunisie-l-us-monastir-et-l-esperance-de-tunis-qualifiees-pour-les-demi-finales\/222044\/#primaryimage"},"image":{"@id":"https:\/\/www.webdo.tn\/fr\/actualite\/sport\/coupe-de-tunisie-l-us-monastir-et-l-esperance-de-tunis-qualifiees-pour-les-demi-finales\/222044\/#primaryimage"},"thumbnailUrl":"https:\/\/www.webdo.tn\/fr\/wp-content\/uploads\/2025\/05\/304d0d3c4311fd70736d195ad1b0e17b.webp","datePublished":"2025-05-18T17:44:00+00:00","description":"US Monastirienne et Esp\u00e9rance de Tunis se qualifient pour les demi-finales de la Coupe de Tunisie apr\u00e8s leurs victoires face au Club Africain et \u00e0 Zarzis.","breadcrumb":{"@id":"https:\/\/www.webdo.tn\/fr\/actualite\/sport\/coupe-de-tunisie-l-us-monastir-et-l-esperance-de-tunis-qualifiees-pour-les-demi-finales\/222044\/#breadcrumb"},"inLanguage":"fr-FR","potentialAction":[{"@type":"ReadAction","target":["https:\/\/www.webdo.tn\/fr\/actualite\/sport\/coupe-de-tunisie-l-us-monastir-et-l-esperance-de-tunis-qualifiees-pour-les-demi-finales\/222044\/"]}]},{"@type":"ImageObject","inLanguage":"fr-FR","@id":"https:\/\/www.webdo.tn\/fr\/actualite\/sport\/coupe-de-tunisie-l-us-monastir-et-l-esperance-de-tunis-qualifiees-pour-les-demi-finales\/222044\/#primaryimage","url":"https:\/\/www.webdo.tn\/fr\/wp-content\/uploads\/2025\/05\/304d0d3c4311fd70736d195ad1b0e17b.webp","contentUrl":"https:\/\/www.webdo.tn\/fr\/wp-content\/uploads\/2025\/05\/304d0d3c4311fd70736d195ad1b0e17b.webp","width":750,"height":400,"caption":"Coupe de Tunisie : l\u2019US Monastir et l\u2019Esp\u00e9rance de Tunis qualifi\u00e9es pour les demi-finales"},{"@type":"BreadcrumbList","@id":"https:\/\/www.webdo.tn\/fr\/actualite\/sport\/coupe-de-tunisie-l-us-monastir-et-l-esperance-de-tunis-qualifiees-pour-les-demi-finales\/222044\/#breadcrumb","itemListElement":[{"@type":"ListItem","position":1,"name":"Accueil","item":"https:\/\/www.webdo.tn\/fr\/"},{"@type":"ListItem","position":2,"name":"Coupe de Tunisie : l\u2019US Monastir et l\u2019Esp\u00e9rance de Tunis qualifi\u00e9es pour les demi-finales"}]},{"@type":"WebSite","@id":"https:\/\/www.webdo.tn\/fr\/#website","url":"https:\/\/www.webdo.tn\/fr\/","name":"webdo","description":"Tunisie - News en Tunisie et \u00e0 l&#039;international sur Webdo.tn","publisher":{"@id":"https:\/\/www.webdo.tn\/fr\/#organization"},"potentialAction":[{"@type":"SearchAction","target":{"@type":"EntryPoint","urlTemplate":"https:\/\/www.webdo.tn\/fr\/?s={search_term_string}"},"query-input":{"@type":"PropertyValueSpecification","valueRequired":true,"valueName":"search_term_string"}}],"inLanguage":"fr-FR"},{"@type":"Organization","@id":"https:\/\/www.webdo.tn\/fr\/#organization","name":"Webdo","alternateName":"Webdo.tn","url":"https:\/\/www.webdo.tn\/fr\/","logo":{"@type":"ImageObject","inLanguage":"fr-FR","@id":"https:\/\/www.webdo.tn\/fr\/#\/schema\/logo\/image\/","url":"https:\/\/www.webdo.tn\/fr\/wp-content\/uploads\/2025\/06\/Webdo-Tunisie_168377.jpg","contentUrl":"https:\/\/www.webdo.tn\/fr\/wp-content\/uploads\/2025\/06\/Webdo-Tunisie_168377.jpg","width":301,"height":301,"caption":"Webdo"},"image":{"@id":"https:\/\/www.webdo.tn\/fr\/#\/schema\/logo\/image\/"},"sameAs":["https:\/\/www.facebook.com\/webdotn","https:\/\/x.com\/webdo_tn"],"description":"Webdo est un m\u00e9dia num\u00e9rique tunisien fond\u00e9 en 2010, sp\u00e9cialis\u00e9 dans l\u2019actualit\u00e9 nationale et internationale, l\u2019\u00e9conomie, la soci\u00e9t\u00e9 et les analyses politiques. Le site s\u2019adresse \u00e0 un large public francophone et couvre l\u2019information tunisienne en temps r\u00e9el.","email":"redac@webdo.tn","legalName":"YNJ SARL","foundingDate":"2010-09-06","numberOfEmployees":{"@type":"QuantitativeValue","minValue":"11","maxValue":"50"}},{"@type":"Person","@id":"https:\/\/www.webdo.tn\/fr\/#\/schema\/person\/2c4929cbf5a809e3bd38617c6ce150f6","name":"MC","image":{"@type":"ImageObject","inLanguage":"fr-FR","@id":"https:\/\/secure.gravatar.com\/avatar\/a545bbb6f84efdd5553dbbc2895e3ca8f1d12c5215e00a041c9670b54aa9b18a?s=96&d=mm&r=g","url":"https:\/\/secure.gravatar.com\/avatar\/a545bbb6f84efdd5553dbbc2895e3ca8f1d12c5215e00a041c9670b54aa9b18a?s=96&d=mm&r=g","contentUrl":"https:\/\/secure.gravatar.com\/avatar\/a545bbb6f84efdd5553dbbc2895e3ca8f1d12c5215e00a041c9670b54aa9b18a?s=96&d=mm&r=g","caption":"MC"},"url":"https:\/\/www.webdo.tn\/fr\/actualite\/author\/mc\/"}]}},"_links":{"self":[{"href":"https:\/\/www.webdo.tn\/fr\/wp-json\/wp\/v2\/posts\/222044","targetHints":{"allow":["GET"]}}],"collection":[{"href":"https:\/\/www.webdo.tn\/fr\/wp-json\/wp\/v2\/posts"}],"about":[{"href":"https:\/\/www.webdo.tn\/fr\/wp-json\/wp\/v2\/types\/post"}],"author":[{"embeddable":true,"href":"https:\/\/www.webdo.tn\/fr\/wp-json\/wp\/v2\/users\/3162"}],"replies":[{"embeddable":true,"href":"https:\/\/www.webdo.tn\/fr\/wp-json\/wp\/v2\/comments?post=222044"}],"version-history":[{"count":0,"href":"https:\/\/www.webdo.tn\/fr\/wp-json\/wp\/v2\/posts\/222044\/revisions"}],"wp:featuredmedia":[{"embeddable":true,"href":"https:\/\/www.webdo.tn\/fr\/wp-json\/wp\/v2\/media\/366115"}],"wp:attachment":[{"href":"https:\/\/www.webdo.tn\/fr\/wp-json\/wp\/v2\/media?parent=222044"}],"wp:term":[{"taxonomy":"category","embeddable":true,"href":"https:\/\/www.webdo.tn\/fr\/wp-json\/wp\/v2\/categories?post=222044"},{"taxonomy":"post_tag","embeddable":true,"href":"https:\/\/www.webdo.tn\/fr\/wp-json\/wp\/v2\/tags?post=222044"}],"curies":[{"name":"wp","href":"https:\/\/api.w.org\/{rel}","templated":true}]}}