{"id":222042,"date":"2025-05-18T16:43:00","date_gmt":"2025-05-18T16:43:00","guid":{"rendered":"https:\/\/www.webdo.tn\/fr\/actualite\/blog\/la-tunisie-propose-un-plan-concret-pour-moderniser-la-sante-en-afrique\/222042\/"},"modified":"2025-05-18T16:43:00","modified_gmt":"2025-05-18T16:43:00","slug":"la-tunisie-propose-un-plan-concret-pour-moderniser-la-sante-en-afrique","status":"publish","type":"post","link":"https:\/\/www.webdo.tn\/fr\/actualite\/national\/la-tunisie-propose-un-plan-concret-pour-moderniser-la-sante-en-afrique\/222042\/","title":{"rendered":"La Tunisie propose un plan concret pour moderniser la sant\u00e9 en Afrique"},"content":{"rendered":"<p>Le 17 mai 2025, \u00e0 l\u2019occasion de la 78\u1d49 Assembl\u00e9e mondiale de la sant\u00e9 \u00e0 Gen\u00e8ve, le ministre de la Sant\u00e9, Mustapha Ferjani, a pris part \u00e0 une r\u00e9union de haut niveau organis\u00e9e par le Centre africain de contr\u00f4le et de pr\u00e9vention des maladies (CDC Africa).<\/p>\n<p> Ce rendez-vous, consacr\u00e9 au financement de la sant\u00e9 en Afrique, a r\u00e9uni plusieurs ministres africains et des partenaires internationaux comme Gavi et le Fonds mondial.<\/p>\n<p>Dans son intervention, Mustapha Ferjani a appel\u00e9 \u00e0 une vision commune et pragmatique pour renforcer l\u2019autonomie sanitaire du continent. Il a soulign\u00e9 l\u2019importance de revoir les priorit\u00e9s en fonction des r\u00e9alit\u00e9s locales et de b\u00e2tir un syst\u00e8me de sant\u00e9 reposant sur les capacit\u00e9s africaines, en accord avec l\u2019orientation du pr\u00e9sident Ka\u00efs Sa\u00efed en faveur de la souverainet\u00e9 sanitaire et pharmaceutique.<\/p>\n<p>Le ministre a pr\u00e9sent\u00e9 une approche tunisienne centr\u00e9e sur trois axes : adapter les priorit\u00e9s sanitaires aux d\u00e9fis \u00e9pid\u00e9miologiques r\u00e9els, orienter les achats publics vers les m\u00e9dicaments essentiels, et soutenir l\u2019investissement solidaire, public comme priv\u00e9.<\/p>\n<p>Il a \u00e9galement propos\u00e9 trois mesures concr\u00e8tes pour moderniser les syst\u00e8mes de sant\u00e9 africains : cr\u00e9er un fonds africain de solidarit\u00e9 sanitaire, mettre en place des p\u00f4les r\u00e9gionaux d\u2019innovation, et int\u00e9grer la t\u00e9l\u00e9m\u00e9decine gr\u00e2ce au num\u00e9rique et \u00e0 l\u2019intelligence artificielle, en particulier dans les zones isol\u00e9es.<\/p>\n","protected":false},"excerpt":{"rendered":"<p>La Tunisie propose une strat\u00e9gie innovante pour renforcer la souverainet\u00e9 sanitaire en Afrique, en misant sur la solidarit\u00e9, l\u2019innovation et la t\u00e9l\u00e9m\u00e9decine.<\/p>\n","protected":false},"author":3162,"featured_media":366112,"comment_status":"open","ping_status":"closed","sticky":false,"template":"","format":"standard","meta":{"footnotes":""},"categories":[44],"tags":[3046,2731,11721,2608],"class_list":["post-222042","post","type-post","status-publish","format-standard","has-post-thumbnail","hentry","category-national","tag-afrique","tag-sante","tag-souverainete-sanitaire","tag-tunisie"],"yoast_head":"<!-- This site is optimized with the Yoast SEO Premium plugin v27.5 (Yoast SEO v27.5) - https:\/\/yoast.com\/product\/yoast-seo-premium-wordpress\/ -->\n<title>La Tunisie propose un plan concret pour moderniser la sant\u00e9 en Afrique<\/title>\n<meta name=\"description\" content=\"La Tunisie propose une strat\u00e9gie innovante pour renforcer la souverainet\u00e9 sanitaire en Afrique, en misant sur la solidarit\u00e9, l\u2019innovation et la t\u00e9l\u00e9m\u00e9decine.\" \/>\n<link rel=\"canonical\" href=\"https:\/\/www.webdo.tn\/fr\/actualite\/national\/la-tunisie-propose-un-plan-concret-pour-moderniser-la-sante-en-afrique\/222042\/\" \/>\n<meta property=\"og:locale\" content=\"fr_FR\" \/>\n<meta property=\"og:type\" content=\"article\" \/>\n<meta property=\"og:title\" content=\"La Tunisie propose un plan concret pour moderniser la sant\u00e9 en Afrique\" \/>\n<meta property=\"og:description\" content=\"La Tunisie propose une strat\u00e9gie innovante pour renforcer la souverainet\u00e9 sanitaire en Afrique, en misant sur la solidarit\u00e9, l\u2019innovation et la t\u00e9l\u00e9m\u00e9decine.\" \/>\n<meta property=\"og:url\" content=\"https:\/\/www.webdo.tn\/fr\/actualite\/national\/la-tunisie-propose-un-plan-concret-pour-moderniser-la-sante-en-afrique\/222042\/\" \/>\n<meta property=\"og:site_name\" content=\"webdo\" \/>\n<meta property=\"article:publisher\" content=\"https:\/\/www.facebook.com\/webdotn\" \/>\n<meta property=\"article:published_time\" content=\"2025-05-18T16:43:00+00:00\" \/>\n<meta property=\"og:image\" content=\"https:\/\/www.webdo.tn\/fr\/wp-content\/uploads\/2025\/05\/dd8f0283fcfa9b6a236e0f5e7b000c52.webp\" \/>\n\t<meta property=\"og:image:width\" content=\"750\" \/>\n\t<meta property=\"og:image:height\" content=\"400\" \/>\n\t<meta property=\"og:image:type\" content=\"image\/webp\" \/>\n<meta name=\"author\" content=\"MC\" \/>\n<meta name=\"twitter:card\" content=\"summary_large_image\" \/>\n<meta name=\"twitter:creator\" content=\"@webdo_tn\" \/>\n<meta name=\"twitter:site\" content=\"@webdo_tn\" \/>\n<meta name=\"twitter:label1\" content=\"\u00c9crit par\" \/>\n\t<meta name=\"twitter:data1\" content=\"MC\" \/>\n\t<meta name=\"twitter:label2\" content=\"Dur\u00e9e de lecture estim\u00e9e\" \/>\n\t<meta name=\"twitter:data2\" content=\"1 minute\" \/>\n<script type=\"application\/ld+json\" class=\"yoast-schema-graph\">{\"@context\":\"https:\\\/\\\/schema.org\",\"@graph\":[{\"@type\":\"NewsArticle\",\"@id\":\"https:\\\/\\\/www.webdo.tn\\\/fr\\\/actualite\\\/national\\\/la-tunisie-propose-un-plan-concret-pour-moderniser-la-sante-en-afrique\\\/222042\\\/#article\",\"isPartOf\":{\"@id\":\"https:\\\/\\\/www.webdo.tn\\\/fr\\\/actualite\\\/national\\\/la-tunisie-propose-un-plan-concret-pour-moderniser-la-sante-en-afrique\\\/222042\\\/\"},\"author\":{\"name\":\"MC\",\"@id\":\"https:\\\/\\\/www.webdo.tn\\\/fr\\\/#\\\/schema\\\/person\\\/2c4929cbf5a809e3bd38617c6ce150f6\"},\"headline\":\"La Tunisie propose un plan concret pour moderniser la sant\u00e9 en Afrique\",\"datePublished\":\"2025-05-18T16:43:00+00:00\",\"mainEntityOfPage\":{\"@id\":\"https:\\\/\\\/www.webdo.tn\\\/fr\\\/actualite\\\/national\\\/la-tunisie-propose-un-plan-concret-pour-moderniser-la-sante-en-afrique\\\/222042\\\/\"},\"wordCount\":256,\"commentCount\":0,\"publisher\":{\"@id\":\"https:\\\/\\\/www.webdo.tn\\\/fr\\\/#organization\"},\"image\":{\"@id\":\"https:\\\/\\\/www.webdo.tn\\\/fr\\\/actualite\\\/national\\\/la-tunisie-propose-un-plan-concret-pour-moderniser-la-sante-en-afrique\\\/222042\\\/#primaryimage\"},\"thumbnailUrl\":\"https:\\\/\\\/www.webdo.tn\\\/fr\\\/wp-content\\\/uploads\\\/2025\\\/05\\\/dd8f0283fcfa9b6a236e0f5e7b000c52.webp\",\"keywords\":[\"Afrique\",\"Sant\u00e9\",\"souverainet\u00e9 sanitaire\",\"Tunisie\"],\"articleSection\":[\"National\"],\"inLanguage\":\"fr-FR\"},{\"@type\":\"WebPage\",\"@id\":\"https:\\\/\\\/www.webdo.tn\\\/fr\\\/actualite\\\/national\\\/la-tunisie-propose-un-plan-concret-pour-moderniser-la-sante-en-afrique\\\/222042\\\/\",\"url\":\"https:\\\/\\\/www.webdo.tn\\\/fr\\\/actualite\\\/national\\\/la-tunisie-propose-un-plan-concret-pour-moderniser-la-sante-en-afrique\\\/222042\\\/\",\"name\":\"La Tunisie propose un plan concret pour moderniser la sant\u00e9 en Afrique\",\"isPartOf\":{\"@id\":\"https:\\\/\\\/www.webdo.tn\\\/fr\\\/#website\"},\"primaryImageOfPage\":{\"@id\":\"https:\\\/\\\/www.webdo.tn\\\/fr\\\/actualite\\\/national\\\/la-tunisie-propose-un-plan-concret-pour-moderniser-la-sante-en-afrique\\\/222042\\\/#primaryimage\"},\"image\":{\"@id\":\"https:\\\/\\\/www.webdo.tn\\\/fr\\\/actualite\\\/national\\\/la-tunisie-propose-un-plan-concret-pour-moderniser-la-sante-en-afrique\\\/222042\\\/#primaryimage\"},\"thumbnailUrl\":\"https:\\\/\\\/www.webdo.tn\\\/fr\\\/wp-content\\\/uploads\\\/2025\\\/05\\\/dd8f0283fcfa9b6a236e0f5e7b000c52.webp\",\"datePublished\":\"2025-05-18T16:43:00+00:00\",\"description\":\"La Tunisie propose une strat\u00e9gie innovante pour renforcer la souverainet\u00e9 sanitaire en Afrique, en misant sur la solidarit\u00e9, l\u2019innovation et la t\u00e9l\u00e9m\u00e9decine.\",\"breadcrumb\":{\"@id\":\"https:\\\/\\\/www.webdo.tn\\\/fr\\\/actualite\\\/national\\\/la-tunisie-propose-un-plan-concret-pour-moderniser-la-sante-en-afrique\\\/222042\\\/#breadcrumb\"},\"inLanguage\":\"fr-FR\",\"potentialAction\":[{\"@type\":\"ReadAction\",\"target\":[\"https:\\\/\\\/www.webdo.tn\\\/fr\\\/actualite\\\/national\\\/la-tunisie-propose-un-plan-concret-pour-moderniser-la-sante-en-afrique\\\/222042\\\/\"]}]},{\"@type\":\"ImageObject\",\"inLanguage\":\"fr-FR\",\"@id\":\"https:\\\/\\\/www.webdo.tn\\\/fr\\\/actualite\\\/national\\\/la-tunisie-propose-un-plan-concret-pour-moderniser-la-sante-en-afrique\\\/222042\\\/#primaryimage\",\"url\":\"https:\\\/\\\/www.webdo.tn\\\/fr\\\/wp-content\\\/uploads\\\/2025\\\/05\\\/dd8f0283fcfa9b6a236e0f5e7b000c52.webp\",\"contentUrl\":\"https:\\\/\\\/www.webdo.tn\\\/fr\\\/wp-content\\\/uploads\\\/2025\\\/05\\\/dd8f0283fcfa9b6a236e0f5e7b000c52.webp\",\"width\":750,\"height\":400,\"caption\":\"La Tunisie propose un plan concret pour moderniser la sant\u00e9 en Afrique\"},{\"@type\":\"BreadcrumbList\",\"@id\":\"https:\\\/\\\/www.webdo.tn\\\/fr\\\/actualite\\\/national\\\/la-tunisie-propose-un-plan-concret-pour-moderniser-la-sante-en-afrique\\\/222042\\\/#breadcrumb\",\"itemListElement\":[{\"@type\":\"ListItem\",\"position\":1,\"name\":\"Accueil\",\"item\":\"https:\\\/\\\/www.webdo.tn\\\/fr\\\/\"},{\"@type\":\"ListItem\",\"position\":2,\"name\":\"La Tunisie propose un plan concret pour moderniser la sant\u00e9 en Afrique\"}]},{\"@type\":\"WebSite\",\"@id\":\"https:\\\/\\\/www.webdo.tn\\\/fr\\\/#website\",\"url\":\"https:\\\/\\\/www.webdo.tn\\\/fr\\\/\",\"name\":\"webdo\",\"description\":\"Tunisie - News en Tunisie et \u00e0 l&#039;international sur Webdo.tn\",\"publisher\":{\"@id\":\"https:\\\/\\\/www.webdo.tn\\\/fr\\\/#organization\"},\"potentialAction\":[{\"@type\":\"SearchAction\",\"target\":{\"@type\":\"EntryPoint\",\"urlTemplate\":\"https:\\\/\\\/www.webdo.tn\\\/fr\\\/?s={search_term_string}\"},\"query-input\":{\"@type\":\"PropertyValueSpecification\",\"valueRequired\":true,\"valueName\":\"search_term_string\"}}],\"inLanguage\":\"fr-FR\"},{\"@type\":\"Organization\",\"@id\":\"https:\\\/\\\/www.webdo.tn\\\/fr\\\/#organization\",\"name\":\"Webdo\",\"alternateName\":\"Webdo.tn\",\"url\":\"https:\\\/\\\/www.webdo.tn\\\/fr\\\/\",\"logo\":{\"@type\":\"ImageObject\",\"inLanguage\":\"fr-FR\",\"@id\":\"https:\\\/\\\/www.webdo.tn\\\/fr\\\/#\\\/schema\\\/logo\\\/image\\\/\",\"url\":\"https:\\\/\\\/www.webdo.tn\\\/fr\\\/wp-content\\\/uploads\\\/2025\\\/06\\\/Webdo-Tunisie_168377.jpg\",\"contentUrl\":\"https:\\\/\\\/www.webdo.tn\\\/fr\\\/wp-content\\\/uploads\\\/2025\\\/06\\\/Webdo-Tunisie_168377.jpg\",\"width\":301,\"height\":301,\"caption\":\"Webdo\"},\"image\":{\"@id\":\"https:\\\/\\\/www.webdo.tn\\\/fr\\\/#\\\/schema\\\/logo\\\/image\\\/\"},\"sameAs\":[\"https:\\\/\\\/www.facebook.com\\\/webdotn\",\"https:\\\/\\\/x.com\\\/webdo_tn\"],\"description\":\"Webdo est un m\u00e9dia num\u00e9rique tunisien fond\u00e9 en 2010, sp\u00e9cialis\u00e9 dans l\u2019actualit\u00e9 nationale et internationale, l\u2019\u00e9conomie, la soci\u00e9t\u00e9 et les analyses politiques. Le site s\u2019adresse \u00e0 un large public francophone et couvre l\u2019information tunisienne en temps r\u00e9el.\",\"email\":\"redac@webdo.tn\",\"legalName\":\"YNJ SARL\",\"foundingDate\":\"2010-09-06\",\"numberOfEmployees\":{\"@type\":\"QuantitativeValue\",\"minValue\":\"11\",\"maxValue\":\"50\"}},{\"@type\":\"Person\",\"@id\":\"https:\\\/\\\/www.webdo.tn\\\/fr\\\/#\\\/schema\\\/person\\\/2c4929cbf5a809e3bd38617c6ce150f6\",\"name\":\"MC\",\"image\":{\"@type\":\"ImageObject\",\"inLanguage\":\"fr-FR\",\"@id\":\"https:\\\/\\\/secure.gravatar.com\\\/avatar\\\/a545bbb6f84efdd5553dbbc2895e3ca8f1d12c5215e00a041c9670b54aa9b18a?s=96&d=mm&r=g\",\"url\":\"https:\\\/\\\/secure.gravatar.com\\\/avatar\\\/a545bbb6f84efdd5553dbbc2895e3ca8f1d12c5215e00a041c9670b54aa9b18a?s=96&d=mm&r=g\",\"contentUrl\":\"https:\\\/\\\/secure.gravatar.com\\\/avatar\\\/a545bbb6f84efdd5553dbbc2895e3ca8f1d12c5215e00a041c9670b54aa9b18a?s=96&d=mm&r=g\",\"caption\":\"MC\"},\"url\":\"https:\\\/\\\/www.webdo.tn\\\/fr\\\/actualite\\\/author\\\/mc\\\/\"}]}<\/script>\n<!-- \/ Yoast SEO Premium plugin. -->","yoast_head_json":{"title":"La Tunisie propose un plan concret pour moderniser la sant\u00e9 en Afrique","description":"La Tunisie propose une strat\u00e9gie innovante pour renforcer la souverainet\u00e9 sanitaire en Afrique, en misant sur la solidarit\u00e9, l\u2019innovation et la t\u00e9l\u00e9m\u00e9decine.","canonical":"https:\/\/www.webdo.tn\/fr\/actualite\/national\/la-tunisie-propose-un-plan-concret-pour-moderniser-la-sante-en-afrique\/222042\/","og_locale":"fr_FR","og_type":"article","og_title":"La Tunisie propose un plan concret pour moderniser la sant\u00e9 en Afrique","og_description":"La Tunisie propose une strat\u00e9gie innovante pour renforcer la souverainet\u00e9 sanitaire en Afrique, en misant sur la solidarit\u00e9, l\u2019innovation et la t\u00e9l\u00e9m\u00e9decine.","og_url":"https:\/\/www.webdo.tn\/fr\/actualite\/national\/la-tunisie-propose-un-plan-concret-pour-moderniser-la-sante-en-afrique\/222042\/","og_site_name":"webdo","article_publisher":"https:\/\/www.facebook.com\/webdotn","article_published_time":"2025-05-18T16:43:00+00:00","og_image":[{"width":750,"height":400,"url":"https:\/\/www.webdo.tn\/fr\/wp-content\/uploads\/2025\/05\/dd8f0283fcfa9b6a236e0f5e7b000c52.webp","type":"image\/webp"}],"author":"MC","twitter_card":"summary_large_image","twitter_creator":"@webdo_tn","twitter_site":"@webdo_tn","twitter_misc":{"\u00c9crit par":"MC","Dur\u00e9e de lecture estim\u00e9e":"1 minute"},"schema":{"@context":"https:\/\/schema.org","@graph":[{"@type":"NewsArticle","@id":"https:\/\/www.webdo.tn\/fr\/actualite\/national\/la-tunisie-propose-un-plan-concret-pour-moderniser-la-sante-en-afrique\/222042\/#article","isPartOf":{"@id":"https:\/\/www.webdo.tn\/fr\/actualite\/national\/la-tunisie-propose-un-plan-concret-pour-moderniser-la-sante-en-afrique\/222042\/"},"author":{"name":"MC","@id":"https:\/\/www.webdo.tn\/fr\/#\/schema\/person\/2c4929cbf5a809e3bd38617c6ce150f6"},"headline":"La Tunisie propose un plan concret pour moderniser la sant\u00e9 en Afrique","datePublished":"2025-05-18T16:43:00+00:00","mainEntityOfPage":{"@id":"https:\/\/www.webdo.tn\/fr\/actualite\/national\/la-tunisie-propose-un-plan-concret-pour-moderniser-la-sante-en-afrique\/222042\/"},"wordCount":256,"commentCount":0,"publisher":{"@id":"https:\/\/www.webdo.tn\/fr\/#organization"},"image":{"@id":"https:\/\/www.webdo.tn\/fr\/actualite\/national\/la-tunisie-propose-un-plan-concret-pour-moderniser-la-sante-en-afrique\/222042\/#primaryimage"},"thumbnailUrl":"https:\/\/www.webdo.tn\/fr\/wp-content\/uploads\/2025\/05\/dd8f0283fcfa9b6a236e0f5e7b000c52.webp","keywords":["Afrique","Sant\u00e9","souverainet\u00e9 sanitaire","Tunisie"],"articleSection":["National"],"inLanguage":"fr-FR"},{"@type":"WebPage","@id":"https:\/\/www.webdo.tn\/fr\/actualite\/national\/la-tunisie-propose-un-plan-concret-pour-moderniser-la-sante-en-afrique\/222042\/","url":"https:\/\/www.webdo.tn\/fr\/actualite\/national\/la-tunisie-propose-un-plan-concret-pour-moderniser-la-sante-en-afrique\/222042\/","name":"La Tunisie propose un plan concret pour moderniser la sant\u00e9 en Afrique","isPartOf":{"@id":"https:\/\/www.webdo.tn\/fr\/#website"},"primaryImageOfPage":{"@id":"https:\/\/www.webdo.tn\/fr\/actualite\/national\/la-tunisie-propose-un-plan-concret-pour-moderniser-la-sante-en-afrique\/222042\/#primaryimage"},"image":{"@id":"https:\/\/www.webdo.tn\/fr\/actualite\/national\/la-tunisie-propose-un-plan-concret-pour-moderniser-la-sante-en-afrique\/222042\/#primaryimage"},"thumbnailUrl":"https:\/\/www.webdo.tn\/fr\/wp-content\/uploads\/2025\/05\/dd8f0283fcfa9b6a236e0f5e7b000c52.webp","datePublished":"2025-05-18T16:43:00+00:00","description":"La Tunisie propose une strat\u00e9gie innovante pour renforcer la souverainet\u00e9 sanitaire en Afrique, en misant sur la solidarit\u00e9, l\u2019innovation et la t\u00e9l\u00e9m\u00e9decine.","breadcrumb":{"@id":"https:\/\/www.webdo.tn\/fr\/actualite\/national\/la-tunisie-propose-un-plan-concret-pour-moderniser-la-sante-en-afrique\/222042\/#breadcrumb"},"inLanguage":"fr-FR","potentialAction":[{"@type":"ReadAction","target":["https:\/\/www.webdo.tn\/fr\/actualite\/national\/la-tunisie-propose-un-plan-concret-pour-moderniser-la-sante-en-afrique\/222042\/"]}]},{"@type":"ImageObject","inLanguage":"fr-FR","@id":"https:\/\/www.webdo.tn\/fr\/actualite\/national\/la-tunisie-propose-un-plan-concret-pour-moderniser-la-sante-en-afrique\/222042\/#primaryimage","url":"https:\/\/www.webdo.tn\/fr\/wp-content\/uploads\/2025\/05\/dd8f0283fcfa9b6a236e0f5e7b000c52.webp","contentUrl":"https:\/\/www.webdo.tn\/fr\/wp-content\/uploads\/2025\/05\/dd8f0283fcfa9b6a236e0f5e7b000c52.webp","width":750,"height":400,"caption":"La Tunisie propose un plan concret pour moderniser la sant\u00e9 en Afrique"},{"@type":"BreadcrumbList","@id":"https:\/\/www.webdo.tn\/fr\/actualite\/national\/la-tunisie-propose-un-plan-concret-pour-moderniser-la-sante-en-afrique\/222042\/#breadcrumb","itemListElement":[{"@type":"ListItem","position":1,"name":"Accueil","item":"https:\/\/www.webdo.tn\/fr\/"},{"@type":"ListItem","position":2,"name":"La Tunisie propose un plan concret pour moderniser la sant\u00e9 en Afrique"}]},{"@type":"WebSite","@id":"https:\/\/www.webdo.tn\/fr\/#website","url":"https:\/\/www.webdo.tn\/fr\/","name":"webdo","description":"Tunisie - News en Tunisie et \u00e0 l&#039;international sur Webdo.tn","publisher":{"@id":"https:\/\/www.webdo.tn\/fr\/#organization"},"potentialAction":[{"@type":"SearchAction","target":{"@type":"EntryPoint","urlTemplate":"https:\/\/www.webdo.tn\/fr\/?s={search_term_string}"},"query-input":{"@type":"PropertyValueSpecification","valueRequired":true,"valueName":"search_term_string"}}],"inLanguage":"fr-FR"},{"@type":"Organization","@id":"https:\/\/www.webdo.tn\/fr\/#organization","name":"Webdo","alternateName":"Webdo.tn","url":"https:\/\/www.webdo.tn\/fr\/","logo":{"@type":"ImageObject","inLanguage":"fr-FR","@id":"https:\/\/www.webdo.tn\/fr\/#\/schema\/logo\/image\/","url":"https:\/\/www.webdo.tn\/fr\/wp-content\/uploads\/2025\/06\/Webdo-Tunisie_168377.jpg","contentUrl":"https:\/\/www.webdo.tn\/fr\/wp-content\/uploads\/2025\/06\/Webdo-Tunisie_168377.jpg","width":301,"height":301,"caption":"Webdo"},"image":{"@id":"https:\/\/www.webdo.tn\/fr\/#\/schema\/logo\/image\/"},"sameAs":["https:\/\/www.facebook.com\/webdotn","https:\/\/x.com\/webdo_tn"],"description":"Webdo est un m\u00e9dia num\u00e9rique tunisien fond\u00e9 en 2010, sp\u00e9cialis\u00e9 dans l\u2019actualit\u00e9 nationale et internationale, l\u2019\u00e9conomie, la soci\u00e9t\u00e9 et les analyses politiques. Le site s\u2019adresse \u00e0 un large public francophone et couvre l\u2019information tunisienne en temps r\u00e9el.","email":"redac@webdo.tn","legalName":"YNJ SARL","foundingDate":"2010-09-06","numberOfEmployees":{"@type":"QuantitativeValue","minValue":"11","maxValue":"50"}},{"@type":"Person","@id":"https:\/\/www.webdo.tn\/fr\/#\/schema\/person\/2c4929cbf5a809e3bd38617c6ce150f6","name":"MC","image":{"@type":"ImageObject","inLanguage":"fr-FR","@id":"https:\/\/secure.gravatar.com\/avatar\/a545bbb6f84efdd5553dbbc2895e3ca8f1d12c5215e00a041c9670b54aa9b18a?s=96&d=mm&r=g","url":"https:\/\/secure.gravatar.com\/avatar\/a545bbb6f84efdd5553dbbc2895e3ca8f1d12c5215e00a041c9670b54aa9b18a?s=96&d=mm&r=g","contentUrl":"https:\/\/secure.gravatar.com\/avatar\/a545bbb6f84efdd5553dbbc2895e3ca8f1d12c5215e00a041c9670b54aa9b18a?s=96&d=mm&r=g","caption":"MC"},"url":"https:\/\/www.webdo.tn\/fr\/actualite\/author\/mc\/"}]}},"_links":{"self":[{"href":"https:\/\/www.webdo.tn\/fr\/wp-json\/wp\/v2\/posts\/222042","targetHints":{"allow":["GET"]}}],"collection":[{"href":"https:\/\/www.webdo.tn\/fr\/wp-json\/wp\/v2\/posts"}],"about":[{"href":"https:\/\/www.webdo.tn\/fr\/wp-json\/wp\/v2\/types\/post"}],"author":[{"embeddable":true,"href":"https:\/\/www.webdo.tn\/fr\/wp-json\/wp\/v2\/users\/3162"}],"replies":[{"embeddable":true,"href":"https:\/\/www.webdo.tn\/fr\/wp-json\/wp\/v2\/comments?post=222042"}],"version-history":[{"count":0,"href":"https:\/\/www.webdo.tn\/fr\/wp-json\/wp\/v2\/posts\/222042\/revisions"}],"wp:featuredmedia":[{"embeddable":true,"href":"https:\/\/www.webdo.tn\/fr\/wp-json\/wp\/v2\/media\/366112"}],"wp:attachment":[{"href":"https:\/\/www.webdo.tn\/fr\/wp-json\/wp\/v2\/media?parent=222042"}],"wp:term":[{"taxonomy":"category","embeddable":true,"href":"https:\/\/www.webdo.tn\/fr\/wp-json\/wp\/v2\/categories?post=222042"},{"taxonomy":"post_tag","embeddable":true,"href":"https:\/\/www.webdo.tn\/fr\/wp-json\/wp\/v2\/tags?post=222042"}],"curies":[{"name":"wp","href":"https:\/\/api.w.org\/{rel}","templated":true}]}}