{"id":222038,"date":"2025-05-18T11:56:00","date_gmt":"2025-05-18T11:56:00","guid":{"rendered":"https:\/\/www.webdo.tn\/fr\/actualite\/blog\/sommet-de-bagdad-la-tunisie-et-djibouti-s-accordent-sur-une-vision-commune-pour-l-afrique\/222038\/"},"modified":"2025-05-18T11:56:00","modified_gmt":"2025-05-18T11:56:00","slug":"sommet-de-bagdad-la-tunisie-et-djibouti-s-accordent-sur-une-vision-commune-pour-l-afrique","status":"publish","type":"post","link":"https:\/\/www.webdo.tn\/fr\/actualite\/national\/sommet-de-bagdad-la-tunisie-et-djibouti-s-accordent-sur-une-vision-commune-pour-l-afrique\/222038\/","title":{"rendered":"Sommet de Bagdad : la Tunisie et Djibouti s\u2019accordent sur une vision commune pour l\u2019Afrique"},"content":{"rendered":"<p>En marge de la 34\u1d49 session du Sommet arabe, qui se tient actuellement \u00e0 Bagdad, le ministre tunisien des Affaires \u00e9trang\u00e8res, de la Migration et des Tunisiens \u00e0 l\u2019\u00e9tranger, Mohamed Ali Nafti, s\u2019est entretenu, samedi 17 mai 2025 avec son homologue djiboutien, Abdoulkader Houssein Omar.<\/p>\n<p> Cette entrevue, plac\u00e9e sous le signe du dialogue et de la coop\u00e9ration, a permis aux deux responsables diplomatiques de r\u00e9affirmer la profondeur des liens qui unissent la Tunisie et Djibouti. Les discussions ont port\u00e9 sur les perspectives de renforcement des relations bilat\u00e9rales dans des domaines jug\u00e9s strat\u00e9giques : \u00e9conomie, culture, enseignement sup\u00e9rieur, formation professionnelle, ainsi que la gestion des infrastructures portuaires.<\/p>\n<p>Au-del\u00e0 de ces axes de coop\u00e9ration, les deux ministres ont mis en avant la n\u00e9cessit\u00e9 de renforcer la concertation entre leurs deux pays sur les grandes questions africaines d\u2019int\u00e9r\u00eat commun. Une volont\u00e9 partag\u00e9e de faire entendre une voix coordonn\u00e9e sur la sc\u00e8ne r\u00e9gionale et continentale.<\/p>\n","protected":false},"excerpt":{"rendered":"<p>Rencontre \u00e0 Bagdad entre les ministres des Affaires \u00e9trang\u00e8res de Tunisie et de Djibouti pour renforcer la coop\u00e9ration bilat\u00e9rale et coordonner les positions su&#8230;<\/p>\n","protected":false},"author":3162,"featured_media":366107,"comment_status":"open","ping_status":"closed","sticky":false,"template":"","format":"standard","meta":{"footnotes":""},"categories":[44],"tags":[11719,3430,2866,2608],"class_list":["post-222038","post","type-post","status-publish","format-standard","has-post-thumbnail","hentry","category-national","tag-djibouti","tag-mae","tag-sommet-arabe","tag-tunisie"],"yoast_head":"<!-- This site is optimized with the Yoast SEO Premium plugin v27.5 (Yoast SEO v27.5) - https:\/\/yoast.com\/product\/yoast-seo-premium-wordpress\/ -->\n<title>Sommet de Bagdad : la Tunisie et Djibouti s\u2019accordent sur une vision commune pour l\u2019Afrique<\/title>\n<meta name=\"description\" content=\"Rencontre \u00e0 Bagdad entre les ministres des Affaires \u00e9trang\u00e8res de Tunisie et de Djibouti pour renforcer la coop\u00e9ration bilat\u00e9rale et coordonner les positions su...\" \/>\n<link rel=\"canonical\" href=\"https:\/\/www.webdo.tn\/fr\/actualite\/national\/sommet-de-bagdad-la-tunisie-et-djibouti-s-accordent-sur-une-vision-commune-pour-l-afrique\/222038\/\" \/>\n<meta property=\"og:locale\" content=\"fr_FR\" \/>\n<meta property=\"og:type\" content=\"article\" \/>\n<meta property=\"og:title\" content=\"Sommet de Bagdad : la Tunisie et Djibouti s\u2019accordent sur une vision commune pour l\u2019Afrique\" \/>\n<meta property=\"og:description\" content=\"Rencontre \u00e0 Bagdad entre les ministres des Affaires \u00e9trang\u00e8res de Tunisie et de Djibouti pour renforcer la coop\u00e9ration bilat\u00e9rale et coordonner les positions su...\" \/>\n<meta property=\"og:url\" content=\"https:\/\/www.webdo.tn\/fr\/actualite\/national\/sommet-de-bagdad-la-tunisie-et-djibouti-s-accordent-sur-une-vision-commune-pour-l-afrique\/222038\/\" \/>\n<meta property=\"og:site_name\" content=\"webdo\" \/>\n<meta property=\"article:publisher\" content=\"https:\/\/www.facebook.com\/webdotn\" \/>\n<meta property=\"article:published_time\" content=\"2025-05-18T11:56:00+00:00\" \/>\n<meta property=\"og:image\" content=\"https:\/\/www.webdo.tn\/fr\/wp-content\/uploads\/2025\/05\/53d6cb39cf84aa721fda27bea4d7c321.webp\" \/>\n\t<meta property=\"og:image:width\" content=\"750\" \/>\n\t<meta property=\"og:image:height\" content=\"400\" \/>\n\t<meta property=\"og:image:type\" content=\"image\/webp\" \/>\n<meta name=\"author\" content=\"MC\" \/>\n<meta name=\"twitter:card\" content=\"summary_large_image\" \/>\n<meta name=\"twitter:creator\" content=\"@webdo_tn\" \/>\n<meta name=\"twitter:site\" content=\"@webdo_tn\" \/>\n<meta name=\"twitter:label1\" content=\"\u00c9crit par\" \/>\n\t<meta name=\"twitter:data1\" content=\"MC\" \/>\n\t<meta name=\"twitter:label2\" content=\"Dur\u00e9e de lecture estim\u00e9e\" \/>\n\t<meta name=\"twitter:data2\" content=\"1 minute\" \/>\n<script type=\"application\/ld+json\" class=\"yoast-schema-graph\">{\"@context\":\"https:\\\/\\\/schema.org\",\"@graph\":[{\"@type\":\"NewsArticle\",\"@id\":\"https:\\\/\\\/www.webdo.tn\\\/fr\\\/actualite\\\/national\\\/sommet-de-bagdad-la-tunisie-et-djibouti-s-accordent-sur-une-vision-commune-pour-l-afrique\\\/222038\\\/#article\",\"isPartOf\":{\"@id\":\"https:\\\/\\\/www.webdo.tn\\\/fr\\\/actualite\\\/national\\\/sommet-de-bagdad-la-tunisie-et-djibouti-s-accordent-sur-une-vision-commune-pour-l-afrique\\\/222038\\\/\"},\"author\":{\"name\":\"MC\",\"@id\":\"https:\\\/\\\/www.webdo.tn\\\/fr\\\/#\\\/schema\\\/person\\\/2c4929cbf5a809e3bd38617c6ce150f6\"},\"headline\":\"Sommet de Bagdad : la Tunisie et Djibouti s\u2019accordent sur une vision commune pour l\u2019Afrique\",\"datePublished\":\"2025-05-18T11:56:00+00:00\",\"mainEntityOfPage\":{\"@id\":\"https:\\\/\\\/www.webdo.tn\\\/fr\\\/actualite\\\/national\\\/sommet-de-bagdad-la-tunisie-et-djibouti-s-accordent-sur-une-vision-commune-pour-l-afrique\\\/222038\\\/\"},\"wordCount\":180,\"commentCount\":0,\"publisher\":{\"@id\":\"https:\\\/\\\/www.webdo.tn\\\/fr\\\/#organization\"},\"image\":{\"@id\":\"https:\\\/\\\/www.webdo.tn\\\/fr\\\/actualite\\\/national\\\/sommet-de-bagdad-la-tunisie-et-djibouti-s-accordent-sur-une-vision-commune-pour-l-afrique\\\/222038\\\/#primaryimage\"},\"thumbnailUrl\":\"https:\\\/\\\/www.webdo.tn\\\/fr\\\/wp-content\\\/uploads\\\/2025\\\/05\\\/53d6cb39cf84aa721fda27bea4d7c321.webp\",\"keywords\":[\"Djibouti\",\"MAE\",\"sommet arabe\",\"Tunisie\"],\"articleSection\":[\"National\"],\"inLanguage\":\"fr-FR\"},{\"@type\":\"WebPage\",\"@id\":\"https:\\\/\\\/www.webdo.tn\\\/fr\\\/actualite\\\/national\\\/sommet-de-bagdad-la-tunisie-et-djibouti-s-accordent-sur-une-vision-commune-pour-l-afrique\\\/222038\\\/\",\"url\":\"https:\\\/\\\/www.webdo.tn\\\/fr\\\/actualite\\\/national\\\/sommet-de-bagdad-la-tunisie-et-djibouti-s-accordent-sur-une-vision-commune-pour-l-afrique\\\/222038\\\/\",\"name\":\"Sommet de Bagdad : la Tunisie et Djibouti s\u2019accordent sur une vision commune pour l\u2019Afrique\",\"isPartOf\":{\"@id\":\"https:\\\/\\\/www.webdo.tn\\\/fr\\\/#website\"},\"primaryImageOfPage\":{\"@id\":\"https:\\\/\\\/www.webdo.tn\\\/fr\\\/actualite\\\/national\\\/sommet-de-bagdad-la-tunisie-et-djibouti-s-accordent-sur-une-vision-commune-pour-l-afrique\\\/222038\\\/#primaryimage\"},\"image\":{\"@id\":\"https:\\\/\\\/www.webdo.tn\\\/fr\\\/actualite\\\/national\\\/sommet-de-bagdad-la-tunisie-et-djibouti-s-accordent-sur-une-vision-commune-pour-l-afrique\\\/222038\\\/#primaryimage\"},\"thumbnailUrl\":\"https:\\\/\\\/www.webdo.tn\\\/fr\\\/wp-content\\\/uploads\\\/2025\\\/05\\\/53d6cb39cf84aa721fda27bea4d7c321.webp\",\"datePublished\":\"2025-05-18T11:56:00+00:00\",\"description\":\"Rencontre \u00e0 Bagdad entre les ministres des Affaires \u00e9trang\u00e8res de Tunisie et de Djibouti pour renforcer la coop\u00e9ration bilat\u00e9rale et coordonner les positions su...\",\"breadcrumb\":{\"@id\":\"https:\\\/\\\/www.webdo.tn\\\/fr\\\/actualite\\\/national\\\/sommet-de-bagdad-la-tunisie-et-djibouti-s-accordent-sur-une-vision-commune-pour-l-afrique\\\/222038\\\/#breadcrumb\"},\"inLanguage\":\"fr-FR\",\"potentialAction\":[{\"@type\":\"ReadAction\",\"target\":[\"https:\\\/\\\/www.webdo.tn\\\/fr\\\/actualite\\\/national\\\/sommet-de-bagdad-la-tunisie-et-djibouti-s-accordent-sur-une-vision-commune-pour-l-afrique\\\/222038\\\/\"]}]},{\"@type\":\"ImageObject\",\"inLanguage\":\"fr-FR\",\"@id\":\"https:\\\/\\\/www.webdo.tn\\\/fr\\\/actualite\\\/national\\\/sommet-de-bagdad-la-tunisie-et-djibouti-s-accordent-sur-une-vision-commune-pour-l-afrique\\\/222038\\\/#primaryimage\",\"url\":\"https:\\\/\\\/www.webdo.tn\\\/fr\\\/wp-content\\\/uploads\\\/2025\\\/05\\\/53d6cb39cf84aa721fda27bea4d7c321.webp\",\"contentUrl\":\"https:\\\/\\\/www.webdo.tn\\\/fr\\\/wp-content\\\/uploads\\\/2025\\\/05\\\/53d6cb39cf84aa721fda27bea4d7c321.webp\",\"width\":750,\"height\":400,\"caption\":\"Sommet de Bagdad : la Tunisie et Djibouti s\u2019accordent sur une vision commune pour l\u2019Afrique\"},{\"@type\":\"BreadcrumbList\",\"@id\":\"https:\\\/\\\/www.webdo.tn\\\/fr\\\/actualite\\\/national\\\/sommet-de-bagdad-la-tunisie-et-djibouti-s-accordent-sur-une-vision-commune-pour-l-afrique\\\/222038\\\/#breadcrumb\",\"itemListElement\":[{\"@type\":\"ListItem\",\"position\":1,\"name\":\"Accueil\",\"item\":\"https:\\\/\\\/www.webdo.tn\\\/fr\\\/\"},{\"@type\":\"ListItem\",\"position\":2,\"name\":\"Sommet de Bagdad : la Tunisie et Djibouti s\u2019accordent sur une vision commune pour l\u2019Afrique\"}]},{\"@type\":\"WebSite\",\"@id\":\"https:\\\/\\\/www.webdo.tn\\\/fr\\\/#website\",\"url\":\"https:\\\/\\\/www.webdo.tn\\\/fr\\\/\",\"name\":\"webdo\",\"description\":\"Tunisie - News en Tunisie et \u00e0 l&#039;international sur Webdo.tn\",\"publisher\":{\"@id\":\"https:\\\/\\\/www.webdo.tn\\\/fr\\\/#organization\"},\"potentialAction\":[{\"@type\":\"SearchAction\",\"target\":{\"@type\":\"EntryPoint\",\"urlTemplate\":\"https:\\\/\\\/www.webdo.tn\\\/fr\\\/?s={search_term_string}\"},\"query-input\":{\"@type\":\"PropertyValueSpecification\",\"valueRequired\":true,\"valueName\":\"search_term_string\"}}],\"inLanguage\":\"fr-FR\"},{\"@type\":\"Organization\",\"@id\":\"https:\\\/\\\/www.webdo.tn\\\/fr\\\/#organization\",\"name\":\"Webdo\",\"alternateName\":\"Webdo.tn\",\"url\":\"https:\\\/\\\/www.webdo.tn\\\/fr\\\/\",\"logo\":{\"@type\":\"ImageObject\",\"inLanguage\":\"fr-FR\",\"@id\":\"https:\\\/\\\/www.webdo.tn\\\/fr\\\/#\\\/schema\\\/logo\\\/image\\\/\",\"url\":\"https:\\\/\\\/www.webdo.tn\\\/fr\\\/wp-content\\\/uploads\\\/2025\\\/06\\\/Webdo-Tunisie_168377.jpg\",\"contentUrl\":\"https:\\\/\\\/www.webdo.tn\\\/fr\\\/wp-content\\\/uploads\\\/2025\\\/06\\\/Webdo-Tunisie_168377.jpg\",\"width\":301,\"height\":301,\"caption\":\"Webdo\"},\"image\":{\"@id\":\"https:\\\/\\\/www.webdo.tn\\\/fr\\\/#\\\/schema\\\/logo\\\/image\\\/\"},\"sameAs\":[\"https:\\\/\\\/www.facebook.com\\\/webdotn\",\"https:\\\/\\\/x.com\\\/webdo_tn\"],\"description\":\"Webdo est un m\u00e9dia num\u00e9rique tunisien fond\u00e9 en 2010, sp\u00e9cialis\u00e9 dans l\u2019actualit\u00e9 nationale et internationale, l\u2019\u00e9conomie, la soci\u00e9t\u00e9 et les analyses politiques. Le site s\u2019adresse \u00e0 un large public francophone et couvre l\u2019information tunisienne en temps r\u00e9el.\",\"email\":\"redac@webdo.tn\",\"legalName\":\"YNJ SARL\",\"foundingDate\":\"2010-09-06\",\"numberOfEmployees\":{\"@type\":\"QuantitativeValue\",\"minValue\":\"11\",\"maxValue\":\"50\"}},{\"@type\":\"Person\",\"@id\":\"https:\\\/\\\/www.webdo.tn\\\/fr\\\/#\\\/schema\\\/person\\\/2c4929cbf5a809e3bd38617c6ce150f6\",\"name\":\"MC\",\"image\":{\"@type\":\"ImageObject\",\"inLanguage\":\"fr-FR\",\"@id\":\"https:\\\/\\\/secure.gravatar.com\\\/avatar\\\/a545bbb6f84efdd5553dbbc2895e3ca8f1d12c5215e00a041c9670b54aa9b18a?s=96&d=mm&r=g\",\"url\":\"https:\\\/\\\/secure.gravatar.com\\\/avatar\\\/a545bbb6f84efdd5553dbbc2895e3ca8f1d12c5215e00a041c9670b54aa9b18a?s=96&d=mm&r=g\",\"contentUrl\":\"https:\\\/\\\/secure.gravatar.com\\\/avatar\\\/a545bbb6f84efdd5553dbbc2895e3ca8f1d12c5215e00a041c9670b54aa9b18a?s=96&d=mm&r=g\",\"caption\":\"MC\"},\"url\":\"https:\\\/\\\/www.webdo.tn\\\/fr\\\/actualite\\\/author\\\/mc\\\/\"}]}<\/script>\n<!-- \/ Yoast SEO Premium plugin. -->","yoast_head_json":{"title":"Sommet de Bagdad : la Tunisie et Djibouti s\u2019accordent sur une vision commune pour l\u2019Afrique","description":"Rencontre \u00e0 Bagdad entre les ministres des Affaires \u00e9trang\u00e8res de Tunisie et de Djibouti pour renforcer la coop\u00e9ration bilat\u00e9rale et coordonner les positions su...","canonical":"https:\/\/www.webdo.tn\/fr\/actualite\/national\/sommet-de-bagdad-la-tunisie-et-djibouti-s-accordent-sur-une-vision-commune-pour-l-afrique\/222038\/","og_locale":"fr_FR","og_type":"article","og_title":"Sommet de Bagdad : la Tunisie et Djibouti s\u2019accordent sur une vision commune pour l\u2019Afrique","og_description":"Rencontre \u00e0 Bagdad entre les ministres des Affaires \u00e9trang\u00e8res de Tunisie et de Djibouti pour renforcer la coop\u00e9ration bilat\u00e9rale et coordonner les positions su...","og_url":"https:\/\/www.webdo.tn\/fr\/actualite\/national\/sommet-de-bagdad-la-tunisie-et-djibouti-s-accordent-sur-une-vision-commune-pour-l-afrique\/222038\/","og_site_name":"webdo","article_publisher":"https:\/\/www.facebook.com\/webdotn","article_published_time":"2025-05-18T11:56:00+00:00","og_image":[{"width":750,"height":400,"url":"https:\/\/www.webdo.tn\/fr\/wp-content\/uploads\/2025\/05\/53d6cb39cf84aa721fda27bea4d7c321.webp","type":"image\/webp"}],"author":"MC","twitter_card":"summary_large_image","twitter_creator":"@webdo_tn","twitter_site":"@webdo_tn","twitter_misc":{"\u00c9crit par":"MC","Dur\u00e9e de lecture estim\u00e9e":"1 minute"},"schema":{"@context":"https:\/\/schema.org","@graph":[{"@type":"NewsArticle","@id":"https:\/\/www.webdo.tn\/fr\/actualite\/national\/sommet-de-bagdad-la-tunisie-et-djibouti-s-accordent-sur-une-vision-commune-pour-l-afrique\/222038\/#article","isPartOf":{"@id":"https:\/\/www.webdo.tn\/fr\/actualite\/national\/sommet-de-bagdad-la-tunisie-et-djibouti-s-accordent-sur-une-vision-commune-pour-l-afrique\/222038\/"},"author":{"name":"MC","@id":"https:\/\/www.webdo.tn\/fr\/#\/schema\/person\/2c4929cbf5a809e3bd38617c6ce150f6"},"headline":"Sommet de Bagdad : la Tunisie et Djibouti s\u2019accordent sur une vision commune pour l\u2019Afrique","datePublished":"2025-05-18T11:56:00+00:00","mainEntityOfPage":{"@id":"https:\/\/www.webdo.tn\/fr\/actualite\/national\/sommet-de-bagdad-la-tunisie-et-djibouti-s-accordent-sur-une-vision-commune-pour-l-afrique\/222038\/"},"wordCount":180,"commentCount":0,"publisher":{"@id":"https:\/\/www.webdo.tn\/fr\/#organization"},"image":{"@id":"https:\/\/www.webdo.tn\/fr\/actualite\/national\/sommet-de-bagdad-la-tunisie-et-djibouti-s-accordent-sur-une-vision-commune-pour-l-afrique\/222038\/#primaryimage"},"thumbnailUrl":"https:\/\/www.webdo.tn\/fr\/wp-content\/uploads\/2025\/05\/53d6cb39cf84aa721fda27bea4d7c321.webp","keywords":["Djibouti","MAE","sommet arabe","Tunisie"],"articleSection":["National"],"inLanguage":"fr-FR"},{"@type":"WebPage","@id":"https:\/\/www.webdo.tn\/fr\/actualite\/national\/sommet-de-bagdad-la-tunisie-et-djibouti-s-accordent-sur-une-vision-commune-pour-l-afrique\/222038\/","url":"https:\/\/www.webdo.tn\/fr\/actualite\/national\/sommet-de-bagdad-la-tunisie-et-djibouti-s-accordent-sur-une-vision-commune-pour-l-afrique\/222038\/","name":"Sommet de Bagdad : la Tunisie et Djibouti s\u2019accordent sur une vision commune pour l\u2019Afrique","isPartOf":{"@id":"https:\/\/www.webdo.tn\/fr\/#website"},"primaryImageOfPage":{"@id":"https:\/\/www.webdo.tn\/fr\/actualite\/national\/sommet-de-bagdad-la-tunisie-et-djibouti-s-accordent-sur-une-vision-commune-pour-l-afrique\/222038\/#primaryimage"},"image":{"@id":"https:\/\/www.webdo.tn\/fr\/actualite\/national\/sommet-de-bagdad-la-tunisie-et-djibouti-s-accordent-sur-une-vision-commune-pour-l-afrique\/222038\/#primaryimage"},"thumbnailUrl":"https:\/\/www.webdo.tn\/fr\/wp-content\/uploads\/2025\/05\/53d6cb39cf84aa721fda27bea4d7c321.webp","datePublished":"2025-05-18T11:56:00+00:00","description":"Rencontre \u00e0 Bagdad entre les ministres des Affaires \u00e9trang\u00e8res de Tunisie et de Djibouti pour renforcer la coop\u00e9ration bilat\u00e9rale et coordonner les positions su...","breadcrumb":{"@id":"https:\/\/www.webdo.tn\/fr\/actualite\/national\/sommet-de-bagdad-la-tunisie-et-djibouti-s-accordent-sur-une-vision-commune-pour-l-afrique\/222038\/#breadcrumb"},"inLanguage":"fr-FR","potentialAction":[{"@type":"ReadAction","target":["https:\/\/www.webdo.tn\/fr\/actualite\/national\/sommet-de-bagdad-la-tunisie-et-djibouti-s-accordent-sur-une-vision-commune-pour-l-afrique\/222038\/"]}]},{"@type":"ImageObject","inLanguage":"fr-FR","@id":"https:\/\/www.webdo.tn\/fr\/actualite\/national\/sommet-de-bagdad-la-tunisie-et-djibouti-s-accordent-sur-une-vision-commune-pour-l-afrique\/222038\/#primaryimage","url":"https:\/\/www.webdo.tn\/fr\/wp-content\/uploads\/2025\/05\/53d6cb39cf84aa721fda27bea4d7c321.webp","contentUrl":"https:\/\/www.webdo.tn\/fr\/wp-content\/uploads\/2025\/05\/53d6cb39cf84aa721fda27bea4d7c321.webp","width":750,"height":400,"caption":"Sommet de Bagdad : la Tunisie et Djibouti s\u2019accordent sur une vision commune pour l\u2019Afrique"},{"@type":"BreadcrumbList","@id":"https:\/\/www.webdo.tn\/fr\/actualite\/national\/sommet-de-bagdad-la-tunisie-et-djibouti-s-accordent-sur-une-vision-commune-pour-l-afrique\/222038\/#breadcrumb","itemListElement":[{"@type":"ListItem","position":1,"name":"Accueil","item":"https:\/\/www.webdo.tn\/fr\/"},{"@type":"ListItem","position":2,"name":"Sommet de Bagdad : la Tunisie et Djibouti s\u2019accordent sur une vision commune pour l\u2019Afrique"}]},{"@type":"WebSite","@id":"https:\/\/www.webdo.tn\/fr\/#website","url":"https:\/\/www.webdo.tn\/fr\/","name":"webdo","description":"Tunisie - News en Tunisie et \u00e0 l&#039;international sur Webdo.tn","publisher":{"@id":"https:\/\/www.webdo.tn\/fr\/#organization"},"potentialAction":[{"@type":"SearchAction","target":{"@type":"EntryPoint","urlTemplate":"https:\/\/www.webdo.tn\/fr\/?s={search_term_string}"},"query-input":{"@type":"PropertyValueSpecification","valueRequired":true,"valueName":"search_term_string"}}],"inLanguage":"fr-FR"},{"@type":"Organization","@id":"https:\/\/www.webdo.tn\/fr\/#organization","name":"Webdo","alternateName":"Webdo.tn","url":"https:\/\/www.webdo.tn\/fr\/","logo":{"@type":"ImageObject","inLanguage":"fr-FR","@id":"https:\/\/www.webdo.tn\/fr\/#\/schema\/logo\/image\/","url":"https:\/\/www.webdo.tn\/fr\/wp-content\/uploads\/2025\/06\/Webdo-Tunisie_168377.jpg","contentUrl":"https:\/\/www.webdo.tn\/fr\/wp-content\/uploads\/2025\/06\/Webdo-Tunisie_168377.jpg","width":301,"height":301,"caption":"Webdo"},"image":{"@id":"https:\/\/www.webdo.tn\/fr\/#\/schema\/logo\/image\/"},"sameAs":["https:\/\/www.facebook.com\/webdotn","https:\/\/x.com\/webdo_tn"],"description":"Webdo est un m\u00e9dia num\u00e9rique tunisien fond\u00e9 en 2010, sp\u00e9cialis\u00e9 dans l\u2019actualit\u00e9 nationale et internationale, l\u2019\u00e9conomie, la soci\u00e9t\u00e9 et les analyses politiques. Le site s\u2019adresse \u00e0 un large public francophone et couvre l\u2019information tunisienne en temps r\u00e9el.","email":"redac@webdo.tn","legalName":"YNJ SARL","foundingDate":"2010-09-06","numberOfEmployees":{"@type":"QuantitativeValue","minValue":"11","maxValue":"50"}},{"@type":"Person","@id":"https:\/\/www.webdo.tn\/fr\/#\/schema\/person\/2c4929cbf5a809e3bd38617c6ce150f6","name":"MC","image":{"@type":"ImageObject","inLanguage":"fr-FR","@id":"https:\/\/secure.gravatar.com\/avatar\/a545bbb6f84efdd5553dbbc2895e3ca8f1d12c5215e00a041c9670b54aa9b18a?s=96&d=mm&r=g","url":"https:\/\/secure.gravatar.com\/avatar\/a545bbb6f84efdd5553dbbc2895e3ca8f1d12c5215e00a041c9670b54aa9b18a?s=96&d=mm&r=g","contentUrl":"https:\/\/secure.gravatar.com\/avatar\/a545bbb6f84efdd5553dbbc2895e3ca8f1d12c5215e00a041c9670b54aa9b18a?s=96&d=mm&r=g","caption":"MC"},"url":"https:\/\/www.webdo.tn\/fr\/actualite\/author\/mc\/"}]}},"_links":{"self":[{"href":"https:\/\/www.webdo.tn\/fr\/wp-json\/wp\/v2\/posts\/222038","targetHints":{"allow":["GET"]}}],"collection":[{"href":"https:\/\/www.webdo.tn\/fr\/wp-json\/wp\/v2\/posts"}],"about":[{"href":"https:\/\/www.webdo.tn\/fr\/wp-json\/wp\/v2\/types\/post"}],"author":[{"embeddable":true,"href":"https:\/\/www.webdo.tn\/fr\/wp-json\/wp\/v2\/users\/3162"}],"replies":[{"embeddable":true,"href":"https:\/\/www.webdo.tn\/fr\/wp-json\/wp\/v2\/comments?post=222038"}],"version-history":[{"count":0,"href":"https:\/\/www.webdo.tn\/fr\/wp-json\/wp\/v2\/posts\/222038\/revisions"}],"wp:featuredmedia":[{"embeddable":true,"href":"https:\/\/www.webdo.tn\/fr\/wp-json\/wp\/v2\/media\/366107"}],"wp:attachment":[{"href":"https:\/\/www.webdo.tn\/fr\/wp-json\/wp\/v2\/media?parent=222038"}],"wp:term":[{"taxonomy":"category","embeddable":true,"href":"https:\/\/www.webdo.tn\/fr\/wp-json\/wp\/v2\/categories?post=222038"},{"taxonomy":"post_tag","embeddable":true,"href":"https:\/\/www.webdo.tn\/fr\/wp-json\/wp\/v2\/tags?post=222038"}],"curies":[{"name":"wp","href":"https:\/\/api.w.org\/{rel}","templated":true}]}}