{"id":222032,"date":"2025-05-17T11:42:00","date_gmt":"2025-05-17T11:42:00","guid":{"rendered":"https:\/\/www.webdo.tn\/fr\/blog\/tunisiens-residant-a-l-etranger-une-mise-au-point-salutaire\/222032\/"},"modified":"2025-06-04T22:04:26","modified_gmt":"2025-06-04T22:04:26","slug":"tunisiens-residant-a-l-etranger-une-mise-au-point-salutaire","status":"publish","type":"post","link":"https:\/\/www.webdo.tn\/fr\/actualite\/national\/tunisiens-residant-a-l-etranger-une-mise-au-point-salutaire\/222032\/","title":{"rendered":"Tunisiens r\u00e9sidant \u00e0 l\u2019\u00e9tranger : Une mise au point salutaire"},"content":{"rendered":"<p>Alors que des rumeurs faisaient \u00e9tat de nouvelles obligations fiscales visant les Tunisiens de l\u2019\u00e9tranger, le minist\u00e8re des Finances a r\u00e9agi. Dans un communiqu\u00e9 dat\u00e9 du 16 mai, il affirme qu\u2019aucune nouvelle l\u00e9gislation fiscale n\u2019a \u00e9t\u00e9 promulgu\u00e9e \u00e0 leur encontre et que leurs revenus \u00e0 l\u2019\u00e9tranger ne sont pas imposables en Tunisie.<\/p>\n<p>Ce rappel intervient dans un contexte tendu, o\u00f9 les Tunisiens r\u00e9sidant \u00e0 l\u2019\u00e9tranger, pilier \u00e9conomique et affectif du pays, expriment r\u00e9guli\u00e8rement leur malaise face \u00e0 la complexit\u00e9 du syst\u00e8me fiscal tunisien. Certes, cette mise au point vient dissiper les malentendus. Mais elle r\u00e9v\u00e8le aussi un besoin de dialogue plus profond avec une communaut\u00e9 trop souvent laiss\u00e9e en marge des d\u00e9cisions.<\/p>\n<p>Le gouvernement semble vouloir rectifier le tir, comme en t\u00e9moigne un r\u00e9cent conseil minist\u00e9riel promettant davantage de facilit\u00e9s en mati\u00e8re de change, d\u2019investissement et de transfert de revenus.<\/p>\n<p>Ce qu\u2019il faut retenir de ces clarifications c\u2019est que les TRE ne sont pas tenus de d\u00e9clarer leurs revenus \u00e9trangers en Tunisie ; qu\u2019en cas de besoin, une attestation de non-imposition peut \u00eatre obtenue ; et qu\u2019un centre d\u2019information fiscale est \u00e0 disposition (+216 81 100 400).<\/p>\n<p>En outre, les TRE b\u00e9n\u00e9ficieront d\u2019une exemption de d\u00e9claration et de rapatriement des revenus lors de leur retour d\u00e9finitif en Tunisie. Ils pourront \u00e9galement ouvrir des comptes en devises convertibles, avec la garantie de transfert des revenus issus de leurs investissements.<\/p>\n","protected":false},"excerpt":{"rendered":"<p> Le minist\u00e8re des Finances rassure les Tunisiens r\u00e9sidant \u00e0 l\u2019\u00e9tranger : aucune nouvelle loi fiscale ne les concerne. Cet \u00e9ditorial revient sur les clarificatio&#8230;<\/p>\n","protected":false},"author":3162,"featured_media":342902,"comment_status":"open","ping_status":"closed","sticky":false,"template":"","format":"standard","meta":{"footnotes":""},"categories":[44],"tags":[6539,7432,2608,7471],"class_list":["post-222032","post","type-post","status-publish","format-standard","has-post-thumbnail","hentry","category-national","tag-diaspora","tag-fiscalite","tag-tunisie","tag-tunisiens-residant-a-letranger"],"yoast_head":"<!-- This site is optimized with the Yoast SEO Premium plugin v27.5 (Yoast SEO v27.5) - https:\/\/yoast.com\/product\/yoast-seo-premium-wordpress\/ -->\n<title>Tunisiens r\u00e9sidant \u00e0 l\u2019\u00e9tranger : Une mise au point salutaire<\/title>\n<meta name=\"description\" content=\"Le minist\u00e8re des Finances rassure les Tunisiens r\u00e9sidant \u00e0 l\u2019\u00e9tranger : aucune nouvelle loi fiscale ne les concerne. Cet \u00e9ditorial revient sur les clarificatio...\" \/>\n<link rel=\"canonical\" href=\"https:\/\/www.webdo.tn\/fr\/actualite\/national\/tunisiens-residant-a-l-etranger-une-mise-au-point-salutaire\/222032\/\" \/>\n<meta property=\"og:locale\" content=\"fr_FR\" \/>\n<meta property=\"og:type\" content=\"article\" \/>\n<meta property=\"og:title\" content=\"Tunisiens r\u00e9sidant \u00e0 l\u2019\u00e9tranger : Une mise au point salutaire\" \/>\n<meta property=\"og:description\" content=\"Le minist\u00e8re des Finances rassure les Tunisiens r\u00e9sidant \u00e0 l\u2019\u00e9tranger : aucune nouvelle loi fiscale ne les concerne. Cet \u00e9ditorial revient sur les clarificatio...\" \/>\n<meta property=\"og:url\" content=\"https:\/\/www.webdo.tn\/fr\/actualite\/national\/tunisiens-residant-a-l-etranger-une-mise-au-point-salutaire\/222032\/\" \/>\n<meta property=\"og:site_name\" content=\"webdo\" \/>\n<meta property=\"article:publisher\" content=\"https:\/\/www.facebook.com\/webdotn\" \/>\n<meta property=\"article:published_time\" content=\"2025-05-17T11:42:00+00:00\" \/>\n<meta property=\"article:modified_time\" content=\"2025-06-04T22:04:26+00:00\" \/>\n<meta property=\"og:image\" content=\"https:\/\/www.webdo.tn\/fr\/wp-content\/uploads\/2025\/05\/09120328d48427fcec4735622dfa1849.webp\" \/>\n\t<meta property=\"og:image:width\" content=\"750\" \/>\n\t<meta property=\"og:image:height\" content=\"400\" \/>\n\t<meta property=\"og:image:type\" content=\"image\/webp\" \/>\n<meta name=\"author\" content=\"MC\" \/>\n<meta name=\"twitter:card\" content=\"summary_large_image\" \/>\n<meta name=\"twitter:creator\" content=\"@webdo_tn\" \/>\n<meta name=\"twitter:site\" content=\"@webdo_tn\" \/>\n<meta name=\"twitter:label1\" content=\"\u00c9crit par\" \/>\n\t<meta name=\"twitter:data1\" content=\"MC\" \/>\n\t<meta name=\"twitter:label2\" content=\"Dur\u00e9e de lecture estim\u00e9e\" \/>\n\t<meta name=\"twitter:data2\" content=\"1 minute\" \/>\n<script type=\"application\/ld+json\" class=\"yoast-schema-graph\">{\"@context\":\"https:\\\/\\\/schema.org\",\"@graph\":[{\"@type\":\"NewsArticle\",\"@id\":\"https:\\\/\\\/www.webdo.tn\\\/fr\\\/actualite\\\/national\\\/tunisiens-residant-a-l-etranger-une-mise-au-point-salutaire\\\/222032\\\/#article\",\"isPartOf\":{\"@id\":\"https:\\\/\\\/www.webdo.tn\\\/fr\\\/actualite\\\/national\\\/tunisiens-residant-a-l-etranger-une-mise-au-point-salutaire\\\/222032\\\/\"},\"author\":{\"name\":\"MC\",\"@id\":\"https:\\\/\\\/www.webdo.tn\\\/fr\\\/#\\\/schema\\\/person\\\/2c4929cbf5a809e3bd38617c6ce150f6\"},\"headline\":\"Tunisiens r\u00e9sidant \u00e0 l\u2019\u00e9tranger : Une mise au point salutaire\",\"datePublished\":\"2025-05-17T11:42:00+00:00\",\"dateModified\":\"2025-06-04T22:04:26+00:00\",\"mainEntityOfPage\":{\"@id\":\"https:\\\/\\\/www.webdo.tn\\\/fr\\\/actualite\\\/national\\\/tunisiens-residant-a-l-etranger-une-mise-au-point-salutaire\\\/222032\\\/\"},\"wordCount\":260,\"commentCount\":0,\"publisher\":{\"@id\":\"https:\\\/\\\/www.webdo.tn\\\/fr\\\/#organization\"},\"image\":{\"@id\":\"https:\\\/\\\/www.webdo.tn\\\/fr\\\/actualite\\\/national\\\/tunisiens-residant-a-l-etranger-une-mise-au-point-salutaire\\\/222032\\\/#primaryimage\"},\"thumbnailUrl\":\"https:\\\/\\\/www.webdo.tn\\\/fr\\\/wp-content\\\/uploads\\\/2025\\\/05\\\/09120328d48427fcec4735622dfa1849.webp\",\"keywords\":[\"diaspora\",\"fiscalit\u00e9\",\"Tunisie\",\"tunisiens r\u00e9sidant \u00e0 l'\u00e9tranger\"],\"articleSection\":[\"National\"],\"inLanguage\":\"fr-FR\"},{\"@type\":\"WebPage\",\"@id\":\"https:\\\/\\\/www.webdo.tn\\\/fr\\\/actualite\\\/national\\\/tunisiens-residant-a-l-etranger-une-mise-au-point-salutaire\\\/222032\\\/\",\"url\":\"https:\\\/\\\/www.webdo.tn\\\/fr\\\/actualite\\\/national\\\/tunisiens-residant-a-l-etranger-une-mise-au-point-salutaire\\\/222032\\\/\",\"name\":\"Tunisiens r\u00e9sidant \u00e0 l\u2019\u00e9tranger : Une mise au point salutaire\",\"isPartOf\":{\"@id\":\"https:\\\/\\\/www.webdo.tn\\\/fr\\\/#website\"},\"primaryImageOfPage\":{\"@id\":\"https:\\\/\\\/www.webdo.tn\\\/fr\\\/actualite\\\/national\\\/tunisiens-residant-a-l-etranger-une-mise-au-point-salutaire\\\/222032\\\/#primaryimage\"},\"image\":{\"@id\":\"https:\\\/\\\/www.webdo.tn\\\/fr\\\/actualite\\\/national\\\/tunisiens-residant-a-l-etranger-une-mise-au-point-salutaire\\\/222032\\\/#primaryimage\"},\"thumbnailUrl\":\"https:\\\/\\\/www.webdo.tn\\\/fr\\\/wp-content\\\/uploads\\\/2025\\\/05\\\/09120328d48427fcec4735622dfa1849.webp\",\"datePublished\":\"2025-05-17T11:42:00+00:00\",\"dateModified\":\"2025-06-04T22:04:26+00:00\",\"description\":\"Le minist\u00e8re des Finances rassure les Tunisiens r\u00e9sidant \u00e0 l\u2019\u00e9tranger : aucune nouvelle loi fiscale ne les concerne. Cet \u00e9ditorial revient sur les clarificatio...\",\"breadcrumb\":{\"@id\":\"https:\\\/\\\/www.webdo.tn\\\/fr\\\/actualite\\\/national\\\/tunisiens-residant-a-l-etranger-une-mise-au-point-salutaire\\\/222032\\\/#breadcrumb\"},\"inLanguage\":\"fr-FR\",\"potentialAction\":[{\"@type\":\"ReadAction\",\"target\":[\"https:\\\/\\\/www.webdo.tn\\\/fr\\\/actualite\\\/national\\\/tunisiens-residant-a-l-etranger-une-mise-au-point-salutaire\\\/222032\\\/\"]}]},{\"@type\":\"ImageObject\",\"inLanguage\":\"fr-FR\",\"@id\":\"https:\\\/\\\/www.webdo.tn\\\/fr\\\/actualite\\\/national\\\/tunisiens-residant-a-l-etranger-une-mise-au-point-salutaire\\\/222032\\\/#primaryimage\",\"url\":\"https:\\\/\\\/www.webdo.tn\\\/fr\\\/wp-content\\\/uploads\\\/2025\\\/05\\\/09120328d48427fcec4735622dfa1849.webp\",\"contentUrl\":\"https:\\\/\\\/www.webdo.tn\\\/fr\\\/wp-content\\\/uploads\\\/2025\\\/05\\\/09120328d48427fcec4735622dfa1849.webp\",\"width\":750,\"height\":400,\"caption\":\"Tunisiens r\u00e9sidant \u00e0 l\u2019\u00e9tranger : Une mise au point salutaire\"},{\"@type\":\"BreadcrumbList\",\"@id\":\"https:\\\/\\\/www.webdo.tn\\\/fr\\\/actualite\\\/national\\\/tunisiens-residant-a-l-etranger-une-mise-au-point-salutaire\\\/222032\\\/#breadcrumb\",\"itemListElement\":[{\"@type\":\"ListItem\",\"position\":1,\"name\":\"Accueil\",\"item\":\"https:\\\/\\\/www.webdo.tn\\\/fr\\\/\"},{\"@type\":\"ListItem\",\"position\":2,\"name\":\"Tunisiens r\u00e9sidant \u00e0 l\u2019\u00e9tranger : Une mise au point salutaire\"}]},{\"@type\":\"WebSite\",\"@id\":\"https:\\\/\\\/www.webdo.tn\\\/fr\\\/#website\",\"url\":\"https:\\\/\\\/www.webdo.tn\\\/fr\\\/\",\"name\":\"webdo\",\"description\":\"Tunisie - News en Tunisie et \u00e0 l&#039;international sur Webdo.tn\",\"publisher\":{\"@id\":\"https:\\\/\\\/www.webdo.tn\\\/fr\\\/#organization\"},\"potentialAction\":[{\"@type\":\"SearchAction\",\"target\":{\"@type\":\"EntryPoint\",\"urlTemplate\":\"https:\\\/\\\/www.webdo.tn\\\/fr\\\/?s={search_term_string}\"},\"query-input\":{\"@type\":\"PropertyValueSpecification\",\"valueRequired\":true,\"valueName\":\"search_term_string\"}}],\"inLanguage\":\"fr-FR\"},{\"@type\":\"Organization\",\"@id\":\"https:\\\/\\\/www.webdo.tn\\\/fr\\\/#organization\",\"name\":\"Webdo\",\"alternateName\":\"Webdo.tn\",\"url\":\"https:\\\/\\\/www.webdo.tn\\\/fr\\\/\",\"logo\":{\"@type\":\"ImageObject\",\"inLanguage\":\"fr-FR\",\"@id\":\"https:\\\/\\\/www.webdo.tn\\\/fr\\\/#\\\/schema\\\/logo\\\/image\\\/\",\"url\":\"https:\\\/\\\/www.webdo.tn\\\/fr\\\/wp-content\\\/uploads\\\/2025\\\/06\\\/Webdo-Tunisie_168377.jpg\",\"contentUrl\":\"https:\\\/\\\/www.webdo.tn\\\/fr\\\/wp-content\\\/uploads\\\/2025\\\/06\\\/Webdo-Tunisie_168377.jpg\",\"width\":301,\"height\":301,\"caption\":\"Webdo\"},\"image\":{\"@id\":\"https:\\\/\\\/www.webdo.tn\\\/fr\\\/#\\\/schema\\\/logo\\\/image\\\/\"},\"sameAs\":[\"https:\\\/\\\/www.facebook.com\\\/webdotn\",\"https:\\\/\\\/x.com\\\/webdo_tn\"],\"description\":\"Webdo est un m\u00e9dia num\u00e9rique tunisien fond\u00e9 en 2010, sp\u00e9cialis\u00e9 dans l\u2019actualit\u00e9 nationale et internationale, l\u2019\u00e9conomie, la soci\u00e9t\u00e9 et les analyses politiques. Le site s\u2019adresse \u00e0 un large public francophone et couvre l\u2019information tunisienne en temps r\u00e9el.\",\"email\":\"redac@webdo.tn\",\"legalName\":\"YNJ SARL\",\"foundingDate\":\"2010-09-06\",\"numberOfEmployees\":{\"@type\":\"QuantitativeValue\",\"minValue\":\"11\",\"maxValue\":\"50\"}},{\"@type\":\"Person\",\"@id\":\"https:\\\/\\\/www.webdo.tn\\\/fr\\\/#\\\/schema\\\/person\\\/2c4929cbf5a809e3bd38617c6ce150f6\",\"name\":\"MC\",\"image\":{\"@type\":\"ImageObject\",\"inLanguage\":\"fr-FR\",\"@id\":\"https:\\\/\\\/secure.gravatar.com\\\/avatar\\\/a545bbb6f84efdd5553dbbc2895e3ca8f1d12c5215e00a041c9670b54aa9b18a?s=96&d=mm&r=g\",\"url\":\"https:\\\/\\\/secure.gravatar.com\\\/avatar\\\/a545bbb6f84efdd5553dbbc2895e3ca8f1d12c5215e00a041c9670b54aa9b18a?s=96&d=mm&r=g\",\"contentUrl\":\"https:\\\/\\\/secure.gravatar.com\\\/avatar\\\/a545bbb6f84efdd5553dbbc2895e3ca8f1d12c5215e00a041c9670b54aa9b18a?s=96&d=mm&r=g\",\"caption\":\"MC\"},\"url\":\"https:\\\/\\\/www.webdo.tn\\\/fr\\\/actualite\\\/author\\\/mc\\\/\"}]}<\/script>\n<!-- \/ Yoast SEO Premium plugin. -->","yoast_head_json":{"title":"Tunisiens r\u00e9sidant \u00e0 l\u2019\u00e9tranger : Une mise au point salutaire","description":"Le minist\u00e8re des Finances rassure les Tunisiens r\u00e9sidant \u00e0 l\u2019\u00e9tranger : aucune nouvelle loi fiscale ne les concerne. Cet \u00e9ditorial revient sur les clarificatio...","canonical":"https:\/\/www.webdo.tn\/fr\/actualite\/national\/tunisiens-residant-a-l-etranger-une-mise-au-point-salutaire\/222032\/","og_locale":"fr_FR","og_type":"article","og_title":"Tunisiens r\u00e9sidant \u00e0 l\u2019\u00e9tranger : Une mise au point salutaire","og_description":"Le minist\u00e8re des Finances rassure les Tunisiens r\u00e9sidant \u00e0 l\u2019\u00e9tranger : aucune nouvelle loi fiscale ne les concerne. Cet \u00e9ditorial revient sur les clarificatio...","og_url":"https:\/\/www.webdo.tn\/fr\/actualite\/national\/tunisiens-residant-a-l-etranger-une-mise-au-point-salutaire\/222032\/","og_site_name":"webdo","article_publisher":"https:\/\/www.facebook.com\/webdotn","article_published_time":"2025-05-17T11:42:00+00:00","article_modified_time":"2025-06-04T22:04:26+00:00","og_image":[{"width":750,"height":400,"url":"https:\/\/www.webdo.tn\/fr\/wp-content\/uploads\/2025\/05\/09120328d48427fcec4735622dfa1849.webp","type":"image\/webp"}],"author":"MC","twitter_card":"summary_large_image","twitter_creator":"@webdo_tn","twitter_site":"@webdo_tn","twitter_misc":{"\u00c9crit par":"MC","Dur\u00e9e de lecture estim\u00e9e":"1 minute"},"schema":{"@context":"https:\/\/schema.org","@graph":[{"@type":"NewsArticle","@id":"https:\/\/www.webdo.tn\/fr\/actualite\/national\/tunisiens-residant-a-l-etranger-une-mise-au-point-salutaire\/222032\/#article","isPartOf":{"@id":"https:\/\/www.webdo.tn\/fr\/actualite\/national\/tunisiens-residant-a-l-etranger-une-mise-au-point-salutaire\/222032\/"},"author":{"name":"MC","@id":"https:\/\/www.webdo.tn\/fr\/#\/schema\/person\/2c4929cbf5a809e3bd38617c6ce150f6"},"headline":"Tunisiens r\u00e9sidant \u00e0 l\u2019\u00e9tranger : Une mise au point salutaire","datePublished":"2025-05-17T11:42:00+00:00","dateModified":"2025-06-04T22:04:26+00:00","mainEntityOfPage":{"@id":"https:\/\/www.webdo.tn\/fr\/actualite\/national\/tunisiens-residant-a-l-etranger-une-mise-au-point-salutaire\/222032\/"},"wordCount":260,"commentCount":0,"publisher":{"@id":"https:\/\/www.webdo.tn\/fr\/#organization"},"image":{"@id":"https:\/\/www.webdo.tn\/fr\/actualite\/national\/tunisiens-residant-a-l-etranger-une-mise-au-point-salutaire\/222032\/#primaryimage"},"thumbnailUrl":"https:\/\/www.webdo.tn\/fr\/wp-content\/uploads\/2025\/05\/09120328d48427fcec4735622dfa1849.webp","keywords":["diaspora","fiscalit\u00e9","Tunisie","tunisiens r\u00e9sidant \u00e0 l'\u00e9tranger"],"articleSection":["National"],"inLanguage":"fr-FR"},{"@type":"WebPage","@id":"https:\/\/www.webdo.tn\/fr\/actualite\/national\/tunisiens-residant-a-l-etranger-une-mise-au-point-salutaire\/222032\/","url":"https:\/\/www.webdo.tn\/fr\/actualite\/national\/tunisiens-residant-a-l-etranger-une-mise-au-point-salutaire\/222032\/","name":"Tunisiens r\u00e9sidant \u00e0 l\u2019\u00e9tranger : Une mise au point salutaire","isPartOf":{"@id":"https:\/\/www.webdo.tn\/fr\/#website"},"primaryImageOfPage":{"@id":"https:\/\/www.webdo.tn\/fr\/actualite\/national\/tunisiens-residant-a-l-etranger-une-mise-au-point-salutaire\/222032\/#primaryimage"},"image":{"@id":"https:\/\/www.webdo.tn\/fr\/actualite\/national\/tunisiens-residant-a-l-etranger-une-mise-au-point-salutaire\/222032\/#primaryimage"},"thumbnailUrl":"https:\/\/www.webdo.tn\/fr\/wp-content\/uploads\/2025\/05\/09120328d48427fcec4735622dfa1849.webp","datePublished":"2025-05-17T11:42:00+00:00","dateModified":"2025-06-04T22:04:26+00:00","description":"Le minist\u00e8re des Finances rassure les Tunisiens r\u00e9sidant \u00e0 l\u2019\u00e9tranger : aucune nouvelle loi fiscale ne les concerne. Cet \u00e9ditorial revient sur les clarificatio...","breadcrumb":{"@id":"https:\/\/www.webdo.tn\/fr\/actualite\/national\/tunisiens-residant-a-l-etranger-une-mise-au-point-salutaire\/222032\/#breadcrumb"},"inLanguage":"fr-FR","potentialAction":[{"@type":"ReadAction","target":["https:\/\/www.webdo.tn\/fr\/actualite\/national\/tunisiens-residant-a-l-etranger-une-mise-au-point-salutaire\/222032\/"]}]},{"@type":"ImageObject","inLanguage":"fr-FR","@id":"https:\/\/www.webdo.tn\/fr\/actualite\/national\/tunisiens-residant-a-l-etranger-une-mise-au-point-salutaire\/222032\/#primaryimage","url":"https:\/\/www.webdo.tn\/fr\/wp-content\/uploads\/2025\/05\/09120328d48427fcec4735622dfa1849.webp","contentUrl":"https:\/\/www.webdo.tn\/fr\/wp-content\/uploads\/2025\/05\/09120328d48427fcec4735622dfa1849.webp","width":750,"height":400,"caption":"Tunisiens r\u00e9sidant \u00e0 l\u2019\u00e9tranger : Une mise au point salutaire"},{"@type":"BreadcrumbList","@id":"https:\/\/www.webdo.tn\/fr\/actualite\/national\/tunisiens-residant-a-l-etranger-une-mise-au-point-salutaire\/222032\/#breadcrumb","itemListElement":[{"@type":"ListItem","position":1,"name":"Accueil","item":"https:\/\/www.webdo.tn\/fr\/"},{"@type":"ListItem","position":2,"name":"Tunisiens r\u00e9sidant \u00e0 l\u2019\u00e9tranger : Une mise au point salutaire"}]},{"@type":"WebSite","@id":"https:\/\/www.webdo.tn\/fr\/#website","url":"https:\/\/www.webdo.tn\/fr\/","name":"webdo","description":"Tunisie - News en Tunisie et \u00e0 l&#039;international sur Webdo.tn","publisher":{"@id":"https:\/\/www.webdo.tn\/fr\/#organization"},"potentialAction":[{"@type":"SearchAction","target":{"@type":"EntryPoint","urlTemplate":"https:\/\/www.webdo.tn\/fr\/?s={search_term_string}"},"query-input":{"@type":"PropertyValueSpecification","valueRequired":true,"valueName":"search_term_string"}}],"inLanguage":"fr-FR"},{"@type":"Organization","@id":"https:\/\/www.webdo.tn\/fr\/#organization","name":"Webdo","alternateName":"Webdo.tn","url":"https:\/\/www.webdo.tn\/fr\/","logo":{"@type":"ImageObject","inLanguage":"fr-FR","@id":"https:\/\/www.webdo.tn\/fr\/#\/schema\/logo\/image\/","url":"https:\/\/www.webdo.tn\/fr\/wp-content\/uploads\/2025\/06\/Webdo-Tunisie_168377.jpg","contentUrl":"https:\/\/www.webdo.tn\/fr\/wp-content\/uploads\/2025\/06\/Webdo-Tunisie_168377.jpg","width":301,"height":301,"caption":"Webdo"},"image":{"@id":"https:\/\/www.webdo.tn\/fr\/#\/schema\/logo\/image\/"},"sameAs":["https:\/\/www.facebook.com\/webdotn","https:\/\/x.com\/webdo_tn"],"description":"Webdo est un m\u00e9dia num\u00e9rique tunisien fond\u00e9 en 2010, sp\u00e9cialis\u00e9 dans l\u2019actualit\u00e9 nationale et internationale, l\u2019\u00e9conomie, la soci\u00e9t\u00e9 et les analyses politiques. Le site s\u2019adresse \u00e0 un large public francophone et couvre l\u2019information tunisienne en temps r\u00e9el.","email":"redac@webdo.tn","legalName":"YNJ SARL","foundingDate":"2010-09-06","numberOfEmployees":{"@type":"QuantitativeValue","minValue":"11","maxValue":"50"}},{"@type":"Person","@id":"https:\/\/www.webdo.tn\/fr\/#\/schema\/person\/2c4929cbf5a809e3bd38617c6ce150f6","name":"MC","image":{"@type":"ImageObject","inLanguage":"fr-FR","@id":"https:\/\/secure.gravatar.com\/avatar\/a545bbb6f84efdd5553dbbc2895e3ca8f1d12c5215e00a041c9670b54aa9b18a?s=96&d=mm&r=g","url":"https:\/\/secure.gravatar.com\/avatar\/a545bbb6f84efdd5553dbbc2895e3ca8f1d12c5215e00a041c9670b54aa9b18a?s=96&d=mm&r=g","contentUrl":"https:\/\/secure.gravatar.com\/avatar\/a545bbb6f84efdd5553dbbc2895e3ca8f1d12c5215e00a041c9670b54aa9b18a?s=96&d=mm&r=g","caption":"MC"},"url":"https:\/\/www.webdo.tn\/fr\/actualite\/author\/mc\/"}]}},"_links":{"self":[{"href":"https:\/\/www.webdo.tn\/fr\/wp-json\/wp\/v2\/posts\/222032","targetHints":{"allow":["GET"]}}],"collection":[{"href":"https:\/\/www.webdo.tn\/fr\/wp-json\/wp\/v2\/posts"}],"about":[{"href":"https:\/\/www.webdo.tn\/fr\/wp-json\/wp\/v2\/types\/post"}],"author":[{"embeddable":true,"href":"https:\/\/www.webdo.tn\/fr\/wp-json\/wp\/v2\/users\/3162"}],"replies":[{"embeddable":true,"href":"https:\/\/www.webdo.tn\/fr\/wp-json\/wp\/v2\/comments?post=222032"}],"version-history":[{"count":0,"href":"https:\/\/www.webdo.tn\/fr\/wp-json\/wp\/v2\/posts\/222032\/revisions"}],"wp:featuredmedia":[{"embeddable":true,"href":"https:\/\/www.webdo.tn\/fr\/wp-json\/wp\/v2\/media\/342902"}],"wp:attachment":[{"href":"https:\/\/www.webdo.tn\/fr\/wp-json\/wp\/v2\/media?parent=222032"}],"wp:term":[{"taxonomy":"category","embeddable":true,"href":"https:\/\/www.webdo.tn\/fr\/wp-json\/wp\/v2\/categories?post=222032"},{"taxonomy":"post_tag","embeddable":true,"href":"https:\/\/www.webdo.tn\/fr\/wp-json\/wp\/v2\/tags?post=222032"}],"curies":[{"name":"wp","href":"https:\/\/api.w.org\/{rel}","templated":true}]}}