{"id":222024,"date":"2025-05-17T08:51:00","date_gmt":"2025-05-17T08:51:00","guid":{"rendered":"https:\/\/www.webdo.tn\/fr\/blog\/tunisie-bientot-un-cadre-legal-pour-les-applications-de-transport\/222024\/"},"modified":"2025-06-04T22:04:07","modified_gmt":"2025-06-04T22:04:07","slug":"tunisie-bientot-un-cadre-legal-pour-les-applications-de-transport","status":"publish","type":"post","link":"https:\/\/www.webdo.tn\/fr\/actualite\/national\/tunisie-bientot-un-cadre-legal-pour-les-applications-de-transport\/222024\/","title":{"rendered":"Tunisie : Bient\u00f4t un cadre l\u00e9gal pour les applications de transport"},"content":{"rendered":"<p>Face \u00e0 l\u2019essor des applications num\u00e9riques dans le secteur du transport, le minist\u00e8re du Transport annonce une s\u00e9rie de r\u00e9formes destin\u00e9es \u00e0 moderniser le cadre juridique en vigueur. Parmi les priorit\u00e9s : la r\u00e9gulation de l\u2019usage des applications mobiles dans le transport public non r\u00e9gulier, notamment les taxis individuels.<\/p>\n<p>Un appel \u00e0 propositions est en pr\u00e9paration pour d\u00e9finir les modalit\u00e9s d\u2019int\u00e9gration de ces outils technologiques, en concertation avec les professionnels du secteur et les parties concern\u00e9es. L\u2019objectif est de structurer un march\u00e9 en pleine transformation, tout en assurant une meilleure transparence et un service plus adapt\u00e9 aux usagers.<\/p>\n<p>Parall\u00e8lement, le minist\u00e8re travaille \u00e0 la r\u00e9vision de la loi n\u00b033 de 2004 encadrant le transport routier, ainsi que de ses textes d\u2019application, dont l\u2019arr\u00eat\u00e9 fixant le fonctionnement des comit\u00e9s consultatifs r\u00e9gionaux. Le cadre juridique r\u00e9gissant les gares de transport est \u00e9galement en cours de refonte.<\/p>\n<p>Autre chantier en cours : l\u2019harmonisation des tarifs appliqu\u00e9s par les taxis individuels, qui devront s\u2019aligner sur les exigences du nouveau mod\u00e8le num\u00e9rique envisag\u00e9.<\/p>\n<p>Il faut rappeler que le minist\u00e8re du Transport a lanc\u00e9 il y a plusieurs mois un projet visant \u00e0 r\u00e9glementer l&rsquo;utilisation et l&rsquo;exploitation des syst\u00e8mes et plateformes \u00e9lectroniques dans l&rsquo;activit\u00e9 du transport public non conventionnel de personnes sur les routes (taxis individuels).<\/p>\n<p>Cette initiative s&rsquo;inscrit dans la volont\u00e9 du minist\u00e8re de mieux organiser et moderniser le secteur du transport non conventionnel de personnes, tout en respectant pleinement les normes requises en mati\u00e8re de concurrence et de transparence.<\/p>\n<p>L&rsquo;objectif aanonc\u00e9 est de mettre en place une application num\u00e9rique tunisienne, h\u00e9berg\u00e9e en Tunisie apr\u00e8s avoir satisfait toutes les conditions de s\u00e9curit\u00e9 cybern\u00e9tique et assur\u00e9 la protection des donn\u00e9es personnelles.<\/p>\n","protected":false},"excerpt":{"rendered":"<p>La Tunisie pr\u00e9pare un nouveau cadre juridique pour encadrer les applications de transport, moderniser la loi de 2004 et r\u00e9guler les taxis individuels.<\/p>\n","protected":false},"author":3162,"featured_media":301815,"comment_status":"open","ping_status":"closed","sticky":false,"template":"","format":"standard","meta":{"footnotes":""},"categories":[44],"tags":[11306,11308,11307,10645,2608],"class_list":["post-222024","post","type-post","status-publish","format-standard","has-post-thumbnail","hentry","category-national","tag-applications","tag-cadre-legal","tag-taxis-individuels","tag-transport-terrestre","tag-tunisie"],"yoast_head":"<!-- This site is optimized with the Yoast SEO Premium plugin v27.5 (Yoast SEO v27.5) - https:\/\/yoast.com\/product\/yoast-seo-premium-wordpress\/ -->\n<title>Tunisie : Bient\u00f4t un cadre l\u00e9gal pour les applications de transport<\/title>\n<meta name=\"description\" content=\"La Tunisie pr\u00e9pare un nouveau cadre juridique pour encadrer les applications de transport, moderniser la loi de 2004 et r\u00e9guler les taxis individuels.\" \/>\n<link rel=\"canonical\" href=\"https:\/\/www.webdo.tn\/fr\/actualite\/national\/tunisie-bientot-un-cadre-legal-pour-les-applications-de-transport\/222024\/\" \/>\n<meta property=\"og:locale\" content=\"fr_FR\" \/>\n<meta property=\"og:type\" content=\"article\" \/>\n<meta property=\"og:title\" content=\"Tunisie : Bient\u00f4t un cadre l\u00e9gal pour les applications de transport\" \/>\n<meta property=\"og:description\" content=\"La Tunisie pr\u00e9pare un nouveau cadre juridique pour encadrer les applications de transport, moderniser la loi de 2004 et r\u00e9guler les taxis individuels.\" \/>\n<meta property=\"og:url\" content=\"https:\/\/www.webdo.tn\/fr\/actualite\/national\/tunisie-bientot-un-cadre-legal-pour-les-applications-de-transport\/222024\/\" \/>\n<meta property=\"og:site_name\" content=\"webdo\" \/>\n<meta property=\"article:publisher\" content=\"https:\/\/www.facebook.com\/webdotn\" \/>\n<meta property=\"article:published_time\" content=\"2025-05-17T08:51:00+00:00\" \/>\n<meta property=\"article:modified_time\" content=\"2025-06-04T22:04:07+00:00\" \/>\n<meta property=\"og:image\" content=\"https:\/\/www.webdo.tn\/fr\/wp-content\/uploads\/2025\/05\/559536eb1ccd781b8de070d95142507e.webp\" \/>\n\t<meta property=\"og:image:width\" content=\"750\" \/>\n\t<meta property=\"og:image:height\" content=\"400\" \/>\n\t<meta property=\"og:image:type\" content=\"image\/webp\" \/>\n<meta name=\"author\" content=\"MC\" \/>\n<meta name=\"twitter:card\" content=\"summary_large_image\" \/>\n<meta name=\"twitter:creator\" content=\"@webdo_tn\" \/>\n<meta name=\"twitter:site\" content=\"@webdo_tn\" \/>\n<meta name=\"twitter:label1\" content=\"\u00c9crit par\" \/>\n\t<meta name=\"twitter:data1\" content=\"MC\" \/>\n\t<meta name=\"twitter:label2\" content=\"Dur\u00e9e de lecture estim\u00e9e\" \/>\n\t<meta name=\"twitter:data2\" content=\"2 minutes\" \/>\n<script type=\"application\/ld+json\" class=\"yoast-schema-graph\">{\"@context\":\"https:\\\/\\\/schema.org\",\"@graph\":[{\"@type\":\"NewsArticle\",\"@id\":\"https:\\\/\\\/www.webdo.tn\\\/fr\\\/actualite\\\/national\\\/tunisie-bientot-un-cadre-legal-pour-les-applications-de-transport\\\/222024\\\/#article\",\"isPartOf\":{\"@id\":\"https:\\\/\\\/www.webdo.tn\\\/fr\\\/actualite\\\/national\\\/tunisie-bientot-un-cadre-legal-pour-les-applications-de-transport\\\/222024\\\/\"},\"author\":{\"name\":\"MC\",\"@id\":\"https:\\\/\\\/www.webdo.tn\\\/fr\\\/#\\\/schema\\\/person\\\/2c4929cbf5a809e3bd38617c6ce150f6\"},\"headline\":\"Tunisie : Bient\u00f4t un cadre l\u00e9gal pour les applications de transport\",\"datePublished\":\"2025-05-17T08:51:00+00:00\",\"dateModified\":\"2025-06-04T22:04:07+00:00\",\"mainEntityOfPage\":{\"@id\":\"https:\\\/\\\/www.webdo.tn\\\/fr\\\/actualite\\\/national\\\/tunisie-bientot-un-cadre-legal-pour-les-applications-de-transport\\\/222024\\\/\"},\"wordCount\":327,\"commentCount\":0,\"publisher\":{\"@id\":\"https:\\\/\\\/www.webdo.tn\\\/fr\\\/#organization\"},\"image\":{\"@id\":\"https:\\\/\\\/www.webdo.tn\\\/fr\\\/actualite\\\/national\\\/tunisie-bientot-un-cadre-legal-pour-les-applications-de-transport\\\/222024\\\/#primaryimage\"},\"thumbnailUrl\":\"https:\\\/\\\/www.webdo.tn\\\/fr\\\/wp-content\\\/uploads\\\/2025\\\/05\\\/559536eb1ccd781b8de070d95142507e.webp\",\"keywords\":[\"'applications'\",\"'cadre l\u00e9gal']\",\"'taxis individuels'\",\"'transport terrestre']\",\"Tunisie\"],\"articleSection\":[\"National\"],\"inLanguage\":\"fr-FR\"},{\"@type\":\"WebPage\",\"@id\":\"https:\\\/\\\/www.webdo.tn\\\/fr\\\/actualite\\\/national\\\/tunisie-bientot-un-cadre-legal-pour-les-applications-de-transport\\\/222024\\\/\",\"url\":\"https:\\\/\\\/www.webdo.tn\\\/fr\\\/actualite\\\/national\\\/tunisie-bientot-un-cadre-legal-pour-les-applications-de-transport\\\/222024\\\/\",\"name\":\"Tunisie : Bient\u00f4t un cadre l\u00e9gal pour les applications de transport\",\"isPartOf\":{\"@id\":\"https:\\\/\\\/www.webdo.tn\\\/fr\\\/#website\"},\"primaryImageOfPage\":{\"@id\":\"https:\\\/\\\/www.webdo.tn\\\/fr\\\/actualite\\\/national\\\/tunisie-bientot-un-cadre-legal-pour-les-applications-de-transport\\\/222024\\\/#primaryimage\"},\"image\":{\"@id\":\"https:\\\/\\\/www.webdo.tn\\\/fr\\\/actualite\\\/national\\\/tunisie-bientot-un-cadre-legal-pour-les-applications-de-transport\\\/222024\\\/#primaryimage\"},\"thumbnailUrl\":\"https:\\\/\\\/www.webdo.tn\\\/fr\\\/wp-content\\\/uploads\\\/2025\\\/05\\\/559536eb1ccd781b8de070d95142507e.webp\",\"datePublished\":\"2025-05-17T08:51:00+00:00\",\"dateModified\":\"2025-06-04T22:04:07+00:00\",\"description\":\"La Tunisie pr\u00e9pare un nouveau cadre juridique pour encadrer les applications de transport, moderniser la loi de 2004 et r\u00e9guler les taxis individuels.\",\"breadcrumb\":{\"@id\":\"https:\\\/\\\/www.webdo.tn\\\/fr\\\/actualite\\\/national\\\/tunisie-bientot-un-cadre-legal-pour-les-applications-de-transport\\\/222024\\\/#breadcrumb\"},\"inLanguage\":\"fr-FR\",\"potentialAction\":[{\"@type\":\"ReadAction\",\"target\":[\"https:\\\/\\\/www.webdo.tn\\\/fr\\\/actualite\\\/national\\\/tunisie-bientot-un-cadre-legal-pour-les-applications-de-transport\\\/222024\\\/\"]}]},{\"@type\":\"ImageObject\",\"inLanguage\":\"fr-FR\",\"@id\":\"https:\\\/\\\/www.webdo.tn\\\/fr\\\/actualite\\\/national\\\/tunisie-bientot-un-cadre-legal-pour-les-applications-de-transport\\\/222024\\\/#primaryimage\",\"url\":\"https:\\\/\\\/www.webdo.tn\\\/fr\\\/wp-content\\\/uploads\\\/2025\\\/05\\\/559536eb1ccd781b8de070d95142507e.webp\",\"contentUrl\":\"https:\\\/\\\/www.webdo.tn\\\/fr\\\/wp-content\\\/uploads\\\/2025\\\/05\\\/559536eb1ccd781b8de070d95142507e.webp\",\"width\":750,\"height\":400,\"caption\":\"Tunisie : Bient\u00f4t un cadre l\u00e9gal pour les applications de transport\"},{\"@type\":\"BreadcrumbList\",\"@id\":\"https:\\\/\\\/www.webdo.tn\\\/fr\\\/actualite\\\/national\\\/tunisie-bientot-un-cadre-legal-pour-les-applications-de-transport\\\/222024\\\/#breadcrumb\",\"itemListElement\":[{\"@type\":\"ListItem\",\"position\":1,\"name\":\"Accueil\",\"item\":\"https:\\\/\\\/www.webdo.tn\\\/fr\\\/\"},{\"@type\":\"ListItem\",\"position\":2,\"name\":\"Tunisie : Bient\u00f4t un cadre l\u00e9gal pour les applications de transport\"}]},{\"@type\":\"WebSite\",\"@id\":\"https:\\\/\\\/www.webdo.tn\\\/fr\\\/#website\",\"url\":\"https:\\\/\\\/www.webdo.tn\\\/fr\\\/\",\"name\":\"webdo\",\"description\":\"Tunisie - News en Tunisie et \u00e0 l&#039;international sur Webdo.tn\",\"publisher\":{\"@id\":\"https:\\\/\\\/www.webdo.tn\\\/fr\\\/#organization\"},\"potentialAction\":[{\"@type\":\"SearchAction\",\"target\":{\"@type\":\"EntryPoint\",\"urlTemplate\":\"https:\\\/\\\/www.webdo.tn\\\/fr\\\/?s={search_term_string}\"},\"query-input\":{\"@type\":\"PropertyValueSpecification\",\"valueRequired\":true,\"valueName\":\"search_term_string\"}}],\"inLanguage\":\"fr-FR\"},{\"@type\":\"Organization\",\"@id\":\"https:\\\/\\\/www.webdo.tn\\\/fr\\\/#organization\",\"name\":\"Webdo\",\"alternateName\":\"Webdo.tn\",\"url\":\"https:\\\/\\\/www.webdo.tn\\\/fr\\\/\",\"logo\":{\"@type\":\"ImageObject\",\"inLanguage\":\"fr-FR\",\"@id\":\"https:\\\/\\\/www.webdo.tn\\\/fr\\\/#\\\/schema\\\/logo\\\/image\\\/\",\"url\":\"https:\\\/\\\/www.webdo.tn\\\/fr\\\/wp-content\\\/uploads\\\/2025\\\/06\\\/Webdo-Tunisie_168377.jpg\",\"contentUrl\":\"https:\\\/\\\/www.webdo.tn\\\/fr\\\/wp-content\\\/uploads\\\/2025\\\/06\\\/Webdo-Tunisie_168377.jpg\",\"width\":301,\"height\":301,\"caption\":\"Webdo\"},\"image\":{\"@id\":\"https:\\\/\\\/www.webdo.tn\\\/fr\\\/#\\\/schema\\\/logo\\\/image\\\/\"},\"sameAs\":[\"https:\\\/\\\/www.facebook.com\\\/webdotn\",\"https:\\\/\\\/x.com\\\/webdo_tn\"],\"description\":\"Webdo est un m\u00e9dia num\u00e9rique tunisien fond\u00e9 en 2010, sp\u00e9cialis\u00e9 dans l\u2019actualit\u00e9 nationale et internationale, l\u2019\u00e9conomie, la soci\u00e9t\u00e9 et les analyses politiques. Le site s\u2019adresse \u00e0 un large public francophone et couvre l\u2019information tunisienne en temps r\u00e9el.\",\"email\":\"redac@webdo.tn\",\"legalName\":\"YNJ SARL\",\"foundingDate\":\"2010-09-06\",\"numberOfEmployees\":{\"@type\":\"QuantitativeValue\",\"minValue\":\"11\",\"maxValue\":\"50\"}},{\"@type\":\"Person\",\"@id\":\"https:\\\/\\\/www.webdo.tn\\\/fr\\\/#\\\/schema\\\/person\\\/2c4929cbf5a809e3bd38617c6ce150f6\",\"name\":\"MC\",\"image\":{\"@type\":\"ImageObject\",\"inLanguage\":\"fr-FR\",\"@id\":\"https:\\\/\\\/secure.gravatar.com\\\/avatar\\\/a545bbb6f84efdd5553dbbc2895e3ca8f1d12c5215e00a041c9670b54aa9b18a?s=96&d=mm&r=g\",\"url\":\"https:\\\/\\\/secure.gravatar.com\\\/avatar\\\/a545bbb6f84efdd5553dbbc2895e3ca8f1d12c5215e00a041c9670b54aa9b18a?s=96&d=mm&r=g\",\"contentUrl\":\"https:\\\/\\\/secure.gravatar.com\\\/avatar\\\/a545bbb6f84efdd5553dbbc2895e3ca8f1d12c5215e00a041c9670b54aa9b18a?s=96&d=mm&r=g\",\"caption\":\"MC\"},\"url\":\"https:\\\/\\\/www.webdo.tn\\\/fr\\\/actualite\\\/author\\\/mc\\\/\"}]}<\/script>\n<!-- \/ Yoast SEO Premium plugin. -->","yoast_head_json":{"title":"Tunisie : Bient\u00f4t un cadre l\u00e9gal pour les applications de transport","description":"La Tunisie pr\u00e9pare un nouveau cadre juridique pour encadrer les applications de transport, moderniser la loi de 2004 et r\u00e9guler les taxis individuels.","canonical":"https:\/\/www.webdo.tn\/fr\/actualite\/national\/tunisie-bientot-un-cadre-legal-pour-les-applications-de-transport\/222024\/","og_locale":"fr_FR","og_type":"article","og_title":"Tunisie : Bient\u00f4t un cadre l\u00e9gal pour les applications de transport","og_description":"La Tunisie pr\u00e9pare un nouveau cadre juridique pour encadrer les applications de transport, moderniser la loi de 2004 et r\u00e9guler les taxis individuels.","og_url":"https:\/\/www.webdo.tn\/fr\/actualite\/national\/tunisie-bientot-un-cadre-legal-pour-les-applications-de-transport\/222024\/","og_site_name":"webdo","article_publisher":"https:\/\/www.facebook.com\/webdotn","article_published_time":"2025-05-17T08:51:00+00:00","article_modified_time":"2025-06-04T22:04:07+00:00","og_image":[{"width":750,"height":400,"url":"https:\/\/www.webdo.tn\/fr\/wp-content\/uploads\/2025\/05\/559536eb1ccd781b8de070d95142507e.webp","type":"image\/webp"}],"author":"MC","twitter_card":"summary_large_image","twitter_creator":"@webdo_tn","twitter_site":"@webdo_tn","twitter_misc":{"\u00c9crit par":"MC","Dur\u00e9e de lecture estim\u00e9e":"2 minutes"},"schema":{"@context":"https:\/\/schema.org","@graph":[{"@type":"NewsArticle","@id":"https:\/\/www.webdo.tn\/fr\/actualite\/national\/tunisie-bientot-un-cadre-legal-pour-les-applications-de-transport\/222024\/#article","isPartOf":{"@id":"https:\/\/www.webdo.tn\/fr\/actualite\/national\/tunisie-bientot-un-cadre-legal-pour-les-applications-de-transport\/222024\/"},"author":{"name":"MC","@id":"https:\/\/www.webdo.tn\/fr\/#\/schema\/person\/2c4929cbf5a809e3bd38617c6ce150f6"},"headline":"Tunisie : Bient\u00f4t un cadre l\u00e9gal pour les applications de transport","datePublished":"2025-05-17T08:51:00+00:00","dateModified":"2025-06-04T22:04:07+00:00","mainEntityOfPage":{"@id":"https:\/\/www.webdo.tn\/fr\/actualite\/national\/tunisie-bientot-un-cadre-legal-pour-les-applications-de-transport\/222024\/"},"wordCount":327,"commentCount":0,"publisher":{"@id":"https:\/\/www.webdo.tn\/fr\/#organization"},"image":{"@id":"https:\/\/www.webdo.tn\/fr\/actualite\/national\/tunisie-bientot-un-cadre-legal-pour-les-applications-de-transport\/222024\/#primaryimage"},"thumbnailUrl":"https:\/\/www.webdo.tn\/fr\/wp-content\/uploads\/2025\/05\/559536eb1ccd781b8de070d95142507e.webp","keywords":["'applications'","'cadre l\u00e9gal']","'taxis individuels'","'transport terrestre']","Tunisie"],"articleSection":["National"],"inLanguage":"fr-FR"},{"@type":"WebPage","@id":"https:\/\/www.webdo.tn\/fr\/actualite\/national\/tunisie-bientot-un-cadre-legal-pour-les-applications-de-transport\/222024\/","url":"https:\/\/www.webdo.tn\/fr\/actualite\/national\/tunisie-bientot-un-cadre-legal-pour-les-applications-de-transport\/222024\/","name":"Tunisie : Bient\u00f4t un cadre l\u00e9gal pour les applications de transport","isPartOf":{"@id":"https:\/\/www.webdo.tn\/fr\/#website"},"primaryImageOfPage":{"@id":"https:\/\/www.webdo.tn\/fr\/actualite\/national\/tunisie-bientot-un-cadre-legal-pour-les-applications-de-transport\/222024\/#primaryimage"},"image":{"@id":"https:\/\/www.webdo.tn\/fr\/actualite\/national\/tunisie-bientot-un-cadre-legal-pour-les-applications-de-transport\/222024\/#primaryimage"},"thumbnailUrl":"https:\/\/www.webdo.tn\/fr\/wp-content\/uploads\/2025\/05\/559536eb1ccd781b8de070d95142507e.webp","datePublished":"2025-05-17T08:51:00+00:00","dateModified":"2025-06-04T22:04:07+00:00","description":"La Tunisie pr\u00e9pare un nouveau cadre juridique pour encadrer les applications de transport, moderniser la loi de 2004 et r\u00e9guler les taxis individuels.","breadcrumb":{"@id":"https:\/\/www.webdo.tn\/fr\/actualite\/national\/tunisie-bientot-un-cadre-legal-pour-les-applications-de-transport\/222024\/#breadcrumb"},"inLanguage":"fr-FR","potentialAction":[{"@type":"ReadAction","target":["https:\/\/www.webdo.tn\/fr\/actualite\/national\/tunisie-bientot-un-cadre-legal-pour-les-applications-de-transport\/222024\/"]}]},{"@type":"ImageObject","inLanguage":"fr-FR","@id":"https:\/\/www.webdo.tn\/fr\/actualite\/national\/tunisie-bientot-un-cadre-legal-pour-les-applications-de-transport\/222024\/#primaryimage","url":"https:\/\/www.webdo.tn\/fr\/wp-content\/uploads\/2025\/05\/559536eb1ccd781b8de070d95142507e.webp","contentUrl":"https:\/\/www.webdo.tn\/fr\/wp-content\/uploads\/2025\/05\/559536eb1ccd781b8de070d95142507e.webp","width":750,"height":400,"caption":"Tunisie : Bient\u00f4t un cadre l\u00e9gal pour les applications de transport"},{"@type":"BreadcrumbList","@id":"https:\/\/www.webdo.tn\/fr\/actualite\/national\/tunisie-bientot-un-cadre-legal-pour-les-applications-de-transport\/222024\/#breadcrumb","itemListElement":[{"@type":"ListItem","position":1,"name":"Accueil","item":"https:\/\/www.webdo.tn\/fr\/"},{"@type":"ListItem","position":2,"name":"Tunisie : Bient\u00f4t un cadre l\u00e9gal pour les applications de transport"}]},{"@type":"WebSite","@id":"https:\/\/www.webdo.tn\/fr\/#website","url":"https:\/\/www.webdo.tn\/fr\/","name":"webdo","description":"Tunisie - News en Tunisie et \u00e0 l&#039;international sur Webdo.tn","publisher":{"@id":"https:\/\/www.webdo.tn\/fr\/#organization"},"potentialAction":[{"@type":"SearchAction","target":{"@type":"EntryPoint","urlTemplate":"https:\/\/www.webdo.tn\/fr\/?s={search_term_string}"},"query-input":{"@type":"PropertyValueSpecification","valueRequired":true,"valueName":"search_term_string"}}],"inLanguage":"fr-FR"},{"@type":"Organization","@id":"https:\/\/www.webdo.tn\/fr\/#organization","name":"Webdo","alternateName":"Webdo.tn","url":"https:\/\/www.webdo.tn\/fr\/","logo":{"@type":"ImageObject","inLanguage":"fr-FR","@id":"https:\/\/www.webdo.tn\/fr\/#\/schema\/logo\/image\/","url":"https:\/\/www.webdo.tn\/fr\/wp-content\/uploads\/2025\/06\/Webdo-Tunisie_168377.jpg","contentUrl":"https:\/\/www.webdo.tn\/fr\/wp-content\/uploads\/2025\/06\/Webdo-Tunisie_168377.jpg","width":301,"height":301,"caption":"Webdo"},"image":{"@id":"https:\/\/www.webdo.tn\/fr\/#\/schema\/logo\/image\/"},"sameAs":["https:\/\/www.facebook.com\/webdotn","https:\/\/x.com\/webdo_tn"],"description":"Webdo est un m\u00e9dia num\u00e9rique tunisien fond\u00e9 en 2010, sp\u00e9cialis\u00e9 dans l\u2019actualit\u00e9 nationale et internationale, l\u2019\u00e9conomie, la soci\u00e9t\u00e9 et les analyses politiques. Le site s\u2019adresse \u00e0 un large public francophone et couvre l\u2019information tunisienne en temps r\u00e9el.","email":"redac@webdo.tn","legalName":"YNJ SARL","foundingDate":"2010-09-06","numberOfEmployees":{"@type":"QuantitativeValue","minValue":"11","maxValue":"50"}},{"@type":"Person","@id":"https:\/\/www.webdo.tn\/fr\/#\/schema\/person\/2c4929cbf5a809e3bd38617c6ce150f6","name":"MC","image":{"@type":"ImageObject","inLanguage":"fr-FR","@id":"https:\/\/secure.gravatar.com\/avatar\/a545bbb6f84efdd5553dbbc2895e3ca8f1d12c5215e00a041c9670b54aa9b18a?s=96&d=mm&r=g","url":"https:\/\/secure.gravatar.com\/avatar\/a545bbb6f84efdd5553dbbc2895e3ca8f1d12c5215e00a041c9670b54aa9b18a?s=96&d=mm&r=g","contentUrl":"https:\/\/secure.gravatar.com\/avatar\/a545bbb6f84efdd5553dbbc2895e3ca8f1d12c5215e00a041c9670b54aa9b18a?s=96&d=mm&r=g","caption":"MC"},"url":"https:\/\/www.webdo.tn\/fr\/actualite\/author\/mc\/"}]}},"_links":{"self":[{"href":"https:\/\/www.webdo.tn\/fr\/wp-json\/wp\/v2\/posts\/222024","targetHints":{"allow":["GET"]}}],"collection":[{"href":"https:\/\/www.webdo.tn\/fr\/wp-json\/wp\/v2\/posts"}],"about":[{"href":"https:\/\/www.webdo.tn\/fr\/wp-json\/wp\/v2\/types\/post"}],"author":[{"embeddable":true,"href":"https:\/\/www.webdo.tn\/fr\/wp-json\/wp\/v2\/users\/3162"}],"replies":[{"embeddable":true,"href":"https:\/\/www.webdo.tn\/fr\/wp-json\/wp\/v2\/comments?post=222024"}],"version-history":[{"count":0,"href":"https:\/\/www.webdo.tn\/fr\/wp-json\/wp\/v2\/posts\/222024\/revisions"}],"wp:featuredmedia":[{"embeddable":true,"href":"https:\/\/www.webdo.tn\/fr\/wp-json\/wp\/v2\/media\/301815"}],"wp:attachment":[{"href":"https:\/\/www.webdo.tn\/fr\/wp-json\/wp\/v2\/media?parent=222024"}],"wp:term":[{"taxonomy":"category","embeddable":true,"href":"https:\/\/www.webdo.tn\/fr\/wp-json\/wp\/v2\/categories?post=222024"},{"taxonomy":"post_tag","embeddable":true,"href":"https:\/\/www.webdo.tn\/fr\/wp-json\/wp\/v2\/tags?post=222024"}],"curies":[{"name":"wp","href":"https:\/\/api.w.org\/{rel}","templated":true}]}}