{"id":222021,"date":"2025-05-16T21:34:00","date_gmt":"2025-05-16T21:34:00","guid":{"rendered":"https:\/\/www.webdo.tn\/fr\/actualite\/blog\/la-tunisie-invitee-d-honneur-a-la-7e-assemblee-generale-de-l-iofs\/222021\/"},"modified":"2025-05-16T21:34:00","modified_gmt":"2025-05-16T21:34:00","slug":"la-tunisie-invitee-d-honneur-a-la-7e-assemblee-generale-de-l-iofs","status":"publish","type":"post","link":"https:\/\/www.webdo.tn\/fr\/actualite\/national\/la-tunisie-invitee-d-honneur-a-la-7e-assemblee-generale-de-l-iofs\/222021\/","title":{"rendered":"La Tunisie invit\u00e9e d\u2019honneur \u00e0 la 7e Assembl\u00e9e g\u00e9n\u00e9rale de l\u2019IOFS"},"content":{"rendered":"<p>Le ministre de l\u2019Agriculture, des Ressources hydrauliques et de la P\u00eache, Ezzeddine Ben Cheikh, a re\u00e7u ce vendredi 16 mai 2025, Berik Aryn, directeur g\u00e9n\u00e9ral de l\u2019Organisation islamique pour la s\u00e9curit\u00e9 alimentaire (IOFS), en visite officielle dans la r\u00e9gion, apr\u00e8s des \u00e9tapes au Maroc et en Alg\u00e9rie.<\/p>\n<p> La rencontre a port\u00e9 sur les perspectives de coop\u00e9ration entre la Tunisie et l\u2019organisation, en particulier sur les programmes li\u00e9s \u00e0 la s\u00e9curit\u00e9 alimentaire. Les discussions ont \u00e9galement permis d\u2019examiner les moyens de renforcer cette collaboration et d\u2019en \u00e9largir les domaines d\u2019intervention.<\/p>\n<p>Les deux parties ont abord\u00e9 les pr\u00e9paratifs de la septi\u00e8me session de l\u2019Assembl\u00e9e g\u00e9n\u00e9rale de l\u2019IOFS, \u00e0 laquelle la Tunisie participera en tant qu\u2019invit\u00e9e d\u2019honneur.<\/p>\n<p>\u00c0 l\u2019issue de l\u2019\u00e9change, il a \u00e9t\u00e9 convenu de mettre en place un groupe de travail technique charg\u00e9 d\u2019\u00e9tudier les possibilit\u00e9s de soutien \u00e0 la Tunisie, notamment en mati\u00e8re de recherche agricole, de fili\u00e8re c\u00e9r\u00e9ali\u00e8re, de gestion des ressources en eau, de production agricole et de lutte contre la d\u00e9sertification.<\/p>\n","protected":false},"excerpt":{"rendered":"<p>Rencontre entre le ministre tunisien de l\u2019Agriculture et le directeur g\u00e9n\u00e9ral de l\u2019IOFS pour renforcer la coop\u00e9ration en mati\u00e8re de s\u00e9curit\u00e9 alimentaire et de d&#8230;<\/p>\n","protected":false},"author":3162,"featured_media":366127,"comment_status":"open","ping_status":"closed","sticky":false,"template":"","format":"standard","meta":{"footnotes":""},"categories":[44],"tags":[11729,3082,2608],"class_list":["post-222021","post","type-post","status-publish","format-standard","has-post-thumbnail","hentry","category-national","tag-iofs","tag-securite-alimentaire","tag-tunisie"],"yoast_head":"<!-- This site is optimized with the Yoast SEO Premium plugin v27.5 (Yoast SEO v27.5) - https:\/\/yoast.com\/product\/yoast-seo-premium-wordpress\/ -->\n<title>La Tunisie invit\u00e9e d\u2019honneur \u00e0 la 7e Assembl\u00e9e g\u00e9n\u00e9rale de l\u2019IOFS<\/title>\n<meta name=\"description\" content=\"Rencontre entre le ministre tunisien de l\u2019Agriculture et le directeur g\u00e9n\u00e9ral de l\u2019IOFS pour renforcer la coop\u00e9ration en mati\u00e8re de s\u00e9curit\u00e9 alimentaire et de d...\" \/>\n<link rel=\"canonical\" href=\"https:\/\/www.webdo.tn\/fr\/actualite\/national\/la-tunisie-invitee-d-honneur-a-la-7e-assemblee-generale-de-l-iofs\/222021\/\" \/>\n<meta property=\"og:locale\" content=\"fr_FR\" \/>\n<meta property=\"og:type\" content=\"article\" \/>\n<meta property=\"og:title\" content=\"La Tunisie invit\u00e9e d\u2019honneur \u00e0 la 7e Assembl\u00e9e g\u00e9n\u00e9rale de l\u2019IOFS\" \/>\n<meta property=\"og:description\" content=\"Rencontre entre le ministre tunisien de l\u2019Agriculture et le directeur g\u00e9n\u00e9ral de l\u2019IOFS pour renforcer la coop\u00e9ration en mati\u00e8re de s\u00e9curit\u00e9 alimentaire et de d...\" \/>\n<meta property=\"og:url\" content=\"https:\/\/www.webdo.tn\/fr\/actualite\/national\/la-tunisie-invitee-d-honneur-a-la-7e-assemblee-generale-de-l-iofs\/222021\/\" \/>\n<meta property=\"og:site_name\" content=\"webdo\" \/>\n<meta property=\"article:publisher\" content=\"https:\/\/www.facebook.com\/webdotn\" \/>\n<meta property=\"article:published_time\" content=\"2025-05-16T21:34:00+00:00\" \/>\n<meta property=\"og:image\" content=\"https:\/\/www.webdo.tn\/fr\/wp-content\/uploads\/2025\/05\/9b93e92acc92a650a562f988132b4ba3.webp\" \/>\n\t<meta property=\"og:image:width\" content=\"750\" \/>\n\t<meta property=\"og:image:height\" content=\"400\" \/>\n\t<meta property=\"og:image:type\" content=\"image\/webp\" \/>\n<meta name=\"author\" content=\"MC\" \/>\n<meta name=\"twitter:card\" content=\"summary_large_image\" \/>\n<meta name=\"twitter:creator\" content=\"@webdo_tn\" \/>\n<meta name=\"twitter:site\" content=\"@webdo_tn\" \/>\n<meta name=\"twitter:label1\" content=\"\u00c9crit par\" \/>\n\t<meta name=\"twitter:data1\" content=\"MC\" \/>\n\t<meta name=\"twitter:label2\" content=\"Dur\u00e9e de lecture estim\u00e9e\" \/>\n\t<meta name=\"twitter:data2\" content=\"1 minute\" \/>\n<script type=\"application\/ld+json\" class=\"yoast-schema-graph\">{\"@context\":\"https:\\\/\\\/schema.org\",\"@graph\":[{\"@type\":\"NewsArticle\",\"@id\":\"https:\\\/\\\/www.webdo.tn\\\/fr\\\/actualite\\\/national\\\/la-tunisie-invitee-d-honneur-a-la-7e-assemblee-generale-de-l-iofs\\\/222021\\\/#article\",\"isPartOf\":{\"@id\":\"https:\\\/\\\/www.webdo.tn\\\/fr\\\/actualite\\\/national\\\/la-tunisie-invitee-d-honneur-a-la-7e-assemblee-generale-de-l-iofs\\\/222021\\\/\"},\"author\":{\"name\":\"MC\",\"@id\":\"https:\\\/\\\/www.webdo.tn\\\/fr\\\/#\\\/schema\\\/person\\\/2c4929cbf5a809e3bd38617c6ce150f6\"},\"headline\":\"La Tunisie invit\u00e9e d\u2019honneur \u00e0 la 7e Assembl\u00e9e g\u00e9n\u00e9rale de l\u2019IOFS\",\"datePublished\":\"2025-05-16T21:34:00+00:00\",\"mainEntityOfPage\":{\"@id\":\"https:\\\/\\\/www.webdo.tn\\\/fr\\\/actualite\\\/national\\\/la-tunisie-invitee-d-honneur-a-la-7e-assemblee-generale-de-l-iofs\\\/222021\\\/\"},\"wordCount\":211,\"commentCount\":0,\"publisher\":{\"@id\":\"https:\\\/\\\/www.webdo.tn\\\/fr\\\/#organization\"},\"image\":{\"@id\":\"https:\\\/\\\/www.webdo.tn\\\/fr\\\/actualite\\\/national\\\/la-tunisie-invitee-d-honneur-a-la-7e-assemblee-generale-de-l-iofs\\\/222021\\\/#primaryimage\"},\"thumbnailUrl\":\"https:\\\/\\\/www.webdo.tn\\\/fr\\\/wp-content\\\/uploads\\\/2025\\\/05\\\/9b93e92acc92a650a562f988132b4ba3.webp\",\"keywords\":[\"IOFS\",\"S\u00e9curit\u00e9 alimentaire\",\"Tunisie\"],\"articleSection\":[\"National\"],\"inLanguage\":\"fr-FR\"},{\"@type\":\"WebPage\",\"@id\":\"https:\\\/\\\/www.webdo.tn\\\/fr\\\/actualite\\\/national\\\/la-tunisie-invitee-d-honneur-a-la-7e-assemblee-generale-de-l-iofs\\\/222021\\\/\",\"url\":\"https:\\\/\\\/www.webdo.tn\\\/fr\\\/actualite\\\/national\\\/la-tunisie-invitee-d-honneur-a-la-7e-assemblee-generale-de-l-iofs\\\/222021\\\/\",\"name\":\"La Tunisie invit\u00e9e d\u2019honneur \u00e0 la 7e Assembl\u00e9e g\u00e9n\u00e9rale de l\u2019IOFS\",\"isPartOf\":{\"@id\":\"https:\\\/\\\/www.webdo.tn\\\/fr\\\/#website\"},\"primaryImageOfPage\":{\"@id\":\"https:\\\/\\\/www.webdo.tn\\\/fr\\\/actualite\\\/national\\\/la-tunisie-invitee-d-honneur-a-la-7e-assemblee-generale-de-l-iofs\\\/222021\\\/#primaryimage\"},\"image\":{\"@id\":\"https:\\\/\\\/www.webdo.tn\\\/fr\\\/actualite\\\/national\\\/la-tunisie-invitee-d-honneur-a-la-7e-assemblee-generale-de-l-iofs\\\/222021\\\/#primaryimage\"},\"thumbnailUrl\":\"https:\\\/\\\/www.webdo.tn\\\/fr\\\/wp-content\\\/uploads\\\/2025\\\/05\\\/9b93e92acc92a650a562f988132b4ba3.webp\",\"datePublished\":\"2025-05-16T21:34:00+00:00\",\"description\":\"Rencontre entre le ministre tunisien de l\u2019Agriculture et le directeur g\u00e9n\u00e9ral de l\u2019IOFS pour renforcer la coop\u00e9ration en mati\u00e8re de s\u00e9curit\u00e9 alimentaire et de d...\",\"breadcrumb\":{\"@id\":\"https:\\\/\\\/www.webdo.tn\\\/fr\\\/actualite\\\/national\\\/la-tunisie-invitee-d-honneur-a-la-7e-assemblee-generale-de-l-iofs\\\/222021\\\/#breadcrumb\"},\"inLanguage\":\"fr-FR\",\"potentialAction\":[{\"@type\":\"ReadAction\",\"target\":[\"https:\\\/\\\/www.webdo.tn\\\/fr\\\/actualite\\\/national\\\/la-tunisie-invitee-d-honneur-a-la-7e-assemblee-generale-de-l-iofs\\\/222021\\\/\"]}]},{\"@type\":\"ImageObject\",\"inLanguage\":\"fr-FR\",\"@id\":\"https:\\\/\\\/www.webdo.tn\\\/fr\\\/actualite\\\/national\\\/la-tunisie-invitee-d-honneur-a-la-7e-assemblee-generale-de-l-iofs\\\/222021\\\/#primaryimage\",\"url\":\"https:\\\/\\\/www.webdo.tn\\\/fr\\\/wp-content\\\/uploads\\\/2025\\\/05\\\/9b93e92acc92a650a562f988132b4ba3.webp\",\"contentUrl\":\"https:\\\/\\\/www.webdo.tn\\\/fr\\\/wp-content\\\/uploads\\\/2025\\\/05\\\/9b93e92acc92a650a562f988132b4ba3.webp\",\"width\":750,\"height\":400,\"caption\":\"La Tunisie invit\u00e9e d\u2019honneur \u00e0 la 7e Assembl\u00e9e g\u00e9n\u00e9rale de l\u2019IOFS\"},{\"@type\":\"BreadcrumbList\",\"@id\":\"https:\\\/\\\/www.webdo.tn\\\/fr\\\/actualite\\\/national\\\/la-tunisie-invitee-d-honneur-a-la-7e-assemblee-generale-de-l-iofs\\\/222021\\\/#breadcrumb\",\"itemListElement\":[{\"@type\":\"ListItem\",\"position\":1,\"name\":\"Accueil\",\"item\":\"https:\\\/\\\/www.webdo.tn\\\/fr\\\/\"},{\"@type\":\"ListItem\",\"position\":2,\"name\":\"La Tunisie invit\u00e9e d\u2019honneur \u00e0 la 7e Assembl\u00e9e g\u00e9n\u00e9rale de l\u2019IOFS\"}]},{\"@type\":\"WebSite\",\"@id\":\"https:\\\/\\\/www.webdo.tn\\\/fr\\\/#website\",\"url\":\"https:\\\/\\\/www.webdo.tn\\\/fr\\\/\",\"name\":\"webdo\",\"description\":\"Tunisie - News en Tunisie et \u00e0 l&#039;international sur Webdo.tn\",\"publisher\":{\"@id\":\"https:\\\/\\\/www.webdo.tn\\\/fr\\\/#organization\"},\"potentialAction\":[{\"@type\":\"SearchAction\",\"target\":{\"@type\":\"EntryPoint\",\"urlTemplate\":\"https:\\\/\\\/www.webdo.tn\\\/fr\\\/?s={search_term_string}\"},\"query-input\":{\"@type\":\"PropertyValueSpecification\",\"valueRequired\":true,\"valueName\":\"search_term_string\"}}],\"inLanguage\":\"fr-FR\"},{\"@type\":\"Organization\",\"@id\":\"https:\\\/\\\/www.webdo.tn\\\/fr\\\/#organization\",\"name\":\"Webdo\",\"alternateName\":\"Webdo.tn\",\"url\":\"https:\\\/\\\/www.webdo.tn\\\/fr\\\/\",\"logo\":{\"@type\":\"ImageObject\",\"inLanguage\":\"fr-FR\",\"@id\":\"https:\\\/\\\/www.webdo.tn\\\/fr\\\/#\\\/schema\\\/logo\\\/image\\\/\",\"url\":\"https:\\\/\\\/www.webdo.tn\\\/fr\\\/wp-content\\\/uploads\\\/2025\\\/06\\\/Webdo-Tunisie_168377.jpg\",\"contentUrl\":\"https:\\\/\\\/www.webdo.tn\\\/fr\\\/wp-content\\\/uploads\\\/2025\\\/06\\\/Webdo-Tunisie_168377.jpg\",\"width\":301,\"height\":301,\"caption\":\"Webdo\"},\"image\":{\"@id\":\"https:\\\/\\\/www.webdo.tn\\\/fr\\\/#\\\/schema\\\/logo\\\/image\\\/\"},\"sameAs\":[\"https:\\\/\\\/www.facebook.com\\\/webdotn\",\"https:\\\/\\\/x.com\\\/webdo_tn\"],\"description\":\"Webdo est un m\u00e9dia num\u00e9rique tunisien fond\u00e9 en 2010, sp\u00e9cialis\u00e9 dans l\u2019actualit\u00e9 nationale et internationale, l\u2019\u00e9conomie, la soci\u00e9t\u00e9 et les analyses politiques. Le site s\u2019adresse \u00e0 un large public francophone et couvre l\u2019information tunisienne en temps r\u00e9el.\",\"email\":\"redac@webdo.tn\",\"legalName\":\"YNJ SARL\",\"foundingDate\":\"2010-09-06\",\"numberOfEmployees\":{\"@type\":\"QuantitativeValue\",\"minValue\":\"11\",\"maxValue\":\"50\"}},{\"@type\":\"Person\",\"@id\":\"https:\\\/\\\/www.webdo.tn\\\/fr\\\/#\\\/schema\\\/person\\\/2c4929cbf5a809e3bd38617c6ce150f6\",\"name\":\"MC\",\"image\":{\"@type\":\"ImageObject\",\"inLanguage\":\"fr-FR\",\"@id\":\"https:\\\/\\\/secure.gravatar.com\\\/avatar\\\/a545bbb6f84efdd5553dbbc2895e3ca8f1d12c5215e00a041c9670b54aa9b18a?s=96&d=mm&r=g\",\"url\":\"https:\\\/\\\/secure.gravatar.com\\\/avatar\\\/a545bbb6f84efdd5553dbbc2895e3ca8f1d12c5215e00a041c9670b54aa9b18a?s=96&d=mm&r=g\",\"contentUrl\":\"https:\\\/\\\/secure.gravatar.com\\\/avatar\\\/a545bbb6f84efdd5553dbbc2895e3ca8f1d12c5215e00a041c9670b54aa9b18a?s=96&d=mm&r=g\",\"caption\":\"MC\"},\"url\":\"https:\\\/\\\/www.webdo.tn\\\/fr\\\/actualite\\\/author\\\/mc\\\/\"}]}<\/script>\n<!-- \/ Yoast SEO Premium plugin. -->","yoast_head_json":{"title":"La Tunisie invit\u00e9e d\u2019honneur \u00e0 la 7e Assembl\u00e9e g\u00e9n\u00e9rale de l\u2019IOFS","description":"Rencontre entre le ministre tunisien de l\u2019Agriculture et le directeur g\u00e9n\u00e9ral de l\u2019IOFS pour renforcer la coop\u00e9ration en mati\u00e8re de s\u00e9curit\u00e9 alimentaire et de d...","canonical":"https:\/\/www.webdo.tn\/fr\/actualite\/national\/la-tunisie-invitee-d-honneur-a-la-7e-assemblee-generale-de-l-iofs\/222021\/","og_locale":"fr_FR","og_type":"article","og_title":"La Tunisie invit\u00e9e d\u2019honneur \u00e0 la 7e Assembl\u00e9e g\u00e9n\u00e9rale de l\u2019IOFS","og_description":"Rencontre entre le ministre tunisien de l\u2019Agriculture et le directeur g\u00e9n\u00e9ral de l\u2019IOFS pour renforcer la coop\u00e9ration en mati\u00e8re de s\u00e9curit\u00e9 alimentaire et de d...","og_url":"https:\/\/www.webdo.tn\/fr\/actualite\/national\/la-tunisie-invitee-d-honneur-a-la-7e-assemblee-generale-de-l-iofs\/222021\/","og_site_name":"webdo","article_publisher":"https:\/\/www.facebook.com\/webdotn","article_published_time":"2025-05-16T21:34:00+00:00","og_image":[{"width":750,"height":400,"url":"https:\/\/www.webdo.tn\/fr\/wp-content\/uploads\/2025\/05\/9b93e92acc92a650a562f988132b4ba3.webp","type":"image\/webp"}],"author":"MC","twitter_card":"summary_large_image","twitter_creator":"@webdo_tn","twitter_site":"@webdo_tn","twitter_misc":{"\u00c9crit par":"MC","Dur\u00e9e de lecture estim\u00e9e":"1 minute"},"schema":{"@context":"https:\/\/schema.org","@graph":[{"@type":"NewsArticle","@id":"https:\/\/www.webdo.tn\/fr\/actualite\/national\/la-tunisie-invitee-d-honneur-a-la-7e-assemblee-generale-de-l-iofs\/222021\/#article","isPartOf":{"@id":"https:\/\/www.webdo.tn\/fr\/actualite\/national\/la-tunisie-invitee-d-honneur-a-la-7e-assemblee-generale-de-l-iofs\/222021\/"},"author":{"name":"MC","@id":"https:\/\/www.webdo.tn\/fr\/#\/schema\/person\/2c4929cbf5a809e3bd38617c6ce150f6"},"headline":"La Tunisie invit\u00e9e d\u2019honneur \u00e0 la 7e Assembl\u00e9e g\u00e9n\u00e9rale de l\u2019IOFS","datePublished":"2025-05-16T21:34:00+00:00","mainEntityOfPage":{"@id":"https:\/\/www.webdo.tn\/fr\/actualite\/national\/la-tunisie-invitee-d-honneur-a-la-7e-assemblee-generale-de-l-iofs\/222021\/"},"wordCount":211,"commentCount":0,"publisher":{"@id":"https:\/\/www.webdo.tn\/fr\/#organization"},"image":{"@id":"https:\/\/www.webdo.tn\/fr\/actualite\/national\/la-tunisie-invitee-d-honneur-a-la-7e-assemblee-generale-de-l-iofs\/222021\/#primaryimage"},"thumbnailUrl":"https:\/\/www.webdo.tn\/fr\/wp-content\/uploads\/2025\/05\/9b93e92acc92a650a562f988132b4ba3.webp","keywords":["IOFS","S\u00e9curit\u00e9 alimentaire","Tunisie"],"articleSection":["National"],"inLanguage":"fr-FR"},{"@type":"WebPage","@id":"https:\/\/www.webdo.tn\/fr\/actualite\/national\/la-tunisie-invitee-d-honneur-a-la-7e-assemblee-generale-de-l-iofs\/222021\/","url":"https:\/\/www.webdo.tn\/fr\/actualite\/national\/la-tunisie-invitee-d-honneur-a-la-7e-assemblee-generale-de-l-iofs\/222021\/","name":"La Tunisie invit\u00e9e d\u2019honneur \u00e0 la 7e Assembl\u00e9e g\u00e9n\u00e9rale de l\u2019IOFS","isPartOf":{"@id":"https:\/\/www.webdo.tn\/fr\/#website"},"primaryImageOfPage":{"@id":"https:\/\/www.webdo.tn\/fr\/actualite\/national\/la-tunisie-invitee-d-honneur-a-la-7e-assemblee-generale-de-l-iofs\/222021\/#primaryimage"},"image":{"@id":"https:\/\/www.webdo.tn\/fr\/actualite\/national\/la-tunisie-invitee-d-honneur-a-la-7e-assemblee-generale-de-l-iofs\/222021\/#primaryimage"},"thumbnailUrl":"https:\/\/www.webdo.tn\/fr\/wp-content\/uploads\/2025\/05\/9b93e92acc92a650a562f988132b4ba3.webp","datePublished":"2025-05-16T21:34:00+00:00","description":"Rencontre entre le ministre tunisien de l\u2019Agriculture et le directeur g\u00e9n\u00e9ral de l\u2019IOFS pour renforcer la coop\u00e9ration en mati\u00e8re de s\u00e9curit\u00e9 alimentaire et de d...","breadcrumb":{"@id":"https:\/\/www.webdo.tn\/fr\/actualite\/national\/la-tunisie-invitee-d-honneur-a-la-7e-assemblee-generale-de-l-iofs\/222021\/#breadcrumb"},"inLanguage":"fr-FR","potentialAction":[{"@type":"ReadAction","target":["https:\/\/www.webdo.tn\/fr\/actualite\/national\/la-tunisie-invitee-d-honneur-a-la-7e-assemblee-generale-de-l-iofs\/222021\/"]}]},{"@type":"ImageObject","inLanguage":"fr-FR","@id":"https:\/\/www.webdo.tn\/fr\/actualite\/national\/la-tunisie-invitee-d-honneur-a-la-7e-assemblee-generale-de-l-iofs\/222021\/#primaryimage","url":"https:\/\/www.webdo.tn\/fr\/wp-content\/uploads\/2025\/05\/9b93e92acc92a650a562f988132b4ba3.webp","contentUrl":"https:\/\/www.webdo.tn\/fr\/wp-content\/uploads\/2025\/05\/9b93e92acc92a650a562f988132b4ba3.webp","width":750,"height":400,"caption":"La Tunisie invit\u00e9e d\u2019honneur \u00e0 la 7e Assembl\u00e9e g\u00e9n\u00e9rale de l\u2019IOFS"},{"@type":"BreadcrumbList","@id":"https:\/\/www.webdo.tn\/fr\/actualite\/national\/la-tunisie-invitee-d-honneur-a-la-7e-assemblee-generale-de-l-iofs\/222021\/#breadcrumb","itemListElement":[{"@type":"ListItem","position":1,"name":"Accueil","item":"https:\/\/www.webdo.tn\/fr\/"},{"@type":"ListItem","position":2,"name":"La Tunisie invit\u00e9e d\u2019honneur \u00e0 la 7e Assembl\u00e9e g\u00e9n\u00e9rale de l\u2019IOFS"}]},{"@type":"WebSite","@id":"https:\/\/www.webdo.tn\/fr\/#website","url":"https:\/\/www.webdo.tn\/fr\/","name":"webdo","description":"Tunisie - News en Tunisie et \u00e0 l&#039;international sur Webdo.tn","publisher":{"@id":"https:\/\/www.webdo.tn\/fr\/#organization"},"potentialAction":[{"@type":"SearchAction","target":{"@type":"EntryPoint","urlTemplate":"https:\/\/www.webdo.tn\/fr\/?s={search_term_string}"},"query-input":{"@type":"PropertyValueSpecification","valueRequired":true,"valueName":"search_term_string"}}],"inLanguage":"fr-FR"},{"@type":"Organization","@id":"https:\/\/www.webdo.tn\/fr\/#organization","name":"Webdo","alternateName":"Webdo.tn","url":"https:\/\/www.webdo.tn\/fr\/","logo":{"@type":"ImageObject","inLanguage":"fr-FR","@id":"https:\/\/www.webdo.tn\/fr\/#\/schema\/logo\/image\/","url":"https:\/\/www.webdo.tn\/fr\/wp-content\/uploads\/2025\/06\/Webdo-Tunisie_168377.jpg","contentUrl":"https:\/\/www.webdo.tn\/fr\/wp-content\/uploads\/2025\/06\/Webdo-Tunisie_168377.jpg","width":301,"height":301,"caption":"Webdo"},"image":{"@id":"https:\/\/www.webdo.tn\/fr\/#\/schema\/logo\/image\/"},"sameAs":["https:\/\/www.facebook.com\/webdotn","https:\/\/x.com\/webdo_tn"],"description":"Webdo est un m\u00e9dia num\u00e9rique tunisien fond\u00e9 en 2010, sp\u00e9cialis\u00e9 dans l\u2019actualit\u00e9 nationale et internationale, l\u2019\u00e9conomie, la soci\u00e9t\u00e9 et les analyses politiques. Le site s\u2019adresse \u00e0 un large public francophone et couvre l\u2019information tunisienne en temps r\u00e9el.","email":"redac@webdo.tn","legalName":"YNJ SARL","foundingDate":"2010-09-06","numberOfEmployees":{"@type":"QuantitativeValue","minValue":"11","maxValue":"50"}},{"@type":"Person","@id":"https:\/\/www.webdo.tn\/fr\/#\/schema\/person\/2c4929cbf5a809e3bd38617c6ce150f6","name":"MC","image":{"@type":"ImageObject","inLanguage":"fr-FR","@id":"https:\/\/secure.gravatar.com\/avatar\/a545bbb6f84efdd5553dbbc2895e3ca8f1d12c5215e00a041c9670b54aa9b18a?s=96&d=mm&r=g","url":"https:\/\/secure.gravatar.com\/avatar\/a545bbb6f84efdd5553dbbc2895e3ca8f1d12c5215e00a041c9670b54aa9b18a?s=96&d=mm&r=g","contentUrl":"https:\/\/secure.gravatar.com\/avatar\/a545bbb6f84efdd5553dbbc2895e3ca8f1d12c5215e00a041c9670b54aa9b18a?s=96&d=mm&r=g","caption":"MC"},"url":"https:\/\/www.webdo.tn\/fr\/actualite\/author\/mc\/"}]}},"_links":{"self":[{"href":"https:\/\/www.webdo.tn\/fr\/wp-json\/wp\/v2\/posts\/222021","targetHints":{"allow":["GET"]}}],"collection":[{"href":"https:\/\/www.webdo.tn\/fr\/wp-json\/wp\/v2\/posts"}],"about":[{"href":"https:\/\/www.webdo.tn\/fr\/wp-json\/wp\/v2\/types\/post"}],"author":[{"embeddable":true,"href":"https:\/\/www.webdo.tn\/fr\/wp-json\/wp\/v2\/users\/3162"}],"replies":[{"embeddable":true,"href":"https:\/\/www.webdo.tn\/fr\/wp-json\/wp\/v2\/comments?post=222021"}],"version-history":[{"count":0,"href":"https:\/\/www.webdo.tn\/fr\/wp-json\/wp\/v2\/posts\/222021\/revisions"}],"wp:featuredmedia":[{"embeddable":true,"href":"https:\/\/www.webdo.tn\/fr\/wp-json\/wp\/v2\/media\/366127"}],"wp:attachment":[{"href":"https:\/\/www.webdo.tn\/fr\/wp-json\/wp\/v2\/media?parent=222021"}],"wp:term":[{"taxonomy":"category","embeddable":true,"href":"https:\/\/www.webdo.tn\/fr\/wp-json\/wp\/v2\/categories?post=222021"},{"taxonomy":"post_tag","embeddable":true,"href":"https:\/\/www.webdo.tn\/fr\/wp-json\/wp\/v2\/tags?post=222021"}],"curies":[{"name":"wp","href":"https:\/\/api.w.org\/{rel}","templated":true}]}}