{"id":222020,"date":"2025-05-16T20:19:00","date_gmt":"2025-05-16T20:19:00","guid":{"rendered":"https:\/\/www.webdo.tn\/fr\/blog\/coupe-de-tunisie-la-finale-fixee-au-1er-juin-2025-a-rades\/222020\/"},"modified":"2025-06-04T22:03:56","modified_gmt":"2025-06-04T22:03:56","slug":"coupe-de-tunisie-la-finale-fixee-au-1er-juin-2025-a-rades","status":"publish","type":"post","link":"https:\/\/www.webdo.tn\/fr\/actualite\/sport\/coupe-de-tunisie-la-finale-fixee-au-1er-juin-2025-a-rades\/222020\/","title":{"rendered":"Coupe de Tunisie : la finale fix\u00e9e au 1er juin 2025 \u00e0 Rad\u00e8s"},"content":{"rendered":"<p>La F\u00e9d\u00e9ration tunisienne de football a annonc\u00e9 que la finale de la Coupe de Tunisie, \u00e9dition 2024-2025, se d\u00e9roulera le dimanche 1er juin 2025. Le match d\u00e9butera \u00e0 16h00 au stade olympique Hammadi Agrebi de Rad\u00e8s.<\/p>\n<p> Avant ce rendez-vous, la comp\u00e9tition entrera dans sa phase d\u00e9cisive d\u00e8s ce week-end avec les quarts de finale, r\u00e9partis sur deux jours. Voici le programme communiqu\u00e9 par la F\u00e9d\u00e9ration :<\/p>\n<p>Samedi 17 mai :<\/p>\n<p> 14h30 : US Ben Guerdane \u2013 EGS Gafsa<\/p>\n<p>Dimanche 18 mai :<\/p>\n<p> 14h30 : Esp\u00e9rance de Tunis \u2013 ES Zarzis<\/p>\n<p> 14h30 : US Monastir \u2013 Club Africain<\/p>\n<p> 17h00 : \u00c9toile du Sahel \u2013 Stade Tunisien<\/p>\n<p>\u00c0 l\u2019issue de ces rencontres, le tirage au sort des demi-finales aura lieu en direct dans l\u2019\u00e9mission Dimanche Sport, diffus\u00e9e le dimanche 18 mai sur la cha\u00eene nationale Watanya 1.<\/p>\n<p>Les demi-finales sont quant \u00e0 elles pr\u00e9vues pour le 25 mai 2025, soit une semaine avant la finale. Le calendrier d\u00e9sormais connu permet de suivre avec pr\u00e9cision la derni\u00e8re ligne droite de cette \u00e9dition, qui d\u00e9signera le successeur du vainqueur de la saison pr\u00e9c\u00e9dente.<\/p>\n","protected":false},"excerpt":{"rendered":"<p>La finale de la Coupe de Tunisie 2024-2025 se jouera le 1er juin \u00e0 Rad\u00e8s. D\u00e9couvrez le programme complet des quarts de finale pr\u00e9vus ce week-end et les dates cl&#8230;<\/p>\n","protected":false},"author":3162,"featured_media":301817,"comment_status":"open","ping_status":"closed","sticky":false,"template":"","format":"standard","meta":{"footnotes":""},"categories":[2593],"tags":[3168,4676,2622,2608],"class_list":["post-222020","post","type-post","status-publish","format-standard","has-post-thumbnail","hentry","category-sport","tag-coupe-de-tunisie","tag-finale","tag-football","tag-tunisie"],"yoast_head":"<!-- This site is optimized with the Yoast SEO Premium plugin v27.4 (Yoast SEO v27.5) - https:\/\/yoast.com\/product\/yoast-seo-premium-wordpress\/ -->\n<title>Coupe de Tunisie : la finale fix\u00e9e au 1er juin 2025 \u00e0 Rad\u00e8s<\/title>\n<meta name=\"description\" content=\"La finale de la Coupe de Tunisie 2024-2025 se jouera le 1er juin \u00e0 Rad\u00e8s. D\u00e9couvrez le programme complet des quarts de finale pr\u00e9vus ce week-end et les dates cl...\" \/>\n<link rel=\"canonical\" href=\"https:\/\/www.webdo.tn\/fr\/actualite\/sport\/coupe-de-tunisie-la-finale-fixee-au-1er-juin-2025-a-rades\/222020\/\" \/>\n<meta property=\"og:locale\" content=\"fr_FR\" \/>\n<meta property=\"og:type\" content=\"article\" \/>\n<meta property=\"og:title\" content=\"Coupe de Tunisie : la finale fix\u00e9e au 1er juin 2025 \u00e0 Rad\u00e8s\" \/>\n<meta property=\"og:description\" content=\"La finale de la Coupe de Tunisie 2024-2025 se jouera le 1er juin \u00e0 Rad\u00e8s. D\u00e9couvrez le programme complet des quarts de finale pr\u00e9vus ce week-end et les dates cl...\" \/>\n<meta property=\"og:url\" content=\"https:\/\/www.webdo.tn\/fr\/actualite\/sport\/coupe-de-tunisie-la-finale-fixee-au-1er-juin-2025-a-rades\/222020\/\" \/>\n<meta property=\"og:site_name\" content=\"webdo\" \/>\n<meta property=\"article:publisher\" content=\"https:\/\/www.facebook.com\/webdotn\" \/>\n<meta property=\"article:published_time\" content=\"2025-05-16T20:19:00+00:00\" \/>\n<meta property=\"article:modified_time\" content=\"2025-06-04T22:03:56+00:00\" \/>\n<meta property=\"og:image\" content=\"https:\/\/www.webdo.tn\/fr\/wp-content\/uploads\/2025\/05\/5e5d29ba7fe1b1336d373f3aa1d072f4.webp\" \/>\n\t<meta property=\"og:image:width\" content=\"750\" \/>\n\t<meta property=\"og:image:height\" content=\"400\" \/>\n\t<meta property=\"og:image:type\" content=\"image\/webp\" \/>\n<meta name=\"author\" content=\"MC\" \/>\n<meta name=\"twitter:card\" content=\"summary_large_image\" \/>\n<meta name=\"twitter:creator\" content=\"@webdo_tn\" \/>\n<meta name=\"twitter:site\" content=\"@webdo_tn\" \/>\n<meta name=\"twitter:label1\" content=\"\u00c9crit par\" \/>\n\t<meta name=\"twitter:data1\" content=\"MC\" \/>\n\t<meta name=\"twitter:label2\" content=\"Dur\u00e9e de lecture estim\u00e9e\" \/>\n\t<meta name=\"twitter:data2\" content=\"1 minute\" \/>\n<script type=\"application\/ld+json\" class=\"yoast-schema-graph\">{\"@context\":\"https:\\\/\\\/schema.org\",\"@graph\":[{\"@type\":\"NewsArticle\",\"@id\":\"https:\\\/\\\/www.webdo.tn\\\/fr\\\/actualite\\\/sport\\\/coupe-de-tunisie-la-finale-fixee-au-1er-juin-2025-a-rades\\\/222020\\\/#article\",\"isPartOf\":{\"@id\":\"https:\\\/\\\/www.webdo.tn\\\/fr\\\/actualite\\\/sport\\\/coupe-de-tunisie-la-finale-fixee-au-1er-juin-2025-a-rades\\\/222020\\\/\"},\"author\":{\"name\":\"MC\",\"@id\":\"https:\\\/\\\/www.webdo.tn\\\/fr\\\/#\\\/schema\\\/person\\\/2c4929cbf5a809e3bd38617c6ce150f6\"},\"headline\":\"Coupe de Tunisie : la finale fix\u00e9e au 1er juin 2025 \u00e0 Rad\u00e8s\",\"datePublished\":\"2025-05-16T20:19:00+00:00\",\"dateModified\":\"2025-06-04T22:03:56+00:00\",\"mainEntityOfPage\":{\"@id\":\"https:\\\/\\\/www.webdo.tn\\\/fr\\\/actualite\\\/sport\\\/coupe-de-tunisie-la-finale-fixee-au-1er-juin-2025-a-rades\\\/222020\\\/\"},\"wordCount\":193,\"commentCount\":0,\"publisher\":{\"@id\":\"https:\\\/\\\/www.webdo.tn\\\/fr\\\/#organization\"},\"image\":{\"@id\":\"https:\\\/\\\/www.webdo.tn\\\/fr\\\/actualite\\\/sport\\\/coupe-de-tunisie-la-finale-fixee-au-1er-juin-2025-a-rades\\\/222020\\\/#primaryimage\"},\"thumbnailUrl\":\"https:\\\/\\\/www.webdo.tn\\\/fr\\\/wp-content\\\/uploads\\\/2025\\\/05\\\/5e5d29ba7fe1b1336d373f3aa1d072f4.webp\",\"keywords\":[\"coupe de tunisie\",\"finale\",\"football\",\"Tunisie\"],\"articleSection\":[\"Sport\"],\"inLanguage\":\"fr-FR\"},{\"@type\":\"WebPage\",\"@id\":\"https:\\\/\\\/www.webdo.tn\\\/fr\\\/actualite\\\/sport\\\/coupe-de-tunisie-la-finale-fixee-au-1er-juin-2025-a-rades\\\/222020\\\/\",\"url\":\"https:\\\/\\\/www.webdo.tn\\\/fr\\\/actualite\\\/sport\\\/coupe-de-tunisie-la-finale-fixee-au-1er-juin-2025-a-rades\\\/222020\\\/\",\"name\":\"Coupe de Tunisie : la finale fix\u00e9e au 1er juin 2025 \u00e0 Rad\u00e8s\",\"isPartOf\":{\"@id\":\"https:\\\/\\\/www.webdo.tn\\\/fr\\\/#website\"},\"primaryImageOfPage\":{\"@id\":\"https:\\\/\\\/www.webdo.tn\\\/fr\\\/actualite\\\/sport\\\/coupe-de-tunisie-la-finale-fixee-au-1er-juin-2025-a-rades\\\/222020\\\/#primaryimage\"},\"image\":{\"@id\":\"https:\\\/\\\/www.webdo.tn\\\/fr\\\/actualite\\\/sport\\\/coupe-de-tunisie-la-finale-fixee-au-1er-juin-2025-a-rades\\\/222020\\\/#primaryimage\"},\"thumbnailUrl\":\"https:\\\/\\\/www.webdo.tn\\\/fr\\\/wp-content\\\/uploads\\\/2025\\\/05\\\/5e5d29ba7fe1b1336d373f3aa1d072f4.webp\",\"datePublished\":\"2025-05-16T20:19:00+00:00\",\"dateModified\":\"2025-06-04T22:03:56+00:00\",\"description\":\"La finale de la Coupe de Tunisie 2024-2025 se jouera le 1er juin \u00e0 Rad\u00e8s. D\u00e9couvrez le programme complet des quarts de finale pr\u00e9vus ce week-end et les dates cl...\",\"breadcrumb\":{\"@id\":\"https:\\\/\\\/www.webdo.tn\\\/fr\\\/actualite\\\/sport\\\/coupe-de-tunisie-la-finale-fixee-au-1er-juin-2025-a-rades\\\/222020\\\/#breadcrumb\"},\"inLanguage\":\"fr-FR\",\"potentialAction\":[{\"@type\":\"ReadAction\",\"target\":[\"https:\\\/\\\/www.webdo.tn\\\/fr\\\/actualite\\\/sport\\\/coupe-de-tunisie-la-finale-fixee-au-1er-juin-2025-a-rades\\\/222020\\\/\"]}]},{\"@type\":\"ImageObject\",\"inLanguage\":\"fr-FR\",\"@id\":\"https:\\\/\\\/www.webdo.tn\\\/fr\\\/actualite\\\/sport\\\/coupe-de-tunisie-la-finale-fixee-au-1er-juin-2025-a-rades\\\/222020\\\/#primaryimage\",\"url\":\"https:\\\/\\\/www.webdo.tn\\\/fr\\\/wp-content\\\/uploads\\\/2025\\\/05\\\/5e5d29ba7fe1b1336d373f3aa1d072f4.webp\",\"contentUrl\":\"https:\\\/\\\/www.webdo.tn\\\/fr\\\/wp-content\\\/uploads\\\/2025\\\/05\\\/5e5d29ba7fe1b1336d373f3aa1d072f4.webp\",\"width\":750,\"height\":400,\"caption\":\"Coupe de Tunisie : la finale fix\u00e9e au 1er juin 2025 \u00e0 Rad\u00e8s\"},{\"@type\":\"BreadcrumbList\",\"@id\":\"https:\\\/\\\/www.webdo.tn\\\/fr\\\/actualite\\\/sport\\\/coupe-de-tunisie-la-finale-fixee-au-1er-juin-2025-a-rades\\\/222020\\\/#breadcrumb\",\"itemListElement\":[{\"@type\":\"ListItem\",\"position\":1,\"name\":\"Accueil\",\"item\":\"https:\\\/\\\/www.webdo.tn\\\/fr\\\/\"},{\"@type\":\"ListItem\",\"position\":2,\"name\":\"Coupe de Tunisie : la finale fix\u00e9e au 1er juin 2025 \u00e0 Rad\u00e8s\"}]},{\"@type\":\"WebSite\",\"@id\":\"https:\\\/\\\/www.webdo.tn\\\/fr\\\/#website\",\"url\":\"https:\\\/\\\/www.webdo.tn\\\/fr\\\/\",\"name\":\"webdo\",\"description\":\"Tunisie - News en Tunisie et \u00e0 l&#039;international sur Webdo.tn\",\"publisher\":{\"@id\":\"https:\\\/\\\/www.webdo.tn\\\/fr\\\/#organization\"},\"potentialAction\":[{\"@type\":\"SearchAction\",\"target\":{\"@type\":\"EntryPoint\",\"urlTemplate\":\"https:\\\/\\\/www.webdo.tn\\\/fr\\\/?s={search_term_string}\"},\"query-input\":{\"@type\":\"PropertyValueSpecification\",\"valueRequired\":true,\"valueName\":\"search_term_string\"}}],\"inLanguage\":\"fr-FR\"},{\"@type\":\"Organization\",\"@id\":\"https:\\\/\\\/www.webdo.tn\\\/fr\\\/#organization\",\"name\":\"Webdo\",\"alternateName\":\"Webdo.tn\",\"url\":\"https:\\\/\\\/www.webdo.tn\\\/fr\\\/\",\"logo\":{\"@type\":\"ImageObject\",\"inLanguage\":\"fr-FR\",\"@id\":\"https:\\\/\\\/www.webdo.tn\\\/fr\\\/#\\\/schema\\\/logo\\\/image\\\/\",\"url\":\"https:\\\/\\\/www.webdo.tn\\\/fr\\\/wp-content\\\/uploads\\\/2025\\\/06\\\/Webdo-Tunisie_168377.jpg\",\"contentUrl\":\"https:\\\/\\\/www.webdo.tn\\\/fr\\\/wp-content\\\/uploads\\\/2025\\\/06\\\/Webdo-Tunisie_168377.jpg\",\"width\":301,\"height\":301,\"caption\":\"Webdo\"},\"image\":{\"@id\":\"https:\\\/\\\/www.webdo.tn\\\/fr\\\/#\\\/schema\\\/logo\\\/image\\\/\"},\"sameAs\":[\"https:\\\/\\\/www.facebook.com\\\/webdotn\",\"https:\\\/\\\/x.com\\\/webdo_tn\"],\"description\":\"Webdo est un m\u00e9dia num\u00e9rique tunisien fond\u00e9 en 2010, sp\u00e9cialis\u00e9 dans l\u2019actualit\u00e9 nationale et internationale, l\u2019\u00e9conomie, la soci\u00e9t\u00e9 et les analyses politiques. Le site s\u2019adresse \u00e0 un large public francophone et couvre l\u2019information tunisienne en temps r\u00e9el.\",\"email\":\"redac@webdo.tn\",\"legalName\":\"YNJ SARL\",\"foundingDate\":\"2010-09-06\",\"numberOfEmployees\":{\"@type\":\"QuantitativeValue\",\"minValue\":\"11\",\"maxValue\":\"50\"}},{\"@type\":\"Person\",\"@id\":\"https:\\\/\\\/www.webdo.tn\\\/fr\\\/#\\\/schema\\\/person\\\/2c4929cbf5a809e3bd38617c6ce150f6\",\"name\":\"MC\",\"image\":{\"@type\":\"ImageObject\",\"inLanguage\":\"fr-FR\",\"@id\":\"https:\\\/\\\/secure.gravatar.com\\\/avatar\\\/a545bbb6f84efdd5553dbbc2895e3ca8f1d12c5215e00a041c9670b54aa9b18a?s=96&d=mm&r=g\",\"url\":\"https:\\\/\\\/secure.gravatar.com\\\/avatar\\\/a545bbb6f84efdd5553dbbc2895e3ca8f1d12c5215e00a041c9670b54aa9b18a?s=96&d=mm&r=g\",\"contentUrl\":\"https:\\\/\\\/secure.gravatar.com\\\/avatar\\\/a545bbb6f84efdd5553dbbc2895e3ca8f1d12c5215e00a041c9670b54aa9b18a?s=96&d=mm&r=g\",\"caption\":\"MC\"},\"url\":\"https:\\\/\\\/www.webdo.tn\\\/fr\\\/actualite\\\/author\\\/mc\\\/\"}]}<\/script>\n<!-- \/ Yoast SEO Premium plugin. -->","yoast_head_json":{"title":"Coupe de Tunisie : la finale fix\u00e9e au 1er juin 2025 \u00e0 Rad\u00e8s","description":"La finale de la Coupe de Tunisie 2024-2025 se jouera le 1er juin \u00e0 Rad\u00e8s. D\u00e9couvrez le programme complet des quarts de finale pr\u00e9vus ce week-end et les dates cl...","canonical":"https:\/\/www.webdo.tn\/fr\/actualite\/sport\/coupe-de-tunisie-la-finale-fixee-au-1er-juin-2025-a-rades\/222020\/","og_locale":"fr_FR","og_type":"article","og_title":"Coupe de Tunisie : la finale fix\u00e9e au 1er juin 2025 \u00e0 Rad\u00e8s","og_description":"La finale de la Coupe de Tunisie 2024-2025 se jouera le 1er juin \u00e0 Rad\u00e8s. D\u00e9couvrez le programme complet des quarts de finale pr\u00e9vus ce week-end et les dates cl...","og_url":"https:\/\/www.webdo.tn\/fr\/actualite\/sport\/coupe-de-tunisie-la-finale-fixee-au-1er-juin-2025-a-rades\/222020\/","og_site_name":"webdo","article_publisher":"https:\/\/www.facebook.com\/webdotn","article_published_time":"2025-05-16T20:19:00+00:00","article_modified_time":"2025-06-04T22:03:56+00:00","og_image":[{"width":750,"height":400,"url":"https:\/\/www.webdo.tn\/fr\/wp-content\/uploads\/2025\/05\/5e5d29ba7fe1b1336d373f3aa1d072f4.webp","type":"image\/webp"}],"author":"MC","twitter_card":"summary_large_image","twitter_creator":"@webdo_tn","twitter_site":"@webdo_tn","twitter_misc":{"\u00c9crit par":"MC","Dur\u00e9e de lecture estim\u00e9e":"1 minute"},"schema":{"@context":"https:\/\/schema.org","@graph":[{"@type":"NewsArticle","@id":"https:\/\/www.webdo.tn\/fr\/actualite\/sport\/coupe-de-tunisie-la-finale-fixee-au-1er-juin-2025-a-rades\/222020\/#article","isPartOf":{"@id":"https:\/\/www.webdo.tn\/fr\/actualite\/sport\/coupe-de-tunisie-la-finale-fixee-au-1er-juin-2025-a-rades\/222020\/"},"author":{"name":"MC","@id":"https:\/\/www.webdo.tn\/fr\/#\/schema\/person\/2c4929cbf5a809e3bd38617c6ce150f6"},"headline":"Coupe de Tunisie : la finale fix\u00e9e au 1er juin 2025 \u00e0 Rad\u00e8s","datePublished":"2025-05-16T20:19:00+00:00","dateModified":"2025-06-04T22:03:56+00:00","mainEntityOfPage":{"@id":"https:\/\/www.webdo.tn\/fr\/actualite\/sport\/coupe-de-tunisie-la-finale-fixee-au-1er-juin-2025-a-rades\/222020\/"},"wordCount":193,"commentCount":0,"publisher":{"@id":"https:\/\/www.webdo.tn\/fr\/#organization"},"image":{"@id":"https:\/\/www.webdo.tn\/fr\/actualite\/sport\/coupe-de-tunisie-la-finale-fixee-au-1er-juin-2025-a-rades\/222020\/#primaryimage"},"thumbnailUrl":"https:\/\/www.webdo.tn\/fr\/wp-content\/uploads\/2025\/05\/5e5d29ba7fe1b1336d373f3aa1d072f4.webp","keywords":["coupe de tunisie","finale","football","Tunisie"],"articleSection":["Sport"],"inLanguage":"fr-FR"},{"@type":"WebPage","@id":"https:\/\/www.webdo.tn\/fr\/actualite\/sport\/coupe-de-tunisie-la-finale-fixee-au-1er-juin-2025-a-rades\/222020\/","url":"https:\/\/www.webdo.tn\/fr\/actualite\/sport\/coupe-de-tunisie-la-finale-fixee-au-1er-juin-2025-a-rades\/222020\/","name":"Coupe de Tunisie : la finale fix\u00e9e au 1er juin 2025 \u00e0 Rad\u00e8s","isPartOf":{"@id":"https:\/\/www.webdo.tn\/fr\/#website"},"primaryImageOfPage":{"@id":"https:\/\/www.webdo.tn\/fr\/actualite\/sport\/coupe-de-tunisie-la-finale-fixee-au-1er-juin-2025-a-rades\/222020\/#primaryimage"},"image":{"@id":"https:\/\/www.webdo.tn\/fr\/actualite\/sport\/coupe-de-tunisie-la-finale-fixee-au-1er-juin-2025-a-rades\/222020\/#primaryimage"},"thumbnailUrl":"https:\/\/www.webdo.tn\/fr\/wp-content\/uploads\/2025\/05\/5e5d29ba7fe1b1336d373f3aa1d072f4.webp","datePublished":"2025-05-16T20:19:00+00:00","dateModified":"2025-06-04T22:03:56+00:00","description":"La finale de la Coupe de Tunisie 2024-2025 se jouera le 1er juin \u00e0 Rad\u00e8s. D\u00e9couvrez le programme complet des quarts de finale pr\u00e9vus ce week-end et les dates cl...","breadcrumb":{"@id":"https:\/\/www.webdo.tn\/fr\/actualite\/sport\/coupe-de-tunisie-la-finale-fixee-au-1er-juin-2025-a-rades\/222020\/#breadcrumb"},"inLanguage":"fr-FR","potentialAction":[{"@type":"ReadAction","target":["https:\/\/www.webdo.tn\/fr\/actualite\/sport\/coupe-de-tunisie-la-finale-fixee-au-1er-juin-2025-a-rades\/222020\/"]}]},{"@type":"ImageObject","inLanguage":"fr-FR","@id":"https:\/\/www.webdo.tn\/fr\/actualite\/sport\/coupe-de-tunisie-la-finale-fixee-au-1er-juin-2025-a-rades\/222020\/#primaryimage","url":"https:\/\/www.webdo.tn\/fr\/wp-content\/uploads\/2025\/05\/5e5d29ba7fe1b1336d373f3aa1d072f4.webp","contentUrl":"https:\/\/www.webdo.tn\/fr\/wp-content\/uploads\/2025\/05\/5e5d29ba7fe1b1336d373f3aa1d072f4.webp","width":750,"height":400,"caption":"Coupe de Tunisie : la finale fix\u00e9e au 1er juin 2025 \u00e0 Rad\u00e8s"},{"@type":"BreadcrumbList","@id":"https:\/\/www.webdo.tn\/fr\/actualite\/sport\/coupe-de-tunisie-la-finale-fixee-au-1er-juin-2025-a-rades\/222020\/#breadcrumb","itemListElement":[{"@type":"ListItem","position":1,"name":"Accueil","item":"https:\/\/www.webdo.tn\/fr\/"},{"@type":"ListItem","position":2,"name":"Coupe de Tunisie : la finale fix\u00e9e au 1er juin 2025 \u00e0 Rad\u00e8s"}]},{"@type":"WebSite","@id":"https:\/\/www.webdo.tn\/fr\/#website","url":"https:\/\/www.webdo.tn\/fr\/","name":"webdo","description":"Tunisie - News en Tunisie et \u00e0 l&#039;international sur Webdo.tn","publisher":{"@id":"https:\/\/www.webdo.tn\/fr\/#organization"},"potentialAction":[{"@type":"SearchAction","target":{"@type":"EntryPoint","urlTemplate":"https:\/\/www.webdo.tn\/fr\/?s={search_term_string}"},"query-input":{"@type":"PropertyValueSpecification","valueRequired":true,"valueName":"search_term_string"}}],"inLanguage":"fr-FR"},{"@type":"Organization","@id":"https:\/\/www.webdo.tn\/fr\/#organization","name":"Webdo","alternateName":"Webdo.tn","url":"https:\/\/www.webdo.tn\/fr\/","logo":{"@type":"ImageObject","inLanguage":"fr-FR","@id":"https:\/\/www.webdo.tn\/fr\/#\/schema\/logo\/image\/","url":"https:\/\/www.webdo.tn\/fr\/wp-content\/uploads\/2025\/06\/Webdo-Tunisie_168377.jpg","contentUrl":"https:\/\/www.webdo.tn\/fr\/wp-content\/uploads\/2025\/06\/Webdo-Tunisie_168377.jpg","width":301,"height":301,"caption":"Webdo"},"image":{"@id":"https:\/\/www.webdo.tn\/fr\/#\/schema\/logo\/image\/"},"sameAs":["https:\/\/www.facebook.com\/webdotn","https:\/\/x.com\/webdo_tn"],"description":"Webdo est un m\u00e9dia num\u00e9rique tunisien fond\u00e9 en 2010, sp\u00e9cialis\u00e9 dans l\u2019actualit\u00e9 nationale et internationale, l\u2019\u00e9conomie, la soci\u00e9t\u00e9 et les analyses politiques. Le site s\u2019adresse \u00e0 un large public francophone et couvre l\u2019information tunisienne en temps r\u00e9el.","email":"redac@webdo.tn","legalName":"YNJ SARL","foundingDate":"2010-09-06","numberOfEmployees":{"@type":"QuantitativeValue","minValue":"11","maxValue":"50"}},{"@type":"Person","@id":"https:\/\/www.webdo.tn\/fr\/#\/schema\/person\/2c4929cbf5a809e3bd38617c6ce150f6","name":"MC","image":{"@type":"ImageObject","inLanguage":"fr-FR","@id":"https:\/\/secure.gravatar.com\/avatar\/a545bbb6f84efdd5553dbbc2895e3ca8f1d12c5215e00a041c9670b54aa9b18a?s=96&d=mm&r=g","url":"https:\/\/secure.gravatar.com\/avatar\/a545bbb6f84efdd5553dbbc2895e3ca8f1d12c5215e00a041c9670b54aa9b18a?s=96&d=mm&r=g","contentUrl":"https:\/\/secure.gravatar.com\/avatar\/a545bbb6f84efdd5553dbbc2895e3ca8f1d12c5215e00a041c9670b54aa9b18a?s=96&d=mm&r=g","caption":"MC"},"url":"https:\/\/www.webdo.tn\/fr\/actualite\/author\/mc\/"}]}},"_links":{"self":[{"href":"https:\/\/www.webdo.tn\/fr\/wp-json\/wp\/v2\/posts\/222020","targetHints":{"allow":["GET"]}}],"collection":[{"href":"https:\/\/www.webdo.tn\/fr\/wp-json\/wp\/v2\/posts"}],"about":[{"href":"https:\/\/www.webdo.tn\/fr\/wp-json\/wp\/v2\/types\/post"}],"author":[{"embeddable":true,"href":"https:\/\/www.webdo.tn\/fr\/wp-json\/wp\/v2\/users\/3162"}],"replies":[{"embeddable":true,"href":"https:\/\/www.webdo.tn\/fr\/wp-json\/wp\/v2\/comments?post=222020"}],"version-history":[{"count":0,"href":"https:\/\/www.webdo.tn\/fr\/wp-json\/wp\/v2\/posts\/222020\/revisions"}],"wp:featuredmedia":[{"embeddable":true,"href":"https:\/\/www.webdo.tn\/fr\/wp-json\/wp\/v2\/media\/301817"}],"wp:attachment":[{"href":"https:\/\/www.webdo.tn\/fr\/wp-json\/wp\/v2\/media?parent=222020"}],"wp:term":[{"taxonomy":"category","embeddable":true,"href":"https:\/\/www.webdo.tn\/fr\/wp-json\/wp\/v2\/categories?post=222020"},{"taxonomy":"post_tag","embeddable":true,"href":"https:\/\/www.webdo.tn\/fr\/wp-json\/wp\/v2\/tags?post=222020"}],"curies":[{"name":"wp","href":"https:\/\/api.w.org\/{rel}","templated":true}]}}