{"id":222016,"date":"2025-05-16T17:35:00","date_gmt":"2025-05-16T17:35:00","guid":{"rendered":"https:\/\/www.webdo.tn\/fr\/actualite\/blog\/le-ministere-des-finances-clarifie-la-situation-fiscale-des-tre\/222016\/"},"modified":"2025-05-16T17:35:00","modified_gmt":"2025-05-16T17:35:00","slug":"le-ministere-des-finances-clarifie-la-situation-fiscale-des-tre","status":"publish","type":"post","link":"https:\/\/www.webdo.tn\/fr\/actualite\/national\/le-ministere-des-finances-clarifie-la-situation-fiscale-des-tre\/222016\/","title":{"rendered":"Tunisie : Le minist\u00e8re des Finances clarifie la situation fiscale des TRE"},"content":{"rendered":"<p>Dans un communiqu\u00e9 publi\u00e9 ce vendredi 16 mai 2025, le minist\u00e8re des Finances a tenu \u00e0 clarifier certaines interrogations relatives \u00e0 la situation fiscale des Tunisiens r\u00e9sidant \u00e0 l\u2019\u00e9tranger.<\/p>\n<p> Le minist\u00e8re a clairement pr\u00e9cis\u00e9 que les Tunisiens vivant \u00e0 l\u2019\u00e9tranger ne sont pas tenus de d\u00e9poser en Tunisie des d\u00e9clarations fiscales concernant leurs revenus r\u00e9alis\u00e9s hors du pays.<\/p>\n<p>Le minist\u00e8re a \u00e9galement pr\u00e9cis\u00e9 que, si besoin est, ces citoyens peuvent obtenir une attestation de non-assujettissement \u00e0 l\u2019imp\u00f4t. Cette d\u00e9marche peut \u00eatre effectu\u00e9e aupr\u00e8s du bureau de contr\u00f4le des imp\u00f4ts comp\u00e9tent, en se basant sur l\u2019adresse figurant sur leur carte d\u2019identit\u00e9 nationale.<\/p>\n<p>Il a par ailleurs insist\u00e9 sur le fait qu\u2019aucune nouvelle l\u00e9gislation fiscale concernant les Tunisiens vivant hors du territoire national n\u2019a \u00e9t\u00e9 promulgu\u00e9e r\u00e9cemment tout en rappelant que les services de la Direction g\u00e9n\u00e9rale des imp\u00f4ts restent \u00e0 la disposition des citoyens pour examiner leurs \u00e9ventuelles objections ou r\u00e9serves.<\/p>\n<p>Cette clarification intervient apr\u00e8s la diffusion d\u2019un message du d\u00e9put\u00e9 Taher Ben Mansour, qui interrogeait la ministre des Finances sur des demandes de paiement d\u2019imp\u00f4ts adress\u00e9es \u00e0 certains membres de la diaspora.<\/p>\n<p>Selon ses propos, l\u2019administration fiscale aurait \u00e9voqu\u00e9 l\u2019absence d\u2019accords de non-double imposition avec certains pays, ou exig\u00e9 des justificatifs de paiement d\u2019imp\u00f4ts \u00e0 l\u2019\u00e9tranger, m\u00eame en pr\u00e9sence de tels accords.<\/p>\n<p>Intervenant \u00e0 ce sujet sur les ondes d\u2019Express FM, l&rsquo;expert en fiscalit\u00e9 et membre du Conseil National de la Fiscalit\u00e9 (CNF) Mohamed Salah Ayari a tenu \u00e0 rappeler les fondements juridiques de la question. Selon lui, l\u2019article 36 du Code de l\u2019imp\u00f4t sur le revenu et sur les soci\u00e9t\u00e9s est clair : toute personne r\u00e9sidant \u00e0 l\u2019\u00e9tranger, qui a d\u00e9clar\u00e9 ses revenus et dispose d\u2019un justificatif en bonne et due forme, ne peut \u00eatre contrainte de payer \u00e0 nouveau des imp\u00f4ts en Tunisie sur ces m\u00eames revenus.<\/p>\n<p>Il a \u00e9galement pr\u00e9cis\u00e9 que la Tunisie est actuellement li\u00e9e \u00e0 58 conventions fiscales de non-double imposition. Ces accords visent \u00e0 \u00e9viter que des contribuables ne soient impos\u00e9s deux fois sur les m\u00eames revenus, dans deux juridictions fiscales diff\u00e9rentes.<\/p>\n<p>Cependant, certaines situations demeurent sp\u00e9cifiques. Par exemple, dans les pays avec lesquels la Tunisie n\u2019a pas sign\u00e9 de convention (comme le Japon), les citoyens tunisiens r\u00e9sidant sur place peuvent \u00eatre soumis \u00e0 une double imposition, \u00e0 la fois selon les lois fiscales locales et celles en vigueur en Tunisie.<\/p>\n<p>Par ailleurs, les biens immobiliers situ\u00e9s en Tunisie ne sont pas couverts par ces conventions. En cas de vente, le propri\u00e9taire, m\u00eame r\u00e9sident \u00e0 l\u2019\u00e9tranger, reste redevable des droits d\u2019enregistrement et de l\u2019imp\u00f4t sur la plus-value.<\/p>\n","protected":false},"excerpt":{"rendered":"<p>Tunisie : Le minist\u00e8re des Finances confirme que les Tunisiens r\u00e9sidant \u00e0 l\u2019\u00e9tranger ne sont pas tenus de d\u00e9clarer leurs revenus per\u00e7us hors de Tunisie. Explica&#8230;<\/p>\n","protected":false},"author":3162,"featured_media":366120,"comment_status":"open","ping_status":"closed","sticky":false,"template":"","format":"standard","meta":{"footnotes":""},"categories":[44],"tags":[2721,2645,2608],"class_list":["post-222016","post","type-post","status-publish","format-standard","has-post-thumbnail","hentry","category-national","tag-ministere-des-finances","tag-tre","tag-tunisie"],"yoast_head":"<!-- This site is optimized with the Yoast SEO Premium plugin v27.5 (Yoast SEO v27.5) - https:\/\/yoast.com\/product\/yoast-seo-premium-wordpress\/ -->\n<title>Tunisie : Le minist\u00e8re des Finances clarifie la situation fiscale des TRE<\/title>\n<meta name=\"description\" content=\"Tunisie : Le minist\u00e8re des Finances confirme que les Tunisiens r\u00e9sidant \u00e0 l\u2019\u00e9tranger ne sont pas tenus de d\u00e9clarer leurs revenus per\u00e7us hors de Tunisie. Explica...\" \/>\n<link rel=\"canonical\" href=\"https:\/\/www.webdo.tn\/fr\/actualite\/national\/le-ministere-des-finances-clarifie-la-situation-fiscale-des-tre\/222016\/\" \/>\n<meta property=\"og:locale\" content=\"fr_FR\" \/>\n<meta property=\"og:type\" content=\"article\" \/>\n<meta property=\"og:title\" content=\"Tunisie : Le minist\u00e8re des Finances clarifie la situation fiscale des TRE\" \/>\n<meta property=\"og:description\" content=\"Tunisie : Le minist\u00e8re des Finances confirme que les Tunisiens r\u00e9sidant \u00e0 l\u2019\u00e9tranger ne sont pas tenus de d\u00e9clarer leurs revenus per\u00e7us hors de Tunisie. Explica...\" \/>\n<meta property=\"og:url\" content=\"https:\/\/www.webdo.tn\/fr\/actualite\/national\/le-ministere-des-finances-clarifie-la-situation-fiscale-des-tre\/222016\/\" \/>\n<meta property=\"og:site_name\" content=\"webdo\" \/>\n<meta property=\"article:publisher\" content=\"https:\/\/www.facebook.com\/webdotn\" \/>\n<meta property=\"article:published_time\" content=\"2025-05-16T17:35:00+00:00\" \/>\n<meta property=\"og:image\" content=\"https:\/\/www.webdo.tn\/fr\/wp-content\/uploads\/2025\/05\/fa137818eff489344c6942c79074eeb0.webp\" \/>\n\t<meta property=\"og:image:width\" content=\"750\" \/>\n\t<meta property=\"og:image:height\" content=\"400\" \/>\n\t<meta property=\"og:image:type\" content=\"image\/webp\" \/>\n<meta name=\"author\" content=\"MC\" \/>\n<meta name=\"twitter:card\" content=\"summary_large_image\" \/>\n<meta name=\"twitter:creator\" content=\"@webdo_tn\" \/>\n<meta name=\"twitter:site\" content=\"@webdo_tn\" \/>\n<meta name=\"twitter:label1\" content=\"\u00c9crit par\" \/>\n\t<meta name=\"twitter:data1\" content=\"MC\" \/>\n\t<meta name=\"twitter:label2\" content=\"Dur\u00e9e de lecture estim\u00e9e\" \/>\n\t<meta name=\"twitter:data2\" content=\"2 minutes\" \/>\n<script type=\"application\/ld+json\" class=\"yoast-schema-graph\">{\"@context\":\"https:\\\/\\\/schema.org\",\"@graph\":[{\"@type\":\"NewsArticle\",\"@id\":\"https:\\\/\\\/www.webdo.tn\\\/fr\\\/actualite\\\/national\\\/le-ministere-des-finances-clarifie-la-situation-fiscale-des-tre\\\/222016\\\/#article\",\"isPartOf\":{\"@id\":\"https:\\\/\\\/www.webdo.tn\\\/fr\\\/actualite\\\/national\\\/le-ministere-des-finances-clarifie-la-situation-fiscale-des-tre\\\/222016\\\/\"},\"author\":{\"name\":\"MC\",\"@id\":\"https:\\\/\\\/www.webdo.tn\\\/fr\\\/#\\\/schema\\\/person\\\/2c4929cbf5a809e3bd38617c6ce150f6\"},\"headline\":\"Tunisie : Le minist\u00e8re des Finances clarifie la situation fiscale des TRE\",\"datePublished\":\"2025-05-16T17:35:00+00:00\",\"mainEntityOfPage\":{\"@id\":\"https:\\\/\\\/www.webdo.tn\\\/fr\\\/actualite\\\/national\\\/le-ministere-des-finances-clarifie-la-situation-fiscale-des-tre\\\/222016\\\/\"},\"wordCount\":487,\"commentCount\":0,\"publisher\":{\"@id\":\"https:\\\/\\\/www.webdo.tn\\\/fr\\\/#organization\"},\"image\":{\"@id\":\"https:\\\/\\\/www.webdo.tn\\\/fr\\\/actualite\\\/national\\\/le-ministere-des-finances-clarifie-la-situation-fiscale-des-tre\\\/222016\\\/#primaryimage\"},\"thumbnailUrl\":\"https:\\\/\\\/www.webdo.tn\\\/fr\\\/wp-content\\\/uploads\\\/2025\\\/05\\\/fa137818eff489344c6942c79074eeb0.webp\",\"keywords\":[\"minist\u00e8re des finances\",\"TRE\",\"Tunisie\"],\"articleSection\":[\"National\"],\"inLanguage\":\"fr-FR\"},{\"@type\":\"WebPage\",\"@id\":\"https:\\\/\\\/www.webdo.tn\\\/fr\\\/actualite\\\/national\\\/le-ministere-des-finances-clarifie-la-situation-fiscale-des-tre\\\/222016\\\/\",\"url\":\"https:\\\/\\\/www.webdo.tn\\\/fr\\\/actualite\\\/national\\\/le-ministere-des-finances-clarifie-la-situation-fiscale-des-tre\\\/222016\\\/\",\"name\":\"Tunisie : Le minist\u00e8re des Finances clarifie la situation fiscale des TRE\",\"isPartOf\":{\"@id\":\"https:\\\/\\\/www.webdo.tn\\\/fr\\\/#website\"},\"primaryImageOfPage\":{\"@id\":\"https:\\\/\\\/www.webdo.tn\\\/fr\\\/actualite\\\/national\\\/le-ministere-des-finances-clarifie-la-situation-fiscale-des-tre\\\/222016\\\/#primaryimage\"},\"image\":{\"@id\":\"https:\\\/\\\/www.webdo.tn\\\/fr\\\/actualite\\\/national\\\/le-ministere-des-finances-clarifie-la-situation-fiscale-des-tre\\\/222016\\\/#primaryimage\"},\"thumbnailUrl\":\"https:\\\/\\\/www.webdo.tn\\\/fr\\\/wp-content\\\/uploads\\\/2025\\\/05\\\/fa137818eff489344c6942c79074eeb0.webp\",\"datePublished\":\"2025-05-16T17:35:00+00:00\",\"description\":\"Tunisie : Le minist\u00e8re des Finances confirme que les Tunisiens r\u00e9sidant \u00e0 l\u2019\u00e9tranger ne sont pas tenus de d\u00e9clarer leurs revenus per\u00e7us hors de Tunisie. Explica...\",\"breadcrumb\":{\"@id\":\"https:\\\/\\\/www.webdo.tn\\\/fr\\\/actualite\\\/national\\\/le-ministere-des-finances-clarifie-la-situation-fiscale-des-tre\\\/222016\\\/#breadcrumb\"},\"inLanguage\":\"fr-FR\",\"potentialAction\":[{\"@type\":\"ReadAction\",\"target\":[\"https:\\\/\\\/www.webdo.tn\\\/fr\\\/actualite\\\/national\\\/le-ministere-des-finances-clarifie-la-situation-fiscale-des-tre\\\/222016\\\/\"]}]},{\"@type\":\"ImageObject\",\"inLanguage\":\"fr-FR\",\"@id\":\"https:\\\/\\\/www.webdo.tn\\\/fr\\\/actualite\\\/national\\\/le-ministere-des-finances-clarifie-la-situation-fiscale-des-tre\\\/222016\\\/#primaryimage\",\"url\":\"https:\\\/\\\/www.webdo.tn\\\/fr\\\/wp-content\\\/uploads\\\/2025\\\/05\\\/fa137818eff489344c6942c79074eeb0.webp\",\"contentUrl\":\"https:\\\/\\\/www.webdo.tn\\\/fr\\\/wp-content\\\/uploads\\\/2025\\\/05\\\/fa137818eff489344c6942c79074eeb0.webp\",\"width\":750,\"height\":400,\"caption\":\"Tunisie : Le minist\u00e8re des Finances clarifie la situation fiscale des TRE\"},{\"@type\":\"BreadcrumbList\",\"@id\":\"https:\\\/\\\/www.webdo.tn\\\/fr\\\/actualite\\\/national\\\/le-ministere-des-finances-clarifie-la-situation-fiscale-des-tre\\\/222016\\\/#breadcrumb\",\"itemListElement\":[{\"@type\":\"ListItem\",\"position\":1,\"name\":\"Accueil\",\"item\":\"https:\\\/\\\/www.webdo.tn\\\/fr\\\/\"},{\"@type\":\"ListItem\",\"position\":2,\"name\":\"Tunisie : Le minist\u00e8re des Finances clarifie la situation fiscale des TRE\"}]},{\"@type\":\"WebSite\",\"@id\":\"https:\\\/\\\/www.webdo.tn\\\/fr\\\/#website\",\"url\":\"https:\\\/\\\/www.webdo.tn\\\/fr\\\/\",\"name\":\"webdo\",\"description\":\"Tunisie - News en Tunisie et \u00e0 l&#039;international sur Webdo.tn\",\"publisher\":{\"@id\":\"https:\\\/\\\/www.webdo.tn\\\/fr\\\/#organization\"},\"potentialAction\":[{\"@type\":\"SearchAction\",\"target\":{\"@type\":\"EntryPoint\",\"urlTemplate\":\"https:\\\/\\\/www.webdo.tn\\\/fr\\\/?s={search_term_string}\"},\"query-input\":{\"@type\":\"PropertyValueSpecification\",\"valueRequired\":true,\"valueName\":\"search_term_string\"}}],\"inLanguage\":\"fr-FR\"},{\"@type\":\"Organization\",\"@id\":\"https:\\\/\\\/www.webdo.tn\\\/fr\\\/#organization\",\"name\":\"Webdo\",\"alternateName\":\"Webdo.tn\",\"url\":\"https:\\\/\\\/www.webdo.tn\\\/fr\\\/\",\"logo\":{\"@type\":\"ImageObject\",\"inLanguage\":\"fr-FR\",\"@id\":\"https:\\\/\\\/www.webdo.tn\\\/fr\\\/#\\\/schema\\\/logo\\\/image\\\/\",\"url\":\"https:\\\/\\\/www.webdo.tn\\\/fr\\\/wp-content\\\/uploads\\\/2025\\\/06\\\/Webdo-Tunisie_168377.jpg\",\"contentUrl\":\"https:\\\/\\\/www.webdo.tn\\\/fr\\\/wp-content\\\/uploads\\\/2025\\\/06\\\/Webdo-Tunisie_168377.jpg\",\"width\":301,\"height\":301,\"caption\":\"Webdo\"},\"image\":{\"@id\":\"https:\\\/\\\/www.webdo.tn\\\/fr\\\/#\\\/schema\\\/logo\\\/image\\\/\"},\"sameAs\":[\"https:\\\/\\\/www.facebook.com\\\/webdotn\",\"https:\\\/\\\/x.com\\\/webdo_tn\"],\"description\":\"Webdo est un m\u00e9dia num\u00e9rique tunisien fond\u00e9 en 2010, sp\u00e9cialis\u00e9 dans l\u2019actualit\u00e9 nationale et internationale, l\u2019\u00e9conomie, la soci\u00e9t\u00e9 et les analyses politiques. Le site s\u2019adresse \u00e0 un large public francophone et couvre l\u2019information tunisienne en temps r\u00e9el.\",\"email\":\"redac@webdo.tn\",\"legalName\":\"YNJ SARL\",\"foundingDate\":\"2010-09-06\",\"numberOfEmployees\":{\"@type\":\"QuantitativeValue\",\"minValue\":\"11\",\"maxValue\":\"50\"}},{\"@type\":\"Person\",\"@id\":\"https:\\\/\\\/www.webdo.tn\\\/fr\\\/#\\\/schema\\\/person\\\/2c4929cbf5a809e3bd38617c6ce150f6\",\"name\":\"MC\",\"image\":{\"@type\":\"ImageObject\",\"inLanguage\":\"fr-FR\",\"@id\":\"https:\\\/\\\/secure.gravatar.com\\\/avatar\\\/a545bbb6f84efdd5553dbbc2895e3ca8f1d12c5215e00a041c9670b54aa9b18a?s=96&d=mm&r=g\",\"url\":\"https:\\\/\\\/secure.gravatar.com\\\/avatar\\\/a545bbb6f84efdd5553dbbc2895e3ca8f1d12c5215e00a041c9670b54aa9b18a?s=96&d=mm&r=g\",\"contentUrl\":\"https:\\\/\\\/secure.gravatar.com\\\/avatar\\\/a545bbb6f84efdd5553dbbc2895e3ca8f1d12c5215e00a041c9670b54aa9b18a?s=96&d=mm&r=g\",\"caption\":\"MC\"},\"url\":\"https:\\\/\\\/www.webdo.tn\\\/fr\\\/actualite\\\/author\\\/mc\\\/\"}]}<\/script>\n<!-- \/ Yoast SEO Premium plugin. -->","yoast_head_json":{"title":"Tunisie : Le minist\u00e8re des Finances clarifie la situation fiscale des TRE","description":"Tunisie : Le minist\u00e8re des Finances confirme que les Tunisiens r\u00e9sidant \u00e0 l\u2019\u00e9tranger ne sont pas tenus de d\u00e9clarer leurs revenus per\u00e7us hors de Tunisie. Explica...","canonical":"https:\/\/www.webdo.tn\/fr\/actualite\/national\/le-ministere-des-finances-clarifie-la-situation-fiscale-des-tre\/222016\/","og_locale":"fr_FR","og_type":"article","og_title":"Tunisie : Le minist\u00e8re des Finances clarifie la situation fiscale des TRE","og_description":"Tunisie : Le minist\u00e8re des Finances confirme que les Tunisiens r\u00e9sidant \u00e0 l\u2019\u00e9tranger ne sont pas tenus de d\u00e9clarer leurs revenus per\u00e7us hors de Tunisie. Explica...","og_url":"https:\/\/www.webdo.tn\/fr\/actualite\/national\/le-ministere-des-finances-clarifie-la-situation-fiscale-des-tre\/222016\/","og_site_name":"webdo","article_publisher":"https:\/\/www.facebook.com\/webdotn","article_published_time":"2025-05-16T17:35:00+00:00","og_image":[{"width":750,"height":400,"url":"https:\/\/www.webdo.tn\/fr\/wp-content\/uploads\/2025\/05\/fa137818eff489344c6942c79074eeb0.webp","type":"image\/webp"}],"author":"MC","twitter_card":"summary_large_image","twitter_creator":"@webdo_tn","twitter_site":"@webdo_tn","twitter_misc":{"\u00c9crit par":"MC","Dur\u00e9e de lecture estim\u00e9e":"2 minutes"},"schema":{"@context":"https:\/\/schema.org","@graph":[{"@type":"NewsArticle","@id":"https:\/\/www.webdo.tn\/fr\/actualite\/national\/le-ministere-des-finances-clarifie-la-situation-fiscale-des-tre\/222016\/#article","isPartOf":{"@id":"https:\/\/www.webdo.tn\/fr\/actualite\/national\/le-ministere-des-finances-clarifie-la-situation-fiscale-des-tre\/222016\/"},"author":{"name":"MC","@id":"https:\/\/www.webdo.tn\/fr\/#\/schema\/person\/2c4929cbf5a809e3bd38617c6ce150f6"},"headline":"Tunisie : Le minist\u00e8re des Finances clarifie la situation fiscale des TRE","datePublished":"2025-05-16T17:35:00+00:00","mainEntityOfPage":{"@id":"https:\/\/www.webdo.tn\/fr\/actualite\/national\/le-ministere-des-finances-clarifie-la-situation-fiscale-des-tre\/222016\/"},"wordCount":487,"commentCount":0,"publisher":{"@id":"https:\/\/www.webdo.tn\/fr\/#organization"},"image":{"@id":"https:\/\/www.webdo.tn\/fr\/actualite\/national\/le-ministere-des-finances-clarifie-la-situation-fiscale-des-tre\/222016\/#primaryimage"},"thumbnailUrl":"https:\/\/www.webdo.tn\/fr\/wp-content\/uploads\/2025\/05\/fa137818eff489344c6942c79074eeb0.webp","keywords":["minist\u00e8re des finances","TRE","Tunisie"],"articleSection":["National"],"inLanguage":"fr-FR"},{"@type":"WebPage","@id":"https:\/\/www.webdo.tn\/fr\/actualite\/national\/le-ministere-des-finances-clarifie-la-situation-fiscale-des-tre\/222016\/","url":"https:\/\/www.webdo.tn\/fr\/actualite\/national\/le-ministere-des-finances-clarifie-la-situation-fiscale-des-tre\/222016\/","name":"Tunisie : Le minist\u00e8re des Finances clarifie la situation fiscale des TRE","isPartOf":{"@id":"https:\/\/www.webdo.tn\/fr\/#website"},"primaryImageOfPage":{"@id":"https:\/\/www.webdo.tn\/fr\/actualite\/national\/le-ministere-des-finances-clarifie-la-situation-fiscale-des-tre\/222016\/#primaryimage"},"image":{"@id":"https:\/\/www.webdo.tn\/fr\/actualite\/national\/le-ministere-des-finances-clarifie-la-situation-fiscale-des-tre\/222016\/#primaryimage"},"thumbnailUrl":"https:\/\/www.webdo.tn\/fr\/wp-content\/uploads\/2025\/05\/fa137818eff489344c6942c79074eeb0.webp","datePublished":"2025-05-16T17:35:00+00:00","description":"Tunisie : Le minist\u00e8re des Finances confirme que les Tunisiens r\u00e9sidant \u00e0 l\u2019\u00e9tranger ne sont pas tenus de d\u00e9clarer leurs revenus per\u00e7us hors de Tunisie. Explica...","breadcrumb":{"@id":"https:\/\/www.webdo.tn\/fr\/actualite\/national\/le-ministere-des-finances-clarifie-la-situation-fiscale-des-tre\/222016\/#breadcrumb"},"inLanguage":"fr-FR","potentialAction":[{"@type":"ReadAction","target":["https:\/\/www.webdo.tn\/fr\/actualite\/national\/le-ministere-des-finances-clarifie-la-situation-fiscale-des-tre\/222016\/"]}]},{"@type":"ImageObject","inLanguage":"fr-FR","@id":"https:\/\/www.webdo.tn\/fr\/actualite\/national\/le-ministere-des-finances-clarifie-la-situation-fiscale-des-tre\/222016\/#primaryimage","url":"https:\/\/www.webdo.tn\/fr\/wp-content\/uploads\/2025\/05\/fa137818eff489344c6942c79074eeb0.webp","contentUrl":"https:\/\/www.webdo.tn\/fr\/wp-content\/uploads\/2025\/05\/fa137818eff489344c6942c79074eeb0.webp","width":750,"height":400,"caption":"Tunisie : Le minist\u00e8re des Finances clarifie la situation fiscale des TRE"},{"@type":"BreadcrumbList","@id":"https:\/\/www.webdo.tn\/fr\/actualite\/national\/le-ministere-des-finances-clarifie-la-situation-fiscale-des-tre\/222016\/#breadcrumb","itemListElement":[{"@type":"ListItem","position":1,"name":"Accueil","item":"https:\/\/www.webdo.tn\/fr\/"},{"@type":"ListItem","position":2,"name":"Tunisie : Le minist\u00e8re des Finances clarifie la situation fiscale des TRE"}]},{"@type":"WebSite","@id":"https:\/\/www.webdo.tn\/fr\/#website","url":"https:\/\/www.webdo.tn\/fr\/","name":"webdo","description":"Tunisie - News en Tunisie et \u00e0 l&#039;international sur Webdo.tn","publisher":{"@id":"https:\/\/www.webdo.tn\/fr\/#organization"},"potentialAction":[{"@type":"SearchAction","target":{"@type":"EntryPoint","urlTemplate":"https:\/\/www.webdo.tn\/fr\/?s={search_term_string}"},"query-input":{"@type":"PropertyValueSpecification","valueRequired":true,"valueName":"search_term_string"}}],"inLanguage":"fr-FR"},{"@type":"Organization","@id":"https:\/\/www.webdo.tn\/fr\/#organization","name":"Webdo","alternateName":"Webdo.tn","url":"https:\/\/www.webdo.tn\/fr\/","logo":{"@type":"ImageObject","inLanguage":"fr-FR","@id":"https:\/\/www.webdo.tn\/fr\/#\/schema\/logo\/image\/","url":"https:\/\/www.webdo.tn\/fr\/wp-content\/uploads\/2025\/06\/Webdo-Tunisie_168377.jpg","contentUrl":"https:\/\/www.webdo.tn\/fr\/wp-content\/uploads\/2025\/06\/Webdo-Tunisie_168377.jpg","width":301,"height":301,"caption":"Webdo"},"image":{"@id":"https:\/\/www.webdo.tn\/fr\/#\/schema\/logo\/image\/"},"sameAs":["https:\/\/www.facebook.com\/webdotn","https:\/\/x.com\/webdo_tn"],"description":"Webdo est un m\u00e9dia num\u00e9rique tunisien fond\u00e9 en 2010, sp\u00e9cialis\u00e9 dans l\u2019actualit\u00e9 nationale et internationale, l\u2019\u00e9conomie, la soci\u00e9t\u00e9 et les analyses politiques. Le site s\u2019adresse \u00e0 un large public francophone et couvre l\u2019information tunisienne en temps r\u00e9el.","email":"redac@webdo.tn","legalName":"YNJ SARL","foundingDate":"2010-09-06","numberOfEmployees":{"@type":"QuantitativeValue","minValue":"11","maxValue":"50"}},{"@type":"Person","@id":"https:\/\/www.webdo.tn\/fr\/#\/schema\/person\/2c4929cbf5a809e3bd38617c6ce150f6","name":"MC","image":{"@type":"ImageObject","inLanguage":"fr-FR","@id":"https:\/\/secure.gravatar.com\/avatar\/a545bbb6f84efdd5553dbbc2895e3ca8f1d12c5215e00a041c9670b54aa9b18a?s=96&d=mm&r=g","url":"https:\/\/secure.gravatar.com\/avatar\/a545bbb6f84efdd5553dbbc2895e3ca8f1d12c5215e00a041c9670b54aa9b18a?s=96&d=mm&r=g","contentUrl":"https:\/\/secure.gravatar.com\/avatar\/a545bbb6f84efdd5553dbbc2895e3ca8f1d12c5215e00a041c9670b54aa9b18a?s=96&d=mm&r=g","caption":"MC"},"url":"https:\/\/www.webdo.tn\/fr\/actualite\/author\/mc\/"}]}},"_links":{"self":[{"href":"https:\/\/www.webdo.tn\/fr\/wp-json\/wp\/v2\/posts\/222016","targetHints":{"allow":["GET"]}}],"collection":[{"href":"https:\/\/www.webdo.tn\/fr\/wp-json\/wp\/v2\/posts"}],"about":[{"href":"https:\/\/www.webdo.tn\/fr\/wp-json\/wp\/v2\/types\/post"}],"author":[{"embeddable":true,"href":"https:\/\/www.webdo.tn\/fr\/wp-json\/wp\/v2\/users\/3162"}],"replies":[{"embeddable":true,"href":"https:\/\/www.webdo.tn\/fr\/wp-json\/wp\/v2\/comments?post=222016"}],"version-history":[{"count":0,"href":"https:\/\/www.webdo.tn\/fr\/wp-json\/wp\/v2\/posts\/222016\/revisions"}],"wp:featuredmedia":[{"embeddable":true,"href":"https:\/\/www.webdo.tn\/fr\/wp-json\/wp\/v2\/media\/366120"}],"wp:attachment":[{"href":"https:\/\/www.webdo.tn\/fr\/wp-json\/wp\/v2\/media?parent=222016"}],"wp:term":[{"taxonomy":"category","embeddable":true,"href":"https:\/\/www.webdo.tn\/fr\/wp-json\/wp\/v2\/categories?post=222016"},{"taxonomy":"post_tag","embeddable":true,"href":"https:\/\/www.webdo.tn\/fr\/wp-json\/wp\/v2\/tags?post=222016"}],"curies":[{"name":"wp","href":"https:\/\/api.w.org\/{rel}","templated":true}]}}