{"id":222011,"date":"2025-05-16T16:00:00","date_gmt":"2025-05-16T16:00:00","guid":{"rendered":"https:\/\/www.webdo.tn\/fr\/actualite\/blog\/tunisie-quatre-ans-de-prison-pour-une-femme-revenue-de-syrie-apres-avoir-rejoint-daech\/222011\/"},"modified":"2025-05-16T16:00:00","modified_gmt":"2025-05-16T16:00:00","slug":"tunisie-quatre-ans-de-prison-pour-une-femme-revenue-de-syrie-apres-avoir-rejoint-daech","status":"publish","type":"post","link":"https:\/\/www.webdo.tn\/fr\/actualite\/national\/tunisie-quatre-ans-de-prison-pour-une-femme-revenue-de-syrie-apres-avoir-rejoint-daech\/222011\/","title":{"rendered":"Tunisie : Quatre ans de prison pour une femme revenue de Syrie apr\u00e8s avoir rejoint Daech"},"content":{"rendered":"<p>La chambre criminelle sp\u00e9cialis\u00e9e dans les affaires de terrorisme aupr\u00e8s de la Cour d\u2019appel de Tunis a condamn\u00e9 une ressortissante tunisienne \u00e0 quatre ans de prison ferme pour appartenance \u00e0 une organisation terroriste.<\/p>\n<p>Selon les \u00e9l\u00e9ments du dossier, la femme s\u2019\u00e9tait rendue en Syrie en 2014 apr\u00e8s avoir \u00e9t\u00e9 recrut\u00e9e via l&rsquo;application Telegram par un membre de l&rsquo;organisation terroriste Daech, avec lequel elle s\u2019est ensuite mari\u00e9e selon un rite religieux. Ce dernier a p\u00e9ri dans des affrontements arm\u00e9s.<\/p>\n<p>De retour en Tunisie avec ses deux enfants issus de cette union, la pr\u00e9venue a \u00e9t\u00e9 arr\u00eat\u00e9e, jug\u00e9e, puis reconnue coupable d\u2019implication dans une organisation terroriste, malgr\u00e9 la prise en compte par le tribunal de certaines circonstances att\u00e9nuantes, notamment sa situation familiale.<\/p>\n<p>Ce verdict s\u2019inscrit dans le cadre de la politique judiciaire tunisienne visant \u00e0 traiter les cas de retour de ressortissants tunisiens ayant s\u00e9journ\u00e9 dans des zones de conflit, dans le respect du cadre l\u00e9gal de lutte contre le terrorisme.<\/p>\n","protected":false},"excerpt":{"rendered":"<p>Une femme tunisienne a \u00e9t\u00e9 condamn\u00e9e \u00e0 quatre ans de prison pour appartenance \u00e0 Daech, apr\u00e8s son retour de Syrie. La justice tunisienne renforce sa lutte contre&#8230;<\/p>\n","protected":false},"author":5338,"featured_media":376506,"comment_status":"open","ping_status":"closed","sticky":false,"template":"","format":"standard","meta":{"footnotes":""},"categories":[44],"tags":[11863,4519,7393,2619,3504,2608],"class_list":["post-222011","post","type-post","status-publish","format-standard","has-post-thumbnail","hentry","category-national","tag-condamanation","tag-daech","tag-femme","tag-justice","tag-syrie","tag-tunisie"],"yoast_head":"<!-- This site is optimized with the Yoast SEO Premium plugin v27.5 (Yoast SEO v27.5) - https:\/\/yoast.com\/product\/yoast-seo-premium-wordpress\/ -->\n<title>Tunisie : Quatre ans de prison pour une femme revenue de Syrie apr\u00e8s avoir rejoint Daech<\/title>\n<meta name=\"description\" content=\"Une femme tunisienne a \u00e9t\u00e9 condamn\u00e9e \u00e0 quatre ans de prison pour appartenance \u00e0 Daech, apr\u00e8s son retour de Syrie. La justice tunisienne renforce sa lutte contre...\" \/>\n<link rel=\"canonical\" href=\"https:\/\/www.webdo.tn\/fr\/actualite\/national\/tunisie-quatre-ans-de-prison-pour-une-femme-revenue-de-syrie-apres-avoir-rejoint-daech\/222011\/\" \/>\n<meta property=\"og:locale\" content=\"fr_FR\" \/>\n<meta property=\"og:type\" content=\"article\" \/>\n<meta property=\"og:title\" content=\"Tunisie : Quatre ans de prison pour une femme revenue de Syrie apr\u00e8s avoir rejoint Daech\" \/>\n<meta property=\"og:description\" content=\"Une femme tunisienne a \u00e9t\u00e9 condamn\u00e9e \u00e0 quatre ans de prison pour appartenance \u00e0 Daech, apr\u00e8s son retour de Syrie. La justice tunisienne renforce sa lutte contre...\" \/>\n<meta property=\"og:url\" content=\"https:\/\/www.webdo.tn\/fr\/actualite\/national\/tunisie-quatre-ans-de-prison-pour-une-femme-revenue-de-syrie-apres-avoir-rejoint-daech\/222011\/\" \/>\n<meta property=\"og:site_name\" content=\"webdo\" \/>\n<meta property=\"article:publisher\" content=\"https:\/\/www.facebook.com\/webdotn\" \/>\n<meta property=\"article:published_time\" content=\"2025-05-16T16:00:00+00:00\" \/>\n<meta property=\"og:image\" content=\"https:\/\/www.webdo.tn\/fr\/wp-content\/uploads\/2025\/05\/c892c5344c8f81473227ee9132d29d62.webp\" \/>\n\t<meta property=\"og:image:width\" content=\"680\" \/>\n\t<meta property=\"og:image:height\" content=\"363\" \/>\n\t<meta property=\"og:image:type\" content=\"image\/webp\" \/>\n<meta name=\"author\" content=\"MC\" \/>\n<meta name=\"twitter:card\" content=\"summary_large_image\" \/>\n<meta name=\"twitter:creator\" content=\"@webdo_tn\" \/>\n<meta name=\"twitter:site\" content=\"@webdo_tn\" \/>\n<meta name=\"twitter:label1\" content=\"\u00c9crit par\" \/>\n\t<meta name=\"twitter:data1\" content=\"MC\" \/>\n\t<meta name=\"twitter:label2\" content=\"Dur\u00e9e de lecture estim\u00e9e\" \/>\n\t<meta name=\"twitter:data2\" content=\"1 minute\" \/>\n<script type=\"application\/ld+json\" class=\"yoast-schema-graph\">{\"@context\":\"https:\\\/\\\/schema.org\",\"@graph\":[{\"@type\":\"NewsArticle\",\"@id\":\"https:\\\/\\\/www.webdo.tn\\\/fr\\\/actualite\\\/national\\\/tunisie-quatre-ans-de-prison-pour-une-femme-revenue-de-syrie-apres-avoir-rejoint-daech\\\/222011\\\/#article\",\"isPartOf\":{\"@id\":\"https:\\\/\\\/www.webdo.tn\\\/fr\\\/actualite\\\/national\\\/tunisie-quatre-ans-de-prison-pour-une-femme-revenue-de-syrie-apres-avoir-rejoint-daech\\\/222011\\\/\"},\"author\":{\"name\":\"MC\",\"@id\":\"https:\\\/\\\/www.webdo.tn\\\/fr\\\/#\\\/schema\\\/person\\\/8500bcb8714aee00d99d4d6903fd06d7\"},\"headline\":\"Tunisie : Quatre ans de prison pour une femme revenue de Syrie apr\u00e8s avoir rejoint Daech\",\"datePublished\":\"2025-05-16T16:00:00+00:00\",\"mainEntityOfPage\":{\"@id\":\"https:\\\/\\\/www.webdo.tn\\\/fr\\\/actualite\\\/national\\\/tunisie-quatre-ans-de-prison-pour-une-femme-revenue-de-syrie-apres-avoir-rejoint-daech\\\/222011\\\/\"},\"wordCount\":194,\"commentCount\":0,\"publisher\":{\"@id\":\"https:\\\/\\\/www.webdo.tn\\\/fr\\\/#organization\"},\"image\":{\"@id\":\"https:\\\/\\\/www.webdo.tn\\\/fr\\\/actualite\\\/national\\\/tunisie-quatre-ans-de-prison-pour-une-femme-revenue-de-syrie-apres-avoir-rejoint-daech\\\/222011\\\/#primaryimage\"},\"thumbnailUrl\":\"https:\\\/\\\/www.webdo.tn\\\/fr\\\/wp-content\\\/uploads\\\/2025\\\/05\\\/c892c5344c8f81473227ee9132d29d62.webp\",\"keywords\":[\"condamanation\",\"daech\",\"femme\",\"justice\",\"syrie\",\"Tunisie\"],\"articleSection\":[\"National\"],\"inLanguage\":\"fr-FR\"},{\"@type\":\"WebPage\",\"@id\":\"https:\\\/\\\/www.webdo.tn\\\/fr\\\/actualite\\\/national\\\/tunisie-quatre-ans-de-prison-pour-une-femme-revenue-de-syrie-apres-avoir-rejoint-daech\\\/222011\\\/\",\"url\":\"https:\\\/\\\/www.webdo.tn\\\/fr\\\/actualite\\\/national\\\/tunisie-quatre-ans-de-prison-pour-une-femme-revenue-de-syrie-apres-avoir-rejoint-daech\\\/222011\\\/\",\"name\":\"Tunisie : Quatre ans de prison pour une femme revenue de Syrie apr\u00e8s avoir rejoint Daech\",\"isPartOf\":{\"@id\":\"https:\\\/\\\/www.webdo.tn\\\/fr\\\/#website\"},\"primaryImageOfPage\":{\"@id\":\"https:\\\/\\\/www.webdo.tn\\\/fr\\\/actualite\\\/national\\\/tunisie-quatre-ans-de-prison-pour-une-femme-revenue-de-syrie-apres-avoir-rejoint-daech\\\/222011\\\/#primaryimage\"},\"image\":{\"@id\":\"https:\\\/\\\/www.webdo.tn\\\/fr\\\/actualite\\\/national\\\/tunisie-quatre-ans-de-prison-pour-une-femme-revenue-de-syrie-apres-avoir-rejoint-daech\\\/222011\\\/#primaryimage\"},\"thumbnailUrl\":\"https:\\\/\\\/www.webdo.tn\\\/fr\\\/wp-content\\\/uploads\\\/2025\\\/05\\\/c892c5344c8f81473227ee9132d29d62.webp\",\"datePublished\":\"2025-05-16T16:00:00+00:00\",\"description\":\"Une femme tunisienne a \u00e9t\u00e9 condamn\u00e9e \u00e0 quatre ans de prison pour appartenance \u00e0 Daech, apr\u00e8s son retour de Syrie. La justice tunisienne renforce sa lutte contre...\",\"breadcrumb\":{\"@id\":\"https:\\\/\\\/www.webdo.tn\\\/fr\\\/actualite\\\/national\\\/tunisie-quatre-ans-de-prison-pour-une-femme-revenue-de-syrie-apres-avoir-rejoint-daech\\\/222011\\\/#breadcrumb\"},\"inLanguage\":\"fr-FR\",\"potentialAction\":[{\"@type\":\"ReadAction\",\"target\":[\"https:\\\/\\\/www.webdo.tn\\\/fr\\\/actualite\\\/national\\\/tunisie-quatre-ans-de-prison-pour-une-femme-revenue-de-syrie-apres-avoir-rejoint-daech\\\/222011\\\/\"]}]},{\"@type\":\"ImageObject\",\"inLanguage\":\"fr-FR\",\"@id\":\"https:\\\/\\\/www.webdo.tn\\\/fr\\\/actualite\\\/national\\\/tunisie-quatre-ans-de-prison-pour-une-femme-revenue-de-syrie-apres-avoir-rejoint-daech\\\/222011\\\/#primaryimage\",\"url\":\"https:\\\/\\\/www.webdo.tn\\\/fr\\\/wp-content\\\/uploads\\\/2025\\\/05\\\/c892c5344c8f81473227ee9132d29d62.webp\",\"contentUrl\":\"https:\\\/\\\/www.webdo.tn\\\/fr\\\/wp-content\\\/uploads\\\/2025\\\/05\\\/c892c5344c8f81473227ee9132d29d62.webp\",\"width\":680,\"height\":363,\"caption\":\"Tunisie : Quatre ans de prison pour une femme revenue de Syrie apr\u00e8s avoir rejoint Daech\"},{\"@type\":\"BreadcrumbList\",\"@id\":\"https:\\\/\\\/www.webdo.tn\\\/fr\\\/actualite\\\/national\\\/tunisie-quatre-ans-de-prison-pour-une-femme-revenue-de-syrie-apres-avoir-rejoint-daech\\\/222011\\\/#breadcrumb\",\"itemListElement\":[{\"@type\":\"ListItem\",\"position\":1,\"name\":\"Accueil\",\"item\":\"https:\\\/\\\/www.webdo.tn\\\/fr\\\/\"},{\"@type\":\"ListItem\",\"position\":2,\"name\":\"Tunisie : Quatre ans de prison pour une femme revenue de Syrie apr\u00e8s avoir rejoint Daech\"}]},{\"@type\":\"WebSite\",\"@id\":\"https:\\\/\\\/www.webdo.tn\\\/fr\\\/#website\",\"url\":\"https:\\\/\\\/www.webdo.tn\\\/fr\\\/\",\"name\":\"webdo\",\"description\":\"Tunisie - News en Tunisie et \u00e0 l&#039;international sur Webdo.tn\",\"publisher\":{\"@id\":\"https:\\\/\\\/www.webdo.tn\\\/fr\\\/#organization\"},\"potentialAction\":[{\"@type\":\"SearchAction\",\"target\":{\"@type\":\"EntryPoint\",\"urlTemplate\":\"https:\\\/\\\/www.webdo.tn\\\/fr\\\/?s={search_term_string}\"},\"query-input\":{\"@type\":\"PropertyValueSpecification\",\"valueRequired\":true,\"valueName\":\"search_term_string\"}}],\"inLanguage\":\"fr-FR\"},{\"@type\":\"Organization\",\"@id\":\"https:\\\/\\\/www.webdo.tn\\\/fr\\\/#organization\",\"name\":\"Webdo\",\"alternateName\":\"Webdo.tn\",\"url\":\"https:\\\/\\\/www.webdo.tn\\\/fr\\\/\",\"logo\":{\"@type\":\"ImageObject\",\"inLanguage\":\"fr-FR\",\"@id\":\"https:\\\/\\\/www.webdo.tn\\\/fr\\\/#\\\/schema\\\/logo\\\/image\\\/\",\"url\":\"https:\\\/\\\/www.webdo.tn\\\/fr\\\/wp-content\\\/uploads\\\/2025\\\/06\\\/Webdo-Tunisie_168377.jpg\",\"contentUrl\":\"https:\\\/\\\/www.webdo.tn\\\/fr\\\/wp-content\\\/uploads\\\/2025\\\/06\\\/Webdo-Tunisie_168377.jpg\",\"width\":301,\"height\":301,\"caption\":\"Webdo\"},\"image\":{\"@id\":\"https:\\\/\\\/www.webdo.tn\\\/fr\\\/#\\\/schema\\\/logo\\\/image\\\/\"},\"sameAs\":[\"https:\\\/\\\/www.facebook.com\\\/webdotn\",\"https:\\\/\\\/x.com\\\/webdo_tn\"],\"description\":\"Webdo est un m\u00e9dia num\u00e9rique tunisien fond\u00e9 en 2010, sp\u00e9cialis\u00e9 dans l\u2019actualit\u00e9 nationale et internationale, l\u2019\u00e9conomie, la soci\u00e9t\u00e9 et les analyses politiques. Le site s\u2019adresse \u00e0 un large public francophone et couvre l\u2019information tunisienne en temps r\u00e9el.\",\"email\":\"redac@webdo.tn\",\"legalName\":\"YNJ SARL\",\"foundingDate\":\"2010-09-06\",\"numberOfEmployees\":{\"@type\":\"QuantitativeValue\",\"minValue\":\"11\",\"maxValue\":\"50\"}},{\"@type\":\"Person\",\"@id\":\"https:\\\/\\\/www.webdo.tn\\\/fr\\\/#\\\/schema\\\/person\\\/8500bcb8714aee00d99d4d6903fd06d7\",\"name\":\"MC\",\"image\":{\"@type\":\"ImageObject\",\"inLanguage\":\"fr-FR\",\"@id\":\"https:\\\/\\\/secure.gravatar.com\\\/avatar\\\/f608b47029e05639bee9b2fbeb496b6e3ad71093a5aabff97eea23a99d75ad8e?s=96&d=mm&r=g\",\"url\":\"https:\\\/\\\/secure.gravatar.com\\\/avatar\\\/f608b47029e05639bee9b2fbeb496b6e3ad71093a5aabff97eea23a99d75ad8e?s=96&d=mm&r=g\",\"contentUrl\":\"https:\\\/\\\/secure.gravatar.com\\\/avatar\\\/f608b47029e05639bee9b2fbeb496b6e3ad71093a5aabff97eea23a99d75ad8e?s=96&d=mm&r=g\",\"caption\":\"MC\"},\"url\":\"https:\\\/\\\/www.webdo.tn\\\/fr\\\/actualite\\\/author\\\/mc-6\\\/\"}]}<\/script>\n<!-- \/ Yoast SEO Premium plugin. -->","yoast_head_json":{"title":"Tunisie : Quatre ans de prison pour une femme revenue de Syrie apr\u00e8s avoir rejoint Daech","description":"Une femme tunisienne a \u00e9t\u00e9 condamn\u00e9e \u00e0 quatre ans de prison pour appartenance \u00e0 Daech, apr\u00e8s son retour de Syrie. La justice tunisienne renforce sa lutte contre...","canonical":"https:\/\/www.webdo.tn\/fr\/actualite\/national\/tunisie-quatre-ans-de-prison-pour-une-femme-revenue-de-syrie-apres-avoir-rejoint-daech\/222011\/","og_locale":"fr_FR","og_type":"article","og_title":"Tunisie : Quatre ans de prison pour une femme revenue de Syrie apr\u00e8s avoir rejoint Daech","og_description":"Une femme tunisienne a \u00e9t\u00e9 condamn\u00e9e \u00e0 quatre ans de prison pour appartenance \u00e0 Daech, apr\u00e8s son retour de Syrie. La justice tunisienne renforce sa lutte contre...","og_url":"https:\/\/www.webdo.tn\/fr\/actualite\/national\/tunisie-quatre-ans-de-prison-pour-une-femme-revenue-de-syrie-apres-avoir-rejoint-daech\/222011\/","og_site_name":"webdo","article_publisher":"https:\/\/www.facebook.com\/webdotn","article_published_time":"2025-05-16T16:00:00+00:00","og_image":[{"width":680,"height":363,"url":"https:\/\/www.webdo.tn\/fr\/wp-content\/uploads\/2025\/05\/c892c5344c8f81473227ee9132d29d62.webp","type":"image\/webp"}],"author":"MC","twitter_card":"summary_large_image","twitter_creator":"@webdo_tn","twitter_site":"@webdo_tn","twitter_misc":{"\u00c9crit par":"MC","Dur\u00e9e de lecture estim\u00e9e":"1 minute"},"schema":{"@context":"https:\/\/schema.org","@graph":[{"@type":"NewsArticle","@id":"https:\/\/www.webdo.tn\/fr\/actualite\/national\/tunisie-quatre-ans-de-prison-pour-une-femme-revenue-de-syrie-apres-avoir-rejoint-daech\/222011\/#article","isPartOf":{"@id":"https:\/\/www.webdo.tn\/fr\/actualite\/national\/tunisie-quatre-ans-de-prison-pour-une-femme-revenue-de-syrie-apres-avoir-rejoint-daech\/222011\/"},"author":{"name":"MC","@id":"https:\/\/www.webdo.tn\/fr\/#\/schema\/person\/8500bcb8714aee00d99d4d6903fd06d7"},"headline":"Tunisie : Quatre ans de prison pour une femme revenue de Syrie apr\u00e8s avoir rejoint Daech","datePublished":"2025-05-16T16:00:00+00:00","mainEntityOfPage":{"@id":"https:\/\/www.webdo.tn\/fr\/actualite\/national\/tunisie-quatre-ans-de-prison-pour-une-femme-revenue-de-syrie-apres-avoir-rejoint-daech\/222011\/"},"wordCount":194,"commentCount":0,"publisher":{"@id":"https:\/\/www.webdo.tn\/fr\/#organization"},"image":{"@id":"https:\/\/www.webdo.tn\/fr\/actualite\/national\/tunisie-quatre-ans-de-prison-pour-une-femme-revenue-de-syrie-apres-avoir-rejoint-daech\/222011\/#primaryimage"},"thumbnailUrl":"https:\/\/www.webdo.tn\/fr\/wp-content\/uploads\/2025\/05\/c892c5344c8f81473227ee9132d29d62.webp","keywords":["condamanation","daech","femme","justice","syrie","Tunisie"],"articleSection":["National"],"inLanguage":"fr-FR"},{"@type":"WebPage","@id":"https:\/\/www.webdo.tn\/fr\/actualite\/national\/tunisie-quatre-ans-de-prison-pour-une-femme-revenue-de-syrie-apres-avoir-rejoint-daech\/222011\/","url":"https:\/\/www.webdo.tn\/fr\/actualite\/national\/tunisie-quatre-ans-de-prison-pour-une-femme-revenue-de-syrie-apres-avoir-rejoint-daech\/222011\/","name":"Tunisie : Quatre ans de prison pour une femme revenue de Syrie apr\u00e8s avoir rejoint Daech","isPartOf":{"@id":"https:\/\/www.webdo.tn\/fr\/#website"},"primaryImageOfPage":{"@id":"https:\/\/www.webdo.tn\/fr\/actualite\/national\/tunisie-quatre-ans-de-prison-pour-une-femme-revenue-de-syrie-apres-avoir-rejoint-daech\/222011\/#primaryimage"},"image":{"@id":"https:\/\/www.webdo.tn\/fr\/actualite\/national\/tunisie-quatre-ans-de-prison-pour-une-femme-revenue-de-syrie-apres-avoir-rejoint-daech\/222011\/#primaryimage"},"thumbnailUrl":"https:\/\/www.webdo.tn\/fr\/wp-content\/uploads\/2025\/05\/c892c5344c8f81473227ee9132d29d62.webp","datePublished":"2025-05-16T16:00:00+00:00","description":"Une femme tunisienne a \u00e9t\u00e9 condamn\u00e9e \u00e0 quatre ans de prison pour appartenance \u00e0 Daech, apr\u00e8s son retour de Syrie. La justice tunisienne renforce sa lutte contre...","breadcrumb":{"@id":"https:\/\/www.webdo.tn\/fr\/actualite\/national\/tunisie-quatre-ans-de-prison-pour-une-femme-revenue-de-syrie-apres-avoir-rejoint-daech\/222011\/#breadcrumb"},"inLanguage":"fr-FR","potentialAction":[{"@type":"ReadAction","target":["https:\/\/www.webdo.tn\/fr\/actualite\/national\/tunisie-quatre-ans-de-prison-pour-une-femme-revenue-de-syrie-apres-avoir-rejoint-daech\/222011\/"]}]},{"@type":"ImageObject","inLanguage":"fr-FR","@id":"https:\/\/www.webdo.tn\/fr\/actualite\/national\/tunisie-quatre-ans-de-prison-pour-une-femme-revenue-de-syrie-apres-avoir-rejoint-daech\/222011\/#primaryimage","url":"https:\/\/www.webdo.tn\/fr\/wp-content\/uploads\/2025\/05\/c892c5344c8f81473227ee9132d29d62.webp","contentUrl":"https:\/\/www.webdo.tn\/fr\/wp-content\/uploads\/2025\/05\/c892c5344c8f81473227ee9132d29d62.webp","width":680,"height":363,"caption":"Tunisie : Quatre ans de prison pour une femme revenue de Syrie apr\u00e8s avoir rejoint Daech"},{"@type":"BreadcrumbList","@id":"https:\/\/www.webdo.tn\/fr\/actualite\/national\/tunisie-quatre-ans-de-prison-pour-une-femme-revenue-de-syrie-apres-avoir-rejoint-daech\/222011\/#breadcrumb","itemListElement":[{"@type":"ListItem","position":1,"name":"Accueil","item":"https:\/\/www.webdo.tn\/fr\/"},{"@type":"ListItem","position":2,"name":"Tunisie : Quatre ans de prison pour une femme revenue de Syrie apr\u00e8s avoir rejoint Daech"}]},{"@type":"WebSite","@id":"https:\/\/www.webdo.tn\/fr\/#website","url":"https:\/\/www.webdo.tn\/fr\/","name":"webdo","description":"Tunisie - News en Tunisie et \u00e0 l&#039;international sur Webdo.tn","publisher":{"@id":"https:\/\/www.webdo.tn\/fr\/#organization"},"potentialAction":[{"@type":"SearchAction","target":{"@type":"EntryPoint","urlTemplate":"https:\/\/www.webdo.tn\/fr\/?s={search_term_string}"},"query-input":{"@type":"PropertyValueSpecification","valueRequired":true,"valueName":"search_term_string"}}],"inLanguage":"fr-FR"},{"@type":"Organization","@id":"https:\/\/www.webdo.tn\/fr\/#organization","name":"Webdo","alternateName":"Webdo.tn","url":"https:\/\/www.webdo.tn\/fr\/","logo":{"@type":"ImageObject","inLanguage":"fr-FR","@id":"https:\/\/www.webdo.tn\/fr\/#\/schema\/logo\/image\/","url":"https:\/\/www.webdo.tn\/fr\/wp-content\/uploads\/2025\/06\/Webdo-Tunisie_168377.jpg","contentUrl":"https:\/\/www.webdo.tn\/fr\/wp-content\/uploads\/2025\/06\/Webdo-Tunisie_168377.jpg","width":301,"height":301,"caption":"Webdo"},"image":{"@id":"https:\/\/www.webdo.tn\/fr\/#\/schema\/logo\/image\/"},"sameAs":["https:\/\/www.facebook.com\/webdotn","https:\/\/x.com\/webdo_tn"],"description":"Webdo est un m\u00e9dia num\u00e9rique tunisien fond\u00e9 en 2010, sp\u00e9cialis\u00e9 dans l\u2019actualit\u00e9 nationale et internationale, l\u2019\u00e9conomie, la soci\u00e9t\u00e9 et les analyses politiques. Le site s\u2019adresse \u00e0 un large public francophone et couvre l\u2019information tunisienne en temps r\u00e9el.","email":"redac@webdo.tn","legalName":"YNJ SARL","foundingDate":"2010-09-06","numberOfEmployees":{"@type":"QuantitativeValue","minValue":"11","maxValue":"50"}},{"@type":"Person","@id":"https:\/\/www.webdo.tn\/fr\/#\/schema\/person\/8500bcb8714aee00d99d4d6903fd06d7","name":"MC","image":{"@type":"ImageObject","inLanguage":"fr-FR","@id":"https:\/\/secure.gravatar.com\/avatar\/f608b47029e05639bee9b2fbeb496b6e3ad71093a5aabff97eea23a99d75ad8e?s=96&d=mm&r=g","url":"https:\/\/secure.gravatar.com\/avatar\/f608b47029e05639bee9b2fbeb496b6e3ad71093a5aabff97eea23a99d75ad8e?s=96&d=mm&r=g","contentUrl":"https:\/\/secure.gravatar.com\/avatar\/f608b47029e05639bee9b2fbeb496b6e3ad71093a5aabff97eea23a99d75ad8e?s=96&d=mm&r=g","caption":"MC"},"url":"https:\/\/www.webdo.tn\/fr\/actualite\/author\/mc-6\/"}]}},"_links":{"self":[{"href":"https:\/\/www.webdo.tn\/fr\/wp-json\/wp\/v2\/posts\/222011","targetHints":{"allow":["GET"]}}],"collection":[{"href":"https:\/\/www.webdo.tn\/fr\/wp-json\/wp\/v2\/posts"}],"about":[{"href":"https:\/\/www.webdo.tn\/fr\/wp-json\/wp\/v2\/types\/post"}],"author":[{"embeddable":true,"href":"https:\/\/www.webdo.tn\/fr\/wp-json\/wp\/v2\/users\/5338"}],"replies":[{"embeddable":true,"href":"https:\/\/www.webdo.tn\/fr\/wp-json\/wp\/v2\/comments?post=222011"}],"version-history":[{"count":0,"href":"https:\/\/www.webdo.tn\/fr\/wp-json\/wp\/v2\/posts\/222011\/revisions"}],"wp:featuredmedia":[{"embeddable":true,"href":"https:\/\/www.webdo.tn\/fr\/wp-json\/wp\/v2\/media\/376506"}],"wp:attachment":[{"href":"https:\/\/www.webdo.tn\/fr\/wp-json\/wp\/v2\/media?parent=222011"}],"wp:term":[{"taxonomy":"category","embeddable":true,"href":"https:\/\/www.webdo.tn\/fr\/wp-json\/wp\/v2\/categories?post=222011"},{"taxonomy":"post_tag","embeddable":true,"href":"https:\/\/www.webdo.tn\/fr\/wp-json\/wp\/v2\/tags?post=222011"}],"curies":[{"name":"wp","href":"https:\/\/api.w.org\/{rel}","templated":true}]}}