{"id":222003,"date":"2025-05-16T10:14:00","date_gmt":"2025-05-16T10:14:00","guid":{"rendered":"https:\/\/www.webdo.tn\/fr\/actualite\/blog\/tunisie-prix-des-moutons-de-l-aid-les-bouchers-et-les-agriculteurs-en-profond-desaccord\/222003\/"},"modified":"2025-05-16T10:14:00","modified_gmt":"2025-05-16T10:14:00","slug":"tunisie-prix-des-moutons-de-l-aid-les-bouchers-et-les-agriculteurs-en-profond-desaccord","status":"publish","type":"post","link":"https:\/\/www.webdo.tn\/fr\/actualite\/national\/tunisie-prix-des-moutons-de-l-aid-les-bouchers-et-les-agriculteurs-en-profond-desaccord\/222003\/","title":{"rendered":"Tunisie &#8211; Prix des moutons de l\u2019A\u00efd : Les bouchers et les agriculteurs en profond d\u00e9saccord"},"content":{"rendered":"<p>A quelques jours de l\u2019A\u00efd al-Idha, un net d\u00e9calage se fait sentir entre les discours des bouchers et ceux des repr\u00e9sentants du secteur agricole en Tunisie. Alors que l\u2019Union tunisienne de l\u2019agriculture et de la p\u00eache (UTAP) assure une abondance de l\u2019offre et une baisse significative des prix, la Chambre des bouchers alerte sur une r\u00e9alit\u00e9 bien diff\u00e9rente sur le terrain.<\/p>\n<p> Ahmed La\u00e2miri, pr\u00e9sident de la Chambre nationale des bouchers, a exprim\u00e9 ce vendredi 16 mai 2025, sur les ondes de Jawhara FM, de vives r\u00e9serves quant aux chiffres officiels communiqu\u00e9s sur la disponibilit\u00e9 des b\u00eates destin\u00e9es \u00e0 l\u2019abattage. Il parle de \u00ab donn\u00e9es erron\u00e9es \u00bb et souligne l\u2019absence des \u00e9leveurs dans les march\u00e9s aux bestiaux et les points de vente r\u00e9serv\u00e9s aux sacrifices.<\/p>\n<p>Selon lui, ce vide est d\u00e9sormais combl\u00e9 par des interm\u00e9diaires, qu\u2019il accuse de contr\u00f4ler l\u2019offre et la demande, faussant ainsi les prix et rendant le march\u00e9 instable.<\/p>\n<p>Un point de vue que ne partage pas Hamadi Boubakri, membre du bureau ex\u00e9cutif de l\u2019UTAP, qui assurait r\u00e9cemment que l\u2019offre en b\u00e9tail d\u00e9passait largement la demande locale. D\u2019apr\u00e8s lui, environ 1,1 million de moutons sont disponibles cette saison, soit plus que l\u2019ann\u00e9e pr\u00e9c\u00e9dente.<\/p>\n<p>Il \u00e9voque \u00e9galement une baisse des prix allant de 200 \u00e0 300 dinars, avec des moutons actuellement propos\u00e9s entre 750 et 800 dinars, contre jusqu\u2019\u00e0 1 100 dinars l\u2019an dernier. Seuls les b\u00e9liers plus \u00e2g\u00e9s (environ deux ans) atteindraient des prix \u00e9lev\u00e9s avoisinant 1 700 dinars.<\/p>\n<p>Ce contraste entre les deux discours r\u00e9v\u00e8le une tension palpable autour de la r\u00e9gulation du march\u00e9 et de la perception de la r\u00e9alit\u00e9 \u00e9conomique par les diff\u00e9rents acteurs. Il pose \u00e9galement la question de qui contr\u00f4le r\u00e9ellement les prix dans un contexte aussi sensible que celui de l\u2019A\u00efd.<\/p>\n<p>En conclusion, la Chambre des bouchers propose de vendre le kilogramme de la b\u00eate sacrificielle \u00e0 35,2 dinars, un tarif qui pourrait encore \u00e9voluer selon l&rsquo;\u00e9volution du march\u00e9 dans les prochains jours.<\/p>\n","protected":false},"excerpt":{"rendered":"<p>\u00c0 l\u2019approche de l\u2019A\u00efd al-Idha, un d\u00e9saccord oppose les bouchers et l\u2019UTAP sur l\u2019offre et les prix des moutons : tandis que les agriculteurs annoncent une baisse&#8230;<\/p>\n","protected":false},"author":3162,"featured_media":376278,"comment_status":"open","ping_status":"closed","sticky":false,"template":"","format":"standard","meta":{"footnotes":""},"categories":[44],"tags":[9571,11798,8032,2609,2608],"class_list":["post-222003","post","type-post","status-publish","format-standard","has-post-thumbnail","hentry","category-national","tag-aid-al-idha","tag-chambre-nationale-des-bouchers","tag-mouton","tag-prix","tag-tunisie"],"yoast_head":"<!-- This site is optimized with the Yoast SEO Premium plugin v27.5 (Yoast SEO v27.5) - https:\/\/yoast.com\/product\/yoast-seo-premium-wordpress\/ -->\n<title>Tunisie - Prix des moutons de l\u2019A\u00efd : Les bouchers et les agriculteurs en profond d\u00e9saccord<\/title>\n<meta name=\"description\" content=\"\u00c0 l\u2019approche de l\u2019A\u00efd al-Idha, un d\u00e9saccord oppose les bouchers et l\u2019UTAP sur l\u2019offre et les prix des moutons : tandis que les agriculteurs annoncent une baisse...\" \/>\n<link rel=\"canonical\" href=\"https:\/\/www.webdo.tn\/fr\/actualite\/national\/tunisie-prix-des-moutons-de-l-aid-les-bouchers-et-les-agriculteurs-en-profond-desaccord\/222003\/\" \/>\n<meta property=\"og:locale\" content=\"fr_FR\" \/>\n<meta property=\"og:type\" content=\"article\" \/>\n<meta property=\"og:title\" content=\"Tunisie - Prix des moutons de l\u2019A\u00efd : Les bouchers et les agriculteurs en profond d\u00e9saccord\" \/>\n<meta property=\"og:description\" content=\"\u00c0 l\u2019approche de l\u2019A\u00efd al-Idha, un d\u00e9saccord oppose les bouchers et l\u2019UTAP sur l\u2019offre et les prix des moutons : tandis que les agriculteurs annoncent une baisse...\" \/>\n<meta property=\"og:url\" content=\"https:\/\/www.webdo.tn\/fr\/actualite\/national\/tunisie-prix-des-moutons-de-l-aid-les-bouchers-et-les-agriculteurs-en-profond-desaccord\/222003\/\" \/>\n<meta property=\"og:site_name\" content=\"webdo\" \/>\n<meta property=\"article:publisher\" content=\"https:\/\/www.facebook.com\/webdotn\" \/>\n<meta property=\"article:published_time\" content=\"2025-05-16T10:14:00+00:00\" \/>\n<meta property=\"og:image\" content=\"https:\/\/www.webdo.tn\/fr\/wp-content\/uploads\/2025\/05\/4466b690e882720276eb15c8b2625bab.webp\" \/>\n\t<meta property=\"og:image:width\" content=\"750\" \/>\n\t<meta property=\"og:image:height\" content=\"400\" \/>\n\t<meta property=\"og:image:type\" content=\"image\/webp\" \/>\n<meta name=\"author\" content=\"MC\" \/>\n<meta name=\"twitter:card\" content=\"summary_large_image\" \/>\n<meta name=\"twitter:creator\" content=\"@webdo_tn\" \/>\n<meta name=\"twitter:site\" content=\"@webdo_tn\" \/>\n<meta name=\"twitter:label1\" content=\"\u00c9crit par\" \/>\n\t<meta name=\"twitter:data1\" content=\"MC\" \/>\n\t<meta name=\"twitter:label2\" content=\"Dur\u00e9e de lecture estim\u00e9e\" \/>\n\t<meta name=\"twitter:data2\" content=\"2 minutes\" \/>\n<script type=\"application\/ld+json\" class=\"yoast-schema-graph\">{\"@context\":\"https:\\\/\\\/schema.org\",\"@graph\":[{\"@type\":\"NewsArticle\",\"@id\":\"https:\\\/\\\/www.webdo.tn\\\/fr\\\/actualite\\\/national\\\/tunisie-prix-des-moutons-de-l-aid-les-bouchers-et-les-agriculteurs-en-profond-desaccord\\\/222003\\\/#article\",\"isPartOf\":{\"@id\":\"https:\\\/\\\/www.webdo.tn\\\/fr\\\/actualite\\\/national\\\/tunisie-prix-des-moutons-de-l-aid-les-bouchers-et-les-agriculteurs-en-profond-desaccord\\\/222003\\\/\"},\"author\":{\"name\":\"MC\",\"@id\":\"https:\\\/\\\/www.webdo.tn\\\/fr\\\/#\\\/schema\\\/person\\\/2c4929cbf5a809e3bd38617c6ce150f6\"},\"headline\":\"Tunisie &#8211; Prix des moutons de l\u2019A\u00efd : Les bouchers et les agriculteurs en profond d\u00e9saccord\",\"datePublished\":\"2025-05-16T10:14:00+00:00\",\"mainEntityOfPage\":{\"@id\":\"https:\\\/\\\/www.webdo.tn\\\/fr\\\/actualite\\\/national\\\/tunisie-prix-des-moutons-de-l-aid-les-bouchers-et-les-agriculteurs-en-profond-desaccord\\\/222003\\\/\"},\"wordCount\":378,\"commentCount\":0,\"publisher\":{\"@id\":\"https:\\\/\\\/www.webdo.tn\\\/fr\\\/#organization\"},\"image\":{\"@id\":\"https:\\\/\\\/www.webdo.tn\\\/fr\\\/actualite\\\/national\\\/tunisie-prix-des-moutons-de-l-aid-les-bouchers-et-les-agriculteurs-en-profond-desaccord\\\/222003\\\/#primaryimage\"},\"thumbnailUrl\":\"https:\\\/\\\/www.webdo.tn\\\/fr\\\/wp-content\\\/uploads\\\/2025\\\/05\\\/4466b690e882720276eb15c8b2625bab.webp\",\"keywords\":[\"A\u00efd Al-Idha\",\"Chambre nationale des bouchers\",\"mouton\",\"prix\",\"Tunisie\"],\"articleSection\":[\"National\"],\"inLanguage\":\"fr-FR\"},{\"@type\":\"WebPage\",\"@id\":\"https:\\\/\\\/www.webdo.tn\\\/fr\\\/actualite\\\/national\\\/tunisie-prix-des-moutons-de-l-aid-les-bouchers-et-les-agriculteurs-en-profond-desaccord\\\/222003\\\/\",\"url\":\"https:\\\/\\\/www.webdo.tn\\\/fr\\\/actualite\\\/national\\\/tunisie-prix-des-moutons-de-l-aid-les-bouchers-et-les-agriculteurs-en-profond-desaccord\\\/222003\\\/\",\"name\":\"Tunisie - Prix des moutons de l\u2019A\u00efd : Les bouchers et les agriculteurs en profond d\u00e9saccord\",\"isPartOf\":{\"@id\":\"https:\\\/\\\/www.webdo.tn\\\/fr\\\/#website\"},\"primaryImageOfPage\":{\"@id\":\"https:\\\/\\\/www.webdo.tn\\\/fr\\\/actualite\\\/national\\\/tunisie-prix-des-moutons-de-l-aid-les-bouchers-et-les-agriculteurs-en-profond-desaccord\\\/222003\\\/#primaryimage\"},\"image\":{\"@id\":\"https:\\\/\\\/www.webdo.tn\\\/fr\\\/actualite\\\/national\\\/tunisie-prix-des-moutons-de-l-aid-les-bouchers-et-les-agriculteurs-en-profond-desaccord\\\/222003\\\/#primaryimage\"},\"thumbnailUrl\":\"https:\\\/\\\/www.webdo.tn\\\/fr\\\/wp-content\\\/uploads\\\/2025\\\/05\\\/4466b690e882720276eb15c8b2625bab.webp\",\"datePublished\":\"2025-05-16T10:14:00+00:00\",\"description\":\"\u00c0 l\u2019approche de l\u2019A\u00efd al-Idha, un d\u00e9saccord oppose les bouchers et l\u2019UTAP sur l\u2019offre et les prix des moutons : tandis que les agriculteurs annoncent une baisse...\",\"breadcrumb\":{\"@id\":\"https:\\\/\\\/www.webdo.tn\\\/fr\\\/actualite\\\/national\\\/tunisie-prix-des-moutons-de-l-aid-les-bouchers-et-les-agriculteurs-en-profond-desaccord\\\/222003\\\/#breadcrumb\"},\"inLanguage\":\"fr-FR\",\"potentialAction\":[{\"@type\":\"ReadAction\",\"target\":[\"https:\\\/\\\/www.webdo.tn\\\/fr\\\/actualite\\\/national\\\/tunisie-prix-des-moutons-de-l-aid-les-bouchers-et-les-agriculteurs-en-profond-desaccord\\\/222003\\\/\"]}]},{\"@type\":\"ImageObject\",\"inLanguage\":\"fr-FR\",\"@id\":\"https:\\\/\\\/www.webdo.tn\\\/fr\\\/actualite\\\/national\\\/tunisie-prix-des-moutons-de-l-aid-les-bouchers-et-les-agriculteurs-en-profond-desaccord\\\/222003\\\/#primaryimage\",\"url\":\"https:\\\/\\\/www.webdo.tn\\\/fr\\\/wp-content\\\/uploads\\\/2025\\\/05\\\/4466b690e882720276eb15c8b2625bab.webp\",\"contentUrl\":\"https:\\\/\\\/www.webdo.tn\\\/fr\\\/wp-content\\\/uploads\\\/2025\\\/05\\\/4466b690e882720276eb15c8b2625bab.webp\",\"width\":750,\"height\":400,\"caption\":\"Tunisie - Prix des moutons de l\u2019A\u00efd : Les bouchers et les agriculteurs en profond d\u00e9saccord\"},{\"@type\":\"BreadcrumbList\",\"@id\":\"https:\\\/\\\/www.webdo.tn\\\/fr\\\/actualite\\\/national\\\/tunisie-prix-des-moutons-de-l-aid-les-bouchers-et-les-agriculteurs-en-profond-desaccord\\\/222003\\\/#breadcrumb\",\"itemListElement\":[{\"@type\":\"ListItem\",\"position\":1,\"name\":\"Accueil\",\"item\":\"https:\\\/\\\/www.webdo.tn\\\/fr\\\/\"},{\"@type\":\"ListItem\",\"position\":2,\"name\":\"Tunisie &#8211; Prix des moutons de l\u2019A\u00efd : Les bouchers et les agriculteurs en profond d\u00e9saccord\"}]},{\"@type\":\"WebSite\",\"@id\":\"https:\\\/\\\/www.webdo.tn\\\/fr\\\/#website\",\"url\":\"https:\\\/\\\/www.webdo.tn\\\/fr\\\/\",\"name\":\"webdo\",\"description\":\"Tunisie - News en Tunisie et \u00e0 l&#039;international sur Webdo.tn\",\"publisher\":{\"@id\":\"https:\\\/\\\/www.webdo.tn\\\/fr\\\/#organization\"},\"potentialAction\":[{\"@type\":\"SearchAction\",\"target\":{\"@type\":\"EntryPoint\",\"urlTemplate\":\"https:\\\/\\\/www.webdo.tn\\\/fr\\\/?s={search_term_string}\"},\"query-input\":{\"@type\":\"PropertyValueSpecification\",\"valueRequired\":true,\"valueName\":\"search_term_string\"}}],\"inLanguage\":\"fr-FR\"},{\"@type\":\"Organization\",\"@id\":\"https:\\\/\\\/www.webdo.tn\\\/fr\\\/#organization\",\"name\":\"Webdo\",\"alternateName\":\"Webdo.tn\",\"url\":\"https:\\\/\\\/www.webdo.tn\\\/fr\\\/\",\"logo\":{\"@type\":\"ImageObject\",\"inLanguage\":\"fr-FR\",\"@id\":\"https:\\\/\\\/www.webdo.tn\\\/fr\\\/#\\\/schema\\\/logo\\\/image\\\/\",\"url\":\"https:\\\/\\\/www.webdo.tn\\\/fr\\\/wp-content\\\/uploads\\\/2025\\\/06\\\/Webdo-Tunisie_168377.jpg\",\"contentUrl\":\"https:\\\/\\\/www.webdo.tn\\\/fr\\\/wp-content\\\/uploads\\\/2025\\\/06\\\/Webdo-Tunisie_168377.jpg\",\"width\":301,\"height\":301,\"caption\":\"Webdo\"},\"image\":{\"@id\":\"https:\\\/\\\/www.webdo.tn\\\/fr\\\/#\\\/schema\\\/logo\\\/image\\\/\"},\"sameAs\":[\"https:\\\/\\\/www.facebook.com\\\/webdotn\",\"https:\\\/\\\/x.com\\\/webdo_tn\"],\"description\":\"Webdo est un m\u00e9dia num\u00e9rique tunisien fond\u00e9 en 2010, sp\u00e9cialis\u00e9 dans l\u2019actualit\u00e9 nationale et internationale, l\u2019\u00e9conomie, la soci\u00e9t\u00e9 et les analyses politiques. Le site s\u2019adresse \u00e0 un large public francophone et couvre l\u2019information tunisienne en temps r\u00e9el.\",\"email\":\"redac@webdo.tn\",\"legalName\":\"YNJ SARL\",\"foundingDate\":\"2010-09-06\",\"numberOfEmployees\":{\"@type\":\"QuantitativeValue\",\"minValue\":\"11\",\"maxValue\":\"50\"}},{\"@type\":\"Person\",\"@id\":\"https:\\\/\\\/www.webdo.tn\\\/fr\\\/#\\\/schema\\\/person\\\/2c4929cbf5a809e3bd38617c6ce150f6\",\"name\":\"MC\",\"image\":{\"@type\":\"ImageObject\",\"inLanguage\":\"fr-FR\",\"@id\":\"https:\\\/\\\/secure.gravatar.com\\\/avatar\\\/a545bbb6f84efdd5553dbbc2895e3ca8f1d12c5215e00a041c9670b54aa9b18a?s=96&d=mm&r=g\",\"url\":\"https:\\\/\\\/secure.gravatar.com\\\/avatar\\\/a545bbb6f84efdd5553dbbc2895e3ca8f1d12c5215e00a041c9670b54aa9b18a?s=96&d=mm&r=g\",\"contentUrl\":\"https:\\\/\\\/secure.gravatar.com\\\/avatar\\\/a545bbb6f84efdd5553dbbc2895e3ca8f1d12c5215e00a041c9670b54aa9b18a?s=96&d=mm&r=g\",\"caption\":\"MC\"},\"url\":\"https:\\\/\\\/www.webdo.tn\\\/fr\\\/actualite\\\/author\\\/mc\\\/\"}]}<\/script>\n<!-- \/ Yoast SEO Premium plugin. -->","yoast_head_json":{"title":"Tunisie - Prix des moutons de l\u2019A\u00efd : Les bouchers et les agriculteurs en profond d\u00e9saccord","description":"\u00c0 l\u2019approche de l\u2019A\u00efd al-Idha, un d\u00e9saccord oppose les bouchers et l\u2019UTAP sur l\u2019offre et les prix des moutons : tandis que les agriculteurs annoncent une baisse...","canonical":"https:\/\/www.webdo.tn\/fr\/actualite\/national\/tunisie-prix-des-moutons-de-l-aid-les-bouchers-et-les-agriculteurs-en-profond-desaccord\/222003\/","og_locale":"fr_FR","og_type":"article","og_title":"Tunisie - Prix des moutons de l\u2019A\u00efd : Les bouchers et les agriculteurs en profond d\u00e9saccord","og_description":"\u00c0 l\u2019approche de l\u2019A\u00efd al-Idha, un d\u00e9saccord oppose les bouchers et l\u2019UTAP sur l\u2019offre et les prix des moutons : tandis que les agriculteurs annoncent une baisse...","og_url":"https:\/\/www.webdo.tn\/fr\/actualite\/national\/tunisie-prix-des-moutons-de-l-aid-les-bouchers-et-les-agriculteurs-en-profond-desaccord\/222003\/","og_site_name":"webdo","article_publisher":"https:\/\/www.facebook.com\/webdotn","article_published_time":"2025-05-16T10:14:00+00:00","og_image":[{"width":750,"height":400,"url":"https:\/\/www.webdo.tn\/fr\/wp-content\/uploads\/2025\/05\/4466b690e882720276eb15c8b2625bab.webp","type":"image\/webp"}],"author":"MC","twitter_card":"summary_large_image","twitter_creator":"@webdo_tn","twitter_site":"@webdo_tn","twitter_misc":{"\u00c9crit par":"MC","Dur\u00e9e de lecture estim\u00e9e":"2 minutes"},"schema":{"@context":"https:\/\/schema.org","@graph":[{"@type":"NewsArticle","@id":"https:\/\/www.webdo.tn\/fr\/actualite\/national\/tunisie-prix-des-moutons-de-l-aid-les-bouchers-et-les-agriculteurs-en-profond-desaccord\/222003\/#article","isPartOf":{"@id":"https:\/\/www.webdo.tn\/fr\/actualite\/national\/tunisie-prix-des-moutons-de-l-aid-les-bouchers-et-les-agriculteurs-en-profond-desaccord\/222003\/"},"author":{"name":"MC","@id":"https:\/\/www.webdo.tn\/fr\/#\/schema\/person\/2c4929cbf5a809e3bd38617c6ce150f6"},"headline":"Tunisie &#8211; Prix des moutons de l\u2019A\u00efd : Les bouchers et les agriculteurs en profond d\u00e9saccord","datePublished":"2025-05-16T10:14:00+00:00","mainEntityOfPage":{"@id":"https:\/\/www.webdo.tn\/fr\/actualite\/national\/tunisie-prix-des-moutons-de-l-aid-les-bouchers-et-les-agriculteurs-en-profond-desaccord\/222003\/"},"wordCount":378,"commentCount":0,"publisher":{"@id":"https:\/\/www.webdo.tn\/fr\/#organization"},"image":{"@id":"https:\/\/www.webdo.tn\/fr\/actualite\/national\/tunisie-prix-des-moutons-de-l-aid-les-bouchers-et-les-agriculteurs-en-profond-desaccord\/222003\/#primaryimage"},"thumbnailUrl":"https:\/\/www.webdo.tn\/fr\/wp-content\/uploads\/2025\/05\/4466b690e882720276eb15c8b2625bab.webp","keywords":["A\u00efd Al-Idha","Chambre nationale des bouchers","mouton","prix","Tunisie"],"articleSection":["National"],"inLanguage":"fr-FR"},{"@type":"WebPage","@id":"https:\/\/www.webdo.tn\/fr\/actualite\/national\/tunisie-prix-des-moutons-de-l-aid-les-bouchers-et-les-agriculteurs-en-profond-desaccord\/222003\/","url":"https:\/\/www.webdo.tn\/fr\/actualite\/national\/tunisie-prix-des-moutons-de-l-aid-les-bouchers-et-les-agriculteurs-en-profond-desaccord\/222003\/","name":"Tunisie - Prix des moutons de l\u2019A\u00efd : Les bouchers et les agriculteurs en profond d\u00e9saccord","isPartOf":{"@id":"https:\/\/www.webdo.tn\/fr\/#website"},"primaryImageOfPage":{"@id":"https:\/\/www.webdo.tn\/fr\/actualite\/national\/tunisie-prix-des-moutons-de-l-aid-les-bouchers-et-les-agriculteurs-en-profond-desaccord\/222003\/#primaryimage"},"image":{"@id":"https:\/\/www.webdo.tn\/fr\/actualite\/national\/tunisie-prix-des-moutons-de-l-aid-les-bouchers-et-les-agriculteurs-en-profond-desaccord\/222003\/#primaryimage"},"thumbnailUrl":"https:\/\/www.webdo.tn\/fr\/wp-content\/uploads\/2025\/05\/4466b690e882720276eb15c8b2625bab.webp","datePublished":"2025-05-16T10:14:00+00:00","description":"\u00c0 l\u2019approche de l\u2019A\u00efd al-Idha, un d\u00e9saccord oppose les bouchers et l\u2019UTAP sur l\u2019offre et les prix des moutons : tandis que les agriculteurs annoncent une baisse...","breadcrumb":{"@id":"https:\/\/www.webdo.tn\/fr\/actualite\/national\/tunisie-prix-des-moutons-de-l-aid-les-bouchers-et-les-agriculteurs-en-profond-desaccord\/222003\/#breadcrumb"},"inLanguage":"fr-FR","potentialAction":[{"@type":"ReadAction","target":["https:\/\/www.webdo.tn\/fr\/actualite\/national\/tunisie-prix-des-moutons-de-l-aid-les-bouchers-et-les-agriculteurs-en-profond-desaccord\/222003\/"]}]},{"@type":"ImageObject","inLanguage":"fr-FR","@id":"https:\/\/www.webdo.tn\/fr\/actualite\/national\/tunisie-prix-des-moutons-de-l-aid-les-bouchers-et-les-agriculteurs-en-profond-desaccord\/222003\/#primaryimage","url":"https:\/\/www.webdo.tn\/fr\/wp-content\/uploads\/2025\/05\/4466b690e882720276eb15c8b2625bab.webp","contentUrl":"https:\/\/www.webdo.tn\/fr\/wp-content\/uploads\/2025\/05\/4466b690e882720276eb15c8b2625bab.webp","width":750,"height":400,"caption":"Tunisie - Prix des moutons de l\u2019A\u00efd : Les bouchers et les agriculteurs en profond d\u00e9saccord"},{"@type":"BreadcrumbList","@id":"https:\/\/www.webdo.tn\/fr\/actualite\/national\/tunisie-prix-des-moutons-de-l-aid-les-bouchers-et-les-agriculteurs-en-profond-desaccord\/222003\/#breadcrumb","itemListElement":[{"@type":"ListItem","position":1,"name":"Accueil","item":"https:\/\/www.webdo.tn\/fr\/"},{"@type":"ListItem","position":2,"name":"Tunisie &#8211; Prix des moutons de l\u2019A\u00efd : Les bouchers et les agriculteurs en profond d\u00e9saccord"}]},{"@type":"WebSite","@id":"https:\/\/www.webdo.tn\/fr\/#website","url":"https:\/\/www.webdo.tn\/fr\/","name":"webdo","description":"Tunisie - News en Tunisie et \u00e0 l&#039;international sur Webdo.tn","publisher":{"@id":"https:\/\/www.webdo.tn\/fr\/#organization"},"potentialAction":[{"@type":"SearchAction","target":{"@type":"EntryPoint","urlTemplate":"https:\/\/www.webdo.tn\/fr\/?s={search_term_string}"},"query-input":{"@type":"PropertyValueSpecification","valueRequired":true,"valueName":"search_term_string"}}],"inLanguage":"fr-FR"},{"@type":"Organization","@id":"https:\/\/www.webdo.tn\/fr\/#organization","name":"Webdo","alternateName":"Webdo.tn","url":"https:\/\/www.webdo.tn\/fr\/","logo":{"@type":"ImageObject","inLanguage":"fr-FR","@id":"https:\/\/www.webdo.tn\/fr\/#\/schema\/logo\/image\/","url":"https:\/\/www.webdo.tn\/fr\/wp-content\/uploads\/2025\/06\/Webdo-Tunisie_168377.jpg","contentUrl":"https:\/\/www.webdo.tn\/fr\/wp-content\/uploads\/2025\/06\/Webdo-Tunisie_168377.jpg","width":301,"height":301,"caption":"Webdo"},"image":{"@id":"https:\/\/www.webdo.tn\/fr\/#\/schema\/logo\/image\/"},"sameAs":["https:\/\/www.facebook.com\/webdotn","https:\/\/x.com\/webdo_tn"],"description":"Webdo est un m\u00e9dia num\u00e9rique tunisien fond\u00e9 en 2010, sp\u00e9cialis\u00e9 dans l\u2019actualit\u00e9 nationale et internationale, l\u2019\u00e9conomie, la soci\u00e9t\u00e9 et les analyses politiques. Le site s\u2019adresse \u00e0 un large public francophone et couvre l\u2019information tunisienne en temps r\u00e9el.","email":"redac@webdo.tn","legalName":"YNJ SARL","foundingDate":"2010-09-06","numberOfEmployees":{"@type":"QuantitativeValue","minValue":"11","maxValue":"50"}},{"@type":"Person","@id":"https:\/\/www.webdo.tn\/fr\/#\/schema\/person\/2c4929cbf5a809e3bd38617c6ce150f6","name":"MC","image":{"@type":"ImageObject","inLanguage":"fr-FR","@id":"https:\/\/secure.gravatar.com\/avatar\/a545bbb6f84efdd5553dbbc2895e3ca8f1d12c5215e00a041c9670b54aa9b18a?s=96&d=mm&r=g","url":"https:\/\/secure.gravatar.com\/avatar\/a545bbb6f84efdd5553dbbc2895e3ca8f1d12c5215e00a041c9670b54aa9b18a?s=96&d=mm&r=g","contentUrl":"https:\/\/secure.gravatar.com\/avatar\/a545bbb6f84efdd5553dbbc2895e3ca8f1d12c5215e00a041c9670b54aa9b18a?s=96&d=mm&r=g","caption":"MC"},"url":"https:\/\/www.webdo.tn\/fr\/actualite\/author\/mc\/"}]}},"_links":{"self":[{"href":"https:\/\/www.webdo.tn\/fr\/wp-json\/wp\/v2\/posts\/222003","targetHints":{"allow":["GET"]}}],"collection":[{"href":"https:\/\/www.webdo.tn\/fr\/wp-json\/wp\/v2\/posts"}],"about":[{"href":"https:\/\/www.webdo.tn\/fr\/wp-json\/wp\/v2\/types\/post"}],"author":[{"embeddable":true,"href":"https:\/\/www.webdo.tn\/fr\/wp-json\/wp\/v2\/users\/3162"}],"replies":[{"embeddable":true,"href":"https:\/\/www.webdo.tn\/fr\/wp-json\/wp\/v2\/comments?post=222003"}],"version-history":[{"count":0,"href":"https:\/\/www.webdo.tn\/fr\/wp-json\/wp\/v2\/posts\/222003\/revisions"}],"wp:featuredmedia":[{"embeddable":true,"href":"https:\/\/www.webdo.tn\/fr\/wp-json\/wp\/v2\/media\/376278"}],"wp:attachment":[{"href":"https:\/\/www.webdo.tn\/fr\/wp-json\/wp\/v2\/media?parent=222003"}],"wp:term":[{"taxonomy":"category","embeddable":true,"href":"https:\/\/www.webdo.tn\/fr\/wp-json\/wp\/v2\/categories?post=222003"},{"taxonomy":"post_tag","embeddable":true,"href":"https:\/\/www.webdo.tn\/fr\/wp-json\/wp\/v2\/tags?post=222003"}],"curies":[{"name":"wp","href":"https:\/\/api.w.org\/{rel}","templated":true}]}}