{"id":221990,"date":"2025-05-15T15:22:00","date_gmt":"2025-05-15T15:22:00","guid":{"rendered":"https:\/\/www.webdo.tn\/fr\/actualite\/blog\/sommet-de-bagdad-la-tunisie-entre-guerre-a-gaza-et-relance-economique-arabe\/221990\/"},"modified":"2025-05-15T15:22:00","modified_gmt":"2025-05-15T15:22:00","slug":"sommet-de-bagdad-la-tunisie-entre-guerre-a-gaza-et-relance-economique-arabe","status":"publish","type":"post","link":"https:\/\/www.webdo.tn\/fr\/actualite\/national\/sommet-de-bagdad-la-tunisie-entre-guerre-a-gaza-et-relance-economique-arabe\/221990\/","title":{"rendered":"Sommet de Bagdad : La Tunisie, entre guerre \u00e0 Gaza et relance \u00e9conomique arabe"},"content":{"rendered":"<p>Le chef de la diplomatie tunisienne, Mohamed Ali Nafti, repr\u00e9sentera la Tunisie \u00e0 Bagdad ce 17 mai, \u00e0 l\u2019occasion de deux sommets arabes majeurs : le 34e Sommet ordinaire de la Ligue arabe et le 5e Sommet consacr\u00e9 au d\u00e9veloppement \u00e9conomique et social.<\/p>\n<p>Ces r\u00e9unions, organis\u00e9es en parall\u00e8le, interviennent dans un contexte r\u00e9gional tendu, marqu\u00e9 par la poursuite de la guerre men\u00e9e par Isra\u00ebl contre la population de Gaza et les violences croissantes en Cisjordanie. La question palestinienne figurera en t\u00eate de l\u2019agenda du sommet politique, avec pour enjeu une r\u00e9action commune du monde arabe face \u00e0 ce que plusieurs pays qualifient de \u00ab\u00a0guerre g\u00e9nocidaire\u00a0\u00bb.<\/p>\n<p>En parall\u00e8le, le sommet d\u00e9di\u00e9 au d\u00e9veloppement mettra l\u2019accent sur le renforcement des partenariats \u00e9conomiques et sociaux entre les pays membres. De nouvelles approches de coop\u00e9ration seront explor\u00e9es, avec pour objectif de relancer une dynamique collective dans un monde arabe en qu\u00eate de stabilit\u00e9 et de croissance inclusive.<\/p>\n","protected":false},"excerpt":{"rendered":"<p>Le ministre tunisien des Affaires \u00e9trang\u00e8res, Mohamed Ali Nafti, repr\u00e9sentera la Tunisie aux deux sommets arabes de Bagdad, ax\u00e9s sur la guerre \u00e0 Gaza et les str&#8230;<\/p>\n","protected":false},"author":5338,"featured_media":376438,"comment_status":"open","ping_status":"closed","sticky":false,"template":"","format":"standard","meta":{"footnotes":""},"categories":[44],"tags":[2868,3297,2866],"class_list":["post-221990","post","type-post","status-publish","format-standard","has-post-thumbnail","hentry","category-national","tag-bagdad","tag-mohamed-ali-nafti","tag-sommet-arabe"],"yoast_head":"<!-- This site is optimized with the Yoast SEO Premium plugin v27.5 (Yoast SEO v27.5) - https:\/\/yoast.com\/product\/yoast-seo-premium-wordpress\/ -->\n<title>Sommet de Bagdad : La Tunisie, entre guerre \u00e0 Gaza et relance \u00e9conomique arabe<\/title>\n<meta name=\"description\" content=\"Le ministre tunisien des Affaires \u00e9trang\u00e8res, Mohamed Ali Nafti, repr\u00e9sentera la Tunisie aux deux sommets arabes de Bagdad, ax\u00e9s sur la guerre \u00e0 Gaza et les str...\" \/>\n<link rel=\"canonical\" href=\"https:\/\/www.webdo.tn\/fr\/actualite\/national\/sommet-de-bagdad-la-tunisie-entre-guerre-a-gaza-et-relance-economique-arabe\/221990\/\" \/>\n<meta property=\"og:locale\" content=\"fr_FR\" \/>\n<meta property=\"og:type\" content=\"article\" \/>\n<meta property=\"og:title\" content=\"Sommet de Bagdad : La Tunisie, entre guerre \u00e0 Gaza et relance \u00e9conomique arabe\" \/>\n<meta property=\"og:description\" content=\"Le ministre tunisien des Affaires \u00e9trang\u00e8res, Mohamed Ali Nafti, repr\u00e9sentera la Tunisie aux deux sommets arabes de Bagdad, ax\u00e9s sur la guerre \u00e0 Gaza et les str...\" \/>\n<meta property=\"og:url\" content=\"https:\/\/www.webdo.tn\/fr\/actualite\/national\/sommet-de-bagdad-la-tunisie-entre-guerre-a-gaza-et-relance-economique-arabe\/221990\/\" \/>\n<meta property=\"og:site_name\" content=\"webdo\" \/>\n<meta property=\"article:publisher\" content=\"https:\/\/www.facebook.com\/webdotn\" \/>\n<meta property=\"article:published_time\" content=\"2025-05-15T15:22:00+00:00\" \/>\n<meta property=\"og:image\" content=\"https:\/\/www.webdo.tn\/fr\/wp-content\/uploads\/2025\/05\/8cf1fe3fb3853e887a55eb452020788f.webp\" \/>\n\t<meta property=\"og:image:width\" content=\"708\" \/>\n\t<meta property=\"og:image:height\" content=\"378\" \/>\n\t<meta property=\"og:image:type\" content=\"image\/webp\" \/>\n<meta name=\"author\" content=\"MC\" \/>\n<meta name=\"twitter:card\" content=\"summary_large_image\" \/>\n<meta name=\"twitter:creator\" content=\"@webdo_tn\" \/>\n<meta name=\"twitter:site\" content=\"@webdo_tn\" \/>\n<meta name=\"twitter:label1\" content=\"\u00c9crit par\" \/>\n\t<meta name=\"twitter:data1\" content=\"MC\" \/>\n\t<meta name=\"twitter:label2\" content=\"Dur\u00e9e de lecture estim\u00e9e\" \/>\n\t<meta name=\"twitter:data2\" content=\"1 minute\" \/>\n<script type=\"application\/ld+json\" class=\"yoast-schema-graph\">{\"@context\":\"https:\\\/\\\/schema.org\",\"@graph\":[{\"@type\":\"NewsArticle\",\"@id\":\"https:\\\/\\\/www.webdo.tn\\\/fr\\\/actualite\\\/national\\\/sommet-de-bagdad-la-tunisie-entre-guerre-a-gaza-et-relance-economique-arabe\\\/221990\\\/#article\",\"isPartOf\":{\"@id\":\"https:\\\/\\\/www.webdo.tn\\\/fr\\\/actualite\\\/national\\\/sommet-de-bagdad-la-tunisie-entre-guerre-a-gaza-et-relance-economique-arabe\\\/221990\\\/\"},\"author\":{\"name\":\"MC\",\"@id\":\"https:\\\/\\\/www.webdo.tn\\\/fr\\\/#\\\/schema\\\/person\\\/8500bcb8714aee00d99d4d6903fd06d7\"},\"headline\":\"Sommet de Bagdad : La Tunisie, entre guerre \u00e0 Gaza et relance \u00e9conomique arabe\",\"datePublished\":\"2025-05-15T15:22:00+00:00\",\"mainEntityOfPage\":{\"@id\":\"https:\\\/\\\/www.webdo.tn\\\/fr\\\/actualite\\\/national\\\/sommet-de-bagdad-la-tunisie-entre-guerre-a-gaza-et-relance-economique-arabe\\\/221990\\\/\"},\"wordCount\":180,\"commentCount\":0,\"publisher\":{\"@id\":\"https:\\\/\\\/www.webdo.tn\\\/fr\\\/#organization\"},\"image\":{\"@id\":\"https:\\\/\\\/www.webdo.tn\\\/fr\\\/actualite\\\/national\\\/sommet-de-bagdad-la-tunisie-entre-guerre-a-gaza-et-relance-economique-arabe\\\/221990\\\/#primaryimage\"},\"thumbnailUrl\":\"https:\\\/\\\/www.webdo.tn\\\/fr\\\/wp-content\\\/uploads\\\/2025\\\/05\\\/8cf1fe3fb3853e887a55eb452020788f.webp\",\"keywords\":[\"Bagdad\",\"Mohamed Ali Nafti\",\"sommet arabe\"],\"articleSection\":[\"National\"],\"inLanguage\":\"fr-FR\"},{\"@type\":\"WebPage\",\"@id\":\"https:\\\/\\\/www.webdo.tn\\\/fr\\\/actualite\\\/national\\\/sommet-de-bagdad-la-tunisie-entre-guerre-a-gaza-et-relance-economique-arabe\\\/221990\\\/\",\"url\":\"https:\\\/\\\/www.webdo.tn\\\/fr\\\/actualite\\\/national\\\/sommet-de-bagdad-la-tunisie-entre-guerre-a-gaza-et-relance-economique-arabe\\\/221990\\\/\",\"name\":\"Sommet de Bagdad : La Tunisie, entre guerre \u00e0 Gaza et relance \u00e9conomique arabe\",\"isPartOf\":{\"@id\":\"https:\\\/\\\/www.webdo.tn\\\/fr\\\/#website\"},\"primaryImageOfPage\":{\"@id\":\"https:\\\/\\\/www.webdo.tn\\\/fr\\\/actualite\\\/national\\\/sommet-de-bagdad-la-tunisie-entre-guerre-a-gaza-et-relance-economique-arabe\\\/221990\\\/#primaryimage\"},\"image\":{\"@id\":\"https:\\\/\\\/www.webdo.tn\\\/fr\\\/actualite\\\/national\\\/sommet-de-bagdad-la-tunisie-entre-guerre-a-gaza-et-relance-economique-arabe\\\/221990\\\/#primaryimage\"},\"thumbnailUrl\":\"https:\\\/\\\/www.webdo.tn\\\/fr\\\/wp-content\\\/uploads\\\/2025\\\/05\\\/8cf1fe3fb3853e887a55eb452020788f.webp\",\"datePublished\":\"2025-05-15T15:22:00+00:00\",\"description\":\"Le ministre tunisien des Affaires \u00e9trang\u00e8res, Mohamed Ali Nafti, repr\u00e9sentera la Tunisie aux deux sommets arabes de Bagdad, ax\u00e9s sur la guerre \u00e0 Gaza et les str...\",\"breadcrumb\":{\"@id\":\"https:\\\/\\\/www.webdo.tn\\\/fr\\\/actualite\\\/national\\\/sommet-de-bagdad-la-tunisie-entre-guerre-a-gaza-et-relance-economique-arabe\\\/221990\\\/#breadcrumb\"},\"inLanguage\":\"fr-FR\",\"potentialAction\":[{\"@type\":\"ReadAction\",\"target\":[\"https:\\\/\\\/www.webdo.tn\\\/fr\\\/actualite\\\/national\\\/sommet-de-bagdad-la-tunisie-entre-guerre-a-gaza-et-relance-economique-arabe\\\/221990\\\/\"]}]},{\"@type\":\"ImageObject\",\"inLanguage\":\"fr-FR\",\"@id\":\"https:\\\/\\\/www.webdo.tn\\\/fr\\\/actualite\\\/national\\\/sommet-de-bagdad-la-tunisie-entre-guerre-a-gaza-et-relance-economique-arabe\\\/221990\\\/#primaryimage\",\"url\":\"https:\\\/\\\/www.webdo.tn\\\/fr\\\/wp-content\\\/uploads\\\/2025\\\/05\\\/8cf1fe3fb3853e887a55eb452020788f.webp\",\"contentUrl\":\"https:\\\/\\\/www.webdo.tn\\\/fr\\\/wp-content\\\/uploads\\\/2025\\\/05\\\/8cf1fe3fb3853e887a55eb452020788f.webp\",\"width\":708,\"height\":378,\"caption\":\"Sommet de Bagdad : La Tunisie, entre guerre \u00e0 Gaza et relance \u00e9conomique arabe\"},{\"@type\":\"BreadcrumbList\",\"@id\":\"https:\\\/\\\/www.webdo.tn\\\/fr\\\/actualite\\\/national\\\/sommet-de-bagdad-la-tunisie-entre-guerre-a-gaza-et-relance-economique-arabe\\\/221990\\\/#breadcrumb\",\"itemListElement\":[{\"@type\":\"ListItem\",\"position\":1,\"name\":\"Accueil\",\"item\":\"https:\\\/\\\/www.webdo.tn\\\/fr\\\/\"},{\"@type\":\"ListItem\",\"position\":2,\"name\":\"Sommet de Bagdad : La Tunisie, entre guerre \u00e0 Gaza et relance \u00e9conomique arabe\"}]},{\"@type\":\"WebSite\",\"@id\":\"https:\\\/\\\/www.webdo.tn\\\/fr\\\/#website\",\"url\":\"https:\\\/\\\/www.webdo.tn\\\/fr\\\/\",\"name\":\"webdo\",\"description\":\"Tunisie - News en Tunisie et \u00e0 l&#039;international sur Webdo.tn\",\"publisher\":{\"@id\":\"https:\\\/\\\/www.webdo.tn\\\/fr\\\/#organization\"},\"potentialAction\":[{\"@type\":\"SearchAction\",\"target\":{\"@type\":\"EntryPoint\",\"urlTemplate\":\"https:\\\/\\\/www.webdo.tn\\\/fr\\\/?s={search_term_string}\"},\"query-input\":{\"@type\":\"PropertyValueSpecification\",\"valueRequired\":true,\"valueName\":\"search_term_string\"}}],\"inLanguage\":\"fr-FR\"},{\"@type\":\"Organization\",\"@id\":\"https:\\\/\\\/www.webdo.tn\\\/fr\\\/#organization\",\"name\":\"Webdo\",\"alternateName\":\"Webdo.tn\",\"url\":\"https:\\\/\\\/www.webdo.tn\\\/fr\\\/\",\"logo\":{\"@type\":\"ImageObject\",\"inLanguage\":\"fr-FR\",\"@id\":\"https:\\\/\\\/www.webdo.tn\\\/fr\\\/#\\\/schema\\\/logo\\\/image\\\/\",\"url\":\"https:\\\/\\\/www.webdo.tn\\\/fr\\\/wp-content\\\/uploads\\\/2025\\\/06\\\/Webdo-Tunisie_168377.jpg\",\"contentUrl\":\"https:\\\/\\\/www.webdo.tn\\\/fr\\\/wp-content\\\/uploads\\\/2025\\\/06\\\/Webdo-Tunisie_168377.jpg\",\"width\":301,\"height\":301,\"caption\":\"Webdo\"},\"image\":{\"@id\":\"https:\\\/\\\/www.webdo.tn\\\/fr\\\/#\\\/schema\\\/logo\\\/image\\\/\"},\"sameAs\":[\"https:\\\/\\\/www.facebook.com\\\/webdotn\",\"https:\\\/\\\/x.com\\\/webdo_tn\"],\"description\":\"Webdo est un m\u00e9dia num\u00e9rique tunisien fond\u00e9 en 2010, sp\u00e9cialis\u00e9 dans l\u2019actualit\u00e9 nationale et internationale, l\u2019\u00e9conomie, la soci\u00e9t\u00e9 et les analyses politiques. Le site s\u2019adresse \u00e0 un large public francophone et couvre l\u2019information tunisienne en temps r\u00e9el.\",\"email\":\"redac@webdo.tn\",\"legalName\":\"YNJ SARL\",\"foundingDate\":\"2010-09-06\",\"numberOfEmployees\":{\"@type\":\"QuantitativeValue\",\"minValue\":\"11\",\"maxValue\":\"50\"}},{\"@type\":\"Person\",\"@id\":\"https:\\\/\\\/www.webdo.tn\\\/fr\\\/#\\\/schema\\\/person\\\/8500bcb8714aee00d99d4d6903fd06d7\",\"name\":\"MC\",\"image\":{\"@type\":\"ImageObject\",\"inLanguage\":\"fr-FR\",\"@id\":\"https:\\\/\\\/secure.gravatar.com\\\/avatar\\\/f608b47029e05639bee9b2fbeb496b6e3ad71093a5aabff97eea23a99d75ad8e?s=96&d=mm&r=g\",\"url\":\"https:\\\/\\\/secure.gravatar.com\\\/avatar\\\/f608b47029e05639bee9b2fbeb496b6e3ad71093a5aabff97eea23a99d75ad8e?s=96&d=mm&r=g\",\"contentUrl\":\"https:\\\/\\\/secure.gravatar.com\\\/avatar\\\/f608b47029e05639bee9b2fbeb496b6e3ad71093a5aabff97eea23a99d75ad8e?s=96&d=mm&r=g\",\"caption\":\"MC\"},\"url\":\"https:\\\/\\\/www.webdo.tn\\\/fr\\\/actualite\\\/author\\\/mc-6\\\/\"}]}<\/script>\n<!-- \/ Yoast SEO Premium plugin. -->","yoast_head_json":{"title":"Sommet de Bagdad : La Tunisie, entre guerre \u00e0 Gaza et relance \u00e9conomique arabe","description":"Le ministre tunisien des Affaires \u00e9trang\u00e8res, Mohamed Ali Nafti, repr\u00e9sentera la Tunisie aux deux sommets arabes de Bagdad, ax\u00e9s sur la guerre \u00e0 Gaza et les str...","canonical":"https:\/\/www.webdo.tn\/fr\/actualite\/national\/sommet-de-bagdad-la-tunisie-entre-guerre-a-gaza-et-relance-economique-arabe\/221990\/","og_locale":"fr_FR","og_type":"article","og_title":"Sommet de Bagdad : La Tunisie, entre guerre \u00e0 Gaza et relance \u00e9conomique arabe","og_description":"Le ministre tunisien des Affaires \u00e9trang\u00e8res, Mohamed Ali Nafti, repr\u00e9sentera la Tunisie aux deux sommets arabes de Bagdad, ax\u00e9s sur la guerre \u00e0 Gaza et les str...","og_url":"https:\/\/www.webdo.tn\/fr\/actualite\/national\/sommet-de-bagdad-la-tunisie-entre-guerre-a-gaza-et-relance-economique-arabe\/221990\/","og_site_name":"webdo","article_publisher":"https:\/\/www.facebook.com\/webdotn","article_published_time":"2025-05-15T15:22:00+00:00","og_image":[{"width":708,"height":378,"url":"https:\/\/www.webdo.tn\/fr\/wp-content\/uploads\/2025\/05\/8cf1fe3fb3853e887a55eb452020788f.webp","type":"image\/webp"}],"author":"MC","twitter_card":"summary_large_image","twitter_creator":"@webdo_tn","twitter_site":"@webdo_tn","twitter_misc":{"\u00c9crit par":"MC","Dur\u00e9e de lecture estim\u00e9e":"1 minute"},"schema":{"@context":"https:\/\/schema.org","@graph":[{"@type":"NewsArticle","@id":"https:\/\/www.webdo.tn\/fr\/actualite\/national\/sommet-de-bagdad-la-tunisie-entre-guerre-a-gaza-et-relance-economique-arabe\/221990\/#article","isPartOf":{"@id":"https:\/\/www.webdo.tn\/fr\/actualite\/national\/sommet-de-bagdad-la-tunisie-entre-guerre-a-gaza-et-relance-economique-arabe\/221990\/"},"author":{"name":"MC","@id":"https:\/\/www.webdo.tn\/fr\/#\/schema\/person\/8500bcb8714aee00d99d4d6903fd06d7"},"headline":"Sommet de Bagdad : La Tunisie, entre guerre \u00e0 Gaza et relance \u00e9conomique arabe","datePublished":"2025-05-15T15:22:00+00:00","mainEntityOfPage":{"@id":"https:\/\/www.webdo.tn\/fr\/actualite\/national\/sommet-de-bagdad-la-tunisie-entre-guerre-a-gaza-et-relance-economique-arabe\/221990\/"},"wordCount":180,"commentCount":0,"publisher":{"@id":"https:\/\/www.webdo.tn\/fr\/#organization"},"image":{"@id":"https:\/\/www.webdo.tn\/fr\/actualite\/national\/sommet-de-bagdad-la-tunisie-entre-guerre-a-gaza-et-relance-economique-arabe\/221990\/#primaryimage"},"thumbnailUrl":"https:\/\/www.webdo.tn\/fr\/wp-content\/uploads\/2025\/05\/8cf1fe3fb3853e887a55eb452020788f.webp","keywords":["Bagdad","Mohamed Ali Nafti","sommet arabe"],"articleSection":["National"],"inLanguage":"fr-FR"},{"@type":"WebPage","@id":"https:\/\/www.webdo.tn\/fr\/actualite\/national\/sommet-de-bagdad-la-tunisie-entre-guerre-a-gaza-et-relance-economique-arabe\/221990\/","url":"https:\/\/www.webdo.tn\/fr\/actualite\/national\/sommet-de-bagdad-la-tunisie-entre-guerre-a-gaza-et-relance-economique-arabe\/221990\/","name":"Sommet de Bagdad : La Tunisie, entre guerre \u00e0 Gaza et relance \u00e9conomique arabe","isPartOf":{"@id":"https:\/\/www.webdo.tn\/fr\/#website"},"primaryImageOfPage":{"@id":"https:\/\/www.webdo.tn\/fr\/actualite\/national\/sommet-de-bagdad-la-tunisie-entre-guerre-a-gaza-et-relance-economique-arabe\/221990\/#primaryimage"},"image":{"@id":"https:\/\/www.webdo.tn\/fr\/actualite\/national\/sommet-de-bagdad-la-tunisie-entre-guerre-a-gaza-et-relance-economique-arabe\/221990\/#primaryimage"},"thumbnailUrl":"https:\/\/www.webdo.tn\/fr\/wp-content\/uploads\/2025\/05\/8cf1fe3fb3853e887a55eb452020788f.webp","datePublished":"2025-05-15T15:22:00+00:00","description":"Le ministre tunisien des Affaires \u00e9trang\u00e8res, Mohamed Ali Nafti, repr\u00e9sentera la Tunisie aux deux sommets arabes de Bagdad, ax\u00e9s sur la guerre \u00e0 Gaza et les str...","breadcrumb":{"@id":"https:\/\/www.webdo.tn\/fr\/actualite\/national\/sommet-de-bagdad-la-tunisie-entre-guerre-a-gaza-et-relance-economique-arabe\/221990\/#breadcrumb"},"inLanguage":"fr-FR","potentialAction":[{"@type":"ReadAction","target":["https:\/\/www.webdo.tn\/fr\/actualite\/national\/sommet-de-bagdad-la-tunisie-entre-guerre-a-gaza-et-relance-economique-arabe\/221990\/"]}]},{"@type":"ImageObject","inLanguage":"fr-FR","@id":"https:\/\/www.webdo.tn\/fr\/actualite\/national\/sommet-de-bagdad-la-tunisie-entre-guerre-a-gaza-et-relance-economique-arabe\/221990\/#primaryimage","url":"https:\/\/www.webdo.tn\/fr\/wp-content\/uploads\/2025\/05\/8cf1fe3fb3853e887a55eb452020788f.webp","contentUrl":"https:\/\/www.webdo.tn\/fr\/wp-content\/uploads\/2025\/05\/8cf1fe3fb3853e887a55eb452020788f.webp","width":708,"height":378,"caption":"Sommet de Bagdad : La Tunisie, entre guerre \u00e0 Gaza et relance \u00e9conomique arabe"},{"@type":"BreadcrumbList","@id":"https:\/\/www.webdo.tn\/fr\/actualite\/national\/sommet-de-bagdad-la-tunisie-entre-guerre-a-gaza-et-relance-economique-arabe\/221990\/#breadcrumb","itemListElement":[{"@type":"ListItem","position":1,"name":"Accueil","item":"https:\/\/www.webdo.tn\/fr\/"},{"@type":"ListItem","position":2,"name":"Sommet de Bagdad : La Tunisie, entre guerre \u00e0 Gaza et relance \u00e9conomique arabe"}]},{"@type":"WebSite","@id":"https:\/\/www.webdo.tn\/fr\/#website","url":"https:\/\/www.webdo.tn\/fr\/","name":"webdo","description":"Tunisie - News en Tunisie et \u00e0 l&#039;international sur Webdo.tn","publisher":{"@id":"https:\/\/www.webdo.tn\/fr\/#organization"},"potentialAction":[{"@type":"SearchAction","target":{"@type":"EntryPoint","urlTemplate":"https:\/\/www.webdo.tn\/fr\/?s={search_term_string}"},"query-input":{"@type":"PropertyValueSpecification","valueRequired":true,"valueName":"search_term_string"}}],"inLanguage":"fr-FR"},{"@type":"Organization","@id":"https:\/\/www.webdo.tn\/fr\/#organization","name":"Webdo","alternateName":"Webdo.tn","url":"https:\/\/www.webdo.tn\/fr\/","logo":{"@type":"ImageObject","inLanguage":"fr-FR","@id":"https:\/\/www.webdo.tn\/fr\/#\/schema\/logo\/image\/","url":"https:\/\/www.webdo.tn\/fr\/wp-content\/uploads\/2025\/06\/Webdo-Tunisie_168377.jpg","contentUrl":"https:\/\/www.webdo.tn\/fr\/wp-content\/uploads\/2025\/06\/Webdo-Tunisie_168377.jpg","width":301,"height":301,"caption":"Webdo"},"image":{"@id":"https:\/\/www.webdo.tn\/fr\/#\/schema\/logo\/image\/"},"sameAs":["https:\/\/www.facebook.com\/webdotn","https:\/\/x.com\/webdo_tn"],"description":"Webdo est un m\u00e9dia num\u00e9rique tunisien fond\u00e9 en 2010, sp\u00e9cialis\u00e9 dans l\u2019actualit\u00e9 nationale et internationale, l\u2019\u00e9conomie, la soci\u00e9t\u00e9 et les analyses politiques. Le site s\u2019adresse \u00e0 un large public francophone et couvre l\u2019information tunisienne en temps r\u00e9el.","email":"redac@webdo.tn","legalName":"YNJ SARL","foundingDate":"2010-09-06","numberOfEmployees":{"@type":"QuantitativeValue","minValue":"11","maxValue":"50"}},{"@type":"Person","@id":"https:\/\/www.webdo.tn\/fr\/#\/schema\/person\/8500bcb8714aee00d99d4d6903fd06d7","name":"MC","image":{"@type":"ImageObject","inLanguage":"fr-FR","@id":"https:\/\/secure.gravatar.com\/avatar\/f608b47029e05639bee9b2fbeb496b6e3ad71093a5aabff97eea23a99d75ad8e?s=96&d=mm&r=g","url":"https:\/\/secure.gravatar.com\/avatar\/f608b47029e05639bee9b2fbeb496b6e3ad71093a5aabff97eea23a99d75ad8e?s=96&d=mm&r=g","contentUrl":"https:\/\/secure.gravatar.com\/avatar\/f608b47029e05639bee9b2fbeb496b6e3ad71093a5aabff97eea23a99d75ad8e?s=96&d=mm&r=g","caption":"MC"},"url":"https:\/\/www.webdo.tn\/fr\/actualite\/author\/mc-6\/"}]}},"_links":{"self":[{"href":"https:\/\/www.webdo.tn\/fr\/wp-json\/wp\/v2\/posts\/221990","targetHints":{"allow":["GET"]}}],"collection":[{"href":"https:\/\/www.webdo.tn\/fr\/wp-json\/wp\/v2\/posts"}],"about":[{"href":"https:\/\/www.webdo.tn\/fr\/wp-json\/wp\/v2\/types\/post"}],"author":[{"embeddable":true,"href":"https:\/\/www.webdo.tn\/fr\/wp-json\/wp\/v2\/users\/5338"}],"replies":[{"embeddable":true,"href":"https:\/\/www.webdo.tn\/fr\/wp-json\/wp\/v2\/comments?post=221990"}],"version-history":[{"count":0,"href":"https:\/\/www.webdo.tn\/fr\/wp-json\/wp\/v2\/posts\/221990\/revisions"}],"wp:featuredmedia":[{"embeddable":true,"href":"https:\/\/www.webdo.tn\/fr\/wp-json\/wp\/v2\/media\/376438"}],"wp:attachment":[{"href":"https:\/\/www.webdo.tn\/fr\/wp-json\/wp\/v2\/media?parent=221990"}],"wp:term":[{"taxonomy":"category","embeddable":true,"href":"https:\/\/www.webdo.tn\/fr\/wp-json\/wp\/v2\/categories?post=221990"},{"taxonomy":"post_tag","embeddable":true,"href":"https:\/\/www.webdo.tn\/fr\/wp-json\/wp\/v2\/tags?post=221990"}],"curies":[{"name":"wp","href":"https:\/\/api.w.org\/{rel}","templated":true}]}}