{"id":221953,"date":"2025-05-13T22:10:00","date_gmt":"2025-05-13T22:10:00","guid":{"rendered":"https:\/\/www.webdo.tn\/fr\/actualite\/blog\/cannes-2025-binoche-de-niro-et-la-force-des-mots\/221953\/"},"modified":"2025-05-13T22:10:00","modified_gmt":"2025-05-13T22:10:00","slug":"cannes-2025-binoche-de-niro-et-la-force-des-mots","status":"publish","type":"post","link":"https:\/\/www.webdo.tn\/fr\/actualite\/culture\/cannes-2025-binoche-de-niro-et-la-force-des-mots\/221953\/","title":{"rendered":"Cannes 2025 &#8211; Binoche, De Niro, et la force des mots"},"content":{"rendered":"<div class=\"single-body entry-content typography-copy\" itemprop=\"articleBody\">\n<p style=\"font-weight: bold; text-align: justify\">\n<div class=\"coprs\" style=\"text-align: center\"><\/div>\n<div class=\"coprs\" style=\"text-align: justify\">\n<p><span><span><span>Sous les dorures du Grand Th\u00e9\u00e2tre Lumi\u00e8re, les premi\u00e8res notes de la 78\u1d49 \u00e9dition du Festival de Cannes ont r\u00e9sonn\u00e9 avec une \u00e9motion particuli\u00e8re. Ce mardi 13 mai 2025, la c\u00e9r\u00e9monie d\u2019ouverture a embrass\u00e9 d\u2019embl\u00e9e la gravit\u00e9 du monde contemporain sans renier la magie du cin\u00e9ma. Conduite par un Laurent Lafitte inspir\u00e9, elle a \u00e9t\u00e9 marqu\u00e9e par les prises de parole remarqu\u00e9es\u00a0de Juliette Binoche et Robert De Niro, entre hommage, engagement et c\u00e9l\u00e9bration.<\/span><\/span><\/span><\/p>\n<p><span><span><strong><span>Laurent Lafitte : une d\u00e9claration d\u2019amour aux acteurs et au cin\u00e9ma engag\u00e9<\/span><\/strong><\/span><\/span><\/p>\n<p><span><span><span>D\u00e8s les premi\u00e8res minutes, le ton est donn\u00e9. Laurent Lafitte, qui retrouve la sc\u00e8ne cannoise dix ans apr\u00e8s y avoir offici\u00e9 en 2015, d\u00e9bute par un hommage sobre et douloureux :\u00a0<strong>\u00ab <\/strong><em>Elle est n\u00e9e au Festival de Cannes, sa d\u00e9licatesse humble et puissante va manquer. J\u2019aimerais d\u00e9dier cette c\u00e9r\u00e9monie d\u2019ouverture \u00e0 \u00c9milie Dequenne.<\/em><strong> \u00bb<\/strong><br \/>\nUne \u00e9motion sourde traverse la salle. L\u2019actrice belge, disparue r\u00e9cemment, avait incarn\u00e9 l\u2019une des grandes promesses du cin\u00e9ma europ\u00e9en depuis sa r\u00e9v\u00e9lation \u00e0 Cannes en 1999.<\/span><\/span><\/span><\/p>\n<p><span><span><span>Mais c\u2019est tr\u00e8s vite vers une parole politique et humaniste que Laurent Lafitte oriente son discours, dans un \u00e9lan \u00e0 la fois lucide et tendre. Il choisit de parler\u00a0des acteurs, non pas dans leur \u00e9clat de c\u00e9l\u00e9brit\u00e9, mais dans le\u00a0courage de\u00a0certains, qui choisissent\u00a0de s\u2019exposer, de parler, d\u2019agir. Il cite longuement celles et ceux qui ont transform\u00e9 leur art en geste politique :\u00a0<strong>\u00ab<\/strong><em> Ce soir, j\u2019aimerais les c\u00e9l\u00e9brer. James Stewart ou Jean Gabin, qui passent de h\u00e9ros de cin\u00e9ma \u00e0 h\u00e9ros tout court. Jos\u00e9phine Baker, qui dissimule dans ses partitions les messages cod\u00e9s de la R\u00e9sistance fran\u00e7aise. Marl\u00e8ne Dietrich, qui tourne le dos \u00e0 sa propre nation pour mieux la retrouver. Richard Gere, qui d\u00e9fend le Tibet au d\u00e9triment de sa carri\u00e8re en Chine. Isabelle Adjani, qui met litt\u00e9ralement sa vie en danger en lisant un passage des \u201cVersets sataniques\u201d. Taraneh Alidoosti, emprisonn\u00e9e pour avoir d\u00e9fendu les droits des femmes en Iran. Rock Hudson, qui bouleverse sa post\u00e9rit\u00e9 en faisant de sa mort un symbole. Ad\u00e8le Haenel, qui quitte la salle au sens large, le poing lev\u00e9. Et bien s\u00fbr, Volodymyr Zelensky, un acteur devenu chef de guerre.<\/em><strong> \u00bb<\/strong><\/span><\/span><\/span><\/p>\n<p><span><span><span>Puis, avec un sens rare du verbe, il interroge :<br \/>\n<strong>\u00ab <\/strong><em>Oui, pour un acteur, la prise de parole est souvent sacrificielle. D\u2019ailleurs, je ne suis pas fou : en leur rendant hommage ce soir, je profite de leur courage sans trop me mouiller. Parce qu\u2019\u00e0 l\u2019heure o\u00f9 le climat, l\u2019\u00e9quit\u00e9, le f\u00e9minisme, les LGBTQI+, les migrants, le racisme, ne sont plus seulement des sujets de films, mais aussi des mots interdits par l\u2019administration de la premi\u00e8re puissance mondiale, nous avons le devoir de nous demander : quelle sera notre prise de parole ? Et aurons-nous le courage<\/em> ? <strong>\u00bb<\/strong><\/span><\/span><\/span><\/p>\n<p><span><span><span>Il invoque Frank Capra pour conclure :\u00a0<strong>\u00ab<\/strong><em> Seuls les audacieux devraient faire du cin\u00e9ma.<\/em><strong> \u00bb<\/strong><\/span><\/span><\/span><\/p>\n<p><span><span><span>Et il ajoute, en soulignant la symbolique de l\u2019\u00e9treinte figurant sur l\u2019affiche du Festival :<br \/>\n<em>\u00ab On se pose toujours la question de savoir si le cin\u00e9ma peut changer le monde. Mais si on lui demande toujours plus d\u2019inclusivit\u00e9, de repr\u00e9sentativit\u00e9, de parit\u00e9\u2026 c\u2019est donc bien qu\u2019il peut. Et parfois, il suffit de raconter un homme et une femme pour toucher au sublime et \u00e0 l\u2019universel. \u00bb<\/em><\/span><\/span><\/span><\/p>\n<p>\u00a0<\/p>\n<p><img decoding=\"async\" alt=\"\" height=\"1200\" src=\"\/assets\/uploads\/images\/\/Neila\/Cannes%202025%20Ouverture%20Laffite.jpg\" width=\"1005\"><\/p>\n<p>\u00a0<\/p>\n<p><span><span><strong><span>Juliette Binoche : un chant de r\u00e9sistance po\u00e9tique et fraternel<\/span><\/strong><\/span><\/span><\/p>\n<p><span><span><span>Lorsque Juliette Binoche rejoint la sc\u00e8ne, pr\u00e9c\u00e9d\u00e9e des membres du jury \u2014 Halle Berry, Payal Kapadia, Alba Rohrwacher, Le\u00efla Slimani, Dieudo Hamadi, Hong Sangsoo, Carlos Reygadas, Jeremy Strong \u2014 l\u2019\u00e9motion est palpable.\u00a0<strong>\u00ab <\/strong><em>Fille du Festival de Cannes, mais actrice dans cette m\u00eame salle<\/em><strong> \u00bb,<\/strong>\u00a0dit-elle d\u2019embl\u00e9e, comme un retour aux sources.<\/span><\/span><\/span><\/p>\n<p><span><span><span>Son discours, qui sera par la suite critiqu\u00e9, admir\u00e9 ou hu\u00e9, touche \u00e0 la fois \u00e0 l\u2019intime et au collectif. Elle dresse le portrait d\u2019un monde en crise \u2014 politique, \u00e9cologique, humanitaire \u2014 et appelle \u00e0 un sursaut sensible :\u00a0<strong>\u00ab <\/strong><em>Les artistes ont la possibilit\u00e9 de t\u00e9moigner pour les autres. Plus le niveau de souffrance augmente, plus leur implication est vitale. Guerre, mis\u00e8re, d\u00e9r\u00e8glement climatique, misogynie primaire\u2026 les d\u00e9mons de notre barbarie ne nous laissent aucun r\u00e9pit. Le vent des douleurs est aujourd\u2019hui si violent qu\u2019il emporte les plus faibles.<\/em><strong> \u00bb\u00a0<\/strong><\/span><\/span><\/span><span><span><span>Elle \u00e9voque les otages, les noy\u00e9s, les prisonniers, ceux qui\u00a0<strong>\u00ab <\/strong><em>endurent la terreur et meurent dans un terrible sentiment d\u2019abandon et d\u2019indiff\u00e9rence<\/em><strong> \u00bb<\/strong>, et exhorte :\u00a0<em>\u00ab Contre l\u2019immensit\u00e9 de cette temp\u00eate, nous devons faire na\u00eetre la douceur, transformer nos visions fragment\u00e9es en confiance, gu\u00e9rir notre ignorance, l\u00e2cher nos peurs, notre \u00e9go\u00efsme\u2026 changer de cap. Et, face \u00e0 l\u2019orgueil, redonner \u00e0 l\u2019humilit\u00e9 toute sa place. \u00bb<\/em><\/span><\/span><\/span><\/p>\n<p><span><span><span>Son hommage \u00e0 la photographe palestinienne\u00a0<strong>Fatma Hassouna<\/strong>, assassin\u00e9e\u00a0\u00e0 Gaza par l&rsquo;arm\u00e9e isra\u00e9lienne quelques semaines plus t\u00f4t, bouleverse la salle :\u00a0<em>\u00ab Le 16 avril dernier, \u00e0 l\u2019aube, \u00e0 Gaza, \u00e2g\u00e9e de 25 ans, la photojournaliste Fatma Hassouna et dix de ses proches ont \u00e9t\u00e9 tu\u00e9s par un missile. La veille de sa mort, elle avait appris que le film dans lequel elle figurait \u00e9tait s\u00e9lectionn\u00e9 ici, \u00e0 Cannes. Elle aurait d\u00fb \u00eatre parmi nous ce soir. Elle avait \u00e9crit : \u2018<strong>La mort m\u2019a travers\u00e9e, la balle du tireur m\u2019a travers\u00e9e, et je suis devenue un ange, aux yeux d\u2019une ville immense, plus vaste que mes r\u00eaves\u2026<\/strong>\u2019 \u00bb<\/em><\/span><\/span><\/span><\/p>\n<p><span><span><span>Juliette Binoche ach\u00e8ve avec une pri\u00e8re\u00a0pour l\u2019art :<br \/>\n<em>\u00ab L\u2019art reste. Il est le t\u00e9moignage puissant de nos vies, de nos r\u00eaves. Et nous, spectateurs, nous l\u2019embrassons. Que le Festival de Cannes, o\u00f9 tout peut basculer, y contribue. \u00bb<\/em><\/span><\/span><\/span><\/p>\n<p>\u00a0<\/p>\n<p><img decoding=\"async\" alt=\"\" height=\"1080\" src=\"\/assets\/uploads\/images\/\/Neila\/Cannes%202025%20Ouverture%20Binoche.jpg\" width=\"1080\"><\/p>\n<p>\u00a0<\/p>\n<p><span><span><strong><span>Robert De Niro : un appel br\u00fblant \u00e0 d\u00e9fendre la d\u00e9mocratie<\/span><\/strong><\/span><\/span><\/p>\n<p><span><span><span>Dans une salle debout, Leonardo DiCaprio entre en sc\u00e8ne pour remettre une\u00a0Palme d\u2019or d\u2019honneur\u00a0\u00e0 Robert De Niro, saluant un mentor :\u00a0<strong>\u00ab <\/strong><em>Robert De Niro n\u2019est pas juste un grand acteur, c\u2019est L\u2019Acteur. Avec Martin Scorsese, ils ont red\u00e9fini ce que le cin\u00e9ma pouvait \u00eatre. Ils n\u2019ont pas fait des films : ils ont pris des risques, ensemble.<\/em><strong> \u00bb<\/strong><\/span><\/span><\/span><\/p>\n<p><span><span><span>Quand Robert De Niro prend la parole, c\u2019est avec cette gravit\u00e9 qu\u2019on lui conna\u00eet, cette lenteur pos\u00e9e qui donne \u00e0 chaque mot une force de manifeste :\u00a0<strong>\u00ab <\/strong><em>Merci infiniment au Festival de Cannes d\u2019avoir cr\u00e9\u00e9 cette communaut\u00e9, cet univers, ce chez-soi pour ceux qui aiment raconter des histoires sur grand \u00e9cran. Cannes est une terre fertile o\u00f9 se cr\u00e9ent de nouveaux projets. \u00bb<\/em><\/span><\/span><\/span><\/p>\n<p><span><span><span>Puis, dans une allusion directe \u00e0 la situation politique aux \u00c9tats-Unis, il poursuit :\u00a0<em>\u00ab Dans mon pays, nous luttons d\u2019arrache-pied pour d\u00e9fendre la d\u00e9mocratie, que nous consid\u00e9rions comme acquise. Cela concerne tout le monde. Car les arts sont, par essence, d\u00e9mocratiques. L\u2019art est une qu\u00eate de la libert\u00e9. C\u2019est pourquoi l\u2019art est une menace aujourd\u2019hui. C\u2019est pourquoi nous sommes une menace pour les autocrates et les fascistes de ce monde. \u00bb<\/em><\/span><\/span><\/span><\/p>\n<p><span><span><span>Son discours se fait alors appel \u00e0 la mobilisation :\u00a0<em>\u00ab Nous devons agir, et tout de suite. Sans violence, mais avec passion et d\u00e9termination. Le temps est venu. Tout un chacun qui tient \u00e0 la libert\u00e9 doit s\u2019organiser, protester, voter. Ce soir, nous allons rendre hommage aux arts, mais aussi \u00e0 la libert\u00e9, \u00e0 l\u2019\u00e9galit\u00e9 et \u00e0 la fraternit\u00e9. \u00bb<\/em><\/span><\/span><\/span><\/p>\n<p>\u00a0<\/p>\n<p><img decoding=\"async\" alt=\"\" height=\"1080\" src=\"\/assets\/uploads\/images\/\/Neila\/Cannes%202025%20Ouverture%20Leo%20et%20Di%20niro.jpg\" width=\"1080\"><\/p>\n<p>\u00a0<\/p>\n<p><span><span><strong><span>Tarantino, Myl\u00e8ne Farmer et l\u2019\u00e9cho de Lynch<\/span><\/strong><\/span><\/span><\/p>\n<p><span><span><span>Avant que Quentin Tarantino ne fasse retentir son l\u00e9gendaire cri de guerre \u2013 \u00ab<em><strong> It\u2019s my honour to declare the 78th Festival open!!!<\/strong><\/em> \u00bb \u2013 un autre moment\u00a0aura ponctu\u00e9 la c\u00e9r\u00e9monie : l\u2019apparition de Myl\u00e8ne Farmer. Venue saluer la m\u00e9moire de David Lynch, disparu en janvier dernier, la chanteuse franco-canadienne a interpr\u00e9t\u00e9 un morceau in\u00e9dit, sp\u00e9cialement con\u00e7u pour l\u2019occasion. Un hommage discret et recueilli \u00e0 l\u2019un des cin\u00e9astes les plus singuliers de son \u00e9poque.<\/span><\/span><\/span><\/p>\n<p>\u00a0<\/p>\n<p><em><span><span><span>(J&rsquo;aimerais juste ajouter que d\u00e8s que possible, je publierais un autre article, pour analyser, ou du moins donner ma propre lecture des deux discours de Laurent Lafitte et Juliette Binoche).<\/span><\/span><\/span><\/em><\/p>\n<p><strong><span><span><span>Ne\u00efla Driss<\/span><\/span><\/span><\/strong><\/p>\n<p><img decoding=\"async\" alt=\"\" height=\"188\" src=\"\/assets\/uploads\/images\/\/Neila\/2025_CANNES_SIGNATURES_WEB_COULEUR.jpeg\" width=\"1517\"><\/p>\n<p>\u00a0<\/p>\n<p>\u00a0<\/p>\n<p>\u00a0<\/p>\n<div id=\"ag-1747198735460\">\u00a0<\/div>\n<div id=\"ag-1747211846189\">\u00a0<\/div>\n<div id=\"ag-1747217114990\">\u00a0<\/div>\n<div id=\"ag-1747217616239\">\u00a0<\/div>\n<p><script src=\"chrome-extension:\/\/bincmiainjofjnhchmcalkanjebghoen\/aiscripts\/script-main.js\"><\/script>\n\t\t\t\t\t\t\t\t<\/div>\n<div class=\"coprs\" style=\"text-align: center\"><\/div><\/div>\n","protected":false},"excerpt":{"rendered":"<p>Sous les dorures du Grand Th\u00e9\u00e2tre Lumi\u00e8re, les premi\u00e8res notes de la 78\u1d49 \u00e9dition du Festival de Cannes ont r\u00e9sonn\u00e9 avec une \u00e9motion particuli\u00e8re. Ce mardi 13 mai 2025, la c\u00e9r\u00e9monie d\u2019ouverture a embrass\u00e9 d\u2019embl\u00e9e la gravit\u00e9 du monde contemporain sans renier la magie du cin\u00e9ma. Conduite par un Laurent Lafitte inspir\u00e9, elle a \u00e9t\u00e9 [&hellip;]<\/p>\n","protected":false},"author":3164,"featured_media":376515,"comment_status":"open","ping_status":"closed","sticky":false,"template":"","format":"standard","meta":{"footnotes":""},"categories":[2594],"tags":[3460,2630,8587,2626,2628,2627],"class_list":["post-221953","post","type-post","status-publish","format-standard","has-post-thumbnail","hentry","category-culture","tag-cannes","tag-cannes-2025","tag-ceremonie-douverture","tag-cinema","tag-festival","tag-festival-de-cannes"],"yoast_head":"<!-- This site is optimized with the Yoast SEO Premium plugin v27.4 (Yoast SEO v27.4) - https:\/\/yoast.com\/product\/yoast-seo-premium-wordpress\/ -->\n<title>Cannes 2025 - Binoche, De Niro, et la force des mots<\/title>\n<link rel=\"canonical\" href=\"https:\/\/www.webdo.tn\/fr\/actualite\/culture\/cannes-2025-binoche-de-niro-et-la-force-des-mots\/221953\/\" \/>\n<meta property=\"og:locale\" content=\"fr_FR\" \/>\n<meta property=\"og:type\" content=\"article\" \/>\n<meta property=\"og:title\" content=\"Cannes 2025 - Binoche, De Niro, et la force des mots\" \/>\n<meta property=\"og:description\" content=\"Sous les dorures du Grand Th\u00e9\u00e2tre Lumi\u00e8re, les premi\u00e8res notes de la 78\u1d49 \u00e9dition du Festival de Cannes ont r\u00e9sonn\u00e9 avec une \u00e9motion particuli\u00e8re. Ce mardi 13 mai 2025, la c\u00e9r\u00e9monie d\u2019ouverture a embrass\u00e9 d\u2019embl\u00e9e la gravit\u00e9 du monde contemporain sans renier la magie du cin\u00e9ma. Conduite par un Laurent Lafitte inspir\u00e9, elle a \u00e9t\u00e9 [&hellip;]\" \/>\n<meta property=\"og:url\" content=\"https:\/\/www.webdo.tn\/fr\/actualite\/culture\/cannes-2025-binoche-de-niro-et-la-force-des-mots\/221953\/\" \/>\n<meta property=\"og:site_name\" content=\"webdo\" \/>\n<meta property=\"article:publisher\" content=\"https:\/\/www.facebook.com\/webdotn\" \/>\n<meta property=\"article:author\" content=\"https:\/\/www.facebook.com\/massir.destiniii\/\" \/>\n<meta property=\"article:published_time\" content=\"2025-05-13T22:10:00+00:00\" \/>\n<meta property=\"og:image\" content=\"https:\/\/www.webdo.tn\/fr\/wp-content\/uploads\/2025\/05\/08376fb56e8d60c70cc530c78335639e.webp\" \/>\n\t<meta property=\"og:image:width\" content=\"750\" \/>\n\t<meta property=\"og:image:height\" content=\"400\" \/>\n\t<meta property=\"og:image:type\" content=\"image\/webp\" \/>\n<meta name=\"author\" content=\"Ne\u00efla DRISS\" \/>\n<meta name=\"twitter:card\" content=\"summary_large_image\" \/>\n<meta name=\"twitter:creator\" content=\"@https:\/\/x.com\/MassirDestin\" \/>\n<meta name=\"twitter:site\" content=\"@webdo_tn\" \/>\n<meta name=\"twitter:label1\" content=\"\u00c9crit par\" \/>\n\t<meta name=\"twitter:data1\" content=\"Ne\u00efla DRISS\" \/>\n\t<meta name=\"twitter:label2\" content=\"Dur\u00e9e de lecture estim\u00e9e\" \/>\n\t<meta name=\"twitter:data2\" content=\"7 minutes\" \/>\n<script type=\"application\/ld+json\" class=\"yoast-schema-graph\">{\"@context\":\"https:\\\/\\\/schema.org\",\"@graph\":[{\"@type\":\"NewsArticle\",\"@id\":\"https:\\\/\\\/www.webdo.tn\\\/fr\\\/actualite\\\/culture\\\/cannes-2025-binoche-de-niro-et-la-force-des-mots\\\/221953\\\/#article\",\"isPartOf\":{\"@id\":\"https:\\\/\\\/www.webdo.tn\\\/fr\\\/actualite\\\/culture\\\/cannes-2025-binoche-de-niro-et-la-force-des-mots\\\/221953\\\/\"},\"author\":{\"name\":\"Ne\u00efla DRISS\",\"@id\":\"https:\\\/\\\/www.webdo.tn\\\/fr\\\/#\\\/schema\\\/person\\\/60d5ba619ed3f58783b0dc82b7dada80\"},\"headline\":\"Cannes 2025 &#8211; Binoche, De Niro, et la force des mots\",\"datePublished\":\"2025-05-13T22:10:00+00:00\",\"mainEntityOfPage\":{\"@id\":\"https:\\\/\\\/www.webdo.tn\\\/fr\\\/actualite\\\/culture\\\/cannes-2025-binoche-de-niro-et-la-force-des-mots\\\/221953\\\/\"},\"wordCount\":1397,\"commentCount\":0,\"publisher\":{\"@id\":\"https:\\\/\\\/www.webdo.tn\\\/fr\\\/#organization\"},\"image\":{\"@id\":\"https:\\\/\\\/www.webdo.tn\\\/fr\\\/actualite\\\/culture\\\/cannes-2025-binoche-de-niro-et-la-force-des-mots\\\/221953\\\/#primaryimage\"},\"thumbnailUrl\":\"https:\\\/\\\/www.webdo.tn\\\/fr\\\/wp-content\\\/uploads\\\/2025\\\/05\\\/08376fb56e8d60c70cc530c78335639e.webp\",\"keywords\":[\"cannes\",\"Cannes 2025\",\"c\u00e9r\u00e9monie d'ouverture\",\"Cin\u00e9ma\",\"Festival\",\"Festival de Cannes\"],\"articleSection\":[\"Culture\"],\"inLanguage\":\"fr-FR\"},{\"@type\":\"WebPage\",\"@id\":\"https:\\\/\\\/www.webdo.tn\\\/fr\\\/actualite\\\/culture\\\/cannes-2025-binoche-de-niro-et-la-force-des-mots\\\/221953\\\/\",\"url\":\"https:\\\/\\\/www.webdo.tn\\\/fr\\\/actualite\\\/culture\\\/cannes-2025-binoche-de-niro-et-la-force-des-mots\\\/221953\\\/\",\"name\":\"Cannes 2025 - Binoche, De Niro, et la force des mots\",\"isPartOf\":{\"@id\":\"https:\\\/\\\/www.webdo.tn\\\/fr\\\/#website\"},\"primaryImageOfPage\":{\"@id\":\"https:\\\/\\\/www.webdo.tn\\\/fr\\\/actualite\\\/culture\\\/cannes-2025-binoche-de-niro-et-la-force-des-mots\\\/221953\\\/#primaryimage\"},\"image\":{\"@id\":\"https:\\\/\\\/www.webdo.tn\\\/fr\\\/actualite\\\/culture\\\/cannes-2025-binoche-de-niro-et-la-force-des-mots\\\/221953\\\/#primaryimage\"},\"thumbnailUrl\":\"https:\\\/\\\/www.webdo.tn\\\/fr\\\/wp-content\\\/uploads\\\/2025\\\/05\\\/08376fb56e8d60c70cc530c78335639e.webp\",\"datePublished\":\"2025-05-13T22:10:00+00:00\",\"breadcrumb\":{\"@id\":\"https:\\\/\\\/www.webdo.tn\\\/fr\\\/actualite\\\/culture\\\/cannes-2025-binoche-de-niro-et-la-force-des-mots\\\/221953\\\/#breadcrumb\"},\"inLanguage\":\"fr-FR\",\"potentialAction\":[{\"@type\":\"ReadAction\",\"target\":[\"https:\\\/\\\/www.webdo.tn\\\/fr\\\/actualite\\\/culture\\\/cannes-2025-binoche-de-niro-et-la-force-des-mots\\\/221953\\\/\"]}]},{\"@type\":\"ImageObject\",\"inLanguage\":\"fr-FR\",\"@id\":\"https:\\\/\\\/www.webdo.tn\\\/fr\\\/actualite\\\/culture\\\/cannes-2025-binoche-de-niro-et-la-force-des-mots\\\/221953\\\/#primaryimage\",\"url\":\"https:\\\/\\\/www.webdo.tn\\\/fr\\\/wp-content\\\/uploads\\\/2025\\\/05\\\/08376fb56e8d60c70cc530c78335639e.webp\",\"contentUrl\":\"https:\\\/\\\/www.webdo.tn\\\/fr\\\/wp-content\\\/uploads\\\/2025\\\/05\\\/08376fb56e8d60c70cc530c78335639e.webp\",\"width\":750,\"height\":400,\"caption\":\"Cannes 2025 - Binoche, De Niro, et la force des mots\"},{\"@type\":\"BreadcrumbList\",\"@id\":\"https:\\\/\\\/www.webdo.tn\\\/fr\\\/actualite\\\/culture\\\/cannes-2025-binoche-de-niro-et-la-force-des-mots\\\/221953\\\/#breadcrumb\",\"itemListElement\":[{\"@type\":\"ListItem\",\"position\":1,\"name\":\"Accueil\",\"item\":\"https:\\\/\\\/www.webdo.tn\\\/fr\\\/\"},{\"@type\":\"ListItem\",\"position\":2,\"name\":\"Cannes 2025 &#8211; Binoche, De Niro, et la force des mots\"}]},{\"@type\":\"WebSite\",\"@id\":\"https:\\\/\\\/www.webdo.tn\\\/fr\\\/#website\",\"url\":\"https:\\\/\\\/www.webdo.tn\\\/fr\\\/\",\"name\":\"webdo\",\"description\":\"Tunisie - News en Tunisie et \u00e0 l&#039;international sur Webdo.tn\",\"publisher\":{\"@id\":\"https:\\\/\\\/www.webdo.tn\\\/fr\\\/#organization\"},\"potentialAction\":[{\"@type\":\"SearchAction\",\"target\":{\"@type\":\"EntryPoint\",\"urlTemplate\":\"https:\\\/\\\/www.webdo.tn\\\/fr\\\/?s={search_term_string}\"},\"query-input\":{\"@type\":\"PropertyValueSpecification\",\"valueRequired\":true,\"valueName\":\"search_term_string\"}}],\"inLanguage\":\"fr-FR\"},{\"@type\":\"Organization\",\"@id\":\"https:\\\/\\\/www.webdo.tn\\\/fr\\\/#organization\",\"name\":\"Webdo\",\"alternateName\":\"Webdo.tn\",\"url\":\"https:\\\/\\\/www.webdo.tn\\\/fr\\\/\",\"logo\":{\"@type\":\"ImageObject\",\"inLanguage\":\"fr-FR\",\"@id\":\"https:\\\/\\\/www.webdo.tn\\\/fr\\\/#\\\/schema\\\/logo\\\/image\\\/\",\"url\":\"https:\\\/\\\/www.webdo.tn\\\/fr\\\/wp-content\\\/uploads\\\/2025\\\/06\\\/Webdo-Tunisie_168377.jpg\",\"contentUrl\":\"https:\\\/\\\/www.webdo.tn\\\/fr\\\/wp-content\\\/uploads\\\/2025\\\/06\\\/Webdo-Tunisie_168377.jpg\",\"width\":301,\"height\":301,\"caption\":\"Webdo\"},\"image\":{\"@id\":\"https:\\\/\\\/www.webdo.tn\\\/fr\\\/#\\\/schema\\\/logo\\\/image\\\/\"},\"sameAs\":[\"https:\\\/\\\/www.facebook.com\\\/webdotn\",\"https:\\\/\\\/x.com\\\/webdo_tn\"],\"description\":\"Webdo est un m\u00e9dia num\u00e9rique tunisien fond\u00e9 en 2010, sp\u00e9cialis\u00e9 dans l\u2019actualit\u00e9 nationale et internationale, l\u2019\u00e9conomie, la soci\u00e9t\u00e9 et les analyses politiques. Le site s\u2019adresse \u00e0 un large public francophone et couvre l\u2019information tunisienne en temps r\u00e9el.\",\"email\":\"redac@webdo.tn\",\"legalName\":\"YNJ SARL\",\"foundingDate\":\"2010-09-06\",\"numberOfEmployees\":{\"@type\":\"QuantitativeValue\",\"minValue\":\"11\",\"maxValue\":\"50\"}},{\"@type\":\"Person\",\"@id\":\"https:\\\/\\\/www.webdo.tn\\\/fr\\\/#\\\/schema\\\/person\\\/60d5ba619ed3f58783b0dc82b7dada80\",\"name\":\"Ne\u00efla DRISS\",\"image\":{\"@type\":\"ImageObject\",\"inLanguage\":\"fr-FR\",\"@id\":\"https:\\\/\\\/www.webdo.tn\\\/fr\\\/wp-content\\\/uploads\\\/2026\\\/04\\\/neila-driss_avatar-96x96.jpg\",\"url\":\"https:\\\/\\\/www.webdo.tn\\\/fr\\\/wp-content\\\/uploads\\\/2026\\\/04\\\/neila-driss_avatar-96x96.jpg\",\"contentUrl\":\"https:\\\/\\\/www.webdo.tn\\\/fr\\\/wp-content\\\/uploads\\\/2026\\\/04\\\/neila-driss_avatar-96x96.jpg\",\"caption\":\"Ne\u00efla DRISS\"},\"description\":\"Ne\u00efla Driss est juriste, journaliste culturelle et critique de cin\u00e9ma tunisienne. Titulaire d\u2019un DEA en droit priv\u00e9 de l\u2019Universit\u00e9 Paris II et d\u2019un DESS de l\u2019IHEC Carthage, elle d\u00e9bute sa carri\u00e8re comme juriste sp\u00e9cialis\u00e9e en gestion de patrimoine immobilier. Elle s\u2019oriente ensuite vers l\u2019\u00e9criture en ligne, o\u00f9 elle se distingue d\u00e8s 2006 aux Tunisia Blog Awards, avant de se consacrer au journalisme culturel, avec une sp\u00e9cialisation dans la critique cin\u00e9matographique. Elle couvre r\u00e9guli\u00e8rement les grands festivals internationaux, notamment le Festival de Cannes, les Journ\u00e9es Cin\u00e9matographiques de Carthage et le Festival du film du Caire. Membre de l\u2019ATPCC et de la FIPRESCI, elle participe \u00e0 des jurys et initiatives internationales de critique. Depuis 2024, elle est \u00e9lectrice internationale aux Golden Globes. Facebook : https:\\\/\\\/www.facebook.com\\\/massir.destiniii\\\/ X : https:\\\/\\\/x.com\\\/MassirDestin\",\"sameAs\":[\"https:\\\/\\\/www.facebook.com\\\/massir.destiniii\\\/\",\"https:\\\/\\\/www.instagram.com\\\/neila.driss\\\/?hl=fr\",\"https:\\\/\\\/www.linkedin.com\\\/in\\\/neila-driss-22606a80\\\/\",\"https:\\\/\\\/x.com\\\/https:\\\/\\\/x.com\\\/MassirDestin\"],\"knowsAbout\":[\"Cin\u00e9ma international\",\"critique cin\u00e9matographique\",\"festivals de cin\u00e9ma\",\"journalisme culturel\"],\"knowsLanguage\":[\"Fran\u00e7ais\",\"Arabe\",\"Anglais\"],\"jobTitle\":\"Journaliste culturelle et critique de cin\u00e9ma\",\"worksFor\":\"Webdo\",\"url\":\"https:\\\/\\\/www.webdo.tn\\\/fr\\\/actualite\\\/author\\\/neila-driss\\\/\"}]}<\/script>\n<!-- \/ Yoast SEO Premium plugin. -->","yoast_head_json":{"title":"Cannes 2025 - Binoche, De Niro, et la force des mots","canonical":"https:\/\/www.webdo.tn\/fr\/actualite\/culture\/cannes-2025-binoche-de-niro-et-la-force-des-mots\/221953\/","og_locale":"fr_FR","og_type":"article","og_title":"Cannes 2025 - Binoche, De Niro, et la force des mots","og_description":"Sous les dorures du Grand Th\u00e9\u00e2tre Lumi\u00e8re, les premi\u00e8res notes de la 78\u1d49 \u00e9dition du Festival de Cannes ont r\u00e9sonn\u00e9 avec une \u00e9motion particuli\u00e8re. Ce mardi 13 mai 2025, la c\u00e9r\u00e9monie d\u2019ouverture a embrass\u00e9 d\u2019embl\u00e9e la gravit\u00e9 du monde contemporain sans renier la magie du cin\u00e9ma. Conduite par un Laurent Lafitte inspir\u00e9, elle a \u00e9t\u00e9 [&hellip;]","og_url":"https:\/\/www.webdo.tn\/fr\/actualite\/culture\/cannes-2025-binoche-de-niro-et-la-force-des-mots\/221953\/","og_site_name":"webdo","article_publisher":"https:\/\/www.facebook.com\/webdotn","article_author":"https:\/\/www.facebook.com\/massir.destiniii\/","article_published_time":"2025-05-13T22:10:00+00:00","og_image":[{"width":750,"height":400,"url":"https:\/\/www.webdo.tn\/fr\/wp-content\/uploads\/2025\/05\/08376fb56e8d60c70cc530c78335639e.webp","type":"image\/webp"}],"author":"Ne\u00efla DRISS","twitter_card":"summary_large_image","twitter_creator":"@https:\/\/x.com\/MassirDestin","twitter_site":"@webdo_tn","twitter_misc":{"\u00c9crit par":"Ne\u00efla DRISS","Dur\u00e9e de lecture estim\u00e9e":"7 minutes"},"schema":{"@context":"https:\/\/schema.org","@graph":[{"@type":"NewsArticle","@id":"https:\/\/www.webdo.tn\/fr\/actualite\/culture\/cannes-2025-binoche-de-niro-et-la-force-des-mots\/221953\/#article","isPartOf":{"@id":"https:\/\/www.webdo.tn\/fr\/actualite\/culture\/cannes-2025-binoche-de-niro-et-la-force-des-mots\/221953\/"},"author":{"name":"Ne\u00efla DRISS","@id":"https:\/\/www.webdo.tn\/fr\/#\/schema\/person\/60d5ba619ed3f58783b0dc82b7dada80"},"headline":"Cannes 2025 &#8211; Binoche, De Niro, et la force des mots","datePublished":"2025-05-13T22:10:00+00:00","mainEntityOfPage":{"@id":"https:\/\/www.webdo.tn\/fr\/actualite\/culture\/cannes-2025-binoche-de-niro-et-la-force-des-mots\/221953\/"},"wordCount":1397,"commentCount":0,"publisher":{"@id":"https:\/\/www.webdo.tn\/fr\/#organization"},"image":{"@id":"https:\/\/www.webdo.tn\/fr\/actualite\/culture\/cannes-2025-binoche-de-niro-et-la-force-des-mots\/221953\/#primaryimage"},"thumbnailUrl":"https:\/\/www.webdo.tn\/fr\/wp-content\/uploads\/2025\/05\/08376fb56e8d60c70cc530c78335639e.webp","keywords":["cannes","Cannes 2025","c\u00e9r\u00e9monie d'ouverture","Cin\u00e9ma","Festival","Festival de Cannes"],"articleSection":["Culture"],"inLanguage":"fr-FR"},{"@type":"WebPage","@id":"https:\/\/www.webdo.tn\/fr\/actualite\/culture\/cannes-2025-binoche-de-niro-et-la-force-des-mots\/221953\/","url":"https:\/\/www.webdo.tn\/fr\/actualite\/culture\/cannes-2025-binoche-de-niro-et-la-force-des-mots\/221953\/","name":"Cannes 2025 - Binoche, De Niro, et la force des mots","isPartOf":{"@id":"https:\/\/www.webdo.tn\/fr\/#website"},"primaryImageOfPage":{"@id":"https:\/\/www.webdo.tn\/fr\/actualite\/culture\/cannes-2025-binoche-de-niro-et-la-force-des-mots\/221953\/#primaryimage"},"image":{"@id":"https:\/\/www.webdo.tn\/fr\/actualite\/culture\/cannes-2025-binoche-de-niro-et-la-force-des-mots\/221953\/#primaryimage"},"thumbnailUrl":"https:\/\/www.webdo.tn\/fr\/wp-content\/uploads\/2025\/05\/08376fb56e8d60c70cc530c78335639e.webp","datePublished":"2025-05-13T22:10:00+00:00","breadcrumb":{"@id":"https:\/\/www.webdo.tn\/fr\/actualite\/culture\/cannes-2025-binoche-de-niro-et-la-force-des-mots\/221953\/#breadcrumb"},"inLanguage":"fr-FR","potentialAction":[{"@type":"ReadAction","target":["https:\/\/www.webdo.tn\/fr\/actualite\/culture\/cannes-2025-binoche-de-niro-et-la-force-des-mots\/221953\/"]}]},{"@type":"ImageObject","inLanguage":"fr-FR","@id":"https:\/\/www.webdo.tn\/fr\/actualite\/culture\/cannes-2025-binoche-de-niro-et-la-force-des-mots\/221953\/#primaryimage","url":"https:\/\/www.webdo.tn\/fr\/wp-content\/uploads\/2025\/05\/08376fb56e8d60c70cc530c78335639e.webp","contentUrl":"https:\/\/www.webdo.tn\/fr\/wp-content\/uploads\/2025\/05\/08376fb56e8d60c70cc530c78335639e.webp","width":750,"height":400,"caption":"Cannes 2025 - Binoche, De Niro, et la force des mots"},{"@type":"BreadcrumbList","@id":"https:\/\/www.webdo.tn\/fr\/actualite\/culture\/cannes-2025-binoche-de-niro-et-la-force-des-mots\/221953\/#breadcrumb","itemListElement":[{"@type":"ListItem","position":1,"name":"Accueil","item":"https:\/\/www.webdo.tn\/fr\/"},{"@type":"ListItem","position":2,"name":"Cannes 2025 &#8211; Binoche, De Niro, et la force des mots"}]},{"@type":"WebSite","@id":"https:\/\/www.webdo.tn\/fr\/#website","url":"https:\/\/www.webdo.tn\/fr\/","name":"webdo","description":"Tunisie - News en Tunisie et \u00e0 l&#039;international sur Webdo.tn","publisher":{"@id":"https:\/\/www.webdo.tn\/fr\/#organization"},"potentialAction":[{"@type":"SearchAction","target":{"@type":"EntryPoint","urlTemplate":"https:\/\/www.webdo.tn\/fr\/?s={search_term_string}"},"query-input":{"@type":"PropertyValueSpecification","valueRequired":true,"valueName":"search_term_string"}}],"inLanguage":"fr-FR"},{"@type":"Organization","@id":"https:\/\/www.webdo.tn\/fr\/#organization","name":"Webdo","alternateName":"Webdo.tn","url":"https:\/\/www.webdo.tn\/fr\/","logo":{"@type":"ImageObject","inLanguage":"fr-FR","@id":"https:\/\/www.webdo.tn\/fr\/#\/schema\/logo\/image\/","url":"https:\/\/www.webdo.tn\/fr\/wp-content\/uploads\/2025\/06\/Webdo-Tunisie_168377.jpg","contentUrl":"https:\/\/www.webdo.tn\/fr\/wp-content\/uploads\/2025\/06\/Webdo-Tunisie_168377.jpg","width":301,"height":301,"caption":"Webdo"},"image":{"@id":"https:\/\/www.webdo.tn\/fr\/#\/schema\/logo\/image\/"},"sameAs":["https:\/\/www.facebook.com\/webdotn","https:\/\/x.com\/webdo_tn"],"description":"Webdo est un m\u00e9dia num\u00e9rique tunisien fond\u00e9 en 2010, sp\u00e9cialis\u00e9 dans l\u2019actualit\u00e9 nationale et internationale, l\u2019\u00e9conomie, la soci\u00e9t\u00e9 et les analyses politiques. Le site s\u2019adresse \u00e0 un large public francophone et couvre l\u2019information tunisienne en temps r\u00e9el.","email":"redac@webdo.tn","legalName":"YNJ SARL","foundingDate":"2010-09-06","numberOfEmployees":{"@type":"QuantitativeValue","minValue":"11","maxValue":"50"}},{"@type":"Person","@id":"https:\/\/www.webdo.tn\/fr\/#\/schema\/person\/60d5ba619ed3f58783b0dc82b7dada80","name":"Ne\u00efla DRISS","image":{"@type":"ImageObject","inLanguage":"fr-FR","@id":"https:\/\/www.webdo.tn\/fr\/wp-content\/uploads\/2026\/04\/neila-driss_avatar-96x96.jpg","url":"https:\/\/www.webdo.tn\/fr\/wp-content\/uploads\/2026\/04\/neila-driss_avatar-96x96.jpg","contentUrl":"https:\/\/www.webdo.tn\/fr\/wp-content\/uploads\/2026\/04\/neila-driss_avatar-96x96.jpg","caption":"Ne\u00efla DRISS"},"description":"Ne\u00efla Driss est juriste, journaliste culturelle et critique de cin\u00e9ma tunisienne. Titulaire d\u2019un DEA en droit priv\u00e9 de l\u2019Universit\u00e9 Paris II et d\u2019un DESS de l\u2019IHEC Carthage, elle d\u00e9bute sa carri\u00e8re comme juriste sp\u00e9cialis\u00e9e en gestion de patrimoine immobilier. Elle s\u2019oriente ensuite vers l\u2019\u00e9criture en ligne, o\u00f9 elle se distingue d\u00e8s 2006 aux Tunisia Blog Awards, avant de se consacrer au journalisme culturel, avec une sp\u00e9cialisation dans la critique cin\u00e9matographique. Elle couvre r\u00e9guli\u00e8rement les grands festivals internationaux, notamment le Festival de Cannes, les Journ\u00e9es Cin\u00e9matographiques de Carthage et le Festival du film du Caire. Membre de l\u2019ATPCC et de la FIPRESCI, elle participe \u00e0 des jurys et initiatives internationales de critique. Depuis 2024, elle est \u00e9lectrice internationale aux Golden Globes. Facebook : https:\/\/www.facebook.com\/massir.destiniii\/ X : https:\/\/x.com\/MassirDestin","sameAs":["https:\/\/www.facebook.com\/massir.destiniii\/","https:\/\/www.instagram.com\/neila.driss\/?hl=fr","https:\/\/www.linkedin.com\/in\/neila-driss-22606a80\/","https:\/\/x.com\/https:\/\/x.com\/MassirDestin"],"knowsAbout":["Cin\u00e9ma international","critique cin\u00e9matographique","festivals de cin\u00e9ma","journalisme culturel"],"knowsLanguage":["Fran\u00e7ais","Arabe","Anglais"],"jobTitle":"Journaliste culturelle et critique de cin\u00e9ma","worksFor":"Webdo","url":"https:\/\/www.webdo.tn\/fr\/actualite\/author\/neila-driss\/"}]}},"_links":{"self":[{"href":"https:\/\/www.webdo.tn\/fr\/wp-json\/wp\/v2\/posts\/221953","targetHints":{"allow":["GET"]}}],"collection":[{"href":"https:\/\/www.webdo.tn\/fr\/wp-json\/wp\/v2\/posts"}],"about":[{"href":"https:\/\/www.webdo.tn\/fr\/wp-json\/wp\/v2\/types\/post"}],"author":[{"embeddable":true,"href":"https:\/\/www.webdo.tn\/fr\/wp-json\/wp\/v2\/users\/3164"}],"replies":[{"embeddable":true,"href":"https:\/\/www.webdo.tn\/fr\/wp-json\/wp\/v2\/comments?post=221953"}],"version-history":[{"count":0,"href":"https:\/\/www.webdo.tn\/fr\/wp-json\/wp\/v2\/posts\/221953\/revisions"}],"wp:featuredmedia":[{"embeddable":true,"href":"https:\/\/www.webdo.tn\/fr\/wp-json\/wp\/v2\/media\/376515"}],"wp:attachment":[{"href":"https:\/\/www.webdo.tn\/fr\/wp-json\/wp\/v2\/media?parent=221953"}],"wp:term":[{"taxonomy":"category","embeddable":true,"href":"https:\/\/www.webdo.tn\/fr\/wp-json\/wp\/v2\/categories?post=221953"},{"taxonomy":"post_tag","embeddable":true,"href":"https:\/\/www.webdo.tn\/fr\/wp-json\/wp\/v2\/tags?post=221953"}],"curies":[{"name":"wp","href":"https:\/\/api.w.org\/{rel}","templated":true}]}}