{"id":221942,"date":"2025-05-13T13:13:00","date_gmt":"2025-05-13T13:13:00","guid":{"rendered":"https:\/\/www.webdo.tn\/fr\/actualite\/blog\/tunisie-de-15-a-20-ans-de-prison-pour-une-bande-internationale-de-trafiquants-de-drogue\/221942\/"},"modified":"2025-05-13T13:13:00","modified_gmt":"2025-05-13T13:13:00","slug":"tunisie-de-15-a-20-ans-de-prison-pour-une-bande-internationale-de-trafiquants-de-drogue","status":"publish","type":"post","link":"https:\/\/www.webdo.tn\/fr\/actualite\/national\/tunisie-de-15-a-20-ans-de-prison-pour-une-bande-internationale-de-trafiquants-de-drogue\/221942\/","title":{"rendered":"Tunisie : De 15 \u00e0 20 ans de prison pour une bande internationale de trafiquants de drogue"},"content":{"rendered":"<p>Le tribunal de premi\u00e8re instance de Tunis, statuant en mati\u00e8re criminelle, a rendu lundi des verdicts s\u00e9v\u00e8res \u00e0 l\u2019encontre d\u2019un r\u00e9seau international de trafic de drogue. Cinq membres d\u2019une m\u00eame bande ont \u00e9cop\u00e9 de peines allant de 15 \u00e0 20 ans de prison, assorties d\u2019une amende individuelle de 50 000 dinars.<\/p>\n<p> Ces condamnations font suite \u00e0 la saisie de 60 kg de cannabis (commun\u00e9ment appel\u00e9 \u00ab\u00a0zattla\u00a0\u00bb) soigneusement dissimul\u00e9s dans un v\u00e9hicule arriv\u00e9 au port de La Goulette. La drogue a \u00e9t\u00e9 d\u00e9couverte gr\u00e2ce au passage de la voiture suspecte au scanner.<\/p>\n<p>L\u2019enqu\u00eate a r\u00e9v\u00e9l\u00e9 que les accus\u00e9s faisaient partie d\u2019un r\u00e9seau structur\u00e9 op\u00e9rant dans l&rsquo;importation de stup\u00e9fiants depuis l&rsquo;\u00e9tranger vers la Tunisie. Ils avaient pour objectif de distribuer la marchandise dans les quartiers populaires. Lors de leur interrogatoire, les membres du groupe ont reconnu \u00eatre impliqu\u00e9s dans le trafic depuis un certain temps.<\/p>\n<p>Cette affaire illustre une nouvelle fois les risques croissants li\u00e9s aux trafics transnationaux de drogue et le r\u00f4le cl\u00e9 des ports dans ce type d&rsquo;op\u00e9rations illicites.<\/p>\n","protected":false},"excerpt":{"rendered":"<p>La justice tunisienne a condamn\u00e9 une bande de cinq trafiquants \u00e0 de lourdes peines de prison pour avoir introduit 60 kg de cannabis en Tunisie via le port de La&#8230;<\/p>\n","protected":false},"author":5338,"featured_media":376432,"comment_status":"open","ping_status":"closed","sticky":false,"template":"","format":"standard","meta":{"footnotes":""},"categories":[44],"tags":[3530,2644,2608],"class_list":["post-221942","post","type-post","status-publish","format-standard","has-post-thumbnail","hentry","category-national","tag-dealer","tag-drogue","tag-tunisie"],"yoast_head":"<!-- This site is optimized with the Yoast SEO Premium plugin v27.5 (Yoast SEO v27.5) - https:\/\/yoast.com\/product\/yoast-seo-premium-wordpress\/ -->\n<title>Tunisie : De 15 \u00e0 20 ans de prison pour une bande internationale de trafiquants de drogue<\/title>\n<meta name=\"description\" content=\"La justice tunisienne a condamn\u00e9 une bande de cinq trafiquants \u00e0 de lourdes peines de prison pour avoir introduit 60 kg de cannabis en Tunisie via le port de La...\" \/>\n<link rel=\"canonical\" href=\"https:\/\/www.webdo.tn\/fr\/actualite\/national\/tunisie-de-15-a-20-ans-de-prison-pour-une-bande-internationale-de-trafiquants-de-drogue\/221942\/\" \/>\n<meta property=\"og:locale\" content=\"fr_FR\" \/>\n<meta property=\"og:type\" content=\"article\" \/>\n<meta property=\"og:title\" content=\"Tunisie : De 15 \u00e0 20 ans de prison pour une bande internationale de trafiquants de drogue\" \/>\n<meta property=\"og:description\" content=\"La justice tunisienne a condamn\u00e9 une bande de cinq trafiquants \u00e0 de lourdes peines de prison pour avoir introduit 60 kg de cannabis en Tunisie via le port de La...\" \/>\n<meta property=\"og:url\" content=\"https:\/\/www.webdo.tn\/fr\/actualite\/national\/tunisie-de-15-a-20-ans-de-prison-pour-une-bande-internationale-de-trafiquants-de-drogue\/221942\/\" \/>\n<meta property=\"og:site_name\" content=\"webdo\" \/>\n<meta property=\"article:publisher\" content=\"https:\/\/www.facebook.com\/webdotn\" \/>\n<meta property=\"article:published_time\" content=\"2025-05-13T13:13:00+00:00\" \/>\n<meta property=\"og:image\" content=\"https:\/\/www.webdo.tn\/fr\/wp-content\/uploads\/2025\/05\/ffa6b7a8b6896cca0ac25dc6553658dd.webp\" \/>\n\t<meta property=\"og:image:width\" content=\"750\" \/>\n\t<meta property=\"og:image:height\" content=\"400\" \/>\n\t<meta property=\"og:image:type\" content=\"image\/webp\" \/>\n<meta name=\"author\" content=\"MC\" \/>\n<meta name=\"twitter:card\" content=\"summary_large_image\" \/>\n<meta name=\"twitter:creator\" content=\"@webdo_tn\" \/>\n<meta name=\"twitter:site\" content=\"@webdo_tn\" \/>\n<meta name=\"twitter:label1\" content=\"\u00c9crit par\" \/>\n\t<meta name=\"twitter:data1\" content=\"MC\" \/>\n\t<meta name=\"twitter:label2\" content=\"Dur\u00e9e de lecture estim\u00e9e\" \/>\n\t<meta name=\"twitter:data2\" content=\"1 minute\" \/>\n<script type=\"application\/ld+json\" class=\"yoast-schema-graph\">{\"@context\":\"https:\\\/\\\/schema.org\",\"@graph\":[{\"@type\":\"NewsArticle\",\"@id\":\"https:\\\/\\\/www.webdo.tn\\\/fr\\\/actualite\\\/national\\\/tunisie-de-15-a-20-ans-de-prison-pour-une-bande-internationale-de-trafiquants-de-drogue\\\/221942\\\/#article\",\"isPartOf\":{\"@id\":\"https:\\\/\\\/www.webdo.tn\\\/fr\\\/actualite\\\/national\\\/tunisie-de-15-a-20-ans-de-prison-pour-une-bande-internationale-de-trafiquants-de-drogue\\\/221942\\\/\"},\"author\":{\"name\":\"MC\",\"@id\":\"https:\\\/\\\/www.webdo.tn\\\/fr\\\/#\\\/schema\\\/person\\\/8500bcb8714aee00d99d4d6903fd06d7\"},\"headline\":\"Tunisie : De 15 \u00e0 20 ans de prison pour une bande internationale de trafiquants de drogue\",\"datePublished\":\"2025-05-13T13:13:00+00:00\",\"mainEntityOfPage\":{\"@id\":\"https:\\\/\\\/www.webdo.tn\\\/fr\\\/actualite\\\/national\\\/tunisie-de-15-a-20-ans-de-prison-pour-une-bande-internationale-de-trafiquants-de-drogue\\\/221942\\\/\"},\"wordCount\":205,\"commentCount\":0,\"publisher\":{\"@id\":\"https:\\\/\\\/www.webdo.tn\\\/fr\\\/#organization\"},\"image\":{\"@id\":\"https:\\\/\\\/www.webdo.tn\\\/fr\\\/actualite\\\/national\\\/tunisie-de-15-a-20-ans-de-prison-pour-une-bande-internationale-de-trafiquants-de-drogue\\\/221942\\\/#primaryimage\"},\"thumbnailUrl\":\"https:\\\/\\\/www.webdo.tn\\\/fr\\\/wp-content\\\/uploads\\\/2025\\\/05\\\/ffa6b7a8b6896cca0ac25dc6553658dd.webp\",\"keywords\":[\"dealer\",\"drogue\",\"Tunisie\"],\"articleSection\":[\"National\"],\"inLanguage\":\"fr-FR\"},{\"@type\":\"WebPage\",\"@id\":\"https:\\\/\\\/www.webdo.tn\\\/fr\\\/actualite\\\/national\\\/tunisie-de-15-a-20-ans-de-prison-pour-une-bande-internationale-de-trafiquants-de-drogue\\\/221942\\\/\",\"url\":\"https:\\\/\\\/www.webdo.tn\\\/fr\\\/actualite\\\/national\\\/tunisie-de-15-a-20-ans-de-prison-pour-une-bande-internationale-de-trafiquants-de-drogue\\\/221942\\\/\",\"name\":\"Tunisie : De 15 \u00e0 20 ans de prison pour une bande internationale de trafiquants de drogue\",\"isPartOf\":{\"@id\":\"https:\\\/\\\/www.webdo.tn\\\/fr\\\/#website\"},\"primaryImageOfPage\":{\"@id\":\"https:\\\/\\\/www.webdo.tn\\\/fr\\\/actualite\\\/national\\\/tunisie-de-15-a-20-ans-de-prison-pour-une-bande-internationale-de-trafiquants-de-drogue\\\/221942\\\/#primaryimage\"},\"image\":{\"@id\":\"https:\\\/\\\/www.webdo.tn\\\/fr\\\/actualite\\\/national\\\/tunisie-de-15-a-20-ans-de-prison-pour-une-bande-internationale-de-trafiquants-de-drogue\\\/221942\\\/#primaryimage\"},\"thumbnailUrl\":\"https:\\\/\\\/www.webdo.tn\\\/fr\\\/wp-content\\\/uploads\\\/2025\\\/05\\\/ffa6b7a8b6896cca0ac25dc6553658dd.webp\",\"datePublished\":\"2025-05-13T13:13:00+00:00\",\"description\":\"La justice tunisienne a condamn\u00e9 une bande de cinq trafiquants \u00e0 de lourdes peines de prison pour avoir introduit 60 kg de cannabis en Tunisie via le port de La...\",\"breadcrumb\":{\"@id\":\"https:\\\/\\\/www.webdo.tn\\\/fr\\\/actualite\\\/national\\\/tunisie-de-15-a-20-ans-de-prison-pour-une-bande-internationale-de-trafiquants-de-drogue\\\/221942\\\/#breadcrumb\"},\"inLanguage\":\"fr-FR\",\"potentialAction\":[{\"@type\":\"ReadAction\",\"target\":[\"https:\\\/\\\/www.webdo.tn\\\/fr\\\/actualite\\\/national\\\/tunisie-de-15-a-20-ans-de-prison-pour-une-bande-internationale-de-trafiquants-de-drogue\\\/221942\\\/\"]}]},{\"@type\":\"ImageObject\",\"inLanguage\":\"fr-FR\",\"@id\":\"https:\\\/\\\/www.webdo.tn\\\/fr\\\/actualite\\\/national\\\/tunisie-de-15-a-20-ans-de-prison-pour-une-bande-internationale-de-trafiquants-de-drogue\\\/221942\\\/#primaryimage\",\"url\":\"https:\\\/\\\/www.webdo.tn\\\/fr\\\/wp-content\\\/uploads\\\/2025\\\/05\\\/ffa6b7a8b6896cca0ac25dc6553658dd.webp\",\"contentUrl\":\"https:\\\/\\\/www.webdo.tn\\\/fr\\\/wp-content\\\/uploads\\\/2025\\\/05\\\/ffa6b7a8b6896cca0ac25dc6553658dd.webp\",\"width\":750,\"height\":400,\"caption\":\"Tunisie : De 15 \u00e0 20 ans de prison pour une bande internationale de trafiquants de drogue\"},{\"@type\":\"BreadcrumbList\",\"@id\":\"https:\\\/\\\/www.webdo.tn\\\/fr\\\/actualite\\\/national\\\/tunisie-de-15-a-20-ans-de-prison-pour-une-bande-internationale-de-trafiquants-de-drogue\\\/221942\\\/#breadcrumb\",\"itemListElement\":[{\"@type\":\"ListItem\",\"position\":1,\"name\":\"Accueil\",\"item\":\"https:\\\/\\\/www.webdo.tn\\\/fr\\\/\"},{\"@type\":\"ListItem\",\"position\":2,\"name\":\"Tunisie : De 15 \u00e0 20 ans de prison pour une bande internationale de trafiquants de drogue\"}]},{\"@type\":\"WebSite\",\"@id\":\"https:\\\/\\\/www.webdo.tn\\\/fr\\\/#website\",\"url\":\"https:\\\/\\\/www.webdo.tn\\\/fr\\\/\",\"name\":\"webdo\",\"description\":\"Tunisie - News en Tunisie et \u00e0 l&#039;international sur Webdo.tn\",\"publisher\":{\"@id\":\"https:\\\/\\\/www.webdo.tn\\\/fr\\\/#organization\"},\"potentialAction\":[{\"@type\":\"SearchAction\",\"target\":{\"@type\":\"EntryPoint\",\"urlTemplate\":\"https:\\\/\\\/www.webdo.tn\\\/fr\\\/?s={search_term_string}\"},\"query-input\":{\"@type\":\"PropertyValueSpecification\",\"valueRequired\":true,\"valueName\":\"search_term_string\"}}],\"inLanguage\":\"fr-FR\"},{\"@type\":\"Organization\",\"@id\":\"https:\\\/\\\/www.webdo.tn\\\/fr\\\/#organization\",\"name\":\"Webdo\",\"alternateName\":\"Webdo.tn\",\"url\":\"https:\\\/\\\/www.webdo.tn\\\/fr\\\/\",\"logo\":{\"@type\":\"ImageObject\",\"inLanguage\":\"fr-FR\",\"@id\":\"https:\\\/\\\/www.webdo.tn\\\/fr\\\/#\\\/schema\\\/logo\\\/image\\\/\",\"url\":\"https:\\\/\\\/www.webdo.tn\\\/fr\\\/wp-content\\\/uploads\\\/2025\\\/06\\\/Webdo-Tunisie_168377.jpg\",\"contentUrl\":\"https:\\\/\\\/www.webdo.tn\\\/fr\\\/wp-content\\\/uploads\\\/2025\\\/06\\\/Webdo-Tunisie_168377.jpg\",\"width\":301,\"height\":301,\"caption\":\"Webdo\"},\"image\":{\"@id\":\"https:\\\/\\\/www.webdo.tn\\\/fr\\\/#\\\/schema\\\/logo\\\/image\\\/\"},\"sameAs\":[\"https:\\\/\\\/www.facebook.com\\\/webdotn\",\"https:\\\/\\\/x.com\\\/webdo_tn\"],\"description\":\"Webdo est un m\u00e9dia num\u00e9rique tunisien fond\u00e9 en 2010, sp\u00e9cialis\u00e9 dans l\u2019actualit\u00e9 nationale et internationale, l\u2019\u00e9conomie, la soci\u00e9t\u00e9 et les analyses politiques. Le site s\u2019adresse \u00e0 un large public francophone et couvre l\u2019information tunisienne en temps r\u00e9el.\",\"email\":\"redac@webdo.tn\",\"legalName\":\"YNJ SARL\",\"foundingDate\":\"2010-09-06\",\"numberOfEmployees\":{\"@type\":\"QuantitativeValue\",\"minValue\":\"11\",\"maxValue\":\"50\"}},{\"@type\":\"Person\",\"@id\":\"https:\\\/\\\/www.webdo.tn\\\/fr\\\/#\\\/schema\\\/person\\\/8500bcb8714aee00d99d4d6903fd06d7\",\"name\":\"MC\",\"image\":{\"@type\":\"ImageObject\",\"inLanguage\":\"fr-FR\",\"@id\":\"https:\\\/\\\/secure.gravatar.com\\\/avatar\\\/f608b47029e05639bee9b2fbeb496b6e3ad71093a5aabff97eea23a99d75ad8e?s=96&d=mm&r=g\",\"url\":\"https:\\\/\\\/secure.gravatar.com\\\/avatar\\\/f608b47029e05639bee9b2fbeb496b6e3ad71093a5aabff97eea23a99d75ad8e?s=96&d=mm&r=g\",\"contentUrl\":\"https:\\\/\\\/secure.gravatar.com\\\/avatar\\\/f608b47029e05639bee9b2fbeb496b6e3ad71093a5aabff97eea23a99d75ad8e?s=96&d=mm&r=g\",\"caption\":\"MC\"},\"url\":\"https:\\\/\\\/www.webdo.tn\\\/fr\\\/actualite\\\/author\\\/mc-6\\\/\"}]}<\/script>\n<!-- \/ Yoast SEO Premium plugin. -->","yoast_head_json":{"title":"Tunisie : De 15 \u00e0 20 ans de prison pour une bande internationale de trafiquants de drogue","description":"La justice tunisienne a condamn\u00e9 une bande de cinq trafiquants \u00e0 de lourdes peines de prison pour avoir introduit 60 kg de cannabis en Tunisie via le port de La...","canonical":"https:\/\/www.webdo.tn\/fr\/actualite\/national\/tunisie-de-15-a-20-ans-de-prison-pour-une-bande-internationale-de-trafiquants-de-drogue\/221942\/","og_locale":"fr_FR","og_type":"article","og_title":"Tunisie : De 15 \u00e0 20 ans de prison pour une bande internationale de trafiquants de drogue","og_description":"La justice tunisienne a condamn\u00e9 une bande de cinq trafiquants \u00e0 de lourdes peines de prison pour avoir introduit 60 kg de cannabis en Tunisie via le port de La...","og_url":"https:\/\/www.webdo.tn\/fr\/actualite\/national\/tunisie-de-15-a-20-ans-de-prison-pour-une-bande-internationale-de-trafiquants-de-drogue\/221942\/","og_site_name":"webdo","article_publisher":"https:\/\/www.facebook.com\/webdotn","article_published_time":"2025-05-13T13:13:00+00:00","og_image":[{"width":750,"height":400,"url":"https:\/\/www.webdo.tn\/fr\/wp-content\/uploads\/2025\/05\/ffa6b7a8b6896cca0ac25dc6553658dd.webp","type":"image\/webp"}],"author":"MC","twitter_card":"summary_large_image","twitter_creator":"@webdo_tn","twitter_site":"@webdo_tn","twitter_misc":{"\u00c9crit par":"MC","Dur\u00e9e de lecture estim\u00e9e":"1 minute"},"schema":{"@context":"https:\/\/schema.org","@graph":[{"@type":"NewsArticle","@id":"https:\/\/www.webdo.tn\/fr\/actualite\/national\/tunisie-de-15-a-20-ans-de-prison-pour-une-bande-internationale-de-trafiquants-de-drogue\/221942\/#article","isPartOf":{"@id":"https:\/\/www.webdo.tn\/fr\/actualite\/national\/tunisie-de-15-a-20-ans-de-prison-pour-une-bande-internationale-de-trafiquants-de-drogue\/221942\/"},"author":{"name":"MC","@id":"https:\/\/www.webdo.tn\/fr\/#\/schema\/person\/8500bcb8714aee00d99d4d6903fd06d7"},"headline":"Tunisie : De 15 \u00e0 20 ans de prison pour une bande internationale de trafiquants de drogue","datePublished":"2025-05-13T13:13:00+00:00","mainEntityOfPage":{"@id":"https:\/\/www.webdo.tn\/fr\/actualite\/national\/tunisie-de-15-a-20-ans-de-prison-pour-une-bande-internationale-de-trafiquants-de-drogue\/221942\/"},"wordCount":205,"commentCount":0,"publisher":{"@id":"https:\/\/www.webdo.tn\/fr\/#organization"},"image":{"@id":"https:\/\/www.webdo.tn\/fr\/actualite\/national\/tunisie-de-15-a-20-ans-de-prison-pour-une-bande-internationale-de-trafiquants-de-drogue\/221942\/#primaryimage"},"thumbnailUrl":"https:\/\/www.webdo.tn\/fr\/wp-content\/uploads\/2025\/05\/ffa6b7a8b6896cca0ac25dc6553658dd.webp","keywords":["dealer","drogue","Tunisie"],"articleSection":["National"],"inLanguage":"fr-FR"},{"@type":"WebPage","@id":"https:\/\/www.webdo.tn\/fr\/actualite\/national\/tunisie-de-15-a-20-ans-de-prison-pour-une-bande-internationale-de-trafiquants-de-drogue\/221942\/","url":"https:\/\/www.webdo.tn\/fr\/actualite\/national\/tunisie-de-15-a-20-ans-de-prison-pour-une-bande-internationale-de-trafiquants-de-drogue\/221942\/","name":"Tunisie : De 15 \u00e0 20 ans de prison pour une bande internationale de trafiquants de drogue","isPartOf":{"@id":"https:\/\/www.webdo.tn\/fr\/#website"},"primaryImageOfPage":{"@id":"https:\/\/www.webdo.tn\/fr\/actualite\/national\/tunisie-de-15-a-20-ans-de-prison-pour-une-bande-internationale-de-trafiquants-de-drogue\/221942\/#primaryimage"},"image":{"@id":"https:\/\/www.webdo.tn\/fr\/actualite\/national\/tunisie-de-15-a-20-ans-de-prison-pour-une-bande-internationale-de-trafiquants-de-drogue\/221942\/#primaryimage"},"thumbnailUrl":"https:\/\/www.webdo.tn\/fr\/wp-content\/uploads\/2025\/05\/ffa6b7a8b6896cca0ac25dc6553658dd.webp","datePublished":"2025-05-13T13:13:00+00:00","description":"La justice tunisienne a condamn\u00e9 une bande de cinq trafiquants \u00e0 de lourdes peines de prison pour avoir introduit 60 kg de cannabis en Tunisie via le port de La...","breadcrumb":{"@id":"https:\/\/www.webdo.tn\/fr\/actualite\/national\/tunisie-de-15-a-20-ans-de-prison-pour-une-bande-internationale-de-trafiquants-de-drogue\/221942\/#breadcrumb"},"inLanguage":"fr-FR","potentialAction":[{"@type":"ReadAction","target":["https:\/\/www.webdo.tn\/fr\/actualite\/national\/tunisie-de-15-a-20-ans-de-prison-pour-une-bande-internationale-de-trafiquants-de-drogue\/221942\/"]}]},{"@type":"ImageObject","inLanguage":"fr-FR","@id":"https:\/\/www.webdo.tn\/fr\/actualite\/national\/tunisie-de-15-a-20-ans-de-prison-pour-une-bande-internationale-de-trafiquants-de-drogue\/221942\/#primaryimage","url":"https:\/\/www.webdo.tn\/fr\/wp-content\/uploads\/2025\/05\/ffa6b7a8b6896cca0ac25dc6553658dd.webp","contentUrl":"https:\/\/www.webdo.tn\/fr\/wp-content\/uploads\/2025\/05\/ffa6b7a8b6896cca0ac25dc6553658dd.webp","width":750,"height":400,"caption":"Tunisie : De 15 \u00e0 20 ans de prison pour une bande internationale de trafiquants de drogue"},{"@type":"BreadcrumbList","@id":"https:\/\/www.webdo.tn\/fr\/actualite\/national\/tunisie-de-15-a-20-ans-de-prison-pour-une-bande-internationale-de-trafiquants-de-drogue\/221942\/#breadcrumb","itemListElement":[{"@type":"ListItem","position":1,"name":"Accueil","item":"https:\/\/www.webdo.tn\/fr\/"},{"@type":"ListItem","position":2,"name":"Tunisie : De 15 \u00e0 20 ans de prison pour une bande internationale de trafiquants de drogue"}]},{"@type":"WebSite","@id":"https:\/\/www.webdo.tn\/fr\/#website","url":"https:\/\/www.webdo.tn\/fr\/","name":"webdo","description":"Tunisie - News en Tunisie et \u00e0 l&#039;international sur Webdo.tn","publisher":{"@id":"https:\/\/www.webdo.tn\/fr\/#organization"},"potentialAction":[{"@type":"SearchAction","target":{"@type":"EntryPoint","urlTemplate":"https:\/\/www.webdo.tn\/fr\/?s={search_term_string}"},"query-input":{"@type":"PropertyValueSpecification","valueRequired":true,"valueName":"search_term_string"}}],"inLanguage":"fr-FR"},{"@type":"Organization","@id":"https:\/\/www.webdo.tn\/fr\/#organization","name":"Webdo","alternateName":"Webdo.tn","url":"https:\/\/www.webdo.tn\/fr\/","logo":{"@type":"ImageObject","inLanguage":"fr-FR","@id":"https:\/\/www.webdo.tn\/fr\/#\/schema\/logo\/image\/","url":"https:\/\/www.webdo.tn\/fr\/wp-content\/uploads\/2025\/06\/Webdo-Tunisie_168377.jpg","contentUrl":"https:\/\/www.webdo.tn\/fr\/wp-content\/uploads\/2025\/06\/Webdo-Tunisie_168377.jpg","width":301,"height":301,"caption":"Webdo"},"image":{"@id":"https:\/\/www.webdo.tn\/fr\/#\/schema\/logo\/image\/"},"sameAs":["https:\/\/www.facebook.com\/webdotn","https:\/\/x.com\/webdo_tn"],"description":"Webdo est un m\u00e9dia num\u00e9rique tunisien fond\u00e9 en 2010, sp\u00e9cialis\u00e9 dans l\u2019actualit\u00e9 nationale et internationale, l\u2019\u00e9conomie, la soci\u00e9t\u00e9 et les analyses politiques. Le site s\u2019adresse \u00e0 un large public francophone et couvre l\u2019information tunisienne en temps r\u00e9el.","email":"redac@webdo.tn","legalName":"YNJ SARL","foundingDate":"2010-09-06","numberOfEmployees":{"@type":"QuantitativeValue","minValue":"11","maxValue":"50"}},{"@type":"Person","@id":"https:\/\/www.webdo.tn\/fr\/#\/schema\/person\/8500bcb8714aee00d99d4d6903fd06d7","name":"MC","image":{"@type":"ImageObject","inLanguage":"fr-FR","@id":"https:\/\/secure.gravatar.com\/avatar\/f608b47029e05639bee9b2fbeb496b6e3ad71093a5aabff97eea23a99d75ad8e?s=96&d=mm&r=g","url":"https:\/\/secure.gravatar.com\/avatar\/f608b47029e05639bee9b2fbeb496b6e3ad71093a5aabff97eea23a99d75ad8e?s=96&d=mm&r=g","contentUrl":"https:\/\/secure.gravatar.com\/avatar\/f608b47029e05639bee9b2fbeb496b6e3ad71093a5aabff97eea23a99d75ad8e?s=96&d=mm&r=g","caption":"MC"},"url":"https:\/\/www.webdo.tn\/fr\/actualite\/author\/mc-6\/"}]}},"_links":{"self":[{"href":"https:\/\/www.webdo.tn\/fr\/wp-json\/wp\/v2\/posts\/221942","targetHints":{"allow":["GET"]}}],"collection":[{"href":"https:\/\/www.webdo.tn\/fr\/wp-json\/wp\/v2\/posts"}],"about":[{"href":"https:\/\/www.webdo.tn\/fr\/wp-json\/wp\/v2\/types\/post"}],"author":[{"embeddable":true,"href":"https:\/\/www.webdo.tn\/fr\/wp-json\/wp\/v2\/users\/5338"}],"replies":[{"embeddable":true,"href":"https:\/\/www.webdo.tn\/fr\/wp-json\/wp\/v2\/comments?post=221942"}],"version-history":[{"count":0,"href":"https:\/\/www.webdo.tn\/fr\/wp-json\/wp\/v2\/posts\/221942\/revisions"}],"wp:featuredmedia":[{"embeddable":true,"href":"https:\/\/www.webdo.tn\/fr\/wp-json\/wp\/v2\/media\/376432"}],"wp:attachment":[{"href":"https:\/\/www.webdo.tn\/fr\/wp-json\/wp\/v2\/media?parent=221942"}],"wp:term":[{"taxonomy":"category","embeddable":true,"href":"https:\/\/www.webdo.tn\/fr\/wp-json\/wp\/v2\/categories?post=221942"},{"taxonomy":"post_tag","embeddable":true,"href":"https:\/\/www.webdo.tn\/fr\/wp-json\/wp\/v2\/tags?post=221942"}],"curies":[{"name":"wp","href":"https:\/\/api.w.org\/{rel}","templated":true}]}}