{"id":221933,"date":"2025-05-13T10:19:00","date_gmt":"2025-05-13T10:19:00","guid":{"rendered":"https:\/\/www.webdo.tn\/fr\/actualite\/blog\/fermeture-des-postes-frontaliers-entre-la-tunisie-et-la-libye\/221933\/"},"modified":"2025-05-13T10:19:00","modified_gmt":"2025-05-13T10:19:00","slug":"fermeture-des-postes-frontaliers-entre-la-tunisie-et-la-libye","status":"publish","type":"post","link":"https:\/\/www.webdo.tn\/fr\/actualite\/national\/fermeture-des-postes-frontaliers-entre-la-tunisie-et-la-libye\/221933\/","title":{"rendered":"Fermeture des postes frontaliers entre la Tunisie et la Libye"},"content":{"rendered":"<p>Les autorit\u00e9s libyennes ont ferm\u00e9, depuis la nuit du lundi 12 mai 2025, les postes frontaliers avec la Tunisie, \u00e0 savoir le poste de Dhehiba et celui de Ras Jedir, pour les entr\u00e9es et sorties, et ce, jusqu&rsquo;\u00e0 nouvel ordre.<\/p>\n<p>Cette d\u00e9cision libyenne intervient \u00e0 la suite des tensions survenues dans la capitale Tripoli, qui ont abouti \u00e0 la mort d\u2019Abdel Ghani Al-Kikli, leader de l\u2019Appareil de soutien \u00e0 la stabilit\u00e9 (SSA), un puissant groupe arm\u00e9 du quartier d\u2019Abou Slim, dans le sud de la capitale,<\/p>\n<p>Des affrontements violents ont eu lieu \u00e0 Tripoli entre des milices rivales provenant de Misrata et d&rsquo;autres affili\u00e9es \u00e0 la r\u00e9gion d&rsquo;Abou Slim, en p\u00e9riph\u00e9rie de la capitale libyenne.<\/p>\n<p>L&rsquo;ambassade de Tunisie \u00e0 Tripoli a appel\u00e9 la communaut\u00e9 tunisienne \u00e0 rester chez elle et \u00e0 faire preuve d&rsquo;une vigilance extr\u00eame.<\/p>\n","protected":false},"excerpt":{"rendered":"<p>Les autorit\u00e9s libyennes ont ferm\u00e9 les postes frontaliers de Dhehiba et Ras Jedir avec la Tunisie suite aux tensions \u00e0 Tripoli et \u00e0 la mort d&rsquo;Abdel Ghani Al-Kikl&#8230;<\/p>\n","protected":false},"author":3162,"featured_media":376276,"comment_status":"open","ping_status":"closed","sticky":false,"template":"","format":"standard","meta":{"footnotes":""},"categories":[44],"tags":[3496,3279,5865,3860,2608],"class_list":["post-221933","post","type-post","status-publish","format-standard","has-post-thumbnail","hentry","category-national","tag-affrontements","tag-libye","tag-poste-frontalier","tag-tension","tag-tunisie"],"yoast_head":"<!-- This site is optimized with the Yoast SEO Premium plugin v27.4 (Yoast SEO v27.4) - https:\/\/yoast.com\/product\/yoast-seo-premium-wordpress\/ -->\n<title>Fermeture des postes frontaliers entre la Tunisie et la Libye<\/title>\n<meta name=\"description\" content=\"Les autorit\u00e9s libyennes ont ferm\u00e9 les postes frontaliers de Dhehiba et Ras Jedir avec la Tunisie suite aux tensions \u00e0 Tripoli et \u00e0 la mort d&#039;Abdel Ghani Al-Kikl...\" \/>\n<link rel=\"canonical\" href=\"https:\/\/www.webdo.tn\/fr\/actualite\/national\/fermeture-des-postes-frontaliers-entre-la-tunisie-et-la-libye\/221933\/\" \/>\n<meta property=\"og:locale\" content=\"fr_FR\" \/>\n<meta property=\"og:type\" content=\"article\" \/>\n<meta property=\"og:title\" content=\"Fermeture des postes frontaliers entre la Tunisie et la Libye\" \/>\n<meta property=\"og:description\" content=\"Les autorit\u00e9s libyennes ont ferm\u00e9 les postes frontaliers de Dhehiba et Ras Jedir avec la Tunisie suite aux tensions \u00e0 Tripoli et \u00e0 la mort d&#039;Abdel Ghani Al-Kikl...\" \/>\n<meta property=\"og:url\" content=\"https:\/\/www.webdo.tn\/fr\/actualite\/national\/fermeture-des-postes-frontaliers-entre-la-tunisie-et-la-libye\/221933\/\" \/>\n<meta property=\"og:site_name\" content=\"webdo\" \/>\n<meta property=\"article:publisher\" content=\"https:\/\/www.facebook.com\/webdotn\" \/>\n<meta property=\"article:published_time\" content=\"2025-05-13T10:19:00+00:00\" \/>\n<meta property=\"og:image\" content=\"https:\/\/www.webdo.tn\/fr\/wp-content\/uploads\/2025\/05\/bafd0ca8987263d2c7fa51713ccd56dc.webp\" \/>\n\t<meta property=\"og:image:width\" content=\"750\" \/>\n\t<meta property=\"og:image:height\" content=\"400\" \/>\n\t<meta property=\"og:image:type\" content=\"image\/webp\" \/>\n<meta name=\"author\" content=\"MC\" \/>\n<meta name=\"twitter:card\" content=\"summary_large_image\" \/>\n<meta name=\"twitter:creator\" content=\"@webdo_tn\" \/>\n<meta name=\"twitter:site\" content=\"@webdo_tn\" \/>\n<meta name=\"twitter:label1\" content=\"\u00c9crit par\" \/>\n\t<meta name=\"twitter:data1\" content=\"MC\" \/>\n\t<meta name=\"twitter:label2\" content=\"Dur\u00e9e de lecture estim\u00e9e\" \/>\n\t<meta name=\"twitter:data2\" content=\"1 minute\" \/>\n<script type=\"application\/ld+json\" class=\"yoast-schema-graph\">{\"@context\":\"https:\\\/\\\/schema.org\",\"@graph\":[{\"@type\":\"NewsArticle\",\"@id\":\"https:\\\/\\\/www.webdo.tn\\\/fr\\\/actualite\\\/national\\\/fermeture-des-postes-frontaliers-entre-la-tunisie-et-la-libye\\\/221933\\\/#article\",\"isPartOf\":{\"@id\":\"https:\\\/\\\/www.webdo.tn\\\/fr\\\/actualite\\\/national\\\/fermeture-des-postes-frontaliers-entre-la-tunisie-et-la-libye\\\/221933\\\/\"},\"author\":{\"name\":\"MC\",\"@id\":\"https:\\\/\\\/www.webdo.tn\\\/fr\\\/#\\\/schema\\\/person\\\/2c4929cbf5a809e3bd38617c6ce150f6\"},\"headline\":\"Fermeture des postes frontaliers entre la Tunisie et la Libye\",\"datePublished\":\"2025-05-13T10:19:00+00:00\",\"mainEntityOfPage\":{\"@id\":\"https:\\\/\\\/www.webdo.tn\\\/fr\\\/actualite\\\/national\\\/fermeture-des-postes-frontaliers-entre-la-tunisie-et-la-libye\\\/221933\\\/\"},\"wordCount\":150,\"commentCount\":0,\"publisher\":{\"@id\":\"https:\\\/\\\/www.webdo.tn\\\/fr\\\/#organization\"},\"image\":{\"@id\":\"https:\\\/\\\/www.webdo.tn\\\/fr\\\/actualite\\\/national\\\/fermeture-des-postes-frontaliers-entre-la-tunisie-et-la-libye\\\/221933\\\/#primaryimage\"},\"thumbnailUrl\":\"https:\\\/\\\/www.webdo.tn\\\/fr\\\/wp-content\\\/uploads\\\/2025\\\/05\\\/bafd0ca8987263d2c7fa51713ccd56dc.webp\",\"keywords\":[\"Affrontements\",\"Libye\",\"poste frontalier\",\"tension\",\"Tunisie\"],\"articleSection\":[\"National\"],\"inLanguage\":\"fr-FR\"},{\"@type\":\"WebPage\",\"@id\":\"https:\\\/\\\/www.webdo.tn\\\/fr\\\/actualite\\\/national\\\/fermeture-des-postes-frontaliers-entre-la-tunisie-et-la-libye\\\/221933\\\/\",\"url\":\"https:\\\/\\\/www.webdo.tn\\\/fr\\\/actualite\\\/national\\\/fermeture-des-postes-frontaliers-entre-la-tunisie-et-la-libye\\\/221933\\\/\",\"name\":\"Fermeture des postes frontaliers entre la Tunisie et la Libye\",\"isPartOf\":{\"@id\":\"https:\\\/\\\/www.webdo.tn\\\/fr\\\/#website\"},\"primaryImageOfPage\":{\"@id\":\"https:\\\/\\\/www.webdo.tn\\\/fr\\\/actualite\\\/national\\\/fermeture-des-postes-frontaliers-entre-la-tunisie-et-la-libye\\\/221933\\\/#primaryimage\"},\"image\":{\"@id\":\"https:\\\/\\\/www.webdo.tn\\\/fr\\\/actualite\\\/national\\\/fermeture-des-postes-frontaliers-entre-la-tunisie-et-la-libye\\\/221933\\\/#primaryimage\"},\"thumbnailUrl\":\"https:\\\/\\\/www.webdo.tn\\\/fr\\\/wp-content\\\/uploads\\\/2025\\\/05\\\/bafd0ca8987263d2c7fa51713ccd56dc.webp\",\"datePublished\":\"2025-05-13T10:19:00+00:00\",\"description\":\"Les autorit\u00e9s libyennes ont ferm\u00e9 les postes frontaliers de Dhehiba et Ras Jedir avec la Tunisie suite aux tensions \u00e0 Tripoli et \u00e0 la mort d'Abdel Ghani Al-Kikl...\",\"breadcrumb\":{\"@id\":\"https:\\\/\\\/www.webdo.tn\\\/fr\\\/actualite\\\/national\\\/fermeture-des-postes-frontaliers-entre-la-tunisie-et-la-libye\\\/221933\\\/#breadcrumb\"},\"inLanguage\":\"fr-FR\",\"potentialAction\":[{\"@type\":\"ReadAction\",\"target\":[\"https:\\\/\\\/www.webdo.tn\\\/fr\\\/actualite\\\/national\\\/fermeture-des-postes-frontaliers-entre-la-tunisie-et-la-libye\\\/221933\\\/\"]}]},{\"@type\":\"ImageObject\",\"inLanguage\":\"fr-FR\",\"@id\":\"https:\\\/\\\/www.webdo.tn\\\/fr\\\/actualite\\\/national\\\/fermeture-des-postes-frontaliers-entre-la-tunisie-et-la-libye\\\/221933\\\/#primaryimage\",\"url\":\"https:\\\/\\\/www.webdo.tn\\\/fr\\\/wp-content\\\/uploads\\\/2025\\\/05\\\/bafd0ca8987263d2c7fa51713ccd56dc.webp\",\"contentUrl\":\"https:\\\/\\\/www.webdo.tn\\\/fr\\\/wp-content\\\/uploads\\\/2025\\\/05\\\/bafd0ca8987263d2c7fa51713ccd56dc.webp\",\"width\":750,\"height\":400,\"caption\":\"Fermeture des postes frontaliers entre la Tunisie et la Libye\"},{\"@type\":\"BreadcrumbList\",\"@id\":\"https:\\\/\\\/www.webdo.tn\\\/fr\\\/actualite\\\/national\\\/fermeture-des-postes-frontaliers-entre-la-tunisie-et-la-libye\\\/221933\\\/#breadcrumb\",\"itemListElement\":[{\"@type\":\"ListItem\",\"position\":1,\"name\":\"Accueil\",\"item\":\"https:\\\/\\\/www.webdo.tn\\\/fr\\\/\"},{\"@type\":\"ListItem\",\"position\":2,\"name\":\"Fermeture des postes frontaliers entre la Tunisie et la Libye\"}]},{\"@type\":\"WebSite\",\"@id\":\"https:\\\/\\\/www.webdo.tn\\\/fr\\\/#website\",\"url\":\"https:\\\/\\\/www.webdo.tn\\\/fr\\\/\",\"name\":\"webdo\",\"description\":\"Tunisie - News en Tunisie et \u00e0 l&#039;international sur Webdo.tn\",\"publisher\":{\"@id\":\"https:\\\/\\\/www.webdo.tn\\\/fr\\\/#organization\"},\"potentialAction\":[{\"@type\":\"SearchAction\",\"target\":{\"@type\":\"EntryPoint\",\"urlTemplate\":\"https:\\\/\\\/www.webdo.tn\\\/fr\\\/?s={search_term_string}\"},\"query-input\":{\"@type\":\"PropertyValueSpecification\",\"valueRequired\":true,\"valueName\":\"search_term_string\"}}],\"inLanguage\":\"fr-FR\"},{\"@type\":\"Organization\",\"@id\":\"https:\\\/\\\/www.webdo.tn\\\/fr\\\/#organization\",\"name\":\"Webdo\",\"alternateName\":\"Webdo.tn\",\"url\":\"https:\\\/\\\/www.webdo.tn\\\/fr\\\/\",\"logo\":{\"@type\":\"ImageObject\",\"inLanguage\":\"fr-FR\",\"@id\":\"https:\\\/\\\/www.webdo.tn\\\/fr\\\/#\\\/schema\\\/logo\\\/image\\\/\",\"url\":\"https:\\\/\\\/www.webdo.tn\\\/fr\\\/wp-content\\\/uploads\\\/2025\\\/06\\\/Webdo-Tunisie_168377.jpg\",\"contentUrl\":\"https:\\\/\\\/www.webdo.tn\\\/fr\\\/wp-content\\\/uploads\\\/2025\\\/06\\\/Webdo-Tunisie_168377.jpg\",\"width\":301,\"height\":301,\"caption\":\"Webdo\"},\"image\":{\"@id\":\"https:\\\/\\\/www.webdo.tn\\\/fr\\\/#\\\/schema\\\/logo\\\/image\\\/\"},\"sameAs\":[\"https:\\\/\\\/www.facebook.com\\\/webdotn\",\"https:\\\/\\\/x.com\\\/webdo_tn\"],\"description\":\"Webdo est un m\u00e9dia num\u00e9rique tunisien fond\u00e9 en 2010, sp\u00e9cialis\u00e9 dans l\u2019actualit\u00e9 nationale et internationale, l\u2019\u00e9conomie, la soci\u00e9t\u00e9 et les analyses politiques. Le site s\u2019adresse \u00e0 un large public francophone et couvre l\u2019information tunisienne en temps r\u00e9el.\",\"email\":\"redac@webdo.tn\",\"legalName\":\"YNJ SARL\",\"foundingDate\":\"2010-09-06\",\"numberOfEmployees\":{\"@type\":\"QuantitativeValue\",\"minValue\":\"11\",\"maxValue\":\"50\"}},{\"@type\":\"Person\",\"@id\":\"https:\\\/\\\/www.webdo.tn\\\/fr\\\/#\\\/schema\\\/person\\\/2c4929cbf5a809e3bd38617c6ce150f6\",\"name\":\"MC\",\"image\":{\"@type\":\"ImageObject\",\"inLanguage\":\"fr-FR\",\"@id\":\"https:\\\/\\\/secure.gravatar.com\\\/avatar\\\/a545bbb6f84efdd5553dbbc2895e3ca8f1d12c5215e00a041c9670b54aa9b18a?s=96&d=mm&r=g\",\"url\":\"https:\\\/\\\/secure.gravatar.com\\\/avatar\\\/a545bbb6f84efdd5553dbbc2895e3ca8f1d12c5215e00a041c9670b54aa9b18a?s=96&d=mm&r=g\",\"contentUrl\":\"https:\\\/\\\/secure.gravatar.com\\\/avatar\\\/a545bbb6f84efdd5553dbbc2895e3ca8f1d12c5215e00a041c9670b54aa9b18a?s=96&d=mm&r=g\",\"caption\":\"MC\"},\"url\":\"https:\\\/\\\/www.webdo.tn\\\/fr\\\/actualite\\\/author\\\/mc\\\/\"}]}<\/script>\n<!-- \/ Yoast SEO Premium plugin. -->","yoast_head_json":{"title":"Fermeture des postes frontaliers entre la Tunisie et la Libye","description":"Les autorit\u00e9s libyennes ont ferm\u00e9 les postes frontaliers de Dhehiba et Ras Jedir avec la Tunisie suite aux tensions \u00e0 Tripoli et \u00e0 la mort d'Abdel Ghani Al-Kikl...","canonical":"https:\/\/www.webdo.tn\/fr\/actualite\/national\/fermeture-des-postes-frontaliers-entre-la-tunisie-et-la-libye\/221933\/","og_locale":"fr_FR","og_type":"article","og_title":"Fermeture des postes frontaliers entre la Tunisie et la Libye","og_description":"Les autorit\u00e9s libyennes ont ferm\u00e9 les postes frontaliers de Dhehiba et Ras Jedir avec la Tunisie suite aux tensions \u00e0 Tripoli et \u00e0 la mort d'Abdel Ghani Al-Kikl...","og_url":"https:\/\/www.webdo.tn\/fr\/actualite\/national\/fermeture-des-postes-frontaliers-entre-la-tunisie-et-la-libye\/221933\/","og_site_name":"webdo","article_publisher":"https:\/\/www.facebook.com\/webdotn","article_published_time":"2025-05-13T10:19:00+00:00","og_image":[{"width":750,"height":400,"url":"https:\/\/www.webdo.tn\/fr\/wp-content\/uploads\/2025\/05\/bafd0ca8987263d2c7fa51713ccd56dc.webp","type":"image\/webp"}],"author":"MC","twitter_card":"summary_large_image","twitter_creator":"@webdo_tn","twitter_site":"@webdo_tn","twitter_misc":{"\u00c9crit par":"MC","Dur\u00e9e de lecture estim\u00e9e":"1 minute"},"schema":{"@context":"https:\/\/schema.org","@graph":[{"@type":"NewsArticle","@id":"https:\/\/www.webdo.tn\/fr\/actualite\/national\/fermeture-des-postes-frontaliers-entre-la-tunisie-et-la-libye\/221933\/#article","isPartOf":{"@id":"https:\/\/www.webdo.tn\/fr\/actualite\/national\/fermeture-des-postes-frontaliers-entre-la-tunisie-et-la-libye\/221933\/"},"author":{"name":"MC","@id":"https:\/\/www.webdo.tn\/fr\/#\/schema\/person\/2c4929cbf5a809e3bd38617c6ce150f6"},"headline":"Fermeture des postes frontaliers entre la Tunisie et la Libye","datePublished":"2025-05-13T10:19:00+00:00","mainEntityOfPage":{"@id":"https:\/\/www.webdo.tn\/fr\/actualite\/national\/fermeture-des-postes-frontaliers-entre-la-tunisie-et-la-libye\/221933\/"},"wordCount":150,"commentCount":0,"publisher":{"@id":"https:\/\/www.webdo.tn\/fr\/#organization"},"image":{"@id":"https:\/\/www.webdo.tn\/fr\/actualite\/national\/fermeture-des-postes-frontaliers-entre-la-tunisie-et-la-libye\/221933\/#primaryimage"},"thumbnailUrl":"https:\/\/www.webdo.tn\/fr\/wp-content\/uploads\/2025\/05\/bafd0ca8987263d2c7fa51713ccd56dc.webp","keywords":["Affrontements","Libye","poste frontalier","tension","Tunisie"],"articleSection":["National"],"inLanguage":"fr-FR"},{"@type":"WebPage","@id":"https:\/\/www.webdo.tn\/fr\/actualite\/national\/fermeture-des-postes-frontaliers-entre-la-tunisie-et-la-libye\/221933\/","url":"https:\/\/www.webdo.tn\/fr\/actualite\/national\/fermeture-des-postes-frontaliers-entre-la-tunisie-et-la-libye\/221933\/","name":"Fermeture des postes frontaliers entre la Tunisie et la Libye","isPartOf":{"@id":"https:\/\/www.webdo.tn\/fr\/#website"},"primaryImageOfPage":{"@id":"https:\/\/www.webdo.tn\/fr\/actualite\/national\/fermeture-des-postes-frontaliers-entre-la-tunisie-et-la-libye\/221933\/#primaryimage"},"image":{"@id":"https:\/\/www.webdo.tn\/fr\/actualite\/national\/fermeture-des-postes-frontaliers-entre-la-tunisie-et-la-libye\/221933\/#primaryimage"},"thumbnailUrl":"https:\/\/www.webdo.tn\/fr\/wp-content\/uploads\/2025\/05\/bafd0ca8987263d2c7fa51713ccd56dc.webp","datePublished":"2025-05-13T10:19:00+00:00","description":"Les autorit\u00e9s libyennes ont ferm\u00e9 les postes frontaliers de Dhehiba et Ras Jedir avec la Tunisie suite aux tensions \u00e0 Tripoli et \u00e0 la mort d'Abdel Ghani Al-Kikl...","breadcrumb":{"@id":"https:\/\/www.webdo.tn\/fr\/actualite\/national\/fermeture-des-postes-frontaliers-entre-la-tunisie-et-la-libye\/221933\/#breadcrumb"},"inLanguage":"fr-FR","potentialAction":[{"@type":"ReadAction","target":["https:\/\/www.webdo.tn\/fr\/actualite\/national\/fermeture-des-postes-frontaliers-entre-la-tunisie-et-la-libye\/221933\/"]}]},{"@type":"ImageObject","inLanguage":"fr-FR","@id":"https:\/\/www.webdo.tn\/fr\/actualite\/national\/fermeture-des-postes-frontaliers-entre-la-tunisie-et-la-libye\/221933\/#primaryimage","url":"https:\/\/www.webdo.tn\/fr\/wp-content\/uploads\/2025\/05\/bafd0ca8987263d2c7fa51713ccd56dc.webp","contentUrl":"https:\/\/www.webdo.tn\/fr\/wp-content\/uploads\/2025\/05\/bafd0ca8987263d2c7fa51713ccd56dc.webp","width":750,"height":400,"caption":"Fermeture des postes frontaliers entre la Tunisie et la Libye"},{"@type":"BreadcrumbList","@id":"https:\/\/www.webdo.tn\/fr\/actualite\/national\/fermeture-des-postes-frontaliers-entre-la-tunisie-et-la-libye\/221933\/#breadcrumb","itemListElement":[{"@type":"ListItem","position":1,"name":"Accueil","item":"https:\/\/www.webdo.tn\/fr\/"},{"@type":"ListItem","position":2,"name":"Fermeture des postes frontaliers entre la Tunisie et la Libye"}]},{"@type":"WebSite","@id":"https:\/\/www.webdo.tn\/fr\/#website","url":"https:\/\/www.webdo.tn\/fr\/","name":"webdo","description":"Tunisie - News en Tunisie et \u00e0 l&#039;international sur Webdo.tn","publisher":{"@id":"https:\/\/www.webdo.tn\/fr\/#organization"},"potentialAction":[{"@type":"SearchAction","target":{"@type":"EntryPoint","urlTemplate":"https:\/\/www.webdo.tn\/fr\/?s={search_term_string}"},"query-input":{"@type":"PropertyValueSpecification","valueRequired":true,"valueName":"search_term_string"}}],"inLanguage":"fr-FR"},{"@type":"Organization","@id":"https:\/\/www.webdo.tn\/fr\/#organization","name":"Webdo","alternateName":"Webdo.tn","url":"https:\/\/www.webdo.tn\/fr\/","logo":{"@type":"ImageObject","inLanguage":"fr-FR","@id":"https:\/\/www.webdo.tn\/fr\/#\/schema\/logo\/image\/","url":"https:\/\/www.webdo.tn\/fr\/wp-content\/uploads\/2025\/06\/Webdo-Tunisie_168377.jpg","contentUrl":"https:\/\/www.webdo.tn\/fr\/wp-content\/uploads\/2025\/06\/Webdo-Tunisie_168377.jpg","width":301,"height":301,"caption":"Webdo"},"image":{"@id":"https:\/\/www.webdo.tn\/fr\/#\/schema\/logo\/image\/"},"sameAs":["https:\/\/www.facebook.com\/webdotn","https:\/\/x.com\/webdo_tn"],"description":"Webdo est un m\u00e9dia num\u00e9rique tunisien fond\u00e9 en 2010, sp\u00e9cialis\u00e9 dans l\u2019actualit\u00e9 nationale et internationale, l\u2019\u00e9conomie, la soci\u00e9t\u00e9 et les analyses politiques. Le site s\u2019adresse \u00e0 un large public francophone et couvre l\u2019information tunisienne en temps r\u00e9el.","email":"redac@webdo.tn","legalName":"YNJ SARL","foundingDate":"2010-09-06","numberOfEmployees":{"@type":"QuantitativeValue","minValue":"11","maxValue":"50"}},{"@type":"Person","@id":"https:\/\/www.webdo.tn\/fr\/#\/schema\/person\/2c4929cbf5a809e3bd38617c6ce150f6","name":"MC","image":{"@type":"ImageObject","inLanguage":"fr-FR","@id":"https:\/\/secure.gravatar.com\/avatar\/a545bbb6f84efdd5553dbbc2895e3ca8f1d12c5215e00a041c9670b54aa9b18a?s=96&d=mm&r=g","url":"https:\/\/secure.gravatar.com\/avatar\/a545bbb6f84efdd5553dbbc2895e3ca8f1d12c5215e00a041c9670b54aa9b18a?s=96&d=mm&r=g","contentUrl":"https:\/\/secure.gravatar.com\/avatar\/a545bbb6f84efdd5553dbbc2895e3ca8f1d12c5215e00a041c9670b54aa9b18a?s=96&d=mm&r=g","caption":"MC"},"url":"https:\/\/www.webdo.tn\/fr\/actualite\/author\/mc\/"}]}},"_links":{"self":[{"href":"https:\/\/www.webdo.tn\/fr\/wp-json\/wp\/v2\/posts\/221933","targetHints":{"allow":["GET"]}}],"collection":[{"href":"https:\/\/www.webdo.tn\/fr\/wp-json\/wp\/v2\/posts"}],"about":[{"href":"https:\/\/www.webdo.tn\/fr\/wp-json\/wp\/v2\/types\/post"}],"author":[{"embeddable":true,"href":"https:\/\/www.webdo.tn\/fr\/wp-json\/wp\/v2\/users\/3162"}],"replies":[{"embeddable":true,"href":"https:\/\/www.webdo.tn\/fr\/wp-json\/wp\/v2\/comments?post=221933"}],"version-history":[{"count":0,"href":"https:\/\/www.webdo.tn\/fr\/wp-json\/wp\/v2\/posts\/221933\/revisions"}],"wp:featuredmedia":[{"embeddable":true,"href":"https:\/\/www.webdo.tn\/fr\/wp-json\/wp\/v2\/media\/376276"}],"wp:attachment":[{"href":"https:\/\/www.webdo.tn\/fr\/wp-json\/wp\/v2\/media?parent=221933"}],"wp:term":[{"taxonomy":"category","embeddable":true,"href":"https:\/\/www.webdo.tn\/fr\/wp-json\/wp\/v2\/categories?post=221933"},{"taxonomy":"post_tag","embeddable":true,"href":"https:\/\/www.webdo.tn\/fr\/wp-json\/wp\/v2\/tags?post=221933"}],"curies":[{"name":"wp","href":"https:\/\/api.w.org\/{rel}","templated":true}]}}