{"id":221929,"date":"2025-05-13T09:45:00","date_gmt":"2025-05-13T09:45:00","guid":{"rendered":"https:\/\/www.webdo.tn\/fr\/blog\/tunisie-le-sort-est-il-scelle-pour-tunis-carthage\/221929\/"},"modified":"2025-05-20T22:23:37","modified_gmt":"2025-05-20T22:23:37","slug":"tunisie-le-sort-est-il-scelle-pour-tunis-carthage","status":"publish","type":"post","link":"https:\/\/www.webdo.tn\/fr\/actualite\/national\/tunisie-le-sort-est-il-scelle-pour-tunis-carthage\/221929\/","title":{"rendered":"Tunisie : Le sort est-il scell\u00e9 pour Tunis-Carthage ?"},"content":{"rendered":"<p>Le sort de l\u2019a\u00e9roport international de Tunis-Carthage est d\u00e9sormais fix\u00e9. Apr\u00e8s des ann\u00e9es de sp\u00e9culations, de rapports techniques et d&rsquo;annonces contradictoires sur un \u00e9ventuel d\u00e9placement ou une extension majeure, le pr\u00e9sident de la R\u00e9publique a mis fin au suspense : l\u2019a\u00e9roport restera \u00e0 son emplacement actuel.<\/p>\n<p>\t\t\t\t\t\t\t\t\tCette annonce, faite hier, enterre d\u00e9finitivement l\u2019id\u00e9e d\u2019un transfert de l\u2019a\u00e9roport vers une zone moins urbaine, comme cela avait \u00e9t\u00e9 envisag\u00e9 par plusieurs gouvernements successifs depuis plus d\u2019une d\u00e9cennie. La saturation de l\u2019infrastructure, enclav\u00e9e au c\u0153ur d\u2019un tissu urbain dense, avait pourtant aliment\u00e9 le d\u00e9bat sur sa relocalisation.\u00a0<\/p>\n<p>Certains experts plaidaient pour une solution ambitieuse : construire un nouvel a\u00e9roport international loin du centre de Tunis, dans une zone mieux connect\u00e9e aux axes de d\u00e9veloppement du pays.<\/p>\n<p>Tunis-Carthage, principal a\u00e9roport du pays, concentre une grande partie du trafic a\u00e9rien national. Construit dans les ann\u00e9es 1940, il peine \u00e0 r\u00e9pondre aux exigences du trafic moderne, tant en termes de capacit\u00e9 que de logistique. En 2023, il avait accueilli plus de 6 millions de passagers, fr\u00f4lant ses limites op\u00e9rationnelles.<\/p>\n<p>Une d\u00e9cision politique et symbolique<\/p>\n<p>Le site est souvent point\u00e9 du doigt pour ses retards, ses difficult\u00e9s d\u2019accueil et ses possibilit\u00e9s limit\u00e9es d\u2019expansion en raison de sa proximit\u00e9 imm\u00e9diate avec la ville. Des rapports successifs avaient \u00e9voqu\u00e9 l\u2019impossibilit\u00e9 d\u2019\u00e9largir les pistes ou d\u2019am\u00e9nager des zones de fret, sans provoquer de lourdes cons\u00e9quences urbanistiques ou environnementales.<\/p>\n<p>\u00ab L\u2019a\u00e9roport de Tunis-Carthage ne sera pas d\u00e9plac\u00e9 \u00bb, a tranch\u00e9 le chef de l\u2019\u00c9tat. Pour les partisans du maintien, cette d\u00e9cision est per\u00e7ue comme une mani\u00e8re de pr\u00e9server l\u2019histoire et la symbolique du lieu, porte d\u2019entr\u00e9e de la capitale et de l\u2019\u00c9tat. Mais elle suscite aussi des interrogations sur l\u2019avenir de la gestion des flux a\u00e9riens et sur la vision \u00e0 long terme du pays en mati\u00e8re d\u2019infrastructures de transport.<\/p>\n<p>Et maintenant ?<\/p>\n<p>Le maintien de l\u2019a\u00e9roport \u00e0 sa position actuelle oblige les autorit\u00e9s \u00e0 envisager des travaux de r\u00e9habilitation lourds. Une modernisation des terminaux, un renforcement des services au sol, et une meilleure connexion avec les r\u00e9seaux de transport urbain sont d\u00e9sormais des priorit\u00e9s incontournables. \u00c0 d\u00e9faut d\u2019un nouvel a\u00e9roport, c\u2019est toute la logistique autour de Tunis-Carthage qu\u2019il faudra repenser pour \u00e9viter l\u2019asphyxie.<\/p>\n<p>Cette annonce intervient alors que la Tunisie cherche \u00e0 relancer son attractivit\u00e9 touristique et \u00e9conomique. Si certains y voient un choix pragmatique compte tenu des contraintes budg\u00e9taires du pays, d\u2019autres regrettent un manque de vision pour les d\u00e9cennies \u00e0 venir.<\/p>\n","protected":false},"excerpt":{"rendered":"<p>Apr\u00e8s des ann\u00e9es de d\u00e9bats sur son \u00e9ventuel d\u00e9placement, l\u2019a\u00e9roport de Tunis-Carthage restera finalement \u00e0 son emplacement actuel. Une d\u00e9cision pr\u00e9sidentielle q&#8230;<\/p>\n","protected":false},"author":3163,"featured_media":301819,"comment_status":"open","ping_status":"closed","sticky":false,"template":"","format":"standard","meta":{"footnotes":""},"categories":[44],"tags":[3974,3458,2608],"class_list":["post-221929","post","type-post","status-publish","format-standard","has-post-thumbnail","hentry","category-national","tag-aeroport","tag-tunis-carthage","tag-tunisie"],"yoast_head":"<!-- This site is optimized with the Yoast SEO Premium plugin v27.5 (Yoast SEO v27.5) - https:\/\/yoast.com\/product\/yoast-seo-premium-wordpress\/ -->\n<title>Tunisie : Le sort est-il scell\u00e9 pour Tunis-Carthage ?<\/title>\n<meta name=\"description\" content=\"Apr\u00e8s des ann\u00e9es de d\u00e9bats sur son \u00e9ventuel d\u00e9placement, l\u2019a\u00e9roport de Tunis-Carthage restera finalement \u00e0 son emplacement actuel. Une d\u00e9cision pr\u00e9sidentielle q...\" \/>\n<link rel=\"canonical\" href=\"https:\/\/www.webdo.tn\/fr\/actualite\/national\/tunisie-le-sort-est-il-scelle-pour-tunis-carthage\/221929\/\" \/>\n<meta property=\"og:locale\" content=\"fr_FR\" \/>\n<meta property=\"og:type\" content=\"article\" \/>\n<meta property=\"og:title\" content=\"Tunisie : Le sort est-il scell\u00e9 pour Tunis-Carthage ?\" \/>\n<meta property=\"og:description\" content=\"Apr\u00e8s des ann\u00e9es de d\u00e9bats sur son \u00e9ventuel d\u00e9placement, l\u2019a\u00e9roport de Tunis-Carthage restera finalement \u00e0 son emplacement actuel. Une d\u00e9cision pr\u00e9sidentielle q...\" \/>\n<meta property=\"og:url\" content=\"https:\/\/www.webdo.tn\/fr\/actualite\/national\/tunisie-le-sort-est-il-scelle-pour-tunis-carthage\/221929\/\" \/>\n<meta property=\"og:site_name\" content=\"webdo\" \/>\n<meta property=\"article:publisher\" content=\"https:\/\/www.facebook.com\/webdotn\" \/>\n<meta property=\"article:published_time\" content=\"2025-05-13T09:45:00+00:00\" \/>\n<meta property=\"article:modified_time\" content=\"2025-05-20T22:23:37+00:00\" \/>\n<meta property=\"og:image\" content=\"https:\/\/www.webdo.tn\/fr\/wp-content\/uploads\/2025\/05\/b6f3f8490cd300a0afaac0e621f67a62.webp\" \/>\n\t<meta property=\"og:image:width\" content=\"750\" \/>\n\t<meta property=\"og:image:height\" content=\"400\" \/>\n\t<meta property=\"og:image:type\" content=\"image\/webp\" \/>\n<meta name=\"author\" content=\"KJ\" \/>\n<meta name=\"twitter:card\" content=\"summary_large_image\" \/>\n<meta name=\"twitter:creator\" content=\"@webdo_tn\" \/>\n<meta name=\"twitter:site\" content=\"@webdo_tn\" \/>\n<meta name=\"twitter:label1\" content=\"\u00c9crit par\" \/>\n\t<meta name=\"twitter:data1\" content=\"KJ\" \/>\n\t<meta name=\"twitter:label2\" content=\"Dur\u00e9e de lecture estim\u00e9e\" \/>\n\t<meta name=\"twitter:data2\" content=\"2 minutes\" \/>\n<script type=\"application\/ld+json\" class=\"yoast-schema-graph\">{\"@context\":\"https:\\\/\\\/schema.org\",\"@graph\":[{\"@type\":\"NewsArticle\",\"@id\":\"https:\\\/\\\/www.webdo.tn\\\/fr\\\/actualite\\\/national\\\/tunisie-le-sort-est-il-scelle-pour-tunis-carthage\\\/221929\\\/#article\",\"isPartOf\":{\"@id\":\"https:\\\/\\\/www.webdo.tn\\\/fr\\\/actualite\\\/national\\\/tunisie-le-sort-est-il-scelle-pour-tunis-carthage\\\/221929\\\/\"},\"author\":{\"name\":\"KJ\",\"@id\":\"https:\\\/\\\/www.webdo.tn\\\/fr\\\/#\\\/schema\\\/person\\\/82ca085b22037d285e1a3c4b65ba5f71\"},\"headline\":\"Tunisie : Le sort est-il scell\u00e9 pour Tunis-Carthage ?\",\"datePublished\":\"2025-05-13T09:45:00+00:00\",\"dateModified\":\"2025-05-20T22:23:37+00:00\",\"mainEntityOfPage\":{\"@id\":\"https:\\\/\\\/www.webdo.tn\\\/fr\\\/actualite\\\/national\\\/tunisie-le-sort-est-il-scelle-pour-tunis-carthage\\\/221929\\\/\"},\"wordCount\":472,\"commentCount\":0,\"publisher\":{\"@id\":\"https:\\\/\\\/www.webdo.tn\\\/fr\\\/#organization\"},\"image\":{\"@id\":\"https:\\\/\\\/www.webdo.tn\\\/fr\\\/actualite\\\/national\\\/tunisie-le-sort-est-il-scelle-pour-tunis-carthage\\\/221929\\\/#primaryimage\"},\"thumbnailUrl\":\"https:\\\/\\\/www.webdo.tn\\\/fr\\\/wp-content\\\/uploads\\\/2025\\\/05\\\/b6f3f8490cd300a0afaac0e621f67a62.webp\",\"keywords\":[\"a\u00e9roport\",\"Tunis-Carthage\",\"Tunisie\"],\"articleSection\":[\"National\"],\"inLanguage\":\"fr-FR\"},{\"@type\":\"WebPage\",\"@id\":\"https:\\\/\\\/www.webdo.tn\\\/fr\\\/actualite\\\/national\\\/tunisie-le-sort-est-il-scelle-pour-tunis-carthage\\\/221929\\\/\",\"url\":\"https:\\\/\\\/www.webdo.tn\\\/fr\\\/actualite\\\/national\\\/tunisie-le-sort-est-il-scelle-pour-tunis-carthage\\\/221929\\\/\",\"name\":\"Tunisie : Le sort est-il scell\u00e9 pour Tunis-Carthage ?\",\"isPartOf\":{\"@id\":\"https:\\\/\\\/www.webdo.tn\\\/fr\\\/#website\"},\"primaryImageOfPage\":{\"@id\":\"https:\\\/\\\/www.webdo.tn\\\/fr\\\/actualite\\\/national\\\/tunisie-le-sort-est-il-scelle-pour-tunis-carthage\\\/221929\\\/#primaryimage\"},\"image\":{\"@id\":\"https:\\\/\\\/www.webdo.tn\\\/fr\\\/actualite\\\/national\\\/tunisie-le-sort-est-il-scelle-pour-tunis-carthage\\\/221929\\\/#primaryimage\"},\"thumbnailUrl\":\"https:\\\/\\\/www.webdo.tn\\\/fr\\\/wp-content\\\/uploads\\\/2025\\\/05\\\/b6f3f8490cd300a0afaac0e621f67a62.webp\",\"datePublished\":\"2025-05-13T09:45:00+00:00\",\"dateModified\":\"2025-05-20T22:23:37+00:00\",\"description\":\"Apr\u00e8s des ann\u00e9es de d\u00e9bats sur son \u00e9ventuel d\u00e9placement, l\u2019a\u00e9roport de Tunis-Carthage restera finalement \u00e0 son emplacement actuel. Une d\u00e9cision pr\u00e9sidentielle q...\",\"breadcrumb\":{\"@id\":\"https:\\\/\\\/www.webdo.tn\\\/fr\\\/actualite\\\/national\\\/tunisie-le-sort-est-il-scelle-pour-tunis-carthage\\\/221929\\\/#breadcrumb\"},\"inLanguage\":\"fr-FR\",\"potentialAction\":[{\"@type\":\"ReadAction\",\"target\":[\"https:\\\/\\\/www.webdo.tn\\\/fr\\\/actualite\\\/national\\\/tunisie-le-sort-est-il-scelle-pour-tunis-carthage\\\/221929\\\/\"]}]},{\"@type\":\"ImageObject\",\"inLanguage\":\"fr-FR\",\"@id\":\"https:\\\/\\\/www.webdo.tn\\\/fr\\\/actualite\\\/national\\\/tunisie-le-sort-est-il-scelle-pour-tunis-carthage\\\/221929\\\/#primaryimage\",\"url\":\"https:\\\/\\\/www.webdo.tn\\\/fr\\\/wp-content\\\/uploads\\\/2025\\\/05\\\/b6f3f8490cd300a0afaac0e621f67a62.webp\",\"contentUrl\":\"https:\\\/\\\/www.webdo.tn\\\/fr\\\/wp-content\\\/uploads\\\/2025\\\/05\\\/b6f3f8490cd300a0afaac0e621f67a62.webp\",\"width\":750,\"height\":400,\"caption\":\"Tunisie : Le sort est-il scell\u00e9 pour Tunis-Carthage ?\"},{\"@type\":\"BreadcrumbList\",\"@id\":\"https:\\\/\\\/www.webdo.tn\\\/fr\\\/actualite\\\/national\\\/tunisie-le-sort-est-il-scelle-pour-tunis-carthage\\\/221929\\\/#breadcrumb\",\"itemListElement\":[{\"@type\":\"ListItem\",\"position\":1,\"name\":\"Accueil\",\"item\":\"https:\\\/\\\/www.webdo.tn\\\/fr\\\/\"},{\"@type\":\"ListItem\",\"position\":2,\"name\":\"Tunisie : Le sort est-il scell\u00e9 pour Tunis-Carthage ?\"}]},{\"@type\":\"WebSite\",\"@id\":\"https:\\\/\\\/www.webdo.tn\\\/fr\\\/#website\",\"url\":\"https:\\\/\\\/www.webdo.tn\\\/fr\\\/\",\"name\":\"webdo\",\"description\":\"Tunisie - News en Tunisie et \u00e0 l&#039;international sur Webdo.tn\",\"publisher\":{\"@id\":\"https:\\\/\\\/www.webdo.tn\\\/fr\\\/#organization\"},\"potentialAction\":[{\"@type\":\"SearchAction\",\"target\":{\"@type\":\"EntryPoint\",\"urlTemplate\":\"https:\\\/\\\/www.webdo.tn\\\/fr\\\/?s={search_term_string}\"},\"query-input\":{\"@type\":\"PropertyValueSpecification\",\"valueRequired\":true,\"valueName\":\"search_term_string\"}}],\"inLanguage\":\"fr-FR\"},{\"@type\":\"Organization\",\"@id\":\"https:\\\/\\\/www.webdo.tn\\\/fr\\\/#organization\",\"name\":\"Webdo\",\"alternateName\":\"Webdo.tn\",\"url\":\"https:\\\/\\\/www.webdo.tn\\\/fr\\\/\",\"logo\":{\"@type\":\"ImageObject\",\"inLanguage\":\"fr-FR\",\"@id\":\"https:\\\/\\\/www.webdo.tn\\\/fr\\\/#\\\/schema\\\/logo\\\/image\\\/\",\"url\":\"https:\\\/\\\/www.webdo.tn\\\/fr\\\/wp-content\\\/uploads\\\/2025\\\/06\\\/Webdo-Tunisie_168377.jpg\",\"contentUrl\":\"https:\\\/\\\/www.webdo.tn\\\/fr\\\/wp-content\\\/uploads\\\/2025\\\/06\\\/Webdo-Tunisie_168377.jpg\",\"width\":301,\"height\":301,\"caption\":\"Webdo\"},\"image\":{\"@id\":\"https:\\\/\\\/www.webdo.tn\\\/fr\\\/#\\\/schema\\\/logo\\\/image\\\/\"},\"sameAs\":[\"https:\\\/\\\/www.facebook.com\\\/webdotn\",\"https:\\\/\\\/x.com\\\/webdo_tn\"],\"description\":\"Webdo est un m\u00e9dia num\u00e9rique tunisien fond\u00e9 en 2010, sp\u00e9cialis\u00e9 dans l\u2019actualit\u00e9 nationale et internationale, l\u2019\u00e9conomie, la soci\u00e9t\u00e9 et les analyses politiques. Le site s\u2019adresse \u00e0 un large public francophone et couvre l\u2019information tunisienne en temps r\u00e9el.\",\"email\":\"redac@webdo.tn\",\"legalName\":\"YNJ SARL\",\"foundingDate\":\"2010-09-06\",\"numberOfEmployees\":{\"@type\":\"QuantitativeValue\",\"minValue\":\"11\",\"maxValue\":\"50\"}},{\"@type\":\"Person\",\"@id\":\"https:\\\/\\\/www.webdo.tn\\\/fr\\\/#\\\/schema\\\/person\\\/82ca085b22037d285e1a3c4b65ba5f71\",\"name\":\"KJ\",\"image\":{\"@type\":\"ImageObject\",\"inLanguage\":\"fr-FR\",\"@id\":\"https:\\\/\\\/secure.gravatar.com\\\/avatar\\\/1a1320de1c1971c893f00068f760b4113d69504aa21273da17ee95650c5944fd?s=96&d=mm&r=g\",\"url\":\"https:\\\/\\\/secure.gravatar.com\\\/avatar\\\/1a1320de1c1971c893f00068f760b4113d69504aa21273da17ee95650c5944fd?s=96&d=mm&r=g\",\"contentUrl\":\"https:\\\/\\\/secure.gravatar.com\\\/avatar\\\/1a1320de1c1971c893f00068f760b4113d69504aa21273da17ee95650c5944fd?s=96&d=mm&r=g\",\"caption\":\"KJ\"},\"url\":\"https:\\\/\\\/www.webdo.tn\\\/fr\\\/actualite\\\/author\\\/kj\\\/\"}]}<\/script>\n<!-- \/ Yoast SEO Premium plugin. -->","yoast_head_json":{"title":"Tunisie : Le sort est-il scell\u00e9 pour Tunis-Carthage ?","description":"Apr\u00e8s des ann\u00e9es de d\u00e9bats sur son \u00e9ventuel d\u00e9placement, l\u2019a\u00e9roport de Tunis-Carthage restera finalement \u00e0 son emplacement actuel. Une d\u00e9cision pr\u00e9sidentielle q...","canonical":"https:\/\/www.webdo.tn\/fr\/actualite\/national\/tunisie-le-sort-est-il-scelle-pour-tunis-carthage\/221929\/","og_locale":"fr_FR","og_type":"article","og_title":"Tunisie : Le sort est-il scell\u00e9 pour Tunis-Carthage ?","og_description":"Apr\u00e8s des ann\u00e9es de d\u00e9bats sur son \u00e9ventuel d\u00e9placement, l\u2019a\u00e9roport de Tunis-Carthage restera finalement \u00e0 son emplacement actuel. Une d\u00e9cision pr\u00e9sidentielle q...","og_url":"https:\/\/www.webdo.tn\/fr\/actualite\/national\/tunisie-le-sort-est-il-scelle-pour-tunis-carthage\/221929\/","og_site_name":"webdo","article_publisher":"https:\/\/www.facebook.com\/webdotn","article_published_time":"2025-05-13T09:45:00+00:00","article_modified_time":"2025-05-20T22:23:37+00:00","og_image":[{"width":750,"height":400,"url":"https:\/\/www.webdo.tn\/fr\/wp-content\/uploads\/2025\/05\/b6f3f8490cd300a0afaac0e621f67a62.webp","type":"image\/webp"}],"author":"KJ","twitter_card":"summary_large_image","twitter_creator":"@webdo_tn","twitter_site":"@webdo_tn","twitter_misc":{"\u00c9crit par":"KJ","Dur\u00e9e de lecture estim\u00e9e":"2 minutes"},"schema":{"@context":"https:\/\/schema.org","@graph":[{"@type":"NewsArticle","@id":"https:\/\/www.webdo.tn\/fr\/actualite\/national\/tunisie-le-sort-est-il-scelle-pour-tunis-carthage\/221929\/#article","isPartOf":{"@id":"https:\/\/www.webdo.tn\/fr\/actualite\/national\/tunisie-le-sort-est-il-scelle-pour-tunis-carthage\/221929\/"},"author":{"name":"KJ","@id":"https:\/\/www.webdo.tn\/fr\/#\/schema\/person\/82ca085b22037d285e1a3c4b65ba5f71"},"headline":"Tunisie : Le sort est-il scell\u00e9 pour Tunis-Carthage ?","datePublished":"2025-05-13T09:45:00+00:00","dateModified":"2025-05-20T22:23:37+00:00","mainEntityOfPage":{"@id":"https:\/\/www.webdo.tn\/fr\/actualite\/national\/tunisie-le-sort-est-il-scelle-pour-tunis-carthage\/221929\/"},"wordCount":472,"commentCount":0,"publisher":{"@id":"https:\/\/www.webdo.tn\/fr\/#organization"},"image":{"@id":"https:\/\/www.webdo.tn\/fr\/actualite\/national\/tunisie-le-sort-est-il-scelle-pour-tunis-carthage\/221929\/#primaryimage"},"thumbnailUrl":"https:\/\/www.webdo.tn\/fr\/wp-content\/uploads\/2025\/05\/b6f3f8490cd300a0afaac0e621f67a62.webp","keywords":["a\u00e9roport","Tunis-Carthage","Tunisie"],"articleSection":["National"],"inLanguage":"fr-FR"},{"@type":"WebPage","@id":"https:\/\/www.webdo.tn\/fr\/actualite\/national\/tunisie-le-sort-est-il-scelle-pour-tunis-carthage\/221929\/","url":"https:\/\/www.webdo.tn\/fr\/actualite\/national\/tunisie-le-sort-est-il-scelle-pour-tunis-carthage\/221929\/","name":"Tunisie : Le sort est-il scell\u00e9 pour Tunis-Carthage ?","isPartOf":{"@id":"https:\/\/www.webdo.tn\/fr\/#website"},"primaryImageOfPage":{"@id":"https:\/\/www.webdo.tn\/fr\/actualite\/national\/tunisie-le-sort-est-il-scelle-pour-tunis-carthage\/221929\/#primaryimage"},"image":{"@id":"https:\/\/www.webdo.tn\/fr\/actualite\/national\/tunisie-le-sort-est-il-scelle-pour-tunis-carthage\/221929\/#primaryimage"},"thumbnailUrl":"https:\/\/www.webdo.tn\/fr\/wp-content\/uploads\/2025\/05\/b6f3f8490cd300a0afaac0e621f67a62.webp","datePublished":"2025-05-13T09:45:00+00:00","dateModified":"2025-05-20T22:23:37+00:00","description":"Apr\u00e8s des ann\u00e9es de d\u00e9bats sur son \u00e9ventuel d\u00e9placement, l\u2019a\u00e9roport de Tunis-Carthage restera finalement \u00e0 son emplacement actuel. Une d\u00e9cision pr\u00e9sidentielle q...","breadcrumb":{"@id":"https:\/\/www.webdo.tn\/fr\/actualite\/national\/tunisie-le-sort-est-il-scelle-pour-tunis-carthage\/221929\/#breadcrumb"},"inLanguage":"fr-FR","potentialAction":[{"@type":"ReadAction","target":["https:\/\/www.webdo.tn\/fr\/actualite\/national\/tunisie-le-sort-est-il-scelle-pour-tunis-carthage\/221929\/"]}]},{"@type":"ImageObject","inLanguage":"fr-FR","@id":"https:\/\/www.webdo.tn\/fr\/actualite\/national\/tunisie-le-sort-est-il-scelle-pour-tunis-carthage\/221929\/#primaryimage","url":"https:\/\/www.webdo.tn\/fr\/wp-content\/uploads\/2025\/05\/b6f3f8490cd300a0afaac0e621f67a62.webp","contentUrl":"https:\/\/www.webdo.tn\/fr\/wp-content\/uploads\/2025\/05\/b6f3f8490cd300a0afaac0e621f67a62.webp","width":750,"height":400,"caption":"Tunisie : Le sort est-il scell\u00e9 pour Tunis-Carthage ?"},{"@type":"BreadcrumbList","@id":"https:\/\/www.webdo.tn\/fr\/actualite\/national\/tunisie-le-sort-est-il-scelle-pour-tunis-carthage\/221929\/#breadcrumb","itemListElement":[{"@type":"ListItem","position":1,"name":"Accueil","item":"https:\/\/www.webdo.tn\/fr\/"},{"@type":"ListItem","position":2,"name":"Tunisie : Le sort est-il scell\u00e9 pour Tunis-Carthage ?"}]},{"@type":"WebSite","@id":"https:\/\/www.webdo.tn\/fr\/#website","url":"https:\/\/www.webdo.tn\/fr\/","name":"webdo","description":"Tunisie - News en Tunisie et \u00e0 l&#039;international sur Webdo.tn","publisher":{"@id":"https:\/\/www.webdo.tn\/fr\/#organization"},"potentialAction":[{"@type":"SearchAction","target":{"@type":"EntryPoint","urlTemplate":"https:\/\/www.webdo.tn\/fr\/?s={search_term_string}"},"query-input":{"@type":"PropertyValueSpecification","valueRequired":true,"valueName":"search_term_string"}}],"inLanguage":"fr-FR"},{"@type":"Organization","@id":"https:\/\/www.webdo.tn\/fr\/#organization","name":"Webdo","alternateName":"Webdo.tn","url":"https:\/\/www.webdo.tn\/fr\/","logo":{"@type":"ImageObject","inLanguage":"fr-FR","@id":"https:\/\/www.webdo.tn\/fr\/#\/schema\/logo\/image\/","url":"https:\/\/www.webdo.tn\/fr\/wp-content\/uploads\/2025\/06\/Webdo-Tunisie_168377.jpg","contentUrl":"https:\/\/www.webdo.tn\/fr\/wp-content\/uploads\/2025\/06\/Webdo-Tunisie_168377.jpg","width":301,"height":301,"caption":"Webdo"},"image":{"@id":"https:\/\/www.webdo.tn\/fr\/#\/schema\/logo\/image\/"},"sameAs":["https:\/\/www.facebook.com\/webdotn","https:\/\/x.com\/webdo_tn"],"description":"Webdo est un m\u00e9dia num\u00e9rique tunisien fond\u00e9 en 2010, sp\u00e9cialis\u00e9 dans l\u2019actualit\u00e9 nationale et internationale, l\u2019\u00e9conomie, la soci\u00e9t\u00e9 et les analyses politiques. Le site s\u2019adresse \u00e0 un large public francophone et couvre l\u2019information tunisienne en temps r\u00e9el.","email":"redac@webdo.tn","legalName":"YNJ SARL","foundingDate":"2010-09-06","numberOfEmployees":{"@type":"QuantitativeValue","minValue":"11","maxValue":"50"}},{"@type":"Person","@id":"https:\/\/www.webdo.tn\/fr\/#\/schema\/person\/82ca085b22037d285e1a3c4b65ba5f71","name":"KJ","image":{"@type":"ImageObject","inLanguage":"fr-FR","@id":"https:\/\/secure.gravatar.com\/avatar\/1a1320de1c1971c893f00068f760b4113d69504aa21273da17ee95650c5944fd?s=96&d=mm&r=g","url":"https:\/\/secure.gravatar.com\/avatar\/1a1320de1c1971c893f00068f760b4113d69504aa21273da17ee95650c5944fd?s=96&d=mm&r=g","contentUrl":"https:\/\/secure.gravatar.com\/avatar\/1a1320de1c1971c893f00068f760b4113d69504aa21273da17ee95650c5944fd?s=96&d=mm&r=g","caption":"KJ"},"url":"https:\/\/www.webdo.tn\/fr\/actualite\/author\/kj\/"}]}},"_links":{"self":[{"href":"https:\/\/www.webdo.tn\/fr\/wp-json\/wp\/v2\/posts\/221929","targetHints":{"allow":["GET"]}}],"collection":[{"href":"https:\/\/www.webdo.tn\/fr\/wp-json\/wp\/v2\/posts"}],"about":[{"href":"https:\/\/www.webdo.tn\/fr\/wp-json\/wp\/v2\/types\/post"}],"author":[{"embeddable":true,"href":"https:\/\/www.webdo.tn\/fr\/wp-json\/wp\/v2\/users\/3163"}],"replies":[{"embeddable":true,"href":"https:\/\/www.webdo.tn\/fr\/wp-json\/wp\/v2\/comments?post=221929"}],"version-history":[{"count":0,"href":"https:\/\/www.webdo.tn\/fr\/wp-json\/wp\/v2\/posts\/221929\/revisions"}],"wp:featuredmedia":[{"embeddable":true,"href":"https:\/\/www.webdo.tn\/fr\/wp-json\/wp\/v2\/media\/301819"}],"wp:attachment":[{"href":"https:\/\/www.webdo.tn\/fr\/wp-json\/wp\/v2\/media?parent=221929"}],"wp:term":[{"taxonomy":"category","embeddable":true,"href":"https:\/\/www.webdo.tn\/fr\/wp-json\/wp\/v2\/categories?post=221929"},{"taxonomy":"post_tag","embeddable":true,"href":"https:\/\/www.webdo.tn\/fr\/wp-json\/wp\/v2\/tags?post=221929"}],"curies":[{"name":"wp","href":"https:\/\/api.w.org\/{rel}","templated":true}]}}