{"id":221927,"date":"2025-05-13T09:05:00","date_gmt":"2025-05-13T09:05:00","guid":{"rendered":"https:\/\/www.webdo.tn\/fr\/actualite\/blog\/l-ambassade-de-tunisie-a-tripoli-appelle-ses-ressortissants-a-la-plus-grande-prudence\/221927\/"},"modified":"2025-05-13T09:05:00","modified_gmt":"2025-05-13T09:05:00","slug":"l-ambassade-de-tunisie-a-tripoli-appelle-ses-ressortissants-a-la-plus-grande-prudence","status":"publish","type":"post","link":"https:\/\/www.webdo.tn\/fr\/actualite\/national\/l-ambassade-de-tunisie-a-tripoli-appelle-ses-ressortissants-a-la-plus-grande-prudence\/221927\/","title":{"rendered":"L\u2019Ambassade de Tunisie \u00e0 Tripoli appelle ses ressortissants \u00e0 la plus grande prudence"},"content":{"rendered":"<p>Face \u00e0 la d\u00e9gradation de la situation s\u00e9curitaire \u00e0 Tripoli, l\u2019ambassade de Tunisie en Libye a exhort\u00e9 les membres de la communaut\u00e9 tunisienne \u00e0 faire preuve d\u2019une vigilance accrue.<\/p>\n<p>Dans un communiqu\u00e9 diffus\u00e9 dans la nuit de lundi \u00e0 mardi sur sa page Facebook officielle, la repr\u00e9sentation diplomatique recommande aux ressortissants tunisiens de rester chez eux et d\u2019\u00e9viter tout d\u00e9placement jusqu\u2019\u00e0 nouvel ordre.<\/p>\n<p>Cet appel intervient \u00e0 la suite de d\u00e9clarations des autorit\u00e9s libyennes, et vise \u00e0 prot\u00e9ger les Tunisiens r\u00e9sidant dans la capitale libyenne, actuellement en proie \u00e0 des tensions.<\/p>\n<p>Selon l\u2019agence de presse libyenne LANA, des affrontements arm\u00e9s ont \u00e9clat\u00e9 lundi soir dans plusieurs quartiers de Tripoli, \u00e0 la suite du d\u00e9c\u00e8s, dans des circonstances encore floues, du chef de l\u2019Appareil de soutien \u00e0 la stabilit\u00e9, relevant du Conseil pr\u00e9sidentiel.<\/p>\n<p>Le minist\u00e8re libyen de l\u2019Int\u00e9rieur a, de son c\u00f4t\u00e9, appel\u00e9 l\u2019ensemble des habitants de la capitale \u00e0 rester chez eux et \u00e0 faire preuve de la plus grande prudence.<\/p>\n","protected":false},"excerpt":{"rendered":"<p>L\u2019ambassade de Tunisie \u00e0 Tripoli appelle les Tunisiens \u00e0 \u00e9viter tout d\u00e9placement suite \u00e0 des affrontements arm\u00e9s dans la capitale libyenne.<\/p>\n","protected":false},"author":5338,"featured_media":376497,"comment_status":"open","ping_status":"closed","sticky":false,"template":"","format":"standard","meta":{"footnotes":""},"categories":[44],"tags":[11248,3496,3279,5104,2608,3317],"class_list":["post-221927","post","type-post","status-publish","format-standard","has-post-thumbnail","hentry","category-national","tag-ambassade-de-tunisie","tag-affrontements","tag-libye","tag-tripoli","tag-tunisie","tag-tunisiens"],"yoast_head":"<!-- This site is optimized with the Yoast SEO Premium plugin v27.4 (Yoast SEO v27.4) - https:\/\/yoast.com\/product\/yoast-seo-premium-wordpress\/ -->\n<title>L\u2019Ambassade de Tunisie \u00e0 Tripoli appelle ses ressortissants \u00e0 la plus grande prudence<\/title>\n<meta name=\"description\" content=\"L\u2019ambassade de Tunisie \u00e0 Tripoli appelle les Tunisiens \u00e0 \u00e9viter tout d\u00e9placement suite \u00e0 des affrontements arm\u00e9s dans la capitale libyenne.\" \/>\n<link rel=\"canonical\" href=\"https:\/\/www.webdo.tn\/fr\/actualite\/national\/l-ambassade-de-tunisie-a-tripoli-appelle-ses-ressortissants-a-la-plus-grande-prudence\/221927\/\" \/>\n<meta property=\"og:locale\" content=\"fr_FR\" \/>\n<meta property=\"og:type\" content=\"article\" \/>\n<meta property=\"og:title\" content=\"L\u2019Ambassade de Tunisie \u00e0 Tripoli appelle ses ressortissants \u00e0 la plus grande prudence\" \/>\n<meta property=\"og:description\" content=\"L\u2019ambassade de Tunisie \u00e0 Tripoli appelle les Tunisiens \u00e0 \u00e9viter tout d\u00e9placement suite \u00e0 des affrontements arm\u00e9s dans la capitale libyenne.\" \/>\n<meta property=\"og:url\" content=\"https:\/\/www.webdo.tn\/fr\/actualite\/national\/l-ambassade-de-tunisie-a-tripoli-appelle-ses-ressortissants-a-la-plus-grande-prudence\/221927\/\" \/>\n<meta property=\"og:site_name\" content=\"webdo\" \/>\n<meta property=\"article:publisher\" content=\"https:\/\/www.facebook.com\/webdotn\" \/>\n<meta property=\"article:published_time\" content=\"2025-05-13T09:05:00+00:00\" \/>\n<meta property=\"og:image\" content=\"https:\/\/www.webdo.tn\/fr\/wp-content\/uploads\/2025\/05\/b9770f8331d6ee6435b7865a12780646.webp\" \/>\n\t<meta property=\"og:image:width\" content=\"750\" \/>\n\t<meta property=\"og:image:height\" content=\"400\" \/>\n\t<meta property=\"og:image:type\" content=\"image\/webp\" \/>\n<meta name=\"author\" content=\"MC\" \/>\n<meta name=\"twitter:card\" content=\"summary_large_image\" \/>\n<meta name=\"twitter:creator\" content=\"@webdo_tn\" \/>\n<meta name=\"twitter:site\" content=\"@webdo_tn\" \/>\n<meta name=\"twitter:label1\" content=\"\u00c9crit par\" \/>\n\t<meta name=\"twitter:data1\" content=\"MC\" \/>\n\t<meta name=\"twitter:label2\" content=\"Dur\u00e9e de lecture estim\u00e9e\" \/>\n\t<meta name=\"twitter:data2\" content=\"1 minute\" \/>\n<script type=\"application\/ld+json\" class=\"yoast-schema-graph\">{\"@context\":\"https:\\\/\\\/schema.org\",\"@graph\":[{\"@type\":\"NewsArticle\",\"@id\":\"https:\\\/\\\/www.webdo.tn\\\/fr\\\/actualite\\\/national\\\/l-ambassade-de-tunisie-a-tripoli-appelle-ses-ressortissants-a-la-plus-grande-prudence\\\/221927\\\/#article\",\"isPartOf\":{\"@id\":\"https:\\\/\\\/www.webdo.tn\\\/fr\\\/actualite\\\/national\\\/l-ambassade-de-tunisie-a-tripoli-appelle-ses-ressortissants-a-la-plus-grande-prudence\\\/221927\\\/\"},\"author\":{\"name\":\"MC\",\"@id\":\"https:\\\/\\\/www.webdo.tn\\\/fr\\\/#\\\/schema\\\/person\\\/8500bcb8714aee00d99d4d6903fd06d7\"},\"headline\":\"L\u2019Ambassade de Tunisie \u00e0 Tripoli appelle ses ressortissants \u00e0 la plus grande prudence\",\"datePublished\":\"2025-05-13T09:05:00+00:00\",\"mainEntityOfPage\":{\"@id\":\"https:\\\/\\\/www.webdo.tn\\\/fr\\\/actualite\\\/national\\\/l-ambassade-de-tunisie-a-tripoli-appelle-ses-ressortissants-a-la-plus-grande-prudence\\\/221927\\\/\"},\"wordCount\":184,\"commentCount\":0,\"publisher\":{\"@id\":\"https:\\\/\\\/www.webdo.tn\\\/fr\\\/#organization\"},\"image\":{\"@id\":\"https:\\\/\\\/www.webdo.tn\\\/fr\\\/actualite\\\/national\\\/l-ambassade-de-tunisie-a-tripoli-appelle-ses-ressortissants-a-la-plus-grande-prudence\\\/221927\\\/#primaryimage\"},\"thumbnailUrl\":\"https:\\\/\\\/www.webdo.tn\\\/fr\\\/wp-content\\\/uploads\\\/2025\\\/05\\\/b9770f8331d6ee6435b7865a12780646.webp\",\"keywords\":[\"'ambassade de Tunisie'\",\"Affrontements\",\"Libye\",\"Tripoli\",\"Tunisie\",\"Tunisiens\"],\"articleSection\":[\"National\"],\"inLanguage\":\"fr-FR\"},{\"@type\":\"WebPage\",\"@id\":\"https:\\\/\\\/www.webdo.tn\\\/fr\\\/actualite\\\/national\\\/l-ambassade-de-tunisie-a-tripoli-appelle-ses-ressortissants-a-la-plus-grande-prudence\\\/221927\\\/\",\"url\":\"https:\\\/\\\/www.webdo.tn\\\/fr\\\/actualite\\\/national\\\/l-ambassade-de-tunisie-a-tripoli-appelle-ses-ressortissants-a-la-plus-grande-prudence\\\/221927\\\/\",\"name\":\"L\u2019Ambassade de Tunisie \u00e0 Tripoli appelle ses ressortissants \u00e0 la plus grande prudence\",\"isPartOf\":{\"@id\":\"https:\\\/\\\/www.webdo.tn\\\/fr\\\/#website\"},\"primaryImageOfPage\":{\"@id\":\"https:\\\/\\\/www.webdo.tn\\\/fr\\\/actualite\\\/national\\\/l-ambassade-de-tunisie-a-tripoli-appelle-ses-ressortissants-a-la-plus-grande-prudence\\\/221927\\\/#primaryimage\"},\"image\":{\"@id\":\"https:\\\/\\\/www.webdo.tn\\\/fr\\\/actualite\\\/national\\\/l-ambassade-de-tunisie-a-tripoli-appelle-ses-ressortissants-a-la-plus-grande-prudence\\\/221927\\\/#primaryimage\"},\"thumbnailUrl\":\"https:\\\/\\\/www.webdo.tn\\\/fr\\\/wp-content\\\/uploads\\\/2025\\\/05\\\/b9770f8331d6ee6435b7865a12780646.webp\",\"datePublished\":\"2025-05-13T09:05:00+00:00\",\"description\":\"L\u2019ambassade de Tunisie \u00e0 Tripoli appelle les Tunisiens \u00e0 \u00e9viter tout d\u00e9placement suite \u00e0 des affrontements arm\u00e9s dans la capitale libyenne.\",\"breadcrumb\":{\"@id\":\"https:\\\/\\\/www.webdo.tn\\\/fr\\\/actualite\\\/national\\\/l-ambassade-de-tunisie-a-tripoli-appelle-ses-ressortissants-a-la-plus-grande-prudence\\\/221927\\\/#breadcrumb\"},\"inLanguage\":\"fr-FR\",\"potentialAction\":[{\"@type\":\"ReadAction\",\"target\":[\"https:\\\/\\\/www.webdo.tn\\\/fr\\\/actualite\\\/national\\\/l-ambassade-de-tunisie-a-tripoli-appelle-ses-ressortissants-a-la-plus-grande-prudence\\\/221927\\\/\"]}]},{\"@type\":\"ImageObject\",\"inLanguage\":\"fr-FR\",\"@id\":\"https:\\\/\\\/www.webdo.tn\\\/fr\\\/actualite\\\/national\\\/l-ambassade-de-tunisie-a-tripoli-appelle-ses-ressortissants-a-la-plus-grande-prudence\\\/221927\\\/#primaryimage\",\"url\":\"https:\\\/\\\/www.webdo.tn\\\/fr\\\/wp-content\\\/uploads\\\/2025\\\/05\\\/b9770f8331d6ee6435b7865a12780646.webp\",\"contentUrl\":\"https:\\\/\\\/www.webdo.tn\\\/fr\\\/wp-content\\\/uploads\\\/2025\\\/05\\\/b9770f8331d6ee6435b7865a12780646.webp\",\"width\":750,\"height\":400,\"caption\":\"L\u2019Ambassade de Tunisie \u00e0 Tripoli appelle ses ressortissants \u00e0 la plus grande prudence\"},{\"@type\":\"BreadcrumbList\",\"@id\":\"https:\\\/\\\/www.webdo.tn\\\/fr\\\/actualite\\\/national\\\/l-ambassade-de-tunisie-a-tripoli-appelle-ses-ressortissants-a-la-plus-grande-prudence\\\/221927\\\/#breadcrumb\",\"itemListElement\":[{\"@type\":\"ListItem\",\"position\":1,\"name\":\"Accueil\",\"item\":\"https:\\\/\\\/www.webdo.tn\\\/fr\\\/\"},{\"@type\":\"ListItem\",\"position\":2,\"name\":\"L\u2019Ambassade de Tunisie \u00e0 Tripoli appelle ses ressortissants \u00e0 la plus grande prudence\"}]},{\"@type\":\"WebSite\",\"@id\":\"https:\\\/\\\/www.webdo.tn\\\/fr\\\/#website\",\"url\":\"https:\\\/\\\/www.webdo.tn\\\/fr\\\/\",\"name\":\"webdo\",\"description\":\"Tunisie - News en Tunisie et \u00e0 l&#039;international sur Webdo.tn\",\"publisher\":{\"@id\":\"https:\\\/\\\/www.webdo.tn\\\/fr\\\/#organization\"},\"potentialAction\":[{\"@type\":\"SearchAction\",\"target\":{\"@type\":\"EntryPoint\",\"urlTemplate\":\"https:\\\/\\\/www.webdo.tn\\\/fr\\\/?s={search_term_string}\"},\"query-input\":{\"@type\":\"PropertyValueSpecification\",\"valueRequired\":true,\"valueName\":\"search_term_string\"}}],\"inLanguage\":\"fr-FR\"},{\"@type\":\"Organization\",\"@id\":\"https:\\\/\\\/www.webdo.tn\\\/fr\\\/#organization\",\"name\":\"Webdo\",\"alternateName\":\"Webdo.tn\",\"url\":\"https:\\\/\\\/www.webdo.tn\\\/fr\\\/\",\"logo\":{\"@type\":\"ImageObject\",\"inLanguage\":\"fr-FR\",\"@id\":\"https:\\\/\\\/www.webdo.tn\\\/fr\\\/#\\\/schema\\\/logo\\\/image\\\/\",\"url\":\"https:\\\/\\\/www.webdo.tn\\\/fr\\\/wp-content\\\/uploads\\\/2025\\\/06\\\/Webdo-Tunisie_168377.jpg\",\"contentUrl\":\"https:\\\/\\\/www.webdo.tn\\\/fr\\\/wp-content\\\/uploads\\\/2025\\\/06\\\/Webdo-Tunisie_168377.jpg\",\"width\":301,\"height\":301,\"caption\":\"Webdo\"},\"image\":{\"@id\":\"https:\\\/\\\/www.webdo.tn\\\/fr\\\/#\\\/schema\\\/logo\\\/image\\\/\"},\"sameAs\":[\"https:\\\/\\\/www.facebook.com\\\/webdotn\",\"https:\\\/\\\/x.com\\\/webdo_tn\"],\"description\":\"Webdo est un m\u00e9dia num\u00e9rique tunisien fond\u00e9 en 2010, sp\u00e9cialis\u00e9 dans l\u2019actualit\u00e9 nationale et internationale, l\u2019\u00e9conomie, la soci\u00e9t\u00e9 et les analyses politiques. Le site s\u2019adresse \u00e0 un large public francophone et couvre l\u2019information tunisienne en temps r\u00e9el.\",\"email\":\"redac@webdo.tn\",\"legalName\":\"YNJ SARL\",\"foundingDate\":\"2010-09-06\",\"numberOfEmployees\":{\"@type\":\"QuantitativeValue\",\"minValue\":\"11\",\"maxValue\":\"50\"}},{\"@type\":\"Person\",\"@id\":\"https:\\\/\\\/www.webdo.tn\\\/fr\\\/#\\\/schema\\\/person\\\/8500bcb8714aee00d99d4d6903fd06d7\",\"name\":\"MC\",\"image\":{\"@type\":\"ImageObject\",\"inLanguage\":\"fr-FR\",\"@id\":\"https:\\\/\\\/secure.gravatar.com\\\/avatar\\\/f608b47029e05639bee9b2fbeb496b6e3ad71093a5aabff97eea23a99d75ad8e?s=96&d=mm&r=g\",\"url\":\"https:\\\/\\\/secure.gravatar.com\\\/avatar\\\/f608b47029e05639bee9b2fbeb496b6e3ad71093a5aabff97eea23a99d75ad8e?s=96&d=mm&r=g\",\"contentUrl\":\"https:\\\/\\\/secure.gravatar.com\\\/avatar\\\/f608b47029e05639bee9b2fbeb496b6e3ad71093a5aabff97eea23a99d75ad8e?s=96&d=mm&r=g\",\"caption\":\"MC\"},\"url\":\"https:\\\/\\\/www.webdo.tn\\\/fr\\\/actualite\\\/author\\\/mc-6\\\/\"}]}<\/script>\n<!-- \/ Yoast SEO Premium plugin. -->","yoast_head_json":{"title":"L\u2019Ambassade de Tunisie \u00e0 Tripoli appelle ses ressortissants \u00e0 la plus grande prudence","description":"L\u2019ambassade de Tunisie \u00e0 Tripoli appelle les Tunisiens \u00e0 \u00e9viter tout d\u00e9placement suite \u00e0 des affrontements arm\u00e9s dans la capitale libyenne.","canonical":"https:\/\/www.webdo.tn\/fr\/actualite\/national\/l-ambassade-de-tunisie-a-tripoli-appelle-ses-ressortissants-a-la-plus-grande-prudence\/221927\/","og_locale":"fr_FR","og_type":"article","og_title":"L\u2019Ambassade de Tunisie \u00e0 Tripoli appelle ses ressortissants \u00e0 la plus grande prudence","og_description":"L\u2019ambassade de Tunisie \u00e0 Tripoli appelle les Tunisiens \u00e0 \u00e9viter tout d\u00e9placement suite \u00e0 des affrontements arm\u00e9s dans la capitale libyenne.","og_url":"https:\/\/www.webdo.tn\/fr\/actualite\/national\/l-ambassade-de-tunisie-a-tripoli-appelle-ses-ressortissants-a-la-plus-grande-prudence\/221927\/","og_site_name":"webdo","article_publisher":"https:\/\/www.facebook.com\/webdotn","article_published_time":"2025-05-13T09:05:00+00:00","og_image":[{"width":750,"height":400,"url":"https:\/\/www.webdo.tn\/fr\/wp-content\/uploads\/2025\/05\/b9770f8331d6ee6435b7865a12780646.webp","type":"image\/webp"}],"author":"MC","twitter_card":"summary_large_image","twitter_creator":"@webdo_tn","twitter_site":"@webdo_tn","twitter_misc":{"\u00c9crit par":"MC","Dur\u00e9e de lecture estim\u00e9e":"1 minute"},"schema":{"@context":"https:\/\/schema.org","@graph":[{"@type":"NewsArticle","@id":"https:\/\/www.webdo.tn\/fr\/actualite\/national\/l-ambassade-de-tunisie-a-tripoli-appelle-ses-ressortissants-a-la-plus-grande-prudence\/221927\/#article","isPartOf":{"@id":"https:\/\/www.webdo.tn\/fr\/actualite\/national\/l-ambassade-de-tunisie-a-tripoli-appelle-ses-ressortissants-a-la-plus-grande-prudence\/221927\/"},"author":{"name":"MC","@id":"https:\/\/www.webdo.tn\/fr\/#\/schema\/person\/8500bcb8714aee00d99d4d6903fd06d7"},"headline":"L\u2019Ambassade de Tunisie \u00e0 Tripoli appelle ses ressortissants \u00e0 la plus grande prudence","datePublished":"2025-05-13T09:05:00+00:00","mainEntityOfPage":{"@id":"https:\/\/www.webdo.tn\/fr\/actualite\/national\/l-ambassade-de-tunisie-a-tripoli-appelle-ses-ressortissants-a-la-plus-grande-prudence\/221927\/"},"wordCount":184,"commentCount":0,"publisher":{"@id":"https:\/\/www.webdo.tn\/fr\/#organization"},"image":{"@id":"https:\/\/www.webdo.tn\/fr\/actualite\/national\/l-ambassade-de-tunisie-a-tripoli-appelle-ses-ressortissants-a-la-plus-grande-prudence\/221927\/#primaryimage"},"thumbnailUrl":"https:\/\/www.webdo.tn\/fr\/wp-content\/uploads\/2025\/05\/b9770f8331d6ee6435b7865a12780646.webp","keywords":["'ambassade de Tunisie'","Affrontements","Libye","Tripoli","Tunisie","Tunisiens"],"articleSection":["National"],"inLanguage":"fr-FR"},{"@type":"WebPage","@id":"https:\/\/www.webdo.tn\/fr\/actualite\/national\/l-ambassade-de-tunisie-a-tripoli-appelle-ses-ressortissants-a-la-plus-grande-prudence\/221927\/","url":"https:\/\/www.webdo.tn\/fr\/actualite\/national\/l-ambassade-de-tunisie-a-tripoli-appelle-ses-ressortissants-a-la-plus-grande-prudence\/221927\/","name":"L\u2019Ambassade de Tunisie \u00e0 Tripoli appelle ses ressortissants \u00e0 la plus grande prudence","isPartOf":{"@id":"https:\/\/www.webdo.tn\/fr\/#website"},"primaryImageOfPage":{"@id":"https:\/\/www.webdo.tn\/fr\/actualite\/national\/l-ambassade-de-tunisie-a-tripoli-appelle-ses-ressortissants-a-la-plus-grande-prudence\/221927\/#primaryimage"},"image":{"@id":"https:\/\/www.webdo.tn\/fr\/actualite\/national\/l-ambassade-de-tunisie-a-tripoli-appelle-ses-ressortissants-a-la-plus-grande-prudence\/221927\/#primaryimage"},"thumbnailUrl":"https:\/\/www.webdo.tn\/fr\/wp-content\/uploads\/2025\/05\/b9770f8331d6ee6435b7865a12780646.webp","datePublished":"2025-05-13T09:05:00+00:00","description":"L\u2019ambassade de Tunisie \u00e0 Tripoli appelle les Tunisiens \u00e0 \u00e9viter tout d\u00e9placement suite \u00e0 des affrontements arm\u00e9s dans la capitale libyenne.","breadcrumb":{"@id":"https:\/\/www.webdo.tn\/fr\/actualite\/national\/l-ambassade-de-tunisie-a-tripoli-appelle-ses-ressortissants-a-la-plus-grande-prudence\/221927\/#breadcrumb"},"inLanguage":"fr-FR","potentialAction":[{"@type":"ReadAction","target":["https:\/\/www.webdo.tn\/fr\/actualite\/national\/l-ambassade-de-tunisie-a-tripoli-appelle-ses-ressortissants-a-la-plus-grande-prudence\/221927\/"]}]},{"@type":"ImageObject","inLanguage":"fr-FR","@id":"https:\/\/www.webdo.tn\/fr\/actualite\/national\/l-ambassade-de-tunisie-a-tripoli-appelle-ses-ressortissants-a-la-plus-grande-prudence\/221927\/#primaryimage","url":"https:\/\/www.webdo.tn\/fr\/wp-content\/uploads\/2025\/05\/b9770f8331d6ee6435b7865a12780646.webp","contentUrl":"https:\/\/www.webdo.tn\/fr\/wp-content\/uploads\/2025\/05\/b9770f8331d6ee6435b7865a12780646.webp","width":750,"height":400,"caption":"L\u2019Ambassade de Tunisie \u00e0 Tripoli appelle ses ressortissants \u00e0 la plus grande prudence"},{"@type":"BreadcrumbList","@id":"https:\/\/www.webdo.tn\/fr\/actualite\/national\/l-ambassade-de-tunisie-a-tripoli-appelle-ses-ressortissants-a-la-plus-grande-prudence\/221927\/#breadcrumb","itemListElement":[{"@type":"ListItem","position":1,"name":"Accueil","item":"https:\/\/www.webdo.tn\/fr\/"},{"@type":"ListItem","position":2,"name":"L\u2019Ambassade de Tunisie \u00e0 Tripoli appelle ses ressortissants \u00e0 la plus grande prudence"}]},{"@type":"WebSite","@id":"https:\/\/www.webdo.tn\/fr\/#website","url":"https:\/\/www.webdo.tn\/fr\/","name":"webdo","description":"Tunisie - News en Tunisie et \u00e0 l&#039;international sur Webdo.tn","publisher":{"@id":"https:\/\/www.webdo.tn\/fr\/#organization"},"potentialAction":[{"@type":"SearchAction","target":{"@type":"EntryPoint","urlTemplate":"https:\/\/www.webdo.tn\/fr\/?s={search_term_string}"},"query-input":{"@type":"PropertyValueSpecification","valueRequired":true,"valueName":"search_term_string"}}],"inLanguage":"fr-FR"},{"@type":"Organization","@id":"https:\/\/www.webdo.tn\/fr\/#organization","name":"Webdo","alternateName":"Webdo.tn","url":"https:\/\/www.webdo.tn\/fr\/","logo":{"@type":"ImageObject","inLanguage":"fr-FR","@id":"https:\/\/www.webdo.tn\/fr\/#\/schema\/logo\/image\/","url":"https:\/\/www.webdo.tn\/fr\/wp-content\/uploads\/2025\/06\/Webdo-Tunisie_168377.jpg","contentUrl":"https:\/\/www.webdo.tn\/fr\/wp-content\/uploads\/2025\/06\/Webdo-Tunisie_168377.jpg","width":301,"height":301,"caption":"Webdo"},"image":{"@id":"https:\/\/www.webdo.tn\/fr\/#\/schema\/logo\/image\/"},"sameAs":["https:\/\/www.facebook.com\/webdotn","https:\/\/x.com\/webdo_tn"],"description":"Webdo est un m\u00e9dia num\u00e9rique tunisien fond\u00e9 en 2010, sp\u00e9cialis\u00e9 dans l\u2019actualit\u00e9 nationale et internationale, l\u2019\u00e9conomie, la soci\u00e9t\u00e9 et les analyses politiques. Le site s\u2019adresse \u00e0 un large public francophone et couvre l\u2019information tunisienne en temps r\u00e9el.","email":"redac@webdo.tn","legalName":"YNJ SARL","foundingDate":"2010-09-06","numberOfEmployees":{"@type":"QuantitativeValue","minValue":"11","maxValue":"50"}},{"@type":"Person","@id":"https:\/\/www.webdo.tn\/fr\/#\/schema\/person\/8500bcb8714aee00d99d4d6903fd06d7","name":"MC","image":{"@type":"ImageObject","inLanguage":"fr-FR","@id":"https:\/\/secure.gravatar.com\/avatar\/f608b47029e05639bee9b2fbeb496b6e3ad71093a5aabff97eea23a99d75ad8e?s=96&d=mm&r=g","url":"https:\/\/secure.gravatar.com\/avatar\/f608b47029e05639bee9b2fbeb496b6e3ad71093a5aabff97eea23a99d75ad8e?s=96&d=mm&r=g","contentUrl":"https:\/\/secure.gravatar.com\/avatar\/f608b47029e05639bee9b2fbeb496b6e3ad71093a5aabff97eea23a99d75ad8e?s=96&d=mm&r=g","caption":"MC"},"url":"https:\/\/www.webdo.tn\/fr\/actualite\/author\/mc-6\/"}]}},"_links":{"self":[{"href":"https:\/\/www.webdo.tn\/fr\/wp-json\/wp\/v2\/posts\/221927","targetHints":{"allow":["GET"]}}],"collection":[{"href":"https:\/\/www.webdo.tn\/fr\/wp-json\/wp\/v2\/posts"}],"about":[{"href":"https:\/\/www.webdo.tn\/fr\/wp-json\/wp\/v2\/types\/post"}],"author":[{"embeddable":true,"href":"https:\/\/www.webdo.tn\/fr\/wp-json\/wp\/v2\/users\/5338"}],"replies":[{"embeddable":true,"href":"https:\/\/www.webdo.tn\/fr\/wp-json\/wp\/v2\/comments?post=221927"}],"version-history":[{"count":0,"href":"https:\/\/www.webdo.tn\/fr\/wp-json\/wp\/v2\/posts\/221927\/revisions"}],"wp:featuredmedia":[{"embeddable":true,"href":"https:\/\/www.webdo.tn\/fr\/wp-json\/wp\/v2\/media\/376497"}],"wp:attachment":[{"href":"https:\/\/www.webdo.tn\/fr\/wp-json\/wp\/v2\/media?parent=221927"}],"wp:term":[{"taxonomy":"category","embeddable":true,"href":"https:\/\/www.webdo.tn\/fr\/wp-json\/wp\/v2\/categories?post=221927"},{"taxonomy":"post_tag","embeddable":true,"href":"https:\/\/www.webdo.tn\/fr\/wp-json\/wp\/v2\/tags?post=221927"}],"curies":[{"name":"wp","href":"https:\/\/api.w.org\/{rel}","templated":true}]}}