{"id":221912,"date":"2025-05-12T16:08:00","date_gmt":"2025-05-12T16:08:00","guid":{"rendered":"https:\/\/www.webdo.tn\/fr\/actualite\/blog\/tunisie-l-arp-s-apprete-a-voter-la-reforme-du-code-du-travail\/221912\/"},"modified":"2025-05-12T16:08:00","modified_gmt":"2025-05-12T16:08:00","slug":"tunisie-l-arp-s-apprete-a-voter-la-reforme-du-code-du-travail","status":"publish","type":"post","link":"https:\/\/www.webdo.tn\/fr\/actualite\/national\/tunisie-l-arp-s-apprete-a-voter-la-reforme-du-code-du-travail\/221912\/","title":{"rendered":"Tunisie : L\u2019ARP s\u2019appr\u00eate \u00e0 voter la r\u00e9forme du Code du travail"},"content":{"rendered":"<p>L\u2019Assembl\u00e9e des repr\u00e9sentants du peuple (ARP) s\u2019appr\u00eate \u00e0 franchir un pas d\u00e9cisif dans la r\u00e9forme du Code du travail. Une derni\u00e8re s\u00e9ance de concertation entre la commission parlementaire concern\u00e9e et le minist\u00e8re des Affaires sociales est pr\u00e9vue ce mercredi 14 mai.<\/p>\n<p> L\u2019adoption finale du projet d\u2019amendement en s\u00e9ance pl\u00e9ni\u00e8re est attendue la semaine suivante. C\u2019est ce qu\u2019a annonc\u00e9 Youssef\u00a0 Tarchoun, rapporteur de la Commission du r\u00e8glement int\u00e9rieur \u00e0 l\u2019ARP, ce lundi 12 mai lors de son intervention sur les ondes de la radio Mosaique FM.<\/p>\n<p>Selon lui, le texte a fait l\u2019objet d\u2019un long processus d\u2019auditions : plus de dix r\u00e9unions ont \u00e9t\u00e9 organis\u00e9es avec des experts et des sp\u00e9cialistes du droit du travail, permettant de d\u00e9gager un consensus sur l\u2019ensemble des articles.<\/p>\n<p>\u00ab Nous avons corrig\u00e9 plusieurs lacunes afin de rendre la loi plus compl\u00e8te et plus protectrice des droits des travailleurs \u00bb, a-t-il d\u00e9clar\u00e9. Parmi les points les plus sensibles : le recours \u00e0 la sous-traitance et la prestation de services, souvent utilis\u00e9s abusivement pour contourner les obligations li\u00e9es au salariat.<\/p>\n<p>Le projet introduit une d\u00e9finition claire et juridiquement encadr\u00e9e de la prestation de services, afin de pr\u00e9venir les cas de harc\u00e8lement et d&rsquo;exploitation observ\u00e9s dans certaines entreprises.<\/p>\n<p>Autre chantier majeur : les contrats \u00e0 dur\u00e9e d\u00e9termin\u00e9e (CDD). Le texte pr\u00e9voit une r\u00e9vision des r\u00e8gles encadrant la p\u00e9riode d\u2019essai, dont la dur\u00e9e variera d\u00e9sormais selon les cat\u00e9gories professionnelles. Les dispositions li\u00e9es aux absences et au travail saisonnier ont \u00e9galement \u00e9t\u00e9 r\u00e9vis\u00e9es pour mieux prot\u00e9ger les travailleurs pr\u00e9caires.<\/p>\n<p>L\u2019adoption de ce nouveau cadre l\u00e9gal s\u2019inscrit dans une volont\u00e9 affich\u00e9e de moderniser les relations de travail en Tunisie, tout en garantissant un \u00e9quilibre entre souplesse pour les employeurs et protection des salari\u00e9s.<\/p>\n","protected":false},"excerpt":{"rendered":"<p>L\u2019ARP finalisera la semaine prochaine l\u2019adoption des amendements du Code du travail, incluant des mesures contre les abus li\u00e9s \u00e0 la sous-traitance et des ajuste&#8230;<\/p>\n","protected":false},"author":5338,"featured_media":376439,"comment_status":"open","ping_status":"closed","sticky":false,"template":"","format":"standard","meta":{"footnotes":""},"categories":[44],"tags":[2813,6006,2905,2772,3493,2608],"class_list":["post-221912","post","type-post","status-publish","format-standard","has-post-thumbnail","hentry","category-national","tag-arp","tag-assemblee","tag-code-du-travail","tag-parlement","tag-reforme","tag-tunisie"],"yoast_head":"<!-- This site is optimized with the Yoast SEO Premium plugin v27.5 (Yoast SEO v27.5) - https:\/\/yoast.com\/product\/yoast-seo-premium-wordpress\/ -->\n<title>Tunisie : L\u2019ARP s\u2019appr\u00eate \u00e0 voter la r\u00e9forme du Code du travail<\/title>\n<meta name=\"description\" content=\"L\u2019ARP finalisera la semaine prochaine l\u2019adoption des amendements du Code du travail, incluant des mesures contre les abus li\u00e9s \u00e0 la sous-traitance et des ajuste...\" \/>\n<link rel=\"canonical\" href=\"https:\/\/www.webdo.tn\/fr\/actualite\/national\/tunisie-l-arp-s-apprete-a-voter-la-reforme-du-code-du-travail\/221912\/\" \/>\n<meta property=\"og:locale\" content=\"fr_FR\" \/>\n<meta property=\"og:type\" content=\"article\" \/>\n<meta property=\"og:title\" content=\"Tunisie : L\u2019ARP s\u2019appr\u00eate \u00e0 voter la r\u00e9forme du Code du travail\" \/>\n<meta property=\"og:description\" content=\"L\u2019ARP finalisera la semaine prochaine l\u2019adoption des amendements du Code du travail, incluant des mesures contre les abus li\u00e9s \u00e0 la sous-traitance et des ajuste...\" \/>\n<meta property=\"og:url\" content=\"https:\/\/www.webdo.tn\/fr\/actualite\/national\/tunisie-l-arp-s-apprete-a-voter-la-reforme-du-code-du-travail\/221912\/\" \/>\n<meta property=\"og:site_name\" content=\"webdo\" \/>\n<meta property=\"article:publisher\" content=\"https:\/\/www.facebook.com\/webdotn\" \/>\n<meta property=\"article:published_time\" content=\"2025-05-12T16:08:00+00:00\" \/>\n<meta property=\"og:image\" content=\"https:\/\/www.webdo.tn\/fr\/wp-content\/uploads\/2025\/05\/2d68cf9049335f9bf464a36a96049419.webp\" \/>\n\t<meta property=\"og:image:width\" content=\"750\" \/>\n\t<meta property=\"og:image:height\" content=\"400\" \/>\n\t<meta property=\"og:image:type\" content=\"image\/webp\" \/>\n<meta name=\"author\" content=\"MC\" \/>\n<meta name=\"twitter:card\" content=\"summary_large_image\" \/>\n<meta name=\"twitter:creator\" content=\"@webdo_tn\" \/>\n<meta name=\"twitter:site\" content=\"@webdo_tn\" \/>\n<meta name=\"twitter:label1\" content=\"\u00c9crit par\" \/>\n\t<meta name=\"twitter:data1\" content=\"MC\" \/>\n\t<meta name=\"twitter:label2\" content=\"Dur\u00e9e de lecture estim\u00e9e\" \/>\n\t<meta name=\"twitter:data2\" content=\"2 minutes\" \/>\n<script type=\"application\/ld+json\" class=\"yoast-schema-graph\">{\"@context\":\"https:\\\/\\\/schema.org\",\"@graph\":[{\"@type\":\"NewsArticle\",\"@id\":\"https:\\\/\\\/www.webdo.tn\\\/fr\\\/actualite\\\/national\\\/tunisie-l-arp-s-apprete-a-voter-la-reforme-du-code-du-travail\\\/221912\\\/#article\",\"isPartOf\":{\"@id\":\"https:\\\/\\\/www.webdo.tn\\\/fr\\\/actualite\\\/national\\\/tunisie-l-arp-s-apprete-a-voter-la-reforme-du-code-du-travail\\\/221912\\\/\"},\"author\":{\"name\":\"MC\",\"@id\":\"https:\\\/\\\/www.webdo.tn\\\/fr\\\/#\\\/schema\\\/person\\\/8500bcb8714aee00d99d4d6903fd06d7\"},\"headline\":\"Tunisie : L\u2019ARP s\u2019appr\u00eate \u00e0 voter la r\u00e9forme du Code du travail\",\"datePublished\":\"2025-05-12T16:08:00+00:00\",\"mainEntityOfPage\":{\"@id\":\"https:\\\/\\\/www.webdo.tn\\\/fr\\\/actualite\\\/national\\\/tunisie-l-arp-s-apprete-a-voter-la-reforme-du-code-du-travail\\\/221912\\\/\"},\"wordCount\":346,\"commentCount\":0,\"publisher\":{\"@id\":\"https:\\\/\\\/www.webdo.tn\\\/fr\\\/#organization\"},\"image\":{\"@id\":\"https:\\\/\\\/www.webdo.tn\\\/fr\\\/actualite\\\/national\\\/tunisie-l-arp-s-apprete-a-voter-la-reforme-du-code-du-travail\\\/221912\\\/#primaryimage\"},\"thumbnailUrl\":\"https:\\\/\\\/www.webdo.tn\\\/fr\\\/wp-content\\\/uploads\\\/2025\\\/05\\\/2d68cf9049335f9bf464a36a96049419.webp\",\"keywords\":[\"ARP\",\"assembl\u00e9e\",\"Code du Travail\",\"Parlement\",\"r\u00e9forme\",\"Tunisie\"],\"articleSection\":[\"National\"],\"inLanguage\":\"fr-FR\"},{\"@type\":\"WebPage\",\"@id\":\"https:\\\/\\\/www.webdo.tn\\\/fr\\\/actualite\\\/national\\\/tunisie-l-arp-s-apprete-a-voter-la-reforme-du-code-du-travail\\\/221912\\\/\",\"url\":\"https:\\\/\\\/www.webdo.tn\\\/fr\\\/actualite\\\/national\\\/tunisie-l-arp-s-apprete-a-voter-la-reforme-du-code-du-travail\\\/221912\\\/\",\"name\":\"Tunisie : L\u2019ARP s\u2019appr\u00eate \u00e0 voter la r\u00e9forme du Code du travail\",\"isPartOf\":{\"@id\":\"https:\\\/\\\/www.webdo.tn\\\/fr\\\/#website\"},\"primaryImageOfPage\":{\"@id\":\"https:\\\/\\\/www.webdo.tn\\\/fr\\\/actualite\\\/national\\\/tunisie-l-arp-s-apprete-a-voter-la-reforme-du-code-du-travail\\\/221912\\\/#primaryimage\"},\"image\":{\"@id\":\"https:\\\/\\\/www.webdo.tn\\\/fr\\\/actualite\\\/national\\\/tunisie-l-arp-s-apprete-a-voter-la-reforme-du-code-du-travail\\\/221912\\\/#primaryimage\"},\"thumbnailUrl\":\"https:\\\/\\\/www.webdo.tn\\\/fr\\\/wp-content\\\/uploads\\\/2025\\\/05\\\/2d68cf9049335f9bf464a36a96049419.webp\",\"datePublished\":\"2025-05-12T16:08:00+00:00\",\"description\":\"L\u2019ARP finalisera la semaine prochaine l\u2019adoption des amendements du Code du travail, incluant des mesures contre les abus li\u00e9s \u00e0 la sous-traitance et des ajuste...\",\"breadcrumb\":{\"@id\":\"https:\\\/\\\/www.webdo.tn\\\/fr\\\/actualite\\\/national\\\/tunisie-l-arp-s-apprete-a-voter-la-reforme-du-code-du-travail\\\/221912\\\/#breadcrumb\"},\"inLanguage\":\"fr-FR\",\"potentialAction\":[{\"@type\":\"ReadAction\",\"target\":[\"https:\\\/\\\/www.webdo.tn\\\/fr\\\/actualite\\\/national\\\/tunisie-l-arp-s-apprete-a-voter-la-reforme-du-code-du-travail\\\/221912\\\/\"]}]},{\"@type\":\"ImageObject\",\"inLanguage\":\"fr-FR\",\"@id\":\"https:\\\/\\\/www.webdo.tn\\\/fr\\\/actualite\\\/national\\\/tunisie-l-arp-s-apprete-a-voter-la-reforme-du-code-du-travail\\\/221912\\\/#primaryimage\",\"url\":\"https:\\\/\\\/www.webdo.tn\\\/fr\\\/wp-content\\\/uploads\\\/2025\\\/05\\\/2d68cf9049335f9bf464a36a96049419.webp\",\"contentUrl\":\"https:\\\/\\\/www.webdo.tn\\\/fr\\\/wp-content\\\/uploads\\\/2025\\\/05\\\/2d68cf9049335f9bf464a36a96049419.webp\",\"width\":750,\"height\":400,\"caption\":\"Tunisie : L\u2019ARP s\u2019appr\u00eate \u00e0 voter la r\u00e9forme du Code du travail\"},{\"@type\":\"BreadcrumbList\",\"@id\":\"https:\\\/\\\/www.webdo.tn\\\/fr\\\/actualite\\\/national\\\/tunisie-l-arp-s-apprete-a-voter-la-reforme-du-code-du-travail\\\/221912\\\/#breadcrumb\",\"itemListElement\":[{\"@type\":\"ListItem\",\"position\":1,\"name\":\"Accueil\",\"item\":\"https:\\\/\\\/www.webdo.tn\\\/fr\\\/\"},{\"@type\":\"ListItem\",\"position\":2,\"name\":\"Tunisie : L\u2019ARP s\u2019appr\u00eate \u00e0 voter la r\u00e9forme du Code du travail\"}]},{\"@type\":\"WebSite\",\"@id\":\"https:\\\/\\\/www.webdo.tn\\\/fr\\\/#website\",\"url\":\"https:\\\/\\\/www.webdo.tn\\\/fr\\\/\",\"name\":\"webdo\",\"description\":\"Tunisie - News en Tunisie et \u00e0 l&#039;international sur Webdo.tn\",\"publisher\":{\"@id\":\"https:\\\/\\\/www.webdo.tn\\\/fr\\\/#organization\"},\"potentialAction\":[{\"@type\":\"SearchAction\",\"target\":{\"@type\":\"EntryPoint\",\"urlTemplate\":\"https:\\\/\\\/www.webdo.tn\\\/fr\\\/?s={search_term_string}\"},\"query-input\":{\"@type\":\"PropertyValueSpecification\",\"valueRequired\":true,\"valueName\":\"search_term_string\"}}],\"inLanguage\":\"fr-FR\"},{\"@type\":\"Organization\",\"@id\":\"https:\\\/\\\/www.webdo.tn\\\/fr\\\/#organization\",\"name\":\"Webdo\",\"alternateName\":\"Webdo.tn\",\"url\":\"https:\\\/\\\/www.webdo.tn\\\/fr\\\/\",\"logo\":{\"@type\":\"ImageObject\",\"inLanguage\":\"fr-FR\",\"@id\":\"https:\\\/\\\/www.webdo.tn\\\/fr\\\/#\\\/schema\\\/logo\\\/image\\\/\",\"url\":\"https:\\\/\\\/www.webdo.tn\\\/fr\\\/wp-content\\\/uploads\\\/2025\\\/06\\\/Webdo-Tunisie_168377.jpg\",\"contentUrl\":\"https:\\\/\\\/www.webdo.tn\\\/fr\\\/wp-content\\\/uploads\\\/2025\\\/06\\\/Webdo-Tunisie_168377.jpg\",\"width\":301,\"height\":301,\"caption\":\"Webdo\"},\"image\":{\"@id\":\"https:\\\/\\\/www.webdo.tn\\\/fr\\\/#\\\/schema\\\/logo\\\/image\\\/\"},\"sameAs\":[\"https:\\\/\\\/www.facebook.com\\\/webdotn\",\"https:\\\/\\\/x.com\\\/webdo_tn\"],\"description\":\"Webdo est un m\u00e9dia num\u00e9rique tunisien fond\u00e9 en 2010, sp\u00e9cialis\u00e9 dans l\u2019actualit\u00e9 nationale et internationale, l\u2019\u00e9conomie, la soci\u00e9t\u00e9 et les analyses politiques. Le site s\u2019adresse \u00e0 un large public francophone et couvre l\u2019information tunisienne en temps r\u00e9el.\",\"email\":\"redac@webdo.tn\",\"legalName\":\"YNJ SARL\",\"foundingDate\":\"2010-09-06\",\"numberOfEmployees\":{\"@type\":\"QuantitativeValue\",\"minValue\":\"11\",\"maxValue\":\"50\"}},{\"@type\":\"Person\",\"@id\":\"https:\\\/\\\/www.webdo.tn\\\/fr\\\/#\\\/schema\\\/person\\\/8500bcb8714aee00d99d4d6903fd06d7\",\"name\":\"MC\",\"image\":{\"@type\":\"ImageObject\",\"inLanguage\":\"fr-FR\",\"@id\":\"https:\\\/\\\/secure.gravatar.com\\\/avatar\\\/f608b47029e05639bee9b2fbeb496b6e3ad71093a5aabff97eea23a99d75ad8e?s=96&d=mm&r=g\",\"url\":\"https:\\\/\\\/secure.gravatar.com\\\/avatar\\\/f608b47029e05639bee9b2fbeb496b6e3ad71093a5aabff97eea23a99d75ad8e?s=96&d=mm&r=g\",\"contentUrl\":\"https:\\\/\\\/secure.gravatar.com\\\/avatar\\\/f608b47029e05639bee9b2fbeb496b6e3ad71093a5aabff97eea23a99d75ad8e?s=96&d=mm&r=g\",\"caption\":\"MC\"},\"url\":\"https:\\\/\\\/www.webdo.tn\\\/fr\\\/actualite\\\/author\\\/mc-6\\\/\"}]}<\/script>\n<!-- \/ Yoast SEO Premium plugin. -->","yoast_head_json":{"title":"Tunisie : L\u2019ARP s\u2019appr\u00eate \u00e0 voter la r\u00e9forme du Code du travail","description":"L\u2019ARP finalisera la semaine prochaine l\u2019adoption des amendements du Code du travail, incluant des mesures contre les abus li\u00e9s \u00e0 la sous-traitance et des ajuste...","canonical":"https:\/\/www.webdo.tn\/fr\/actualite\/national\/tunisie-l-arp-s-apprete-a-voter-la-reforme-du-code-du-travail\/221912\/","og_locale":"fr_FR","og_type":"article","og_title":"Tunisie : L\u2019ARP s\u2019appr\u00eate \u00e0 voter la r\u00e9forme du Code du travail","og_description":"L\u2019ARP finalisera la semaine prochaine l\u2019adoption des amendements du Code du travail, incluant des mesures contre les abus li\u00e9s \u00e0 la sous-traitance et des ajuste...","og_url":"https:\/\/www.webdo.tn\/fr\/actualite\/national\/tunisie-l-arp-s-apprete-a-voter-la-reforme-du-code-du-travail\/221912\/","og_site_name":"webdo","article_publisher":"https:\/\/www.facebook.com\/webdotn","article_published_time":"2025-05-12T16:08:00+00:00","og_image":[{"width":750,"height":400,"url":"https:\/\/www.webdo.tn\/fr\/wp-content\/uploads\/2025\/05\/2d68cf9049335f9bf464a36a96049419.webp","type":"image\/webp"}],"author":"MC","twitter_card":"summary_large_image","twitter_creator":"@webdo_tn","twitter_site":"@webdo_tn","twitter_misc":{"\u00c9crit par":"MC","Dur\u00e9e de lecture estim\u00e9e":"2 minutes"},"schema":{"@context":"https:\/\/schema.org","@graph":[{"@type":"NewsArticle","@id":"https:\/\/www.webdo.tn\/fr\/actualite\/national\/tunisie-l-arp-s-apprete-a-voter-la-reforme-du-code-du-travail\/221912\/#article","isPartOf":{"@id":"https:\/\/www.webdo.tn\/fr\/actualite\/national\/tunisie-l-arp-s-apprete-a-voter-la-reforme-du-code-du-travail\/221912\/"},"author":{"name":"MC","@id":"https:\/\/www.webdo.tn\/fr\/#\/schema\/person\/8500bcb8714aee00d99d4d6903fd06d7"},"headline":"Tunisie : L\u2019ARP s\u2019appr\u00eate \u00e0 voter la r\u00e9forme du Code du travail","datePublished":"2025-05-12T16:08:00+00:00","mainEntityOfPage":{"@id":"https:\/\/www.webdo.tn\/fr\/actualite\/national\/tunisie-l-arp-s-apprete-a-voter-la-reforme-du-code-du-travail\/221912\/"},"wordCount":346,"commentCount":0,"publisher":{"@id":"https:\/\/www.webdo.tn\/fr\/#organization"},"image":{"@id":"https:\/\/www.webdo.tn\/fr\/actualite\/national\/tunisie-l-arp-s-apprete-a-voter-la-reforme-du-code-du-travail\/221912\/#primaryimage"},"thumbnailUrl":"https:\/\/www.webdo.tn\/fr\/wp-content\/uploads\/2025\/05\/2d68cf9049335f9bf464a36a96049419.webp","keywords":["ARP","assembl\u00e9e","Code du Travail","Parlement","r\u00e9forme","Tunisie"],"articleSection":["National"],"inLanguage":"fr-FR"},{"@type":"WebPage","@id":"https:\/\/www.webdo.tn\/fr\/actualite\/national\/tunisie-l-arp-s-apprete-a-voter-la-reforme-du-code-du-travail\/221912\/","url":"https:\/\/www.webdo.tn\/fr\/actualite\/national\/tunisie-l-arp-s-apprete-a-voter-la-reforme-du-code-du-travail\/221912\/","name":"Tunisie : L\u2019ARP s\u2019appr\u00eate \u00e0 voter la r\u00e9forme du Code du travail","isPartOf":{"@id":"https:\/\/www.webdo.tn\/fr\/#website"},"primaryImageOfPage":{"@id":"https:\/\/www.webdo.tn\/fr\/actualite\/national\/tunisie-l-arp-s-apprete-a-voter-la-reforme-du-code-du-travail\/221912\/#primaryimage"},"image":{"@id":"https:\/\/www.webdo.tn\/fr\/actualite\/national\/tunisie-l-arp-s-apprete-a-voter-la-reforme-du-code-du-travail\/221912\/#primaryimage"},"thumbnailUrl":"https:\/\/www.webdo.tn\/fr\/wp-content\/uploads\/2025\/05\/2d68cf9049335f9bf464a36a96049419.webp","datePublished":"2025-05-12T16:08:00+00:00","description":"L\u2019ARP finalisera la semaine prochaine l\u2019adoption des amendements du Code du travail, incluant des mesures contre les abus li\u00e9s \u00e0 la sous-traitance et des ajuste...","breadcrumb":{"@id":"https:\/\/www.webdo.tn\/fr\/actualite\/national\/tunisie-l-arp-s-apprete-a-voter-la-reforme-du-code-du-travail\/221912\/#breadcrumb"},"inLanguage":"fr-FR","potentialAction":[{"@type":"ReadAction","target":["https:\/\/www.webdo.tn\/fr\/actualite\/national\/tunisie-l-arp-s-apprete-a-voter-la-reforme-du-code-du-travail\/221912\/"]}]},{"@type":"ImageObject","inLanguage":"fr-FR","@id":"https:\/\/www.webdo.tn\/fr\/actualite\/national\/tunisie-l-arp-s-apprete-a-voter-la-reforme-du-code-du-travail\/221912\/#primaryimage","url":"https:\/\/www.webdo.tn\/fr\/wp-content\/uploads\/2025\/05\/2d68cf9049335f9bf464a36a96049419.webp","contentUrl":"https:\/\/www.webdo.tn\/fr\/wp-content\/uploads\/2025\/05\/2d68cf9049335f9bf464a36a96049419.webp","width":750,"height":400,"caption":"Tunisie : L\u2019ARP s\u2019appr\u00eate \u00e0 voter la r\u00e9forme du Code du travail"},{"@type":"BreadcrumbList","@id":"https:\/\/www.webdo.tn\/fr\/actualite\/national\/tunisie-l-arp-s-apprete-a-voter-la-reforme-du-code-du-travail\/221912\/#breadcrumb","itemListElement":[{"@type":"ListItem","position":1,"name":"Accueil","item":"https:\/\/www.webdo.tn\/fr\/"},{"@type":"ListItem","position":2,"name":"Tunisie : L\u2019ARP s\u2019appr\u00eate \u00e0 voter la r\u00e9forme du Code du travail"}]},{"@type":"WebSite","@id":"https:\/\/www.webdo.tn\/fr\/#website","url":"https:\/\/www.webdo.tn\/fr\/","name":"webdo","description":"Tunisie - News en Tunisie et \u00e0 l&#039;international sur Webdo.tn","publisher":{"@id":"https:\/\/www.webdo.tn\/fr\/#organization"},"potentialAction":[{"@type":"SearchAction","target":{"@type":"EntryPoint","urlTemplate":"https:\/\/www.webdo.tn\/fr\/?s={search_term_string}"},"query-input":{"@type":"PropertyValueSpecification","valueRequired":true,"valueName":"search_term_string"}}],"inLanguage":"fr-FR"},{"@type":"Organization","@id":"https:\/\/www.webdo.tn\/fr\/#organization","name":"Webdo","alternateName":"Webdo.tn","url":"https:\/\/www.webdo.tn\/fr\/","logo":{"@type":"ImageObject","inLanguage":"fr-FR","@id":"https:\/\/www.webdo.tn\/fr\/#\/schema\/logo\/image\/","url":"https:\/\/www.webdo.tn\/fr\/wp-content\/uploads\/2025\/06\/Webdo-Tunisie_168377.jpg","contentUrl":"https:\/\/www.webdo.tn\/fr\/wp-content\/uploads\/2025\/06\/Webdo-Tunisie_168377.jpg","width":301,"height":301,"caption":"Webdo"},"image":{"@id":"https:\/\/www.webdo.tn\/fr\/#\/schema\/logo\/image\/"},"sameAs":["https:\/\/www.facebook.com\/webdotn","https:\/\/x.com\/webdo_tn"],"description":"Webdo est un m\u00e9dia num\u00e9rique tunisien fond\u00e9 en 2010, sp\u00e9cialis\u00e9 dans l\u2019actualit\u00e9 nationale et internationale, l\u2019\u00e9conomie, la soci\u00e9t\u00e9 et les analyses politiques. Le site s\u2019adresse \u00e0 un large public francophone et couvre l\u2019information tunisienne en temps r\u00e9el.","email":"redac@webdo.tn","legalName":"YNJ SARL","foundingDate":"2010-09-06","numberOfEmployees":{"@type":"QuantitativeValue","minValue":"11","maxValue":"50"}},{"@type":"Person","@id":"https:\/\/www.webdo.tn\/fr\/#\/schema\/person\/8500bcb8714aee00d99d4d6903fd06d7","name":"MC","image":{"@type":"ImageObject","inLanguage":"fr-FR","@id":"https:\/\/secure.gravatar.com\/avatar\/f608b47029e05639bee9b2fbeb496b6e3ad71093a5aabff97eea23a99d75ad8e?s=96&d=mm&r=g","url":"https:\/\/secure.gravatar.com\/avatar\/f608b47029e05639bee9b2fbeb496b6e3ad71093a5aabff97eea23a99d75ad8e?s=96&d=mm&r=g","contentUrl":"https:\/\/secure.gravatar.com\/avatar\/f608b47029e05639bee9b2fbeb496b6e3ad71093a5aabff97eea23a99d75ad8e?s=96&d=mm&r=g","caption":"MC"},"url":"https:\/\/www.webdo.tn\/fr\/actualite\/author\/mc-6\/"}]}},"_links":{"self":[{"href":"https:\/\/www.webdo.tn\/fr\/wp-json\/wp\/v2\/posts\/221912","targetHints":{"allow":["GET"]}}],"collection":[{"href":"https:\/\/www.webdo.tn\/fr\/wp-json\/wp\/v2\/posts"}],"about":[{"href":"https:\/\/www.webdo.tn\/fr\/wp-json\/wp\/v2\/types\/post"}],"author":[{"embeddable":true,"href":"https:\/\/www.webdo.tn\/fr\/wp-json\/wp\/v2\/users\/5338"}],"replies":[{"embeddable":true,"href":"https:\/\/www.webdo.tn\/fr\/wp-json\/wp\/v2\/comments?post=221912"}],"version-history":[{"count":0,"href":"https:\/\/www.webdo.tn\/fr\/wp-json\/wp\/v2\/posts\/221912\/revisions"}],"wp:featuredmedia":[{"embeddable":true,"href":"https:\/\/www.webdo.tn\/fr\/wp-json\/wp\/v2\/media\/376439"}],"wp:attachment":[{"href":"https:\/\/www.webdo.tn\/fr\/wp-json\/wp\/v2\/media?parent=221912"}],"wp:term":[{"taxonomy":"category","embeddable":true,"href":"https:\/\/www.webdo.tn\/fr\/wp-json\/wp\/v2\/categories?post=221912"},{"taxonomy":"post_tag","embeddable":true,"href":"https:\/\/www.webdo.tn\/fr\/wp-json\/wp\/v2\/tags?post=221912"}],"curies":[{"name":"wp","href":"https:\/\/api.w.org\/{rel}","templated":true}]}}