{"id":221896,"date":"2025-05-11T12:43:00","date_gmt":"2025-05-11T12:43:00","guid":{"rendered":"https:\/\/www.webdo.tn\/fr\/blog\/tunisie-aid-al-idhha-l-etat-va-fixer-les-prix-des-moutons\/221896\/"},"modified":"2025-05-20T22:23:38","modified_gmt":"2025-05-20T22:23:38","slug":"tunisie-aid-al-idhha-l-etat-va-fixer-les-prix-des-moutons","status":"publish","type":"post","link":"https:\/\/www.webdo.tn\/fr\/actualite\/national\/tunisie-aid-al-idhha-l-etat-va-fixer-les-prix-des-moutons\/221896\/","title":{"rendered":"Tunisie &#8211; A\u00efd Al-Idhha : L\u2019\u00c9tat va fixer les prix des moutons"},"content":{"rendered":"<p>\u00c0 l\u2019occasion de l\u2019inauguration d\u2019un point de vente du producteur au consommateur ce dimanche 11 mai 2025, sur l\u2019avenue Habib Bourguiba \u00e0 Tunis, le ministre de l\u2019Agriculture, des Ressources hydrauliques et de la P\u00eache maritime, Ezzeddine Ben Cheikh, a annonc\u00e9 que la fixation des prix des moutons pour l\u2019A\u00efd Al Idhha sera assur\u00e9e directement par son d\u00e9partement.<\/p>\n<p>\t\t\t\t\t\t\t\t\tCette annonce intervient dans le cadre de la c\u00e9l\u00e9bration de la Journ\u00e9e nationale de l\u2019agriculture et d\u2019une volont\u00e9 affirm\u00e9e de limiter les sp\u00e9culations et de garantir l\u2019accessibilit\u00e9 des produits agricoles, notamment les ovins, en cette p\u00e9riode sensible.<\/p>\n<p>On peut comprendre que les prix seront fix\u00e9s en coordination avec les diff\u00e9rentes parties prenantes du secteur, afin qu\u2019ils soient \u00e0 la fois raisonnables pour les consommateurs et \u00e9quitables pour les \u00e9leveurs.\u00a0<\/p>\n<p>Le ministre a\u00a0tenu \u00e0 rassurer \u00e9galement que les moutons de sacrifice seront disponibles en quantit\u00e9s suffisantes, et les prix appliqu\u00e9s dans les points de vente seront \u00ab\u00a0pr\u00e9f\u00e9rentiels et accessibles\u00a0\u00bb.<\/p>\n","protected":false},"excerpt":{"rendered":"<p>\u00c0 l\u2019approche de l\u2019A\u00efd el-Kebir, le minist\u00e8re de l\u2019Agriculture annonce qu\u2019il fixera les prix des moutons. Une mesure qui vise \u00e0 prot\u00e9ger le pouvoir d\u2019achat des c&#8230;<\/p>\n","protected":false},"author":3163,"featured_media":301831,"comment_status":"open","ping_status":"closed","sticky":false,"template":"","format":"standard","meta":{"footnotes":""},"categories":[44],"tags":[8032,2609,2608],"class_list":["post-221896","post","type-post","status-publish","format-standard","has-post-thumbnail","hentry","category-national","tag-mouton","tag-prix","tag-tunisie"],"yoast_head":"<!-- This site is optimized with the Yoast SEO Premium plugin v27.5 (Yoast SEO v27.5) - https:\/\/yoast.com\/product\/yoast-seo-premium-wordpress\/ -->\n<title>Tunisie - A\u00efd Al-Idhha : L\u2019\u00c9tat va fixer les prix des moutons<\/title>\n<meta name=\"description\" content=\"\u00c0 l\u2019approche de l\u2019A\u00efd el-Kebir, le minist\u00e8re de l\u2019Agriculture annonce qu\u2019il fixera les prix des moutons. Une mesure qui vise \u00e0 prot\u00e9ger le pouvoir d\u2019achat des c...\" \/>\n<link rel=\"canonical\" href=\"https:\/\/www.webdo.tn\/fr\/actualite\/national\/tunisie-aid-al-idhha-l-etat-va-fixer-les-prix-des-moutons\/221896\/\" \/>\n<meta property=\"og:locale\" content=\"fr_FR\" \/>\n<meta property=\"og:type\" content=\"article\" \/>\n<meta property=\"og:title\" content=\"Tunisie - A\u00efd Al-Idhha : L\u2019\u00c9tat va fixer les prix des moutons\" \/>\n<meta property=\"og:description\" content=\"\u00c0 l\u2019approche de l\u2019A\u00efd el-Kebir, le minist\u00e8re de l\u2019Agriculture annonce qu\u2019il fixera les prix des moutons. Une mesure qui vise \u00e0 prot\u00e9ger le pouvoir d\u2019achat des c...\" \/>\n<meta property=\"og:url\" content=\"https:\/\/www.webdo.tn\/fr\/actualite\/national\/tunisie-aid-al-idhha-l-etat-va-fixer-les-prix-des-moutons\/221896\/\" \/>\n<meta property=\"og:site_name\" content=\"webdo\" \/>\n<meta property=\"article:publisher\" content=\"https:\/\/www.facebook.com\/webdotn\" \/>\n<meta property=\"article:published_time\" content=\"2025-05-11T12:43:00+00:00\" \/>\n<meta property=\"article:modified_time\" content=\"2025-05-20T22:23:38+00:00\" \/>\n<meta property=\"og:image\" content=\"https:\/\/www.webdo.tn\/fr\/wp-content\/uploads\/2025\/05\/25980d2566963051aec9e1e943566c2e.webp\" \/>\n\t<meta property=\"og:image:width\" content=\"750\" \/>\n\t<meta property=\"og:image:height\" content=\"400\" \/>\n\t<meta property=\"og:image:type\" content=\"image\/webp\" \/>\n<meta name=\"author\" content=\"KJ\" \/>\n<meta name=\"twitter:card\" content=\"summary_large_image\" \/>\n<meta name=\"twitter:creator\" content=\"@webdo_tn\" \/>\n<meta name=\"twitter:site\" content=\"@webdo_tn\" \/>\n<meta name=\"twitter:label1\" content=\"\u00c9crit par\" \/>\n\t<meta name=\"twitter:data1\" content=\"KJ\" \/>\n\t<meta name=\"twitter:label2\" content=\"Dur\u00e9e de lecture estim\u00e9e\" \/>\n\t<meta name=\"twitter:data2\" content=\"1 minute\" \/>\n<script type=\"application\/ld+json\" class=\"yoast-schema-graph\">{\"@context\":\"https:\\\/\\\/schema.org\",\"@graph\":[{\"@type\":\"NewsArticle\",\"@id\":\"https:\\\/\\\/www.webdo.tn\\\/fr\\\/actualite\\\/national\\\/tunisie-aid-al-idhha-l-etat-va-fixer-les-prix-des-moutons\\\/221896\\\/#article\",\"isPartOf\":{\"@id\":\"https:\\\/\\\/www.webdo.tn\\\/fr\\\/actualite\\\/national\\\/tunisie-aid-al-idhha-l-etat-va-fixer-les-prix-des-moutons\\\/221896\\\/\"},\"author\":{\"name\":\"KJ\",\"@id\":\"https:\\\/\\\/www.webdo.tn\\\/fr\\\/#\\\/schema\\\/person\\\/82ca085b22037d285e1a3c4b65ba5f71\"},\"headline\":\"Tunisie &#8211; A\u00efd Al-Idhha : L\u2019\u00c9tat va fixer les prix des moutons\",\"datePublished\":\"2025-05-11T12:43:00+00:00\",\"dateModified\":\"2025-05-20T22:23:38+00:00\",\"mainEntityOfPage\":{\"@id\":\"https:\\\/\\\/www.webdo.tn\\\/fr\\\/actualite\\\/national\\\/tunisie-aid-al-idhha-l-etat-va-fixer-les-prix-des-moutons\\\/221896\\\/\"},\"wordCount\":189,\"commentCount\":0,\"publisher\":{\"@id\":\"https:\\\/\\\/www.webdo.tn\\\/fr\\\/#organization\"},\"image\":{\"@id\":\"https:\\\/\\\/www.webdo.tn\\\/fr\\\/actualite\\\/national\\\/tunisie-aid-al-idhha-l-etat-va-fixer-les-prix-des-moutons\\\/221896\\\/#primaryimage\"},\"thumbnailUrl\":\"https:\\\/\\\/www.webdo.tn\\\/fr\\\/wp-content\\\/uploads\\\/2025\\\/05\\\/25980d2566963051aec9e1e943566c2e.webp\",\"keywords\":[\"mouton\",\"prix\",\"Tunisie\"],\"articleSection\":[\"National\"],\"inLanguage\":\"fr-FR\"},{\"@type\":\"WebPage\",\"@id\":\"https:\\\/\\\/www.webdo.tn\\\/fr\\\/actualite\\\/national\\\/tunisie-aid-al-idhha-l-etat-va-fixer-les-prix-des-moutons\\\/221896\\\/\",\"url\":\"https:\\\/\\\/www.webdo.tn\\\/fr\\\/actualite\\\/national\\\/tunisie-aid-al-idhha-l-etat-va-fixer-les-prix-des-moutons\\\/221896\\\/\",\"name\":\"Tunisie - A\u00efd Al-Idhha : L\u2019\u00c9tat va fixer les prix des moutons\",\"isPartOf\":{\"@id\":\"https:\\\/\\\/www.webdo.tn\\\/fr\\\/#website\"},\"primaryImageOfPage\":{\"@id\":\"https:\\\/\\\/www.webdo.tn\\\/fr\\\/actualite\\\/national\\\/tunisie-aid-al-idhha-l-etat-va-fixer-les-prix-des-moutons\\\/221896\\\/#primaryimage\"},\"image\":{\"@id\":\"https:\\\/\\\/www.webdo.tn\\\/fr\\\/actualite\\\/national\\\/tunisie-aid-al-idhha-l-etat-va-fixer-les-prix-des-moutons\\\/221896\\\/#primaryimage\"},\"thumbnailUrl\":\"https:\\\/\\\/www.webdo.tn\\\/fr\\\/wp-content\\\/uploads\\\/2025\\\/05\\\/25980d2566963051aec9e1e943566c2e.webp\",\"datePublished\":\"2025-05-11T12:43:00+00:00\",\"dateModified\":\"2025-05-20T22:23:38+00:00\",\"description\":\"\u00c0 l\u2019approche de l\u2019A\u00efd el-Kebir, le minist\u00e8re de l\u2019Agriculture annonce qu\u2019il fixera les prix des moutons. Une mesure qui vise \u00e0 prot\u00e9ger le pouvoir d\u2019achat des c...\",\"breadcrumb\":{\"@id\":\"https:\\\/\\\/www.webdo.tn\\\/fr\\\/actualite\\\/national\\\/tunisie-aid-al-idhha-l-etat-va-fixer-les-prix-des-moutons\\\/221896\\\/#breadcrumb\"},\"inLanguage\":\"fr-FR\",\"potentialAction\":[{\"@type\":\"ReadAction\",\"target\":[\"https:\\\/\\\/www.webdo.tn\\\/fr\\\/actualite\\\/national\\\/tunisie-aid-al-idhha-l-etat-va-fixer-les-prix-des-moutons\\\/221896\\\/\"]}]},{\"@type\":\"ImageObject\",\"inLanguage\":\"fr-FR\",\"@id\":\"https:\\\/\\\/www.webdo.tn\\\/fr\\\/actualite\\\/national\\\/tunisie-aid-al-idhha-l-etat-va-fixer-les-prix-des-moutons\\\/221896\\\/#primaryimage\",\"url\":\"https:\\\/\\\/www.webdo.tn\\\/fr\\\/wp-content\\\/uploads\\\/2025\\\/05\\\/25980d2566963051aec9e1e943566c2e.webp\",\"contentUrl\":\"https:\\\/\\\/www.webdo.tn\\\/fr\\\/wp-content\\\/uploads\\\/2025\\\/05\\\/25980d2566963051aec9e1e943566c2e.webp\",\"width\":750,\"height\":400,\"caption\":\"Tunisie - A\u00efd Al-Idhha : L\u2019\u00c9tat va fixer les prix des moutons\"},{\"@type\":\"BreadcrumbList\",\"@id\":\"https:\\\/\\\/www.webdo.tn\\\/fr\\\/actualite\\\/national\\\/tunisie-aid-al-idhha-l-etat-va-fixer-les-prix-des-moutons\\\/221896\\\/#breadcrumb\",\"itemListElement\":[{\"@type\":\"ListItem\",\"position\":1,\"name\":\"Accueil\",\"item\":\"https:\\\/\\\/www.webdo.tn\\\/fr\\\/\"},{\"@type\":\"ListItem\",\"position\":2,\"name\":\"Tunisie &#8211; A\u00efd Al-Idhha : L\u2019\u00c9tat va fixer les prix des moutons\"}]},{\"@type\":\"WebSite\",\"@id\":\"https:\\\/\\\/www.webdo.tn\\\/fr\\\/#website\",\"url\":\"https:\\\/\\\/www.webdo.tn\\\/fr\\\/\",\"name\":\"webdo\",\"description\":\"Tunisie - News en Tunisie et \u00e0 l&#039;international sur Webdo.tn\",\"publisher\":{\"@id\":\"https:\\\/\\\/www.webdo.tn\\\/fr\\\/#organization\"},\"potentialAction\":[{\"@type\":\"SearchAction\",\"target\":{\"@type\":\"EntryPoint\",\"urlTemplate\":\"https:\\\/\\\/www.webdo.tn\\\/fr\\\/?s={search_term_string}\"},\"query-input\":{\"@type\":\"PropertyValueSpecification\",\"valueRequired\":true,\"valueName\":\"search_term_string\"}}],\"inLanguage\":\"fr-FR\"},{\"@type\":\"Organization\",\"@id\":\"https:\\\/\\\/www.webdo.tn\\\/fr\\\/#organization\",\"name\":\"Webdo\",\"alternateName\":\"Webdo.tn\",\"url\":\"https:\\\/\\\/www.webdo.tn\\\/fr\\\/\",\"logo\":{\"@type\":\"ImageObject\",\"inLanguage\":\"fr-FR\",\"@id\":\"https:\\\/\\\/www.webdo.tn\\\/fr\\\/#\\\/schema\\\/logo\\\/image\\\/\",\"url\":\"https:\\\/\\\/www.webdo.tn\\\/fr\\\/wp-content\\\/uploads\\\/2025\\\/06\\\/Webdo-Tunisie_168377.jpg\",\"contentUrl\":\"https:\\\/\\\/www.webdo.tn\\\/fr\\\/wp-content\\\/uploads\\\/2025\\\/06\\\/Webdo-Tunisie_168377.jpg\",\"width\":301,\"height\":301,\"caption\":\"Webdo\"},\"image\":{\"@id\":\"https:\\\/\\\/www.webdo.tn\\\/fr\\\/#\\\/schema\\\/logo\\\/image\\\/\"},\"sameAs\":[\"https:\\\/\\\/www.facebook.com\\\/webdotn\",\"https:\\\/\\\/x.com\\\/webdo_tn\"],\"description\":\"Webdo est un m\u00e9dia num\u00e9rique tunisien fond\u00e9 en 2010, sp\u00e9cialis\u00e9 dans l\u2019actualit\u00e9 nationale et internationale, l\u2019\u00e9conomie, la soci\u00e9t\u00e9 et les analyses politiques. Le site s\u2019adresse \u00e0 un large public francophone et couvre l\u2019information tunisienne en temps r\u00e9el.\",\"email\":\"redac@webdo.tn\",\"legalName\":\"YNJ SARL\",\"foundingDate\":\"2010-09-06\",\"numberOfEmployees\":{\"@type\":\"QuantitativeValue\",\"minValue\":\"11\",\"maxValue\":\"50\"}},{\"@type\":\"Person\",\"@id\":\"https:\\\/\\\/www.webdo.tn\\\/fr\\\/#\\\/schema\\\/person\\\/82ca085b22037d285e1a3c4b65ba5f71\",\"name\":\"KJ\",\"image\":{\"@type\":\"ImageObject\",\"inLanguage\":\"fr-FR\",\"@id\":\"https:\\\/\\\/secure.gravatar.com\\\/avatar\\\/1a1320de1c1971c893f00068f760b4113d69504aa21273da17ee95650c5944fd?s=96&d=mm&r=g\",\"url\":\"https:\\\/\\\/secure.gravatar.com\\\/avatar\\\/1a1320de1c1971c893f00068f760b4113d69504aa21273da17ee95650c5944fd?s=96&d=mm&r=g\",\"contentUrl\":\"https:\\\/\\\/secure.gravatar.com\\\/avatar\\\/1a1320de1c1971c893f00068f760b4113d69504aa21273da17ee95650c5944fd?s=96&d=mm&r=g\",\"caption\":\"KJ\"},\"url\":\"https:\\\/\\\/www.webdo.tn\\\/fr\\\/actualite\\\/author\\\/kj\\\/\"}]}<\/script>\n<!-- \/ Yoast SEO Premium plugin. -->","yoast_head_json":{"title":"Tunisie - A\u00efd Al-Idhha : L\u2019\u00c9tat va fixer les prix des moutons","description":"\u00c0 l\u2019approche de l\u2019A\u00efd el-Kebir, le minist\u00e8re de l\u2019Agriculture annonce qu\u2019il fixera les prix des moutons. Une mesure qui vise \u00e0 prot\u00e9ger le pouvoir d\u2019achat des c...","canonical":"https:\/\/www.webdo.tn\/fr\/actualite\/national\/tunisie-aid-al-idhha-l-etat-va-fixer-les-prix-des-moutons\/221896\/","og_locale":"fr_FR","og_type":"article","og_title":"Tunisie - A\u00efd Al-Idhha : L\u2019\u00c9tat va fixer les prix des moutons","og_description":"\u00c0 l\u2019approche de l\u2019A\u00efd el-Kebir, le minist\u00e8re de l\u2019Agriculture annonce qu\u2019il fixera les prix des moutons. Une mesure qui vise \u00e0 prot\u00e9ger le pouvoir d\u2019achat des c...","og_url":"https:\/\/www.webdo.tn\/fr\/actualite\/national\/tunisie-aid-al-idhha-l-etat-va-fixer-les-prix-des-moutons\/221896\/","og_site_name":"webdo","article_publisher":"https:\/\/www.facebook.com\/webdotn","article_published_time":"2025-05-11T12:43:00+00:00","article_modified_time":"2025-05-20T22:23:38+00:00","og_image":[{"width":750,"height":400,"url":"https:\/\/www.webdo.tn\/fr\/wp-content\/uploads\/2025\/05\/25980d2566963051aec9e1e943566c2e.webp","type":"image\/webp"}],"author":"KJ","twitter_card":"summary_large_image","twitter_creator":"@webdo_tn","twitter_site":"@webdo_tn","twitter_misc":{"\u00c9crit par":"KJ","Dur\u00e9e de lecture estim\u00e9e":"1 minute"},"schema":{"@context":"https:\/\/schema.org","@graph":[{"@type":"NewsArticle","@id":"https:\/\/www.webdo.tn\/fr\/actualite\/national\/tunisie-aid-al-idhha-l-etat-va-fixer-les-prix-des-moutons\/221896\/#article","isPartOf":{"@id":"https:\/\/www.webdo.tn\/fr\/actualite\/national\/tunisie-aid-al-idhha-l-etat-va-fixer-les-prix-des-moutons\/221896\/"},"author":{"name":"KJ","@id":"https:\/\/www.webdo.tn\/fr\/#\/schema\/person\/82ca085b22037d285e1a3c4b65ba5f71"},"headline":"Tunisie &#8211; A\u00efd Al-Idhha : L\u2019\u00c9tat va fixer les prix des moutons","datePublished":"2025-05-11T12:43:00+00:00","dateModified":"2025-05-20T22:23:38+00:00","mainEntityOfPage":{"@id":"https:\/\/www.webdo.tn\/fr\/actualite\/national\/tunisie-aid-al-idhha-l-etat-va-fixer-les-prix-des-moutons\/221896\/"},"wordCount":189,"commentCount":0,"publisher":{"@id":"https:\/\/www.webdo.tn\/fr\/#organization"},"image":{"@id":"https:\/\/www.webdo.tn\/fr\/actualite\/national\/tunisie-aid-al-idhha-l-etat-va-fixer-les-prix-des-moutons\/221896\/#primaryimage"},"thumbnailUrl":"https:\/\/www.webdo.tn\/fr\/wp-content\/uploads\/2025\/05\/25980d2566963051aec9e1e943566c2e.webp","keywords":["mouton","prix","Tunisie"],"articleSection":["National"],"inLanguage":"fr-FR"},{"@type":"WebPage","@id":"https:\/\/www.webdo.tn\/fr\/actualite\/national\/tunisie-aid-al-idhha-l-etat-va-fixer-les-prix-des-moutons\/221896\/","url":"https:\/\/www.webdo.tn\/fr\/actualite\/national\/tunisie-aid-al-idhha-l-etat-va-fixer-les-prix-des-moutons\/221896\/","name":"Tunisie - A\u00efd Al-Idhha : L\u2019\u00c9tat va fixer les prix des moutons","isPartOf":{"@id":"https:\/\/www.webdo.tn\/fr\/#website"},"primaryImageOfPage":{"@id":"https:\/\/www.webdo.tn\/fr\/actualite\/national\/tunisie-aid-al-idhha-l-etat-va-fixer-les-prix-des-moutons\/221896\/#primaryimage"},"image":{"@id":"https:\/\/www.webdo.tn\/fr\/actualite\/national\/tunisie-aid-al-idhha-l-etat-va-fixer-les-prix-des-moutons\/221896\/#primaryimage"},"thumbnailUrl":"https:\/\/www.webdo.tn\/fr\/wp-content\/uploads\/2025\/05\/25980d2566963051aec9e1e943566c2e.webp","datePublished":"2025-05-11T12:43:00+00:00","dateModified":"2025-05-20T22:23:38+00:00","description":"\u00c0 l\u2019approche de l\u2019A\u00efd el-Kebir, le minist\u00e8re de l\u2019Agriculture annonce qu\u2019il fixera les prix des moutons. Une mesure qui vise \u00e0 prot\u00e9ger le pouvoir d\u2019achat des c...","breadcrumb":{"@id":"https:\/\/www.webdo.tn\/fr\/actualite\/national\/tunisie-aid-al-idhha-l-etat-va-fixer-les-prix-des-moutons\/221896\/#breadcrumb"},"inLanguage":"fr-FR","potentialAction":[{"@type":"ReadAction","target":["https:\/\/www.webdo.tn\/fr\/actualite\/national\/tunisie-aid-al-idhha-l-etat-va-fixer-les-prix-des-moutons\/221896\/"]}]},{"@type":"ImageObject","inLanguage":"fr-FR","@id":"https:\/\/www.webdo.tn\/fr\/actualite\/national\/tunisie-aid-al-idhha-l-etat-va-fixer-les-prix-des-moutons\/221896\/#primaryimage","url":"https:\/\/www.webdo.tn\/fr\/wp-content\/uploads\/2025\/05\/25980d2566963051aec9e1e943566c2e.webp","contentUrl":"https:\/\/www.webdo.tn\/fr\/wp-content\/uploads\/2025\/05\/25980d2566963051aec9e1e943566c2e.webp","width":750,"height":400,"caption":"Tunisie - A\u00efd Al-Idhha : L\u2019\u00c9tat va fixer les prix des moutons"},{"@type":"BreadcrumbList","@id":"https:\/\/www.webdo.tn\/fr\/actualite\/national\/tunisie-aid-al-idhha-l-etat-va-fixer-les-prix-des-moutons\/221896\/#breadcrumb","itemListElement":[{"@type":"ListItem","position":1,"name":"Accueil","item":"https:\/\/www.webdo.tn\/fr\/"},{"@type":"ListItem","position":2,"name":"Tunisie &#8211; A\u00efd Al-Idhha : L\u2019\u00c9tat va fixer les prix des moutons"}]},{"@type":"WebSite","@id":"https:\/\/www.webdo.tn\/fr\/#website","url":"https:\/\/www.webdo.tn\/fr\/","name":"webdo","description":"Tunisie - News en Tunisie et \u00e0 l&#039;international sur Webdo.tn","publisher":{"@id":"https:\/\/www.webdo.tn\/fr\/#organization"},"potentialAction":[{"@type":"SearchAction","target":{"@type":"EntryPoint","urlTemplate":"https:\/\/www.webdo.tn\/fr\/?s={search_term_string}"},"query-input":{"@type":"PropertyValueSpecification","valueRequired":true,"valueName":"search_term_string"}}],"inLanguage":"fr-FR"},{"@type":"Organization","@id":"https:\/\/www.webdo.tn\/fr\/#organization","name":"Webdo","alternateName":"Webdo.tn","url":"https:\/\/www.webdo.tn\/fr\/","logo":{"@type":"ImageObject","inLanguage":"fr-FR","@id":"https:\/\/www.webdo.tn\/fr\/#\/schema\/logo\/image\/","url":"https:\/\/www.webdo.tn\/fr\/wp-content\/uploads\/2025\/06\/Webdo-Tunisie_168377.jpg","contentUrl":"https:\/\/www.webdo.tn\/fr\/wp-content\/uploads\/2025\/06\/Webdo-Tunisie_168377.jpg","width":301,"height":301,"caption":"Webdo"},"image":{"@id":"https:\/\/www.webdo.tn\/fr\/#\/schema\/logo\/image\/"},"sameAs":["https:\/\/www.facebook.com\/webdotn","https:\/\/x.com\/webdo_tn"],"description":"Webdo est un m\u00e9dia num\u00e9rique tunisien fond\u00e9 en 2010, sp\u00e9cialis\u00e9 dans l\u2019actualit\u00e9 nationale et internationale, l\u2019\u00e9conomie, la soci\u00e9t\u00e9 et les analyses politiques. Le site s\u2019adresse \u00e0 un large public francophone et couvre l\u2019information tunisienne en temps r\u00e9el.","email":"redac@webdo.tn","legalName":"YNJ SARL","foundingDate":"2010-09-06","numberOfEmployees":{"@type":"QuantitativeValue","minValue":"11","maxValue":"50"}},{"@type":"Person","@id":"https:\/\/www.webdo.tn\/fr\/#\/schema\/person\/82ca085b22037d285e1a3c4b65ba5f71","name":"KJ","image":{"@type":"ImageObject","inLanguage":"fr-FR","@id":"https:\/\/secure.gravatar.com\/avatar\/1a1320de1c1971c893f00068f760b4113d69504aa21273da17ee95650c5944fd?s=96&d=mm&r=g","url":"https:\/\/secure.gravatar.com\/avatar\/1a1320de1c1971c893f00068f760b4113d69504aa21273da17ee95650c5944fd?s=96&d=mm&r=g","contentUrl":"https:\/\/secure.gravatar.com\/avatar\/1a1320de1c1971c893f00068f760b4113d69504aa21273da17ee95650c5944fd?s=96&d=mm&r=g","caption":"KJ"},"url":"https:\/\/www.webdo.tn\/fr\/actualite\/author\/kj\/"}]}},"_links":{"self":[{"href":"https:\/\/www.webdo.tn\/fr\/wp-json\/wp\/v2\/posts\/221896","targetHints":{"allow":["GET"]}}],"collection":[{"href":"https:\/\/www.webdo.tn\/fr\/wp-json\/wp\/v2\/posts"}],"about":[{"href":"https:\/\/www.webdo.tn\/fr\/wp-json\/wp\/v2\/types\/post"}],"author":[{"embeddable":true,"href":"https:\/\/www.webdo.tn\/fr\/wp-json\/wp\/v2\/users\/3163"}],"replies":[{"embeddable":true,"href":"https:\/\/www.webdo.tn\/fr\/wp-json\/wp\/v2\/comments?post=221896"}],"version-history":[{"count":0,"href":"https:\/\/www.webdo.tn\/fr\/wp-json\/wp\/v2\/posts\/221896\/revisions"}],"wp:featuredmedia":[{"embeddable":true,"href":"https:\/\/www.webdo.tn\/fr\/wp-json\/wp\/v2\/media\/301831"}],"wp:attachment":[{"href":"https:\/\/www.webdo.tn\/fr\/wp-json\/wp\/v2\/media?parent=221896"}],"wp:term":[{"taxonomy":"category","embeddable":true,"href":"https:\/\/www.webdo.tn\/fr\/wp-json\/wp\/v2\/categories?post=221896"},{"taxonomy":"post_tag","embeddable":true,"href":"https:\/\/www.webdo.tn\/fr\/wp-json\/wp\/v2\/tags?post=221896"}],"curies":[{"name":"wp","href":"https:\/\/api.w.org\/{rel}","templated":true}]}}