{"id":221892,"date":"2025-05-11T10:07:00","date_gmt":"2025-05-11T10:07:00","guid":{"rendered":"https:\/\/www.webdo.tn\/fr\/actualite\/blog\/tunisie-deces-de-l-animateur-radio-adel-youssef-a-l-age-de-86-ans\/221892\/"},"modified":"2025-05-11T10:07:00","modified_gmt":"2025-05-11T10:07:00","slug":"tunisie-deces-de-l-animateur-radio-adel-youssef-a-l-age-de-86-ans","status":"publish","type":"post","link":"https:\/\/www.webdo.tn\/fr\/actualite\/national\/tunisie-deces-de-l-animateur-radio-adel-youssef-a-l-age-de-86-ans\/221892\/","title":{"rendered":"Tunisie : D\u00e9c\u00e8s de l\u2019animateur radio Adel Youssef \u00e0 l\u2019\u00e2ge de 86 ans"},"content":{"rendered":"<p>L\u2019animateur radio embl\u00e9matique Adel Youssef, figure incontournable de la radio tunisienne, est d\u00e9c\u00e9d\u00e9 ce dimanche \u00e0 l\u2019\u00e2ge de 86 ans, selon une annonce publi\u00e9e par la Radio tunisienne sur sa page Facebook.<\/p>\n<p>N\u00e9 le 29 octobre 1939 sous le nom de Adel Awad Abdel Latif, Adel Youssef est le fils d\u2019un p\u00e8re \u00e9gyptien et d\u2019une m\u00e8re tunisienne.<\/p>\n<p>Surnomm\u00e9 par le public le \u00ab\u00a0rossignol de la radio\u00a0\u00bb, il a pass\u00e9 plus de 50 ans derri\u00e8re le micro.<\/p>\n<p>Il commence sa carri\u00e8re radiophonique en 1952 au sein du d\u00e9partement de th\u00e9\u00e2tre, avant de s\u2019absenter trois ans puis de revenir en 1959 pour poursuivre sa carri\u00e8re jusqu\u2019en 2005.\u00a0<\/p>\n<p>Il s\u2019est particuli\u00e8rement fait conna\u00eetre gr\u00e2ce \u00e0 l\u2019\u00e9mission \u00ab\u00a0Ibra wa Nagham\u00a0\u00bb (Le\u00e7on et m\u00e9lodie), ainsi que l\u2019\u00e9mission ramadanesque \u00ab\u00a0Tahiyat al-Ghoroub\u00a0\u00bb (Hommage au cr\u00e9puscule), rebaptis\u00e9e plus tard \u00ab\u00a0Ramadhan Mal\u2019an Qulubina\u00a0\u00bb (Le Ramadan emplit nos c\u0153urs), diffus\u00e9e sans interruption pendant 40 ans.<\/p>\n","protected":false},"excerpt":{"rendered":"<p>Le c\u00e9l\u00e8bre animateur de la radio tunisienne Adel Youssef est d\u00e9c\u00e9d\u00e9 \u00e0 l\u2019\u00e2ge de 86 ans. Figure embl\u00e9matique du paysage radiophonique, il a marqu\u00e9 des g\u00e9n\u00e9rations&#8230;<\/p>\n","protected":false},"author":5338,"featured_media":376434,"comment_status":"open","ping_status":"closed","sticky":false,"template":"","format":"standard","meta":{"footnotes":""},"categories":[44],"tags":[11826,2830,6980,2608],"class_list":["post-221892","post","type-post","status-publish","format-standard","has-post-thumbnail","hentry","category-national","tag-adel-youssef","tag-deces","tag-radio","tag-tunisie"],"yoast_head":"<!-- This site is optimized with the Yoast SEO Premium plugin v27.5 (Yoast SEO v27.5) - https:\/\/yoast.com\/product\/yoast-seo-premium-wordpress\/ -->\n<title>Tunisie : D\u00e9c\u00e8s de l\u2019animateur radio Adel Youssef \u00e0 l\u2019\u00e2ge de 86 ans<\/title>\n<meta name=\"description\" content=\"Le c\u00e9l\u00e8bre animateur de la radio tunisienne Adel Youssef est d\u00e9c\u00e9d\u00e9 \u00e0 l\u2019\u00e2ge de 86 ans. Figure embl\u00e9matique du paysage radiophonique, il a marqu\u00e9 des g\u00e9n\u00e9rations...\" \/>\n<link rel=\"canonical\" href=\"https:\/\/www.webdo.tn\/fr\/actualite\/national\/tunisie-deces-de-l-animateur-radio-adel-youssef-a-l-age-de-86-ans\/221892\/\" \/>\n<meta property=\"og:locale\" content=\"fr_FR\" \/>\n<meta property=\"og:type\" content=\"article\" \/>\n<meta property=\"og:title\" content=\"Tunisie : D\u00e9c\u00e8s de l\u2019animateur radio Adel Youssef \u00e0 l\u2019\u00e2ge de 86 ans\" \/>\n<meta property=\"og:description\" content=\"Le c\u00e9l\u00e8bre animateur de la radio tunisienne Adel Youssef est d\u00e9c\u00e9d\u00e9 \u00e0 l\u2019\u00e2ge de 86 ans. Figure embl\u00e9matique du paysage radiophonique, il a marqu\u00e9 des g\u00e9n\u00e9rations...\" \/>\n<meta property=\"og:url\" content=\"https:\/\/www.webdo.tn\/fr\/actualite\/national\/tunisie-deces-de-l-animateur-radio-adel-youssef-a-l-age-de-86-ans\/221892\/\" \/>\n<meta property=\"og:site_name\" content=\"webdo\" \/>\n<meta property=\"article:publisher\" content=\"https:\/\/www.facebook.com\/webdotn\" \/>\n<meta property=\"article:published_time\" content=\"2025-05-11T10:07:00+00:00\" \/>\n<meta property=\"og:image\" content=\"https:\/\/www.webdo.tn\/fr\/wp-content\/uploads\/2025\/05\/ee94a2f4481e83844412473917ed9a2b.webp\" \/>\n\t<meta property=\"og:image:width\" content=\"750\" \/>\n\t<meta property=\"og:image:height\" content=\"400\" \/>\n\t<meta property=\"og:image:type\" content=\"image\/webp\" \/>\n<meta name=\"author\" content=\"MC\" \/>\n<meta name=\"twitter:card\" content=\"summary_large_image\" \/>\n<meta name=\"twitter:creator\" content=\"@webdo_tn\" \/>\n<meta name=\"twitter:site\" content=\"@webdo_tn\" \/>\n<meta name=\"twitter:label1\" content=\"\u00c9crit par\" \/>\n\t<meta name=\"twitter:data1\" content=\"MC\" \/>\n\t<meta name=\"twitter:label2\" content=\"Dur\u00e9e de lecture estim\u00e9e\" \/>\n\t<meta name=\"twitter:data2\" content=\"1 minute\" \/>\n<script type=\"application\/ld+json\" class=\"yoast-schema-graph\">{\"@context\":\"https:\\\/\\\/schema.org\",\"@graph\":[{\"@type\":\"NewsArticle\",\"@id\":\"https:\\\/\\\/www.webdo.tn\\\/fr\\\/actualite\\\/national\\\/tunisie-deces-de-l-animateur-radio-adel-youssef-a-l-age-de-86-ans\\\/221892\\\/#article\",\"isPartOf\":{\"@id\":\"https:\\\/\\\/www.webdo.tn\\\/fr\\\/actualite\\\/national\\\/tunisie-deces-de-l-animateur-radio-adel-youssef-a-l-age-de-86-ans\\\/221892\\\/\"},\"author\":{\"name\":\"MC\",\"@id\":\"https:\\\/\\\/www.webdo.tn\\\/fr\\\/#\\\/schema\\\/person\\\/8500bcb8714aee00d99d4d6903fd06d7\"},\"headline\":\"Tunisie : D\u00e9c\u00e8s de l\u2019animateur radio Adel Youssef \u00e0 l\u2019\u00e2ge de 86 ans\",\"datePublished\":\"2025-05-11T10:07:00+00:00\",\"mainEntityOfPage\":{\"@id\":\"https:\\\/\\\/www.webdo.tn\\\/fr\\\/actualite\\\/national\\\/tunisie-deces-de-l-animateur-radio-adel-youssef-a-l-age-de-86-ans\\\/221892\\\/\"},\"wordCount\":179,\"commentCount\":0,\"publisher\":{\"@id\":\"https:\\\/\\\/www.webdo.tn\\\/fr\\\/#organization\"},\"image\":{\"@id\":\"https:\\\/\\\/www.webdo.tn\\\/fr\\\/actualite\\\/national\\\/tunisie-deces-de-l-animateur-radio-adel-youssef-a-l-age-de-86-ans\\\/221892\\\/#primaryimage\"},\"thumbnailUrl\":\"https:\\\/\\\/www.webdo.tn\\\/fr\\\/wp-content\\\/uploads\\\/2025\\\/05\\\/ee94a2f4481e83844412473917ed9a2b.webp\",\"keywords\":[\"Adel Youssef\",\"D\u00e9c\u00e8s\",\"radio\",\"Tunisie\"],\"articleSection\":[\"National\"],\"inLanguage\":\"fr-FR\"},{\"@type\":\"WebPage\",\"@id\":\"https:\\\/\\\/www.webdo.tn\\\/fr\\\/actualite\\\/national\\\/tunisie-deces-de-l-animateur-radio-adel-youssef-a-l-age-de-86-ans\\\/221892\\\/\",\"url\":\"https:\\\/\\\/www.webdo.tn\\\/fr\\\/actualite\\\/national\\\/tunisie-deces-de-l-animateur-radio-adel-youssef-a-l-age-de-86-ans\\\/221892\\\/\",\"name\":\"Tunisie : D\u00e9c\u00e8s de l\u2019animateur radio Adel Youssef \u00e0 l\u2019\u00e2ge de 86 ans\",\"isPartOf\":{\"@id\":\"https:\\\/\\\/www.webdo.tn\\\/fr\\\/#website\"},\"primaryImageOfPage\":{\"@id\":\"https:\\\/\\\/www.webdo.tn\\\/fr\\\/actualite\\\/national\\\/tunisie-deces-de-l-animateur-radio-adel-youssef-a-l-age-de-86-ans\\\/221892\\\/#primaryimage\"},\"image\":{\"@id\":\"https:\\\/\\\/www.webdo.tn\\\/fr\\\/actualite\\\/national\\\/tunisie-deces-de-l-animateur-radio-adel-youssef-a-l-age-de-86-ans\\\/221892\\\/#primaryimage\"},\"thumbnailUrl\":\"https:\\\/\\\/www.webdo.tn\\\/fr\\\/wp-content\\\/uploads\\\/2025\\\/05\\\/ee94a2f4481e83844412473917ed9a2b.webp\",\"datePublished\":\"2025-05-11T10:07:00+00:00\",\"description\":\"Le c\u00e9l\u00e8bre animateur de la radio tunisienne Adel Youssef est d\u00e9c\u00e9d\u00e9 \u00e0 l\u2019\u00e2ge de 86 ans. Figure embl\u00e9matique du paysage radiophonique, il a marqu\u00e9 des g\u00e9n\u00e9rations...\",\"breadcrumb\":{\"@id\":\"https:\\\/\\\/www.webdo.tn\\\/fr\\\/actualite\\\/national\\\/tunisie-deces-de-l-animateur-radio-adel-youssef-a-l-age-de-86-ans\\\/221892\\\/#breadcrumb\"},\"inLanguage\":\"fr-FR\",\"potentialAction\":[{\"@type\":\"ReadAction\",\"target\":[\"https:\\\/\\\/www.webdo.tn\\\/fr\\\/actualite\\\/national\\\/tunisie-deces-de-l-animateur-radio-adel-youssef-a-l-age-de-86-ans\\\/221892\\\/\"]}]},{\"@type\":\"ImageObject\",\"inLanguage\":\"fr-FR\",\"@id\":\"https:\\\/\\\/www.webdo.tn\\\/fr\\\/actualite\\\/national\\\/tunisie-deces-de-l-animateur-radio-adel-youssef-a-l-age-de-86-ans\\\/221892\\\/#primaryimage\",\"url\":\"https:\\\/\\\/www.webdo.tn\\\/fr\\\/wp-content\\\/uploads\\\/2025\\\/05\\\/ee94a2f4481e83844412473917ed9a2b.webp\",\"contentUrl\":\"https:\\\/\\\/www.webdo.tn\\\/fr\\\/wp-content\\\/uploads\\\/2025\\\/05\\\/ee94a2f4481e83844412473917ed9a2b.webp\",\"width\":750,\"height\":400,\"caption\":\"Tunisie : D\u00e9c\u00e8s de l\u2019animateur radio Adel Youssef \u00e0 l\u2019\u00e2ge de 86 ans\"},{\"@type\":\"BreadcrumbList\",\"@id\":\"https:\\\/\\\/www.webdo.tn\\\/fr\\\/actualite\\\/national\\\/tunisie-deces-de-l-animateur-radio-adel-youssef-a-l-age-de-86-ans\\\/221892\\\/#breadcrumb\",\"itemListElement\":[{\"@type\":\"ListItem\",\"position\":1,\"name\":\"Accueil\",\"item\":\"https:\\\/\\\/www.webdo.tn\\\/fr\\\/\"},{\"@type\":\"ListItem\",\"position\":2,\"name\":\"Tunisie : D\u00e9c\u00e8s de l\u2019animateur radio Adel Youssef \u00e0 l\u2019\u00e2ge de 86 ans\"}]},{\"@type\":\"WebSite\",\"@id\":\"https:\\\/\\\/www.webdo.tn\\\/fr\\\/#website\",\"url\":\"https:\\\/\\\/www.webdo.tn\\\/fr\\\/\",\"name\":\"webdo\",\"description\":\"Tunisie - News en Tunisie et \u00e0 l&#039;international sur Webdo.tn\",\"publisher\":{\"@id\":\"https:\\\/\\\/www.webdo.tn\\\/fr\\\/#organization\"},\"potentialAction\":[{\"@type\":\"SearchAction\",\"target\":{\"@type\":\"EntryPoint\",\"urlTemplate\":\"https:\\\/\\\/www.webdo.tn\\\/fr\\\/?s={search_term_string}\"},\"query-input\":{\"@type\":\"PropertyValueSpecification\",\"valueRequired\":true,\"valueName\":\"search_term_string\"}}],\"inLanguage\":\"fr-FR\"},{\"@type\":\"Organization\",\"@id\":\"https:\\\/\\\/www.webdo.tn\\\/fr\\\/#organization\",\"name\":\"Webdo\",\"alternateName\":\"Webdo.tn\",\"url\":\"https:\\\/\\\/www.webdo.tn\\\/fr\\\/\",\"logo\":{\"@type\":\"ImageObject\",\"inLanguage\":\"fr-FR\",\"@id\":\"https:\\\/\\\/www.webdo.tn\\\/fr\\\/#\\\/schema\\\/logo\\\/image\\\/\",\"url\":\"https:\\\/\\\/www.webdo.tn\\\/fr\\\/wp-content\\\/uploads\\\/2025\\\/06\\\/Webdo-Tunisie_168377.jpg\",\"contentUrl\":\"https:\\\/\\\/www.webdo.tn\\\/fr\\\/wp-content\\\/uploads\\\/2025\\\/06\\\/Webdo-Tunisie_168377.jpg\",\"width\":301,\"height\":301,\"caption\":\"Webdo\"},\"image\":{\"@id\":\"https:\\\/\\\/www.webdo.tn\\\/fr\\\/#\\\/schema\\\/logo\\\/image\\\/\"},\"sameAs\":[\"https:\\\/\\\/www.facebook.com\\\/webdotn\",\"https:\\\/\\\/x.com\\\/webdo_tn\"],\"description\":\"Webdo est un m\u00e9dia num\u00e9rique tunisien fond\u00e9 en 2010, sp\u00e9cialis\u00e9 dans l\u2019actualit\u00e9 nationale et internationale, l\u2019\u00e9conomie, la soci\u00e9t\u00e9 et les analyses politiques. Le site s\u2019adresse \u00e0 un large public francophone et couvre l\u2019information tunisienne en temps r\u00e9el.\",\"email\":\"redac@webdo.tn\",\"legalName\":\"YNJ SARL\",\"foundingDate\":\"2010-09-06\",\"numberOfEmployees\":{\"@type\":\"QuantitativeValue\",\"minValue\":\"11\",\"maxValue\":\"50\"}},{\"@type\":\"Person\",\"@id\":\"https:\\\/\\\/www.webdo.tn\\\/fr\\\/#\\\/schema\\\/person\\\/8500bcb8714aee00d99d4d6903fd06d7\",\"name\":\"MC\",\"image\":{\"@type\":\"ImageObject\",\"inLanguage\":\"fr-FR\",\"@id\":\"https:\\\/\\\/secure.gravatar.com\\\/avatar\\\/f608b47029e05639bee9b2fbeb496b6e3ad71093a5aabff97eea23a99d75ad8e?s=96&d=mm&r=g\",\"url\":\"https:\\\/\\\/secure.gravatar.com\\\/avatar\\\/f608b47029e05639bee9b2fbeb496b6e3ad71093a5aabff97eea23a99d75ad8e?s=96&d=mm&r=g\",\"contentUrl\":\"https:\\\/\\\/secure.gravatar.com\\\/avatar\\\/f608b47029e05639bee9b2fbeb496b6e3ad71093a5aabff97eea23a99d75ad8e?s=96&d=mm&r=g\",\"caption\":\"MC\"},\"url\":\"https:\\\/\\\/www.webdo.tn\\\/fr\\\/actualite\\\/author\\\/mc-6\\\/\"}]}<\/script>\n<!-- \/ Yoast SEO Premium plugin. -->","yoast_head_json":{"title":"Tunisie : D\u00e9c\u00e8s de l\u2019animateur radio Adel Youssef \u00e0 l\u2019\u00e2ge de 86 ans","description":"Le c\u00e9l\u00e8bre animateur de la radio tunisienne Adel Youssef est d\u00e9c\u00e9d\u00e9 \u00e0 l\u2019\u00e2ge de 86 ans. Figure embl\u00e9matique du paysage radiophonique, il a marqu\u00e9 des g\u00e9n\u00e9rations...","canonical":"https:\/\/www.webdo.tn\/fr\/actualite\/national\/tunisie-deces-de-l-animateur-radio-adel-youssef-a-l-age-de-86-ans\/221892\/","og_locale":"fr_FR","og_type":"article","og_title":"Tunisie : D\u00e9c\u00e8s de l\u2019animateur radio Adel Youssef \u00e0 l\u2019\u00e2ge de 86 ans","og_description":"Le c\u00e9l\u00e8bre animateur de la radio tunisienne Adel Youssef est d\u00e9c\u00e9d\u00e9 \u00e0 l\u2019\u00e2ge de 86 ans. Figure embl\u00e9matique du paysage radiophonique, il a marqu\u00e9 des g\u00e9n\u00e9rations...","og_url":"https:\/\/www.webdo.tn\/fr\/actualite\/national\/tunisie-deces-de-l-animateur-radio-adel-youssef-a-l-age-de-86-ans\/221892\/","og_site_name":"webdo","article_publisher":"https:\/\/www.facebook.com\/webdotn","article_published_time":"2025-05-11T10:07:00+00:00","og_image":[{"width":750,"height":400,"url":"https:\/\/www.webdo.tn\/fr\/wp-content\/uploads\/2025\/05\/ee94a2f4481e83844412473917ed9a2b.webp","type":"image\/webp"}],"author":"MC","twitter_card":"summary_large_image","twitter_creator":"@webdo_tn","twitter_site":"@webdo_tn","twitter_misc":{"\u00c9crit par":"MC","Dur\u00e9e de lecture estim\u00e9e":"1 minute"},"schema":{"@context":"https:\/\/schema.org","@graph":[{"@type":"NewsArticle","@id":"https:\/\/www.webdo.tn\/fr\/actualite\/national\/tunisie-deces-de-l-animateur-radio-adel-youssef-a-l-age-de-86-ans\/221892\/#article","isPartOf":{"@id":"https:\/\/www.webdo.tn\/fr\/actualite\/national\/tunisie-deces-de-l-animateur-radio-adel-youssef-a-l-age-de-86-ans\/221892\/"},"author":{"name":"MC","@id":"https:\/\/www.webdo.tn\/fr\/#\/schema\/person\/8500bcb8714aee00d99d4d6903fd06d7"},"headline":"Tunisie : D\u00e9c\u00e8s de l\u2019animateur radio Adel Youssef \u00e0 l\u2019\u00e2ge de 86 ans","datePublished":"2025-05-11T10:07:00+00:00","mainEntityOfPage":{"@id":"https:\/\/www.webdo.tn\/fr\/actualite\/national\/tunisie-deces-de-l-animateur-radio-adel-youssef-a-l-age-de-86-ans\/221892\/"},"wordCount":179,"commentCount":0,"publisher":{"@id":"https:\/\/www.webdo.tn\/fr\/#organization"},"image":{"@id":"https:\/\/www.webdo.tn\/fr\/actualite\/national\/tunisie-deces-de-l-animateur-radio-adel-youssef-a-l-age-de-86-ans\/221892\/#primaryimage"},"thumbnailUrl":"https:\/\/www.webdo.tn\/fr\/wp-content\/uploads\/2025\/05\/ee94a2f4481e83844412473917ed9a2b.webp","keywords":["Adel Youssef","D\u00e9c\u00e8s","radio","Tunisie"],"articleSection":["National"],"inLanguage":"fr-FR"},{"@type":"WebPage","@id":"https:\/\/www.webdo.tn\/fr\/actualite\/national\/tunisie-deces-de-l-animateur-radio-adel-youssef-a-l-age-de-86-ans\/221892\/","url":"https:\/\/www.webdo.tn\/fr\/actualite\/national\/tunisie-deces-de-l-animateur-radio-adel-youssef-a-l-age-de-86-ans\/221892\/","name":"Tunisie : D\u00e9c\u00e8s de l\u2019animateur radio Adel Youssef \u00e0 l\u2019\u00e2ge de 86 ans","isPartOf":{"@id":"https:\/\/www.webdo.tn\/fr\/#website"},"primaryImageOfPage":{"@id":"https:\/\/www.webdo.tn\/fr\/actualite\/national\/tunisie-deces-de-l-animateur-radio-adel-youssef-a-l-age-de-86-ans\/221892\/#primaryimage"},"image":{"@id":"https:\/\/www.webdo.tn\/fr\/actualite\/national\/tunisie-deces-de-l-animateur-radio-adel-youssef-a-l-age-de-86-ans\/221892\/#primaryimage"},"thumbnailUrl":"https:\/\/www.webdo.tn\/fr\/wp-content\/uploads\/2025\/05\/ee94a2f4481e83844412473917ed9a2b.webp","datePublished":"2025-05-11T10:07:00+00:00","description":"Le c\u00e9l\u00e8bre animateur de la radio tunisienne Adel Youssef est d\u00e9c\u00e9d\u00e9 \u00e0 l\u2019\u00e2ge de 86 ans. Figure embl\u00e9matique du paysage radiophonique, il a marqu\u00e9 des g\u00e9n\u00e9rations...","breadcrumb":{"@id":"https:\/\/www.webdo.tn\/fr\/actualite\/national\/tunisie-deces-de-l-animateur-radio-adel-youssef-a-l-age-de-86-ans\/221892\/#breadcrumb"},"inLanguage":"fr-FR","potentialAction":[{"@type":"ReadAction","target":["https:\/\/www.webdo.tn\/fr\/actualite\/national\/tunisie-deces-de-l-animateur-radio-adel-youssef-a-l-age-de-86-ans\/221892\/"]}]},{"@type":"ImageObject","inLanguage":"fr-FR","@id":"https:\/\/www.webdo.tn\/fr\/actualite\/national\/tunisie-deces-de-l-animateur-radio-adel-youssef-a-l-age-de-86-ans\/221892\/#primaryimage","url":"https:\/\/www.webdo.tn\/fr\/wp-content\/uploads\/2025\/05\/ee94a2f4481e83844412473917ed9a2b.webp","contentUrl":"https:\/\/www.webdo.tn\/fr\/wp-content\/uploads\/2025\/05\/ee94a2f4481e83844412473917ed9a2b.webp","width":750,"height":400,"caption":"Tunisie : D\u00e9c\u00e8s de l\u2019animateur radio Adel Youssef \u00e0 l\u2019\u00e2ge de 86 ans"},{"@type":"BreadcrumbList","@id":"https:\/\/www.webdo.tn\/fr\/actualite\/national\/tunisie-deces-de-l-animateur-radio-adel-youssef-a-l-age-de-86-ans\/221892\/#breadcrumb","itemListElement":[{"@type":"ListItem","position":1,"name":"Accueil","item":"https:\/\/www.webdo.tn\/fr\/"},{"@type":"ListItem","position":2,"name":"Tunisie : D\u00e9c\u00e8s de l\u2019animateur radio Adel Youssef \u00e0 l\u2019\u00e2ge de 86 ans"}]},{"@type":"WebSite","@id":"https:\/\/www.webdo.tn\/fr\/#website","url":"https:\/\/www.webdo.tn\/fr\/","name":"webdo","description":"Tunisie - News en Tunisie et \u00e0 l&#039;international sur Webdo.tn","publisher":{"@id":"https:\/\/www.webdo.tn\/fr\/#organization"},"potentialAction":[{"@type":"SearchAction","target":{"@type":"EntryPoint","urlTemplate":"https:\/\/www.webdo.tn\/fr\/?s={search_term_string}"},"query-input":{"@type":"PropertyValueSpecification","valueRequired":true,"valueName":"search_term_string"}}],"inLanguage":"fr-FR"},{"@type":"Organization","@id":"https:\/\/www.webdo.tn\/fr\/#organization","name":"Webdo","alternateName":"Webdo.tn","url":"https:\/\/www.webdo.tn\/fr\/","logo":{"@type":"ImageObject","inLanguage":"fr-FR","@id":"https:\/\/www.webdo.tn\/fr\/#\/schema\/logo\/image\/","url":"https:\/\/www.webdo.tn\/fr\/wp-content\/uploads\/2025\/06\/Webdo-Tunisie_168377.jpg","contentUrl":"https:\/\/www.webdo.tn\/fr\/wp-content\/uploads\/2025\/06\/Webdo-Tunisie_168377.jpg","width":301,"height":301,"caption":"Webdo"},"image":{"@id":"https:\/\/www.webdo.tn\/fr\/#\/schema\/logo\/image\/"},"sameAs":["https:\/\/www.facebook.com\/webdotn","https:\/\/x.com\/webdo_tn"],"description":"Webdo est un m\u00e9dia num\u00e9rique tunisien fond\u00e9 en 2010, sp\u00e9cialis\u00e9 dans l\u2019actualit\u00e9 nationale et internationale, l\u2019\u00e9conomie, la soci\u00e9t\u00e9 et les analyses politiques. Le site s\u2019adresse \u00e0 un large public francophone et couvre l\u2019information tunisienne en temps r\u00e9el.","email":"redac@webdo.tn","legalName":"YNJ SARL","foundingDate":"2010-09-06","numberOfEmployees":{"@type":"QuantitativeValue","minValue":"11","maxValue":"50"}},{"@type":"Person","@id":"https:\/\/www.webdo.tn\/fr\/#\/schema\/person\/8500bcb8714aee00d99d4d6903fd06d7","name":"MC","image":{"@type":"ImageObject","inLanguage":"fr-FR","@id":"https:\/\/secure.gravatar.com\/avatar\/f608b47029e05639bee9b2fbeb496b6e3ad71093a5aabff97eea23a99d75ad8e?s=96&d=mm&r=g","url":"https:\/\/secure.gravatar.com\/avatar\/f608b47029e05639bee9b2fbeb496b6e3ad71093a5aabff97eea23a99d75ad8e?s=96&d=mm&r=g","contentUrl":"https:\/\/secure.gravatar.com\/avatar\/f608b47029e05639bee9b2fbeb496b6e3ad71093a5aabff97eea23a99d75ad8e?s=96&d=mm&r=g","caption":"MC"},"url":"https:\/\/www.webdo.tn\/fr\/actualite\/author\/mc-6\/"}]}},"_links":{"self":[{"href":"https:\/\/www.webdo.tn\/fr\/wp-json\/wp\/v2\/posts\/221892","targetHints":{"allow":["GET"]}}],"collection":[{"href":"https:\/\/www.webdo.tn\/fr\/wp-json\/wp\/v2\/posts"}],"about":[{"href":"https:\/\/www.webdo.tn\/fr\/wp-json\/wp\/v2\/types\/post"}],"author":[{"embeddable":true,"href":"https:\/\/www.webdo.tn\/fr\/wp-json\/wp\/v2\/users\/5338"}],"replies":[{"embeddable":true,"href":"https:\/\/www.webdo.tn\/fr\/wp-json\/wp\/v2\/comments?post=221892"}],"version-history":[{"count":0,"href":"https:\/\/www.webdo.tn\/fr\/wp-json\/wp\/v2\/posts\/221892\/revisions"}],"wp:featuredmedia":[{"embeddable":true,"href":"https:\/\/www.webdo.tn\/fr\/wp-json\/wp\/v2\/media\/376434"}],"wp:attachment":[{"href":"https:\/\/www.webdo.tn\/fr\/wp-json\/wp\/v2\/media?parent=221892"}],"wp:term":[{"taxonomy":"category","embeddable":true,"href":"https:\/\/www.webdo.tn\/fr\/wp-json\/wp\/v2\/categories?post=221892"},{"taxonomy":"post_tag","embeddable":true,"href":"https:\/\/www.webdo.tn\/fr\/wp-json\/wp\/v2\/tags?post=221892"}],"curies":[{"name":"wp","href":"https:\/\/api.w.org\/{rel}","templated":true}]}}