{"id":221888,"date":"2025-05-10T10:54:00","date_gmt":"2025-05-10T10:54:00","guid":{"rendered":"https:\/\/www.webdo.tn\/fr\/actualite\/blog\/la-coupe-de-tunisie-de-volley-ball-miroir-d-une-passion-nationale\/221888\/"},"modified":"2025-05-10T10:54:00","modified_gmt":"2025-05-10T10:54:00","slug":"la-coupe-de-tunisie-de-volley-ball-miroir-d-une-passion-nationale","status":"publish","type":"post","link":"https:\/\/www.webdo.tn\/fr\/actualite\/sport\/la-coupe-de-tunisie-de-volley-ball-miroir-d-une-passion-nationale\/221888\/","title":{"rendered":"La Coupe de Tunisie de volley-ball, miroir d\u2019une passion nationale"},"content":{"rendered":"<p>Ce samedi 10 mai 2025, la salle omnisports de Rad\u00e8s sera le th\u00e9\u00e2tre d\u2019un affrontement embl\u00e9matique du volley-ball tunisien : la finale de la Coupe de Tunisie masculine opposant l\u2019Esp\u00e9rance Sportive de Tunis \u00e0 l\u2019\u00c9toile Sportive du Sahel.<\/p>\n<p> Au-del\u00e0 du simple enjeu sportif, cette rencontre incarne l\u2019histoire riche et passionn\u00e9e d\u2019une comp\u00e9tition qui, depuis sa cr\u00e9ation en 1957, a su captiver les amateurs du ballon volant \u00e0 travers le pays.<\/p>\n<p>La Coupe de Tunisie offre une sc\u00e8ne o\u00f9 les clubs de toutes les r\u00e9gions peuvent r\u00eaver de gloire, et o\u00f9 les rivalit\u00e9s historiques s\u2019expriment avec intensit\u00e9.<\/p>\n<p>L\u2019Esp\u00e9rance Sportive de Tunis, avec ses 22 titres, domine le palmar\u00e8s de la comp\u00e9tition. Le Club Sportif Sfaxien suit avec 12 sacres, tandis que l\u2019\u00c9toile Sportive du Sahel en compte 7. Il ne faut pas oublier le Club olympique de K\u00e9libia, l\u2019Avenir sportif de La Marsa (8 titres chacun) et le Club Africain, autre institution du volley-ball, qui a lui aussi marqu\u00e9 la Coupe de Tunisie avec 5 titres \u00e0 son actif.<\/p>\n<p>La finale de cette ann\u00e9e rev\u00eat une importance particuli\u00e8re. L\u2019Esp\u00e9rance, d\u00e9j\u00e0 sacr\u00e9e championne nationale pour la 25e fois en avril dernier, vise un doubl\u00e9 qui confirmerait sa supr\u00e9matie actuelle et une 9e Coupe cons\u00e9cutive. L\u2019\u00c9toile, de son c\u00f4t\u00e9, cherche \u00e0 renouer avec la victoire en Coupe, un troph\u00e9e qui lui \u00e9chappe depuis 2016.<\/p>\n<p>Au-del\u00e0 des statistiques et des palmar\u00e8s, la Coupe de Tunisie est le reflet d\u2019une passion populaire pour le volley-ball. Elle symbolise l\u2019engagement des clubs, le d\u00e9vouement des joueurs et l\u2019enthousiasme des supporters.<\/p>\n<p>Alors que les projecteurs se tournent vers Rad\u00e8s, cette finale (retransmise sur Watania 2) est l\u2019occasion de saluer non seulement les finalistes, mais aussi tous ceux qui, depuis 1957, ont contribu\u00e9 \u00e0 faire de la Coupe de Tunisie une institution du sport national. Que le meilleur l\u2019emporte, dans le respect des valeurs qui font la grandeur du volley-ball tunisien.<\/p>\n","protected":false},"excerpt":{"rendered":"<p>Finale de la Coupe de Tunisie de volley-ball 2025 : l\u2019Esp\u00e9rance affronte l\u2019\u00c9toile \u00e0 Rad\u00e8s, dans une comp\u00e9tition historique marqu\u00e9e aussi par le Club Africain, l&#8230;<\/p>\n","protected":false},"author":5336,"featured_media":376459,"comment_status":"open","ping_status":"closed","sticky":false,"template":"","format":"standard","meta":{"footnotes":""},"categories":[2593],"tags":[3168,4676,2608,8193],"class_list":["post-221888","post","type-post","status-publish","format-standard","has-post-thumbnail","hentry","category-sport","tag-coupe-de-tunisie","tag-finale","tag-tunisie","tag-volley-ball"],"yoast_head":"<!-- This site is optimized with the Yoast SEO Premium plugin v27.4 (Yoast SEO v27.5) - https:\/\/yoast.com\/product\/yoast-seo-premium-wordpress\/ -->\n<title>La Coupe de Tunisie de volley-ball, miroir d\u2019une passion nationale<\/title>\n<meta name=\"description\" content=\"Finale de la Coupe de Tunisie de volley-ball 2025 : l\u2019Esp\u00e9rance affronte l\u2019\u00c9toile \u00e0 Rad\u00e8s, dans une comp\u00e9tition historique marqu\u00e9e aussi par le Club Africain, l...\" \/>\n<link rel=\"canonical\" href=\"https:\/\/www.webdo.tn\/fr\/actualite\/sport\/la-coupe-de-tunisie-de-volley-ball-miroir-d-une-passion-nationale\/221888\/\" \/>\n<meta property=\"og:locale\" content=\"fr_FR\" \/>\n<meta property=\"og:type\" content=\"article\" \/>\n<meta property=\"og:title\" content=\"La Coupe de Tunisie de volley-ball, miroir d\u2019une passion nationale\" \/>\n<meta property=\"og:description\" content=\"Finale de la Coupe de Tunisie de volley-ball 2025 : l\u2019Esp\u00e9rance affronte l\u2019\u00c9toile \u00e0 Rad\u00e8s, dans une comp\u00e9tition historique marqu\u00e9e aussi par le Club Africain, l...\" \/>\n<meta property=\"og:url\" content=\"https:\/\/www.webdo.tn\/fr\/actualite\/sport\/la-coupe-de-tunisie-de-volley-ball-miroir-d-une-passion-nationale\/221888\/\" \/>\n<meta property=\"og:site_name\" content=\"webdo\" \/>\n<meta property=\"article:publisher\" content=\"https:\/\/www.facebook.com\/webdotn\" \/>\n<meta property=\"article:author\" content=\"https:\/\/www.facebook.com\/youssef.rc.92\" \/>\n<meta property=\"article:published_time\" content=\"2025-05-10T10:54:00+00:00\" \/>\n<meta property=\"og:image\" content=\"https:\/\/www.webdo.tn\/fr\/wp-content\/uploads\/2025\/05\/a9ecd4ea49bf4949bbcd210e96889ad1.webp\" \/>\n\t<meta property=\"og:image:width\" content=\"750\" \/>\n\t<meta property=\"og:image:height\" content=\"400\" \/>\n\t<meta property=\"og:image:type\" content=\"image\/webp\" \/>\n<meta name=\"author\" content=\"Maher Chaabane\" \/>\n<meta name=\"twitter:card\" content=\"summary_large_image\" \/>\n<meta name=\"twitter:creator\" content=\"@webdo_tn\" \/>\n<meta name=\"twitter:site\" content=\"@webdo_tn\" \/>\n<meta name=\"twitter:label1\" content=\"\u00c9crit par\" \/>\n\t<meta name=\"twitter:data1\" content=\"Maher Chaabane\" \/>\n\t<meta name=\"twitter:label2\" content=\"Dur\u00e9e de lecture estim\u00e9e\" \/>\n\t<meta name=\"twitter:data2\" content=\"2 minutes\" \/>\n<script type=\"application\/ld+json\" class=\"yoast-schema-graph\">{\"@context\":\"https:\\\/\\\/schema.org\",\"@graph\":[{\"@type\":\"NewsArticle\",\"@id\":\"https:\\\/\\\/www.webdo.tn\\\/fr\\\/actualite\\\/sport\\\/la-coupe-de-tunisie-de-volley-ball-miroir-d-une-passion-nationale\\\/221888\\\/#article\",\"isPartOf\":{\"@id\":\"https:\\\/\\\/www.webdo.tn\\\/fr\\\/actualite\\\/sport\\\/la-coupe-de-tunisie-de-volley-ball-miroir-d-une-passion-nationale\\\/221888\\\/\"},\"author\":{\"name\":\"Maher Chaabane\",\"@id\":\"https:\\\/\\\/www.webdo.tn\\\/fr\\\/#\\\/schema\\\/person\\\/524683182d553352dc1e802f902edc0b\"},\"headline\":\"La Coupe de Tunisie de volley-ball, miroir d\u2019une passion nationale\",\"datePublished\":\"2025-05-10T10:54:00+00:00\",\"mainEntityOfPage\":{\"@id\":\"https:\\\/\\\/www.webdo.tn\\\/fr\\\/actualite\\\/sport\\\/la-coupe-de-tunisie-de-volley-ball-miroir-d-une-passion-nationale\\\/221888\\\/\"},\"wordCount\":350,\"commentCount\":0,\"publisher\":{\"@id\":\"https:\\\/\\\/www.webdo.tn\\\/fr\\\/#organization\"},\"image\":{\"@id\":\"https:\\\/\\\/www.webdo.tn\\\/fr\\\/actualite\\\/sport\\\/la-coupe-de-tunisie-de-volley-ball-miroir-d-une-passion-nationale\\\/221888\\\/#primaryimage\"},\"thumbnailUrl\":\"https:\\\/\\\/www.webdo.tn\\\/fr\\\/wp-content\\\/uploads\\\/2025\\\/05\\\/a9ecd4ea49bf4949bbcd210e96889ad1.webp\",\"keywords\":[\"coupe de tunisie\",\"finale\",\"Tunisie\",\"volley-ball\"],\"articleSection\":[\"Sport\"],\"inLanguage\":\"fr-FR\"},{\"@type\":\"WebPage\",\"@id\":\"https:\\\/\\\/www.webdo.tn\\\/fr\\\/actualite\\\/sport\\\/la-coupe-de-tunisie-de-volley-ball-miroir-d-une-passion-nationale\\\/221888\\\/\",\"url\":\"https:\\\/\\\/www.webdo.tn\\\/fr\\\/actualite\\\/sport\\\/la-coupe-de-tunisie-de-volley-ball-miroir-d-une-passion-nationale\\\/221888\\\/\",\"name\":\"La Coupe de Tunisie de volley-ball, miroir d\u2019une passion nationale\",\"isPartOf\":{\"@id\":\"https:\\\/\\\/www.webdo.tn\\\/fr\\\/#website\"},\"primaryImageOfPage\":{\"@id\":\"https:\\\/\\\/www.webdo.tn\\\/fr\\\/actualite\\\/sport\\\/la-coupe-de-tunisie-de-volley-ball-miroir-d-une-passion-nationale\\\/221888\\\/#primaryimage\"},\"image\":{\"@id\":\"https:\\\/\\\/www.webdo.tn\\\/fr\\\/actualite\\\/sport\\\/la-coupe-de-tunisie-de-volley-ball-miroir-d-une-passion-nationale\\\/221888\\\/#primaryimage\"},\"thumbnailUrl\":\"https:\\\/\\\/www.webdo.tn\\\/fr\\\/wp-content\\\/uploads\\\/2025\\\/05\\\/a9ecd4ea49bf4949bbcd210e96889ad1.webp\",\"datePublished\":\"2025-05-10T10:54:00+00:00\",\"description\":\"Finale de la Coupe de Tunisie de volley-ball 2025 : l\u2019Esp\u00e9rance affronte l\u2019\u00c9toile \u00e0 Rad\u00e8s, dans une comp\u00e9tition historique marqu\u00e9e aussi par le Club Africain, l...\",\"breadcrumb\":{\"@id\":\"https:\\\/\\\/www.webdo.tn\\\/fr\\\/actualite\\\/sport\\\/la-coupe-de-tunisie-de-volley-ball-miroir-d-une-passion-nationale\\\/221888\\\/#breadcrumb\"},\"inLanguage\":\"fr-FR\",\"potentialAction\":[{\"@type\":\"ReadAction\",\"target\":[\"https:\\\/\\\/www.webdo.tn\\\/fr\\\/actualite\\\/sport\\\/la-coupe-de-tunisie-de-volley-ball-miroir-d-une-passion-nationale\\\/221888\\\/\"]}]},{\"@type\":\"ImageObject\",\"inLanguage\":\"fr-FR\",\"@id\":\"https:\\\/\\\/www.webdo.tn\\\/fr\\\/actualite\\\/sport\\\/la-coupe-de-tunisie-de-volley-ball-miroir-d-une-passion-nationale\\\/221888\\\/#primaryimage\",\"url\":\"https:\\\/\\\/www.webdo.tn\\\/fr\\\/wp-content\\\/uploads\\\/2025\\\/05\\\/a9ecd4ea49bf4949bbcd210e96889ad1.webp\",\"contentUrl\":\"https:\\\/\\\/www.webdo.tn\\\/fr\\\/wp-content\\\/uploads\\\/2025\\\/05\\\/a9ecd4ea49bf4949bbcd210e96889ad1.webp\",\"width\":750,\"height\":400,\"caption\":\"La Coupe de Tunisie de volley-ball, miroir d\u2019une passion nationale\"},{\"@type\":\"BreadcrumbList\",\"@id\":\"https:\\\/\\\/www.webdo.tn\\\/fr\\\/actualite\\\/sport\\\/la-coupe-de-tunisie-de-volley-ball-miroir-d-une-passion-nationale\\\/221888\\\/#breadcrumb\",\"itemListElement\":[{\"@type\":\"ListItem\",\"position\":1,\"name\":\"Accueil\",\"item\":\"https:\\\/\\\/www.webdo.tn\\\/fr\\\/\"},{\"@type\":\"ListItem\",\"position\":2,\"name\":\"La Coupe de Tunisie de volley-ball, miroir d\u2019une passion nationale\"}]},{\"@type\":\"WebSite\",\"@id\":\"https:\\\/\\\/www.webdo.tn\\\/fr\\\/#website\",\"url\":\"https:\\\/\\\/www.webdo.tn\\\/fr\\\/\",\"name\":\"webdo\",\"description\":\"Tunisie - News en Tunisie et \u00e0 l&#039;international sur Webdo.tn\",\"publisher\":{\"@id\":\"https:\\\/\\\/www.webdo.tn\\\/fr\\\/#organization\"},\"potentialAction\":[{\"@type\":\"SearchAction\",\"target\":{\"@type\":\"EntryPoint\",\"urlTemplate\":\"https:\\\/\\\/www.webdo.tn\\\/fr\\\/?s={search_term_string}\"},\"query-input\":{\"@type\":\"PropertyValueSpecification\",\"valueRequired\":true,\"valueName\":\"search_term_string\"}}],\"inLanguage\":\"fr-FR\"},{\"@type\":\"Organization\",\"@id\":\"https:\\\/\\\/www.webdo.tn\\\/fr\\\/#organization\",\"name\":\"Webdo\",\"alternateName\":\"Webdo.tn\",\"url\":\"https:\\\/\\\/www.webdo.tn\\\/fr\\\/\",\"logo\":{\"@type\":\"ImageObject\",\"inLanguage\":\"fr-FR\",\"@id\":\"https:\\\/\\\/www.webdo.tn\\\/fr\\\/#\\\/schema\\\/logo\\\/image\\\/\",\"url\":\"https:\\\/\\\/www.webdo.tn\\\/fr\\\/wp-content\\\/uploads\\\/2025\\\/06\\\/Webdo-Tunisie_168377.jpg\",\"contentUrl\":\"https:\\\/\\\/www.webdo.tn\\\/fr\\\/wp-content\\\/uploads\\\/2025\\\/06\\\/Webdo-Tunisie_168377.jpg\",\"width\":301,\"height\":301,\"caption\":\"Webdo\"},\"image\":{\"@id\":\"https:\\\/\\\/www.webdo.tn\\\/fr\\\/#\\\/schema\\\/logo\\\/image\\\/\"},\"sameAs\":[\"https:\\\/\\\/www.facebook.com\\\/webdotn\",\"https:\\\/\\\/x.com\\\/webdo_tn\"],\"description\":\"Webdo est un m\u00e9dia num\u00e9rique tunisien fond\u00e9 en 2010, sp\u00e9cialis\u00e9 dans l\u2019actualit\u00e9 nationale et internationale, l\u2019\u00e9conomie, la soci\u00e9t\u00e9 et les analyses politiques. Le site s\u2019adresse \u00e0 un large public francophone et couvre l\u2019information tunisienne en temps r\u00e9el.\",\"email\":\"redac@webdo.tn\",\"legalName\":\"YNJ SARL\",\"foundingDate\":\"2010-09-06\",\"numberOfEmployees\":{\"@type\":\"QuantitativeValue\",\"minValue\":\"11\",\"maxValue\":\"50\"}},{\"@type\":\"Person\",\"@id\":\"https:\\\/\\\/www.webdo.tn\\\/fr\\\/#\\\/schema\\\/person\\\/524683182d553352dc1e802f902edc0b\",\"name\":\"Maher Chaabane\",\"image\":{\"@type\":\"ImageObject\",\"inLanguage\":\"fr-FR\",\"@id\":\"https:\\\/\\\/www.webdo.tn\\\/fr\\\/wp-content\\\/uploads\\\/2026\\\/04\\\/maher-chaabane_avatar-96x96.jpg\",\"url\":\"https:\\\/\\\/www.webdo.tn\\\/fr\\\/wp-content\\\/uploads\\\/2026\\\/04\\\/maher-chaabane_avatar-96x96.jpg\",\"contentUrl\":\"https:\\\/\\\/www.webdo.tn\\\/fr\\\/wp-content\\\/uploads\\\/2026\\\/04\\\/maher-chaabane_avatar-96x96.jpg\",\"caption\":\"Maher Chaabane\"},\"description\":\"Maher Chaabane est journaliste et r\u00e9dacteur en chef de Webdo.tn depuis 2012. Il d\u00e9bute sa carri\u00e8re au sein du groupe Tunis Hebdo en 2000, o\u00f9 il couvre pendant plusieurs ann\u00e9es l\u2019actualit\u00e9 sportive et internationale, avant d\u2019occuper les fonctions de r\u00e9dacteur en chef adjoint. Fort de plus de deux d\u00e9cennies d\u2019exp\u00e9rience dans le journalisme, il supervise aujourd\u2019hui la production \u00e9ditoriale de Webdo et contribue activement \u00e0 la ligne du m\u00e9dia, en particulier sur les sujets d\u2019actualit\u00e9 nationale et internationale. https:\\\/\\\/www.facebook.com\\\/youssef.rc.92\",\"sameAs\":[\"https:\\\/\\\/www.facebook.com\\\/youssef.rc.92\"],\"knowsAbout\":[\"journalisme\",\"actualit\u00e9 internationale\",\"sport\",\"r\u00e9daction\",\"m\u00e9dias\",\"information\"],\"knowsLanguage\":[\"Fran\u00e7ais\",\"Arabe\"],\"jobTitle\":\"R\u00e9dacteur en chef\",\"worksFor\":\"Webdo.tn\",\"url\":\"https:\\\/\\\/www.webdo.tn\\\/fr\\\/actualite\\\/author\\\/maher-chaabane-2\\\/\"}]}<\/script>\n<!-- \/ Yoast SEO Premium plugin. -->","yoast_head_json":{"title":"La Coupe de Tunisie de volley-ball, miroir d\u2019une passion nationale","description":"Finale de la Coupe de Tunisie de volley-ball 2025 : l\u2019Esp\u00e9rance affronte l\u2019\u00c9toile \u00e0 Rad\u00e8s, dans une comp\u00e9tition historique marqu\u00e9e aussi par le Club Africain, l...","canonical":"https:\/\/www.webdo.tn\/fr\/actualite\/sport\/la-coupe-de-tunisie-de-volley-ball-miroir-d-une-passion-nationale\/221888\/","og_locale":"fr_FR","og_type":"article","og_title":"La Coupe de Tunisie de volley-ball, miroir d\u2019une passion nationale","og_description":"Finale de la Coupe de Tunisie de volley-ball 2025 : l\u2019Esp\u00e9rance affronte l\u2019\u00c9toile \u00e0 Rad\u00e8s, dans une comp\u00e9tition historique marqu\u00e9e aussi par le Club Africain, l...","og_url":"https:\/\/www.webdo.tn\/fr\/actualite\/sport\/la-coupe-de-tunisie-de-volley-ball-miroir-d-une-passion-nationale\/221888\/","og_site_name":"webdo","article_publisher":"https:\/\/www.facebook.com\/webdotn","article_author":"https:\/\/www.facebook.com\/youssef.rc.92","article_published_time":"2025-05-10T10:54:00+00:00","og_image":[{"width":750,"height":400,"url":"https:\/\/www.webdo.tn\/fr\/wp-content\/uploads\/2025\/05\/a9ecd4ea49bf4949bbcd210e96889ad1.webp","type":"image\/webp"}],"author":"Maher Chaabane","twitter_card":"summary_large_image","twitter_creator":"@webdo_tn","twitter_site":"@webdo_tn","twitter_misc":{"\u00c9crit par":"Maher Chaabane","Dur\u00e9e de lecture estim\u00e9e":"2 minutes"},"schema":{"@context":"https:\/\/schema.org","@graph":[{"@type":"NewsArticle","@id":"https:\/\/www.webdo.tn\/fr\/actualite\/sport\/la-coupe-de-tunisie-de-volley-ball-miroir-d-une-passion-nationale\/221888\/#article","isPartOf":{"@id":"https:\/\/www.webdo.tn\/fr\/actualite\/sport\/la-coupe-de-tunisie-de-volley-ball-miroir-d-une-passion-nationale\/221888\/"},"author":{"name":"Maher Chaabane","@id":"https:\/\/www.webdo.tn\/fr\/#\/schema\/person\/524683182d553352dc1e802f902edc0b"},"headline":"La Coupe de Tunisie de volley-ball, miroir d\u2019une passion nationale","datePublished":"2025-05-10T10:54:00+00:00","mainEntityOfPage":{"@id":"https:\/\/www.webdo.tn\/fr\/actualite\/sport\/la-coupe-de-tunisie-de-volley-ball-miroir-d-une-passion-nationale\/221888\/"},"wordCount":350,"commentCount":0,"publisher":{"@id":"https:\/\/www.webdo.tn\/fr\/#organization"},"image":{"@id":"https:\/\/www.webdo.tn\/fr\/actualite\/sport\/la-coupe-de-tunisie-de-volley-ball-miroir-d-une-passion-nationale\/221888\/#primaryimage"},"thumbnailUrl":"https:\/\/www.webdo.tn\/fr\/wp-content\/uploads\/2025\/05\/a9ecd4ea49bf4949bbcd210e96889ad1.webp","keywords":["coupe de tunisie","finale","Tunisie","volley-ball"],"articleSection":["Sport"],"inLanguage":"fr-FR"},{"@type":"WebPage","@id":"https:\/\/www.webdo.tn\/fr\/actualite\/sport\/la-coupe-de-tunisie-de-volley-ball-miroir-d-une-passion-nationale\/221888\/","url":"https:\/\/www.webdo.tn\/fr\/actualite\/sport\/la-coupe-de-tunisie-de-volley-ball-miroir-d-une-passion-nationale\/221888\/","name":"La Coupe de Tunisie de volley-ball, miroir d\u2019une passion nationale","isPartOf":{"@id":"https:\/\/www.webdo.tn\/fr\/#website"},"primaryImageOfPage":{"@id":"https:\/\/www.webdo.tn\/fr\/actualite\/sport\/la-coupe-de-tunisie-de-volley-ball-miroir-d-une-passion-nationale\/221888\/#primaryimage"},"image":{"@id":"https:\/\/www.webdo.tn\/fr\/actualite\/sport\/la-coupe-de-tunisie-de-volley-ball-miroir-d-une-passion-nationale\/221888\/#primaryimage"},"thumbnailUrl":"https:\/\/www.webdo.tn\/fr\/wp-content\/uploads\/2025\/05\/a9ecd4ea49bf4949bbcd210e96889ad1.webp","datePublished":"2025-05-10T10:54:00+00:00","description":"Finale de la Coupe de Tunisie de volley-ball 2025 : l\u2019Esp\u00e9rance affronte l\u2019\u00c9toile \u00e0 Rad\u00e8s, dans une comp\u00e9tition historique marqu\u00e9e aussi par le Club Africain, l...","breadcrumb":{"@id":"https:\/\/www.webdo.tn\/fr\/actualite\/sport\/la-coupe-de-tunisie-de-volley-ball-miroir-d-une-passion-nationale\/221888\/#breadcrumb"},"inLanguage":"fr-FR","potentialAction":[{"@type":"ReadAction","target":["https:\/\/www.webdo.tn\/fr\/actualite\/sport\/la-coupe-de-tunisie-de-volley-ball-miroir-d-une-passion-nationale\/221888\/"]}]},{"@type":"ImageObject","inLanguage":"fr-FR","@id":"https:\/\/www.webdo.tn\/fr\/actualite\/sport\/la-coupe-de-tunisie-de-volley-ball-miroir-d-une-passion-nationale\/221888\/#primaryimage","url":"https:\/\/www.webdo.tn\/fr\/wp-content\/uploads\/2025\/05\/a9ecd4ea49bf4949bbcd210e96889ad1.webp","contentUrl":"https:\/\/www.webdo.tn\/fr\/wp-content\/uploads\/2025\/05\/a9ecd4ea49bf4949bbcd210e96889ad1.webp","width":750,"height":400,"caption":"La Coupe de Tunisie de volley-ball, miroir d\u2019une passion nationale"},{"@type":"BreadcrumbList","@id":"https:\/\/www.webdo.tn\/fr\/actualite\/sport\/la-coupe-de-tunisie-de-volley-ball-miroir-d-une-passion-nationale\/221888\/#breadcrumb","itemListElement":[{"@type":"ListItem","position":1,"name":"Accueil","item":"https:\/\/www.webdo.tn\/fr\/"},{"@type":"ListItem","position":2,"name":"La Coupe de Tunisie de volley-ball, miroir d\u2019une passion nationale"}]},{"@type":"WebSite","@id":"https:\/\/www.webdo.tn\/fr\/#website","url":"https:\/\/www.webdo.tn\/fr\/","name":"webdo","description":"Tunisie - News en Tunisie et \u00e0 l&#039;international sur Webdo.tn","publisher":{"@id":"https:\/\/www.webdo.tn\/fr\/#organization"},"potentialAction":[{"@type":"SearchAction","target":{"@type":"EntryPoint","urlTemplate":"https:\/\/www.webdo.tn\/fr\/?s={search_term_string}"},"query-input":{"@type":"PropertyValueSpecification","valueRequired":true,"valueName":"search_term_string"}}],"inLanguage":"fr-FR"},{"@type":"Organization","@id":"https:\/\/www.webdo.tn\/fr\/#organization","name":"Webdo","alternateName":"Webdo.tn","url":"https:\/\/www.webdo.tn\/fr\/","logo":{"@type":"ImageObject","inLanguage":"fr-FR","@id":"https:\/\/www.webdo.tn\/fr\/#\/schema\/logo\/image\/","url":"https:\/\/www.webdo.tn\/fr\/wp-content\/uploads\/2025\/06\/Webdo-Tunisie_168377.jpg","contentUrl":"https:\/\/www.webdo.tn\/fr\/wp-content\/uploads\/2025\/06\/Webdo-Tunisie_168377.jpg","width":301,"height":301,"caption":"Webdo"},"image":{"@id":"https:\/\/www.webdo.tn\/fr\/#\/schema\/logo\/image\/"},"sameAs":["https:\/\/www.facebook.com\/webdotn","https:\/\/x.com\/webdo_tn"],"description":"Webdo est un m\u00e9dia num\u00e9rique tunisien fond\u00e9 en 2010, sp\u00e9cialis\u00e9 dans l\u2019actualit\u00e9 nationale et internationale, l\u2019\u00e9conomie, la soci\u00e9t\u00e9 et les analyses politiques. Le site s\u2019adresse \u00e0 un large public francophone et couvre l\u2019information tunisienne en temps r\u00e9el.","email":"redac@webdo.tn","legalName":"YNJ SARL","foundingDate":"2010-09-06","numberOfEmployees":{"@type":"QuantitativeValue","minValue":"11","maxValue":"50"}},{"@type":"Person","@id":"https:\/\/www.webdo.tn\/fr\/#\/schema\/person\/524683182d553352dc1e802f902edc0b","name":"Maher Chaabane","image":{"@type":"ImageObject","inLanguage":"fr-FR","@id":"https:\/\/www.webdo.tn\/fr\/wp-content\/uploads\/2026\/04\/maher-chaabane_avatar-96x96.jpg","url":"https:\/\/www.webdo.tn\/fr\/wp-content\/uploads\/2026\/04\/maher-chaabane_avatar-96x96.jpg","contentUrl":"https:\/\/www.webdo.tn\/fr\/wp-content\/uploads\/2026\/04\/maher-chaabane_avatar-96x96.jpg","caption":"Maher Chaabane"},"description":"Maher Chaabane est journaliste et r\u00e9dacteur en chef de Webdo.tn depuis 2012. Il d\u00e9bute sa carri\u00e8re au sein du groupe Tunis Hebdo en 2000, o\u00f9 il couvre pendant plusieurs ann\u00e9es l\u2019actualit\u00e9 sportive et internationale, avant d\u2019occuper les fonctions de r\u00e9dacteur en chef adjoint. Fort de plus de deux d\u00e9cennies d\u2019exp\u00e9rience dans le journalisme, il supervise aujourd\u2019hui la production \u00e9ditoriale de Webdo et contribue activement \u00e0 la ligne du m\u00e9dia, en particulier sur les sujets d\u2019actualit\u00e9 nationale et internationale. https:\/\/www.facebook.com\/youssef.rc.92","sameAs":["https:\/\/www.facebook.com\/youssef.rc.92"],"knowsAbout":["journalisme","actualit\u00e9 internationale","sport","r\u00e9daction","m\u00e9dias","information"],"knowsLanguage":["Fran\u00e7ais","Arabe"],"jobTitle":"R\u00e9dacteur en chef","worksFor":"Webdo.tn","url":"https:\/\/www.webdo.tn\/fr\/actualite\/author\/maher-chaabane-2\/"}]}},"_links":{"self":[{"href":"https:\/\/www.webdo.tn\/fr\/wp-json\/wp\/v2\/posts\/221888","targetHints":{"allow":["GET"]}}],"collection":[{"href":"https:\/\/www.webdo.tn\/fr\/wp-json\/wp\/v2\/posts"}],"about":[{"href":"https:\/\/www.webdo.tn\/fr\/wp-json\/wp\/v2\/types\/post"}],"author":[{"embeddable":true,"href":"https:\/\/www.webdo.tn\/fr\/wp-json\/wp\/v2\/users\/5336"}],"replies":[{"embeddable":true,"href":"https:\/\/www.webdo.tn\/fr\/wp-json\/wp\/v2\/comments?post=221888"}],"version-history":[{"count":0,"href":"https:\/\/www.webdo.tn\/fr\/wp-json\/wp\/v2\/posts\/221888\/revisions"}],"wp:featuredmedia":[{"embeddable":true,"href":"https:\/\/www.webdo.tn\/fr\/wp-json\/wp\/v2\/media\/376459"}],"wp:attachment":[{"href":"https:\/\/www.webdo.tn\/fr\/wp-json\/wp\/v2\/media?parent=221888"}],"wp:term":[{"taxonomy":"category","embeddable":true,"href":"https:\/\/www.webdo.tn\/fr\/wp-json\/wp\/v2\/categories?post=221888"},{"taxonomy":"post_tag","embeddable":true,"href":"https:\/\/www.webdo.tn\/fr\/wp-json\/wp\/v2\/tags?post=221888"}],"curies":[{"name":"wp","href":"https:\/\/api.w.org\/{rel}","templated":true}]}}