{"id":221880,"date":"2025-05-09T18:36:00","date_gmt":"2025-05-09T18:36:00","guid":{"rendered":"https:\/\/www.webdo.tn\/fr\/actualite\/blog\/l-ordre-des-avocats-rejette-une-reforme-elargissant-les-prerogatives-des-notaires\/221880\/"},"modified":"2025-05-09T18:36:00","modified_gmt":"2025-05-09T18:36:00","slug":"l-ordre-des-avocats-rejette-une-reforme-elargissant-les-prerogatives-des-notaires","status":"publish","type":"post","link":"https:\/\/www.webdo.tn\/fr\/actualite\/national\/l-ordre-des-avocats-rejette-une-reforme-elargissant-les-prerogatives-des-notaires\/221880\/","title":{"rendered":"L\u2019Ordre des avocats rejette une r\u00e9forme \u00e9largissant les pr\u00e9rogatives des notaires"},"content":{"rendered":"<p>L\u2019Ordre national des avocats de Tunisie a exprim\u00e9, ce vendredi 9 mai, son refus cat\u00e9gorique du projet de r\u00e9vision de la loi encadrant la profession de notaire, actuellement examin\u00e9 par la Commission de la l\u00e9gislation g\u00e9n\u00e9rale de l\u2019Assembl\u00e9e. En ligne de mire : l\u2019\u00e9largissement des comp\u00e9tences du notaire, notamment la possibilit\u00e9 d\u2019enregistrer des divorces par consentement mutuel, jusque-l\u00e0 r\u00e9serv\u00e9 \u00e0 la justice.<\/p>\n<p> Dans une lettre adress\u00e9e aux autorit\u00e9s parlementaires, l\u2019Ordre d\u00e9nonce un texte \u00ab\u00a0contraire \u00e0 l\u2019int\u00e9r\u00eat national\u00a0\u00bb, estimant qu\u2019il compromet les fondements de la R\u00e9publique tunisienne et les acquis de la citoyennet\u00e9. L\u2019organisation professionnelle alerte sur les r\u00e9percussions sociales et \u00e9conomiques d\u2019un tel projet, qu\u2019elle consid\u00e8re comme une menace pour l\u2019\u00e9quilibre du secteur juridique.<\/p>\n<p>Face \u00e0 ce qu\u2019elle qualifie de \u00ab\u00a0d\u00e9rive l\u00e9gislative\u00a0\u00bb, l\u2019instance repr\u00e9sentative des avocats annonce sa d\u00e9termination \u00e0 recourir \u00e0 tous les moyens de lutte, y compris les manifestations. Elle souligne que la profession regroupe aujourd\u2019hui plus de 9 000 avocats, dont une majorit\u00e9 de jeunes, en qu\u00eate d\u2019opportunit\u00e9s et d\u2019un avenir professionnel stable.<\/p>\n<p>L\u2019Ordre met \u00e9galement en garde contre une d\u00e9r\u00e9glementation susceptible d\u2019empi\u00e9ter sur les comp\u00e9tences exclusives des avocats, notamment la r\u00e9daction de contrats. Il voit dans cette r\u00e9forme une remise en cause des droits constitutionnels, un risque pour la paix sociale, et une atteinte au r\u00f4le du pouvoir judiciaire dans la pr\u00e9servation des droits de la femme et de la famille.<\/p>\n<p>En conclusion, l\u2019Ordre des avocats appelle les parlementaires \u00e0 revenir sur ce projet, pour pr\u00e9server la justice, l\u2019\u00e9quilibre des professions juridiques et la coh\u00e9sion sociale en Tunisie.<\/p>\n","protected":false},"excerpt":{"rendered":"<p>L\u2019Ordre des avocats de Tunisie rejette fermement un projet de loi \u00e9largissant les pr\u00e9rogatives des notaires, notamment en mati\u00e8re de divorce, d\u00e9non\u00e7ant une mena&#8230;<\/p>\n","protected":false},"author":5338,"featured_media":376616,"comment_status":"open","ping_status":"closed","sticky":false,"template":"","format":"standard","meta":{"footnotes":""},"categories":[44],"tags":[4962,3033,11831,2608],"class_list":["post-221880","post","type-post","status-publish","format-standard","has-post-thumbnail","hentry","category-national","tag-avocats","tag-loi","tag-notaires","tag-tunisie"],"yoast_head":"<!-- This site is optimized with the Yoast SEO Premium plugin v27.4 (Yoast SEO v27.5) - https:\/\/yoast.com\/product\/yoast-seo-premium-wordpress\/ -->\n<title>L\u2019Ordre des avocats rejette une r\u00e9forme \u00e9largissant les pr\u00e9rogatives des notaires<\/title>\n<meta name=\"description\" content=\"L\u2019Ordre des avocats de Tunisie rejette fermement un projet de loi \u00e9largissant les pr\u00e9rogatives des notaires, notamment en mati\u00e8re de divorce, d\u00e9non\u00e7ant une mena...\" \/>\n<link rel=\"canonical\" href=\"https:\/\/www.webdo.tn\/fr\/actualite\/national\/l-ordre-des-avocats-rejette-une-reforme-elargissant-les-prerogatives-des-notaires\/221880\/\" \/>\n<meta property=\"og:locale\" content=\"fr_FR\" \/>\n<meta property=\"og:type\" content=\"article\" \/>\n<meta property=\"og:title\" content=\"L\u2019Ordre des avocats rejette une r\u00e9forme \u00e9largissant les pr\u00e9rogatives des notaires\" \/>\n<meta property=\"og:description\" content=\"L\u2019Ordre des avocats de Tunisie rejette fermement un projet de loi \u00e9largissant les pr\u00e9rogatives des notaires, notamment en mati\u00e8re de divorce, d\u00e9non\u00e7ant une mena...\" \/>\n<meta property=\"og:url\" content=\"https:\/\/www.webdo.tn\/fr\/actualite\/national\/l-ordre-des-avocats-rejette-une-reforme-elargissant-les-prerogatives-des-notaires\/221880\/\" \/>\n<meta property=\"og:site_name\" content=\"webdo\" \/>\n<meta property=\"article:publisher\" content=\"https:\/\/www.facebook.com\/webdotn\" \/>\n<meta property=\"article:published_time\" content=\"2025-05-09T18:36:00+00:00\" \/>\n<meta property=\"og:image\" content=\"https:\/\/www.webdo.tn\/fr\/wp-content\/uploads\/2025\/05\/e9f158b4640d5f952cafb63dff97cc4d.webp\" \/>\n\t<meta property=\"og:image:width\" content=\"750\" \/>\n\t<meta property=\"og:image:height\" content=\"400\" \/>\n\t<meta property=\"og:image:type\" content=\"image\/webp\" \/>\n<meta name=\"author\" content=\"MC\" \/>\n<meta name=\"twitter:card\" content=\"summary_large_image\" \/>\n<meta name=\"twitter:creator\" content=\"@webdo_tn\" \/>\n<meta name=\"twitter:site\" content=\"@webdo_tn\" \/>\n<meta name=\"twitter:label1\" content=\"\u00c9crit par\" \/>\n\t<meta name=\"twitter:data1\" content=\"MC\" \/>\n\t<meta name=\"twitter:label2\" content=\"Dur\u00e9e de lecture estim\u00e9e\" \/>\n\t<meta name=\"twitter:data2\" content=\"1 minute\" \/>\n<script type=\"application\/ld+json\" class=\"yoast-schema-graph\">{\"@context\":\"https:\\\/\\\/schema.org\",\"@graph\":[{\"@type\":\"NewsArticle\",\"@id\":\"https:\\\/\\\/www.webdo.tn\\\/fr\\\/actualite\\\/national\\\/l-ordre-des-avocats-rejette-une-reforme-elargissant-les-prerogatives-des-notaires\\\/221880\\\/#article\",\"isPartOf\":{\"@id\":\"https:\\\/\\\/www.webdo.tn\\\/fr\\\/actualite\\\/national\\\/l-ordre-des-avocats-rejette-une-reforme-elargissant-les-prerogatives-des-notaires\\\/221880\\\/\"},\"author\":{\"name\":\"MC\",\"@id\":\"https:\\\/\\\/www.webdo.tn\\\/fr\\\/#\\\/schema\\\/person\\\/8500bcb8714aee00d99d4d6903fd06d7\"},\"headline\":\"L\u2019Ordre des avocats rejette une r\u00e9forme \u00e9largissant les pr\u00e9rogatives des notaires\",\"datePublished\":\"2025-05-09T18:36:00+00:00\",\"mainEntityOfPage\":{\"@id\":\"https:\\\/\\\/www.webdo.tn\\\/fr\\\/actualite\\\/national\\\/l-ordre-des-avocats-rejette-une-reforme-elargissant-les-prerogatives-des-notaires\\\/221880\\\/\"},\"wordCount\":308,\"commentCount\":0,\"publisher\":{\"@id\":\"https:\\\/\\\/www.webdo.tn\\\/fr\\\/#organization\"},\"image\":{\"@id\":\"https:\\\/\\\/www.webdo.tn\\\/fr\\\/actualite\\\/national\\\/l-ordre-des-avocats-rejette-une-reforme-elargissant-les-prerogatives-des-notaires\\\/221880\\\/#primaryimage\"},\"thumbnailUrl\":\"https:\\\/\\\/www.webdo.tn\\\/fr\\\/wp-content\\\/uploads\\\/2025\\\/05\\\/e9f158b4640d5f952cafb63dff97cc4d.webp\",\"keywords\":[\"avocats\",\"loi\",\"notaires\",\"Tunisie\"],\"articleSection\":[\"National\"],\"inLanguage\":\"fr-FR\"},{\"@type\":\"WebPage\",\"@id\":\"https:\\\/\\\/www.webdo.tn\\\/fr\\\/actualite\\\/national\\\/l-ordre-des-avocats-rejette-une-reforme-elargissant-les-prerogatives-des-notaires\\\/221880\\\/\",\"url\":\"https:\\\/\\\/www.webdo.tn\\\/fr\\\/actualite\\\/national\\\/l-ordre-des-avocats-rejette-une-reforme-elargissant-les-prerogatives-des-notaires\\\/221880\\\/\",\"name\":\"L\u2019Ordre des avocats rejette une r\u00e9forme \u00e9largissant les pr\u00e9rogatives des notaires\",\"isPartOf\":{\"@id\":\"https:\\\/\\\/www.webdo.tn\\\/fr\\\/#website\"},\"primaryImageOfPage\":{\"@id\":\"https:\\\/\\\/www.webdo.tn\\\/fr\\\/actualite\\\/national\\\/l-ordre-des-avocats-rejette-une-reforme-elargissant-les-prerogatives-des-notaires\\\/221880\\\/#primaryimage\"},\"image\":{\"@id\":\"https:\\\/\\\/www.webdo.tn\\\/fr\\\/actualite\\\/national\\\/l-ordre-des-avocats-rejette-une-reforme-elargissant-les-prerogatives-des-notaires\\\/221880\\\/#primaryimage\"},\"thumbnailUrl\":\"https:\\\/\\\/www.webdo.tn\\\/fr\\\/wp-content\\\/uploads\\\/2025\\\/05\\\/e9f158b4640d5f952cafb63dff97cc4d.webp\",\"datePublished\":\"2025-05-09T18:36:00+00:00\",\"description\":\"L\u2019Ordre des avocats de Tunisie rejette fermement un projet de loi \u00e9largissant les pr\u00e9rogatives des notaires, notamment en mati\u00e8re de divorce, d\u00e9non\u00e7ant une mena...\",\"breadcrumb\":{\"@id\":\"https:\\\/\\\/www.webdo.tn\\\/fr\\\/actualite\\\/national\\\/l-ordre-des-avocats-rejette-une-reforme-elargissant-les-prerogatives-des-notaires\\\/221880\\\/#breadcrumb\"},\"inLanguage\":\"fr-FR\",\"potentialAction\":[{\"@type\":\"ReadAction\",\"target\":[\"https:\\\/\\\/www.webdo.tn\\\/fr\\\/actualite\\\/national\\\/l-ordre-des-avocats-rejette-une-reforme-elargissant-les-prerogatives-des-notaires\\\/221880\\\/\"]}]},{\"@type\":\"ImageObject\",\"inLanguage\":\"fr-FR\",\"@id\":\"https:\\\/\\\/www.webdo.tn\\\/fr\\\/actualite\\\/national\\\/l-ordre-des-avocats-rejette-une-reforme-elargissant-les-prerogatives-des-notaires\\\/221880\\\/#primaryimage\",\"url\":\"https:\\\/\\\/www.webdo.tn\\\/fr\\\/wp-content\\\/uploads\\\/2025\\\/05\\\/e9f158b4640d5f952cafb63dff97cc4d.webp\",\"contentUrl\":\"https:\\\/\\\/www.webdo.tn\\\/fr\\\/wp-content\\\/uploads\\\/2025\\\/05\\\/e9f158b4640d5f952cafb63dff97cc4d.webp\",\"width\":750,\"height\":400,\"caption\":\"Tunisie : Les avocats \u00e9lisent leur futur b\u00e2tonnier\"},{\"@type\":\"BreadcrumbList\",\"@id\":\"https:\\\/\\\/www.webdo.tn\\\/fr\\\/actualite\\\/national\\\/l-ordre-des-avocats-rejette-une-reforme-elargissant-les-prerogatives-des-notaires\\\/221880\\\/#breadcrumb\",\"itemListElement\":[{\"@type\":\"ListItem\",\"position\":1,\"name\":\"Accueil\",\"item\":\"https:\\\/\\\/www.webdo.tn\\\/fr\\\/\"},{\"@type\":\"ListItem\",\"position\":2,\"name\":\"L\u2019Ordre des avocats rejette une r\u00e9forme \u00e9largissant les pr\u00e9rogatives des notaires\"}]},{\"@type\":\"WebSite\",\"@id\":\"https:\\\/\\\/www.webdo.tn\\\/fr\\\/#website\",\"url\":\"https:\\\/\\\/www.webdo.tn\\\/fr\\\/\",\"name\":\"webdo\",\"description\":\"Tunisie - News en Tunisie et \u00e0 l&#039;international sur Webdo.tn\",\"publisher\":{\"@id\":\"https:\\\/\\\/www.webdo.tn\\\/fr\\\/#organization\"},\"potentialAction\":[{\"@type\":\"SearchAction\",\"target\":{\"@type\":\"EntryPoint\",\"urlTemplate\":\"https:\\\/\\\/www.webdo.tn\\\/fr\\\/?s={search_term_string}\"},\"query-input\":{\"@type\":\"PropertyValueSpecification\",\"valueRequired\":true,\"valueName\":\"search_term_string\"}}],\"inLanguage\":\"fr-FR\"},{\"@type\":\"Organization\",\"@id\":\"https:\\\/\\\/www.webdo.tn\\\/fr\\\/#organization\",\"name\":\"Webdo\",\"alternateName\":\"Webdo.tn\",\"url\":\"https:\\\/\\\/www.webdo.tn\\\/fr\\\/\",\"logo\":{\"@type\":\"ImageObject\",\"inLanguage\":\"fr-FR\",\"@id\":\"https:\\\/\\\/www.webdo.tn\\\/fr\\\/#\\\/schema\\\/logo\\\/image\\\/\",\"url\":\"https:\\\/\\\/www.webdo.tn\\\/fr\\\/wp-content\\\/uploads\\\/2025\\\/06\\\/Webdo-Tunisie_168377.jpg\",\"contentUrl\":\"https:\\\/\\\/www.webdo.tn\\\/fr\\\/wp-content\\\/uploads\\\/2025\\\/06\\\/Webdo-Tunisie_168377.jpg\",\"width\":301,\"height\":301,\"caption\":\"Webdo\"},\"image\":{\"@id\":\"https:\\\/\\\/www.webdo.tn\\\/fr\\\/#\\\/schema\\\/logo\\\/image\\\/\"},\"sameAs\":[\"https:\\\/\\\/www.facebook.com\\\/webdotn\",\"https:\\\/\\\/x.com\\\/webdo_tn\"],\"description\":\"Webdo est un m\u00e9dia num\u00e9rique tunisien fond\u00e9 en 2010, sp\u00e9cialis\u00e9 dans l\u2019actualit\u00e9 nationale et internationale, l\u2019\u00e9conomie, la soci\u00e9t\u00e9 et les analyses politiques. Le site s\u2019adresse \u00e0 un large public francophone et couvre l\u2019information tunisienne en temps r\u00e9el.\",\"email\":\"redac@webdo.tn\",\"legalName\":\"YNJ SARL\",\"foundingDate\":\"2010-09-06\",\"numberOfEmployees\":{\"@type\":\"QuantitativeValue\",\"minValue\":\"11\",\"maxValue\":\"50\"}},{\"@type\":\"Person\",\"@id\":\"https:\\\/\\\/www.webdo.tn\\\/fr\\\/#\\\/schema\\\/person\\\/8500bcb8714aee00d99d4d6903fd06d7\",\"name\":\"MC\",\"image\":{\"@type\":\"ImageObject\",\"inLanguage\":\"fr-FR\",\"@id\":\"https:\\\/\\\/secure.gravatar.com\\\/avatar\\\/f608b47029e05639bee9b2fbeb496b6e3ad71093a5aabff97eea23a99d75ad8e?s=96&d=mm&r=g\",\"url\":\"https:\\\/\\\/secure.gravatar.com\\\/avatar\\\/f608b47029e05639bee9b2fbeb496b6e3ad71093a5aabff97eea23a99d75ad8e?s=96&d=mm&r=g\",\"contentUrl\":\"https:\\\/\\\/secure.gravatar.com\\\/avatar\\\/f608b47029e05639bee9b2fbeb496b6e3ad71093a5aabff97eea23a99d75ad8e?s=96&d=mm&r=g\",\"caption\":\"MC\"},\"url\":\"https:\\\/\\\/www.webdo.tn\\\/fr\\\/actualite\\\/author\\\/mc-6\\\/\"}]}<\/script>\n<!-- \/ Yoast SEO Premium plugin. -->","yoast_head_json":{"title":"L\u2019Ordre des avocats rejette une r\u00e9forme \u00e9largissant les pr\u00e9rogatives des notaires","description":"L\u2019Ordre des avocats de Tunisie rejette fermement un projet de loi \u00e9largissant les pr\u00e9rogatives des notaires, notamment en mati\u00e8re de divorce, d\u00e9non\u00e7ant une mena...","canonical":"https:\/\/www.webdo.tn\/fr\/actualite\/national\/l-ordre-des-avocats-rejette-une-reforme-elargissant-les-prerogatives-des-notaires\/221880\/","og_locale":"fr_FR","og_type":"article","og_title":"L\u2019Ordre des avocats rejette une r\u00e9forme \u00e9largissant les pr\u00e9rogatives des notaires","og_description":"L\u2019Ordre des avocats de Tunisie rejette fermement un projet de loi \u00e9largissant les pr\u00e9rogatives des notaires, notamment en mati\u00e8re de divorce, d\u00e9non\u00e7ant une mena...","og_url":"https:\/\/www.webdo.tn\/fr\/actualite\/national\/l-ordre-des-avocats-rejette-une-reforme-elargissant-les-prerogatives-des-notaires\/221880\/","og_site_name":"webdo","article_publisher":"https:\/\/www.facebook.com\/webdotn","article_published_time":"2025-05-09T18:36:00+00:00","og_image":[{"width":750,"height":400,"url":"https:\/\/www.webdo.tn\/fr\/wp-content\/uploads\/2025\/05\/e9f158b4640d5f952cafb63dff97cc4d.webp","type":"image\/webp"}],"author":"MC","twitter_card":"summary_large_image","twitter_creator":"@webdo_tn","twitter_site":"@webdo_tn","twitter_misc":{"\u00c9crit par":"MC","Dur\u00e9e de lecture estim\u00e9e":"1 minute"},"schema":{"@context":"https:\/\/schema.org","@graph":[{"@type":"NewsArticle","@id":"https:\/\/www.webdo.tn\/fr\/actualite\/national\/l-ordre-des-avocats-rejette-une-reforme-elargissant-les-prerogatives-des-notaires\/221880\/#article","isPartOf":{"@id":"https:\/\/www.webdo.tn\/fr\/actualite\/national\/l-ordre-des-avocats-rejette-une-reforme-elargissant-les-prerogatives-des-notaires\/221880\/"},"author":{"name":"MC","@id":"https:\/\/www.webdo.tn\/fr\/#\/schema\/person\/8500bcb8714aee00d99d4d6903fd06d7"},"headline":"L\u2019Ordre des avocats rejette une r\u00e9forme \u00e9largissant les pr\u00e9rogatives des notaires","datePublished":"2025-05-09T18:36:00+00:00","mainEntityOfPage":{"@id":"https:\/\/www.webdo.tn\/fr\/actualite\/national\/l-ordre-des-avocats-rejette-une-reforme-elargissant-les-prerogatives-des-notaires\/221880\/"},"wordCount":308,"commentCount":0,"publisher":{"@id":"https:\/\/www.webdo.tn\/fr\/#organization"},"image":{"@id":"https:\/\/www.webdo.tn\/fr\/actualite\/national\/l-ordre-des-avocats-rejette-une-reforme-elargissant-les-prerogatives-des-notaires\/221880\/#primaryimage"},"thumbnailUrl":"https:\/\/www.webdo.tn\/fr\/wp-content\/uploads\/2025\/05\/e9f158b4640d5f952cafb63dff97cc4d.webp","keywords":["avocats","loi","notaires","Tunisie"],"articleSection":["National"],"inLanguage":"fr-FR"},{"@type":"WebPage","@id":"https:\/\/www.webdo.tn\/fr\/actualite\/national\/l-ordre-des-avocats-rejette-une-reforme-elargissant-les-prerogatives-des-notaires\/221880\/","url":"https:\/\/www.webdo.tn\/fr\/actualite\/national\/l-ordre-des-avocats-rejette-une-reforme-elargissant-les-prerogatives-des-notaires\/221880\/","name":"L\u2019Ordre des avocats rejette une r\u00e9forme \u00e9largissant les pr\u00e9rogatives des notaires","isPartOf":{"@id":"https:\/\/www.webdo.tn\/fr\/#website"},"primaryImageOfPage":{"@id":"https:\/\/www.webdo.tn\/fr\/actualite\/national\/l-ordre-des-avocats-rejette-une-reforme-elargissant-les-prerogatives-des-notaires\/221880\/#primaryimage"},"image":{"@id":"https:\/\/www.webdo.tn\/fr\/actualite\/national\/l-ordre-des-avocats-rejette-une-reforme-elargissant-les-prerogatives-des-notaires\/221880\/#primaryimage"},"thumbnailUrl":"https:\/\/www.webdo.tn\/fr\/wp-content\/uploads\/2025\/05\/e9f158b4640d5f952cafb63dff97cc4d.webp","datePublished":"2025-05-09T18:36:00+00:00","description":"L\u2019Ordre des avocats de Tunisie rejette fermement un projet de loi \u00e9largissant les pr\u00e9rogatives des notaires, notamment en mati\u00e8re de divorce, d\u00e9non\u00e7ant une mena...","breadcrumb":{"@id":"https:\/\/www.webdo.tn\/fr\/actualite\/national\/l-ordre-des-avocats-rejette-une-reforme-elargissant-les-prerogatives-des-notaires\/221880\/#breadcrumb"},"inLanguage":"fr-FR","potentialAction":[{"@type":"ReadAction","target":["https:\/\/www.webdo.tn\/fr\/actualite\/national\/l-ordre-des-avocats-rejette-une-reforme-elargissant-les-prerogatives-des-notaires\/221880\/"]}]},{"@type":"ImageObject","inLanguage":"fr-FR","@id":"https:\/\/www.webdo.tn\/fr\/actualite\/national\/l-ordre-des-avocats-rejette-une-reforme-elargissant-les-prerogatives-des-notaires\/221880\/#primaryimage","url":"https:\/\/www.webdo.tn\/fr\/wp-content\/uploads\/2025\/05\/e9f158b4640d5f952cafb63dff97cc4d.webp","contentUrl":"https:\/\/www.webdo.tn\/fr\/wp-content\/uploads\/2025\/05\/e9f158b4640d5f952cafb63dff97cc4d.webp","width":750,"height":400,"caption":"Tunisie : Les avocats \u00e9lisent leur futur b\u00e2tonnier"},{"@type":"BreadcrumbList","@id":"https:\/\/www.webdo.tn\/fr\/actualite\/national\/l-ordre-des-avocats-rejette-une-reforme-elargissant-les-prerogatives-des-notaires\/221880\/#breadcrumb","itemListElement":[{"@type":"ListItem","position":1,"name":"Accueil","item":"https:\/\/www.webdo.tn\/fr\/"},{"@type":"ListItem","position":2,"name":"L\u2019Ordre des avocats rejette une r\u00e9forme \u00e9largissant les pr\u00e9rogatives des notaires"}]},{"@type":"WebSite","@id":"https:\/\/www.webdo.tn\/fr\/#website","url":"https:\/\/www.webdo.tn\/fr\/","name":"webdo","description":"Tunisie - News en Tunisie et \u00e0 l&#039;international sur Webdo.tn","publisher":{"@id":"https:\/\/www.webdo.tn\/fr\/#organization"},"potentialAction":[{"@type":"SearchAction","target":{"@type":"EntryPoint","urlTemplate":"https:\/\/www.webdo.tn\/fr\/?s={search_term_string}"},"query-input":{"@type":"PropertyValueSpecification","valueRequired":true,"valueName":"search_term_string"}}],"inLanguage":"fr-FR"},{"@type":"Organization","@id":"https:\/\/www.webdo.tn\/fr\/#organization","name":"Webdo","alternateName":"Webdo.tn","url":"https:\/\/www.webdo.tn\/fr\/","logo":{"@type":"ImageObject","inLanguage":"fr-FR","@id":"https:\/\/www.webdo.tn\/fr\/#\/schema\/logo\/image\/","url":"https:\/\/www.webdo.tn\/fr\/wp-content\/uploads\/2025\/06\/Webdo-Tunisie_168377.jpg","contentUrl":"https:\/\/www.webdo.tn\/fr\/wp-content\/uploads\/2025\/06\/Webdo-Tunisie_168377.jpg","width":301,"height":301,"caption":"Webdo"},"image":{"@id":"https:\/\/www.webdo.tn\/fr\/#\/schema\/logo\/image\/"},"sameAs":["https:\/\/www.facebook.com\/webdotn","https:\/\/x.com\/webdo_tn"],"description":"Webdo est un m\u00e9dia num\u00e9rique tunisien fond\u00e9 en 2010, sp\u00e9cialis\u00e9 dans l\u2019actualit\u00e9 nationale et internationale, l\u2019\u00e9conomie, la soci\u00e9t\u00e9 et les analyses politiques. Le site s\u2019adresse \u00e0 un large public francophone et couvre l\u2019information tunisienne en temps r\u00e9el.","email":"redac@webdo.tn","legalName":"YNJ SARL","foundingDate":"2010-09-06","numberOfEmployees":{"@type":"QuantitativeValue","minValue":"11","maxValue":"50"}},{"@type":"Person","@id":"https:\/\/www.webdo.tn\/fr\/#\/schema\/person\/8500bcb8714aee00d99d4d6903fd06d7","name":"MC","image":{"@type":"ImageObject","inLanguage":"fr-FR","@id":"https:\/\/secure.gravatar.com\/avatar\/f608b47029e05639bee9b2fbeb496b6e3ad71093a5aabff97eea23a99d75ad8e?s=96&d=mm&r=g","url":"https:\/\/secure.gravatar.com\/avatar\/f608b47029e05639bee9b2fbeb496b6e3ad71093a5aabff97eea23a99d75ad8e?s=96&d=mm&r=g","contentUrl":"https:\/\/secure.gravatar.com\/avatar\/f608b47029e05639bee9b2fbeb496b6e3ad71093a5aabff97eea23a99d75ad8e?s=96&d=mm&r=g","caption":"MC"},"url":"https:\/\/www.webdo.tn\/fr\/actualite\/author\/mc-6\/"}]}},"_links":{"self":[{"href":"https:\/\/www.webdo.tn\/fr\/wp-json\/wp\/v2\/posts\/221880","targetHints":{"allow":["GET"]}}],"collection":[{"href":"https:\/\/www.webdo.tn\/fr\/wp-json\/wp\/v2\/posts"}],"about":[{"href":"https:\/\/www.webdo.tn\/fr\/wp-json\/wp\/v2\/types\/post"}],"author":[{"embeddable":true,"href":"https:\/\/www.webdo.tn\/fr\/wp-json\/wp\/v2\/users\/5338"}],"replies":[{"embeddable":true,"href":"https:\/\/www.webdo.tn\/fr\/wp-json\/wp\/v2\/comments?post=221880"}],"version-history":[{"count":0,"href":"https:\/\/www.webdo.tn\/fr\/wp-json\/wp\/v2\/posts\/221880\/revisions"}],"wp:featuredmedia":[{"embeddable":true,"href":"https:\/\/www.webdo.tn\/fr\/wp-json\/wp\/v2\/media\/376616"}],"wp:attachment":[{"href":"https:\/\/www.webdo.tn\/fr\/wp-json\/wp\/v2\/media?parent=221880"}],"wp:term":[{"taxonomy":"category","embeddable":true,"href":"https:\/\/www.webdo.tn\/fr\/wp-json\/wp\/v2\/categories?post=221880"},{"taxonomy":"post_tag","embeddable":true,"href":"https:\/\/www.webdo.tn\/fr\/wp-json\/wp\/v2\/tags?post=221880"}],"curies":[{"name":"wp","href":"https:\/\/api.w.org\/{rel}","templated":true}]}}