{"id":221872,"date":"2025-05-09T12:27:00","date_gmt":"2025-05-09T12:27:00","guid":{"rendered":"https:\/\/www.webdo.tn\/fr\/actualite\/blog\/tunisie-rene-trabelsi-reagit-a-l-agression-d-un-juif-tunisien-a-djerba\/221872\/"},"modified":"2025-05-09T12:27:00","modified_gmt":"2025-05-09T12:27:00","slug":"tunisie-rene-trabelsi-reagit-a-l-agression-d-un-juif-tunisien-a-djerba","status":"publish","type":"post","link":"https:\/\/www.webdo.tn\/fr\/actualite\/national\/tunisie-rene-trabelsi-reagit-a-l-agression-d-un-juif-tunisien-a-djerba\/221872\/","title":{"rendered":"Tunisie : Ren\u00e9 Trabelsi r\u00e9agit \u00e0 l\u2019agression d\u2019un juif tunisien \u00e0 Djerba"},"content":{"rendered":"<p>L\u2019ancien ministre du Tourisme, Ren\u00e9 Trabelsi, a r\u00e9agi \u00e0 l\u2019agression dont a \u00e9t\u00e9 victime, hier, un citoyen tunisien de confession juive sur l\u2019\u00eele de Djerba et a appel\u00e9 au rejet de toute instrumentalisation politique.<\/p>\n<p> L\u2019ancien ministre du Tourisme, Ren\u00e9 Trabelsi, a r\u00e9agi, dans une publication sur sa page Facebook officielle, \u00e0 l\u2019agression subie hier par un citoyen tunisien de confession juive sur l\u2019\u00eele de Djerba.<\/p>\n<p>Il a affirm\u00e9 que \u00ab\u00a0la Tunisie restera toujours un pays de coexistence et de tol\u00e9rance\u00a0\u00bb, et que de tels actes isol\u00e9s \u00ab\u00a0ne refl\u00e8tent en rien l\u2019esprit du peuple tunisien, reconnu pour sa solidarit\u00e9 et son unit\u00e9.\u00a0\u00bb<\/p>\n<p>Trabelsi a \u00e9galement tenu \u00e0 souligner que les habitants de Djerba, toutes composantes confondues, restent attach\u00e9s aux valeurs de citoyennet\u00e9 et d\u2019appartenance nationale, tout en exprimant sa confiance dans les institutions de l\u2019\u00c9tat, en particulier les forces de s\u00e9curit\u00e9 et la justice, pour faire toute la lumi\u00e8re sur l\u2019incident.<\/p>\n<p>Il a conclu sa publication par un message d\u2019espoir : \u00ab\u00a0La Tunisie va bien, et restera toujours une terre de paix et d\u2019harmonie. Vive la Tunisie, vive la Tunisie, vive la Tunisie.\u00a0\u00bb<\/p>\n<p>Pour rappel, un incident impliquant des violences physiques a eu lieu hier \u00e0 Djerba (gouvernorat de M\u00e9denine), ciblant un citoyen tunisien suite \u00e0 un diff\u00e9rend. Ce type d\u2019incident, malheureusement, peut survenir dans diff\u00e9rentes r\u00e9gions du pays. Toutefois, le minist\u00e8re des Affaires \u00e9trang\u00e8res de l\u2019entit\u00e9 sioniste a tent\u00e9 d\u2019instrumentaliser cet acte, en appelant \u00e0 \u00ab\u00a0prot\u00e9ger les Juifs de Tunisie\u00a0\u00bb.<\/p>\n<p>La prise de position de Ren\u00e9 Trabelsi, lui-m\u00eame Tunisien juif, fait barrage aux tentatives d\u2019ing\u00e9rence \u00e9trang\u00e8re et rappelle que ce type d\u2019affaire rel\u00e8ve exclusivement du cadre national tunisien.<\/p>\n","protected":false},"excerpt":{"rendered":"<p>Ren\u00e9 Trabelsi r\u00e9agit \u00e0 l\u2019agression d\u2019un citoyen juif \u00e0 Djerba et d\u00e9fend la tol\u00e9rance tunisienne face aux tentatives d\u2019ing\u00e9rence isra\u00e9lienne. Une prise de parole&#8230;<\/p>\n","protected":false},"author":3162,"featured_media":376274,"comment_status":"open","ping_status":"closed","sticky":false,"template":"","format":"standard","meta":{"footnotes":""},"categories":[44],"tags":[11021,3435,11797,2608],"class_list":["post-221872","post","type-post","status-publish","format-standard","has-post-thumbnail","hentry","category-national","tag-juif","tag-agression","tag-rene-trabelsi","tag-tunisie"],"yoast_head":"<!-- This site is optimized with the Yoast SEO Premium plugin v27.4 (Yoast SEO v27.5) - https:\/\/yoast.com\/product\/yoast-seo-premium-wordpress\/ -->\n<title>Tunisie : Ren\u00e9 Trabelsi r\u00e9agit \u00e0 l\u2019agression d\u2019un juif tunisien \u00e0 Djerba<\/title>\n<meta name=\"description\" content=\"Ren\u00e9 Trabelsi r\u00e9agit \u00e0 l\u2019agression d\u2019un citoyen juif \u00e0 Djerba et d\u00e9fend la tol\u00e9rance tunisienne face aux tentatives d\u2019ing\u00e9rence isra\u00e9lienne. Une prise de parole...\" \/>\n<link rel=\"canonical\" href=\"https:\/\/www.webdo.tn\/fr\/actualite\/national\/tunisie-rene-trabelsi-reagit-a-l-agression-d-un-juif-tunisien-a-djerba\/221872\/\" \/>\n<meta property=\"og:locale\" content=\"fr_FR\" \/>\n<meta property=\"og:type\" content=\"article\" \/>\n<meta property=\"og:title\" content=\"Tunisie : Ren\u00e9 Trabelsi r\u00e9agit \u00e0 l\u2019agression d\u2019un juif tunisien \u00e0 Djerba\" \/>\n<meta property=\"og:description\" content=\"Ren\u00e9 Trabelsi r\u00e9agit \u00e0 l\u2019agression d\u2019un citoyen juif \u00e0 Djerba et d\u00e9fend la tol\u00e9rance tunisienne face aux tentatives d\u2019ing\u00e9rence isra\u00e9lienne. Une prise de parole...\" \/>\n<meta property=\"og:url\" content=\"https:\/\/www.webdo.tn\/fr\/actualite\/national\/tunisie-rene-trabelsi-reagit-a-l-agression-d-un-juif-tunisien-a-djerba\/221872\/\" \/>\n<meta property=\"og:site_name\" content=\"webdo\" \/>\n<meta property=\"article:publisher\" content=\"https:\/\/www.facebook.com\/webdotn\" \/>\n<meta property=\"article:published_time\" content=\"2025-05-09T12:27:00+00:00\" \/>\n<meta property=\"og:image\" content=\"https:\/\/www.webdo.tn\/fr\/wp-content\/uploads\/2025\/05\/c96fcd9cf58d8fd0f89a5d702a1ee5ff-1.webp\" \/>\n\t<meta property=\"og:image:width\" content=\"750\" \/>\n\t<meta property=\"og:image:height\" content=\"400\" \/>\n\t<meta property=\"og:image:type\" content=\"image\/webp\" \/>\n<meta name=\"author\" content=\"MC\" \/>\n<meta name=\"twitter:card\" content=\"summary_large_image\" \/>\n<meta name=\"twitter:creator\" content=\"@webdo_tn\" \/>\n<meta name=\"twitter:site\" content=\"@webdo_tn\" \/>\n<meta name=\"twitter:label1\" content=\"\u00c9crit par\" \/>\n\t<meta name=\"twitter:data1\" content=\"MC\" \/>\n\t<meta name=\"twitter:label2\" content=\"Dur\u00e9e de lecture estim\u00e9e\" \/>\n\t<meta name=\"twitter:data2\" content=\"1 minute\" \/>\n<script type=\"application\/ld+json\" class=\"yoast-schema-graph\">{\"@context\":\"https:\\\/\\\/schema.org\",\"@graph\":[{\"@type\":\"NewsArticle\",\"@id\":\"https:\\\/\\\/www.webdo.tn\\\/fr\\\/actualite\\\/national\\\/tunisie-rene-trabelsi-reagit-a-l-agression-d-un-juif-tunisien-a-djerba\\\/221872\\\/#article\",\"isPartOf\":{\"@id\":\"https:\\\/\\\/www.webdo.tn\\\/fr\\\/actualite\\\/national\\\/tunisie-rene-trabelsi-reagit-a-l-agression-d-un-juif-tunisien-a-djerba\\\/221872\\\/\"},\"author\":{\"name\":\"MC\",\"@id\":\"https:\\\/\\\/www.webdo.tn\\\/fr\\\/#\\\/schema\\\/person\\\/2c4929cbf5a809e3bd38617c6ce150f6\"},\"headline\":\"Tunisie : Ren\u00e9 Trabelsi r\u00e9agit \u00e0 l\u2019agression d\u2019un juif tunisien \u00e0 Djerba\",\"datePublished\":\"2025-05-09T12:27:00+00:00\",\"mainEntityOfPage\":{\"@id\":\"https:\\\/\\\/www.webdo.tn\\\/fr\\\/actualite\\\/national\\\/tunisie-rene-trabelsi-reagit-a-l-agression-d-un-juif-tunisien-a-djerba\\\/221872\\\/\"},\"wordCount\":309,\"commentCount\":0,\"publisher\":{\"@id\":\"https:\\\/\\\/www.webdo.tn\\\/fr\\\/#organization\"},\"image\":{\"@id\":\"https:\\\/\\\/www.webdo.tn\\\/fr\\\/actualite\\\/national\\\/tunisie-rene-trabelsi-reagit-a-l-agression-d-un-juif-tunisien-a-djerba\\\/221872\\\/#primaryimage\"},\"thumbnailUrl\":\"https:\\\/\\\/www.webdo.tn\\\/fr\\\/wp-content\\\/uploads\\\/2025\\\/05\\\/c96fcd9cf58d8fd0f89a5d702a1ee5ff-1.webp\",\"keywords\":[\"'Juif']\",\"agression\",\"ren\u00e9 trabelsi\",\"Tunisie\"],\"articleSection\":[\"National\"],\"inLanguage\":\"fr-FR\"},{\"@type\":\"WebPage\",\"@id\":\"https:\\\/\\\/www.webdo.tn\\\/fr\\\/actualite\\\/national\\\/tunisie-rene-trabelsi-reagit-a-l-agression-d-un-juif-tunisien-a-djerba\\\/221872\\\/\",\"url\":\"https:\\\/\\\/www.webdo.tn\\\/fr\\\/actualite\\\/national\\\/tunisie-rene-trabelsi-reagit-a-l-agression-d-un-juif-tunisien-a-djerba\\\/221872\\\/\",\"name\":\"Tunisie : Ren\u00e9 Trabelsi r\u00e9agit \u00e0 l\u2019agression d\u2019un juif tunisien \u00e0 Djerba\",\"isPartOf\":{\"@id\":\"https:\\\/\\\/www.webdo.tn\\\/fr\\\/#website\"},\"primaryImageOfPage\":{\"@id\":\"https:\\\/\\\/www.webdo.tn\\\/fr\\\/actualite\\\/national\\\/tunisie-rene-trabelsi-reagit-a-l-agression-d-un-juif-tunisien-a-djerba\\\/221872\\\/#primaryimage\"},\"image\":{\"@id\":\"https:\\\/\\\/www.webdo.tn\\\/fr\\\/actualite\\\/national\\\/tunisie-rene-trabelsi-reagit-a-l-agression-d-un-juif-tunisien-a-djerba\\\/221872\\\/#primaryimage\"},\"thumbnailUrl\":\"https:\\\/\\\/www.webdo.tn\\\/fr\\\/wp-content\\\/uploads\\\/2025\\\/05\\\/c96fcd9cf58d8fd0f89a5d702a1ee5ff-1.webp\",\"datePublished\":\"2025-05-09T12:27:00+00:00\",\"description\":\"Ren\u00e9 Trabelsi r\u00e9agit \u00e0 l\u2019agression d\u2019un citoyen juif \u00e0 Djerba et d\u00e9fend la tol\u00e9rance tunisienne face aux tentatives d\u2019ing\u00e9rence isra\u00e9lienne. Une prise de parole...\",\"breadcrumb\":{\"@id\":\"https:\\\/\\\/www.webdo.tn\\\/fr\\\/actualite\\\/national\\\/tunisie-rene-trabelsi-reagit-a-l-agression-d-un-juif-tunisien-a-djerba\\\/221872\\\/#breadcrumb\"},\"inLanguage\":\"fr-FR\",\"potentialAction\":[{\"@type\":\"ReadAction\",\"target\":[\"https:\\\/\\\/www.webdo.tn\\\/fr\\\/actualite\\\/national\\\/tunisie-rene-trabelsi-reagit-a-l-agression-d-un-juif-tunisien-a-djerba\\\/221872\\\/\"]}]},{\"@type\":\"ImageObject\",\"inLanguage\":\"fr-FR\",\"@id\":\"https:\\\/\\\/www.webdo.tn\\\/fr\\\/actualite\\\/national\\\/tunisie-rene-trabelsi-reagit-a-l-agression-d-un-juif-tunisien-a-djerba\\\/221872\\\/#primaryimage\",\"url\":\"https:\\\/\\\/www.webdo.tn\\\/fr\\\/wp-content\\\/uploads\\\/2025\\\/05\\\/c96fcd9cf58d8fd0f89a5d702a1ee5ff-1.webp\",\"contentUrl\":\"https:\\\/\\\/www.webdo.tn\\\/fr\\\/wp-content\\\/uploads\\\/2025\\\/05\\\/c96fcd9cf58d8fd0f89a5d702a1ee5ff-1.webp\",\"width\":750,\"height\":400,\"caption\":\"Tunisie : Ren\u00e9 Trabelsi r\u00e9agit \u00e0 l\u2019agression d\u2019un juif tunisien \u00e0 Djerba\"},{\"@type\":\"BreadcrumbList\",\"@id\":\"https:\\\/\\\/www.webdo.tn\\\/fr\\\/actualite\\\/national\\\/tunisie-rene-trabelsi-reagit-a-l-agression-d-un-juif-tunisien-a-djerba\\\/221872\\\/#breadcrumb\",\"itemListElement\":[{\"@type\":\"ListItem\",\"position\":1,\"name\":\"Accueil\",\"item\":\"https:\\\/\\\/www.webdo.tn\\\/fr\\\/\"},{\"@type\":\"ListItem\",\"position\":2,\"name\":\"Tunisie : Ren\u00e9 Trabelsi r\u00e9agit \u00e0 l\u2019agression d\u2019un juif tunisien \u00e0 Djerba\"}]},{\"@type\":\"WebSite\",\"@id\":\"https:\\\/\\\/www.webdo.tn\\\/fr\\\/#website\",\"url\":\"https:\\\/\\\/www.webdo.tn\\\/fr\\\/\",\"name\":\"webdo\",\"description\":\"Tunisie - News en Tunisie et \u00e0 l&#039;international sur Webdo.tn\",\"publisher\":{\"@id\":\"https:\\\/\\\/www.webdo.tn\\\/fr\\\/#organization\"},\"potentialAction\":[{\"@type\":\"SearchAction\",\"target\":{\"@type\":\"EntryPoint\",\"urlTemplate\":\"https:\\\/\\\/www.webdo.tn\\\/fr\\\/?s={search_term_string}\"},\"query-input\":{\"@type\":\"PropertyValueSpecification\",\"valueRequired\":true,\"valueName\":\"search_term_string\"}}],\"inLanguage\":\"fr-FR\"},{\"@type\":\"Organization\",\"@id\":\"https:\\\/\\\/www.webdo.tn\\\/fr\\\/#organization\",\"name\":\"Webdo\",\"alternateName\":\"Webdo.tn\",\"url\":\"https:\\\/\\\/www.webdo.tn\\\/fr\\\/\",\"logo\":{\"@type\":\"ImageObject\",\"inLanguage\":\"fr-FR\",\"@id\":\"https:\\\/\\\/www.webdo.tn\\\/fr\\\/#\\\/schema\\\/logo\\\/image\\\/\",\"url\":\"https:\\\/\\\/www.webdo.tn\\\/fr\\\/wp-content\\\/uploads\\\/2025\\\/06\\\/Webdo-Tunisie_168377.jpg\",\"contentUrl\":\"https:\\\/\\\/www.webdo.tn\\\/fr\\\/wp-content\\\/uploads\\\/2025\\\/06\\\/Webdo-Tunisie_168377.jpg\",\"width\":301,\"height\":301,\"caption\":\"Webdo\"},\"image\":{\"@id\":\"https:\\\/\\\/www.webdo.tn\\\/fr\\\/#\\\/schema\\\/logo\\\/image\\\/\"},\"sameAs\":[\"https:\\\/\\\/www.facebook.com\\\/webdotn\",\"https:\\\/\\\/x.com\\\/webdo_tn\"],\"description\":\"Webdo est un m\u00e9dia num\u00e9rique tunisien fond\u00e9 en 2010, sp\u00e9cialis\u00e9 dans l\u2019actualit\u00e9 nationale et internationale, l\u2019\u00e9conomie, la soci\u00e9t\u00e9 et les analyses politiques. Le site s\u2019adresse \u00e0 un large public francophone et couvre l\u2019information tunisienne en temps r\u00e9el.\",\"email\":\"redac@webdo.tn\",\"legalName\":\"YNJ SARL\",\"foundingDate\":\"2010-09-06\",\"numberOfEmployees\":{\"@type\":\"QuantitativeValue\",\"minValue\":\"11\",\"maxValue\":\"50\"}},{\"@type\":\"Person\",\"@id\":\"https:\\\/\\\/www.webdo.tn\\\/fr\\\/#\\\/schema\\\/person\\\/2c4929cbf5a809e3bd38617c6ce150f6\",\"name\":\"MC\",\"image\":{\"@type\":\"ImageObject\",\"inLanguage\":\"fr-FR\",\"@id\":\"https:\\\/\\\/secure.gravatar.com\\\/avatar\\\/a545bbb6f84efdd5553dbbc2895e3ca8f1d12c5215e00a041c9670b54aa9b18a?s=96&d=mm&r=g\",\"url\":\"https:\\\/\\\/secure.gravatar.com\\\/avatar\\\/a545bbb6f84efdd5553dbbc2895e3ca8f1d12c5215e00a041c9670b54aa9b18a?s=96&d=mm&r=g\",\"contentUrl\":\"https:\\\/\\\/secure.gravatar.com\\\/avatar\\\/a545bbb6f84efdd5553dbbc2895e3ca8f1d12c5215e00a041c9670b54aa9b18a?s=96&d=mm&r=g\",\"caption\":\"MC\"},\"url\":\"https:\\\/\\\/www.webdo.tn\\\/fr\\\/actualite\\\/author\\\/mc\\\/\"}]}<\/script>\n<!-- \/ Yoast SEO Premium plugin. -->","yoast_head_json":{"title":"Tunisie : Ren\u00e9 Trabelsi r\u00e9agit \u00e0 l\u2019agression d\u2019un juif tunisien \u00e0 Djerba","description":"Ren\u00e9 Trabelsi r\u00e9agit \u00e0 l\u2019agression d\u2019un citoyen juif \u00e0 Djerba et d\u00e9fend la tol\u00e9rance tunisienne face aux tentatives d\u2019ing\u00e9rence isra\u00e9lienne. Une prise de parole...","canonical":"https:\/\/www.webdo.tn\/fr\/actualite\/national\/tunisie-rene-trabelsi-reagit-a-l-agression-d-un-juif-tunisien-a-djerba\/221872\/","og_locale":"fr_FR","og_type":"article","og_title":"Tunisie : Ren\u00e9 Trabelsi r\u00e9agit \u00e0 l\u2019agression d\u2019un juif tunisien \u00e0 Djerba","og_description":"Ren\u00e9 Trabelsi r\u00e9agit \u00e0 l\u2019agression d\u2019un citoyen juif \u00e0 Djerba et d\u00e9fend la tol\u00e9rance tunisienne face aux tentatives d\u2019ing\u00e9rence isra\u00e9lienne. Une prise de parole...","og_url":"https:\/\/www.webdo.tn\/fr\/actualite\/national\/tunisie-rene-trabelsi-reagit-a-l-agression-d-un-juif-tunisien-a-djerba\/221872\/","og_site_name":"webdo","article_publisher":"https:\/\/www.facebook.com\/webdotn","article_published_time":"2025-05-09T12:27:00+00:00","og_image":[{"width":750,"height":400,"url":"https:\/\/www.webdo.tn\/fr\/wp-content\/uploads\/2025\/05\/c96fcd9cf58d8fd0f89a5d702a1ee5ff-1.webp","type":"image\/webp"}],"author":"MC","twitter_card":"summary_large_image","twitter_creator":"@webdo_tn","twitter_site":"@webdo_tn","twitter_misc":{"\u00c9crit par":"MC","Dur\u00e9e de lecture estim\u00e9e":"1 minute"},"schema":{"@context":"https:\/\/schema.org","@graph":[{"@type":"NewsArticle","@id":"https:\/\/www.webdo.tn\/fr\/actualite\/national\/tunisie-rene-trabelsi-reagit-a-l-agression-d-un-juif-tunisien-a-djerba\/221872\/#article","isPartOf":{"@id":"https:\/\/www.webdo.tn\/fr\/actualite\/national\/tunisie-rene-trabelsi-reagit-a-l-agression-d-un-juif-tunisien-a-djerba\/221872\/"},"author":{"name":"MC","@id":"https:\/\/www.webdo.tn\/fr\/#\/schema\/person\/2c4929cbf5a809e3bd38617c6ce150f6"},"headline":"Tunisie : Ren\u00e9 Trabelsi r\u00e9agit \u00e0 l\u2019agression d\u2019un juif tunisien \u00e0 Djerba","datePublished":"2025-05-09T12:27:00+00:00","mainEntityOfPage":{"@id":"https:\/\/www.webdo.tn\/fr\/actualite\/national\/tunisie-rene-trabelsi-reagit-a-l-agression-d-un-juif-tunisien-a-djerba\/221872\/"},"wordCount":309,"commentCount":0,"publisher":{"@id":"https:\/\/www.webdo.tn\/fr\/#organization"},"image":{"@id":"https:\/\/www.webdo.tn\/fr\/actualite\/national\/tunisie-rene-trabelsi-reagit-a-l-agression-d-un-juif-tunisien-a-djerba\/221872\/#primaryimage"},"thumbnailUrl":"https:\/\/www.webdo.tn\/fr\/wp-content\/uploads\/2025\/05\/c96fcd9cf58d8fd0f89a5d702a1ee5ff-1.webp","keywords":["'Juif']","agression","ren\u00e9 trabelsi","Tunisie"],"articleSection":["National"],"inLanguage":"fr-FR"},{"@type":"WebPage","@id":"https:\/\/www.webdo.tn\/fr\/actualite\/national\/tunisie-rene-trabelsi-reagit-a-l-agression-d-un-juif-tunisien-a-djerba\/221872\/","url":"https:\/\/www.webdo.tn\/fr\/actualite\/national\/tunisie-rene-trabelsi-reagit-a-l-agression-d-un-juif-tunisien-a-djerba\/221872\/","name":"Tunisie : Ren\u00e9 Trabelsi r\u00e9agit \u00e0 l\u2019agression d\u2019un juif tunisien \u00e0 Djerba","isPartOf":{"@id":"https:\/\/www.webdo.tn\/fr\/#website"},"primaryImageOfPage":{"@id":"https:\/\/www.webdo.tn\/fr\/actualite\/national\/tunisie-rene-trabelsi-reagit-a-l-agression-d-un-juif-tunisien-a-djerba\/221872\/#primaryimage"},"image":{"@id":"https:\/\/www.webdo.tn\/fr\/actualite\/national\/tunisie-rene-trabelsi-reagit-a-l-agression-d-un-juif-tunisien-a-djerba\/221872\/#primaryimage"},"thumbnailUrl":"https:\/\/www.webdo.tn\/fr\/wp-content\/uploads\/2025\/05\/c96fcd9cf58d8fd0f89a5d702a1ee5ff-1.webp","datePublished":"2025-05-09T12:27:00+00:00","description":"Ren\u00e9 Trabelsi r\u00e9agit \u00e0 l\u2019agression d\u2019un citoyen juif \u00e0 Djerba et d\u00e9fend la tol\u00e9rance tunisienne face aux tentatives d\u2019ing\u00e9rence isra\u00e9lienne. Une prise de parole...","breadcrumb":{"@id":"https:\/\/www.webdo.tn\/fr\/actualite\/national\/tunisie-rene-trabelsi-reagit-a-l-agression-d-un-juif-tunisien-a-djerba\/221872\/#breadcrumb"},"inLanguage":"fr-FR","potentialAction":[{"@type":"ReadAction","target":["https:\/\/www.webdo.tn\/fr\/actualite\/national\/tunisie-rene-trabelsi-reagit-a-l-agression-d-un-juif-tunisien-a-djerba\/221872\/"]}]},{"@type":"ImageObject","inLanguage":"fr-FR","@id":"https:\/\/www.webdo.tn\/fr\/actualite\/national\/tunisie-rene-trabelsi-reagit-a-l-agression-d-un-juif-tunisien-a-djerba\/221872\/#primaryimage","url":"https:\/\/www.webdo.tn\/fr\/wp-content\/uploads\/2025\/05\/c96fcd9cf58d8fd0f89a5d702a1ee5ff-1.webp","contentUrl":"https:\/\/www.webdo.tn\/fr\/wp-content\/uploads\/2025\/05\/c96fcd9cf58d8fd0f89a5d702a1ee5ff-1.webp","width":750,"height":400,"caption":"Tunisie : Ren\u00e9 Trabelsi r\u00e9agit \u00e0 l\u2019agression d\u2019un juif tunisien \u00e0 Djerba"},{"@type":"BreadcrumbList","@id":"https:\/\/www.webdo.tn\/fr\/actualite\/national\/tunisie-rene-trabelsi-reagit-a-l-agression-d-un-juif-tunisien-a-djerba\/221872\/#breadcrumb","itemListElement":[{"@type":"ListItem","position":1,"name":"Accueil","item":"https:\/\/www.webdo.tn\/fr\/"},{"@type":"ListItem","position":2,"name":"Tunisie : Ren\u00e9 Trabelsi r\u00e9agit \u00e0 l\u2019agression d\u2019un juif tunisien \u00e0 Djerba"}]},{"@type":"WebSite","@id":"https:\/\/www.webdo.tn\/fr\/#website","url":"https:\/\/www.webdo.tn\/fr\/","name":"webdo","description":"Tunisie - News en Tunisie et \u00e0 l&#039;international sur Webdo.tn","publisher":{"@id":"https:\/\/www.webdo.tn\/fr\/#organization"},"potentialAction":[{"@type":"SearchAction","target":{"@type":"EntryPoint","urlTemplate":"https:\/\/www.webdo.tn\/fr\/?s={search_term_string}"},"query-input":{"@type":"PropertyValueSpecification","valueRequired":true,"valueName":"search_term_string"}}],"inLanguage":"fr-FR"},{"@type":"Organization","@id":"https:\/\/www.webdo.tn\/fr\/#organization","name":"Webdo","alternateName":"Webdo.tn","url":"https:\/\/www.webdo.tn\/fr\/","logo":{"@type":"ImageObject","inLanguage":"fr-FR","@id":"https:\/\/www.webdo.tn\/fr\/#\/schema\/logo\/image\/","url":"https:\/\/www.webdo.tn\/fr\/wp-content\/uploads\/2025\/06\/Webdo-Tunisie_168377.jpg","contentUrl":"https:\/\/www.webdo.tn\/fr\/wp-content\/uploads\/2025\/06\/Webdo-Tunisie_168377.jpg","width":301,"height":301,"caption":"Webdo"},"image":{"@id":"https:\/\/www.webdo.tn\/fr\/#\/schema\/logo\/image\/"},"sameAs":["https:\/\/www.facebook.com\/webdotn","https:\/\/x.com\/webdo_tn"],"description":"Webdo est un m\u00e9dia num\u00e9rique tunisien fond\u00e9 en 2010, sp\u00e9cialis\u00e9 dans l\u2019actualit\u00e9 nationale et internationale, l\u2019\u00e9conomie, la soci\u00e9t\u00e9 et les analyses politiques. Le site s\u2019adresse \u00e0 un large public francophone et couvre l\u2019information tunisienne en temps r\u00e9el.","email":"redac@webdo.tn","legalName":"YNJ SARL","foundingDate":"2010-09-06","numberOfEmployees":{"@type":"QuantitativeValue","minValue":"11","maxValue":"50"}},{"@type":"Person","@id":"https:\/\/www.webdo.tn\/fr\/#\/schema\/person\/2c4929cbf5a809e3bd38617c6ce150f6","name":"MC","image":{"@type":"ImageObject","inLanguage":"fr-FR","@id":"https:\/\/secure.gravatar.com\/avatar\/a545bbb6f84efdd5553dbbc2895e3ca8f1d12c5215e00a041c9670b54aa9b18a?s=96&d=mm&r=g","url":"https:\/\/secure.gravatar.com\/avatar\/a545bbb6f84efdd5553dbbc2895e3ca8f1d12c5215e00a041c9670b54aa9b18a?s=96&d=mm&r=g","contentUrl":"https:\/\/secure.gravatar.com\/avatar\/a545bbb6f84efdd5553dbbc2895e3ca8f1d12c5215e00a041c9670b54aa9b18a?s=96&d=mm&r=g","caption":"MC"},"url":"https:\/\/www.webdo.tn\/fr\/actualite\/author\/mc\/"}]}},"_links":{"self":[{"href":"https:\/\/www.webdo.tn\/fr\/wp-json\/wp\/v2\/posts\/221872","targetHints":{"allow":["GET"]}}],"collection":[{"href":"https:\/\/www.webdo.tn\/fr\/wp-json\/wp\/v2\/posts"}],"about":[{"href":"https:\/\/www.webdo.tn\/fr\/wp-json\/wp\/v2\/types\/post"}],"author":[{"embeddable":true,"href":"https:\/\/www.webdo.tn\/fr\/wp-json\/wp\/v2\/users\/3162"}],"replies":[{"embeddable":true,"href":"https:\/\/www.webdo.tn\/fr\/wp-json\/wp\/v2\/comments?post=221872"}],"version-history":[{"count":0,"href":"https:\/\/www.webdo.tn\/fr\/wp-json\/wp\/v2\/posts\/221872\/revisions"}],"wp:featuredmedia":[{"embeddable":true,"href":"https:\/\/www.webdo.tn\/fr\/wp-json\/wp\/v2\/media\/376274"}],"wp:attachment":[{"href":"https:\/\/www.webdo.tn\/fr\/wp-json\/wp\/v2\/media?parent=221872"}],"wp:term":[{"taxonomy":"category","embeddable":true,"href":"https:\/\/www.webdo.tn\/fr\/wp-json\/wp\/v2\/categories?post=221872"},{"taxonomy":"post_tag","embeddable":true,"href":"https:\/\/www.webdo.tn\/fr\/wp-json\/wp\/v2\/tags?post=221872"}],"curies":[{"name":"wp","href":"https:\/\/api.w.org\/{rel}","templated":true}]}}