{"id":221841,"date":"2025-05-08T08:58:00","date_gmt":"2025-05-08T08:58:00","guid":{"rendered":"https:\/\/www.webdo.tn\/fr\/actualite\/blog\/kais-saied-mobilise-les-presidents-des-deux-chambres-la-tunisie-mene-une-bataille-de-liberation-nationale\/221841\/"},"modified":"2025-05-08T08:58:00","modified_gmt":"2025-05-08T08:58:00","slug":"kais-saied-mobilise-les-presidents-des-deux-chambres-la-tunisie-mene-une-bataille-de-liberation-nationale","status":"publish","type":"post","link":"https:\/\/www.webdo.tn\/fr\/actualite\/national\/kais-saied-mobilise-les-presidents-des-deux-chambres-la-tunisie-mene-une-bataille-de-liberation-nationale\/221841\/","title":{"rendered":"Kais Saied mobilise les pr\u00e9sidents des deux chambres : \u00ab\u00a0La Tunisie m\u00e8ne une bataille de lib\u00e9ration nationale\u00a0\u00bb"},"content":{"rendered":"<p>Le pr\u00e9sident de la R\u00e9publique, Kais Saied, a r\u00e9uni hier apr\u00e8s-midi, au Palais de Carthage, les pr\u00e9sidents des deux chambres parlementaires : Ibrahim Bouderbala pour l\u2019Assembl\u00e9e des repr\u00e9sentants du peuple (ARP) et Imed Derbali pour le Conseil national des r\u00e9gions et districts (CNRD).<\/p>\n<p>Cette rencontre, hautement symbolique, s&rsquo;inscrit dans un contexte o\u00f9 le chef de l&rsquo;\u00c9tat affirme que la Tunisie est engag\u00e9e dans une \u00ab bataille de lib\u00e9ration nationale \u00bb sur plusieurs fronts. Il a insist\u00e9 sur le r\u00f4le central que doit jouer le pouvoir l\u00e9gislatif, dans son ensemble, dans ce processus de refondation.<\/p>\n<p>Reconnaissant la diversit\u00e9 des points de vue, Kais Saied a affirm\u00e9, dans un communiqu\u00e9 relay\u00e9 par la page Facebook de la Pr\u00e9sidence de la R\u00e9publique, que la pluralit\u00e9 des opinions est \u00ab normale \u00bb, \u00e0 condition qu\u2019elle converge vers un objectif commun.<\/p>\n<p>Parmi les priorit\u00e9s \u00e9voqu\u00e9es, le pr\u00e9sident a mis l\u2019accent sur l\u2019urgence de la justice sociale. Il a appel\u00e9 les deux chambres \u00e0 faire preuve d\u2019initiative et \u00e0 proposer des solutions innovantes pour r\u00e9pondre aux d\u00e9fis persistants, notamment le ch\u00f4mage, la pauvret\u00e9 et l\u2019exclusion.<\/p>\n","protected":false},"excerpt":{"rendered":"<p>Le pr\u00e9sident Kais Saied r\u00e9unit les pr\u00e9sidents de l\u2019ARP et du CNRD pour r\u00e9affirmer l\u2019engagement de la Tunisie dans une bataille de lib\u00e9ration nationale. Justice&#8230;<\/p>\n","protected":false},"author":5338,"featured_media":376489,"comment_status":"open","ping_status":"closed","sticky":false,"template":"","format":"standard","meta":{"footnotes":""},"categories":[44],"tags":[10130,11853,11854,11855,2614,2608],"class_list":["post-221841","post","type-post","status-publish","format-standard","has-post-thumbnail","hentry","category-national","tag-conseil-national-des-regions-et-districts","tag-assemblee-des-representants-du-peuple","tag-ibrahim-bouderbala","tag-imed-derbali","tag-kais-saied","tag-tunisie"],"yoast_head":"<!-- This site is optimized with the Yoast SEO Premium plugin v27.5 (Yoast SEO v27.5) - https:\/\/yoast.com\/product\/yoast-seo-premium-wordpress\/ -->\n<title>Kais Saied mobilise les pr\u00e9sidents des deux chambres : La Tunisie m\u00e8ne une bataille de lib\u00e9ration nationale<\/title>\n<meta name=\"description\" content=\"Le pr\u00e9sident Kais Saied r\u00e9unit les pr\u00e9sidents de l\u2019ARP et du CNRD pour r\u00e9affirmer l\u2019engagement de la Tunisie dans une bataille de lib\u00e9ration nationale. Justice...\" \/>\n<link rel=\"canonical\" href=\"https:\/\/www.webdo.tn\/fr\/actualite\/national\/kais-saied-mobilise-les-presidents-des-deux-chambres-la-tunisie-mene-une-bataille-de-liberation-nationale\/221841\/\" \/>\n<meta property=\"og:locale\" content=\"fr_FR\" \/>\n<meta property=\"og:type\" content=\"article\" \/>\n<meta property=\"og:title\" content=\"Kais Saied mobilise les pr\u00e9sidents des deux chambres : &quot;La Tunisie m\u00e8ne une bataille de lib\u00e9ration nationale&quot;\" \/>\n<meta property=\"og:description\" content=\"Le pr\u00e9sident Kais Saied r\u00e9unit les pr\u00e9sidents de l\u2019ARP et du CNRD pour r\u00e9affirmer l\u2019engagement de la Tunisie dans une bataille de lib\u00e9ration nationale. Justice...\" \/>\n<meta property=\"og:url\" content=\"https:\/\/www.webdo.tn\/fr\/actualite\/national\/kais-saied-mobilise-les-presidents-des-deux-chambres-la-tunisie-mene-une-bataille-de-liberation-nationale\/221841\/\" \/>\n<meta property=\"og:site_name\" content=\"webdo\" \/>\n<meta property=\"article:publisher\" content=\"https:\/\/www.facebook.com\/webdotn\" \/>\n<meta property=\"article:published_time\" content=\"2025-05-08T08:58:00+00:00\" \/>\n<meta property=\"og:image\" content=\"https:\/\/www.webdo.tn\/fr\/wp-content\/uploads\/2025\/05\/4659e15fb34b13bab183a5128e51ab4c.webp\" \/>\n\t<meta property=\"og:image:width\" content=\"750\" \/>\n\t<meta property=\"og:image:height\" content=\"400\" \/>\n\t<meta property=\"og:image:type\" content=\"image\/webp\" \/>\n<meta name=\"author\" content=\"MC\" \/>\n<meta name=\"twitter:card\" content=\"summary_large_image\" \/>\n<meta name=\"twitter:creator\" content=\"@webdo_tn\" \/>\n<meta name=\"twitter:site\" content=\"@webdo_tn\" \/>\n<meta name=\"twitter:label1\" content=\"\u00c9crit par\" \/>\n\t<meta name=\"twitter:data1\" content=\"MC\" \/>\n\t<meta name=\"twitter:label2\" content=\"Dur\u00e9e de lecture estim\u00e9e\" \/>\n\t<meta name=\"twitter:data2\" content=\"1 minute\" \/>\n<script type=\"application\/ld+json\" class=\"yoast-schema-graph\">{\"@context\":\"https:\\\/\\\/schema.org\",\"@graph\":[{\"@type\":\"NewsArticle\",\"@id\":\"https:\\\/\\\/www.webdo.tn\\\/fr\\\/actualite\\\/national\\\/kais-saied-mobilise-les-presidents-des-deux-chambres-la-tunisie-mene-une-bataille-de-liberation-nationale\\\/221841\\\/#article\",\"isPartOf\":{\"@id\":\"https:\\\/\\\/www.webdo.tn\\\/fr\\\/actualite\\\/national\\\/kais-saied-mobilise-les-presidents-des-deux-chambres-la-tunisie-mene-une-bataille-de-liberation-nationale\\\/221841\\\/\"},\"author\":{\"name\":\"MC\",\"@id\":\"https:\\\/\\\/www.webdo.tn\\\/fr\\\/#\\\/schema\\\/person\\\/8500bcb8714aee00d99d4d6903fd06d7\"},\"headline\":\"Kais Saied mobilise les pr\u00e9sidents des deux chambres : \u00ab\u00a0La Tunisie m\u00e8ne une bataille de lib\u00e9ration nationale\u00a0\u00bb\",\"datePublished\":\"2025-05-08T08:58:00+00:00\",\"mainEntityOfPage\":{\"@id\":\"https:\\\/\\\/www.webdo.tn\\\/fr\\\/actualite\\\/national\\\/kais-saied-mobilise-les-presidents-des-deux-chambres-la-tunisie-mene-une-bataille-de-liberation-nationale\\\/221841\\\/\"},\"wordCount\":218,\"commentCount\":0,\"publisher\":{\"@id\":\"https:\\\/\\\/www.webdo.tn\\\/fr\\\/#organization\"},\"image\":{\"@id\":\"https:\\\/\\\/www.webdo.tn\\\/fr\\\/actualite\\\/national\\\/kais-saied-mobilise-les-presidents-des-deux-chambres-la-tunisie-mene-une-bataille-de-liberation-nationale\\\/221841\\\/#primaryimage\"},\"thumbnailUrl\":\"https:\\\/\\\/www.webdo.tn\\\/fr\\\/wp-content\\\/uploads\\\/2025\\\/05\\\/4659e15fb34b13bab183a5128e51ab4c.webp\",\"keywords\":[\"'Conseil national des r\u00e9gions et districts']\",\"Assembl\u00e9e des repr\u00e9sentants du peuple\",\"Ibrahim Bouderbala\",\"Imed Derbali\",\"Kais Saied\",\"Tunisie\"],\"articleSection\":[\"National\"],\"inLanguage\":\"fr-FR\"},{\"@type\":\"WebPage\",\"@id\":\"https:\\\/\\\/www.webdo.tn\\\/fr\\\/actualite\\\/national\\\/kais-saied-mobilise-les-presidents-des-deux-chambres-la-tunisie-mene-une-bataille-de-liberation-nationale\\\/221841\\\/\",\"url\":\"https:\\\/\\\/www.webdo.tn\\\/fr\\\/actualite\\\/national\\\/kais-saied-mobilise-les-presidents-des-deux-chambres-la-tunisie-mene-une-bataille-de-liberation-nationale\\\/221841\\\/\",\"name\":\"Kais Saied mobilise les pr\u00e9sidents des deux chambres : La Tunisie m\u00e8ne une bataille de lib\u00e9ration nationale\",\"isPartOf\":{\"@id\":\"https:\\\/\\\/www.webdo.tn\\\/fr\\\/#website\"},\"primaryImageOfPage\":{\"@id\":\"https:\\\/\\\/www.webdo.tn\\\/fr\\\/actualite\\\/national\\\/kais-saied-mobilise-les-presidents-des-deux-chambres-la-tunisie-mene-une-bataille-de-liberation-nationale\\\/221841\\\/#primaryimage\"},\"image\":{\"@id\":\"https:\\\/\\\/www.webdo.tn\\\/fr\\\/actualite\\\/national\\\/kais-saied-mobilise-les-presidents-des-deux-chambres-la-tunisie-mene-une-bataille-de-liberation-nationale\\\/221841\\\/#primaryimage\"},\"thumbnailUrl\":\"https:\\\/\\\/www.webdo.tn\\\/fr\\\/wp-content\\\/uploads\\\/2025\\\/05\\\/4659e15fb34b13bab183a5128e51ab4c.webp\",\"datePublished\":\"2025-05-08T08:58:00+00:00\",\"description\":\"Le pr\u00e9sident Kais Saied r\u00e9unit les pr\u00e9sidents de l\u2019ARP et du CNRD pour r\u00e9affirmer l\u2019engagement de la Tunisie dans une bataille de lib\u00e9ration nationale. Justice...\",\"breadcrumb\":{\"@id\":\"https:\\\/\\\/www.webdo.tn\\\/fr\\\/actualite\\\/national\\\/kais-saied-mobilise-les-presidents-des-deux-chambres-la-tunisie-mene-une-bataille-de-liberation-nationale\\\/221841\\\/#breadcrumb\"},\"inLanguage\":\"fr-FR\",\"potentialAction\":[{\"@type\":\"ReadAction\",\"target\":[\"https:\\\/\\\/www.webdo.tn\\\/fr\\\/actualite\\\/national\\\/kais-saied-mobilise-les-presidents-des-deux-chambres-la-tunisie-mene-une-bataille-de-liberation-nationale\\\/221841\\\/\"]}]},{\"@type\":\"ImageObject\",\"inLanguage\":\"fr-FR\",\"@id\":\"https:\\\/\\\/www.webdo.tn\\\/fr\\\/actualite\\\/national\\\/kais-saied-mobilise-les-presidents-des-deux-chambres-la-tunisie-mene-une-bataille-de-liberation-nationale\\\/221841\\\/#primaryimage\",\"url\":\"https:\\\/\\\/www.webdo.tn\\\/fr\\\/wp-content\\\/uploads\\\/2025\\\/05\\\/4659e15fb34b13bab183a5128e51ab4c.webp\",\"contentUrl\":\"https:\\\/\\\/www.webdo.tn\\\/fr\\\/wp-content\\\/uploads\\\/2025\\\/05\\\/4659e15fb34b13bab183a5128e51ab4c.webp\",\"width\":750,\"height\":400,\"caption\":\"Kais Saied mobilise les pr\u00e9sidents des deux chambres : \\\"La Tunisie m\u00e8ne une bataille de lib\u00e9ration nationale\\\"\"},{\"@type\":\"BreadcrumbList\",\"@id\":\"https:\\\/\\\/www.webdo.tn\\\/fr\\\/actualite\\\/national\\\/kais-saied-mobilise-les-presidents-des-deux-chambres-la-tunisie-mene-une-bataille-de-liberation-nationale\\\/221841\\\/#breadcrumb\",\"itemListElement\":[{\"@type\":\"ListItem\",\"position\":1,\"name\":\"Accueil\",\"item\":\"https:\\\/\\\/www.webdo.tn\\\/fr\\\/\"},{\"@type\":\"ListItem\",\"position\":2,\"name\":\"Kais Saied mobilise les pr\u00e9sidents des deux chambres : \u00ab\u00a0La Tunisie m\u00e8ne une bataille de lib\u00e9ration nationale\u00a0\u00bb\"}]},{\"@type\":\"WebSite\",\"@id\":\"https:\\\/\\\/www.webdo.tn\\\/fr\\\/#website\",\"url\":\"https:\\\/\\\/www.webdo.tn\\\/fr\\\/\",\"name\":\"webdo\",\"description\":\"Tunisie - News en Tunisie et \u00e0 l&#039;international sur Webdo.tn\",\"publisher\":{\"@id\":\"https:\\\/\\\/www.webdo.tn\\\/fr\\\/#organization\"},\"potentialAction\":[{\"@type\":\"SearchAction\",\"target\":{\"@type\":\"EntryPoint\",\"urlTemplate\":\"https:\\\/\\\/www.webdo.tn\\\/fr\\\/?s={search_term_string}\"},\"query-input\":{\"@type\":\"PropertyValueSpecification\",\"valueRequired\":true,\"valueName\":\"search_term_string\"}}],\"inLanguage\":\"fr-FR\"},{\"@type\":\"Organization\",\"@id\":\"https:\\\/\\\/www.webdo.tn\\\/fr\\\/#organization\",\"name\":\"Webdo\",\"alternateName\":\"Webdo.tn\",\"url\":\"https:\\\/\\\/www.webdo.tn\\\/fr\\\/\",\"logo\":{\"@type\":\"ImageObject\",\"inLanguage\":\"fr-FR\",\"@id\":\"https:\\\/\\\/www.webdo.tn\\\/fr\\\/#\\\/schema\\\/logo\\\/image\\\/\",\"url\":\"https:\\\/\\\/www.webdo.tn\\\/fr\\\/wp-content\\\/uploads\\\/2025\\\/06\\\/Webdo-Tunisie_168377.jpg\",\"contentUrl\":\"https:\\\/\\\/www.webdo.tn\\\/fr\\\/wp-content\\\/uploads\\\/2025\\\/06\\\/Webdo-Tunisie_168377.jpg\",\"width\":301,\"height\":301,\"caption\":\"Webdo\"},\"image\":{\"@id\":\"https:\\\/\\\/www.webdo.tn\\\/fr\\\/#\\\/schema\\\/logo\\\/image\\\/\"},\"sameAs\":[\"https:\\\/\\\/www.facebook.com\\\/webdotn\",\"https:\\\/\\\/x.com\\\/webdo_tn\"],\"description\":\"Webdo est un m\u00e9dia num\u00e9rique tunisien fond\u00e9 en 2010, sp\u00e9cialis\u00e9 dans l\u2019actualit\u00e9 nationale et internationale, l\u2019\u00e9conomie, la soci\u00e9t\u00e9 et les analyses politiques. Le site s\u2019adresse \u00e0 un large public francophone et couvre l\u2019information tunisienne en temps r\u00e9el.\",\"email\":\"redac@webdo.tn\",\"legalName\":\"YNJ SARL\",\"foundingDate\":\"2010-09-06\",\"numberOfEmployees\":{\"@type\":\"QuantitativeValue\",\"minValue\":\"11\",\"maxValue\":\"50\"}},{\"@type\":\"Person\",\"@id\":\"https:\\\/\\\/www.webdo.tn\\\/fr\\\/#\\\/schema\\\/person\\\/8500bcb8714aee00d99d4d6903fd06d7\",\"name\":\"MC\",\"image\":{\"@type\":\"ImageObject\",\"inLanguage\":\"fr-FR\",\"@id\":\"https:\\\/\\\/secure.gravatar.com\\\/avatar\\\/f608b47029e05639bee9b2fbeb496b6e3ad71093a5aabff97eea23a99d75ad8e?s=96&d=mm&r=g\",\"url\":\"https:\\\/\\\/secure.gravatar.com\\\/avatar\\\/f608b47029e05639bee9b2fbeb496b6e3ad71093a5aabff97eea23a99d75ad8e?s=96&d=mm&r=g\",\"contentUrl\":\"https:\\\/\\\/secure.gravatar.com\\\/avatar\\\/f608b47029e05639bee9b2fbeb496b6e3ad71093a5aabff97eea23a99d75ad8e?s=96&d=mm&r=g\",\"caption\":\"MC\"},\"url\":\"https:\\\/\\\/www.webdo.tn\\\/fr\\\/actualite\\\/author\\\/mc-6\\\/\"}]}<\/script>\n<!-- \/ Yoast SEO Premium plugin. -->","yoast_head_json":{"title":"Kais Saied mobilise les pr\u00e9sidents des deux chambres : La Tunisie m\u00e8ne une bataille de lib\u00e9ration nationale","description":"Le pr\u00e9sident Kais Saied r\u00e9unit les pr\u00e9sidents de l\u2019ARP et du CNRD pour r\u00e9affirmer l\u2019engagement de la Tunisie dans une bataille de lib\u00e9ration nationale. Justice...","canonical":"https:\/\/www.webdo.tn\/fr\/actualite\/national\/kais-saied-mobilise-les-presidents-des-deux-chambres-la-tunisie-mene-une-bataille-de-liberation-nationale\/221841\/","og_locale":"fr_FR","og_type":"article","og_title":"Kais Saied mobilise les pr\u00e9sidents des deux chambres : \"La Tunisie m\u00e8ne une bataille de lib\u00e9ration nationale\"","og_description":"Le pr\u00e9sident Kais Saied r\u00e9unit les pr\u00e9sidents de l\u2019ARP et du CNRD pour r\u00e9affirmer l\u2019engagement de la Tunisie dans une bataille de lib\u00e9ration nationale. Justice...","og_url":"https:\/\/www.webdo.tn\/fr\/actualite\/national\/kais-saied-mobilise-les-presidents-des-deux-chambres-la-tunisie-mene-une-bataille-de-liberation-nationale\/221841\/","og_site_name":"webdo","article_publisher":"https:\/\/www.facebook.com\/webdotn","article_published_time":"2025-05-08T08:58:00+00:00","og_image":[{"width":750,"height":400,"url":"https:\/\/www.webdo.tn\/fr\/wp-content\/uploads\/2025\/05\/4659e15fb34b13bab183a5128e51ab4c.webp","type":"image\/webp"}],"author":"MC","twitter_card":"summary_large_image","twitter_creator":"@webdo_tn","twitter_site":"@webdo_tn","twitter_misc":{"\u00c9crit par":"MC","Dur\u00e9e de lecture estim\u00e9e":"1 minute"},"schema":{"@context":"https:\/\/schema.org","@graph":[{"@type":"NewsArticle","@id":"https:\/\/www.webdo.tn\/fr\/actualite\/national\/kais-saied-mobilise-les-presidents-des-deux-chambres-la-tunisie-mene-une-bataille-de-liberation-nationale\/221841\/#article","isPartOf":{"@id":"https:\/\/www.webdo.tn\/fr\/actualite\/national\/kais-saied-mobilise-les-presidents-des-deux-chambres-la-tunisie-mene-une-bataille-de-liberation-nationale\/221841\/"},"author":{"name":"MC","@id":"https:\/\/www.webdo.tn\/fr\/#\/schema\/person\/8500bcb8714aee00d99d4d6903fd06d7"},"headline":"Kais Saied mobilise les pr\u00e9sidents des deux chambres : \u00ab\u00a0La Tunisie m\u00e8ne une bataille de lib\u00e9ration nationale\u00a0\u00bb","datePublished":"2025-05-08T08:58:00+00:00","mainEntityOfPage":{"@id":"https:\/\/www.webdo.tn\/fr\/actualite\/national\/kais-saied-mobilise-les-presidents-des-deux-chambres-la-tunisie-mene-une-bataille-de-liberation-nationale\/221841\/"},"wordCount":218,"commentCount":0,"publisher":{"@id":"https:\/\/www.webdo.tn\/fr\/#organization"},"image":{"@id":"https:\/\/www.webdo.tn\/fr\/actualite\/national\/kais-saied-mobilise-les-presidents-des-deux-chambres-la-tunisie-mene-une-bataille-de-liberation-nationale\/221841\/#primaryimage"},"thumbnailUrl":"https:\/\/www.webdo.tn\/fr\/wp-content\/uploads\/2025\/05\/4659e15fb34b13bab183a5128e51ab4c.webp","keywords":["'Conseil national des r\u00e9gions et districts']","Assembl\u00e9e des repr\u00e9sentants du peuple","Ibrahim Bouderbala","Imed Derbali","Kais Saied","Tunisie"],"articleSection":["National"],"inLanguage":"fr-FR"},{"@type":"WebPage","@id":"https:\/\/www.webdo.tn\/fr\/actualite\/national\/kais-saied-mobilise-les-presidents-des-deux-chambres-la-tunisie-mene-une-bataille-de-liberation-nationale\/221841\/","url":"https:\/\/www.webdo.tn\/fr\/actualite\/national\/kais-saied-mobilise-les-presidents-des-deux-chambres-la-tunisie-mene-une-bataille-de-liberation-nationale\/221841\/","name":"Kais Saied mobilise les pr\u00e9sidents des deux chambres : La Tunisie m\u00e8ne une bataille de lib\u00e9ration nationale","isPartOf":{"@id":"https:\/\/www.webdo.tn\/fr\/#website"},"primaryImageOfPage":{"@id":"https:\/\/www.webdo.tn\/fr\/actualite\/national\/kais-saied-mobilise-les-presidents-des-deux-chambres-la-tunisie-mene-une-bataille-de-liberation-nationale\/221841\/#primaryimage"},"image":{"@id":"https:\/\/www.webdo.tn\/fr\/actualite\/national\/kais-saied-mobilise-les-presidents-des-deux-chambres-la-tunisie-mene-une-bataille-de-liberation-nationale\/221841\/#primaryimage"},"thumbnailUrl":"https:\/\/www.webdo.tn\/fr\/wp-content\/uploads\/2025\/05\/4659e15fb34b13bab183a5128e51ab4c.webp","datePublished":"2025-05-08T08:58:00+00:00","description":"Le pr\u00e9sident Kais Saied r\u00e9unit les pr\u00e9sidents de l\u2019ARP et du CNRD pour r\u00e9affirmer l\u2019engagement de la Tunisie dans une bataille de lib\u00e9ration nationale. Justice...","breadcrumb":{"@id":"https:\/\/www.webdo.tn\/fr\/actualite\/national\/kais-saied-mobilise-les-presidents-des-deux-chambres-la-tunisie-mene-une-bataille-de-liberation-nationale\/221841\/#breadcrumb"},"inLanguage":"fr-FR","potentialAction":[{"@type":"ReadAction","target":["https:\/\/www.webdo.tn\/fr\/actualite\/national\/kais-saied-mobilise-les-presidents-des-deux-chambres-la-tunisie-mene-une-bataille-de-liberation-nationale\/221841\/"]}]},{"@type":"ImageObject","inLanguage":"fr-FR","@id":"https:\/\/www.webdo.tn\/fr\/actualite\/national\/kais-saied-mobilise-les-presidents-des-deux-chambres-la-tunisie-mene-une-bataille-de-liberation-nationale\/221841\/#primaryimage","url":"https:\/\/www.webdo.tn\/fr\/wp-content\/uploads\/2025\/05\/4659e15fb34b13bab183a5128e51ab4c.webp","contentUrl":"https:\/\/www.webdo.tn\/fr\/wp-content\/uploads\/2025\/05\/4659e15fb34b13bab183a5128e51ab4c.webp","width":750,"height":400,"caption":"Kais Saied mobilise les pr\u00e9sidents des deux chambres : \"La Tunisie m\u00e8ne une bataille de lib\u00e9ration nationale\""},{"@type":"BreadcrumbList","@id":"https:\/\/www.webdo.tn\/fr\/actualite\/national\/kais-saied-mobilise-les-presidents-des-deux-chambres-la-tunisie-mene-une-bataille-de-liberation-nationale\/221841\/#breadcrumb","itemListElement":[{"@type":"ListItem","position":1,"name":"Accueil","item":"https:\/\/www.webdo.tn\/fr\/"},{"@type":"ListItem","position":2,"name":"Kais Saied mobilise les pr\u00e9sidents des deux chambres : \u00ab\u00a0La Tunisie m\u00e8ne une bataille de lib\u00e9ration nationale\u00a0\u00bb"}]},{"@type":"WebSite","@id":"https:\/\/www.webdo.tn\/fr\/#website","url":"https:\/\/www.webdo.tn\/fr\/","name":"webdo","description":"Tunisie - News en Tunisie et \u00e0 l&#039;international sur Webdo.tn","publisher":{"@id":"https:\/\/www.webdo.tn\/fr\/#organization"},"potentialAction":[{"@type":"SearchAction","target":{"@type":"EntryPoint","urlTemplate":"https:\/\/www.webdo.tn\/fr\/?s={search_term_string}"},"query-input":{"@type":"PropertyValueSpecification","valueRequired":true,"valueName":"search_term_string"}}],"inLanguage":"fr-FR"},{"@type":"Organization","@id":"https:\/\/www.webdo.tn\/fr\/#organization","name":"Webdo","alternateName":"Webdo.tn","url":"https:\/\/www.webdo.tn\/fr\/","logo":{"@type":"ImageObject","inLanguage":"fr-FR","@id":"https:\/\/www.webdo.tn\/fr\/#\/schema\/logo\/image\/","url":"https:\/\/www.webdo.tn\/fr\/wp-content\/uploads\/2025\/06\/Webdo-Tunisie_168377.jpg","contentUrl":"https:\/\/www.webdo.tn\/fr\/wp-content\/uploads\/2025\/06\/Webdo-Tunisie_168377.jpg","width":301,"height":301,"caption":"Webdo"},"image":{"@id":"https:\/\/www.webdo.tn\/fr\/#\/schema\/logo\/image\/"},"sameAs":["https:\/\/www.facebook.com\/webdotn","https:\/\/x.com\/webdo_tn"],"description":"Webdo est un m\u00e9dia num\u00e9rique tunisien fond\u00e9 en 2010, sp\u00e9cialis\u00e9 dans l\u2019actualit\u00e9 nationale et internationale, l\u2019\u00e9conomie, la soci\u00e9t\u00e9 et les analyses politiques. Le site s\u2019adresse \u00e0 un large public francophone et couvre l\u2019information tunisienne en temps r\u00e9el.","email":"redac@webdo.tn","legalName":"YNJ SARL","foundingDate":"2010-09-06","numberOfEmployees":{"@type":"QuantitativeValue","minValue":"11","maxValue":"50"}},{"@type":"Person","@id":"https:\/\/www.webdo.tn\/fr\/#\/schema\/person\/8500bcb8714aee00d99d4d6903fd06d7","name":"MC","image":{"@type":"ImageObject","inLanguage":"fr-FR","@id":"https:\/\/secure.gravatar.com\/avatar\/f608b47029e05639bee9b2fbeb496b6e3ad71093a5aabff97eea23a99d75ad8e?s=96&d=mm&r=g","url":"https:\/\/secure.gravatar.com\/avatar\/f608b47029e05639bee9b2fbeb496b6e3ad71093a5aabff97eea23a99d75ad8e?s=96&d=mm&r=g","contentUrl":"https:\/\/secure.gravatar.com\/avatar\/f608b47029e05639bee9b2fbeb496b6e3ad71093a5aabff97eea23a99d75ad8e?s=96&d=mm&r=g","caption":"MC"},"url":"https:\/\/www.webdo.tn\/fr\/actualite\/author\/mc-6\/"}]}},"_links":{"self":[{"href":"https:\/\/www.webdo.tn\/fr\/wp-json\/wp\/v2\/posts\/221841","targetHints":{"allow":["GET"]}}],"collection":[{"href":"https:\/\/www.webdo.tn\/fr\/wp-json\/wp\/v2\/posts"}],"about":[{"href":"https:\/\/www.webdo.tn\/fr\/wp-json\/wp\/v2\/types\/post"}],"author":[{"embeddable":true,"href":"https:\/\/www.webdo.tn\/fr\/wp-json\/wp\/v2\/users\/5338"}],"replies":[{"embeddable":true,"href":"https:\/\/www.webdo.tn\/fr\/wp-json\/wp\/v2\/comments?post=221841"}],"version-history":[{"count":0,"href":"https:\/\/www.webdo.tn\/fr\/wp-json\/wp\/v2\/posts\/221841\/revisions"}],"wp:featuredmedia":[{"embeddable":true,"href":"https:\/\/www.webdo.tn\/fr\/wp-json\/wp\/v2\/media\/376489"}],"wp:attachment":[{"href":"https:\/\/www.webdo.tn\/fr\/wp-json\/wp\/v2\/media?parent=221841"}],"wp:term":[{"taxonomy":"category","embeddable":true,"href":"https:\/\/www.webdo.tn\/fr\/wp-json\/wp\/v2\/categories?post=221841"},{"taxonomy":"post_tag","embeddable":true,"href":"https:\/\/www.webdo.tn\/fr\/wp-json\/wp\/v2\/tags?post=221841"}],"curies":[{"name":"wp","href":"https:\/\/api.w.org\/{rel}","templated":true}]}}