{"id":221825,"date":"2025-05-07T10:36:00","date_gmt":"2025-05-07T10:36:00","guid":{"rendered":"https:\/\/www.webdo.tn\/fr\/blog\/bande-dessinee-hector-sonon-invite-d-honneur-du-printemps-de-sfax-en-2026\/221825\/"},"modified":"2025-05-15T09:10:58","modified_gmt":"2025-05-15T09:10:58","slug":"bande-dessinee-hector-sonon-invite-d-honneur-du-printemps-de-sfax-en-2026","status":"publish","type":"post","link":"https:\/\/www.webdo.tn\/fr\/actualite\/culture\/bande-dessinee-hector-sonon-invite-d-honneur-du-printemps-de-sfax-en-2026\/221825\/","title":{"rendered":"Bande dessin\u00e9e : Hector Sonon invit\u00e9 d&rsquo;honneur du Printemps de Sfax en 2026"},"content":{"rendered":"<p>Actuellement en r\u00e9sidence artistique \u00e0 Sfax, Hector Sonon a eu plusieurs rendez-vous avec le public sfaxien.<\/p>\n<p>\t\t\t\t\t\t\t\t\tArtiste graphiste au riche parcours, venu du B\u00e9nin exposer et animer des ateliers de caricature et de bande dessin\u00e9e \u00e0 la Maison de France \u00e0 Sfax, Hector Sonon est consid\u00e9r\u00e9 comme le premier auteur de bandes dessin\u00e9es au B\u00e9nin.<\/p>\n<p>Il expose actuellement ses \u0153uvres \u00e0 l&rsquo;Institut fran\u00e7ais de Sfax sous l&rsquo;intitul\u00e9 \u00ab\u00a0Des dieux et des hommes\u00a0\u00bb.<\/p>\n<p>Hector Sonon sera l&rsquo;invit\u00e9 d&rsquo;honneur de la neuvi\u00e8me \u00e9dition du Printemps de la Bande Dessin\u00e9e de Sfax en mars 2026.<\/p>\n","protected":false},"excerpt":{"rendered":"<p>Hector Sonon sera l&rsquo;invit\u00e9 d&rsquo;honneur de la neuvi\u00e8me \u00e9dition du Printemps de la Bande Dessin\u00e9e de Sfax en mars 2026.<\/p>\n","protected":false},"author":3229,"featured_media":260343,"comment_status":"open","ping_status":"closed","sticky":false,"template":"","format":"standard","meta":{"footnotes":""},"categories":[2594],"tags":[5671,2641,9099,2675,2608],"class_list":["post-221825","post","type-post","status-publish","format-standard","has-post-thumbnail","hentry","category-culture","tag-bande-dessinee","tag-exposition","tag-hector-sonon","tag-sfax","tag-tunisie"],"yoast_head":"<!-- This site is optimized with the Yoast SEO Premium plugin v27.4 (Yoast SEO v27.4) - https:\/\/yoast.com\/product\/yoast-seo-premium-wordpress\/ -->\n<title>Bande dessin\u00e9e : Hector Sonon invit\u00e9 d&#039;honneur du Printemps de Sfax en 2026<\/title>\n<meta name=\"description\" content=\"Hector Sonon sera l&#039;invit\u00e9 d&#039;honneur de la neuvi\u00e8me \u00e9dition du Printemps de la Bande Dessin\u00e9e de Sfax en mars 2026.\" \/>\n<link rel=\"canonical\" href=\"https:\/\/www.webdo.tn\/fr\/actualite\/culture\/bande-dessinee-hector-sonon-invite-d-honneur-du-printemps-de-sfax-en-2026\/221825\/\" \/>\n<meta property=\"og:locale\" content=\"fr_FR\" \/>\n<meta property=\"og:type\" content=\"article\" \/>\n<meta property=\"og:title\" content=\"Bande dessin\u00e9e : Hector Sonon invit\u00e9 d&#039;honneur du Printemps de Sfax en 2026\" \/>\n<meta property=\"og:description\" content=\"Hector Sonon sera l&#039;invit\u00e9 d&#039;honneur de la neuvi\u00e8me \u00e9dition du Printemps de la Bande Dessin\u00e9e de Sfax en mars 2026.\" \/>\n<meta property=\"og:url\" content=\"https:\/\/www.webdo.tn\/fr\/actualite\/culture\/bande-dessinee-hector-sonon-invite-d-honneur-du-printemps-de-sfax-en-2026\/221825\/\" \/>\n<meta property=\"og:site_name\" content=\"webdo\" \/>\n<meta property=\"article:publisher\" content=\"https:\/\/www.facebook.com\/webdotn\" \/>\n<meta property=\"article:author\" content=\"https:\/\/www.facebook.com\/hatem.bourial.2025\" \/>\n<meta property=\"article:published_time\" content=\"2025-05-07T10:36:00+00:00\" \/>\n<meta property=\"article:modified_time\" content=\"2025-05-15T09:10:58+00:00\" \/>\n<meta property=\"og:image\" content=\"https:\/\/www.webdo.tn\/fr\/wp-content\/uploads\/2025\/05\/a589fdf205bcebb520b9473c8d10eb34.webp\" \/>\n\t<meta property=\"og:image:width\" content=\"750\" \/>\n\t<meta property=\"og:image:height\" content=\"400\" \/>\n\t<meta property=\"og:image:type\" content=\"image\/webp\" \/>\n<meta name=\"author\" content=\"Hatem Bourial\" \/>\n<meta name=\"twitter:card\" content=\"summary_large_image\" \/>\n<meta name=\"twitter:creator\" content=\"@webdo_tn\" \/>\n<meta name=\"twitter:site\" content=\"@webdo_tn\" \/>\n<meta name=\"twitter:label1\" content=\"\u00c9crit par\" \/>\n\t<meta name=\"twitter:data1\" content=\"Hatem Bourial\" \/>\n<script type=\"application\/ld+json\" class=\"yoast-schema-graph\">{\"@context\":\"https:\\\/\\\/schema.org\",\"@graph\":[{\"@type\":\"NewsArticle\",\"@id\":\"https:\\\/\\\/www.webdo.tn\\\/fr\\\/actualite\\\/culture\\\/bande-dessinee-hector-sonon-invite-d-honneur-du-printemps-de-sfax-en-2026\\\/221825\\\/#article\",\"isPartOf\":{\"@id\":\"https:\\\/\\\/www.webdo.tn\\\/fr\\\/actualite\\\/culture\\\/bande-dessinee-hector-sonon-invite-d-honneur-du-printemps-de-sfax-en-2026\\\/221825\\\/\"},\"author\":{\"name\":\"Hatem Bourial\",\"@id\":\"https:\\\/\\\/www.webdo.tn\\\/fr\\\/#\\\/schema\\\/person\\\/6bc0beba2cd23aec27cb5df85ca2554f\"},\"headline\":\"Bande dessin\u00e9e : Hector Sonon invit\u00e9 d&rsquo;honneur du Printemps de Sfax en 2026\",\"datePublished\":\"2025-05-07T10:36:00+00:00\",\"dateModified\":\"2025-05-15T09:10:58+00:00\",\"mainEntityOfPage\":{\"@id\":\"https:\\\/\\\/www.webdo.tn\\\/fr\\\/actualite\\\/culture\\\/bande-dessinee-hector-sonon-invite-d-honneur-du-printemps-de-sfax-en-2026\\\/221825\\\/\"},\"wordCount\":113,\"commentCount\":0,\"publisher\":{\"@id\":\"https:\\\/\\\/www.webdo.tn\\\/fr\\\/#organization\"},\"image\":{\"@id\":\"https:\\\/\\\/www.webdo.tn\\\/fr\\\/actualite\\\/culture\\\/bande-dessinee-hector-sonon-invite-d-honneur-du-printemps-de-sfax-en-2026\\\/221825\\\/#primaryimage\"},\"thumbnailUrl\":\"https:\\\/\\\/www.webdo.tn\\\/fr\\\/wp-content\\\/uploads\\\/2025\\\/05\\\/a589fdf205bcebb520b9473c8d10eb34.webp\",\"keywords\":[\"bande dessin\u00e9e\",\"exposition\",\"Hector Sonon\",\"Sfax\",\"Tunisie\"],\"articleSection\":[\"Culture\"],\"inLanguage\":\"fr-FR\"},{\"@type\":\"WebPage\",\"@id\":\"https:\\\/\\\/www.webdo.tn\\\/fr\\\/actualite\\\/culture\\\/bande-dessinee-hector-sonon-invite-d-honneur-du-printemps-de-sfax-en-2026\\\/221825\\\/\",\"url\":\"https:\\\/\\\/www.webdo.tn\\\/fr\\\/actualite\\\/culture\\\/bande-dessinee-hector-sonon-invite-d-honneur-du-printemps-de-sfax-en-2026\\\/221825\\\/\",\"name\":\"Bande dessin\u00e9e : Hector Sonon invit\u00e9 d'honneur du Printemps de Sfax en 2026\",\"isPartOf\":{\"@id\":\"https:\\\/\\\/www.webdo.tn\\\/fr\\\/#website\"},\"primaryImageOfPage\":{\"@id\":\"https:\\\/\\\/www.webdo.tn\\\/fr\\\/actualite\\\/culture\\\/bande-dessinee-hector-sonon-invite-d-honneur-du-printemps-de-sfax-en-2026\\\/221825\\\/#primaryimage\"},\"image\":{\"@id\":\"https:\\\/\\\/www.webdo.tn\\\/fr\\\/actualite\\\/culture\\\/bande-dessinee-hector-sonon-invite-d-honneur-du-printemps-de-sfax-en-2026\\\/221825\\\/#primaryimage\"},\"thumbnailUrl\":\"https:\\\/\\\/www.webdo.tn\\\/fr\\\/wp-content\\\/uploads\\\/2025\\\/05\\\/a589fdf205bcebb520b9473c8d10eb34.webp\",\"datePublished\":\"2025-05-07T10:36:00+00:00\",\"dateModified\":\"2025-05-15T09:10:58+00:00\",\"description\":\"Hector Sonon sera l'invit\u00e9 d'honneur de la neuvi\u00e8me \u00e9dition du Printemps de la Bande Dessin\u00e9e de Sfax en mars 2026.\",\"breadcrumb\":{\"@id\":\"https:\\\/\\\/www.webdo.tn\\\/fr\\\/actualite\\\/culture\\\/bande-dessinee-hector-sonon-invite-d-honneur-du-printemps-de-sfax-en-2026\\\/221825\\\/#breadcrumb\"},\"inLanguage\":\"fr-FR\",\"potentialAction\":[{\"@type\":\"ReadAction\",\"target\":[\"https:\\\/\\\/www.webdo.tn\\\/fr\\\/actualite\\\/culture\\\/bande-dessinee-hector-sonon-invite-d-honneur-du-printemps-de-sfax-en-2026\\\/221825\\\/\"]}]},{\"@type\":\"ImageObject\",\"inLanguage\":\"fr-FR\",\"@id\":\"https:\\\/\\\/www.webdo.tn\\\/fr\\\/actualite\\\/culture\\\/bande-dessinee-hector-sonon-invite-d-honneur-du-printemps-de-sfax-en-2026\\\/221825\\\/#primaryimage\",\"url\":\"https:\\\/\\\/www.webdo.tn\\\/fr\\\/wp-content\\\/uploads\\\/2025\\\/05\\\/a589fdf205bcebb520b9473c8d10eb34.webp\",\"contentUrl\":\"https:\\\/\\\/www.webdo.tn\\\/fr\\\/wp-content\\\/uploads\\\/2025\\\/05\\\/a589fdf205bcebb520b9473c8d10eb34.webp\",\"width\":750,\"height\":400,\"caption\":\"Bande dessin\u00e9e : Hector Sonon invit\u00e9 d'honneur du Printemps de Sfax en 2026\"},{\"@type\":\"BreadcrumbList\",\"@id\":\"https:\\\/\\\/www.webdo.tn\\\/fr\\\/actualite\\\/culture\\\/bande-dessinee-hector-sonon-invite-d-honneur-du-printemps-de-sfax-en-2026\\\/221825\\\/#breadcrumb\",\"itemListElement\":[{\"@type\":\"ListItem\",\"position\":1,\"name\":\"Accueil\",\"item\":\"https:\\\/\\\/www.webdo.tn\\\/fr\\\/\"},{\"@type\":\"ListItem\",\"position\":2,\"name\":\"Bande dessin\u00e9e : Hector Sonon invit\u00e9 d&rsquo;honneur du Printemps de Sfax en 2026\"}]},{\"@type\":\"WebSite\",\"@id\":\"https:\\\/\\\/www.webdo.tn\\\/fr\\\/#website\",\"url\":\"https:\\\/\\\/www.webdo.tn\\\/fr\\\/\",\"name\":\"webdo\",\"description\":\"Tunisie - News en Tunisie et \u00e0 l&#039;international sur Webdo.tn\",\"publisher\":{\"@id\":\"https:\\\/\\\/www.webdo.tn\\\/fr\\\/#organization\"},\"potentialAction\":[{\"@type\":\"SearchAction\",\"target\":{\"@type\":\"EntryPoint\",\"urlTemplate\":\"https:\\\/\\\/www.webdo.tn\\\/fr\\\/?s={search_term_string}\"},\"query-input\":{\"@type\":\"PropertyValueSpecification\",\"valueRequired\":true,\"valueName\":\"search_term_string\"}}],\"inLanguage\":\"fr-FR\"},{\"@type\":\"Organization\",\"@id\":\"https:\\\/\\\/www.webdo.tn\\\/fr\\\/#organization\",\"name\":\"Webdo\",\"alternateName\":\"Webdo.tn\",\"url\":\"https:\\\/\\\/www.webdo.tn\\\/fr\\\/\",\"logo\":{\"@type\":\"ImageObject\",\"inLanguage\":\"fr-FR\",\"@id\":\"https:\\\/\\\/www.webdo.tn\\\/fr\\\/#\\\/schema\\\/logo\\\/image\\\/\",\"url\":\"https:\\\/\\\/www.webdo.tn\\\/fr\\\/wp-content\\\/uploads\\\/2025\\\/06\\\/Webdo-Tunisie_168377.jpg\",\"contentUrl\":\"https:\\\/\\\/www.webdo.tn\\\/fr\\\/wp-content\\\/uploads\\\/2025\\\/06\\\/Webdo-Tunisie_168377.jpg\",\"width\":301,\"height\":301,\"caption\":\"Webdo\"},\"image\":{\"@id\":\"https:\\\/\\\/www.webdo.tn\\\/fr\\\/#\\\/schema\\\/logo\\\/image\\\/\"},\"sameAs\":[\"https:\\\/\\\/www.facebook.com\\\/webdotn\",\"https:\\\/\\\/x.com\\\/webdo_tn\"],\"description\":\"Webdo est un m\u00e9dia num\u00e9rique tunisien fond\u00e9 en 2010, sp\u00e9cialis\u00e9 dans l\u2019actualit\u00e9 nationale et internationale, l\u2019\u00e9conomie, la soci\u00e9t\u00e9 et les analyses politiques. Le site s\u2019adresse \u00e0 un large public francophone et couvre l\u2019information tunisienne en temps r\u00e9el.\",\"email\":\"redac@webdo.tn\",\"legalName\":\"YNJ SARL\",\"foundingDate\":\"2010-09-06\",\"numberOfEmployees\":{\"@type\":\"QuantitativeValue\",\"minValue\":\"11\",\"maxValue\":\"50\"}},{\"@type\":\"Person\",\"@id\":\"https:\\\/\\\/www.webdo.tn\\\/fr\\\/#\\\/schema\\\/person\\\/6bc0beba2cd23aec27cb5df85ca2554f\",\"name\":\"Hatem Bourial\",\"image\":{\"@type\":\"ImageObject\",\"inLanguage\":\"fr-FR\",\"@id\":\"https:\\\/\\\/www.webdo.tn\\\/fr\\\/wp-content\\\/uploads\\\/2026\\\/04\\\/hatem-bourial_avatar-96x96.jpg\",\"url\":\"https:\\\/\\\/www.webdo.tn\\\/fr\\\/wp-content\\\/uploads\\\/2026\\\/04\\\/hatem-bourial_avatar-96x96.jpg\",\"contentUrl\":\"https:\\\/\\\/www.webdo.tn\\\/fr\\\/wp-content\\\/uploads\\\/2026\\\/04\\\/hatem-bourial_avatar-96x96.jpg\",\"caption\":\"Hatem Bourial\"},\"description\":\"Hatem Bourial est journaliste, \u00e9crivain et chroniqueur tunisien. Actif depuis plusieurs d\u00e9cennies, il s\u2019est impos\u00e9 comme un observateur attentif de la soci\u00e9t\u00e9 tunisienne, m\u00ealant dans ses \u00e9crits m\u00e9moire, culture et analyse du quotidien. Auteur de nombreux ouvrages, il d\u00e9veloppe une \u0153uvre \u00e0 la crois\u00e9e du r\u00e9cit, de la po\u00e9sie et de l\u2019observation sociologique. Parall\u00e8lement \u00e0 ses contributions dans la presse, il intervient r\u00e9guli\u00e8rement \u00e0 la radio et dans des espaces culturels, o\u00f9 il explore les enjeux li\u00e9s au patrimoine, \u00e0 l\u2019identit\u00e9 et aux transformations du monde contemporain. \u00c0 travers ses chroniques, Hatem Bourial propose une lecture sensible et approfondie de l\u2019actualit\u00e9, nourrie par une exp\u00e9rience journalistique et litt\u00e9raire reconnue. \ud83d\udd17 Facebook : https:\\\/\\\/www.facebook.com\\\/hatem.bourial.2025\",\"sameAs\":[\"https:\\\/\\\/www.facebook.com\\\/hatem.bourial.2025\",\"https:\\\/\\\/fr.wikipedia.org\\\/wiki\\\/Fichier:Hatem_Bourial.jpg\"],\"knowsAbout\":[\"Culture & patrimoine tunisien\",\"Chronique soci\u00e9tale\",\"Litt\u00e9rature & m\u00e9moire\",\"Cin\u00e9ma & critique culturelle\",\"Identit\u00e9 & mutations sociales\"],\"knowsLanguage\":[\"Arabe\",\"Fran\u00e7ais\",\"Anglais\",\"Italien\",\"Polonais\"],\"jobTitle\":\"Journaliste, \u00e9crivain et chroniqueur culturel\",\"worksFor\":\"Webdo\",\"url\":\"https:\\\/\\\/www.webdo.tn\\\/fr\\\/actualite\\\/author\\\/hatem-bourial-2\\\/\"}]}<\/script>\n<!-- \/ Yoast SEO Premium plugin. -->","yoast_head_json":{"title":"Bande dessin\u00e9e : Hector Sonon invit\u00e9 d'honneur du Printemps de Sfax en 2026","description":"Hector Sonon sera l'invit\u00e9 d'honneur de la neuvi\u00e8me \u00e9dition du Printemps de la Bande Dessin\u00e9e de Sfax en mars 2026.","canonical":"https:\/\/www.webdo.tn\/fr\/actualite\/culture\/bande-dessinee-hector-sonon-invite-d-honneur-du-printemps-de-sfax-en-2026\/221825\/","og_locale":"fr_FR","og_type":"article","og_title":"Bande dessin\u00e9e : Hector Sonon invit\u00e9 d'honneur du Printemps de Sfax en 2026","og_description":"Hector Sonon sera l'invit\u00e9 d'honneur de la neuvi\u00e8me \u00e9dition du Printemps de la Bande Dessin\u00e9e de Sfax en mars 2026.","og_url":"https:\/\/www.webdo.tn\/fr\/actualite\/culture\/bande-dessinee-hector-sonon-invite-d-honneur-du-printemps-de-sfax-en-2026\/221825\/","og_site_name":"webdo","article_publisher":"https:\/\/www.facebook.com\/webdotn","article_author":"https:\/\/www.facebook.com\/hatem.bourial.2025","article_published_time":"2025-05-07T10:36:00+00:00","article_modified_time":"2025-05-15T09:10:58+00:00","og_image":[{"width":750,"height":400,"url":"https:\/\/www.webdo.tn\/fr\/wp-content\/uploads\/2025\/05\/a589fdf205bcebb520b9473c8d10eb34.webp","type":"image\/webp"}],"author":"Hatem Bourial","twitter_card":"summary_large_image","twitter_creator":"@webdo_tn","twitter_site":"@webdo_tn","twitter_misc":{"\u00c9crit par":"Hatem Bourial"},"schema":{"@context":"https:\/\/schema.org","@graph":[{"@type":"NewsArticle","@id":"https:\/\/www.webdo.tn\/fr\/actualite\/culture\/bande-dessinee-hector-sonon-invite-d-honneur-du-printemps-de-sfax-en-2026\/221825\/#article","isPartOf":{"@id":"https:\/\/www.webdo.tn\/fr\/actualite\/culture\/bande-dessinee-hector-sonon-invite-d-honneur-du-printemps-de-sfax-en-2026\/221825\/"},"author":{"name":"Hatem Bourial","@id":"https:\/\/www.webdo.tn\/fr\/#\/schema\/person\/6bc0beba2cd23aec27cb5df85ca2554f"},"headline":"Bande dessin\u00e9e : Hector Sonon invit\u00e9 d&rsquo;honneur du Printemps de Sfax en 2026","datePublished":"2025-05-07T10:36:00+00:00","dateModified":"2025-05-15T09:10:58+00:00","mainEntityOfPage":{"@id":"https:\/\/www.webdo.tn\/fr\/actualite\/culture\/bande-dessinee-hector-sonon-invite-d-honneur-du-printemps-de-sfax-en-2026\/221825\/"},"wordCount":113,"commentCount":0,"publisher":{"@id":"https:\/\/www.webdo.tn\/fr\/#organization"},"image":{"@id":"https:\/\/www.webdo.tn\/fr\/actualite\/culture\/bande-dessinee-hector-sonon-invite-d-honneur-du-printemps-de-sfax-en-2026\/221825\/#primaryimage"},"thumbnailUrl":"https:\/\/www.webdo.tn\/fr\/wp-content\/uploads\/2025\/05\/a589fdf205bcebb520b9473c8d10eb34.webp","keywords":["bande dessin\u00e9e","exposition","Hector Sonon","Sfax","Tunisie"],"articleSection":["Culture"],"inLanguage":"fr-FR"},{"@type":"WebPage","@id":"https:\/\/www.webdo.tn\/fr\/actualite\/culture\/bande-dessinee-hector-sonon-invite-d-honneur-du-printemps-de-sfax-en-2026\/221825\/","url":"https:\/\/www.webdo.tn\/fr\/actualite\/culture\/bande-dessinee-hector-sonon-invite-d-honneur-du-printemps-de-sfax-en-2026\/221825\/","name":"Bande dessin\u00e9e : Hector Sonon invit\u00e9 d'honneur du Printemps de Sfax en 2026","isPartOf":{"@id":"https:\/\/www.webdo.tn\/fr\/#website"},"primaryImageOfPage":{"@id":"https:\/\/www.webdo.tn\/fr\/actualite\/culture\/bande-dessinee-hector-sonon-invite-d-honneur-du-printemps-de-sfax-en-2026\/221825\/#primaryimage"},"image":{"@id":"https:\/\/www.webdo.tn\/fr\/actualite\/culture\/bande-dessinee-hector-sonon-invite-d-honneur-du-printemps-de-sfax-en-2026\/221825\/#primaryimage"},"thumbnailUrl":"https:\/\/www.webdo.tn\/fr\/wp-content\/uploads\/2025\/05\/a589fdf205bcebb520b9473c8d10eb34.webp","datePublished":"2025-05-07T10:36:00+00:00","dateModified":"2025-05-15T09:10:58+00:00","description":"Hector Sonon sera l'invit\u00e9 d'honneur de la neuvi\u00e8me \u00e9dition du Printemps de la Bande Dessin\u00e9e de Sfax en mars 2026.","breadcrumb":{"@id":"https:\/\/www.webdo.tn\/fr\/actualite\/culture\/bande-dessinee-hector-sonon-invite-d-honneur-du-printemps-de-sfax-en-2026\/221825\/#breadcrumb"},"inLanguage":"fr-FR","potentialAction":[{"@type":"ReadAction","target":["https:\/\/www.webdo.tn\/fr\/actualite\/culture\/bande-dessinee-hector-sonon-invite-d-honneur-du-printemps-de-sfax-en-2026\/221825\/"]}]},{"@type":"ImageObject","inLanguage":"fr-FR","@id":"https:\/\/www.webdo.tn\/fr\/actualite\/culture\/bande-dessinee-hector-sonon-invite-d-honneur-du-printemps-de-sfax-en-2026\/221825\/#primaryimage","url":"https:\/\/www.webdo.tn\/fr\/wp-content\/uploads\/2025\/05\/a589fdf205bcebb520b9473c8d10eb34.webp","contentUrl":"https:\/\/www.webdo.tn\/fr\/wp-content\/uploads\/2025\/05\/a589fdf205bcebb520b9473c8d10eb34.webp","width":750,"height":400,"caption":"Bande dessin\u00e9e : Hector Sonon invit\u00e9 d'honneur du Printemps de Sfax en 2026"},{"@type":"BreadcrumbList","@id":"https:\/\/www.webdo.tn\/fr\/actualite\/culture\/bande-dessinee-hector-sonon-invite-d-honneur-du-printemps-de-sfax-en-2026\/221825\/#breadcrumb","itemListElement":[{"@type":"ListItem","position":1,"name":"Accueil","item":"https:\/\/www.webdo.tn\/fr\/"},{"@type":"ListItem","position":2,"name":"Bande dessin\u00e9e : Hector Sonon invit\u00e9 d&rsquo;honneur du Printemps de Sfax en 2026"}]},{"@type":"WebSite","@id":"https:\/\/www.webdo.tn\/fr\/#website","url":"https:\/\/www.webdo.tn\/fr\/","name":"webdo","description":"Tunisie - News en Tunisie et \u00e0 l&#039;international sur Webdo.tn","publisher":{"@id":"https:\/\/www.webdo.tn\/fr\/#organization"},"potentialAction":[{"@type":"SearchAction","target":{"@type":"EntryPoint","urlTemplate":"https:\/\/www.webdo.tn\/fr\/?s={search_term_string}"},"query-input":{"@type":"PropertyValueSpecification","valueRequired":true,"valueName":"search_term_string"}}],"inLanguage":"fr-FR"},{"@type":"Organization","@id":"https:\/\/www.webdo.tn\/fr\/#organization","name":"Webdo","alternateName":"Webdo.tn","url":"https:\/\/www.webdo.tn\/fr\/","logo":{"@type":"ImageObject","inLanguage":"fr-FR","@id":"https:\/\/www.webdo.tn\/fr\/#\/schema\/logo\/image\/","url":"https:\/\/www.webdo.tn\/fr\/wp-content\/uploads\/2025\/06\/Webdo-Tunisie_168377.jpg","contentUrl":"https:\/\/www.webdo.tn\/fr\/wp-content\/uploads\/2025\/06\/Webdo-Tunisie_168377.jpg","width":301,"height":301,"caption":"Webdo"},"image":{"@id":"https:\/\/www.webdo.tn\/fr\/#\/schema\/logo\/image\/"},"sameAs":["https:\/\/www.facebook.com\/webdotn","https:\/\/x.com\/webdo_tn"],"description":"Webdo est un m\u00e9dia num\u00e9rique tunisien fond\u00e9 en 2010, sp\u00e9cialis\u00e9 dans l\u2019actualit\u00e9 nationale et internationale, l\u2019\u00e9conomie, la soci\u00e9t\u00e9 et les analyses politiques. Le site s\u2019adresse \u00e0 un large public francophone et couvre l\u2019information tunisienne en temps r\u00e9el.","email":"redac@webdo.tn","legalName":"YNJ SARL","foundingDate":"2010-09-06","numberOfEmployees":{"@type":"QuantitativeValue","minValue":"11","maxValue":"50"}},{"@type":"Person","@id":"https:\/\/www.webdo.tn\/fr\/#\/schema\/person\/6bc0beba2cd23aec27cb5df85ca2554f","name":"Hatem Bourial","image":{"@type":"ImageObject","inLanguage":"fr-FR","@id":"https:\/\/www.webdo.tn\/fr\/wp-content\/uploads\/2026\/04\/hatem-bourial_avatar-96x96.jpg","url":"https:\/\/www.webdo.tn\/fr\/wp-content\/uploads\/2026\/04\/hatem-bourial_avatar-96x96.jpg","contentUrl":"https:\/\/www.webdo.tn\/fr\/wp-content\/uploads\/2026\/04\/hatem-bourial_avatar-96x96.jpg","caption":"Hatem Bourial"},"description":"Hatem Bourial est journaliste, \u00e9crivain et chroniqueur tunisien. Actif depuis plusieurs d\u00e9cennies, il s\u2019est impos\u00e9 comme un observateur attentif de la soci\u00e9t\u00e9 tunisienne, m\u00ealant dans ses \u00e9crits m\u00e9moire, culture et analyse du quotidien. Auteur de nombreux ouvrages, il d\u00e9veloppe une \u0153uvre \u00e0 la crois\u00e9e du r\u00e9cit, de la po\u00e9sie et de l\u2019observation sociologique. Parall\u00e8lement \u00e0 ses contributions dans la presse, il intervient r\u00e9guli\u00e8rement \u00e0 la radio et dans des espaces culturels, o\u00f9 il explore les enjeux li\u00e9s au patrimoine, \u00e0 l\u2019identit\u00e9 et aux transformations du monde contemporain. \u00c0 travers ses chroniques, Hatem Bourial propose une lecture sensible et approfondie de l\u2019actualit\u00e9, nourrie par une exp\u00e9rience journalistique et litt\u00e9raire reconnue. \ud83d\udd17 Facebook : https:\/\/www.facebook.com\/hatem.bourial.2025","sameAs":["https:\/\/www.facebook.com\/hatem.bourial.2025","https:\/\/fr.wikipedia.org\/wiki\/Fichier:Hatem_Bourial.jpg"],"knowsAbout":["Culture & patrimoine tunisien","Chronique soci\u00e9tale","Litt\u00e9rature & m\u00e9moire","Cin\u00e9ma & critique culturelle","Identit\u00e9 & mutations sociales"],"knowsLanguage":["Arabe","Fran\u00e7ais","Anglais","Italien","Polonais"],"jobTitle":"Journaliste, \u00e9crivain et chroniqueur culturel","worksFor":"Webdo","url":"https:\/\/www.webdo.tn\/fr\/actualite\/author\/hatem-bourial-2\/"}]}},"_links":{"self":[{"href":"https:\/\/www.webdo.tn\/fr\/wp-json\/wp\/v2\/posts\/221825","targetHints":{"allow":["GET"]}}],"collection":[{"href":"https:\/\/www.webdo.tn\/fr\/wp-json\/wp\/v2\/posts"}],"about":[{"href":"https:\/\/www.webdo.tn\/fr\/wp-json\/wp\/v2\/types\/post"}],"author":[{"embeddable":true,"href":"https:\/\/www.webdo.tn\/fr\/wp-json\/wp\/v2\/users\/3229"}],"replies":[{"embeddable":true,"href":"https:\/\/www.webdo.tn\/fr\/wp-json\/wp\/v2\/comments?post=221825"}],"version-history":[{"count":0,"href":"https:\/\/www.webdo.tn\/fr\/wp-json\/wp\/v2\/posts\/221825\/revisions"}],"wp:featuredmedia":[{"embeddable":true,"href":"https:\/\/www.webdo.tn\/fr\/wp-json\/wp\/v2\/media\/260343"}],"wp:attachment":[{"href":"https:\/\/www.webdo.tn\/fr\/wp-json\/wp\/v2\/media?parent=221825"}],"wp:term":[{"taxonomy":"category","embeddable":true,"href":"https:\/\/www.webdo.tn\/fr\/wp-json\/wp\/v2\/categories?post=221825"},{"taxonomy":"post_tag","embeddable":true,"href":"https:\/\/www.webdo.tn\/fr\/wp-json\/wp\/v2\/tags?post=221825"}],"curies":[{"name":"wp","href":"https:\/\/api.w.org\/{rel}","templated":true}]}}