{"id":221817,"date":"2025-05-06T20:17:00","date_gmt":"2025-05-06T20:17:00","guid":{"rendered":"https:\/\/www.webdo.tn\/fr\/blog\/2025\/05\/06\/tunisie-complot-contre-la-surete-de-l-etat-2-proces-reporte-au-27-mai\/"},"modified":"2025-05-20T21:39:53","modified_gmt":"2025-05-20T21:39:53","slug":"tunisie-complot-contre-la-surete-de-l-etat-2-proces-reporte-au-27-mai","status":"publish","type":"post","link":"https:\/\/www.webdo.tn\/fr\/actualite\/national\/tunisie-complot-contre-la-surete-de-l-etat-2-proces-reporte-au-27-mai\/221817\/","title":{"rendered":"Tunisie &#8211; \u00ab\u00a0Complot contre la s\u00fbret\u00e9 de l\u2019\u00c9tat 2\u00a0\u00bb : Proc\u00e8s report\u00e9 au 27 mai"},"content":{"rendered":"<p>La cinqui\u00e8me chambre criminelle sp\u00e9cialis\u00e9e dans les affaires de terrorisme aupr\u00e8s du tribunal de premi\u00e8re instance de Tunis a d\u00e9cid\u00e9, ce mardi, de reporter l\u2019examen de l\u2019affaire dite \u201cComplot contre la s\u00fbret\u00e9 de l\u2019\u00c9tat 2\u201d au 27 mai prochain.<\/p>\n<p>\t\t\t\t\t\t\t\t\tCette d\u00e9cision a \u00e9t\u00e9 prise \u00e0 l\u2019issue d\u2019une audience tenue par visioconf\u00e9rence, au cours de laquelle les avocats de la d\u00e9fense ont sollicit\u00e9 un report et pr\u00e9sent\u00e9 des demandes de mise en libert\u00e9 pour plusieurs accus\u00e9s. Ces demandes ont toutes \u00e9t\u00e9 rejet\u00e9es par la cour.<\/p>\n<p>Ce dossier implique plus de vingt personnes, dont plusieurs figures de premier plan de la sc\u00e8ne politique tunisienne. Parmi elles figurent Rached Ghannouchi, pr\u00e9sident du mouvement Ennahdha, Habib Ellouze, Kamel Bedoui, Rafik Abdessalam, ainsi que l\u2019ancien chef du gouvernement, Youssef Chahed.<\/p>\n<p>Les pr\u00e9venus sont poursuivis pour des chefs d\u2019accusation graves, notamment la constitution d\u2019une organisation ayant pour but de conspirer contre la s\u00fbret\u00e9 int\u00e9rieure de l\u2019\u00c9tat, ainsi que l\u2019incitation \u00e0 la commission d\u2019actes terroristes sur le territoire tunisien.<\/p>\n<p>Ce proc\u00e8s, tr\u00e8s attendu, suscite une vive attention tant au niveau national qu\u2019international, en raison du profil des accus\u00e9s et des enjeux politiques qu\u2019il soul\u00e8ve. La d\u00e9fense, qui conteste les fondements de l&rsquo;accusation et d\u00e9nonce des motivations politiques, continue de plaider pour la lib\u00e9ration de ses clients, invoquant l&rsquo;absence de preuves tangibles et des irr\u00e9gularit\u00e9s de proc\u00e9dure.<\/p>\n<p>L&rsquo;affaire devrait conna\u00eetre une nouvelle tournure lors de l\u2019audience pr\u00e9vue le 27 mai, au cours de laquelle la cour pourrait se prononcer sur le fond du dossier ou examiner de nouvelles demandes des parties.<\/p>\n","protected":false},"excerpt":{"rendered":"<p>Le proc\u00e8s du \u201cComplot contre la s\u00fbret\u00e9 de l\u2019\u00c9tat 2\u201d, impliquant des figures politiques tunisiennes dont Rached Ghannouchi et Youssef Chahed, est report\u00e9 au 27 m&#8230;<\/p>\n","protected":false},"author":3162,"featured_media":244161,"comment_status":"open","ping_status":"open","sticky":false,"template":"","format":"standard","meta":{"footnotes":""},"categories":[44],"tags":[2681,2682,2619,2680,2608],"class_list":["post-221817","post","type-post","status-publish","format-standard","has-post-thumbnail","hentry","category-national","tag-accuses","tag-complot-contre-la-surete-de-letat-2","tag-justice","tag-report","tag-tunisie"],"yoast_head":"<!-- This site is optimized with the Yoast SEO Premium plugin v27.5 (Yoast SEO v27.5) - https:\/\/yoast.com\/product\/yoast-seo-premium-wordpress\/ -->\n<title>Tunisie - Complot contre la s\u00fbret\u00e9 de l\u2019\u00c9tat 2 : Proc\u00e8s report\u00e9 au 27 mai<\/title>\n<meta name=\"description\" content=\"Le proc\u00e8s du \u201cComplot contre la s\u00fbret\u00e9 de l\u2019\u00c9tat 2\u201d, impliquant des figures politiques tunisiennes dont Rached Ghannouchi et Youssef Chahed, est report\u00e9 au 27 m...\" \/>\n<link rel=\"canonical\" href=\"https:\/\/www.webdo.tn\/fr\/actualite\/national\/tunisie-complot-contre-la-surete-de-l-etat-2-proces-reporte-au-27-mai\/221817\/\" \/>\n<meta property=\"og:locale\" content=\"fr_FR\" \/>\n<meta property=\"og:type\" content=\"article\" \/>\n<meta property=\"og:title\" content=\"Tunisie - &quot;Complot contre la s\u00fbret\u00e9 de l\u2019\u00c9tat 2&quot; : Proc\u00e8s report\u00e9 au 27 mai\" \/>\n<meta property=\"og:description\" content=\"Le proc\u00e8s du \u201cComplot contre la s\u00fbret\u00e9 de l\u2019\u00c9tat 2\u201d, impliquant des figures politiques tunisiennes dont Rached Ghannouchi et Youssef Chahed, est report\u00e9 au 27 m...\" \/>\n<meta property=\"og:url\" content=\"https:\/\/www.webdo.tn\/fr\/actualite\/national\/tunisie-complot-contre-la-surete-de-l-etat-2-proces-reporte-au-27-mai\/221817\/\" \/>\n<meta property=\"og:site_name\" content=\"webdo\" \/>\n<meta property=\"article:publisher\" content=\"https:\/\/www.facebook.com\/webdotn\" \/>\n<meta property=\"article:published_time\" content=\"2025-05-06T20:17:00+00:00\" \/>\n<meta property=\"article:modified_time\" content=\"2025-05-20T21:39:53+00:00\" \/>\n<meta property=\"og:image\" content=\"https:\/\/www.webdo.tn\/fr\/wp-content\/uploads\/2025\/05\/fb4989d97fa60be5ba7ae246024b2f13-5.webp\" \/>\n\t<meta property=\"og:image:width\" content=\"650\" \/>\n\t<meta property=\"og:image:height\" content=\"347\" \/>\n\t<meta property=\"og:image:type\" content=\"image\/webp\" \/>\n<meta name=\"author\" content=\"MC\" \/>\n<meta name=\"twitter:card\" content=\"summary_large_image\" \/>\n<meta name=\"twitter:creator\" content=\"@webdo_tn\" \/>\n<meta name=\"twitter:site\" content=\"@webdo_tn\" \/>\n<meta name=\"twitter:label1\" content=\"\u00c9crit par\" \/>\n\t<meta name=\"twitter:data1\" content=\"MC\" \/>\n\t<meta name=\"twitter:label2\" content=\"Dur\u00e9e de lecture estim\u00e9e\" \/>\n\t<meta name=\"twitter:data2\" content=\"1 minute\" \/>\n<script type=\"application\/ld+json\" class=\"yoast-schema-graph\">{\"@context\":\"https:\\\/\\\/schema.org\",\"@graph\":[{\"@type\":\"NewsArticle\",\"@id\":\"https:\\\/\\\/www.webdo.tn\\\/fr\\\/actualite\\\/national\\\/tunisie-complot-contre-la-surete-de-l-etat-2-proces-reporte-au-27-mai\\\/221817\\\/#article\",\"isPartOf\":{\"@id\":\"https:\\\/\\\/www.webdo.tn\\\/fr\\\/actualite\\\/national\\\/tunisie-complot-contre-la-surete-de-l-etat-2-proces-reporte-au-27-mai\\\/221817\\\/\"},\"author\":{\"name\":\"MC\",\"@id\":\"https:\\\/\\\/www.webdo.tn\\\/fr\\\/#\\\/schema\\\/person\\\/2c4929cbf5a809e3bd38617c6ce150f6\"},\"headline\":\"Tunisie &#8211; \u00ab\u00a0Complot contre la s\u00fbret\u00e9 de l\u2019\u00c9tat 2\u00a0\u00bb : Proc\u00e8s report\u00e9 au 27 mai\",\"datePublished\":\"2025-05-06T20:17:00+00:00\",\"dateModified\":\"2025-05-20T21:39:53+00:00\",\"mainEntityOfPage\":{\"@id\":\"https:\\\/\\\/www.webdo.tn\\\/fr\\\/actualite\\\/national\\\/tunisie-complot-contre-la-surete-de-l-etat-2-proces-reporte-au-27-mai\\\/221817\\\/\"},\"wordCount\":310,\"commentCount\":0,\"publisher\":{\"@id\":\"https:\\\/\\\/www.webdo.tn\\\/fr\\\/#organization\"},\"image\":{\"@id\":\"https:\\\/\\\/www.webdo.tn\\\/fr\\\/actualite\\\/national\\\/tunisie-complot-contre-la-surete-de-l-etat-2-proces-reporte-au-27-mai\\\/221817\\\/#primaryimage\"},\"thumbnailUrl\":\"https:\\\/\\\/www.webdo.tn\\\/fr\\\/wp-content\\\/uploads\\\/2025\\\/05\\\/fb4989d97fa60be5ba7ae246024b2f13-5.webp\",\"keywords\":[\"accus\u00e9s\",\"Complot contre la s\u00fbret\u00e9 de l\u2019\u00c9tat 2\",\"justice\",\"report\",\"Tunisie\"],\"articleSection\":[\"National\"],\"inLanguage\":\"fr-FR\"},{\"@type\":\"WebPage\",\"@id\":\"https:\\\/\\\/www.webdo.tn\\\/fr\\\/actualite\\\/national\\\/tunisie-complot-contre-la-surete-de-l-etat-2-proces-reporte-au-27-mai\\\/221817\\\/\",\"url\":\"https:\\\/\\\/www.webdo.tn\\\/fr\\\/actualite\\\/national\\\/tunisie-complot-contre-la-surete-de-l-etat-2-proces-reporte-au-27-mai\\\/221817\\\/\",\"name\":\"Tunisie - Complot contre la s\u00fbret\u00e9 de l\u2019\u00c9tat 2 : Proc\u00e8s report\u00e9 au 27 mai\",\"isPartOf\":{\"@id\":\"https:\\\/\\\/www.webdo.tn\\\/fr\\\/#website\"},\"primaryImageOfPage\":{\"@id\":\"https:\\\/\\\/www.webdo.tn\\\/fr\\\/actualite\\\/national\\\/tunisie-complot-contre-la-surete-de-l-etat-2-proces-reporte-au-27-mai\\\/221817\\\/#primaryimage\"},\"image\":{\"@id\":\"https:\\\/\\\/www.webdo.tn\\\/fr\\\/actualite\\\/national\\\/tunisie-complot-contre-la-surete-de-l-etat-2-proces-reporte-au-27-mai\\\/221817\\\/#primaryimage\"},\"thumbnailUrl\":\"https:\\\/\\\/www.webdo.tn\\\/fr\\\/wp-content\\\/uploads\\\/2025\\\/05\\\/fb4989d97fa60be5ba7ae246024b2f13-5.webp\",\"datePublished\":\"2025-05-06T20:17:00+00:00\",\"dateModified\":\"2025-05-20T21:39:53+00:00\",\"description\":\"Le proc\u00e8s du \u201cComplot contre la s\u00fbret\u00e9 de l\u2019\u00c9tat 2\u201d, impliquant des figures politiques tunisiennes dont Rached Ghannouchi et Youssef Chahed, est report\u00e9 au 27 m...\",\"breadcrumb\":{\"@id\":\"https:\\\/\\\/www.webdo.tn\\\/fr\\\/actualite\\\/national\\\/tunisie-complot-contre-la-surete-de-l-etat-2-proces-reporte-au-27-mai\\\/221817\\\/#breadcrumb\"},\"inLanguage\":\"fr-FR\",\"potentialAction\":[{\"@type\":\"ReadAction\",\"target\":[\"https:\\\/\\\/www.webdo.tn\\\/fr\\\/actualite\\\/national\\\/tunisie-complot-contre-la-surete-de-l-etat-2-proces-reporte-au-27-mai\\\/221817\\\/\"]}]},{\"@type\":\"ImageObject\",\"inLanguage\":\"fr-FR\",\"@id\":\"https:\\\/\\\/www.webdo.tn\\\/fr\\\/actualite\\\/national\\\/tunisie-complot-contre-la-surete-de-l-etat-2-proces-reporte-au-27-mai\\\/221817\\\/#primaryimage\",\"url\":\"https:\\\/\\\/www.webdo.tn\\\/fr\\\/wp-content\\\/uploads\\\/2025\\\/05\\\/fb4989d97fa60be5ba7ae246024b2f13-5.webp\",\"contentUrl\":\"https:\\\/\\\/www.webdo.tn\\\/fr\\\/wp-content\\\/uploads\\\/2025\\\/05\\\/fb4989d97fa60be5ba7ae246024b2f13-5.webp\",\"width\":650,\"height\":347},{\"@type\":\"BreadcrumbList\",\"@id\":\"https:\\\/\\\/www.webdo.tn\\\/fr\\\/actualite\\\/national\\\/tunisie-complot-contre-la-surete-de-l-etat-2-proces-reporte-au-27-mai\\\/221817\\\/#breadcrumb\",\"itemListElement\":[{\"@type\":\"ListItem\",\"position\":1,\"name\":\"Accueil\",\"item\":\"https:\\\/\\\/www.webdo.tn\\\/fr\\\/\"},{\"@type\":\"ListItem\",\"position\":2,\"name\":\"Tunisie &#8211; &#8220;Complot contre la s\u00fbret\u00e9 de l\u2019\u00c9tat 2&#8221; : Proc\u00e8s report\u00e9 au 27 mai\"}]},{\"@type\":\"WebSite\",\"@id\":\"https:\\\/\\\/www.webdo.tn\\\/fr\\\/#website\",\"url\":\"https:\\\/\\\/www.webdo.tn\\\/fr\\\/\",\"name\":\"webdo\",\"description\":\"Tunisie - News en Tunisie et \u00e0 l&#039;international sur Webdo.tn\",\"publisher\":{\"@id\":\"https:\\\/\\\/www.webdo.tn\\\/fr\\\/#organization\"},\"potentialAction\":[{\"@type\":\"SearchAction\",\"target\":{\"@type\":\"EntryPoint\",\"urlTemplate\":\"https:\\\/\\\/www.webdo.tn\\\/fr\\\/?s={search_term_string}\"},\"query-input\":{\"@type\":\"PropertyValueSpecification\",\"valueRequired\":true,\"valueName\":\"search_term_string\"}}],\"inLanguage\":\"fr-FR\"},{\"@type\":\"Organization\",\"@id\":\"https:\\\/\\\/www.webdo.tn\\\/fr\\\/#organization\",\"name\":\"Webdo\",\"alternateName\":\"Webdo.tn\",\"url\":\"https:\\\/\\\/www.webdo.tn\\\/fr\\\/\",\"logo\":{\"@type\":\"ImageObject\",\"inLanguage\":\"fr-FR\",\"@id\":\"https:\\\/\\\/www.webdo.tn\\\/fr\\\/#\\\/schema\\\/logo\\\/image\\\/\",\"url\":\"https:\\\/\\\/www.webdo.tn\\\/fr\\\/wp-content\\\/uploads\\\/2025\\\/06\\\/Webdo-Tunisie_168377.jpg\",\"contentUrl\":\"https:\\\/\\\/www.webdo.tn\\\/fr\\\/wp-content\\\/uploads\\\/2025\\\/06\\\/Webdo-Tunisie_168377.jpg\",\"width\":301,\"height\":301,\"caption\":\"Webdo\"},\"image\":{\"@id\":\"https:\\\/\\\/www.webdo.tn\\\/fr\\\/#\\\/schema\\\/logo\\\/image\\\/\"},\"sameAs\":[\"https:\\\/\\\/www.facebook.com\\\/webdotn\",\"https:\\\/\\\/x.com\\\/webdo_tn\"],\"description\":\"Webdo est un m\u00e9dia num\u00e9rique tunisien fond\u00e9 en 2010, sp\u00e9cialis\u00e9 dans l\u2019actualit\u00e9 nationale et internationale, l\u2019\u00e9conomie, la soci\u00e9t\u00e9 et les analyses politiques. Le site s\u2019adresse \u00e0 un large public francophone et couvre l\u2019information tunisienne en temps r\u00e9el.\",\"email\":\"redac@webdo.tn\",\"legalName\":\"YNJ SARL\",\"foundingDate\":\"2010-09-06\",\"numberOfEmployees\":{\"@type\":\"QuantitativeValue\",\"minValue\":\"11\",\"maxValue\":\"50\"}},{\"@type\":\"Person\",\"@id\":\"https:\\\/\\\/www.webdo.tn\\\/fr\\\/#\\\/schema\\\/person\\\/2c4929cbf5a809e3bd38617c6ce150f6\",\"name\":\"MC\",\"image\":{\"@type\":\"ImageObject\",\"inLanguage\":\"fr-FR\",\"@id\":\"https:\\\/\\\/secure.gravatar.com\\\/avatar\\\/a545bbb6f84efdd5553dbbc2895e3ca8f1d12c5215e00a041c9670b54aa9b18a?s=96&d=mm&r=g\",\"url\":\"https:\\\/\\\/secure.gravatar.com\\\/avatar\\\/a545bbb6f84efdd5553dbbc2895e3ca8f1d12c5215e00a041c9670b54aa9b18a?s=96&d=mm&r=g\",\"contentUrl\":\"https:\\\/\\\/secure.gravatar.com\\\/avatar\\\/a545bbb6f84efdd5553dbbc2895e3ca8f1d12c5215e00a041c9670b54aa9b18a?s=96&d=mm&r=g\",\"caption\":\"MC\"},\"url\":\"https:\\\/\\\/www.webdo.tn\\\/fr\\\/actualite\\\/author\\\/mc\\\/\"}]}<\/script>\n<!-- \/ Yoast SEO Premium plugin. -->","yoast_head_json":{"title":"Tunisie - Complot contre la s\u00fbret\u00e9 de l\u2019\u00c9tat 2 : Proc\u00e8s report\u00e9 au 27 mai","description":"Le proc\u00e8s du \u201cComplot contre la s\u00fbret\u00e9 de l\u2019\u00c9tat 2\u201d, impliquant des figures politiques tunisiennes dont Rached Ghannouchi et Youssef Chahed, est report\u00e9 au 27 m...","canonical":"https:\/\/www.webdo.tn\/fr\/actualite\/national\/tunisie-complot-contre-la-surete-de-l-etat-2-proces-reporte-au-27-mai\/221817\/","og_locale":"fr_FR","og_type":"article","og_title":"Tunisie - \"Complot contre la s\u00fbret\u00e9 de l\u2019\u00c9tat 2\" : Proc\u00e8s report\u00e9 au 27 mai","og_description":"Le proc\u00e8s du \u201cComplot contre la s\u00fbret\u00e9 de l\u2019\u00c9tat 2\u201d, impliquant des figures politiques tunisiennes dont Rached Ghannouchi et Youssef Chahed, est report\u00e9 au 27 m...","og_url":"https:\/\/www.webdo.tn\/fr\/actualite\/national\/tunisie-complot-contre-la-surete-de-l-etat-2-proces-reporte-au-27-mai\/221817\/","og_site_name":"webdo","article_publisher":"https:\/\/www.facebook.com\/webdotn","article_published_time":"2025-05-06T20:17:00+00:00","article_modified_time":"2025-05-20T21:39:53+00:00","og_image":[{"width":650,"height":347,"url":"https:\/\/www.webdo.tn\/fr\/wp-content\/uploads\/2025\/05\/fb4989d97fa60be5ba7ae246024b2f13-5.webp","type":"image\/webp"}],"author":"MC","twitter_card":"summary_large_image","twitter_creator":"@webdo_tn","twitter_site":"@webdo_tn","twitter_misc":{"\u00c9crit par":"MC","Dur\u00e9e de lecture estim\u00e9e":"1 minute"},"schema":{"@context":"https:\/\/schema.org","@graph":[{"@type":"NewsArticle","@id":"https:\/\/www.webdo.tn\/fr\/actualite\/national\/tunisie-complot-contre-la-surete-de-l-etat-2-proces-reporte-au-27-mai\/221817\/#article","isPartOf":{"@id":"https:\/\/www.webdo.tn\/fr\/actualite\/national\/tunisie-complot-contre-la-surete-de-l-etat-2-proces-reporte-au-27-mai\/221817\/"},"author":{"name":"MC","@id":"https:\/\/www.webdo.tn\/fr\/#\/schema\/person\/2c4929cbf5a809e3bd38617c6ce150f6"},"headline":"Tunisie &#8211; \u00ab\u00a0Complot contre la s\u00fbret\u00e9 de l\u2019\u00c9tat 2\u00a0\u00bb : Proc\u00e8s report\u00e9 au 27 mai","datePublished":"2025-05-06T20:17:00+00:00","dateModified":"2025-05-20T21:39:53+00:00","mainEntityOfPage":{"@id":"https:\/\/www.webdo.tn\/fr\/actualite\/national\/tunisie-complot-contre-la-surete-de-l-etat-2-proces-reporte-au-27-mai\/221817\/"},"wordCount":310,"commentCount":0,"publisher":{"@id":"https:\/\/www.webdo.tn\/fr\/#organization"},"image":{"@id":"https:\/\/www.webdo.tn\/fr\/actualite\/national\/tunisie-complot-contre-la-surete-de-l-etat-2-proces-reporte-au-27-mai\/221817\/#primaryimage"},"thumbnailUrl":"https:\/\/www.webdo.tn\/fr\/wp-content\/uploads\/2025\/05\/fb4989d97fa60be5ba7ae246024b2f13-5.webp","keywords":["accus\u00e9s","Complot contre la s\u00fbret\u00e9 de l\u2019\u00c9tat 2","justice","report","Tunisie"],"articleSection":["National"],"inLanguage":"fr-FR"},{"@type":"WebPage","@id":"https:\/\/www.webdo.tn\/fr\/actualite\/national\/tunisie-complot-contre-la-surete-de-l-etat-2-proces-reporte-au-27-mai\/221817\/","url":"https:\/\/www.webdo.tn\/fr\/actualite\/national\/tunisie-complot-contre-la-surete-de-l-etat-2-proces-reporte-au-27-mai\/221817\/","name":"Tunisie - Complot contre la s\u00fbret\u00e9 de l\u2019\u00c9tat 2 : Proc\u00e8s report\u00e9 au 27 mai","isPartOf":{"@id":"https:\/\/www.webdo.tn\/fr\/#website"},"primaryImageOfPage":{"@id":"https:\/\/www.webdo.tn\/fr\/actualite\/national\/tunisie-complot-contre-la-surete-de-l-etat-2-proces-reporte-au-27-mai\/221817\/#primaryimage"},"image":{"@id":"https:\/\/www.webdo.tn\/fr\/actualite\/national\/tunisie-complot-contre-la-surete-de-l-etat-2-proces-reporte-au-27-mai\/221817\/#primaryimage"},"thumbnailUrl":"https:\/\/www.webdo.tn\/fr\/wp-content\/uploads\/2025\/05\/fb4989d97fa60be5ba7ae246024b2f13-5.webp","datePublished":"2025-05-06T20:17:00+00:00","dateModified":"2025-05-20T21:39:53+00:00","description":"Le proc\u00e8s du \u201cComplot contre la s\u00fbret\u00e9 de l\u2019\u00c9tat 2\u201d, impliquant des figures politiques tunisiennes dont Rached Ghannouchi et Youssef Chahed, est report\u00e9 au 27 m...","breadcrumb":{"@id":"https:\/\/www.webdo.tn\/fr\/actualite\/national\/tunisie-complot-contre-la-surete-de-l-etat-2-proces-reporte-au-27-mai\/221817\/#breadcrumb"},"inLanguage":"fr-FR","potentialAction":[{"@type":"ReadAction","target":["https:\/\/www.webdo.tn\/fr\/actualite\/national\/tunisie-complot-contre-la-surete-de-l-etat-2-proces-reporte-au-27-mai\/221817\/"]}]},{"@type":"ImageObject","inLanguage":"fr-FR","@id":"https:\/\/www.webdo.tn\/fr\/actualite\/national\/tunisie-complot-contre-la-surete-de-l-etat-2-proces-reporte-au-27-mai\/221817\/#primaryimage","url":"https:\/\/www.webdo.tn\/fr\/wp-content\/uploads\/2025\/05\/fb4989d97fa60be5ba7ae246024b2f13-5.webp","contentUrl":"https:\/\/www.webdo.tn\/fr\/wp-content\/uploads\/2025\/05\/fb4989d97fa60be5ba7ae246024b2f13-5.webp","width":650,"height":347},{"@type":"BreadcrumbList","@id":"https:\/\/www.webdo.tn\/fr\/actualite\/national\/tunisie-complot-contre-la-surete-de-l-etat-2-proces-reporte-au-27-mai\/221817\/#breadcrumb","itemListElement":[{"@type":"ListItem","position":1,"name":"Accueil","item":"https:\/\/www.webdo.tn\/fr\/"},{"@type":"ListItem","position":2,"name":"Tunisie &#8211; &#8220;Complot contre la s\u00fbret\u00e9 de l\u2019\u00c9tat 2&#8221; : Proc\u00e8s report\u00e9 au 27 mai"}]},{"@type":"WebSite","@id":"https:\/\/www.webdo.tn\/fr\/#website","url":"https:\/\/www.webdo.tn\/fr\/","name":"webdo","description":"Tunisie - News en Tunisie et \u00e0 l&#039;international sur Webdo.tn","publisher":{"@id":"https:\/\/www.webdo.tn\/fr\/#organization"},"potentialAction":[{"@type":"SearchAction","target":{"@type":"EntryPoint","urlTemplate":"https:\/\/www.webdo.tn\/fr\/?s={search_term_string}"},"query-input":{"@type":"PropertyValueSpecification","valueRequired":true,"valueName":"search_term_string"}}],"inLanguage":"fr-FR"},{"@type":"Organization","@id":"https:\/\/www.webdo.tn\/fr\/#organization","name":"Webdo","alternateName":"Webdo.tn","url":"https:\/\/www.webdo.tn\/fr\/","logo":{"@type":"ImageObject","inLanguage":"fr-FR","@id":"https:\/\/www.webdo.tn\/fr\/#\/schema\/logo\/image\/","url":"https:\/\/www.webdo.tn\/fr\/wp-content\/uploads\/2025\/06\/Webdo-Tunisie_168377.jpg","contentUrl":"https:\/\/www.webdo.tn\/fr\/wp-content\/uploads\/2025\/06\/Webdo-Tunisie_168377.jpg","width":301,"height":301,"caption":"Webdo"},"image":{"@id":"https:\/\/www.webdo.tn\/fr\/#\/schema\/logo\/image\/"},"sameAs":["https:\/\/www.facebook.com\/webdotn","https:\/\/x.com\/webdo_tn"],"description":"Webdo est un m\u00e9dia num\u00e9rique tunisien fond\u00e9 en 2010, sp\u00e9cialis\u00e9 dans l\u2019actualit\u00e9 nationale et internationale, l\u2019\u00e9conomie, la soci\u00e9t\u00e9 et les analyses politiques. Le site s\u2019adresse \u00e0 un large public francophone et couvre l\u2019information tunisienne en temps r\u00e9el.","email":"redac@webdo.tn","legalName":"YNJ SARL","foundingDate":"2010-09-06","numberOfEmployees":{"@type":"QuantitativeValue","minValue":"11","maxValue":"50"}},{"@type":"Person","@id":"https:\/\/www.webdo.tn\/fr\/#\/schema\/person\/2c4929cbf5a809e3bd38617c6ce150f6","name":"MC","image":{"@type":"ImageObject","inLanguage":"fr-FR","@id":"https:\/\/secure.gravatar.com\/avatar\/a545bbb6f84efdd5553dbbc2895e3ca8f1d12c5215e00a041c9670b54aa9b18a?s=96&d=mm&r=g","url":"https:\/\/secure.gravatar.com\/avatar\/a545bbb6f84efdd5553dbbc2895e3ca8f1d12c5215e00a041c9670b54aa9b18a?s=96&d=mm&r=g","contentUrl":"https:\/\/secure.gravatar.com\/avatar\/a545bbb6f84efdd5553dbbc2895e3ca8f1d12c5215e00a041c9670b54aa9b18a?s=96&d=mm&r=g","caption":"MC"},"url":"https:\/\/www.webdo.tn\/fr\/actualite\/author\/mc\/"}]}},"_links":{"self":[{"href":"https:\/\/www.webdo.tn\/fr\/wp-json\/wp\/v2\/posts\/221817","targetHints":{"allow":["GET"]}}],"collection":[{"href":"https:\/\/www.webdo.tn\/fr\/wp-json\/wp\/v2\/posts"}],"about":[{"href":"https:\/\/www.webdo.tn\/fr\/wp-json\/wp\/v2\/types\/post"}],"author":[{"embeddable":true,"href":"https:\/\/www.webdo.tn\/fr\/wp-json\/wp\/v2\/users\/3162"}],"replies":[{"embeddable":true,"href":"https:\/\/www.webdo.tn\/fr\/wp-json\/wp\/v2\/comments?post=221817"}],"version-history":[{"count":0,"href":"https:\/\/www.webdo.tn\/fr\/wp-json\/wp\/v2\/posts\/221817\/revisions"}],"wp:featuredmedia":[{"embeddable":true,"href":"https:\/\/www.webdo.tn\/fr\/wp-json\/wp\/v2\/media\/244161"}],"wp:attachment":[{"href":"https:\/\/www.webdo.tn\/fr\/wp-json\/wp\/v2\/media?parent=221817"}],"wp:term":[{"taxonomy":"category","embeddable":true,"href":"https:\/\/www.webdo.tn\/fr\/wp-json\/wp\/v2\/categories?post=221817"},{"taxonomy":"post_tag","embeddable":true,"href":"https:\/\/www.webdo.tn\/fr\/wp-json\/wp\/v2\/tags?post=221817"}],"curies":[{"name":"wp","href":"https:\/\/api.w.org\/{rel}","templated":true}]}}