{"id":221808,"date":"2025-05-06T11:56:00","date_gmt":"2025-05-06T11:56:00","guid":{"rendered":"https:\/\/www.webdo.tn\/fr\/blog\/2025\/05\/06\/grand-tunis-greve-des-taxis-le-19-mai\/"},"modified":"2025-05-21T08:53:08","modified_gmt":"2025-05-21T08:53:08","slug":"grand-tunis-greve-des-taxis-le-19-mai","status":"publish","type":"post","link":"https:\/\/www.webdo.tn\/fr\/actualite\/national\/grand-tunis-greve-des-taxis-le-19-mai\/221808\/","title":{"rendered":"Grand-Tunis : Gr\u00e8ve des taxis le 19 mai"},"content":{"rendered":"<p>Les usagers du transport individuel dans la capitale devront s\u2019organiser autrement le 19 mai. Le pr\u00e9sident du Syndicat de base des taxis individuels, Nader Kazdaghli, a annonc\u00e9 une gr\u00e8ve g\u00e9n\u00e9rale des chauffeurs de taxis dans le Grand-Tunis \u00e0 cette date.<\/p>\n<p>Au c\u0153ur de la contestation : la revalorisation des tarifs. Les chauffeurs r\u00e9clament une hausse des prix de la course au d\u00e9marrage et des frais d\u2019attente, estimant que les tarifs actuels ne couvrent plus les charges li\u00e9es \u00e0 l\u2019activit\u00e9. Kazdaghli insiste sur la n\u00e9cessit\u00e9 d\u2019un m\u00e9canisme d\u2019ajustement r\u00e9gulier pour suivre l\u2019inflation et le co\u00fbt croissant de la vie.<\/p>\n<p>Le syndicat exhorte les autorit\u00e9s \u00e0 engager rapidement des n\u00e9gociations afin d\u2019\u00e9viter une paralysie du secteur le jour J.<\/p>\n","protected":false},"excerpt":{"rendered":"<p>Une gr\u00e8ve g\u00e9n\u00e9rale des taxis est pr\u00e9vue le 19 mai 2025 dans le Grand Tunis pour r\u00e9clamer une hausse des tarifs et de meilleures conditions de travail, alerte le&#8230;<\/p>\n","protected":false},"author":3162,"featured_media":244137,"comment_status":"open","ping_status":"open","sticky":false,"template":"","format":"standard","meta":{"footnotes":""},"categories":[44],"tags":[2647,2648,2640,2608],"class_list":["post-221808","post","type-post","status-publish","format-standard","has-post-thumbnail","hentry","category-national","tag-greve","tag-taxi","tag-tunis","tag-tunisie"],"yoast_head":"<!-- This site is optimized with the Yoast SEO Premium plugin v27.4 (Yoast SEO v27.5) - https:\/\/yoast.com\/product\/yoast-seo-premium-wordpress\/ -->\n<title>Grand-Tunis : Gr\u00e8ve des taxis le 19 mai<\/title>\n<meta name=\"description\" content=\"Une gr\u00e8ve g\u00e9n\u00e9rale des taxis est pr\u00e9vue le 19 mai 2025 dans le Grand Tunis pour r\u00e9clamer une hausse des tarifs et de meilleures conditions de travail, alerte le...\" \/>\n<link rel=\"canonical\" href=\"https:\/\/www.webdo.tn\/fr\/actualite\/national\/grand-tunis-greve-des-taxis-le-19-mai\/221808\/\" \/>\n<meta property=\"og:locale\" content=\"fr_FR\" \/>\n<meta property=\"og:type\" content=\"article\" \/>\n<meta property=\"og:title\" content=\"Grand-Tunis : Gr\u00e8ve des taxis le 19 mai\" \/>\n<meta property=\"og:description\" content=\"Une gr\u00e8ve g\u00e9n\u00e9rale des taxis est pr\u00e9vue le 19 mai 2025 dans le Grand Tunis pour r\u00e9clamer une hausse des tarifs et de meilleures conditions de travail, alerte le...\" \/>\n<meta property=\"og:url\" content=\"https:\/\/www.webdo.tn\/fr\/actualite\/national\/grand-tunis-greve-des-taxis-le-19-mai\/221808\/\" \/>\n<meta property=\"og:site_name\" content=\"webdo\" \/>\n<meta property=\"article:publisher\" content=\"https:\/\/www.facebook.com\/webdotn\" \/>\n<meta property=\"article:published_time\" content=\"2025-05-06T11:56:00+00:00\" \/>\n<meta property=\"article:modified_time\" content=\"2025-05-21T08:53:08+00:00\" \/>\n<meta property=\"og:image\" content=\"https:\/\/www.webdo.tn\/fr\/wp-content\/uploads\/2025\/05\/124faa880e463defe5c08b874cd6658e-5.webp\" \/>\n\t<meta property=\"og:image:width\" content=\"750\" \/>\n\t<meta property=\"og:image:height\" content=\"400\" \/>\n\t<meta property=\"og:image:type\" content=\"image\/webp\" \/>\n<meta name=\"author\" content=\"MC\" \/>\n<meta name=\"twitter:card\" content=\"summary_large_image\" \/>\n<meta name=\"twitter:creator\" content=\"@webdo_tn\" \/>\n<meta name=\"twitter:site\" content=\"@webdo_tn\" \/>\n<meta name=\"twitter:label1\" content=\"\u00c9crit par\" \/>\n\t<meta name=\"twitter:data1\" content=\"MC\" \/>\n\t<meta name=\"twitter:label2\" content=\"Dur\u00e9e de lecture estim\u00e9e\" \/>\n\t<meta name=\"twitter:data2\" content=\"1 minute\" \/>\n<script type=\"application\/ld+json\" class=\"yoast-schema-graph\">{\"@context\":\"https:\\\/\\\/schema.org\",\"@graph\":[{\"@type\":\"NewsArticle\",\"@id\":\"https:\\\/\\\/www.webdo.tn\\\/fr\\\/actualite\\\/national\\\/grand-tunis-greve-des-taxis-le-19-mai\\\/221808\\\/#article\",\"isPartOf\":{\"@id\":\"https:\\\/\\\/www.webdo.tn\\\/fr\\\/actualite\\\/national\\\/grand-tunis-greve-des-taxis-le-19-mai\\\/221808\\\/\"},\"author\":{\"name\":\"MC\",\"@id\":\"https:\\\/\\\/www.webdo.tn\\\/fr\\\/#\\\/schema\\\/person\\\/2c4929cbf5a809e3bd38617c6ce150f6\"},\"headline\":\"Grand-Tunis : Gr\u00e8ve des taxis le 19 mai\",\"datePublished\":\"2025-05-06T11:56:00+00:00\",\"dateModified\":\"2025-05-21T08:53:08+00:00\",\"mainEntityOfPage\":{\"@id\":\"https:\\\/\\\/www.webdo.tn\\\/fr\\\/actualite\\\/national\\\/grand-tunis-greve-des-taxis-le-19-mai\\\/221808\\\/\"},\"wordCount\":140,\"commentCount\":0,\"publisher\":{\"@id\":\"https:\\\/\\\/www.webdo.tn\\\/fr\\\/#organization\"},\"image\":{\"@id\":\"https:\\\/\\\/www.webdo.tn\\\/fr\\\/actualite\\\/national\\\/grand-tunis-greve-des-taxis-le-19-mai\\\/221808\\\/#primaryimage\"},\"thumbnailUrl\":\"https:\\\/\\\/www.webdo.tn\\\/fr\\\/wp-content\\\/uploads\\\/2025\\\/05\\\/124faa880e463defe5c08b874cd6658e-5.webp\",\"keywords\":[\"Gr\u00e8ve\",\"Taxi\",\"Tunis\",\"Tunisie\"],\"articleSection\":[\"National\"],\"inLanguage\":\"fr-FR\"},{\"@type\":\"WebPage\",\"@id\":\"https:\\\/\\\/www.webdo.tn\\\/fr\\\/actualite\\\/national\\\/grand-tunis-greve-des-taxis-le-19-mai\\\/221808\\\/\",\"url\":\"https:\\\/\\\/www.webdo.tn\\\/fr\\\/actualite\\\/national\\\/grand-tunis-greve-des-taxis-le-19-mai\\\/221808\\\/\",\"name\":\"Grand-Tunis : Gr\u00e8ve des taxis le 19 mai\",\"isPartOf\":{\"@id\":\"https:\\\/\\\/www.webdo.tn\\\/fr\\\/#website\"},\"primaryImageOfPage\":{\"@id\":\"https:\\\/\\\/www.webdo.tn\\\/fr\\\/actualite\\\/national\\\/grand-tunis-greve-des-taxis-le-19-mai\\\/221808\\\/#primaryimage\"},\"image\":{\"@id\":\"https:\\\/\\\/www.webdo.tn\\\/fr\\\/actualite\\\/national\\\/grand-tunis-greve-des-taxis-le-19-mai\\\/221808\\\/#primaryimage\"},\"thumbnailUrl\":\"https:\\\/\\\/www.webdo.tn\\\/fr\\\/wp-content\\\/uploads\\\/2025\\\/05\\\/124faa880e463defe5c08b874cd6658e-5.webp\",\"datePublished\":\"2025-05-06T11:56:00+00:00\",\"dateModified\":\"2025-05-21T08:53:08+00:00\",\"description\":\"Une gr\u00e8ve g\u00e9n\u00e9rale des taxis est pr\u00e9vue le 19 mai 2025 dans le Grand Tunis pour r\u00e9clamer une hausse des tarifs et de meilleures conditions de travail, alerte le...\",\"breadcrumb\":{\"@id\":\"https:\\\/\\\/www.webdo.tn\\\/fr\\\/actualite\\\/national\\\/grand-tunis-greve-des-taxis-le-19-mai\\\/221808\\\/#breadcrumb\"},\"inLanguage\":\"fr-FR\",\"potentialAction\":[{\"@type\":\"ReadAction\",\"target\":[\"https:\\\/\\\/www.webdo.tn\\\/fr\\\/actualite\\\/national\\\/grand-tunis-greve-des-taxis-le-19-mai\\\/221808\\\/\"]}]},{\"@type\":\"ImageObject\",\"inLanguage\":\"fr-FR\",\"@id\":\"https:\\\/\\\/www.webdo.tn\\\/fr\\\/actualite\\\/national\\\/grand-tunis-greve-des-taxis-le-19-mai\\\/221808\\\/#primaryimage\",\"url\":\"https:\\\/\\\/www.webdo.tn\\\/fr\\\/wp-content\\\/uploads\\\/2025\\\/05\\\/124faa880e463defe5c08b874cd6658e-5.webp\",\"contentUrl\":\"https:\\\/\\\/www.webdo.tn\\\/fr\\\/wp-content\\\/uploads\\\/2025\\\/05\\\/124faa880e463defe5c08b874cd6658e-5.webp\",\"width\":750,\"height\":400},{\"@type\":\"BreadcrumbList\",\"@id\":\"https:\\\/\\\/www.webdo.tn\\\/fr\\\/actualite\\\/national\\\/grand-tunis-greve-des-taxis-le-19-mai\\\/221808\\\/#breadcrumb\",\"itemListElement\":[{\"@type\":\"ListItem\",\"position\":1,\"name\":\"Accueil\",\"item\":\"https:\\\/\\\/www.webdo.tn\\\/fr\\\/\"},{\"@type\":\"ListItem\",\"position\":2,\"name\":\"Grand-Tunis : Gr\u00e8ve des taxis le 19 mai\"}]},{\"@type\":\"WebSite\",\"@id\":\"https:\\\/\\\/www.webdo.tn\\\/fr\\\/#website\",\"url\":\"https:\\\/\\\/www.webdo.tn\\\/fr\\\/\",\"name\":\"webdo\",\"description\":\"Tunisie - News en Tunisie et \u00e0 l&#039;international sur Webdo.tn\",\"publisher\":{\"@id\":\"https:\\\/\\\/www.webdo.tn\\\/fr\\\/#organization\"},\"potentialAction\":[{\"@type\":\"SearchAction\",\"target\":{\"@type\":\"EntryPoint\",\"urlTemplate\":\"https:\\\/\\\/www.webdo.tn\\\/fr\\\/?s={search_term_string}\"},\"query-input\":{\"@type\":\"PropertyValueSpecification\",\"valueRequired\":true,\"valueName\":\"search_term_string\"}}],\"inLanguage\":\"fr-FR\"},{\"@type\":\"Organization\",\"@id\":\"https:\\\/\\\/www.webdo.tn\\\/fr\\\/#organization\",\"name\":\"Webdo\",\"alternateName\":\"Webdo.tn\",\"url\":\"https:\\\/\\\/www.webdo.tn\\\/fr\\\/\",\"logo\":{\"@type\":\"ImageObject\",\"inLanguage\":\"fr-FR\",\"@id\":\"https:\\\/\\\/www.webdo.tn\\\/fr\\\/#\\\/schema\\\/logo\\\/image\\\/\",\"url\":\"https:\\\/\\\/www.webdo.tn\\\/fr\\\/wp-content\\\/uploads\\\/2025\\\/06\\\/Webdo-Tunisie_168377.jpg\",\"contentUrl\":\"https:\\\/\\\/www.webdo.tn\\\/fr\\\/wp-content\\\/uploads\\\/2025\\\/06\\\/Webdo-Tunisie_168377.jpg\",\"width\":301,\"height\":301,\"caption\":\"Webdo\"},\"image\":{\"@id\":\"https:\\\/\\\/www.webdo.tn\\\/fr\\\/#\\\/schema\\\/logo\\\/image\\\/\"},\"sameAs\":[\"https:\\\/\\\/www.facebook.com\\\/webdotn\",\"https:\\\/\\\/x.com\\\/webdo_tn\"],\"description\":\"Webdo est un m\u00e9dia num\u00e9rique tunisien fond\u00e9 en 2010, sp\u00e9cialis\u00e9 dans l\u2019actualit\u00e9 nationale et internationale, l\u2019\u00e9conomie, la soci\u00e9t\u00e9 et les analyses politiques. Le site s\u2019adresse \u00e0 un large public francophone et couvre l\u2019information tunisienne en temps r\u00e9el.\",\"email\":\"redac@webdo.tn\",\"legalName\":\"YNJ SARL\",\"foundingDate\":\"2010-09-06\",\"numberOfEmployees\":{\"@type\":\"QuantitativeValue\",\"minValue\":\"11\",\"maxValue\":\"50\"}},{\"@type\":\"Person\",\"@id\":\"https:\\\/\\\/www.webdo.tn\\\/fr\\\/#\\\/schema\\\/person\\\/2c4929cbf5a809e3bd38617c6ce150f6\",\"name\":\"MC\",\"image\":{\"@type\":\"ImageObject\",\"inLanguage\":\"fr-FR\",\"@id\":\"https:\\\/\\\/secure.gravatar.com\\\/avatar\\\/a545bbb6f84efdd5553dbbc2895e3ca8f1d12c5215e00a041c9670b54aa9b18a?s=96&d=mm&r=g\",\"url\":\"https:\\\/\\\/secure.gravatar.com\\\/avatar\\\/a545bbb6f84efdd5553dbbc2895e3ca8f1d12c5215e00a041c9670b54aa9b18a?s=96&d=mm&r=g\",\"contentUrl\":\"https:\\\/\\\/secure.gravatar.com\\\/avatar\\\/a545bbb6f84efdd5553dbbc2895e3ca8f1d12c5215e00a041c9670b54aa9b18a?s=96&d=mm&r=g\",\"caption\":\"MC\"},\"url\":\"https:\\\/\\\/www.webdo.tn\\\/fr\\\/actualite\\\/author\\\/mc\\\/\"}]}<\/script>\n<!-- \/ Yoast SEO Premium plugin. -->","yoast_head_json":{"title":"Grand-Tunis : Gr\u00e8ve des taxis le 19 mai","description":"Une gr\u00e8ve g\u00e9n\u00e9rale des taxis est pr\u00e9vue le 19 mai 2025 dans le Grand Tunis pour r\u00e9clamer une hausse des tarifs et de meilleures conditions de travail, alerte le...","canonical":"https:\/\/www.webdo.tn\/fr\/actualite\/national\/grand-tunis-greve-des-taxis-le-19-mai\/221808\/","og_locale":"fr_FR","og_type":"article","og_title":"Grand-Tunis : Gr\u00e8ve des taxis le 19 mai","og_description":"Une gr\u00e8ve g\u00e9n\u00e9rale des taxis est pr\u00e9vue le 19 mai 2025 dans le Grand Tunis pour r\u00e9clamer une hausse des tarifs et de meilleures conditions de travail, alerte le...","og_url":"https:\/\/www.webdo.tn\/fr\/actualite\/national\/grand-tunis-greve-des-taxis-le-19-mai\/221808\/","og_site_name":"webdo","article_publisher":"https:\/\/www.facebook.com\/webdotn","article_published_time":"2025-05-06T11:56:00+00:00","article_modified_time":"2025-05-21T08:53:08+00:00","og_image":[{"width":750,"height":400,"url":"https:\/\/www.webdo.tn\/fr\/wp-content\/uploads\/2025\/05\/124faa880e463defe5c08b874cd6658e-5.webp","type":"image\/webp"}],"author":"MC","twitter_card":"summary_large_image","twitter_creator":"@webdo_tn","twitter_site":"@webdo_tn","twitter_misc":{"\u00c9crit par":"MC","Dur\u00e9e de lecture estim\u00e9e":"1 minute"},"schema":{"@context":"https:\/\/schema.org","@graph":[{"@type":"NewsArticle","@id":"https:\/\/www.webdo.tn\/fr\/actualite\/national\/grand-tunis-greve-des-taxis-le-19-mai\/221808\/#article","isPartOf":{"@id":"https:\/\/www.webdo.tn\/fr\/actualite\/national\/grand-tunis-greve-des-taxis-le-19-mai\/221808\/"},"author":{"name":"MC","@id":"https:\/\/www.webdo.tn\/fr\/#\/schema\/person\/2c4929cbf5a809e3bd38617c6ce150f6"},"headline":"Grand-Tunis : Gr\u00e8ve des taxis le 19 mai","datePublished":"2025-05-06T11:56:00+00:00","dateModified":"2025-05-21T08:53:08+00:00","mainEntityOfPage":{"@id":"https:\/\/www.webdo.tn\/fr\/actualite\/national\/grand-tunis-greve-des-taxis-le-19-mai\/221808\/"},"wordCount":140,"commentCount":0,"publisher":{"@id":"https:\/\/www.webdo.tn\/fr\/#organization"},"image":{"@id":"https:\/\/www.webdo.tn\/fr\/actualite\/national\/grand-tunis-greve-des-taxis-le-19-mai\/221808\/#primaryimage"},"thumbnailUrl":"https:\/\/www.webdo.tn\/fr\/wp-content\/uploads\/2025\/05\/124faa880e463defe5c08b874cd6658e-5.webp","keywords":["Gr\u00e8ve","Taxi","Tunis","Tunisie"],"articleSection":["National"],"inLanguage":"fr-FR"},{"@type":"WebPage","@id":"https:\/\/www.webdo.tn\/fr\/actualite\/national\/grand-tunis-greve-des-taxis-le-19-mai\/221808\/","url":"https:\/\/www.webdo.tn\/fr\/actualite\/national\/grand-tunis-greve-des-taxis-le-19-mai\/221808\/","name":"Grand-Tunis : Gr\u00e8ve des taxis le 19 mai","isPartOf":{"@id":"https:\/\/www.webdo.tn\/fr\/#website"},"primaryImageOfPage":{"@id":"https:\/\/www.webdo.tn\/fr\/actualite\/national\/grand-tunis-greve-des-taxis-le-19-mai\/221808\/#primaryimage"},"image":{"@id":"https:\/\/www.webdo.tn\/fr\/actualite\/national\/grand-tunis-greve-des-taxis-le-19-mai\/221808\/#primaryimage"},"thumbnailUrl":"https:\/\/www.webdo.tn\/fr\/wp-content\/uploads\/2025\/05\/124faa880e463defe5c08b874cd6658e-5.webp","datePublished":"2025-05-06T11:56:00+00:00","dateModified":"2025-05-21T08:53:08+00:00","description":"Une gr\u00e8ve g\u00e9n\u00e9rale des taxis est pr\u00e9vue le 19 mai 2025 dans le Grand Tunis pour r\u00e9clamer une hausse des tarifs et de meilleures conditions de travail, alerte le...","breadcrumb":{"@id":"https:\/\/www.webdo.tn\/fr\/actualite\/national\/grand-tunis-greve-des-taxis-le-19-mai\/221808\/#breadcrumb"},"inLanguage":"fr-FR","potentialAction":[{"@type":"ReadAction","target":["https:\/\/www.webdo.tn\/fr\/actualite\/national\/grand-tunis-greve-des-taxis-le-19-mai\/221808\/"]}]},{"@type":"ImageObject","inLanguage":"fr-FR","@id":"https:\/\/www.webdo.tn\/fr\/actualite\/national\/grand-tunis-greve-des-taxis-le-19-mai\/221808\/#primaryimage","url":"https:\/\/www.webdo.tn\/fr\/wp-content\/uploads\/2025\/05\/124faa880e463defe5c08b874cd6658e-5.webp","contentUrl":"https:\/\/www.webdo.tn\/fr\/wp-content\/uploads\/2025\/05\/124faa880e463defe5c08b874cd6658e-5.webp","width":750,"height":400},{"@type":"BreadcrumbList","@id":"https:\/\/www.webdo.tn\/fr\/actualite\/national\/grand-tunis-greve-des-taxis-le-19-mai\/221808\/#breadcrumb","itemListElement":[{"@type":"ListItem","position":1,"name":"Accueil","item":"https:\/\/www.webdo.tn\/fr\/"},{"@type":"ListItem","position":2,"name":"Grand-Tunis : Gr\u00e8ve des taxis le 19 mai"}]},{"@type":"WebSite","@id":"https:\/\/www.webdo.tn\/fr\/#website","url":"https:\/\/www.webdo.tn\/fr\/","name":"webdo","description":"Tunisie - News en Tunisie et \u00e0 l&#039;international sur Webdo.tn","publisher":{"@id":"https:\/\/www.webdo.tn\/fr\/#organization"},"potentialAction":[{"@type":"SearchAction","target":{"@type":"EntryPoint","urlTemplate":"https:\/\/www.webdo.tn\/fr\/?s={search_term_string}"},"query-input":{"@type":"PropertyValueSpecification","valueRequired":true,"valueName":"search_term_string"}}],"inLanguage":"fr-FR"},{"@type":"Organization","@id":"https:\/\/www.webdo.tn\/fr\/#organization","name":"Webdo","alternateName":"Webdo.tn","url":"https:\/\/www.webdo.tn\/fr\/","logo":{"@type":"ImageObject","inLanguage":"fr-FR","@id":"https:\/\/www.webdo.tn\/fr\/#\/schema\/logo\/image\/","url":"https:\/\/www.webdo.tn\/fr\/wp-content\/uploads\/2025\/06\/Webdo-Tunisie_168377.jpg","contentUrl":"https:\/\/www.webdo.tn\/fr\/wp-content\/uploads\/2025\/06\/Webdo-Tunisie_168377.jpg","width":301,"height":301,"caption":"Webdo"},"image":{"@id":"https:\/\/www.webdo.tn\/fr\/#\/schema\/logo\/image\/"},"sameAs":["https:\/\/www.facebook.com\/webdotn","https:\/\/x.com\/webdo_tn"],"description":"Webdo est un m\u00e9dia num\u00e9rique tunisien fond\u00e9 en 2010, sp\u00e9cialis\u00e9 dans l\u2019actualit\u00e9 nationale et internationale, l\u2019\u00e9conomie, la soci\u00e9t\u00e9 et les analyses politiques. Le site s\u2019adresse \u00e0 un large public francophone et couvre l\u2019information tunisienne en temps r\u00e9el.","email":"redac@webdo.tn","legalName":"YNJ SARL","foundingDate":"2010-09-06","numberOfEmployees":{"@type":"QuantitativeValue","minValue":"11","maxValue":"50"}},{"@type":"Person","@id":"https:\/\/www.webdo.tn\/fr\/#\/schema\/person\/2c4929cbf5a809e3bd38617c6ce150f6","name":"MC","image":{"@type":"ImageObject","inLanguage":"fr-FR","@id":"https:\/\/secure.gravatar.com\/avatar\/a545bbb6f84efdd5553dbbc2895e3ca8f1d12c5215e00a041c9670b54aa9b18a?s=96&d=mm&r=g","url":"https:\/\/secure.gravatar.com\/avatar\/a545bbb6f84efdd5553dbbc2895e3ca8f1d12c5215e00a041c9670b54aa9b18a?s=96&d=mm&r=g","contentUrl":"https:\/\/secure.gravatar.com\/avatar\/a545bbb6f84efdd5553dbbc2895e3ca8f1d12c5215e00a041c9670b54aa9b18a?s=96&d=mm&r=g","caption":"MC"},"url":"https:\/\/www.webdo.tn\/fr\/actualite\/author\/mc\/"}]}},"_links":{"self":[{"href":"https:\/\/www.webdo.tn\/fr\/wp-json\/wp\/v2\/posts\/221808","targetHints":{"allow":["GET"]}}],"collection":[{"href":"https:\/\/www.webdo.tn\/fr\/wp-json\/wp\/v2\/posts"}],"about":[{"href":"https:\/\/www.webdo.tn\/fr\/wp-json\/wp\/v2\/types\/post"}],"author":[{"embeddable":true,"href":"https:\/\/www.webdo.tn\/fr\/wp-json\/wp\/v2\/users\/3162"}],"replies":[{"embeddable":true,"href":"https:\/\/www.webdo.tn\/fr\/wp-json\/wp\/v2\/comments?post=221808"}],"version-history":[{"count":0,"href":"https:\/\/www.webdo.tn\/fr\/wp-json\/wp\/v2\/posts\/221808\/revisions"}],"wp:featuredmedia":[{"embeddable":true,"href":"https:\/\/www.webdo.tn\/fr\/wp-json\/wp\/v2\/media\/244137"}],"wp:attachment":[{"href":"https:\/\/www.webdo.tn\/fr\/wp-json\/wp\/v2\/media?parent=221808"}],"wp:term":[{"taxonomy":"category","embeddable":true,"href":"https:\/\/www.webdo.tn\/fr\/wp-json\/wp\/v2\/categories?post=221808"},{"taxonomy":"post_tag","embeddable":true,"href":"https:\/\/www.webdo.tn\/fr\/wp-json\/wp\/v2\/tags?post=221808"}],"curies":[{"name":"wp","href":"https:\/\/api.w.org\/{rel}","templated":true}]}}