{"id":221792,"date":"2025-05-05T21:52:00","date_gmt":"2025-05-05T21:52:00","guid":{"rendered":"https:\/\/www.webdo.tn\/fr\/blog\/2025\/05\/05\/tunisie-dates-limites-pour-les-principales-echeances-fiscales\/"},"modified":"2025-05-21T08:58:05","modified_gmt":"2025-05-21T08:58:05","slug":"tunisie-dates-limites-pour-les-principales-echeances-fiscales","status":"publish","type":"post","link":"https:\/\/www.webdo.tn\/fr\/actualite\/national\/tunisie-dates-limites-pour-les-principales-echeances-fiscales\/221792\/","title":{"rendered":"Tunisie : Les dates limites pour les principales \u00e9ch\u00e9ances fiscales"},"content":{"rendered":"<p>La direction g\u00e9n\u00e9rale des imp\u00f4ts, relevant du minist\u00e8re des Finances, a publi\u00e9 un communiqu\u00e9 fixant les principales \u00e9ch\u00e9ances fiscales du mois de mai 2025.<\/p>\n<p>\t\t\t\t\t\t\t\t\tPlusieurs dates butoirs concernent \u00e0 la fois les particuliers, les professionnels ainsi que les entreprises, selon leur r\u00e9gime fiscal et la nature de leur activit\u00e9.<\/p>\n<p>La premi\u00e8re date importante \u00e9tait celle du lundi 5 mai 2025, qui marquait la fin du d\u00e9lai de paiement de la taxe de circulation (vignette) pour les v\u00e9hicules destin\u00e9s \u00e0 la location ou acquis dans le cadre de contrats de leasing ou de location financi\u00e8re.<\/p>\n<p>Ensuite, la direction g\u00e9n\u00e9rale rappelle que les personnes physiques ont jusqu\u2019au 15 mai 2025 pour d\u00e9poser leur d\u00e9claration mensuelle.<\/p>\n<p>Les personnes morales adh\u00e9rentes au syst\u00e8me de t\u00e9l\u00e9-d\u00e9claration et de t\u00e9l\u00e9paiement disposent quant \u00e0 elles d\u2019un d\u00e9lai suppl\u00e9mentaire, avec une date limite fix\u00e9e au 20 mai 2025 pour la transmission de leur d\u00e9claration mensuelle.<\/p>\n<p>Par ailleurs, le 26 mai 2025 constitue l\u2019ultime \u00e9ch\u00e9ance pour le d\u00e9p\u00f4t de la d\u00e9claration annuelle de l\u2019imp\u00f4t sur le revenu, une obligation qui concerne les industriels, les prestataires de services, les professionnels exer\u00e7ant une activit\u00e9 non commerciale, ainsi que ceux relevant du r\u00e9gime forfaitaire.<\/p>\n<p>Enfin, la derni\u00e8re date mentionn\u00e9e dans le communiqu\u00e9 est celle du 28 mai 2025, qui concerne les personnes morales non inscrites au syst\u00e8me de t\u00e9l\u00e9-d\u00e9claration. Celles-ci doivent imp\u00e9rativement d\u00e9poser leur d\u00e9claration mensuelle avant cette \u00e9ch\u00e9ance.<\/p>\n","protected":false},"excerpt":{"rendered":"<p>Le minist\u00e8re des Finances tunisien pr\u00e9cise les d\u00e9lais fiscaux \u00e0 respecter selon le type de contribuables. D\u00e9couvrez les \u00e9ch\u00e9ances pour les d\u00e9clarations et r\u00e9gul&#8230;<\/p>\n","protected":false},"author":3166,"featured_media":244193,"comment_status":"open","ping_status":"open","sticky":false,"template":"","format":"standard","meta":{"footnotes":""},"categories":[44],"tags":[2722,2721,2608],"class_list":["post-221792","post","type-post","status-publish","format-standard","has-post-thumbnail","hentry","category-national","tag-impots","tag-ministere-des-finances","tag-tunisie"],"yoast_head":"<!-- This site is optimized with the Yoast SEO Premium plugin v27.5 (Yoast SEO v27.5) - https:\/\/yoast.com\/product\/yoast-seo-premium-wordpress\/ -->\n<title>Tunisie : Les dates limites pour les principales \u00e9ch\u00e9ances fiscales<\/title>\n<meta name=\"description\" content=\"Le minist\u00e8re des Finances tunisien pr\u00e9cise les d\u00e9lais fiscaux \u00e0 respecter selon le type de contribuables. D\u00e9couvrez les \u00e9ch\u00e9ances pour les d\u00e9clarations et r\u00e9gul...\" \/>\n<link rel=\"canonical\" href=\"https:\/\/www.webdo.tn\/fr\/actualite\/national\/tunisie-dates-limites-pour-les-principales-echeances-fiscales\/221792\/\" \/>\n<meta property=\"og:locale\" content=\"fr_FR\" \/>\n<meta property=\"og:type\" content=\"article\" \/>\n<meta property=\"og:title\" content=\"Tunisie : Les dates limites pour les principales \u00e9ch\u00e9ances fiscales\" \/>\n<meta property=\"og:description\" content=\"Le minist\u00e8re des Finances tunisien pr\u00e9cise les d\u00e9lais fiscaux \u00e0 respecter selon le type de contribuables. D\u00e9couvrez les \u00e9ch\u00e9ances pour les d\u00e9clarations et r\u00e9gul...\" \/>\n<meta property=\"og:url\" content=\"https:\/\/www.webdo.tn\/fr\/actualite\/national\/tunisie-dates-limites-pour-les-principales-echeances-fiscales\/221792\/\" \/>\n<meta property=\"og:site_name\" content=\"webdo\" \/>\n<meta property=\"article:publisher\" content=\"https:\/\/www.facebook.com\/webdotn\" \/>\n<meta property=\"article:published_time\" content=\"2025-05-05T21:52:00+00:00\" \/>\n<meta property=\"article:modified_time\" content=\"2025-05-21T08:58:05+00:00\" \/>\n<meta property=\"og:image\" content=\"https:\/\/www.webdo.tn\/fr\/wp-content\/uploads\/2025\/05\/ea127ca7d074d1c143386531e08e5e74-4.webp\" \/>\n\t<meta property=\"og:image:width\" content=\"750\" \/>\n\t<meta property=\"og:image:height\" content=\"400\" \/>\n\t<meta property=\"og:image:type\" content=\"image\/webp\" \/>\n<meta name=\"author\" content=\"AZ\" \/>\n<meta name=\"twitter:card\" content=\"summary_large_image\" \/>\n<meta name=\"twitter:creator\" content=\"@webdo_tn\" \/>\n<meta name=\"twitter:site\" content=\"@webdo_tn\" \/>\n<meta name=\"twitter:label1\" content=\"\u00c9crit par\" \/>\n\t<meta name=\"twitter:data1\" content=\"AZ\" \/>\n\t<meta name=\"twitter:label2\" content=\"Dur\u00e9e de lecture estim\u00e9e\" \/>\n\t<meta name=\"twitter:data2\" content=\"1 minute\" \/>\n<script type=\"application\/ld+json\" class=\"yoast-schema-graph\">{\"@context\":\"https:\\\/\\\/schema.org\",\"@graph\":[{\"@type\":\"NewsArticle\",\"@id\":\"https:\\\/\\\/www.webdo.tn\\\/fr\\\/actualite\\\/national\\\/tunisie-dates-limites-pour-les-principales-echeances-fiscales\\\/221792\\\/#article\",\"isPartOf\":{\"@id\":\"https:\\\/\\\/www.webdo.tn\\\/fr\\\/actualite\\\/national\\\/tunisie-dates-limites-pour-les-principales-echeances-fiscales\\\/221792\\\/\"},\"author\":{\"name\":\"AZ\",\"@id\":\"https:\\\/\\\/www.webdo.tn\\\/fr\\\/#\\\/schema\\\/person\\\/b8a41c04d93287d375510db360906b34\"},\"headline\":\"Tunisie : Les dates limites pour les principales \u00e9ch\u00e9ances fiscales\",\"datePublished\":\"2025-05-05T21:52:00+00:00\",\"dateModified\":\"2025-05-21T08:58:05+00:00\",\"mainEntityOfPage\":{\"@id\":\"https:\\\/\\\/www.webdo.tn\\\/fr\\\/actualite\\\/national\\\/tunisie-dates-limites-pour-les-principales-echeances-fiscales\\\/221792\\\/\"},\"wordCount\":270,\"commentCount\":0,\"publisher\":{\"@id\":\"https:\\\/\\\/www.webdo.tn\\\/fr\\\/#organization\"},\"image\":{\"@id\":\"https:\\\/\\\/www.webdo.tn\\\/fr\\\/actualite\\\/national\\\/tunisie-dates-limites-pour-les-principales-echeances-fiscales\\\/221792\\\/#primaryimage\"},\"thumbnailUrl\":\"https:\\\/\\\/www.webdo.tn\\\/fr\\\/wp-content\\\/uploads\\\/2025\\\/05\\\/ea127ca7d074d1c143386531e08e5e74-4.webp\",\"keywords\":[\"imp\u00f4ts\",\"minist\u00e8re des finances\",\"Tunisie\"],\"articleSection\":[\"National\"],\"inLanguage\":\"fr-FR\"},{\"@type\":\"WebPage\",\"@id\":\"https:\\\/\\\/www.webdo.tn\\\/fr\\\/actualite\\\/national\\\/tunisie-dates-limites-pour-les-principales-echeances-fiscales\\\/221792\\\/\",\"url\":\"https:\\\/\\\/www.webdo.tn\\\/fr\\\/actualite\\\/national\\\/tunisie-dates-limites-pour-les-principales-echeances-fiscales\\\/221792\\\/\",\"name\":\"Tunisie : Les dates limites pour les principales \u00e9ch\u00e9ances fiscales\",\"isPartOf\":{\"@id\":\"https:\\\/\\\/www.webdo.tn\\\/fr\\\/#website\"},\"primaryImageOfPage\":{\"@id\":\"https:\\\/\\\/www.webdo.tn\\\/fr\\\/actualite\\\/national\\\/tunisie-dates-limites-pour-les-principales-echeances-fiscales\\\/221792\\\/#primaryimage\"},\"image\":{\"@id\":\"https:\\\/\\\/www.webdo.tn\\\/fr\\\/actualite\\\/national\\\/tunisie-dates-limites-pour-les-principales-echeances-fiscales\\\/221792\\\/#primaryimage\"},\"thumbnailUrl\":\"https:\\\/\\\/www.webdo.tn\\\/fr\\\/wp-content\\\/uploads\\\/2025\\\/05\\\/ea127ca7d074d1c143386531e08e5e74-4.webp\",\"datePublished\":\"2025-05-05T21:52:00+00:00\",\"dateModified\":\"2025-05-21T08:58:05+00:00\",\"description\":\"Le minist\u00e8re des Finances tunisien pr\u00e9cise les d\u00e9lais fiscaux \u00e0 respecter selon le type de contribuables. D\u00e9couvrez les \u00e9ch\u00e9ances pour les d\u00e9clarations et r\u00e9gul...\",\"breadcrumb\":{\"@id\":\"https:\\\/\\\/www.webdo.tn\\\/fr\\\/actualite\\\/national\\\/tunisie-dates-limites-pour-les-principales-echeances-fiscales\\\/221792\\\/#breadcrumb\"},\"inLanguage\":\"fr-FR\",\"potentialAction\":[{\"@type\":\"ReadAction\",\"target\":[\"https:\\\/\\\/www.webdo.tn\\\/fr\\\/actualite\\\/national\\\/tunisie-dates-limites-pour-les-principales-echeances-fiscales\\\/221792\\\/\"]}]},{\"@type\":\"ImageObject\",\"inLanguage\":\"fr-FR\",\"@id\":\"https:\\\/\\\/www.webdo.tn\\\/fr\\\/actualite\\\/national\\\/tunisie-dates-limites-pour-les-principales-echeances-fiscales\\\/221792\\\/#primaryimage\",\"url\":\"https:\\\/\\\/www.webdo.tn\\\/fr\\\/wp-content\\\/uploads\\\/2025\\\/05\\\/ea127ca7d074d1c143386531e08e5e74-4.webp\",\"contentUrl\":\"https:\\\/\\\/www.webdo.tn\\\/fr\\\/wp-content\\\/uploads\\\/2025\\\/05\\\/ea127ca7d074d1c143386531e08e5e74-4.webp\",\"width\":750,\"height\":400},{\"@type\":\"BreadcrumbList\",\"@id\":\"https:\\\/\\\/www.webdo.tn\\\/fr\\\/actualite\\\/national\\\/tunisie-dates-limites-pour-les-principales-echeances-fiscales\\\/221792\\\/#breadcrumb\",\"itemListElement\":[{\"@type\":\"ListItem\",\"position\":1,\"name\":\"Accueil\",\"item\":\"https:\\\/\\\/www.webdo.tn\\\/fr\\\/\"},{\"@type\":\"ListItem\",\"position\":2,\"name\":\"Tunisie : Les dates limites pour les principales \u00e9ch\u00e9ances fiscales\"}]},{\"@type\":\"WebSite\",\"@id\":\"https:\\\/\\\/www.webdo.tn\\\/fr\\\/#website\",\"url\":\"https:\\\/\\\/www.webdo.tn\\\/fr\\\/\",\"name\":\"webdo\",\"description\":\"Tunisie - News en Tunisie et \u00e0 l&#039;international sur Webdo.tn\",\"publisher\":{\"@id\":\"https:\\\/\\\/www.webdo.tn\\\/fr\\\/#organization\"},\"potentialAction\":[{\"@type\":\"SearchAction\",\"target\":{\"@type\":\"EntryPoint\",\"urlTemplate\":\"https:\\\/\\\/www.webdo.tn\\\/fr\\\/?s={search_term_string}\"},\"query-input\":{\"@type\":\"PropertyValueSpecification\",\"valueRequired\":true,\"valueName\":\"search_term_string\"}}],\"inLanguage\":\"fr-FR\"},{\"@type\":\"Organization\",\"@id\":\"https:\\\/\\\/www.webdo.tn\\\/fr\\\/#organization\",\"name\":\"Webdo\",\"alternateName\":\"Webdo.tn\",\"url\":\"https:\\\/\\\/www.webdo.tn\\\/fr\\\/\",\"logo\":{\"@type\":\"ImageObject\",\"inLanguage\":\"fr-FR\",\"@id\":\"https:\\\/\\\/www.webdo.tn\\\/fr\\\/#\\\/schema\\\/logo\\\/image\\\/\",\"url\":\"https:\\\/\\\/www.webdo.tn\\\/fr\\\/wp-content\\\/uploads\\\/2025\\\/06\\\/Webdo-Tunisie_168377.jpg\",\"contentUrl\":\"https:\\\/\\\/www.webdo.tn\\\/fr\\\/wp-content\\\/uploads\\\/2025\\\/06\\\/Webdo-Tunisie_168377.jpg\",\"width\":301,\"height\":301,\"caption\":\"Webdo\"},\"image\":{\"@id\":\"https:\\\/\\\/www.webdo.tn\\\/fr\\\/#\\\/schema\\\/logo\\\/image\\\/\"},\"sameAs\":[\"https:\\\/\\\/www.facebook.com\\\/webdotn\",\"https:\\\/\\\/x.com\\\/webdo_tn\"],\"description\":\"Webdo est un m\u00e9dia num\u00e9rique tunisien fond\u00e9 en 2010, sp\u00e9cialis\u00e9 dans l\u2019actualit\u00e9 nationale et internationale, l\u2019\u00e9conomie, la soci\u00e9t\u00e9 et les analyses politiques. Le site s\u2019adresse \u00e0 un large public francophone et couvre l\u2019information tunisienne en temps r\u00e9el.\",\"email\":\"redac@webdo.tn\",\"legalName\":\"YNJ SARL\",\"foundingDate\":\"2010-09-06\",\"numberOfEmployees\":{\"@type\":\"QuantitativeValue\",\"minValue\":\"11\",\"maxValue\":\"50\"}},{\"@type\":\"Person\",\"@id\":\"https:\\\/\\\/www.webdo.tn\\\/fr\\\/#\\\/schema\\\/person\\\/b8a41c04d93287d375510db360906b34\",\"name\":\"AZ\",\"image\":{\"@type\":\"ImageObject\",\"inLanguage\":\"fr-FR\",\"@id\":\"https:\\\/\\\/secure.gravatar.com\\\/avatar\\\/492b80bada79439de4201dce15cd41eece6c277cfdf1b53382073c79105c1f89?s=96&d=mm&r=g\",\"url\":\"https:\\\/\\\/secure.gravatar.com\\\/avatar\\\/492b80bada79439de4201dce15cd41eece6c277cfdf1b53382073c79105c1f89?s=96&d=mm&r=g\",\"contentUrl\":\"https:\\\/\\\/secure.gravatar.com\\\/avatar\\\/492b80bada79439de4201dce15cd41eece6c277cfdf1b53382073c79105c1f89?s=96&d=mm&r=g\",\"caption\":\"AZ\"},\"url\":\"https:\\\/\\\/www.webdo.tn\\\/fr\\\/actualite\\\/author\\\/az\\\/\"}]}<\/script>\n<!-- \/ Yoast SEO Premium plugin. -->","yoast_head_json":{"title":"Tunisie : Les dates limites pour les principales \u00e9ch\u00e9ances fiscales","description":"Le minist\u00e8re des Finances tunisien pr\u00e9cise les d\u00e9lais fiscaux \u00e0 respecter selon le type de contribuables. D\u00e9couvrez les \u00e9ch\u00e9ances pour les d\u00e9clarations et r\u00e9gul...","canonical":"https:\/\/www.webdo.tn\/fr\/actualite\/national\/tunisie-dates-limites-pour-les-principales-echeances-fiscales\/221792\/","og_locale":"fr_FR","og_type":"article","og_title":"Tunisie : Les dates limites pour les principales \u00e9ch\u00e9ances fiscales","og_description":"Le minist\u00e8re des Finances tunisien pr\u00e9cise les d\u00e9lais fiscaux \u00e0 respecter selon le type de contribuables. D\u00e9couvrez les \u00e9ch\u00e9ances pour les d\u00e9clarations et r\u00e9gul...","og_url":"https:\/\/www.webdo.tn\/fr\/actualite\/national\/tunisie-dates-limites-pour-les-principales-echeances-fiscales\/221792\/","og_site_name":"webdo","article_publisher":"https:\/\/www.facebook.com\/webdotn","article_published_time":"2025-05-05T21:52:00+00:00","article_modified_time":"2025-05-21T08:58:05+00:00","og_image":[{"width":750,"height":400,"url":"https:\/\/www.webdo.tn\/fr\/wp-content\/uploads\/2025\/05\/ea127ca7d074d1c143386531e08e5e74-4.webp","type":"image\/webp"}],"author":"AZ","twitter_card":"summary_large_image","twitter_creator":"@webdo_tn","twitter_site":"@webdo_tn","twitter_misc":{"\u00c9crit par":"AZ","Dur\u00e9e de lecture estim\u00e9e":"1 minute"},"schema":{"@context":"https:\/\/schema.org","@graph":[{"@type":"NewsArticle","@id":"https:\/\/www.webdo.tn\/fr\/actualite\/national\/tunisie-dates-limites-pour-les-principales-echeances-fiscales\/221792\/#article","isPartOf":{"@id":"https:\/\/www.webdo.tn\/fr\/actualite\/national\/tunisie-dates-limites-pour-les-principales-echeances-fiscales\/221792\/"},"author":{"name":"AZ","@id":"https:\/\/www.webdo.tn\/fr\/#\/schema\/person\/b8a41c04d93287d375510db360906b34"},"headline":"Tunisie : Les dates limites pour les principales \u00e9ch\u00e9ances fiscales","datePublished":"2025-05-05T21:52:00+00:00","dateModified":"2025-05-21T08:58:05+00:00","mainEntityOfPage":{"@id":"https:\/\/www.webdo.tn\/fr\/actualite\/national\/tunisie-dates-limites-pour-les-principales-echeances-fiscales\/221792\/"},"wordCount":270,"commentCount":0,"publisher":{"@id":"https:\/\/www.webdo.tn\/fr\/#organization"},"image":{"@id":"https:\/\/www.webdo.tn\/fr\/actualite\/national\/tunisie-dates-limites-pour-les-principales-echeances-fiscales\/221792\/#primaryimage"},"thumbnailUrl":"https:\/\/www.webdo.tn\/fr\/wp-content\/uploads\/2025\/05\/ea127ca7d074d1c143386531e08e5e74-4.webp","keywords":["imp\u00f4ts","minist\u00e8re des finances","Tunisie"],"articleSection":["National"],"inLanguage":"fr-FR"},{"@type":"WebPage","@id":"https:\/\/www.webdo.tn\/fr\/actualite\/national\/tunisie-dates-limites-pour-les-principales-echeances-fiscales\/221792\/","url":"https:\/\/www.webdo.tn\/fr\/actualite\/national\/tunisie-dates-limites-pour-les-principales-echeances-fiscales\/221792\/","name":"Tunisie : Les dates limites pour les principales \u00e9ch\u00e9ances fiscales","isPartOf":{"@id":"https:\/\/www.webdo.tn\/fr\/#website"},"primaryImageOfPage":{"@id":"https:\/\/www.webdo.tn\/fr\/actualite\/national\/tunisie-dates-limites-pour-les-principales-echeances-fiscales\/221792\/#primaryimage"},"image":{"@id":"https:\/\/www.webdo.tn\/fr\/actualite\/national\/tunisie-dates-limites-pour-les-principales-echeances-fiscales\/221792\/#primaryimage"},"thumbnailUrl":"https:\/\/www.webdo.tn\/fr\/wp-content\/uploads\/2025\/05\/ea127ca7d074d1c143386531e08e5e74-4.webp","datePublished":"2025-05-05T21:52:00+00:00","dateModified":"2025-05-21T08:58:05+00:00","description":"Le minist\u00e8re des Finances tunisien pr\u00e9cise les d\u00e9lais fiscaux \u00e0 respecter selon le type de contribuables. D\u00e9couvrez les \u00e9ch\u00e9ances pour les d\u00e9clarations et r\u00e9gul...","breadcrumb":{"@id":"https:\/\/www.webdo.tn\/fr\/actualite\/national\/tunisie-dates-limites-pour-les-principales-echeances-fiscales\/221792\/#breadcrumb"},"inLanguage":"fr-FR","potentialAction":[{"@type":"ReadAction","target":["https:\/\/www.webdo.tn\/fr\/actualite\/national\/tunisie-dates-limites-pour-les-principales-echeances-fiscales\/221792\/"]}]},{"@type":"ImageObject","inLanguage":"fr-FR","@id":"https:\/\/www.webdo.tn\/fr\/actualite\/national\/tunisie-dates-limites-pour-les-principales-echeances-fiscales\/221792\/#primaryimage","url":"https:\/\/www.webdo.tn\/fr\/wp-content\/uploads\/2025\/05\/ea127ca7d074d1c143386531e08e5e74-4.webp","contentUrl":"https:\/\/www.webdo.tn\/fr\/wp-content\/uploads\/2025\/05\/ea127ca7d074d1c143386531e08e5e74-4.webp","width":750,"height":400},{"@type":"BreadcrumbList","@id":"https:\/\/www.webdo.tn\/fr\/actualite\/national\/tunisie-dates-limites-pour-les-principales-echeances-fiscales\/221792\/#breadcrumb","itemListElement":[{"@type":"ListItem","position":1,"name":"Accueil","item":"https:\/\/www.webdo.tn\/fr\/"},{"@type":"ListItem","position":2,"name":"Tunisie : Les dates limites pour les principales \u00e9ch\u00e9ances fiscales"}]},{"@type":"WebSite","@id":"https:\/\/www.webdo.tn\/fr\/#website","url":"https:\/\/www.webdo.tn\/fr\/","name":"webdo","description":"Tunisie - News en Tunisie et \u00e0 l&#039;international sur Webdo.tn","publisher":{"@id":"https:\/\/www.webdo.tn\/fr\/#organization"},"potentialAction":[{"@type":"SearchAction","target":{"@type":"EntryPoint","urlTemplate":"https:\/\/www.webdo.tn\/fr\/?s={search_term_string}"},"query-input":{"@type":"PropertyValueSpecification","valueRequired":true,"valueName":"search_term_string"}}],"inLanguage":"fr-FR"},{"@type":"Organization","@id":"https:\/\/www.webdo.tn\/fr\/#organization","name":"Webdo","alternateName":"Webdo.tn","url":"https:\/\/www.webdo.tn\/fr\/","logo":{"@type":"ImageObject","inLanguage":"fr-FR","@id":"https:\/\/www.webdo.tn\/fr\/#\/schema\/logo\/image\/","url":"https:\/\/www.webdo.tn\/fr\/wp-content\/uploads\/2025\/06\/Webdo-Tunisie_168377.jpg","contentUrl":"https:\/\/www.webdo.tn\/fr\/wp-content\/uploads\/2025\/06\/Webdo-Tunisie_168377.jpg","width":301,"height":301,"caption":"Webdo"},"image":{"@id":"https:\/\/www.webdo.tn\/fr\/#\/schema\/logo\/image\/"},"sameAs":["https:\/\/www.facebook.com\/webdotn","https:\/\/x.com\/webdo_tn"],"description":"Webdo est un m\u00e9dia num\u00e9rique tunisien fond\u00e9 en 2010, sp\u00e9cialis\u00e9 dans l\u2019actualit\u00e9 nationale et internationale, l\u2019\u00e9conomie, la soci\u00e9t\u00e9 et les analyses politiques. Le site s\u2019adresse \u00e0 un large public francophone et couvre l\u2019information tunisienne en temps r\u00e9el.","email":"redac@webdo.tn","legalName":"YNJ SARL","foundingDate":"2010-09-06","numberOfEmployees":{"@type":"QuantitativeValue","minValue":"11","maxValue":"50"}},{"@type":"Person","@id":"https:\/\/www.webdo.tn\/fr\/#\/schema\/person\/b8a41c04d93287d375510db360906b34","name":"AZ","image":{"@type":"ImageObject","inLanguage":"fr-FR","@id":"https:\/\/secure.gravatar.com\/avatar\/492b80bada79439de4201dce15cd41eece6c277cfdf1b53382073c79105c1f89?s=96&d=mm&r=g","url":"https:\/\/secure.gravatar.com\/avatar\/492b80bada79439de4201dce15cd41eece6c277cfdf1b53382073c79105c1f89?s=96&d=mm&r=g","contentUrl":"https:\/\/secure.gravatar.com\/avatar\/492b80bada79439de4201dce15cd41eece6c277cfdf1b53382073c79105c1f89?s=96&d=mm&r=g","caption":"AZ"},"url":"https:\/\/www.webdo.tn\/fr\/actualite\/author\/az\/"}]}},"_links":{"self":[{"href":"https:\/\/www.webdo.tn\/fr\/wp-json\/wp\/v2\/posts\/221792","targetHints":{"allow":["GET"]}}],"collection":[{"href":"https:\/\/www.webdo.tn\/fr\/wp-json\/wp\/v2\/posts"}],"about":[{"href":"https:\/\/www.webdo.tn\/fr\/wp-json\/wp\/v2\/types\/post"}],"author":[{"embeddable":true,"href":"https:\/\/www.webdo.tn\/fr\/wp-json\/wp\/v2\/users\/3166"}],"replies":[{"embeddable":true,"href":"https:\/\/www.webdo.tn\/fr\/wp-json\/wp\/v2\/comments?post=221792"}],"version-history":[{"count":0,"href":"https:\/\/www.webdo.tn\/fr\/wp-json\/wp\/v2\/posts\/221792\/revisions"}],"wp:featuredmedia":[{"embeddable":true,"href":"https:\/\/www.webdo.tn\/fr\/wp-json\/wp\/v2\/media\/244193"}],"wp:attachment":[{"href":"https:\/\/www.webdo.tn\/fr\/wp-json\/wp\/v2\/media?parent=221792"}],"wp:term":[{"taxonomy":"category","embeddable":true,"href":"https:\/\/www.webdo.tn\/fr\/wp-json\/wp\/v2\/categories?post=221792"},{"taxonomy":"post_tag","embeddable":true,"href":"https:\/\/www.webdo.tn\/fr\/wp-json\/wp\/v2\/tags?post=221792"}],"curies":[{"name":"wp","href":"https:\/\/api.w.org\/{rel}","templated":true}]}}