{"id":221770,"date":"2025-05-05T09:14:00","date_gmt":"2025-05-05T09:14:00","guid":{"rendered":"https:\/\/www.webdo.tn\/fr\/blog\/2025\/05\/05\/classement-wta-ons-jabeur-recule-au-36e-rang\/"},"modified":"2025-05-21T08:53:10","modified_gmt":"2025-05-21T08:53:10","slug":"classement-wta-ons-jabeur-recule-au-36e-rang","status":"publish","type":"post","link":"https:\/\/www.webdo.tn\/fr\/actualite\/sport\/classement-wta-ons-jabeur-recule-au-36e-rang\/221770\/","title":{"rendered":"Classement WTA : Ons Jabeur recule au 36e rang"},"content":{"rendered":"<p>La semaine commence difficilement pour Ons Jabeur. La joueuse tunisienne, anciennement 28e mondiale, a d\u00e9gringol\u00e9 \u00e0 la 36e place du classement WTA publi\u00e9 ce lundi 5 mai 2026. Avec un total de 1458 points, elle perd huit places en raison de son \u00e9limination pr\u00e9matur\u00e9e au tournoi de Madrid.<\/p>\n<p>\t\t\t\t\t\t\t\t\tJabeur a \u00e9t\u00e9 stopp\u00e9e d\u00e8s le deuxi\u00e8me tour par la Japonaise Moyuka Uchijima, qui a ensuite cr\u00e9\u00e9 la surprise en atteignant les quarts de finale. Cette performance a permis \u00e0 Uchijima de grimper de 9 places pour se hisser au 47e rang mondial.<\/p>\n<p>En haut du classement, peu de changements : Aryna Sabalenka conserve la premi\u00e8re place, suivie d\u2019Iga \u015awi\u0105tek. L\u2019Am\u00e9ricaine Coco Gauff poursuit sa progression en s\u2019emparant de la troisi\u00e8me position, tandis que sa compatriote Jessica Pegula recule au quatri\u00e8me rang.<\/p>\n<p>Pour Ons Jabeur, ce recul souligne un passage \u00e0 vide qu\u2019elle devra rapidement surmonter si elle esp\u00e8re retrouver le top 20 dans les prochains mois.<\/p>\n","protected":false},"excerpt":{"rendered":"<p>Ons Jabeur chute \u00e0 la 36e place du classement WTA apr\u00e8s une \u00e9limination au tournoi de Madrid. Une p\u00e9riode difficile pour la star tunisienne du tennis.<\/p>\n","protected":false},"author":3162,"featured_media":244147,"comment_status":"open","ping_status":"open","sticky":false,"template":"","format":"standard","meta":{"footnotes":""},"categories":[2593],"tags":[2663,2604,2605],"class_list":["post-221770","post","type-post","status-publish","format-standard","has-post-thumbnail","hentry","category-sport","tag-classement-wta","tag-ons-jabeur","tag-tennis"],"yoast_head":"<!-- This site is optimized with the Yoast SEO Premium plugin v27.4 (Yoast SEO v27.5) - https:\/\/yoast.com\/product\/yoast-seo-premium-wordpress\/ -->\n<title>Classement WTA : Ons Jabeur recule au 36e rang<\/title>\n<meta name=\"description\" content=\"Ons Jabeur chute \u00e0 la 36e place du classement WTA apr\u00e8s une \u00e9limination au tournoi de Madrid. Une p\u00e9riode difficile pour la star tunisienne du tennis.\" \/>\n<link rel=\"canonical\" href=\"https:\/\/www.webdo.tn\/fr\/actualite\/sport\/classement-wta-ons-jabeur-recule-au-36e-rang\/221770\/\" \/>\n<meta property=\"og:locale\" content=\"fr_FR\" \/>\n<meta property=\"og:type\" content=\"article\" \/>\n<meta property=\"og:title\" content=\"Classement WTA : Ons Jabeur recule au 36e rang\" \/>\n<meta property=\"og:description\" content=\"Ons Jabeur chute \u00e0 la 36e place du classement WTA apr\u00e8s une \u00e9limination au tournoi de Madrid. Une p\u00e9riode difficile pour la star tunisienne du tennis.\" \/>\n<meta property=\"og:url\" content=\"https:\/\/www.webdo.tn\/fr\/actualite\/sport\/classement-wta-ons-jabeur-recule-au-36e-rang\/221770\/\" \/>\n<meta property=\"og:site_name\" content=\"webdo\" \/>\n<meta property=\"article:publisher\" content=\"https:\/\/www.facebook.com\/webdotn\" \/>\n<meta property=\"article:published_time\" content=\"2025-05-05T09:14:00+00:00\" \/>\n<meta property=\"article:modified_time\" content=\"2025-05-21T08:53:10+00:00\" \/>\n<meta property=\"og:image\" content=\"https:\/\/www.webdo.tn\/fr\/wp-content\/uploads\/2025\/05\/9236508977ede44228b866e7a0a7c6f1-5.webp\" \/>\n\t<meta property=\"og:image:width\" content=\"750\" \/>\n\t<meta property=\"og:image:height\" content=\"400\" \/>\n\t<meta property=\"og:image:type\" content=\"image\/webp\" \/>\n<meta name=\"author\" content=\"MC\" \/>\n<meta name=\"twitter:card\" content=\"summary_large_image\" \/>\n<meta name=\"twitter:creator\" content=\"@webdo_tn\" \/>\n<meta name=\"twitter:site\" content=\"@webdo_tn\" \/>\n<meta name=\"twitter:label1\" content=\"\u00c9crit par\" \/>\n\t<meta name=\"twitter:data1\" content=\"MC\" \/>\n\t<meta name=\"twitter:label2\" content=\"Dur\u00e9e de lecture estim\u00e9e\" \/>\n\t<meta name=\"twitter:data2\" content=\"1 minute\" \/>\n<script type=\"application\/ld+json\" class=\"yoast-schema-graph\">{\"@context\":\"https:\\\/\\\/schema.org\",\"@graph\":[{\"@type\":\"NewsArticle\",\"@id\":\"https:\\\/\\\/www.webdo.tn\\\/fr\\\/actualite\\\/sport\\\/classement-wta-ons-jabeur-recule-au-36e-rang\\\/221770\\\/#article\",\"isPartOf\":{\"@id\":\"https:\\\/\\\/www.webdo.tn\\\/fr\\\/actualite\\\/sport\\\/classement-wta-ons-jabeur-recule-au-36e-rang\\\/221770\\\/\"},\"author\":{\"name\":\"MC\",\"@id\":\"https:\\\/\\\/www.webdo.tn\\\/fr\\\/#\\\/schema\\\/person\\\/2c4929cbf5a809e3bd38617c6ce150f6\"},\"headline\":\"Classement WTA : Ons Jabeur recule au 36e rang\",\"datePublished\":\"2025-05-05T09:14:00+00:00\",\"dateModified\":\"2025-05-21T08:53:10+00:00\",\"mainEntityOfPage\":{\"@id\":\"https:\\\/\\\/www.webdo.tn\\\/fr\\\/actualite\\\/sport\\\/classement-wta-ons-jabeur-recule-au-36e-rang\\\/221770\\\/\"},\"wordCount\":170,\"commentCount\":0,\"publisher\":{\"@id\":\"https:\\\/\\\/www.webdo.tn\\\/fr\\\/#organization\"},\"image\":{\"@id\":\"https:\\\/\\\/www.webdo.tn\\\/fr\\\/actualite\\\/sport\\\/classement-wta-ons-jabeur-recule-au-36e-rang\\\/221770\\\/#primaryimage\"},\"thumbnailUrl\":\"https:\\\/\\\/www.webdo.tn\\\/fr\\\/wp-content\\\/uploads\\\/2025\\\/05\\\/9236508977ede44228b866e7a0a7c6f1-5.webp\",\"keywords\":[\"classement wta\",\"Ons Jabeur\",\"tennis\"],\"articleSection\":[\"Sport\"],\"inLanguage\":\"fr-FR\"},{\"@type\":\"WebPage\",\"@id\":\"https:\\\/\\\/www.webdo.tn\\\/fr\\\/actualite\\\/sport\\\/classement-wta-ons-jabeur-recule-au-36e-rang\\\/221770\\\/\",\"url\":\"https:\\\/\\\/www.webdo.tn\\\/fr\\\/actualite\\\/sport\\\/classement-wta-ons-jabeur-recule-au-36e-rang\\\/221770\\\/\",\"name\":\"Classement WTA : Ons Jabeur recule au 36e rang\",\"isPartOf\":{\"@id\":\"https:\\\/\\\/www.webdo.tn\\\/fr\\\/#website\"},\"primaryImageOfPage\":{\"@id\":\"https:\\\/\\\/www.webdo.tn\\\/fr\\\/actualite\\\/sport\\\/classement-wta-ons-jabeur-recule-au-36e-rang\\\/221770\\\/#primaryimage\"},\"image\":{\"@id\":\"https:\\\/\\\/www.webdo.tn\\\/fr\\\/actualite\\\/sport\\\/classement-wta-ons-jabeur-recule-au-36e-rang\\\/221770\\\/#primaryimage\"},\"thumbnailUrl\":\"https:\\\/\\\/www.webdo.tn\\\/fr\\\/wp-content\\\/uploads\\\/2025\\\/05\\\/9236508977ede44228b866e7a0a7c6f1-5.webp\",\"datePublished\":\"2025-05-05T09:14:00+00:00\",\"dateModified\":\"2025-05-21T08:53:10+00:00\",\"description\":\"Ons Jabeur chute \u00e0 la 36e place du classement WTA apr\u00e8s une \u00e9limination au tournoi de Madrid. Une p\u00e9riode difficile pour la star tunisienne du tennis.\",\"breadcrumb\":{\"@id\":\"https:\\\/\\\/www.webdo.tn\\\/fr\\\/actualite\\\/sport\\\/classement-wta-ons-jabeur-recule-au-36e-rang\\\/221770\\\/#breadcrumb\"},\"inLanguage\":\"fr-FR\",\"potentialAction\":[{\"@type\":\"ReadAction\",\"target\":[\"https:\\\/\\\/www.webdo.tn\\\/fr\\\/actualite\\\/sport\\\/classement-wta-ons-jabeur-recule-au-36e-rang\\\/221770\\\/\"]}]},{\"@type\":\"ImageObject\",\"inLanguage\":\"fr-FR\",\"@id\":\"https:\\\/\\\/www.webdo.tn\\\/fr\\\/actualite\\\/sport\\\/classement-wta-ons-jabeur-recule-au-36e-rang\\\/221770\\\/#primaryimage\",\"url\":\"https:\\\/\\\/www.webdo.tn\\\/fr\\\/wp-content\\\/uploads\\\/2025\\\/05\\\/9236508977ede44228b866e7a0a7c6f1-5.webp\",\"contentUrl\":\"https:\\\/\\\/www.webdo.tn\\\/fr\\\/wp-content\\\/uploads\\\/2025\\\/05\\\/9236508977ede44228b866e7a0a7c6f1-5.webp\",\"width\":750,\"height\":400},{\"@type\":\"BreadcrumbList\",\"@id\":\"https:\\\/\\\/www.webdo.tn\\\/fr\\\/actualite\\\/sport\\\/classement-wta-ons-jabeur-recule-au-36e-rang\\\/221770\\\/#breadcrumb\",\"itemListElement\":[{\"@type\":\"ListItem\",\"position\":1,\"name\":\"Accueil\",\"item\":\"https:\\\/\\\/www.webdo.tn\\\/fr\\\/\"},{\"@type\":\"ListItem\",\"position\":2,\"name\":\"Classement WTA : Ons Jabeur recule au 36e rang\"}]},{\"@type\":\"WebSite\",\"@id\":\"https:\\\/\\\/www.webdo.tn\\\/fr\\\/#website\",\"url\":\"https:\\\/\\\/www.webdo.tn\\\/fr\\\/\",\"name\":\"webdo\",\"description\":\"Tunisie - News en Tunisie et \u00e0 l&#039;international sur Webdo.tn\",\"publisher\":{\"@id\":\"https:\\\/\\\/www.webdo.tn\\\/fr\\\/#organization\"},\"potentialAction\":[{\"@type\":\"SearchAction\",\"target\":{\"@type\":\"EntryPoint\",\"urlTemplate\":\"https:\\\/\\\/www.webdo.tn\\\/fr\\\/?s={search_term_string}\"},\"query-input\":{\"@type\":\"PropertyValueSpecification\",\"valueRequired\":true,\"valueName\":\"search_term_string\"}}],\"inLanguage\":\"fr-FR\"},{\"@type\":\"Organization\",\"@id\":\"https:\\\/\\\/www.webdo.tn\\\/fr\\\/#organization\",\"name\":\"Webdo\",\"alternateName\":\"Webdo.tn\",\"url\":\"https:\\\/\\\/www.webdo.tn\\\/fr\\\/\",\"logo\":{\"@type\":\"ImageObject\",\"inLanguage\":\"fr-FR\",\"@id\":\"https:\\\/\\\/www.webdo.tn\\\/fr\\\/#\\\/schema\\\/logo\\\/image\\\/\",\"url\":\"https:\\\/\\\/www.webdo.tn\\\/fr\\\/wp-content\\\/uploads\\\/2025\\\/06\\\/Webdo-Tunisie_168377.jpg\",\"contentUrl\":\"https:\\\/\\\/www.webdo.tn\\\/fr\\\/wp-content\\\/uploads\\\/2025\\\/06\\\/Webdo-Tunisie_168377.jpg\",\"width\":301,\"height\":301,\"caption\":\"Webdo\"},\"image\":{\"@id\":\"https:\\\/\\\/www.webdo.tn\\\/fr\\\/#\\\/schema\\\/logo\\\/image\\\/\"},\"sameAs\":[\"https:\\\/\\\/www.facebook.com\\\/webdotn\",\"https:\\\/\\\/x.com\\\/webdo_tn\"],\"description\":\"Webdo est un m\u00e9dia num\u00e9rique tunisien fond\u00e9 en 2010, sp\u00e9cialis\u00e9 dans l\u2019actualit\u00e9 nationale et internationale, l\u2019\u00e9conomie, la soci\u00e9t\u00e9 et les analyses politiques. Le site s\u2019adresse \u00e0 un large public francophone et couvre l\u2019information tunisienne en temps r\u00e9el.\",\"email\":\"redac@webdo.tn\",\"legalName\":\"YNJ SARL\",\"foundingDate\":\"2010-09-06\",\"numberOfEmployees\":{\"@type\":\"QuantitativeValue\",\"minValue\":\"11\",\"maxValue\":\"50\"}},{\"@type\":\"Person\",\"@id\":\"https:\\\/\\\/www.webdo.tn\\\/fr\\\/#\\\/schema\\\/person\\\/2c4929cbf5a809e3bd38617c6ce150f6\",\"name\":\"MC\",\"image\":{\"@type\":\"ImageObject\",\"inLanguage\":\"fr-FR\",\"@id\":\"https:\\\/\\\/secure.gravatar.com\\\/avatar\\\/a545bbb6f84efdd5553dbbc2895e3ca8f1d12c5215e00a041c9670b54aa9b18a?s=96&d=mm&r=g\",\"url\":\"https:\\\/\\\/secure.gravatar.com\\\/avatar\\\/a545bbb6f84efdd5553dbbc2895e3ca8f1d12c5215e00a041c9670b54aa9b18a?s=96&d=mm&r=g\",\"contentUrl\":\"https:\\\/\\\/secure.gravatar.com\\\/avatar\\\/a545bbb6f84efdd5553dbbc2895e3ca8f1d12c5215e00a041c9670b54aa9b18a?s=96&d=mm&r=g\",\"caption\":\"MC\"},\"url\":\"https:\\\/\\\/www.webdo.tn\\\/fr\\\/actualite\\\/author\\\/mc\\\/\"}]}<\/script>\n<!-- \/ Yoast SEO Premium plugin. -->","yoast_head_json":{"title":"Classement WTA : Ons Jabeur recule au 36e rang","description":"Ons Jabeur chute \u00e0 la 36e place du classement WTA apr\u00e8s une \u00e9limination au tournoi de Madrid. Une p\u00e9riode difficile pour la star tunisienne du tennis.","canonical":"https:\/\/www.webdo.tn\/fr\/actualite\/sport\/classement-wta-ons-jabeur-recule-au-36e-rang\/221770\/","og_locale":"fr_FR","og_type":"article","og_title":"Classement WTA : Ons Jabeur recule au 36e rang","og_description":"Ons Jabeur chute \u00e0 la 36e place du classement WTA apr\u00e8s une \u00e9limination au tournoi de Madrid. Une p\u00e9riode difficile pour la star tunisienne du tennis.","og_url":"https:\/\/www.webdo.tn\/fr\/actualite\/sport\/classement-wta-ons-jabeur-recule-au-36e-rang\/221770\/","og_site_name":"webdo","article_publisher":"https:\/\/www.facebook.com\/webdotn","article_published_time":"2025-05-05T09:14:00+00:00","article_modified_time":"2025-05-21T08:53:10+00:00","og_image":[{"width":750,"height":400,"url":"https:\/\/www.webdo.tn\/fr\/wp-content\/uploads\/2025\/05\/9236508977ede44228b866e7a0a7c6f1-5.webp","type":"image\/webp"}],"author":"MC","twitter_card":"summary_large_image","twitter_creator":"@webdo_tn","twitter_site":"@webdo_tn","twitter_misc":{"\u00c9crit par":"MC","Dur\u00e9e de lecture estim\u00e9e":"1 minute"},"schema":{"@context":"https:\/\/schema.org","@graph":[{"@type":"NewsArticle","@id":"https:\/\/www.webdo.tn\/fr\/actualite\/sport\/classement-wta-ons-jabeur-recule-au-36e-rang\/221770\/#article","isPartOf":{"@id":"https:\/\/www.webdo.tn\/fr\/actualite\/sport\/classement-wta-ons-jabeur-recule-au-36e-rang\/221770\/"},"author":{"name":"MC","@id":"https:\/\/www.webdo.tn\/fr\/#\/schema\/person\/2c4929cbf5a809e3bd38617c6ce150f6"},"headline":"Classement WTA : Ons Jabeur recule au 36e rang","datePublished":"2025-05-05T09:14:00+00:00","dateModified":"2025-05-21T08:53:10+00:00","mainEntityOfPage":{"@id":"https:\/\/www.webdo.tn\/fr\/actualite\/sport\/classement-wta-ons-jabeur-recule-au-36e-rang\/221770\/"},"wordCount":170,"commentCount":0,"publisher":{"@id":"https:\/\/www.webdo.tn\/fr\/#organization"},"image":{"@id":"https:\/\/www.webdo.tn\/fr\/actualite\/sport\/classement-wta-ons-jabeur-recule-au-36e-rang\/221770\/#primaryimage"},"thumbnailUrl":"https:\/\/www.webdo.tn\/fr\/wp-content\/uploads\/2025\/05\/9236508977ede44228b866e7a0a7c6f1-5.webp","keywords":["classement wta","Ons Jabeur","tennis"],"articleSection":["Sport"],"inLanguage":"fr-FR"},{"@type":"WebPage","@id":"https:\/\/www.webdo.tn\/fr\/actualite\/sport\/classement-wta-ons-jabeur-recule-au-36e-rang\/221770\/","url":"https:\/\/www.webdo.tn\/fr\/actualite\/sport\/classement-wta-ons-jabeur-recule-au-36e-rang\/221770\/","name":"Classement WTA : Ons Jabeur recule au 36e rang","isPartOf":{"@id":"https:\/\/www.webdo.tn\/fr\/#website"},"primaryImageOfPage":{"@id":"https:\/\/www.webdo.tn\/fr\/actualite\/sport\/classement-wta-ons-jabeur-recule-au-36e-rang\/221770\/#primaryimage"},"image":{"@id":"https:\/\/www.webdo.tn\/fr\/actualite\/sport\/classement-wta-ons-jabeur-recule-au-36e-rang\/221770\/#primaryimage"},"thumbnailUrl":"https:\/\/www.webdo.tn\/fr\/wp-content\/uploads\/2025\/05\/9236508977ede44228b866e7a0a7c6f1-5.webp","datePublished":"2025-05-05T09:14:00+00:00","dateModified":"2025-05-21T08:53:10+00:00","description":"Ons Jabeur chute \u00e0 la 36e place du classement WTA apr\u00e8s une \u00e9limination au tournoi de Madrid. Une p\u00e9riode difficile pour la star tunisienne du tennis.","breadcrumb":{"@id":"https:\/\/www.webdo.tn\/fr\/actualite\/sport\/classement-wta-ons-jabeur-recule-au-36e-rang\/221770\/#breadcrumb"},"inLanguage":"fr-FR","potentialAction":[{"@type":"ReadAction","target":["https:\/\/www.webdo.tn\/fr\/actualite\/sport\/classement-wta-ons-jabeur-recule-au-36e-rang\/221770\/"]}]},{"@type":"ImageObject","inLanguage":"fr-FR","@id":"https:\/\/www.webdo.tn\/fr\/actualite\/sport\/classement-wta-ons-jabeur-recule-au-36e-rang\/221770\/#primaryimage","url":"https:\/\/www.webdo.tn\/fr\/wp-content\/uploads\/2025\/05\/9236508977ede44228b866e7a0a7c6f1-5.webp","contentUrl":"https:\/\/www.webdo.tn\/fr\/wp-content\/uploads\/2025\/05\/9236508977ede44228b866e7a0a7c6f1-5.webp","width":750,"height":400},{"@type":"BreadcrumbList","@id":"https:\/\/www.webdo.tn\/fr\/actualite\/sport\/classement-wta-ons-jabeur-recule-au-36e-rang\/221770\/#breadcrumb","itemListElement":[{"@type":"ListItem","position":1,"name":"Accueil","item":"https:\/\/www.webdo.tn\/fr\/"},{"@type":"ListItem","position":2,"name":"Classement WTA : Ons Jabeur recule au 36e rang"}]},{"@type":"WebSite","@id":"https:\/\/www.webdo.tn\/fr\/#website","url":"https:\/\/www.webdo.tn\/fr\/","name":"webdo","description":"Tunisie - News en Tunisie et \u00e0 l&#039;international sur Webdo.tn","publisher":{"@id":"https:\/\/www.webdo.tn\/fr\/#organization"},"potentialAction":[{"@type":"SearchAction","target":{"@type":"EntryPoint","urlTemplate":"https:\/\/www.webdo.tn\/fr\/?s={search_term_string}"},"query-input":{"@type":"PropertyValueSpecification","valueRequired":true,"valueName":"search_term_string"}}],"inLanguage":"fr-FR"},{"@type":"Organization","@id":"https:\/\/www.webdo.tn\/fr\/#organization","name":"Webdo","alternateName":"Webdo.tn","url":"https:\/\/www.webdo.tn\/fr\/","logo":{"@type":"ImageObject","inLanguage":"fr-FR","@id":"https:\/\/www.webdo.tn\/fr\/#\/schema\/logo\/image\/","url":"https:\/\/www.webdo.tn\/fr\/wp-content\/uploads\/2025\/06\/Webdo-Tunisie_168377.jpg","contentUrl":"https:\/\/www.webdo.tn\/fr\/wp-content\/uploads\/2025\/06\/Webdo-Tunisie_168377.jpg","width":301,"height":301,"caption":"Webdo"},"image":{"@id":"https:\/\/www.webdo.tn\/fr\/#\/schema\/logo\/image\/"},"sameAs":["https:\/\/www.facebook.com\/webdotn","https:\/\/x.com\/webdo_tn"],"description":"Webdo est un m\u00e9dia num\u00e9rique tunisien fond\u00e9 en 2010, sp\u00e9cialis\u00e9 dans l\u2019actualit\u00e9 nationale et internationale, l\u2019\u00e9conomie, la soci\u00e9t\u00e9 et les analyses politiques. Le site s\u2019adresse \u00e0 un large public francophone et couvre l\u2019information tunisienne en temps r\u00e9el.","email":"redac@webdo.tn","legalName":"YNJ SARL","foundingDate":"2010-09-06","numberOfEmployees":{"@type":"QuantitativeValue","minValue":"11","maxValue":"50"}},{"@type":"Person","@id":"https:\/\/www.webdo.tn\/fr\/#\/schema\/person\/2c4929cbf5a809e3bd38617c6ce150f6","name":"MC","image":{"@type":"ImageObject","inLanguage":"fr-FR","@id":"https:\/\/secure.gravatar.com\/avatar\/a545bbb6f84efdd5553dbbc2895e3ca8f1d12c5215e00a041c9670b54aa9b18a?s=96&d=mm&r=g","url":"https:\/\/secure.gravatar.com\/avatar\/a545bbb6f84efdd5553dbbc2895e3ca8f1d12c5215e00a041c9670b54aa9b18a?s=96&d=mm&r=g","contentUrl":"https:\/\/secure.gravatar.com\/avatar\/a545bbb6f84efdd5553dbbc2895e3ca8f1d12c5215e00a041c9670b54aa9b18a?s=96&d=mm&r=g","caption":"MC"},"url":"https:\/\/www.webdo.tn\/fr\/actualite\/author\/mc\/"}]}},"_links":{"self":[{"href":"https:\/\/www.webdo.tn\/fr\/wp-json\/wp\/v2\/posts\/221770","targetHints":{"allow":["GET"]}}],"collection":[{"href":"https:\/\/www.webdo.tn\/fr\/wp-json\/wp\/v2\/posts"}],"about":[{"href":"https:\/\/www.webdo.tn\/fr\/wp-json\/wp\/v2\/types\/post"}],"author":[{"embeddable":true,"href":"https:\/\/www.webdo.tn\/fr\/wp-json\/wp\/v2\/users\/3162"}],"replies":[{"embeddable":true,"href":"https:\/\/www.webdo.tn\/fr\/wp-json\/wp\/v2\/comments?post=221770"}],"version-history":[{"count":0,"href":"https:\/\/www.webdo.tn\/fr\/wp-json\/wp\/v2\/posts\/221770\/revisions"}],"wp:featuredmedia":[{"embeddable":true,"href":"https:\/\/www.webdo.tn\/fr\/wp-json\/wp\/v2\/media\/244147"}],"wp:attachment":[{"href":"https:\/\/www.webdo.tn\/fr\/wp-json\/wp\/v2\/media?parent=221770"}],"wp:term":[{"taxonomy":"category","embeddable":true,"href":"https:\/\/www.webdo.tn\/fr\/wp-json\/wp\/v2\/categories?post=221770"},{"taxonomy":"post_tag","embeddable":true,"href":"https:\/\/www.webdo.tn\/fr\/wp-json\/wp\/v2\/tags?post=221770"}],"curies":[{"name":"wp","href":"https:\/\/api.w.org\/{rel}","templated":true}]}}