{"id":221755,"date":"2025-05-04T11:13:00","date_gmt":"2025-05-04T11:13:00","guid":{"rendered":"https:\/\/www.webdo.tn\/fr\/blog\/2025\/05\/04\/tunisie-coupures-d-electricite-programmees-dimanche-a-mahdia-monastir-et-kasserine\/"},"modified":"2025-05-20T21:40:03","modified_gmt":"2025-05-20T21:40:03","slug":"tunisie-coupures-d-electricite-programmees-dimanche-a-mahdia-monastir-et-kasserine","status":"publish","type":"post","link":"https:\/\/www.webdo.tn\/fr\/actualite\/regions\/tunisie-coupures-d-electricite-programmees-dimanche-a-mahdia-monastir-et-kasserine\/221755\/","title":{"rendered":"Tunisie : Coupures d\u2019\u00e9lectricit\u00e9 programm\u00e9es dimanche \u00e0 Mahdia, Monastir et Kasserine"},"content":{"rendered":"<p>La Soci\u00e9t\u00e9 tunisienne de l\u2019\u00e9lectricit\u00e9 et du gaz (STEG) a annonc\u00e9 une interruption de l\u2019alimentation \u00e9lectrique pr\u00e9vue ce dimanche 4 mai dans plusieurs r\u00e9gions des gouvernorats de Mahdia, Monastir et Kasserine, en raison de travaux de maintenance.<\/p>\n<p>A Mahdia, la coupure interviendra de 8h00 \u00e0 14h00 et concernera les avenues Tahar Sfar, Bourguiba et 2 Mars, l\u2019immeuble Chebbi ainsi que les quartiers environnants, la rue B\u00e9chir Sfar, l\u2019immeuble Masri, l\u2019immeuble Corniche, la rue \u00ab\u00a0Enayrat\u00a0\u00bb et les alentours.<\/p>\n<p>\u00c0 Monastir, l\u2019interruption du service aura lieu de 8h00 \u00e0 13h00, touchant les r\u00e9sidences Palm Links et Venezia.<\/p>\n<p>Dans la d\u00e9l\u00e9gation de Thala, au gouvernorat de Kasserine, la coupure est annonc\u00e9e de 8h00 \u00e0 16h00 et concernera les localit\u00e9s de Sidi Shil, Chaker, Ouled Abbas, Ain Jedida, Ain Hdia, Ain El Hmedna, Amroun, ainsi que le site de la Sonede.<\/p>\n<p>La STEG pr\u00e9cise que le r\u00e9tablissement du courant se fera progressivement, sans pr\u00e9avis, au fur et \u00e0 mesure de l&rsquo;avancement des travaux.<\/p>\n","protected":false},"excerpt":{"rendered":"<p>La STEG annonce des coupures de courant pr\u00e9vues ce dimanche dans plusieurs zones de Mahdia, Monastir et Thala (Kasserine), en raison de travaux de maintenance&#8230;.<\/p>\n","protected":false},"author":3162,"featured_media":244213,"comment_status":"open","ping_status":"open","sticky":false,"template":"","format":"standard","meta":{"footnotes":""},"categories":[2595],"tags":[2743,2742,2608],"class_list":["post-221755","post","type-post","status-publish","format-standard","has-post-thumbnail","hentry","category-regions","tag-coupure-delectricite","tag-steg","tag-tunisie"],"yoast_head":"<!-- This site is optimized with the Yoast SEO Premium plugin v27.5 (Yoast SEO v27.5) - https:\/\/yoast.com\/product\/yoast-seo-premium-wordpress\/ -->\n<title>Tunisie : Coupures d\u2019\u00e9lectricit\u00e9 programm\u00e9es dimanche \u00e0 Mahdia, Monastir et Kasserine<\/title>\n<meta name=\"description\" content=\"La STEG annonce des coupures de courant pr\u00e9vues ce dimanche dans plusieurs zones de Mahdia, Monastir et Thala (Kasserine), en raison de travaux de maintenance....\" \/>\n<link rel=\"canonical\" href=\"https:\/\/www.webdo.tn\/fr\/actualite\/regions\/tunisie-coupures-d-electricite-programmees-dimanche-a-mahdia-monastir-et-kasserine\/221755\/\" \/>\n<meta property=\"og:locale\" content=\"fr_FR\" \/>\n<meta property=\"og:type\" content=\"article\" \/>\n<meta property=\"og:title\" content=\"Tunisie : Coupures d\u2019\u00e9lectricit\u00e9 programm\u00e9es dimanche \u00e0 Mahdia, Monastir et Kasserine\" \/>\n<meta property=\"og:description\" content=\"La STEG annonce des coupures de courant pr\u00e9vues ce dimanche dans plusieurs zones de Mahdia, Monastir et Thala (Kasserine), en raison de travaux de maintenance....\" \/>\n<meta property=\"og:url\" content=\"https:\/\/www.webdo.tn\/fr\/actualite\/regions\/tunisie-coupures-d-electricite-programmees-dimanche-a-mahdia-monastir-et-kasserine\/221755\/\" \/>\n<meta property=\"og:site_name\" content=\"webdo\" \/>\n<meta property=\"article:publisher\" content=\"https:\/\/www.facebook.com\/webdotn\" \/>\n<meta property=\"article:published_time\" content=\"2025-05-04T11:13:00+00:00\" \/>\n<meta property=\"article:modified_time\" content=\"2025-05-20T21:40:03+00:00\" \/>\n<meta property=\"og:image\" content=\"https:\/\/www.webdo.tn\/fr\/wp-content\/uploads\/2025\/05\/5ad665f6e87e1bff22f34c2f4b86f591-4.webp\" \/>\n\t<meta property=\"og:image:width\" content=\"750\" \/>\n\t<meta property=\"og:image:height\" content=\"400\" \/>\n\t<meta property=\"og:image:type\" content=\"image\/webp\" \/>\n<meta name=\"author\" content=\"MC\" \/>\n<meta name=\"twitter:card\" content=\"summary_large_image\" \/>\n<meta name=\"twitter:creator\" content=\"@webdo_tn\" \/>\n<meta name=\"twitter:site\" content=\"@webdo_tn\" \/>\n<meta name=\"twitter:label1\" content=\"\u00c9crit par\" \/>\n\t<meta name=\"twitter:data1\" content=\"MC\" \/>\n\t<meta name=\"twitter:label2\" content=\"Dur\u00e9e de lecture estim\u00e9e\" \/>\n\t<meta name=\"twitter:data2\" content=\"1 minute\" \/>\n<script type=\"application\/ld+json\" class=\"yoast-schema-graph\">{\"@context\":\"https:\\\/\\\/schema.org\",\"@graph\":[{\"@type\":\"NewsArticle\",\"@id\":\"https:\\\/\\\/www.webdo.tn\\\/fr\\\/actualite\\\/regions\\\/tunisie-coupures-d-electricite-programmees-dimanche-a-mahdia-monastir-et-kasserine\\\/221755\\\/#article\",\"isPartOf\":{\"@id\":\"https:\\\/\\\/www.webdo.tn\\\/fr\\\/actualite\\\/regions\\\/tunisie-coupures-d-electricite-programmees-dimanche-a-mahdia-monastir-et-kasserine\\\/221755\\\/\"},\"author\":{\"name\":\"MC\",\"@id\":\"https:\\\/\\\/www.webdo.tn\\\/fr\\\/#\\\/schema\\\/person\\\/2c4929cbf5a809e3bd38617c6ce150f6\"},\"headline\":\"Tunisie : Coupures d\u2019\u00e9lectricit\u00e9 programm\u00e9es dimanche \u00e0 Mahdia, Monastir et Kasserine\",\"datePublished\":\"2025-05-04T11:13:00+00:00\",\"dateModified\":\"2025-05-20T21:40:03+00:00\",\"mainEntityOfPage\":{\"@id\":\"https:\\\/\\\/www.webdo.tn\\\/fr\\\/actualite\\\/regions\\\/tunisie-coupures-d-electricite-programmees-dimanche-a-mahdia-monastir-et-kasserine\\\/221755\\\/\"},\"wordCount\":182,\"commentCount\":0,\"publisher\":{\"@id\":\"https:\\\/\\\/www.webdo.tn\\\/fr\\\/#organization\"},\"image\":{\"@id\":\"https:\\\/\\\/www.webdo.tn\\\/fr\\\/actualite\\\/regions\\\/tunisie-coupures-d-electricite-programmees-dimanche-a-mahdia-monastir-et-kasserine\\\/221755\\\/#primaryimage\"},\"thumbnailUrl\":\"https:\\\/\\\/www.webdo.tn\\\/fr\\\/wp-content\\\/uploads\\\/2025\\\/05\\\/5ad665f6e87e1bff22f34c2f4b86f591-4.webp\",\"keywords\":[\"coupure d'\u00e9lectricit\u00e9\",\"steg\",\"Tunisie\"],\"articleSection\":[\"regions\"],\"inLanguage\":\"fr-FR\"},{\"@type\":\"WebPage\",\"@id\":\"https:\\\/\\\/www.webdo.tn\\\/fr\\\/actualite\\\/regions\\\/tunisie-coupures-d-electricite-programmees-dimanche-a-mahdia-monastir-et-kasserine\\\/221755\\\/\",\"url\":\"https:\\\/\\\/www.webdo.tn\\\/fr\\\/actualite\\\/regions\\\/tunisie-coupures-d-electricite-programmees-dimanche-a-mahdia-monastir-et-kasserine\\\/221755\\\/\",\"name\":\"Tunisie : Coupures d\u2019\u00e9lectricit\u00e9 programm\u00e9es dimanche \u00e0 Mahdia, Monastir et Kasserine\",\"isPartOf\":{\"@id\":\"https:\\\/\\\/www.webdo.tn\\\/fr\\\/#website\"},\"primaryImageOfPage\":{\"@id\":\"https:\\\/\\\/www.webdo.tn\\\/fr\\\/actualite\\\/regions\\\/tunisie-coupures-d-electricite-programmees-dimanche-a-mahdia-monastir-et-kasserine\\\/221755\\\/#primaryimage\"},\"image\":{\"@id\":\"https:\\\/\\\/www.webdo.tn\\\/fr\\\/actualite\\\/regions\\\/tunisie-coupures-d-electricite-programmees-dimanche-a-mahdia-monastir-et-kasserine\\\/221755\\\/#primaryimage\"},\"thumbnailUrl\":\"https:\\\/\\\/www.webdo.tn\\\/fr\\\/wp-content\\\/uploads\\\/2025\\\/05\\\/5ad665f6e87e1bff22f34c2f4b86f591-4.webp\",\"datePublished\":\"2025-05-04T11:13:00+00:00\",\"dateModified\":\"2025-05-20T21:40:03+00:00\",\"description\":\"La STEG annonce des coupures de courant pr\u00e9vues ce dimanche dans plusieurs zones de Mahdia, Monastir et Thala (Kasserine), en raison de travaux de maintenance....\",\"breadcrumb\":{\"@id\":\"https:\\\/\\\/www.webdo.tn\\\/fr\\\/actualite\\\/regions\\\/tunisie-coupures-d-electricite-programmees-dimanche-a-mahdia-monastir-et-kasserine\\\/221755\\\/#breadcrumb\"},\"inLanguage\":\"fr-FR\",\"potentialAction\":[{\"@type\":\"ReadAction\",\"target\":[\"https:\\\/\\\/www.webdo.tn\\\/fr\\\/actualite\\\/regions\\\/tunisie-coupures-d-electricite-programmees-dimanche-a-mahdia-monastir-et-kasserine\\\/221755\\\/\"]}]},{\"@type\":\"ImageObject\",\"inLanguage\":\"fr-FR\",\"@id\":\"https:\\\/\\\/www.webdo.tn\\\/fr\\\/actualite\\\/regions\\\/tunisie-coupures-d-electricite-programmees-dimanche-a-mahdia-monastir-et-kasserine\\\/221755\\\/#primaryimage\",\"url\":\"https:\\\/\\\/www.webdo.tn\\\/fr\\\/wp-content\\\/uploads\\\/2025\\\/05\\\/5ad665f6e87e1bff22f34c2f4b86f591-4.webp\",\"contentUrl\":\"https:\\\/\\\/www.webdo.tn\\\/fr\\\/wp-content\\\/uploads\\\/2025\\\/05\\\/5ad665f6e87e1bff22f34c2f4b86f591-4.webp\",\"width\":750,\"height\":400},{\"@type\":\"BreadcrumbList\",\"@id\":\"https:\\\/\\\/www.webdo.tn\\\/fr\\\/actualite\\\/regions\\\/tunisie-coupures-d-electricite-programmees-dimanche-a-mahdia-monastir-et-kasserine\\\/221755\\\/#breadcrumb\",\"itemListElement\":[{\"@type\":\"ListItem\",\"position\":1,\"name\":\"Accueil\",\"item\":\"https:\\\/\\\/www.webdo.tn\\\/fr\\\/\"},{\"@type\":\"ListItem\",\"position\":2,\"name\":\"Tunisie : Coupures d\u2019\u00e9lectricit\u00e9 programm\u00e9es dimanche \u00e0 Mahdia, Monastir et Kasserine\"}]},{\"@type\":\"WebSite\",\"@id\":\"https:\\\/\\\/www.webdo.tn\\\/fr\\\/#website\",\"url\":\"https:\\\/\\\/www.webdo.tn\\\/fr\\\/\",\"name\":\"webdo\",\"description\":\"Tunisie - News en Tunisie et \u00e0 l&#039;international sur Webdo.tn\",\"publisher\":{\"@id\":\"https:\\\/\\\/www.webdo.tn\\\/fr\\\/#organization\"},\"potentialAction\":[{\"@type\":\"SearchAction\",\"target\":{\"@type\":\"EntryPoint\",\"urlTemplate\":\"https:\\\/\\\/www.webdo.tn\\\/fr\\\/?s={search_term_string}\"},\"query-input\":{\"@type\":\"PropertyValueSpecification\",\"valueRequired\":true,\"valueName\":\"search_term_string\"}}],\"inLanguage\":\"fr-FR\"},{\"@type\":\"Organization\",\"@id\":\"https:\\\/\\\/www.webdo.tn\\\/fr\\\/#organization\",\"name\":\"Webdo\",\"alternateName\":\"Webdo.tn\",\"url\":\"https:\\\/\\\/www.webdo.tn\\\/fr\\\/\",\"logo\":{\"@type\":\"ImageObject\",\"inLanguage\":\"fr-FR\",\"@id\":\"https:\\\/\\\/www.webdo.tn\\\/fr\\\/#\\\/schema\\\/logo\\\/image\\\/\",\"url\":\"https:\\\/\\\/www.webdo.tn\\\/fr\\\/wp-content\\\/uploads\\\/2025\\\/06\\\/Webdo-Tunisie_168377.jpg\",\"contentUrl\":\"https:\\\/\\\/www.webdo.tn\\\/fr\\\/wp-content\\\/uploads\\\/2025\\\/06\\\/Webdo-Tunisie_168377.jpg\",\"width\":301,\"height\":301,\"caption\":\"Webdo\"},\"image\":{\"@id\":\"https:\\\/\\\/www.webdo.tn\\\/fr\\\/#\\\/schema\\\/logo\\\/image\\\/\"},\"sameAs\":[\"https:\\\/\\\/www.facebook.com\\\/webdotn\",\"https:\\\/\\\/x.com\\\/webdo_tn\"],\"description\":\"Webdo est un m\u00e9dia num\u00e9rique tunisien fond\u00e9 en 2010, sp\u00e9cialis\u00e9 dans l\u2019actualit\u00e9 nationale et internationale, l\u2019\u00e9conomie, la soci\u00e9t\u00e9 et les analyses politiques. Le site s\u2019adresse \u00e0 un large public francophone et couvre l\u2019information tunisienne en temps r\u00e9el.\",\"email\":\"redac@webdo.tn\",\"legalName\":\"YNJ SARL\",\"foundingDate\":\"2010-09-06\",\"numberOfEmployees\":{\"@type\":\"QuantitativeValue\",\"minValue\":\"11\",\"maxValue\":\"50\"}},{\"@type\":\"Person\",\"@id\":\"https:\\\/\\\/www.webdo.tn\\\/fr\\\/#\\\/schema\\\/person\\\/2c4929cbf5a809e3bd38617c6ce150f6\",\"name\":\"MC\",\"image\":{\"@type\":\"ImageObject\",\"inLanguage\":\"fr-FR\",\"@id\":\"https:\\\/\\\/secure.gravatar.com\\\/avatar\\\/a545bbb6f84efdd5553dbbc2895e3ca8f1d12c5215e00a041c9670b54aa9b18a?s=96&d=mm&r=g\",\"url\":\"https:\\\/\\\/secure.gravatar.com\\\/avatar\\\/a545bbb6f84efdd5553dbbc2895e3ca8f1d12c5215e00a041c9670b54aa9b18a?s=96&d=mm&r=g\",\"contentUrl\":\"https:\\\/\\\/secure.gravatar.com\\\/avatar\\\/a545bbb6f84efdd5553dbbc2895e3ca8f1d12c5215e00a041c9670b54aa9b18a?s=96&d=mm&r=g\",\"caption\":\"MC\"},\"url\":\"https:\\\/\\\/www.webdo.tn\\\/fr\\\/actualite\\\/author\\\/mc\\\/\"}]}<\/script>\n<!-- \/ Yoast SEO Premium plugin. -->","yoast_head_json":{"title":"Tunisie : Coupures d\u2019\u00e9lectricit\u00e9 programm\u00e9es dimanche \u00e0 Mahdia, Monastir et Kasserine","description":"La STEG annonce des coupures de courant pr\u00e9vues ce dimanche dans plusieurs zones de Mahdia, Monastir et Thala (Kasserine), en raison de travaux de maintenance....","canonical":"https:\/\/www.webdo.tn\/fr\/actualite\/regions\/tunisie-coupures-d-electricite-programmees-dimanche-a-mahdia-monastir-et-kasserine\/221755\/","og_locale":"fr_FR","og_type":"article","og_title":"Tunisie : Coupures d\u2019\u00e9lectricit\u00e9 programm\u00e9es dimanche \u00e0 Mahdia, Monastir et Kasserine","og_description":"La STEG annonce des coupures de courant pr\u00e9vues ce dimanche dans plusieurs zones de Mahdia, Monastir et Thala (Kasserine), en raison de travaux de maintenance....","og_url":"https:\/\/www.webdo.tn\/fr\/actualite\/regions\/tunisie-coupures-d-electricite-programmees-dimanche-a-mahdia-monastir-et-kasserine\/221755\/","og_site_name":"webdo","article_publisher":"https:\/\/www.facebook.com\/webdotn","article_published_time":"2025-05-04T11:13:00+00:00","article_modified_time":"2025-05-20T21:40:03+00:00","og_image":[{"width":750,"height":400,"url":"https:\/\/www.webdo.tn\/fr\/wp-content\/uploads\/2025\/05\/5ad665f6e87e1bff22f34c2f4b86f591-4.webp","type":"image\/webp"}],"author":"MC","twitter_card":"summary_large_image","twitter_creator":"@webdo_tn","twitter_site":"@webdo_tn","twitter_misc":{"\u00c9crit par":"MC","Dur\u00e9e de lecture estim\u00e9e":"1 minute"},"schema":{"@context":"https:\/\/schema.org","@graph":[{"@type":"NewsArticle","@id":"https:\/\/www.webdo.tn\/fr\/actualite\/regions\/tunisie-coupures-d-electricite-programmees-dimanche-a-mahdia-monastir-et-kasserine\/221755\/#article","isPartOf":{"@id":"https:\/\/www.webdo.tn\/fr\/actualite\/regions\/tunisie-coupures-d-electricite-programmees-dimanche-a-mahdia-monastir-et-kasserine\/221755\/"},"author":{"name":"MC","@id":"https:\/\/www.webdo.tn\/fr\/#\/schema\/person\/2c4929cbf5a809e3bd38617c6ce150f6"},"headline":"Tunisie : Coupures d\u2019\u00e9lectricit\u00e9 programm\u00e9es dimanche \u00e0 Mahdia, Monastir et Kasserine","datePublished":"2025-05-04T11:13:00+00:00","dateModified":"2025-05-20T21:40:03+00:00","mainEntityOfPage":{"@id":"https:\/\/www.webdo.tn\/fr\/actualite\/regions\/tunisie-coupures-d-electricite-programmees-dimanche-a-mahdia-monastir-et-kasserine\/221755\/"},"wordCount":182,"commentCount":0,"publisher":{"@id":"https:\/\/www.webdo.tn\/fr\/#organization"},"image":{"@id":"https:\/\/www.webdo.tn\/fr\/actualite\/regions\/tunisie-coupures-d-electricite-programmees-dimanche-a-mahdia-monastir-et-kasserine\/221755\/#primaryimage"},"thumbnailUrl":"https:\/\/www.webdo.tn\/fr\/wp-content\/uploads\/2025\/05\/5ad665f6e87e1bff22f34c2f4b86f591-4.webp","keywords":["coupure d'\u00e9lectricit\u00e9","steg","Tunisie"],"articleSection":["regions"],"inLanguage":"fr-FR"},{"@type":"WebPage","@id":"https:\/\/www.webdo.tn\/fr\/actualite\/regions\/tunisie-coupures-d-electricite-programmees-dimanche-a-mahdia-monastir-et-kasserine\/221755\/","url":"https:\/\/www.webdo.tn\/fr\/actualite\/regions\/tunisie-coupures-d-electricite-programmees-dimanche-a-mahdia-monastir-et-kasserine\/221755\/","name":"Tunisie : Coupures d\u2019\u00e9lectricit\u00e9 programm\u00e9es dimanche \u00e0 Mahdia, Monastir et Kasserine","isPartOf":{"@id":"https:\/\/www.webdo.tn\/fr\/#website"},"primaryImageOfPage":{"@id":"https:\/\/www.webdo.tn\/fr\/actualite\/regions\/tunisie-coupures-d-electricite-programmees-dimanche-a-mahdia-monastir-et-kasserine\/221755\/#primaryimage"},"image":{"@id":"https:\/\/www.webdo.tn\/fr\/actualite\/regions\/tunisie-coupures-d-electricite-programmees-dimanche-a-mahdia-monastir-et-kasserine\/221755\/#primaryimage"},"thumbnailUrl":"https:\/\/www.webdo.tn\/fr\/wp-content\/uploads\/2025\/05\/5ad665f6e87e1bff22f34c2f4b86f591-4.webp","datePublished":"2025-05-04T11:13:00+00:00","dateModified":"2025-05-20T21:40:03+00:00","description":"La STEG annonce des coupures de courant pr\u00e9vues ce dimanche dans plusieurs zones de Mahdia, Monastir et Thala (Kasserine), en raison de travaux de maintenance....","breadcrumb":{"@id":"https:\/\/www.webdo.tn\/fr\/actualite\/regions\/tunisie-coupures-d-electricite-programmees-dimanche-a-mahdia-monastir-et-kasserine\/221755\/#breadcrumb"},"inLanguage":"fr-FR","potentialAction":[{"@type":"ReadAction","target":["https:\/\/www.webdo.tn\/fr\/actualite\/regions\/tunisie-coupures-d-electricite-programmees-dimanche-a-mahdia-monastir-et-kasserine\/221755\/"]}]},{"@type":"ImageObject","inLanguage":"fr-FR","@id":"https:\/\/www.webdo.tn\/fr\/actualite\/regions\/tunisie-coupures-d-electricite-programmees-dimanche-a-mahdia-monastir-et-kasserine\/221755\/#primaryimage","url":"https:\/\/www.webdo.tn\/fr\/wp-content\/uploads\/2025\/05\/5ad665f6e87e1bff22f34c2f4b86f591-4.webp","contentUrl":"https:\/\/www.webdo.tn\/fr\/wp-content\/uploads\/2025\/05\/5ad665f6e87e1bff22f34c2f4b86f591-4.webp","width":750,"height":400},{"@type":"BreadcrumbList","@id":"https:\/\/www.webdo.tn\/fr\/actualite\/regions\/tunisie-coupures-d-electricite-programmees-dimanche-a-mahdia-monastir-et-kasserine\/221755\/#breadcrumb","itemListElement":[{"@type":"ListItem","position":1,"name":"Accueil","item":"https:\/\/www.webdo.tn\/fr\/"},{"@type":"ListItem","position":2,"name":"Tunisie : Coupures d\u2019\u00e9lectricit\u00e9 programm\u00e9es dimanche \u00e0 Mahdia, Monastir et Kasserine"}]},{"@type":"WebSite","@id":"https:\/\/www.webdo.tn\/fr\/#website","url":"https:\/\/www.webdo.tn\/fr\/","name":"webdo","description":"Tunisie - News en Tunisie et \u00e0 l&#039;international sur Webdo.tn","publisher":{"@id":"https:\/\/www.webdo.tn\/fr\/#organization"},"potentialAction":[{"@type":"SearchAction","target":{"@type":"EntryPoint","urlTemplate":"https:\/\/www.webdo.tn\/fr\/?s={search_term_string}"},"query-input":{"@type":"PropertyValueSpecification","valueRequired":true,"valueName":"search_term_string"}}],"inLanguage":"fr-FR"},{"@type":"Organization","@id":"https:\/\/www.webdo.tn\/fr\/#organization","name":"Webdo","alternateName":"Webdo.tn","url":"https:\/\/www.webdo.tn\/fr\/","logo":{"@type":"ImageObject","inLanguage":"fr-FR","@id":"https:\/\/www.webdo.tn\/fr\/#\/schema\/logo\/image\/","url":"https:\/\/www.webdo.tn\/fr\/wp-content\/uploads\/2025\/06\/Webdo-Tunisie_168377.jpg","contentUrl":"https:\/\/www.webdo.tn\/fr\/wp-content\/uploads\/2025\/06\/Webdo-Tunisie_168377.jpg","width":301,"height":301,"caption":"Webdo"},"image":{"@id":"https:\/\/www.webdo.tn\/fr\/#\/schema\/logo\/image\/"},"sameAs":["https:\/\/www.facebook.com\/webdotn","https:\/\/x.com\/webdo_tn"],"description":"Webdo est un m\u00e9dia num\u00e9rique tunisien fond\u00e9 en 2010, sp\u00e9cialis\u00e9 dans l\u2019actualit\u00e9 nationale et internationale, l\u2019\u00e9conomie, la soci\u00e9t\u00e9 et les analyses politiques. Le site s\u2019adresse \u00e0 un large public francophone et couvre l\u2019information tunisienne en temps r\u00e9el.","email":"redac@webdo.tn","legalName":"YNJ SARL","foundingDate":"2010-09-06","numberOfEmployees":{"@type":"QuantitativeValue","minValue":"11","maxValue":"50"}},{"@type":"Person","@id":"https:\/\/www.webdo.tn\/fr\/#\/schema\/person\/2c4929cbf5a809e3bd38617c6ce150f6","name":"MC","image":{"@type":"ImageObject","inLanguage":"fr-FR","@id":"https:\/\/secure.gravatar.com\/avatar\/a545bbb6f84efdd5553dbbc2895e3ca8f1d12c5215e00a041c9670b54aa9b18a?s=96&d=mm&r=g","url":"https:\/\/secure.gravatar.com\/avatar\/a545bbb6f84efdd5553dbbc2895e3ca8f1d12c5215e00a041c9670b54aa9b18a?s=96&d=mm&r=g","contentUrl":"https:\/\/secure.gravatar.com\/avatar\/a545bbb6f84efdd5553dbbc2895e3ca8f1d12c5215e00a041c9670b54aa9b18a?s=96&d=mm&r=g","caption":"MC"},"url":"https:\/\/www.webdo.tn\/fr\/actualite\/author\/mc\/"}]}},"_links":{"self":[{"href":"https:\/\/www.webdo.tn\/fr\/wp-json\/wp\/v2\/posts\/221755","targetHints":{"allow":["GET"]}}],"collection":[{"href":"https:\/\/www.webdo.tn\/fr\/wp-json\/wp\/v2\/posts"}],"about":[{"href":"https:\/\/www.webdo.tn\/fr\/wp-json\/wp\/v2\/types\/post"}],"author":[{"embeddable":true,"href":"https:\/\/www.webdo.tn\/fr\/wp-json\/wp\/v2\/users\/3162"}],"replies":[{"embeddable":true,"href":"https:\/\/www.webdo.tn\/fr\/wp-json\/wp\/v2\/comments?post=221755"}],"version-history":[{"count":0,"href":"https:\/\/www.webdo.tn\/fr\/wp-json\/wp\/v2\/posts\/221755\/revisions"}],"wp:featuredmedia":[{"embeddable":true,"href":"https:\/\/www.webdo.tn\/fr\/wp-json\/wp\/v2\/media\/244213"}],"wp:attachment":[{"href":"https:\/\/www.webdo.tn\/fr\/wp-json\/wp\/v2\/media?parent=221755"}],"wp:term":[{"taxonomy":"category","embeddable":true,"href":"https:\/\/www.webdo.tn\/fr\/wp-json\/wp\/v2\/categories?post=221755"},{"taxonomy":"post_tag","embeddable":true,"href":"https:\/\/www.webdo.tn\/fr\/wp-json\/wp\/v2\/tags?post=221755"}],"curies":[{"name":"wp","href":"https:\/\/api.w.org\/{rel}","templated":true}]}}