{"id":221753,"date":"2025-05-04T10:38:00","date_gmt":"2025-05-04T10:38:00","guid":{"rendered":"https:\/\/www.webdo.tn\/fr\/blog\/2025\/05\/04\/tunisie-jeunes-medecins-greve-nationale-et-boycott-des-stages-en-vue\/"},"modified":"2025-05-20T21:40:08","modified_gmt":"2025-05-20T21:40:08","slug":"tunisie-jeunes-medecins-greve-nationale-et-boycott-des-stages-en-vue","status":"publish","type":"post","link":"https:\/\/www.webdo.tn\/fr\/actualite\/national\/tunisie-jeunes-medecins-greve-nationale-et-boycott-des-stages-en-vue\/221753\/","title":{"rendered":"Tunisie : Jeunes m\u00e9decins : gr\u00e8ve nationale et boycott des stages en vue"},"content":{"rendered":"<p>Face \u00e0 l\u2019enlisement des discussions avec le minist\u00e8re de la Sant\u00e9, les jeunes m\u00e9decins tunisiens passent \u00e0 la vitesse sup\u00e9rieure. Dans un communiqu\u00e9 publi\u00e9 samedi, l\u2019Organisation tunisienne des jeunes m\u00e9decins a fait savoir que ses membres s\u2019appr\u00eatent \u00e0 entamer une s\u00e9rie de mouvements de protestation, parmi lesquels figure une gr\u00e8ve nationale de cinq jours, dont la date sera fix\u00e9e ult\u00e9rieurement.<\/p>\n<p>\t\t\t\t\t\t\t\t\tEn parall\u00e8le, les jeunes praticiens ont d\u00e9cid\u00e9 de boycotter l\u2019affectation aux lieux de stage dans toutes les sp\u00e9cialit\u00e9s m\u00e9dicales, y compris la m\u00e9decine de famille, \u00e0 compter du 1er juillet 2025 \u00ab\u00a0au cas o\u00f9 le minist\u00e8re de la Sant\u00e9 n&rsquo;entame pas des n\u00e9gociations s\u00e9rieuses\u00a0\u00bb. Une d\u00e9cision lourde de cons\u00e9quences : les h\u00f4pitaux universitaires pourraient se retrouver sans m\u00e9decins r\u00e9sidents d\u00e8s cet \u00e9t\u00e9 si aucun dialogue constructif n\u2019est engag\u00e9 d\u2019ici l\u00e0.<\/p>\n<p>Ce durcissement intervient au lendemain d\u2019une marche nationale organis\u00e9e vendredi dans la capitale, \u00e0 laquelle ont pris part plusieurs dizaines de jeunes m\u00e9decins. Cette mobilisation s\u2019est tenue en \u00e9cho \u00e0 une gr\u00e8ve g\u00e9n\u00e9rale dans tous les services hospitaliers, coupl\u00e9e \u00e0 la suspension des activit\u00e9s acad\u00e9miques dans les facult\u00e9s de m\u00e9decine, \u00e0 l\u2019exception des urgences et des gardes.<\/p>\n<p>Les revendications des jeunes m\u00e9decins sont multiples, mais la r\u00e9vision de la prime de garde figure au c\u0153ur de leurs pr\u00e9occupations. Actuellement fix\u00e9e \u00e0 environ 3 dinars de l\u2019heure, cette r\u00e9mun\u00e9ration d\u00e9risoire ne serait m\u00eame pas vers\u00e9e dans pr\u00e8s de deux tiers des \u00e9tablissements hospitaliers, selon l\u2019organisation.<\/p>\n<p>Les jeunes m\u00e9decins r\u00e9clament \u00e9galement une refonte du syst\u00e8me d\u2019\u00e9valuation des stages, qu\u2019ils jugent opaque et fond\u00e9 sur des crit\u00e8res subjectifs li\u00e9s \u00e0 l\u2019avis des chefs de service. Ils appellent \u00e0 l\u2019instauration de r\u00e8gles claires et \u00e9quitables pour garantir la qualit\u00e9 de la formation.<\/p>\n<p>Enfin, le syndicat exhorte le minist\u00e8re \u00e0 revoir en profondeur le syst\u00e8me du service civil et \u00e0 am\u00e9liorer les conditions de travail dans les structures publiques, afin de limiter l\u2019h\u00e9morragie migratoire de jeunes m\u00e9decins vers l\u2019\u00e9tranger.<\/p>\n","protected":false},"excerpt":{"rendered":"<p>Face \u00e0 l\u2019absence de n\u00e9gociations avec le minist\u00e8re de la Sant\u00e9, les jeunes m\u00e9decins tunisiens annoncent une gr\u00e8ve nationale de 5 jours et le boycott des stages&#8230;<\/p>\n","protected":false},"author":3162,"featured_media":244233,"comment_status":"open","ping_status":"open","sticky":false,"template":"","format":"standard","meta":{"footnotes":""},"categories":[44],"tags":[2782,2783,2608],"class_list":["post-221753","post","type-post","status-publish","format-standard","has-post-thumbnail","hentry","category-national","tag-greve-generale","tag-jeunes-medecins","tag-tunisie"],"yoast_head":"<!-- This site is optimized with the Yoast SEO Premium plugin v27.4 (Yoast SEO v27.5) - https:\/\/yoast.com\/product\/yoast-seo-premium-wordpress\/ -->\n<title>Tunisie : Jeunes m\u00e9decins : gr\u00e8ve nationale et boycott des stages en vue<\/title>\n<meta name=\"description\" content=\"Face \u00e0 l\u2019absence de n\u00e9gociations avec le minist\u00e8re de la Sant\u00e9, les jeunes m\u00e9decins tunisiens annoncent une gr\u00e8ve nationale de 5 jours et le boycott des stages...\" \/>\n<link rel=\"canonical\" href=\"https:\/\/www.webdo.tn\/fr\/actualite\/national\/tunisie-jeunes-medecins-greve-nationale-et-boycott-des-stages-en-vue\/221753\/\" \/>\n<meta property=\"og:locale\" content=\"fr_FR\" \/>\n<meta property=\"og:type\" content=\"article\" \/>\n<meta property=\"og:title\" content=\"Tunisie : Jeunes m\u00e9decins : gr\u00e8ve nationale et boycott des stages en vue\" \/>\n<meta property=\"og:description\" content=\"Face \u00e0 l\u2019absence de n\u00e9gociations avec le minist\u00e8re de la Sant\u00e9, les jeunes m\u00e9decins tunisiens annoncent une gr\u00e8ve nationale de 5 jours et le boycott des stages...\" \/>\n<meta property=\"og:url\" content=\"https:\/\/www.webdo.tn\/fr\/actualite\/national\/tunisie-jeunes-medecins-greve-nationale-et-boycott-des-stages-en-vue\/221753\/\" \/>\n<meta property=\"og:site_name\" content=\"webdo\" \/>\n<meta property=\"article:publisher\" content=\"https:\/\/www.facebook.com\/webdotn\" \/>\n<meta property=\"article:published_time\" content=\"2025-05-04T10:38:00+00:00\" \/>\n<meta property=\"article:modified_time\" content=\"2025-05-20T21:40:08+00:00\" \/>\n<meta property=\"og:image\" content=\"https:\/\/www.webdo.tn\/fr\/wp-content\/uploads\/2025\/05\/479debaba150f544b95f1e1ebc86b25e-4.webp\" \/>\n\t<meta property=\"og:image:width\" content=\"750\" \/>\n\t<meta property=\"og:image:height\" content=\"400\" \/>\n\t<meta property=\"og:image:type\" content=\"image\/webp\" \/>\n<meta name=\"author\" content=\"MC\" \/>\n<meta name=\"twitter:card\" content=\"summary_large_image\" \/>\n<meta name=\"twitter:creator\" content=\"@webdo_tn\" \/>\n<meta name=\"twitter:site\" content=\"@webdo_tn\" \/>\n<meta name=\"twitter:label1\" content=\"\u00c9crit par\" \/>\n\t<meta name=\"twitter:data1\" content=\"MC\" \/>\n\t<meta name=\"twitter:label2\" content=\"Dur\u00e9e de lecture estim\u00e9e\" \/>\n\t<meta name=\"twitter:data2\" content=\"2 minutes\" \/>\n<script type=\"application\/ld+json\" class=\"yoast-schema-graph\">{\"@context\":\"https:\\\/\\\/schema.org\",\"@graph\":[{\"@type\":\"NewsArticle\",\"@id\":\"https:\\\/\\\/www.webdo.tn\\\/fr\\\/actualite\\\/national\\\/tunisie-jeunes-medecins-greve-nationale-et-boycott-des-stages-en-vue\\\/221753\\\/#article\",\"isPartOf\":{\"@id\":\"https:\\\/\\\/www.webdo.tn\\\/fr\\\/actualite\\\/national\\\/tunisie-jeunes-medecins-greve-nationale-et-boycott-des-stages-en-vue\\\/221753\\\/\"},\"author\":{\"name\":\"MC\",\"@id\":\"https:\\\/\\\/www.webdo.tn\\\/fr\\\/#\\\/schema\\\/person\\\/2c4929cbf5a809e3bd38617c6ce150f6\"},\"headline\":\"Tunisie : Jeunes m\u00e9decins : gr\u00e8ve nationale et boycott des stages en vue\",\"datePublished\":\"2025-05-04T10:38:00+00:00\",\"dateModified\":\"2025-05-20T21:40:08+00:00\",\"mainEntityOfPage\":{\"@id\":\"https:\\\/\\\/www.webdo.tn\\\/fr\\\/actualite\\\/national\\\/tunisie-jeunes-medecins-greve-nationale-et-boycott-des-stages-en-vue\\\/221753\\\/\"},\"wordCount\":385,\"commentCount\":0,\"publisher\":{\"@id\":\"https:\\\/\\\/www.webdo.tn\\\/fr\\\/#organization\"},\"image\":{\"@id\":\"https:\\\/\\\/www.webdo.tn\\\/fr\\\/actualite\\\/national\\\/tunisie-jeunes-medecins-greve-nationale-et-boycott-des-stages-en-vue\\\/221753\\\/#primaryimage\"},\"thumbnailUrl\":\"https:\\\/\\\/www.webdo.tn\\\/fr\\\/wp-content\\\/uploads\\\/2025\\\/05\\\/479debaba150f544b95f1e1ebc86b25e-4.webp\",\"keywords\":[\"Gr\u00e8ve g\u00e9n\u00e9rale\",\"jeunes m\u00e9decins\",\"Tunisie\"],\"articleSection\":[\"National\"],\"inLanguage\":\"fr-FR\"},{\"@type\":\"WebPage\",\"@id\":\"https:\\\/\\\/www.webdo.tn\\\/fr\\\/actualite\\\/national\\\/tunisie-jeunes-medecins-greve-nationale-et-boycott-des-stages-en-vue\\\/221753\\\/\",\"url\":\"https:\\\/\\\/www.webdo.tn\\\/fr\\\/actualite\\\/national\\\/tunisie-jeunes-medecins-greve-nationale-et-boycott-des-stages-en-vue\\\/221753\\\/\",\"name\":\"Tunisie : Jeunes m\u00e9decins : gr\u00e8ve nationale et boycott des stages en vue\",\"isPartOf\":{\"@id\":\"https:\\\/\\\/www.webdo.tn\\\/fr\\\/#website\"},\"primaryImageOfPage\":{\"@id\":\"https:\\\/\\\/www.webdo.tn\\\/fr\\\/actualite\\\/national\\\/tunisie-jeunes-medecins-greve-nationale-et-boycott-des-stages-en-vue\\\/221753\\\/#primaryimage\"},\"image\":{\"@id\":\"https:\\\/\\\/www.webdo.tn\\\/fr\\\/actualite\\\/national\\\/tunisie-jeunes-medecins-greve-nationale-et-boycott-des-stages-en-vue\\\/221753\\\/#primaryimage\"},\"thumbnailUrl\":\"https:\\\/\\\/www.webdo.tn\\\/fr\\\/wp-content\\\/uploads\\\/2025\\\/05\\\/479debaba150f544b95f1e1ebc86b25e-4.webp\",\"datePublished\":\"2025-05-04T10:38:00+00:00\",\"dateModified\":\"2025-05-20T21:40:08+00:00\",\"description\":\"Face \u00e0 l\u2019absence de n\u00e9gociations avec le minist\u00e8re de la Sant\u00e9, les jeunes m\u00e9decins tunisiens annoncent une gr\u00e8ve nationale de 5 jours et le boycott des stages...\",\"breadcrumb\":{\"@id\":\"https:\\\/\\\/www.webdo.tn\\\/fr\\\/actualite\\\/national\\\/tunisie-jeunes-medecins-greve-nationale-et-boycott-des-stages-en-vue\\\/221753\\\/#breadcrumb\"},\"inLanguage\":\"fr-FR\",\"potentialAction\":[{\"@type\":\"ReadAction\",\"target\":[\"https:\\\/\\\/www.webdo.tn\\\/fr\\\/actualite\\\/national\\\/tunisie-jeunes-medecins-greve-nationale-et-boycott-des-stages-en-vue\\\/221753\\\/\"]}]},{\"@type\":\"ImageObject\",\"inLanguage\":\"fr-FR\",\"@id\":\"https:\\\/\\\/www.webdo.tn\\\/fr\\\/actualite\\\/national\\\/tunisie-jeunes-medecins-greve-nationale-et-boycott-des-stages-en-vue\\\/221753\\\/#primaryimage\",\"url\":\"https:\\\/\\\/www.webdo.tn\\\/fr\\\/wp-content\\\/uploads\\\/2025\\\/05\\\/479debaba150f544b95f1e1ebc86b25e-4.webp\",\"contentUrl\":\"https:\\\/\\\/www.webdo.tn\\\/fr\\\/wp-content\\\/uploads\\\/2025\\\/05\\\/479debaba150f544b95f1e1ebc86b25e-4.webp\",\"width\":750,\"height\":400},{\"@type\":\"BreadcrumbList\",\"@id\":\"https:\\\/\\\/www.webdo.tn\\\/fr\\\/actualite\\\/national\\\/tunisie-jeunes-medecins-greve-nationale-et-boycott-des-stages-en-vue\\\/221753\\\/#breadcrumb\",\"itemListElement\":[{\"@type\":\"ListItem\",\"position\":1,\"name\":\"Accueil\",\"item\":\"https:\\\/\\\/www.webdo.tn\\\/fr\\\/\"},{\"@type\":\"ListItem\",\"position\":2,\"name\":\"Tunisie : Jeunes m\u00e9decins : gr\u00e8ve nationale et boycott des stages en vue\"}]},{\"@type\":\"WebSite\",\"@id\":\"https:\\\/\\\/www.webdo.tn\\\/fr\\\/#website\",\"url\":\"https:\\\/\\\/www.webdo.tn\\\/fr\\\/\",\"name\":\"webdo\",\"description\":\"Tunisie - News en Tunisie et \u00e0 l&#039;international sur Webdo.tn\",\"publisher\":{\"@id\":\"https:\\\/\\\/www.webdo.tn\\\/fr\\\/#organization\"},\"potentialAction\":[{\"@type\":\"SearchAction\",\"target\":{\"@type\":\"EntryPoint\",\"urlTemplate\":\"https:\\\/\\\/www.webdo.tn\\\/fr\\\/?s={search_term_string}\"},\"query-input\":{\"@type\":\"PropertyValueSpecification\",\"valueRequired\":true,\"valueName\":\"search_term_string\"}}],\"inLanguage\":\"fr-FR\"},{\"@type\":\"Organization\",\"@id\":\"https:\\\/\\\/www.webdo.tn\\\/fr\\\/#organization\",\"name\":\"Webdo\",\"alternateName\":\"Webdo.tn\",\"url\":\"https:\\\/\\\/www.webdo.tn\\\/fr\\\/\",\"logo\":{\"@type\":\"ImageObject\",\"inLanguage\":\"fr-FR\",\"@id\":\"https:\\\/\\\/www.webdo.tn\\\/fr\\\/#\\\/schema\\\/logo\\\/image\\\/\",\"url\":\"https:\\\/\\\/www.webdo.tn\\\/fr\\\/wp-content\\\/uploads\\\/2025\\\/06\\\/Webdo-Tunisie_168377.jpg\",\"contentUrl\":\"https:\\\/\\\/www.webdo.tn\\\/fr\\\/wp-content\\\/uploads\\\/2025\\\/06\\\/Webdo-Tunisie_168377.jpg\",\"width\":301,\"height\":301,\"caption\":\"Webdo\"},\"image\":{\"@id\":\"https:\\\/\\\/www.webdo.tn\\\/fr\\\/#\\\/schema\\\/logo\\\/image\\\/\"},\"sameAs\":[\"https:\\\/\\\/www.facebook.com\\\/webdotn\",\"https:\\\/\\\/x.com\\\/webdo_tn\"],\"description\":\"Webdo est un m\u00e9dia num\u00e9rique tunisien fond\u00e9 en 2010, sp\u00e9cialis\u00e9 dans l\u2019actualit\u00e9 nationale et internationale, l\u2019\u00e9conomie, la soci\u00e9t\u00e9 et les analyses politiques. Le site s\u2019adresse \u00e0 un large public francophone et couvre l\u2019information tunisienne en temps r\u00e9el.\",\"email\":\"redac@webdo.tn\",\"legalName\":\"YNJ SARL\",\"foundingDate\":\"2010-09-06\",\"numberOfEmployees\":{\"@type\":\"QuantitativeValue\",\"minValue\":\"11\",\"maxValue\":\"50\"}},{\"@type\":\"Person\",\"@id\":\"https:\\\/\\\/www.webdo.tn\\\/fr\\\/#\\\/schema\\\/person\\\/2c4929cbf5a809e3bd38617c6ce150f6\",\"name\":\"MC\",\"image\":{\"@type\":\"ImageObject\",\"inLanguage\":\"fr-FR\",\"@id\":\"https:\\\/\\\/secure.gravatar.com\\\/avatar\\\/a545bbb6f84efdd5553dbbc2895e3ca8f1d12c5215e00a041c9670b54aa9b18a?s=96&d=mm&r=g\",\"url\":\"https:\\\/\\\/secure.gravatar.com\\\/avatar\\\/a545bbb6f84efdd5553dbbc2895e3ca8f1d12c5215e00a041c9670b54aa9b18a?s=96&d=mm&r=g\",\"contentUrl\":\"https:\\\/\\\/secure.gravatar.com\\\/avatar\\\/a545bbb6f84efdd5553dbbc2895e3ca8f1d12c5215e00a041c9670b54aa9b18a?s=96&d=mm&r=g\",\"caption\":\"MC\"},\"url\":\"https:\\\/\\\/www.webdo.tn\\\/fr\\\/actualite\\\/author\\\/mc\\\/\"}]}<\/script>\n<!-- \/ Yoast SEO Premium plugin. -->","yoast_head_json":{"title":"Tunisie : Jeunes m\u00e9decins : gr\u00e8ve nationale et boycott des stages en vue","description":"Face \u00e0 l\u2019absence de n\u00e9gociations avec le minist\u00e8re de la Sant\u00e9, les jeunes m\u00e9decins tunisiens annoncent une gr\u00e8ve nationale de 5 jours et le boycott des stages...","canonical":"https:\/\/www.webdo.tn\/fr\/actualite\/national\/tunisie-jeunes-medecins-greve-nationale-et-boycott-des-stages-en-vue\/221753\/","og_locale":"fr_FR","og_type":"article","og_title":"Tunisie : Jeunes m\u00e9decins : gr\u00e8ve nationale et boycott des stages en vue","og_description":"Face \u00e0 l\u2019absence de n\u00e9gociations avec le minist\u00e8re de la Sant\u00e9, les jeunes m\u00e9decins tunisiens annoncent une gr\u00e8ve nationale de 5 jours et le boycott des stages...","og_url":"https:\/\/www.webdo.tn\/fr\/actualite\/national\/tunisie-jeunes-medecins-greve-nationale-et-boycott-des-stages-en-vue\/221753\/","og_site_name":"webdo","article_publisher":"https:\/\/www.facebook.com\/webdotn","article_published_time":"2025-05-04T10:38:00+00:00","article_modified_time":"2025-05-20T21:40:08+00:00","og_image":[{"width":750,"height":400,"url":"https:\/\/www.webdo.tn\/fr\/wp-content\/uploads\/2025\/05\/479debaba150f544b95f1e1ebc86b25e-4.webp","type":"image\/webp"}],"author":"MC","twitter_card":"summary_large_image","twitter_creator":"@webdo_tn","twitter_site":"@webdo_tn","twitter_misc":{"\u00c9crit par":"MC","Dur\u00e9e de lecture estim\u00e9e":"2 minutes"},"schema":{"@context":"https:\/\/schema.org","@graph":[{"@type":"NewsArticle","@id":"https:\/\/www.webdo.tn\/fr\/actualite\/national\/tunisie-jeunes-medecins-greve-nationale-et-boycott-des-stages-en-vue\/221753\/#article","isPartOf":{"@id":"https:\/\/www.webdo.tn\/fr\/actualite\/national\/tunisie-jeunes-medecins-greve-nationale-et-boycott-des-stages-en-vue\/221753\/"},"author":{"name":"MC","@id":"https:\/\/www.webdo.tn\/fr\/#\/schema\/person\/2c4929cbf5a809e3bd38617c6ce150f6"},"headline":"Tunisie : Jeunes m\u00e9decins : gr\u00e8ve nationale et boycott des stages en vue","datePublished":"2025-05-04T10:38:00+00:00","dateModified":"2025-05-20T21:40:08+00:00","mainEntityOfPage":{"@id":"https:\/\/www.webdo.tn\/fr\/actualite\/national\/tunisie-jeunes-medecins-greve-nationale-et-boycott-des-stages-en-vue\/221753\/"},"wordCount":385,"commentCount":0,"publisher":{"@id":"https:\/\/www.webdo.tn\/fr\/#organization"},"image":{"@id":"https:\/\/www.webdo.tn\/fr\/actualite\/national\/tunisie-jeunes-medecins-greve-nationale-et-boycott-des-stages-en-vue\/221753\/#primaryimage"},"thumbnailUrl":"https:\/\/www.webdo.tn\/fr\/wp-content\/uploads\/2025\/05\/479debaba150f544b95f1e1ebc86b25e-4.webp","keywords":["Gr\u00e8ve g\u00e9n\u00e9rale","jeunes m\u00e9decins","Tunisie"],"articleSection":["National"],"inLanguage":"fr-FR"},{"@type":"WebPage","@id":"https:\/\/www.webdo.tn\/fr\/actualite\/national\/tunisie-jeunes-medecins-greve-nationale-et-boycott-des-stages-en-vue\/221753\/","url":"https:\/\/www.webdo.tn\/fr\/actualite\/national\/tunisie-jeunes-medecins-greve-nationale-et-boycott-des-stages-en-vue\/221753\/","name":"Tunisie : Jeunes m\u00e9decins : gr\u00e8ve nationale et boycott des stages en vue","isPartOf":{"@id":"https:\/\/www.webdo.tn\/fr\/#website"},"primaryImageOfPage":{"@id":"https:\/\/www.webdo.tn\/fr\/actualite\/national\/tunisie-jeunes-medecins-greve-nationale-et-boycott-des-stages-en-vue\/221753\/#primaryimage"},"image":{"@id":"https:\/\/www.webdo.tn\/fr\/actualite\/national\/tunisie-jeunes-medecins-greve-nationale-et-boycott-des-stages-en-vue\/221753\/#primaryimage"},"thumbnailUrl":"https:\/\/www.webdo.tn\/fr\/wp-content\/uploads\/2025\/05\/479debaba150f544b95f1e1ebc86b25e-4.webp","datePublished":"2025-05-04T10:38:00+00:00","dateModified":"2025-05-20T21:40:08+00:00","description":"Face \u00e0 l\u2019absence de n\u00e9gociations avec le minist\u00e8re de la Sant\u00e9, les jeunes m\u00e9decins tunisiens annoncent une gr\u00e8ve nationale de 5 jours et le boycott des stages...","breadcrumb":{"@id":"https:\/\/www.webdo.tn\/fr\/actualite\/national\/tunisie-jeunes-medecins-greve-nationale-et-boycott-des-stages-en-vue\/221753\/#breadcrumb"},"inLanguage":"fr-FR","potentialAction":[{"@type":"ReadAction","target":["https:\/\/www.webdo.tn\/fr\/actualite\/national\/tunisie-jeunes-medecins-greve-nationale-et-boycott-des-stages-en-vue\/221753\/"]}]},{"@type":"ImageObject","inLanguage":"fr-FR","@id":"https:\/\/www.webdo.tn\/fr\/actualite\/national\/tunisie-jeunes-medecins-greve-nationale-et-boycott-des-stages-en-vue\/221753\/#primaryimage","url":"https:\/\/www.webdo.tn\/fr\/wp-content\/uploads\/2025\/05\/479debaba150f544b95f1e1ebc86b25e-4.webp","contentUrl":"https:\/\/www.webdo.tn\/fr\/wp-content\/uploads\/2025\/05\/479debaba150f544b95f1e1ebc86b25e-4.webp","width":750,"height":400},{"@type":"BreadcrumbList","@id":"https:\/\/www.webdo.tn\/fr\/actualite\/national\/tunisie-jeunes-medecins-greve-nationale-et-boycott-des-stages-en-vue\/221753\/#breadcrumb","itemListElement":[{"@type":"ListItem","position":1,"name":"Accueil","item":"https:\/\/www.webdo.tn\/fr\/"},{"@type":"ListItem","position":2,"name":"Tunisie : Jeunes m\u00e9decins : gr\u00e8ve nationale et boycott des stages en vue"}]},{"@type":"WebSite","@id":"https:\/\/www.webdo.tn\/fr\/#website","url":"https:\/\/www.webdo.tn\/fr\/","name":"webdo","description":"Tunisie - News en Tunisie et \u00e0 l&#039;international sur Webdo.tn","publisher":{"@id":"https:\/\/www.webdo.tn\/fr\/#organization"},"potentialAction":[{"@type":"SearchAction","target":{"@type":"EntryPoint","urlTemplate":"https:\/\/www.webdo.tn\/fr\/?s={search_term_string}"},"query-input":{"@type":"PropertyValueSpecification","valueRequired":true,"valueName":"search_term_string"}}],"inLanguage":"fr-FR"},{"@type":"Organization","@id":"https:\/\/www.webdo.tn\/fr\/#organization","name":"Webdo","alternateName":"Webdo.tn","url":"https:\/\/www.webdo.tn\/fr\/","logo":{"@type":"ImageObject","inLanguage":"fr-FR","@id":"https:\/\/www.webdo.tn\/fr\/#\/schema\/logo\/image\/","url":"https:\/\/www.webdo.tn\/fr\/wp-content\/uploads\/2025\/06\/Webdo-Tunisie_168377.jpg","contentUrl":"https:\/\/www.webdo.tn\/fr\/wp-content\/uploads\/2025\/06\/Webdo-Tunisie_168377.jpg","width":301,"height":301,"caption":"Webdo"},"image":{"@id":"https:\/\/www.webdo.tn\/fr\/#\/schema\/logo\/image\/"},"sameAs":["https:\/\/www.facebook.com\/webdotn","https:\/\/x.com\/webdo_tn"],"description":"Webdo est un m\u00e9dia num\u00e9rique tunisien fond\u00e9 en 2010, sp\u00e9cialis\u00e9 dans l\u2019actualit\u00e9 nationale et internationale, l\u2019\u00e9conomie, la soci\u00e9t\u00e9 et les analyses politiques. Le site s\u2019adresse \u00e0 un large public francophone et couvre l\u2019information tunisienne en temps r\u00e9el.","email":"redac@webdo.tn","legalName":"YNJ SARL","foundingDate":"2010-09-06","numberOfEmployees":{"@type":"QuantitativeValue","minValue":"11","maxValue":"50"}},{"@type":"Person","@id":"https:\/\/www.webdo.tn\/fr\/#\/schema\/person\/2c4929cbf5a809e3bd38617c6ce150f6","name":"MC","image":{"@type":"ImageObject","inLanguage":"fr-FR","@id":"https:\/\/secure.gravatar.com\/avatar\/a545bbb6f84efdd5553dbbc2895e3ca8f1d12c5215e00a041c9670b54aa9b18a?s=96&d=mm&r=g","url":"https:\/\/secure.gravatar.com\/avatar\/a545bbb6f84efdd5553dbbc2895e3ca8f1d12c5215e00a041c9670b54aa9b18a?s=96&d=mm&r=g","contentUrl":"https:\/\/secure.gravatar.com\/avatar\/a545bbb6f84efdd5553dbbc2895e3ca8f1d12c5215e00a041c9670b54aa9b18a?s=96&d=mm&r=g","caption":"MC"},"url":"https:\/\/www.webdo.tn\/fr\/actualite\/author\/mc\/"}]}},"_links":{"self":[{"href":"https:\/\/www.webdo.tn\/fr\/wp-json\/wp\/v2\/posts\/221753","targetHints":{"allow":["GET"]}}],"collection":[{"href":"https:\/\/www.webdo.tn\/fr\/wp-json\/wp\/v2\/posts"}],"about":[{"href":"https:\/\/www.webdo.tn\/fr\/wp-json\/wp\/v2\/types\/post"}],"author":[{"embeddable":true,"href":"https:\/\/www.webdo.tn\/fr\/wp-json\/wp\/v2\/users\/3162"}],"replies":[{"embeddable":true,"href":"https:\/\/www.webdo.tn\/fr\/wp-json\/wp\/v2\/comments?post=221753"}],"version-history":[{"count":0,"href":"https:\/\/www.webdo.tn\/fr\/wp-json\/wp\/v2\/posts\/221753\/revisions"}],"wp:featuredmedia":[{"embeddable":true,"href":"https:\/\/www.webdo.tn\/fr\/wp-json\/wp\/v2\/media\/244233"}],"wp:attachment":[{"href":"https:\/\/www.webdo.tn\/fr\/wp-json\/wp\/v2\/media?parent=221753"}],"wp:term":[{"taxonomy":"category","embeddable":true,"href":"https:\/\/www.webdo.tn\/fr\/wp-json\/wp\/v2\/categories?post=221753"},{"taxonomy":"post_tag","embeddable":true,"href":"https:\/\/www.webdo.tn\/fr\/wp-json\/wp\/v2\/tags?post=221753"}],"curies":[{"name":"wp","href":"https:\/\/api.w.org\/{rel}","templated":true}]}}