{"id":221742,"date":"2025-05-03T09:31:00","date_gmt":"2025-05-03T09:31:00","guid":{"rendered":"https:\/\/www.webdo.tn\/fr\/blog\/2025\/05\/03\/italie-en-etat-d-alerte-l-angoisse-mediatique-face-a-l-afflux-des-migrants\/"},"modified":"2025-05-17T20:04:50","modified_gmt":"2025-05-17T20:04:50","slug":"italie-en-etat-d-alerte-l-angoisse-mediatique-face-a-l-afflux-des-migrants","status":"publish","type":"post","link":"https:\/\/www.webdo.tn\/fr\/actualite\/international\/italie-en-etat-d-alerte-l-angoisse-mediatique-face-a-l-afflux-des-migrants\/221742\/","title":{"rendered":"Italie en \u00e9tat d\u2019alerte : l\u2019angoisse m\u00e9diatique face \u00e0 l\u2019afflux des migrants"},"content":{"rendered":"<p>L\u2019Italie semble en \u00e9tat d\u2019alerte face \u00e0 l\u2019intensification des d\u00e9barquements de migrants. Les m\u00e9dias italiens ont amplifi\u00e9 l\u2019urgence, avec des titres alarmistes qui d\u00e9peignent un pays au bord de la panique.<\/p>\n<p>\t\t\t\t\t\t\t\t\t\u00ab\u00a0Urgence migratoire \u00e0 Lampedusa : 670 personnes d\u00e9barqu\u00e9es en une journ\u00e9e\u00a0\u00bb, titrent plusieurs plateformes d\u2019information, alors que la situation sur l\u2019\u00eele se tend.<\/p>\n<p>Hier, 2 mai, en l\u2019espace d\u2019\u00e0 peine dix heures, 670 migrants ont atteint les c\u00f4tes de Lampedusa, \u00e0 bord de onze embarcations, majoritairement parties de Libye. Une succession d\u2019arriv\u00e9es qui refl\u00e8te un flot ininterrompu de personnes pr\u00eates \u00e0 tout pour fuir la mis\u00e8re et l\u2019instabilit\u00e9.<\/p>\n<p>Un douzi\u00e8me bateau, parti cette fois de Monastir en Tunisie, a accost\u00e9 \u00e0 Cala Galera avec 49 migrants \u00e0 bord, tous originaires de Guin\u00e9e, du Soudan et du Nig\u00e9ria. Selon leurs t\u00e9moignages, chacun aurait pay\u00e9 500 euros pour cette travers\u00e9e p\u00e9rilleuse. Le navire n\u2019a pas \u00e9t\u00e9 retrouv\u00e9.<\/p>\n<p>Cette pression croissante s\u2019ajoute \u00e0 une situation d\u00e9j\u00e0 fragile : 6 600 arriv\u00e9es en avril, une hausse de 173 % par rapport \u00e0 mars. Toutefois, cette tendance est en d\u00e9calage avec la situation globale de l&rsquo;ann\u00e9e. En effet, les arriv\u00e9es par la mer en 2025 se sont stabilis\u00e9es \u00e0 15 793, une baisse modeste de 2 % par rapport \u00e0 l\u2019ann\u00e9e pr\u00e9c\u00e9dente \u00e0 la m\u00eame p\u00e9riode.<\/p>\n<p>N\u00e9anmoins, l\u2019explosion des d\u00e9barquements en avril inqui\u00e8te les autorit\u00e9s locales et europ\u00e9ennes, tandis que les m\u00e9dias d\u00e9crivent Lampedusa comme un \u00ab\u00a0point de rupture\u00a0\u00bb dans un syst\u00e8me d\u00e9j\u00e0 sous pression. Mais derri\u00e8re l\u2019aspect dramatique des chiffres, se cache une r\u00e9alit\u00e9 humaine : des milliers de personnes fuyant la guerre, la pauvret\u00e9 et la r\u00e9pression. L\u2019\u00eele, bien que satur\u00e9e, reste un refuge pour ceux qui ont surv\u00e9cu \u00e0 une travers\u00e9e souvent p\u00e9rilleuse.<\/p>\n<p>L\u2019Italie appelle \u00e0 une r\u00e9ponse europ\u00e9enne coordonn\u00e9e, mais les solutions semblent encore lointaines face \u00e0 une crise humanitaire grandissante.<\/p>\n","protected":false},"excerpt":{"rendered":"<p>Face \u00e0 l\u2019intensification des d\u00e9barquements \u00e0 Lampedusa, l&rsquo;Italie se retrouve en \u00e9tat d\u2019alerte, tandis que les m\u00e9dias amplifient la crise migratoire. En avril 20&#8230;<\/p>\n","protected":false},"author":4779,"featured_media":244201,"comment_status":"open","ping_status":"open","sticky":false,"template":"","format":"standard","meta":{"footnotes":""},"categories":[2598],"tags":[2729,2728,2730],"class_list":["post-221742","post","type-post","status-publish","format-standard","has-post-thumbnail","hentry","category-international","tag-crise-migratoire-italie","tag-lampedusa","tag-migrants-tunisie-libye"],"yoast_head":"<!-- This site is optimized with the Yoast SEO Premium plugin v27.4 (Yoast SEO v27.5) - https:\/\/yoast.com\/product\/yoast-seo-premium-wordpress\/ -->\n<title>Italie en \u00e9tat d\u2019alerte : l\u2019angoisse m\u00e9diatique face \u00e0 l\u2019afflux des migrants<\/title>\n<meta name=\"description\" content=\"Face \u00e0 l\u2019intensification des d\u00e9barquements \u00e0 Lampedusa, l&#039;Italie se retrouve en \u00e9tat d\u2019alerte, tandis que les m\u00e9dias amplifient la crise migratoire. En avril 20...\" \/>\n<link rel=\"canonical\" href=\"https:\/\/www.webdo.tn\/fr\/actualite\/international\/italie-en-etat-d-alerte-l-angoisse-mediatique-face-a-l-afflux-des-migrants\/221742\/\" \/>\n<meta property=\"og:locale\" content=\"fr_FR\" \/>\n<meta property=\"og:type\" content=\"article\" \/>\n<meta property=\"og:title\" content=\"Italie en \u00e9tat d\u2019alerte : l\u2019angoisse m\u00e9diatique face \u00e0 l\u2019afflux des migrants\" \/>\n<meta property=\"og:description\" content=\"Face \u00e0 l\u2019intensification des d\u00e9barquements \u00e0 Lampedusa, l&#039;Italie se retrouve en \u00e9tat d\u2019alerte, tandis que les m\u00e9dias amplifient la crise migratoire. En avril 20...\" \/>\n<meta property=\"og:url\" content=\"https:\/\/www.webdo.tn\/fr\/actualite\/international\/italie-en-etat-d-alerte-l-angoisse-mediatique-face-a-l-afflux-des-migrants\/221742\/\" \/>\n<meta property=\"og:site_name\" content=\"webdo\" \/>\n<meta property=\"article:publisher\" content=\"https:\/\/www.facebook.com\/webdotn\" \/>\n<meta property=\"article:published_time\" content=\"2025-05-03T09:31:00+00:00\" \/>\n<meta property=\"article:modified_time\" content=\"2025-05-17T20:04:50+00:00\" \/>\n<meta property=\"og:image\" content=\"https:\/\/www.webdo.tn\/fr\/wp-content\/uploads\/2025\/05\/b8a2de8aff78e295192cbd2648290cf1-4.webp\" \/>\n\t<meta property=\"og:image:width\" content=\"750\" \/>\n\t<meta property=\"og:image:height\" content=\"400\" \/>\n\t<meta property=\"og:image:type\" content=\"image\/webp\" \/>\n<meta name=\"author\" content=\"Firas Ben Abdeltif\" \/>\n<meta name=\"twitter:card\" content=\"summary_large_image\" \/>\n<meta name=\"twitter:creator\" content=\"@webdo_tn\" \/>\n<meta name=\"twitter:site\" content=\"@webdo_tn\" \/>\n<meta name=\"twitter:label1\" content=\"\u00c9crit par\" \/>\n\t<meta name=\"twitter:data1\" content=\"Firas Ben Abdeltif\" \/>\n\t<meta name=\"twitter:label2\" content=\"Dur\u00e9e de lecture estim\u00e9e\" \/>\n\t<meta name=\"twitter:data2\" content=\"2 minutes\" \/>\n<script type=\"application\/ld+json\" class=\"yoast-schema-graph\">{\"@context\":\"https:\\\/\\\/schema.org\",\"@graph\":[{\"@type\":\"NewsArticle\",\"@id\":\"https:\\\/\\\/www.webdo.tn\\\/fr\\\/actualite\\\/international\\\/italie-en-etat-d-alerte-l-angoisse-mediatique-face-a-l-afflux-des-migrants\\\/221742\\\/#article\",\"isPartOf\":{\"@id\":\"https:\\\/\\\/www.webdo.tn\\\/fr\\\/actualite\\\/international\\\/italie-en-etat-d-alerte-l-angoisse-mediatique-face-a-l-afflux-des-migrants\\\/221742\\\/\"},\"author\":{\"name\":\"Firas Ben Abdeltif\",\"@id\":\"https:\\\/\\\/www.webdo.tn\\\/fr\\\/#\\\/schema\\\/person\\\/19664196c9bfdcda126f3c27709f7d11\"},\"headline\":\"Italie en \u00e9tat d\u2019alerte : l\u2019angoisse m\u00e9diatique face \u00e0 l\u2019afflux des migrants\",\"datePublished\":\"2025-05-03T09:31:00+00:00\",\"dateModified\":\"2025-05-17T20:04:50+00:00\",\"mainEntityOfPage\":{\"@id\":\"https:\\\/\\\/www.webdo.tn\\\/fr\\\/actualite\\\/international\\\/italie-en-etat-d-alerte-l-angoisse-mediatique-face-a-l-afflux-des-migrants\\\/221742\\\/\"},\"wordCount\":348,\"commentCount\":0,\"publisher\":{\"@id\":\"https:\\\/\\\/www.webdo.tn\\\/fr\\\/#organization\"},\"image\":{\"@id\":\"https:\\\/\\\/www.webdo.tn\\\/fr\\\/actualite\\\/international\\\/italie-en-etat-d-alerte-l-angoisse-mediatique-face-a-l-afflux-des-migrants\\\/221742\\\/#primaryimage\"},\"thumbnailUrl\":\"https:\\\/\\\/www.webdo.tn\\\/fr\\\/wp-content\\\/uploads\\\/2025\\\/05\\\/b8a2de8aff78e295192cbd2648290cf1-4.webp\",\"keywords\":[\"Crise migratoire Italie\",\"lampedusa\",\"Migrants Tunisie Libye\"],\"articleSection\":[\"International\"],\"inLanguage\":\"fr-FR\"},{\"@type\":\"WebPage\",\"@id\":\"https:\\\/\\\/www.webdo.tn\\\/fr\\\/actualite\\\/international\\\/italie-en-etat-d-alerte-l-angoisse-mediatique-face-a-l-afflux-des-migrants\\\/221742\\\/\",\"url\":\"https:\\\/\\\/www.webdo.tn\\\/fr\\\/actualite\\\/international\\\/italie-en-etat-d-alerte-l-angoisse-mediatique-face-a-l-afflux-des-migrants\\\/221742\\\/\",\"name\":\"Italie en \u00e9tat d\u2019alerte : l\u2019angoisse m\u00e9diatique face \u00e0 l\u2019afflux des migrants\",\"isPartOf\":{\"@id\":\"https:\\\/\\\/www.webdo.tn\\\/fr\\\/#website\"},\"primaryImageOfPage\":{\"@id\":\"https:\\\/\\\/www.webdo.tn\\\/fr\\\/actualite\\\/international\\\/italie-en-etat-d-alerte-l-angoisse-mediatique-face-a-l-afflux-des-migrants\\\/221742\\\/#primaryimage\"},\"image\":{\"@id\":\"https:\\\/\\\/www.webdo.tn\\\/fr\\\/actualite\\\/international\\\/italie-en-etat-d-alerte-l-angoisse-mediatique-face-a-l-afflux-des-migrants\\\/221742\\\/#primaryimage\"},\"thumbnailUrl\":\"https:\\\/\\\/www.webdo.tn\\\/fr\\\/wp-content\\\/uploads\\\/2025\\\/05\\\/b8a2de8aff78e295192cbd2648290cf1-4.webp\",\"datePublished\":\"2025-05-03T09:31:00+00:00\",\"dateModified\":\"2025-05-17T20:04:50+00:00\",\"description\":\"Face \u00e0 l\u2019intensification des d\u00e9barquements \u00e0 Lampedusa, l'Italie se retrouve en \u00e9tat d\u2019alerte, tandis que les m\u00e9dias amplifient la crise migratoire. En avril 20...\",\"breadcrumb\":{\"@id\":\"https:\\\/\\\/www.webdo.tn\\\/fr\\\/actualite\\\/international\\\/italie-en-etat-d-alerte-l-angoisse-mediatique-face-a-l-afflux-des-migrants\\\/221742\\\/#breadcrumb\"},\"inLanguage\":\"fr-FR\",\"potentialAction\":[{\"@type\":\"ReadAction\",\"target\":[\"https:\\\/\\\/www.webdo.tn\\\/fr\\\/actualite\\\/international\\\/italie-en-etat-d-alerte-l-angoisse-mediatique-face-a-l-afflux-des-migrants\\\/221742\\\/\"]}]},{\"@type\":\"ImageObject\",\"inLanguage\":\"fr-FR\",\"@id\":\"https:\\\/\\\/www.webdo.tn\\\/fr\\\/actualite\\\/international\\\/italie-en-etat-d-alerte-l-angoisse-mediatique-face-a-l-afflux-des-migrants\\\/221742\\\/#primaryimage\",\"url\":\"https:\\\/\\\/www.webdo.tn\\\/fr\\\/wp-content\\\/uploads\\\/2025\\\/05\\\/b8a2de8aff78e295192cbd2648290cf1-4.webp\",\"contentUrl\":\"https:\\\/\\\/www.webdo.tn\\\/fr\\\/wp-content\\\/uploads\\\/2025\\\/05\\\/b8a2de8aff78e295192cbd2648290cf1-4.webp\",\"width\":750,\"height\":400},{\"@type\":\"BreadcrumbList\",\"@id\":\"https:\\\/\\\/www.webdo.tn\\\/fr\\\/actualite\\\/international\\\/italie-en-etat-d-alerte-l-angoisse-mediatique-face-a-l-afflux-des-migrants\\\/221742\\\/#breadcrumb\",\"itemListElement\":[{\"@type\":\"ListItem\",\"position\":1,\"name\":\"Accueil\",\"item\":\"https:\\\/\\\/www.webdo.tn\\\/fr\\\/\"},{\"@type\":\"ListItem\",\"position\":2,\"name\":\"Italie en \u00e9tat d\u2019alerte : l\u2019angoisse m\u00e9diatique face \u00e0 l\u2019afflux des migrants\"}]},{\"@type\":\"WebSite\",\"@id\":\"https:\\\/\\\/www.webdo.tn\\\/fr\\\/#website\",\"url\":\"https:\\\/\\\/www.webdo.tn\\\/fr\\\/\",\"name\":\"webdo\",\"description\":\"Tunisie - News en Tunisie et \u00e0 l&#039;international sur Webdo.tn\",\"publisher\":{\"@id\":\"https:\\\/\\\/www.webdo.tn\\\/fr\\\/#organization\"},\"potentialAction\":[{\"@type\":\"SearchAction\",\"target\":{\"@type\":\"EntryPoint\",\"urlTemplate\":\"https:\\\/\\\/www.webdo.tn\\\/fr\\\/?s={search_term_string}\"},\"query-input\":{\"@type\":\"PropertyValueSpecification\",\"valueRequired\":true,\"valueName\":\"search_term_string\"}}],\"inLanguage\":\"fr-FR\"},{\"@type\":\"Organization\",\"@id\":\"https:\\\/\\\/www.webdo.tn\\\/fr\\\/#organization\",\"name\":\"Webdo\",\"alternateName\":\"Webdo.tn\",\"url\":\"https:\\\/\\\/www.webdo.tn\\\/fr\\\/\",\"logo\":{\"@type\":\"ImageObject\",\"inLanguage\":\"fr-FR\",\"@id\":\"https:\\\/\\\/www.webdo.tn\\\/fr\\\/#\\\/schema\\\/logo\\\/image\\\/\",\"url\":\"https:\\\/\\\/www.webdo.tn\\\/fr\\\/wp-content\\\/uploads\\\/2025\\\/06\\\/Webdo-Tunisie_168377.jpg\",\"contentUrl\":\"https:\\\/\\\/www.webdo.tn\\\/fr\\\/wp-content\\\/uploads\\\/2025\\\/06\\\/Webdo-Tunisie_168377.jpg\",\"width\":301,\"height\":301,\"caption\":\"Webdo\"},\"image\":{\"@id\":\"https:\\\/\\\/www.webdo.tn\\\/fr\\\/#\\\/schema\\\/logo\\\/image\\\/\"},\"sameAs\":[\"https:\\\/\\\/www.facebook.com\\\/webdotn\",\"https:\\\/\\\/x.com\\\/webdo_tn\"],\"description\":\"Webdo est un m\u00e9dia num\u00e9rique tunisien fond\u00e9 en 2010, sp\u00e9cialis\u00e9 dans l\u2019actualit\u00e9 nationale et internationale, l\u2019\u00e9conomie, la soci\u00e9t\u00e9 et les analyses politiques. Le site s\u2019adresse \u00e0 un large public francophone et couvre l\u2019information tunisienne en temps r\u00e9el.\",\"email\":\"redac@webdo.tn\",\"legalName\":\"YNJ SARL\",\"foundingDate\":\"2010-09-06\",\"numberOfEmployees\":{\"@type\":\"QuantitativeValue\",\"minValue\":\"11\",\"maxValue\":\"50\"}},{\"@type\":\"Person\",\"@id\":\"https:\\\/\\\/www.webdo.tn\\\/fr\\\/#\\\/schema\\\/person\\\/19664196c9bfdcda126f3c27709f7d11\",\"name\":\"Firas Ben Abdeltif\",\"image\":{\"@type\":\"ImageObject\",\"inLanguage\":\"fr-FR\",\"@id\":\"https:\\\/\\\/secure.gravatar.com\\\/avatar\\\/161a347d40df098a084778c52ed133dbd85f14df003867067c5948081241ec55?s=96&d=mm&r=g\",\"url\":\"https:\\\/\\\/secure.gravatar.com\\\/avatar\\\/161a347d40df098a084778c52ed133dbd85f14df003867067c5948081241ec55?s=96&d=mm&r=g\",\"contentUrl\":\"https:\\\/\\\/secure.gravatar.com\\\/avatar\\\/161a347d40df098a084778c52ed133dbd85f14df003867067c5948081241ec55?s=96&d=mm&r=g\",\"caption\":\"Firas Ben Abdeltif\"},\"url\":\"https:\\\/\\\/www.webdo.tn\\\/fr\\\/actualite\\\/author\\\/firas-ben-abdeltif\\\/\"}]}<\/script>\n<!-- \/ Yoast SEO Premium plugin. -->","yoast_head_json":{"title":"Italie en \u00e9tat d\u2019alerte : l\u2019angoisse m\u00e9diatique face \u00e0 l\u2019afflux des migrants","description":"Face \u00e0 l\u2019intensification des d\u00e9barquements \u00e0 Lampedusa, l'Italie se retrouve en \u00e9tat d\u2019alerte, tandis que les m\u00e9dias amplifient la crise migratoire. En avril 20...","canonical":"https:\/\/www.webdo.tn\/fr\/actualite\/international\/italie-en-etat-d-alerte-l-angoisse-mediatique-face-a-l-afflux-des-migrants\/221742\/","og_locale":"fr_FR","og_type":"article","og_title":"Italie en \u00e9tat d\u2019alerte : l\u2019angoisse m\u00e9diatique face \u00e0 l\u2019afflux des migrants","og_description":"Face \u00e0 l\u2019intensification des d\u00e9barquements \u00e0 Lampedusa, l'Italie se retrouve en \u00e9tat d\u2019alerte, tandis que les m\u00e9dias amplifient la crise migratoire. En avril 20...","og_url":"https:\/\/www.webdo.tn\/fr\/actualite\/international\/italie-en-etat-d-alerte-l-angoisse-mediatique-face-a-l-afflux-des-migrants\/221742\/","og_site_name":"webdo","article_publisher":"https:\/\/www.facebook.com\/webdotn","article_published_time":"2025-05-03T09:31:00+00:00","article_modified_time":"2025-05-17T20:04:50+00:00","og_image":[{"width":750,"height":400,"url":"https:\/\/www.webdo.tn\/fr\/wp-content\/uploads\/2025\/05\/b8a2de8aff78e295192cbd2648290cf1-4.webp","type":"image\/webp"}],"author":"Firas Ben Abdeltif","twitter_card":"summary_large_image","twitter_creator":"@webdo_tn","twitter_site":"@webdo_tn","twitter_misc":{"\u00c9crit par":"Firas Ben Abdeltif","Dur\u00e9e de lecture estim\u00e9e":"2 minutes"},"schema":{"@context":"https:\/\/schema.org","@graph":[{"@type":"NewsArticle","@id":"https:\/\/www.webdo.tn\/fr\/actualite\/international\/italie-en-etat-d-alerte-l-angoisse-mediatique-face-a-l-afflux-des-migrants\/221742\/#article","isPartOf":{"@id":"https:\/\/www.webdo.tn\/fr\/actualite\/international\/italie-en-etat-d-alerte-l-angoisse-mediatique-face-a-l-afflux-des-migrants\/221742\/"},"author":{"name":"Firas Ben Abdeltif","@id":"https:\/\/www.webdo.tn\/fr\/#\/schema\/person\/19664196c9bfdcda126f3c27709f7d11"},"headline":"Italie en \u00e9tat d\u2019alerte : l\u2019angoisse m\u00e9diatique face \u00e0 l\u2019afflux des migrants","datePublished":"2025-05-03T09:31:00+00:00","dateModified":"2025-05-17T20:04:50+00:00","mainEntityOfPage":{"@id":"https:\/\/www.webdo.tn\/fr\/actualite\/international\/italie-en-etat-d-alerte-l-angoisse-mediatique-face-a-l-afflux-des-migrants\/221742\/"},"wordCount":348,"commentCount":0,"publisher":{"@id":"https:\/\/www.webdo.tn\/fr\/#organization"},"image":{"@id":"https:\/\/www.webdo.tn\/fr\/actualite\/international\/italie-en-etat-d-alerte-l-angoisse-mediatique-face-a-l-afflux-des-migrants\/221742\/#primaryimage"},"thumbnailUrl":"https:\/\/www.webdo.tn\/fr\/wp-content\/uploads\/2025\/05\/b8a2de8aff78e295192cbd2648290cf1-4.webp","keywords":["Crise migratoire Italie","lampedusa","Migrants Tunisie Libye"],"articleSection":["International"],"inLanguage":"fr-FR"},{"@type":"WebPage","@id":"https:\/\/www.webdo.tn\/fr\/actualite\/international\/italie-en-etat-d-alerte-l-angoisse-mediatique-face-a-l-afflux-des-migrants\/221742\/","url":"https:\/\/www.webdo.tn\/fr\/actualite\/international\/italie-en-etat-d-alerte-l-angoisse-mediatique-face-a-l-afflux-des-migrants\/221742\/","name":"Italie en \u00e9tat d\u2019alerte : l\u2019angoisse m\u00e9diatique face \u00e0 l\u2019afflux des migrants","isPartOf":{"@id":"https:\/\/www.webdo.tn\/fr\/#website"},"primaryImageOfPage":{"@id":"https:\/\/www.webdo.tn\/fr\/actualite\/international\/italie-en-etat-d-alerte-l-angoisse-mediatique-face-a-l-afflux-des-migrants\/221742\/#primaryimage"},"image":{"@id":"https:\/\/www.webdo.tn\/fr\/actualite\/international\/italie-en-etat-d-alerte-l-angoisse-mediatique-face-a-l-afflux-des-migrants\/221742\/#primaryimage"},"thumbnailUrl":"https:\/\/www.webdo.tn\/fr\/wp-content\/uploads\/2025\/05\/b8a2de8aff78e295192cbd2648290cf1-4.webp","datePublished":"2025-05-03T09:31:00+00:00","dateModified":"2025-05-17T20:04:50+00:00","description":"Face \u00e0 l\u2019intensification des d\u00e9barquements \u00e0 Lampedusa, l'Italie se retrouve en \u00e9tat d\u2019alerte, tandis que les m\u00e9dias amplifient la crise migratoire. En avril 20...","breadcrumb":{"@id":"https:\/\/www.webdo.tn\/fr\/actualite\/international\/italie-en-etat-d-alerte-l-angoisse-mediatique-face-a-l-afflux-des-migrants\/221742\/#breadcrumb"},"inLanguage":"fr-FR","potentialAction":[{"@type":"ReadAction","target":["https:\/\/www.webdo.tn\/fr\/actualite\/international\/italie-en-etat-d-alerte-l-angoisse-mediatique-face-a-l-afflux-des-migrants\/221742\/"]}]},{"@type":"ImageObject","inLanguage":"fr-FR","@id":"https:\/\/www.webdo.tn\/fr\/actualite\/international\/italie-en-etat-d-alerte-l-angoisse-mediatique-face-a-l-afflux-des-migrants\/221742\/#primaryimage","url":"https:\/\/www.webdo.tn\/fr\/wp-content\/uploads\/2025\/05\/b8a2de8aff78e295192cbd2648290cf1-4.webp","contentUrl":"https:\/\/www.webdo.tn\/fr\/wp-content\/uploads\/2025\/05\/b8a2de8aff78e295192cbd2648290cf1-4.webp","width":750,"height":400},{"@type":"BreadcrumbList","@id":"https:\/\/www.webdo.tn\/fr\/actualite\/international\/italie-en-etat-d-alerte-l-angoisse-mediatique-face-a-l-afflux-des-migrants\/221742\/#breadcrumb","itemListElement":[{"@type":"ListItem","position":1,"name":"Accueil","item":"https:\/\/www.webdo.tn\/fr\/"},{"@type":"ListItem","position":2,"name":"Italie en \u00e9tat d\u2019alerte : l\u2019angoisse m\u00e9diatique face \u00e0 l\u2019afflux des migrants"}]},{"@type":"WebSite","@id":"https:\/\/www.webdo.tn\/fr\/#website","url":"https:\/\/www.webdo.tn\/fr\/","name":"webdo","description":"Tunisie - News en Tunisie et \u00e0 l&#039;international sur Webdo.tn","publisher":{"@id":"https:\/\/www.webdo.tn\/fr\/#organization"},"potentialAction":[{"@type":"SearchAction","target":{"@type":"EntryPoint","urlTemplate":"https:\/\/www.webdo.tn\/fr\/?s={search_term_string}"},"query-input":{"@type":"PropertyValueSpecification","valueRequired":true,"valueName":"search_term_string"}}],"inLanguage":"fr-FR"},{"@type":"Organization","@id":"https:\/\/www.webdo.tn\/fr\/#organization","name":"Webdo","alternateName":"Webdo.tn","url":"https:\/\/www.webdo.tn\/fr\/","logo":{"@type":"ImageObject","inLanguage":"fr-FR","@id":"https:\/\/www.webdo.tn\/fr\/#\/schema\/logo\/image\/","url":"https:\/\/www.webdo.tn\/fr\/wp-content\/uploads\/2025\/06\/Webdo-Tunisie_168377.jpg","contentUrl":"https:\/\/www.webdo.tn\/fr\/wp-content\/uploads\/2025\/06\/Webdo-Tunisie_168377.jpg","width":301,"height":301,"caption":"Webdo"},"image":{"@id":"https:\/\/www.webdo.tn\/fr\/#\/schema\/logo\/image\/"},"sameAs":["https:\/\/www.facebook.com\/webdotn","https:\/\/x.com\/webdo_tn"],"description":"Webdo est un m\u00e9dia num\u00e9rique tunisien fond\u00e9 en 2010, sp\u00e9cialis\u00e9 dans l\u2019actualit\u00e9 nationale et internationale, l\u2019\u00e9conomie, la soci\u00e9t\u00e9 et les analyses politiques. Le site s\u2019adresse \u00e0 un large public francophone et couvre l\u2019information tunisienne en temps r\u00e9el.","email":"redac@webdo.tn","legalName":"YNJ SARL","foundingDate":"2010-09-06","numberOfEmployees":{"@type":"QuantitativeValue","minValue":"11","maxValue":"50"}},{"@type":"Person","@id":"https:\/\/www.webdo.tn\/fr\/#\/schema\/person\/19664196c9bfdcda126f3c27709f7d11","name":"Firas Ben Abdeltif","image":{"@type":"ImageObject","inLanguage":"fr-FR","@id":"https:\/\/secure.gravatar.com\/avatar\/161a347d40df098a084778c52ed133dbd85f14df003867067c5948081241ec55?s=96&d=mm&r=g","url":"https:\/\/secure.gravatar.com\/avatar\/161a347d40df098a084778c52ed133dbd85f14df003867067c5948081241ec55?s=96&d=mm&r=g","contentUrl":"https:\/\/secure.gravatar.com\/avatar\/161a347d40df098a084778c52ed133dbd85f14df003867067c5948081241ec55?s=96&d=mm&r=g","caption":"Firas Ben Abdeltif"},"url":"https:\/\/www.webdo.tn\/fr\/actualite\/author\/firas-ben-abdeltif\/"}]}},"_links":{"self":[{"href":"https:\/\/www.webdo.tn\/fr\/wp-json\/wp\/v2\/posts\/221742","targetHints":{"allow":["GET"]}}],"collection":[{"href":"https:\/\/www.webdo.tn\/fr\/wp-json\/wp\/v2\/posts"}],"about":[{"href":"https:\/\/www.webdo.tn\/fr\/wp-json\/wp\/v2\/types\/post"}],"author":[{"embeddable":true,"href":"https:\/\/www.webdo.tn\/fr\/wp-json\/wp\/v2\/users\/4779"}],"replies":[{"embeddable":true,"href":"https:\/\/www.webdo.tn\/fr\/wp-json\/wp\/v2\/comments?post=221742"}],"version-history":[{"count":0,"href":"https:\/\/www.webdo.tn\/fr\/wp-json\/wp\/v2\/posts\/221742\/revisions"}],"wp:featuredmedia":[{"embeddable":true,"href":"https:\/\/www.webdo.tn\/fr\/wp-json\/wp\/v2\/media\/244201"}],"wp:attachment":[{"href":"https:\/\/www.webdo.tn\/fr\/wp-json\/wp\/v2\/media?parent=221742"}],"wp:term":[{"taxonomy":"category","embeddable":true,"href":"https:\/\/www.webdo.tn\/fr\/wp-json\/wp\/v2\/categories?post=221742"},{"taxonomy":"post_tag","embeddable":true,"href":"https:\/\/www.webdo.tn\/fr\/wp-json\/wp\/v2\/tags?post=221742"}],"curies":[{"name":"wp","href":"https:\/\/api.w.org\/{rel}","templated":true}]}}