{"id":221709,"date":"2025-05-01T10:00:00","date_gmt":"2025-05-01T10:00:00","guid":{"rendered":"https:\/\/www.webdo.tn\/fr\/blog\/2025\/05\/01\/edito-productivite-le-mystere-du-bosseur-tunisien\/"},"modified":"2025-05-21T08:53:30","modified_gmt":"2025-05-21T08:53:30","slug":"edito-productivite-le-mystere-du-bosseur-tunisien","status":"publish","type":"post","link":"https:\/\/www.webdo.tn\/fr\/actualite\/national\/edito-productivite-le-mystere-du-bosseur-tunisien\/221709\/","title":{"rendered":"Edito &#8211; Productivit\u00e9 : Le myst\u00e8re du bosseur tunisien !"},"content":{"rendered":"<p>Chaque 1er Mai, les discours fleurissent. On c\u00e9l\u00e8bre le labeur, on honore les travailleurs, on promet de meilleures conditions, on brandit la dignit\u00e9 par le travail comme un \u00e9tendard national. Mais derri\u00e8re les banderoles et les allocutions officielles, une question persiste, sourde, presque taboue : le Tunisien est-il vraiment bosseur ?<\/p>\n<p>Entendons-nous : il ne s\u2019agit pas ici de juger un peuple \u00e0 l\u2019aune de quelques clich\u00e9s, mais de poser une interrogation de fond. \u00c0 quoi ressemble aujourd\u2019hui notre rapport au travail ? Est-il motiv\u00e9 par l\u2019exigence, la rigueur, le go\u00fbt de bien faire ? Ou s\u2019inscrit-il de plus en plus dans la logique du moindre effort, du syst\u00e8me contourn\u00e9, du \u00ab chghol mchi \u00bb tant banalis\u00e9 ?<\/p>\n<p>D\u2019un c\u00f4t\u00e9, on voit des Tunisiens qui triment, dans les champs, les ateliers, les h\u00f4pitaux, ou dans les couloirs surcharg\u00e9s d\u2019une administration. De l\u2019autre, on constate des retards chroniques, des absences sans justification, une productivit\u00e9 en berne, et une culture du travail parfois d\u00e9valoris\u00e9e.<\/p>\n<p>La v\u00e9rit\u00e9 est sans doute entre les deux. Car le Tunisien sait travailler, et le prouve chaque jour dans l\u2019informel, dans l\u2019exil, dans l\u2019adversit\u00e9. Mais pourquoi cette \u00e9nergie ne se traduit-elle pas toujours dans l\u2019espace public, dans les services, dans les entreprises, dans les administrations ? Serait-ce le cadre qui bride les ambitions ? Le manque de reconnaissance ? L&rsquo;absence de perspectives ?<\/p>\n<p>Alors, est-ce le Tunisien qui a chang\u00e9, ou est-ce le cadre dans lequel il travaille qui l\u2019a us\u00e9 ? Est-ce que l\u2019effort est encore reconnu ? Est-ce que le m\u00e9rite paie ? Ou est-ce qu\u2019on a laiss\u00e9 s\u2019installer, insidieusement, l\u2019id\u00e9e que seul le piston ou la d\u00e9brouille permettent d\u2019avancer ?<\/p>\n<p>Le 1er Mai devrait \u00eatre l\u2019occasion, non seulement de d\u00e9fendre les droits des travailleurs, mais aussi de r\u00e9habiliter la valeur du travail lui-m\u00eame. Celui qui construit, qui \u00e9l\u00e8ve, qui transforme. Pas le travail subi, routinier ou d\u00e9natur\u00e9, mais celui qui donne sens, qui relie, qui fait soci\u00e9t\u00e9.<\/p>\n","protected":false},"excerpt":{"rendered":"<p>\u00c0 l\u2019occasion du 1er Mai, cet \u00e9dito s\u2019interroge avec ironie et lucidit\u00e9 : le Tunisien est-il vraiment bosseur, ou victime d\u2019un syst\u00e8me qui a vid\u00e9 le travail de s&#8230;<\/p>\n","protected":false},"author":3163,"featured_media":244231,"comment_status":"open","ping_status":"open","sticky":false,"template":"","format":"standard","meta":{"footnotes":""},"categories":[44],"tags":[2781,2780,2608],"class_list":["post-221709","post","type-post","status-publish","format-standard","has-post-thumbnail","hentry","category-national","tag-1er-mai","tag-travail","tag-tunisie"],"yoast_head":"<!-- This site is optimized with the Yoast SEO Premium plugin v27.5 (Yoast SEO v27.5) - https:\/\/yoast.com\/product\/yoast-seo-premium-wordpress\/ -->\n<title>Edito - Productivit\u00e9 : Le myst\u00e8re du bosseur tunisien !<\/title>\n<meta name=\"description\" content=\"\u00c0 l\u2019occasion du 1er Mai, cet \u00e9dito s\u2019interroge avec ironie et lucidit\u00e9 : le Tunisien est-il vraiment bosseur, ou victime d\u2019un syst\u00e8me qui a vid\u00e9 le travail de s...\" \/>\n<link rel=\"canonical\" href=\"https:\/\/www.webdo.tn\/fr\/actualite\/national\/edito-productivite-le-mystere-du-bosseur-tunisien\/221709\/\" \/>\n<meta property=\"og:locale\" content=\"fr_FR\" \/>\n<meta property=\"og:type\" content=\"article\" \/>\n<meta property=\"og:title\" content=\"Edito - Productivit\u00e9 : Le myst\u00e8re du bosseur tunisien !\" \/>\n<meta property=\"og:description\" content=\"\u00c0 l\u2019occasion du 1er Mai, cet \u00e9dito s\u2019interroge avec ironie et lucidit\u00e9 : le Tunisien est-il vraiment bosseur, ou victime d\u2019un syst\u00e8me qui a vid\u00e9 le travail de s...\" \/>\n<meta property=\"og:url\" content=\"https:\/\/www.webdo.tn\/fr\/actualite\/national\/edito-productivite-le-mystere-du-bosseur-tunisien\/221709\/\" \/>\n<meta property=\"og:site_name\" content=\"webdo\" \/>\n<meta property=\"article:publisher\" content=\"https:\/\/www.facebook.com\/webdotn\" \/>\n<meta property=\"article:published_time\" content=\"2025-05-01T10:00:00+00:00\" \/>\n<meta property=\"article:modified_time\" content=\"2025-05-21T08:53:30+00:00\" \/>\n<meta property=\"og:image\" content=\"https:\/\/www.webdo.tn\/fr\/wp-content\/uploads\/2025\/05\/c4f685e7556cb813821fd73b6bc9d7b2-4.webp\" \/>\n\t<meta property=\"og:image:width\" content=\"750\" \/>\n\t<meta property=\"og:image:height\" content=\"400\" \/>\n\t<meta property=\"og:image:type\" content=\"image\/webp\" \/>\n<meta name=\"author\" content=\"KJ\" \/>\n<meta name=\"twitter:card\" content=\"summary_large_image\" \/>\n<meta name=\"twitter:creator\" content=\"@webdo_tn\" \/>\n<meta name=\"twitter:site\" content=\"@webdo_tn\" \/>\n<meta name=\"twitter:label1\" content=\"\u00c9crit par\" \/>\n\t<meta name=\"twitter:data1\" content=\"KJ\" \/>\n\t<meta name=\"twitter:label2\" content=\"Dur\u00e9e de lecture estim\u00e9e\" \/>\n\t<meta name=\"twitter:data2\" content=\"2 minutes\" \/>\n<script type=\"application\/ld+json\" class=\"yoast-schema-graph\">{\"@context\":\"https:\\\/\\\/schema.org\",\"@graph\":[{\"@type\":\"NewsArticle\",\"@id\":\"https:\\\/\\\/www.webdo.tn\\\/fr\\\/actualite\\\/national\\\/edito-productivite-le-mystere-du-bosseur-tunisien\\\/221709\\\/#article\",\"isPartOf\":{\"@id\":\"https:\\\/\\\/www.webdo.tn\\\/fr\\\/actualite\\\/national\\\/edito-productivite-le-mystere-du-bosseur-tunisien\\\/221709\\\/\"},\"author\":{\"name\":\"KJ\",\"@id\":\"https:\\\/\\\/www.webdo.tn\\\/fr\\\/#\\\/schema\\\/person\\\/82ca085b22037d285e1a3c4b65ba5f71\"},\"headline\":\"Edito &#8211; Productivit\u00e9 : Le myst\u00e8re du bosseur tunisien !\",\"datePublished\":\"2025-05-01T10:00:00+00:00\",\"dateModified\":\"2025-05-21T08:53:30+00:00\",\"mainEntityOfPage\":{\"@id\":\"https:\\\/\\\/www.webdo.tn\\\/fr\\\/actualite\\\/national\\\/edito-productivite-le-mystere-du-bosseur-tunisien\\\/221709\\\/\"},\"wordCount\":354,\"commentCount\":0,\"publisher\":{\"@id\":\"https:\\\/\\\/www.webdo.tn\\\/fr\\\/#organization\"},\"image\":{\"@id\":\"https:\\\/\\\/www.webdo.tn\\\/fr\\\/actualite\\\/national\\\/edito-productivite-le-mystere-du-bosseur-tunisien\\\/221709\\\/#primaryimage\"},\"thumbnailUrl\":\"https:\\\/\\\/www.webdo.tn\\\/fr\\\/wp-content\\\/uploads\\\/2025\\\/05\\\/c4f685e7556cb813821fd73b6bc9d7b2-4.webp\",\"keywords\":[\"1er mai\",\"travail\",\"Tunisie\"],\"articleSection\":[\"National\"],\"inLanguage\":\"fr-FR\"},{\"@type\":\"WebPage\",\"@id\":\"https:\\\/\\\/www.webdo.tn\\\/fr\\\/actualite\\\/national\\\/edito-productivite-le-mystere-du-bosseur-tunisien\\\/221709\\\/\",\"url\":\"https:\\\/\\\/www.webdo.tn\\\/fr\\\/actualite\\\/national\\\/edito-productivite-le-mystere-du-bosseur-tunisien\\\/221709\\\/\",\"name\":\"Edito - Productivit\u00e9 : Le myst\u00e8re du bosseur tunisien !\",\"isPartOf\":{\"@id\":\"https:\\\/\\\/www.webdo.tn\\\/fr\\\/#website\"},\"primaryImageOfPage\":{\"@id\":\"https:\\\/\\\/www.webdo.tn\\\/fr\\\/actualite\\\/national\\\/edito-productivite-le-mystere-du-bosseur-tunisien\\\/221709\\\/#primaryimage\"},\"image\":{\"@id\":\"https:\\\/\\\/www.webdo.tn\\\/fr\\\/actualite\\\/national\\\/edito-productivite-le-mystere-du-bosseur-tunisien\\\/221709\\\/#primaryimage\"},\"thumbnailUrl\":\"https:\\\/\\\/www.webdo.tn\\\/fr\\\/wp-content\\\/uploads\\\/2025\\\/05\\\/c4f685e7556cb813821fd73b6bc9d7b2-4.webp\",\"datePublished\":\"2025-05-01T10:00:00+00:00\",\"dateModified\":\"2025-05-21T08:53:30+00:00\",\"description\":\"\u00c0 l\u2019occasion du 1er Mai, cet \u00e9dito s\u2019interroge avec ironie et lucidit\u00e9 : le Tunisien est-il vraiment bosseur, ou victime d\u2019un syst\u00e8me qui a vid\u00e9 le travail de s...\",\"breadcrumb\":{\"@id\":\"https:\\\/\\\/www.webdo.tn\\\/fr\\\/actualite\\\/national\\\/edito-productivite-le-mystere-du-bosseur-tunisien\\\/221709\\\/#breadcrumb\"},\"inLanguage\":\"fr-FR\",\"potentialAction\":[{\"@type\":\"ReadAction\",\"target\":[\"https:\\\/\\\/www.webdo.tn\\\/fr\\\/actualite\\\/national\\\/edito-productivite-le-mystere-du-bosseur-tunisien\\\/221709\\\/\"]}]},{\"@type\":\"ImageObject\",\"inLanguage\":\"fr-FR\",\"@id\":\"https:\\\/\\\/www.webdo.tn\\\/fr\\\/actualite\\\/national\\\/edito-productivite-le-mystere-du-bosseur-tunisien\\\/221709\\\/#primaryimage\",\"url\":\"https:\\\/\\\/www.webdo.tn\\\/fr\\\/wp-content\\\/uploads\\\/2025\\\/05\\\/c4f685e7556cb813821fd73b6bc9d7b2-4.webp\",\"contentUrl\":\"https:\\\/\\\/www.webdo.tn\\\/fr\\\/wp-content\\\/uploads\\\/2025\\\/05\\\/c4f685e7556cb813821fd73b6bc9d7b2-4.webp\",\"width\":750,\"height\":400},{\"@type\":\"BreadcrumbList\",\"@id\":\"https:\\\/\\\/www.webdo.tn\\\/fr\\\/actualite\\\/national\\\/edito-productivite-le-mystere-du-bosseur-tunisien\\\/221709\\\/#breadcrumb\",\"itemListElement\":[{\"@type\":\"ListItem\",\"position\":1,\"name\":\"Accueil\",\"item\":\"https:\\\/\\\/www.webdo.tn\\\/fr\\\/\"},{\"@type\":\"ListItem\",\"position\":2,\"name\":\"Edito &#8211; Productivit\u00e9 : Le myst\u00e8re du bosseur tunisien !\"}]},{\"@type\":\"WebSite\",\"@id\":\"https:\\\/\\\/www.webdo.tn\\\/fr\\\/#website\",\"url\":\"https:\\\/\\\/www.webdo.tn\\\/fr\\\/\",\"name\":\"webdo\",\"description\":\"Tunisie - News en Tunisie et \u00e0 l&#039;international sur Webdo.tn\",\"publisher\":{\"@id\":\"https:\\\/\\\/www.webdo.tn\\\/fr\\\/#organization\"},\"potentialAction\":[{\"@type\":\"SearchAction\",\"target\":{\"@type\":\"EntryPoint\",\"urlTemplate\":\"https:\\\/\\\/www.webdo.tn\\\/fr\\\/?s={search_term_string}\"},\"query-input\":{\"@type\":\"PropertyValueSpecification\",\"valueRequired\":true,\"valueName\":\"search_term_string\"}}],\"inLanguage\":\"fr-FR\"},{\"@type\":\"Organization\",\"@id\":\"https:\\\/\\\/www.webdo.tn\\\/fr\\\/#organization\",\"name\":\"Webdo\",\"alternateName\":\"Webdo.tn\",\"url\":\"https:\\\/\\\/www.webdo.tn\\\/fr\\\/\",\"logo\":{\"@type\":\"ImageObject\",\"inLanguage\":\"fr-FR\",\"@id\":\"https:\\\/\\\/www.webdo.tn\\\/fr\\\/#\\\/schema\\\/logo\\\/image\\\/\",\"url\":\"https:\\\/\\\/www.webdo.tn\\\/fr\\\/wp-content\\\/uploads\\\/2025\\\/06\\\/Webdo-Tunisie_168377.jpg\",\"contentUrl\":\"https:\\\/\\\/www.webdo.tn\\\/fr\\\/wp-content\\\/uploads\\\/2025\\\/06\\\/Webdo-Tunisie_168377.jpg\",\"width\":301,\"height\":301,\"caption\":\"Webdo\"},\"image\":{\"@id\":\"https:\\\/\\\/www.webdo.tn\\\/fr\\\/#\\\/schema\\\/logo\\\/image\\\/\"},\"sameAs\":[\"https:\\\/\\\/www.facebook.com\\\/webdotn\",\"https:\\\/\\\/x.com\\\/webdo_tn\"],\"description\":\"Webdo est un m\u00e9dia num\u00e9rique tunisien fond\u00e9 en 2010, sp\u00e9cialis\u00e9 dans l\u2019actualit\u00e9 nationale et internationale, l\u2019\u00e9conomie, la soci\u00e9t\u00e9 et les analyses politiques. Le site s\u2019adresse \u00e0 un large public francophone et couvre l\u2019information tunisienne en temps r\u00e9el.\",\"email\":\"redac@webdo.tn\",\"legalName\":\"YNJ SARL\",\"foundingDate\":\"2010-09-06\",\"numberOfEmployees\":{\"@type\":\"QuantitativeValue\",\"minValue\":\"11\",\"maxValue\":\"50\"}},{\"@type\":\"Person\",\"@id\":\"https:\\\/\\\/www.webdo.tn\\\/fr\\\/#\\\/schema\\\/person\\\/82ca085b22037d285e1a3c4b65ba5f71\",\"name\":\"KJ\",\"image\":{\"@type\":\"ImageObject\",\"inLanguage\":\"fr-FR\",\"@id\":\"https:\\\/\\\/secure.gravatar.com\\\/avatar\\\/1a1320de1c1971c893f00068f760b4113d69504aa21273da17ee95650c5944fd?s=96&d=mm&r=g\",\"url\":\"https:\\\/\\\/secure.gravatar.com\\\/avatar\\\/1a1320de1c1971c893f00068f760b4113d69504aa21273da17ee95650c5944fd?s=96&d=mm&r=g\",\"contentUrl\":\"https:\\\/\\\/secure.gravatar.com\\\/avatar\\\/1a1320de1c1971c893f00068f760b4113d69504aa21273da17ee95650c5944fd?s=96&d=mm&r=g\",\"caption\":\"KJ\"},\"url\":\"https:\\\/\\\/www.webdo.tn\\\/fr\\\/actualite\\\/author\\\/kj\\\/\"}]}<\/script>\n<!-- \/ Yoast SEO Premium plugin. -->","yoast_head_json":{"title":"Edito - Productivit\u00e9 : Le myst\u00e8re du bosseur tunisien !","description":"\u00c0 l\u2019occasion du 1er Mai, cet \u00e9dito s\u2019interroge avec ironie et lucidit\u00e9 : le Tunisien est-il vraiment bosseur, ou victime d\u2019un syst\u00e8me qui a vid\u00e9 le travail de s...","canonical":"https:\/\/www.webdo.tn\/fr\/actualite\/national\/edito-productivite-le-mystere-du-bosseur-tunisien\/221709\/","og_locale":"fr_FR","og_type":"article","og_title":"Edito - Productivit\u00e9 : Le myst\u00e8re du bosseur tunisien !","og_description":"\u00c0 l\u2019occasion du 1er Mai, cet \u00e9dito s\u2019interroge avec ironie et lucidit\u00e9 : le Tunisien est-il vraiment bosseur, ou victime d\u2019un syst\u00e8me qui a vid\u00e9 le travail de s...","og_url":"https:\/\/www.webdo.tn\/fr\/actualite\/national\/edito-productivite-le-mystere-du-bosseur-tunisien\/221709\/","og_site_name":"webdo","article_publisher":"https:\/\/www.facebook.com\/webdotn","article_published_time":"2025-05-01T10:00:00+00:00","article_modified_time":"2025-05-21T08:53:30+00:00","og_image":[{"width":750,"height":400,"url":"https:\/\/www.webdo.tn\/fr\/wp-content\/uploads\/2025\/05\/c4f685e7556cb813821fd73b6bc9d7b2-4.webp","type":"image\/webp"}],"author":"KJ","twitter_card":"summary_large_image","twitter_creator":"@webdo_tn","twitter_site":"@webdo_tn","twitter_misc":{"\u00c9crit par":"KJ","Dur\u00e9e de lecture estim\u00e9e":"2 minutes"},"schema":{"@context":"https:\/\/schema.org","@graph":[{"@type":"NewsArticle","@id":"https:\/\/www.webdo.tn\/fr\/actualite\/national\/edito-productivite-le-mystere-du-bosseur-tunisien\/221709\/#article","isPartOf":{"@id":"https:\/\/www.webdo.tn\/fr\/actualite\/national\/edito-productivite-le-mystere-du-bosseur-tunisien\/221709\/"},"author":{"name":"KJ","@id":"https:\/\/www.webdo.tn\/fr\/#\/schema\/person\/82ca085b22037d285e1a3c4b65ba5f71"},"headline":"Edito &#8211; Productivit\u00e9 : Le myst\u00e8re du bosseur tunisien !","datePublished":"2025-05-01T10:00:00+00:00","dateModified":"2025-05-21T08:53:30+00:00","mainEntityOfPage":{"@id":"https:\/\/www.webdo.tn\/fr\/actualite\/national\/edito-productivite-le-mystere-du-bosseur-tunisien\/221709\/"},"wordCount":354,"commentCount":0,"publisher":{"@id":"https:\/\/www.webdo.tn\/fr\/#organization"},"image":{"@id":"https:\/\/www.webdo.tn\/fr\/actualite\/national\/edito-productivite-le-mystere-du-bosseur-tunisien\/221709\/#primaryimage"},"thumbnailUrl":"https:\/\/www.webdo.tn\/fr\/wp-content\/uploads\/2025\/05\/c4f685e7556cb813821fd73b6bc9d7b2-4.webp","keywords":["1er mai","travail","Tunisie"],"articleSection":["National"],"inLanguage":"fr-FR"},{"@type":"WebPage","@id":"https:\/\/www.webdo.tn\/fr\/actualite\/national\/edito-productivite-le-mystere-du-bosseur-tunisien\/221709\/","url":"https:\/\/www.webdo.tn\/fr\/actualite\/national\/edito-productivite-le-mystere-du-bosseur-tunisien\/221709\/","name":"Edito - Productivit\u00e9 : Le myst\u00e8re du bosseur tunisien !","isPartOf":{"@id":"https:\/\/www.webdo.tn\/fr\/#website"},"primaryImageOfPage":{"@id":"https:\/\/www.webdo.tn\/fr\/actualite\/national\/edito-productivite-le-mystere-du-bosseur-tunisien\/221709\/#primaryimage"},"image":{"@id":"https:\/\/www.webdo.tn\/fr\/actualite\/national\/edito-productivite-le-mystere-du-bosseur-tunisien\/221709\/#primaryimage"},"thumbnailUrl":"https:\/\/www.webdo.tn\/fr\/wp-content\/uploads\/2025\/05\/c4f685e7556cb813821fd73b6bc9d7b2-4.webp","datePublished":"2025-05-01T10:00:00+00:00","dateModified":"2025-05-21T08:53:30+00:00","description":"\u00c0 l\u2019occasion du 1er Mai, cet \u00e9dito s\u2019interroge avec ironie et lucidit\u00e9 : le Tunisien est-il vraiment bosseur, ou victime d\u2019un syst\u00e8me qui a vid\u00e9 le travail de s...","breadcrumb":{"@id":"https:\/\/www.webdo.tn\/fr\/actualite\/national\/edito-productivite-le-mystere-du-bosseur-tunisien\/221709\/#breadcrumb"},"inLanguage":"fr-FR","potentialAction":[{"@type":"ReadAction","target":["https:\/\/www.webdo.tn\/fr\/actualite\/national\/edito-productivite-le-mystere-du-bosseur-tunisien\/221709\/"]}]},{"@type":"ImageObject","inLanguage":"fr-FR","@id":"https:\/\/www.webdo.tn\/fr\/actualite\/national\/edito-productivite-le-mystere-du-bosseur-tunisien\/221709\/#primaryimage","url":"https:\/\/www.webdo.tn\/fr\/wp-content\/uploads\/2025\/05\/c4f685e7556cb813821fd73b6bc9d7b2-4.webp","contentUrl":"https:\/\/www.webdo.tn\/fr\/wp-content\/uploads\/2025\/05\/c4f685e7556cb813821fd73b6bc9d7b2-4.webp","width":750,"height":400},{"@type":"BreadcrumbList","@id":"https:\/\/www.webdo.tn\/fr\/actualite\/national\/edito-productivite-le-mystere-du-bosseur-tunisien\/221709\/#breadcrumb","itemListElement":[{"@type":"ListItem","position":1,"name":"Accueil","item":"https:\/\/www.webdo.tn\/fr\/"},{"@type":"ListItem","position":2,"name":"Edito &#8211; Productivit\u00e9 : Le myst\u00e8re du bosseur tunisien !"}]},{"@type":"WebSite","@id":"https:\/\/www.webdo.tn\/fr\/#website","url":"https:\/\/www.webdo.tn\/fr\/","name":"webdo","description":"Tunisie - News en Tunisie et \u00e0 l&#039;international sur Webdo.tn","publisher":{"@id":"https:\/\/www.webdo.tn\/fr\/#organization"},"potentialAction":[{"@type":"SearchAction","target":{"@type":"EntryPoint","urlTemplate":"https:\/\/www.webdo.tn\/fr\/?s={search_term_string}"},"query-input":{"@type":"PropertyValueSpecification","valueRequired":true,"valueName":"search_term_string"}}],"inLanguage":"fr-FR"},{"@type":"Organization","@id":"https:\/\/www.webdo.tn\/fr\/#organization","name":"Webdo","alternateName":"Webdo.tn","url":"https:\/\/www.webdo.tn\/fr\/","logo":{"@type":"ImageObject","inLanguage":"fr-FR","@id":"https:\/\/www.webdo.tn\/fr\/#\/schema\/logo\/image\/","url":"https:\/\/www.webdo.tn\/fr\/wp-content\/uploads\/2025\/06\/Webdo-Tunisie_168377.jpg","contentUrl":"https:\/\/www.webdo.tn\/fr\/wp-content\/uploads\/2025\/06\/Webdo-Tunisie_168377.jpg","width":301,"height":301,"caption":"Webdo"},"image":{"@id":"https:\/\/www.webdo.tn\/fr\/#\/schema\/logo\/image\/"},"sameAs":["https:\/\/www.facebook.com\/webdotn","https:\/\/x.com\/webdo_tn"],"description":"Webdo est un m\u00e9dia num\u00e9rique tunisien fond\u00e9 en 2010, sp\u00e9cialis\u00e9 dans l\u2019actualit\u00e9 nationale et internationale, l\u2019\u00e9conomie, la soci\u00e9t\u00e9 et les analyses politiques. Le site s\u2019adresse \u00e0 un large public francophone et couvre l\u2019information tunisienne en temps r\u00e9el.","email":"redac@webdo.tn","legalName":"YNJ SARL","foundingDate":"2010-09-06","numberOfEmployees":{"@type":"QuantitativeValue","minValue":"11","maxValue":"50"}},{"@type":"Person","@id":"https:\/\/www.webdo.tn\/fr\/#\/schema\/person\/82ca085b22037d285e1a3c4b65ba5f71","name":"KJ","image":{"@type":"ImageObject","inLanguage":"fr-FR","@id":"https:\/\/secure.gravatar.com\/avatar\/1a1320de1c1971c893f00068f760b4113d69504aa21273da17ee95650c5944fd?s=96&d=mm&r=g","url":"https:\/\/secure.gravatar.com\/avatar\/1a1320de1c1971c893f00068f760b4113d69504aa21273da17ee95650c5944fd?s=96&d=mm&r=g","contentUrl":"https:\/\/secure.gravatar.com\/avatar\/1a1320de1c1971c893f00068f760b4113d69504aa21273da17ee95650c5944fd?s=96&d=mm&r=g","caption":"KJ"},"url":"https:\/\/www.webdo.tn\/fr\/actualite\/author\/kj\/"}]}},"_links":{"self":[{"href":"https:\/\/www.webdo.tn\/fr\/wp-json\/wp\/v2\/posts\/221709","targetHints":{"allow":["GET"]}}],"collection":[{"href":"https:\/\/www.webdo.tn\/fr\/wp-json\/wp\/v2\/posts"}],"about":[{"href":"https:\/\/www.webdo.tn\/fr\/wp-json\/wp\/v2\/types\/post"}],"author":[{"embeddable":true,"href":"https:\/\/www.webdo.tn\/fr\/wp-json\/wp\/v2\/users\/3163"}],"replies":[{"embeddable":true,"href":"https:\/\/www.webdo.tn\/fr\/wp-json\/wp\/v2\/comments?post=221709"}],"version-history":[{"count":0,"href":"https:\/\/www.webdo.tn\/fr\/wp-json\/wp\/v2\/posts\/221709\/revisions"}],"wp:featuredmedia":[{"embeddable":true,"href":"https:\/\/www.webdo.tn\/fr\/wp-json\/wp\/v2\/media\/244231"}],"wp:attachment":[{"href":"https:\/\/www.webdo.tn\/fr\/wp-json\/wp\/v2\/media?parent=221709"}],"wp:term":[{"taxonomy":"category","embeddable":true,"href":"https:\/\/www.webdo.tn\/fr\/wp-json\/wp\/v2\/categories?post=221709"},{"taxonomy":"post_tag","embeddable":true,"href":"https:\/\/www.webdo.tn\/fr\/wp-json\/wp\/v2\/tags?post=221709"}],"curies":[{"name":"wp","href":"https:\/\/api.w.org\/{rel}","templated":true}]}}