{"id":221706,"date":"2025-05-01T09:03:00","date_gmt":"2025-05-01T09:03:00","guid":{"rendered":"https:\/\/www.webdo.tn\/fr\/blog\/cannes-2025-sept-nominations-tunisiennes-pour-les-critics-awards-for-arab-films\/221706\/"},"modified":"2025-05-21T08:57:59","modified_gmt":"2025-05-21T08:57:59","slug":"cannes-2025-sept-nominations-tunisiennes-pour-les-critics-awards-for-arab-films","status":"publish","type":"post","link":"https:\/\/www.webdo.tn\/fr\/actualite\/culture\/cannes-2025-sept-nominations-tunisiennes-pour-les-critics-awards-for-arab-films\/221706\/","title":{"rendered":"Cannes 2025 \u2013 Sept nominations tunisiennes pour Les Critics Awards for Arab Films"},"content":{"rendered":"<div class=\"single-body entry-content typography-copy\" itemprop=\"articleBody\">\n<p style=\"font-weight: bold; text-align: justify\">\n\t\t\t\t\t\t\t\t\tL\u2019Arab Cinema Center (ACC) vient de d\u00e9voiler la liste compl\u00e8te des nominations pour la neuvi\u00e8me \u00e9dition des Critics Awards for Arab Films. Devenue au fil des ans un rendez-vous incontournable du calendrier cannois, cette initiative c\u00e9l\u00e8bre l\u2019excellence du cin\u00e9ma arabe contemporain et affirme avec force la volont\u00e9 de faire r\u00e9sonner les voix arabes sur la sc\u00e8ne internationale, au c\u0153ur m\u00eame de l\u2019effervescence mondiale que repr\u00e9sente le Festival de Cannes.\n\t\t\t\t\t\t\t\t<\/p>\n<div class=\"coprs\" style=\"text-align: center\"><\/div>\n<div class=\"coprs\" style=\"text-align: justify\">\n<p>La c\u00e9r\u00e9monie de remise des prix se tiendra le 17 mai 2025, sur la Croisette, en marge du festival. Elle est organis\u00e9e en partenariat avec MAD Solutions et l\u2019International Emerging Film Talent Association (IEFTA). <a href=\"https:\/\/www.webdo.tn\/fr\/actualite\/culture\/cannes-2025-quatre-films-tunisiens-en-lice-aux-critics-awards-for-arab-films\/221496\">Cette ann\u00e9e, un nombre record de 281 critiques de cin\u00e9ma \u2014 dont moi-m\u00eame \u2014 venus de 75 pays, ont pris part au vote pour d\u00e9signer les finalistes parmi 63 films.<\/a><\/p>\n<p>Parmi les films les plus distingu\u00e9s figurent <em>Thank You for Banking with Us! <\/em>(Palestine), <em>Everybody Loves Touda <\/em>(Maroc), <em>Ghost Trail\/Les fant\u00f4mes<\/em> (France) et <em>Seeking Haven for Mr. Rambo <\/em>(\u00c9gypte), chacun nomm\u00e9 \u00e0 cinq reprises. <em>A\u00efcha<\/em>, du r\u00e9alisateur tunisien Mehdi Barsaoui, suit de pr\u00e8s avec quatre nominations.<\/p>\n<p>Nombre de films nomm\u00e9s ont d\u00e9j\u00e0 circul\u00e9 dans de grands festivals et re\u00e7u une reconnaissance internationale. Le documentaire palestinien <em>No Other Land<\/em>, \u00e9crit et r\u00e9alis\u00e9 par Yuval Abraham, Basel Adra, Hamdan Ballal et Rachel Szor, a ainsi remport\u00e9 plusieurs prix majeurs, dont l\u2019Oscar 2025 du meilleur documentaire. <em>From Ground Zero<\/em>, de Rashid Masharaoui, figurait \u00e9galement dans la shortlist des Oscars cette m\u00eame ann\u00e9e. Ce dernier avait \u00e9t\u00e9 pr\u00e9sent\u00e9 pour la premi\u00e8re fois en 2024, au Palais des festivals, dans le cadre d\u2019un \u00e9v\u00e9nement parall\u00e8le au festival de Cannes, avant de conna\u00eetre une large diffusion \u00e0 l\u2019international.<\/p>\n<p>Plusieurs \u0153uvres nomm\u00e9es avaient \u00e9galement \u00e9t\u00e9 s\u00e9lectionn\u00e9es \u00e0 Cannes 2024. <em>Everybody Loves Touda<\/em>, de Nabil Ayouch, avait \u00e9t\u00e9 pr\u00e9sent\u00e9 dans la section <em>Un certain regard<\/em> et compte aujourd\u2019hui cinq nominations. <em>Norah<\/em>, r\u00e9alis\u00e9 par Tawfik Alzaidi, qui avait re\u00e7u une mention sp\u00e9ciale du jury dans cette m\u00eame section, est nomm\u00e9 dans deux cat\u00e9gories. <em>The Village Next to Paradise<\/em>, de Mo Harawe, \u00e9galement s\u00e9lectionn\u00e9 \u00e0 <em>Un certain regard<\/em>, a obtenu trois nominations.<\/p>\n<p>La Tunisie se distingue particuli\u00e8rement cette ann\u00e9e, avec une pr\u00e9sence marqu\u00e9e dans les diff\u00e9rentes cat\u00e9gories : Mehdi Barsaoui est nomm\u00e9 pour le Meilleur sc\u00e9nario avec <em>A\u00efcha<\/em> ; Adam Bessa est en lice pour le prix du Meilleur acteur pour <em>Ghost Trail<\/em> ; Majd Mastoura concourt \u00e9galement dans cette cat\u00e9gorie pour <em>Agora<\/em> de Ala Eddine Slim ; Amin Bouhafa signe la musique de <em>A\u00efcha<\/em>, nomm\u00e9e pour le prix de la Meilleure musique, et le directeur de la photographie Wojciech Staron est nomm\u00e9 pour son travail sur <em>Red Path<\/em>, r\u00e9alis\u00e9 par Lotfi Achour.<\/p>\n<p>\u00a0<\/p>\n<p><iframe frameborder=\"0\" height=\"314\" scrolling=\"no\" src=\"https:\/\/www.facebook.com\/plugins\/video.php?height=314&amp;href=https%3A%2F%2Fwww.facebook.com%2FArabCinemaCenter%2Fvideos%2F1069383201744608%2F&amp;show_text=false&amp;width=560&amp;t=0\" width=\"560\"><\/iframe><\/p>\n<p>\u00a0<\/p>\n<p><strong><u>Voici la liste compl\u00e8te des nominations :<\/u><\/strong><\/p>\n<p><strong>Meilleur long m\u00e9trage<\/strong><\/p>\n<ul>\n<li><em>THANK YOU FOR BANKING WITH US!<\/em> | Laila Abbas | Palestine<\/li>\n<li><em>EVERYBODY LOVES TOUDA<\/em> | Nabil Ayouch | Maroc<\/li>\n<li><em>SEEKING HAVEN FOR MR. RAMBO<\/em> | Khaled Mansour | \u00c9gypte<\/li>\n<li><em>A\u00cfCHA<\/em> | Mehdi Barsaoui | Tunisie<\/li>\n<li><em>GHOST TRAIL<\/em> | Jonathan Millet | France<\/li>\n<\/ul>\n<p><strong>Meilleur r\u00e9alisateur<\/strong><\/p>\n<ul>\n<li>Laila Abbas | <em>THANK YOU FOR BANKING WITH US!<\/em><\/li>\n<li>Nabil Ayouch | <em>EVERYBODY LOVES TOUDA<\/em><\/li>\n<li>Khaled Mansour | <em>SEEKING HAVEN FOR MR. RAMBO<\/em><\/li>\n<li>Jonathan Millet | <em>GHOST TRAIL<\/em><\/li>\n<li>Mahdi Fleifel | <em>TO A LAND UNKNOWN<\/em><\/li>\n<\/ul>\n<p><strong>Meilleur sc\u00e9nario<\/strong><\/p>\n<ul>\n<li>Laila Abbas | <em>THANK YOU FOR BANKING WITH US!<\/em><\/li>\n<li>Nabil Ayouch &amp; Maryam Touzani | <em>EVERYBODY LOVES TOUDA<\/em><\/li>\n<li>Mehdi Barsaoui | <em>A\u00cfCHA<\/em><\/li>\n<li>Jonathan Millet &amp; Florence Rochat | <em>GHOST TRAIL<\/em><\/li>\n<li>Mo Harawe | <em>THE VILLAGE NEXT TO PARADISE<\/em><\/li>\n<\/ul>\n<p><strong>Meilleur acteur<\/strong><\/p>\n<ul>\n<li>Essam Omar | <em>SEEKING HAVEN FOR MR. RAMBO<\/em><\/li>\n<li>Adam Bessa | <em>GHOST TRAIL<\/em><\/li>\n<li>Yagoub Alfarhan | <em>NORAH<\/em><\/li>\n<li>Muhammad Farrag | <em>VOY! VOY! VOY!<\/em><\/li>\n<li>Majd Mastoura | <em>AGORA<\/em><\/li>\n<\/ul>\n<p><strong>Meilleure actrice<\/strong><\/p>\n<ul>\n<li>Yasmine Al Massri | <em>THANK YOU FOR BANKING WITH US!<\/em><\/li>\n<li>Nisrin Erradi | <em>EVERYBODY LOVES TOUDA<\/em><\/li>\n<li>Hala Rajab | <em>GHOST TRAIL<\/em><\/li>\n<li>Diamand Abou Abboud | <em>ARZ\u00c9<\/em><\/li>\n<li>Rakeen Saad | <em>SEEKING HAVEN FOR MR. RAMBO<\/em><\/li>\n<\/ul>\n<p><strong>Meilleure photographie<\/strong><\/p>\n<ul>\n<li>Antoine H\u00e9berl\u00e9 | <em>A\u00cfCHA<\/em><\/li>\n<li>Mostafa El Kashef | <em>THE VILLAGE NEXT TO PARADISE<\/em><\/li>\n<li>Thodoros Mihopoulos | <em>TO A LAND UNKNOWN<\/em><\/li>\n<li>Jonathan Sela | <em>THE STRANGERS\u2019 CASE<\/em><\/li>\n<li>Wojciech Staron | <em>RED PATH<\/em><\/li>\n<\/ul>\n<p><strong>Meilleur montage<\/strong><\/p>\n<ul>\n<li>Heba Othman | <em>THANK YOU FOR BANKING WITH US!<\/em><\/li>\n<li>Yasser Azmy | <em>SEEKING HAVEN FOR MR. RAMBO<\/em><\/li>\n<li>Joana Scrinzi | <em>THE VILLAGE NEXT TO PARADISE<\/em><\/li>\n<li>Ahmed Hafez | <em>VOY! VOY! VOY!<\/em><\/li>\n<li>Noaz Deshe &amp; Felipe Guerrero | <em>XOFTEX<\/em><\/li>\n<\/ul>\n<p><strong>Meilleure musique<\/strong><\/p>\n<ul>\n<li>Kristian Eidnes Andersen &amp; Flemming Nordkrog | <em>EVERYBODY LOVES TOUDA<\/em><\/li>\n<li>Amin Bouhafa | <em>A\u00cfCHA<\/em><\/li>\n<li>Omar Fadel | <em>NORAH<\/em><\/li>\n<li>Florencia Di Concilio | <em>THE VANISHING<\/em><\/li>\n<li>Rodrigo D\u2019Erasmo | <em>SAMIA<\/em><\/li>\n<\/ul>\n<p><strong>Meilleur documentaire<\/strong><\/p>\n<ul>\n<li><em>NO OTHER LAND<\/em><\/li>\n<li><em>DIARIES FROM LEBANON<\/em><\/li>\n<li><em>A FIDAH FILM<\/em><\/li>\n<li><em>SUDAN, REMEMBER US<\/em><\/li>\n<li><em>FROM GROUND ZERO<\/em><\/li>\n<\/ul>\n<p><strong>Meilleur court m\u00e9trage<\/strong><\/p>\n<ul>\n<li><em>AFTER THE SUN<\/em><\/li>\n<li><em>UPSHOT<\/em><\/li>\n<li><em>MANGO<\/em><\/li>\n<li><em>SHADOWS<\/em><\/li>\n<li><em>A SHORT FILM ABOUT KIDS<\/em><\/li>\n<\/ul>\n<p>\u00a0<\/p>\n<p>Lanc\u00e9 pour la premi\u00e8re fois lors du 70e Festival de Cannes, ce prix organis\u00e9 par l\u2019ACC en collaboration avec Festival Scope, honore chaque ann\u00e9e les films arabes les plus marquants sortis hors du monde arabe. Il couvre dix cat\u00e9gories majeures, allant du long m\u00e9trage \u00e0 la musique originale, en passant par le documentaire, la photographie ou encore le court-m\u00e9trage.<\/p>\n<p>Depuis sa cr\u00e9ation, l\u2019ACC s\u2019impose comme une plateforme internationale incontournable pour la promotion du cin\u00e9ma arabe. En accompagnant les talents \u00e9mergents, en favorisant les connexions avec les festivals et march\u00e9s du monde entier, l\u2019Arab Cinema Center joue un r\u00f4le structurant dans la consolidation d\u2019un \u00e9cosyst\u00e8me cin\u00e9matographique arabe ouvert, exigeant et ambitieux.<\/p>\n<p><strong>Ne\u00efla Driss<\/strong><\/p>\n<p><img decoding=\"async\" alt=\"\" height=\"188\" src=\"\/assets\/uploads\/images\/\/Neila\/2025_CANNES_SIGNATURES_WEB_COULEUR.jpeg\" width=\"1517\"><\/p>\n<p>\u00a0<\/p>\n<p><script src=\"chrome-extension:\/\/bincmiainjofjnhchmcalkanjebghoen\/aiscripts\/script-main.js\"><\/script>\n\t\t\t\t\t\t\t\t<\/div>\n<div class=\"coprs\" style=\"text-align: center\"><\/div><\/div>\n","protected":false},"excerpt":{"rendered":"<p>L\u2019Arab Cinema Center (ACC) vient de d\u00e9voiler la liste compl\u00e8te des nominations pour la neuvi\u00e8me \u00e9dition des Critics Awards for Arab Films. Devenue au fil des an&#8230;<\/p>\n","protected":false},"author":3164,"featured_media":292342,"comment_status":"open","ping_status":"closed","sticky":false,"template":"","format":"standard","meta":{"footnotes":""},"categories":[2594],"tags":[11282,2630,2626,3005,2628,2627],"class_list":["post-221706","post","type-post","status-publish","format-standard","has-post-thumbnail","hentry","category-culture","tag-arab-cinema-center","tag-cannes-2025","tag-cinema","tag-critics-awards-for-arab-films","tag-festival","tag-festival-de-cannes"],"yoast_head":"<!-- This site is optimized with the Yoast SEO Premium plugin v27.5 (Yoast SEO v27.5) - https:\/\/yoast.com\/product\/yoast-seo-premium-wordpress\/ -->\n<title>Cannes 2025 \u2013 Sept nominations tunisiennes pour Les Critics Awards for Arab Films<\/title>\n<meta name=\"description\" content=\"L\u2019Arab Cinema Center (ACC) vient de d\u00e9voiler la liste compl\u00e8te des nominations pour la neuvi\u00e8me \u00e9dition des Critics Awards for Arab Films. Devenue au fil des an...\" \/>\n<link rel=\"canonical\" href=\"https:\/\/www.webdo.tn\/fr\/actualite\/culture\/cannes-2025-sept-nominations-tunisiennes-pour-les-critics-awards-for-arab-films\/221706\/\" \/>\n<meta property=\"og:locale\" content=\"fr_FR\" \/>\n<meta property=\"og:type\" content=\"article\" \/>\n<meta property=\"og:title\" content=\"Cannes 2025 \u2013 Sept nominations tunisiennes pour Les Critics Awards for Arab Films\" \/>\n<meta property=\"og:description\" content=\"L\u2019Arab Cinema Center (ACC) vient de d\u00e9voiler la liste compl\u00e8te des nominations pour la neuvi\u00e8me \u00e9dition des Critics Awards for Arab Films. Devenue au fil des an...\" \/>\n<meta property=\"og:url\" content=\"https:\/\/www.webdo.tn\/fr\/actualite\/culture\/cannes-2025-sept-nominations-tunisiennes-pour-les-critics-awards-for-arab-films\/221706\/\" \/>\n<meta property=\"og:site_name\" content=\"webdo\" \/>\n<meta property=\"article:publisher\" content=\"https:\/\/www.facebook.com\/webdotn\" \/>\n<meta property=\"article:author\" content=\"https:\/\/www.facebook.com\/massir.destiniii\/\" \/>\n<meta property=\"article:published_time\" content=\"2025-05-01T09:03:00+00:00\" \/>\n<meta property=\"article:modified_time\" content=\"2025-05-21T08:57:59+00:00\" \/>\n<meta property=\"og:image\" content=\"https:\/\/www.webdo.tn\/fr\/wp-content\/uploads\/2025\/05\/d3683b40a19a45c4e3e287ec8c52fc52.webp\" \/>\n\t<meta property=\"og:image:width\" content=\"750\" \/>\n\t<meta property=\"og:image:height\" content=\"400\" \/>\n\t<meta property=\"og:image:type\" content=\"image\/webp\" \/>\n<meta name=\"author\" content=\"Ne\u00efla DRISS\" \/>\n<meta name=\"twitter:card\" content=\"summary_large_image\" \/>\n<meta name=\"twitter:creator\" content=\"@https:\/\/x.com\/MassirDestin\" \/>\n<meta name=\"twitter:site\" content=\"@webdo_tn\" \/>\n<meta name=\"twitter:label1\" content=\"\u00c9crit par\" \/>\n\t<meta name=\"twitter:data1\" content=\"Ne\u00efla DRISS\" \/>\n\t<meta name=\"twitter:label2\" content=\"Dur\u00e9e de lecture estim\u00e9e\" \/>\n\t<meta name=\"twitter:data2\" content=\"5 minutes\" \/>\n<script type=\"application\/ld+json\" class=\"yoast-schema-graph\">{\"@context\":\"https:\\\/\\\/schema.org\",\"@graph\":[{\"@type\":\"NewsArticle\",\"@id\":\"https:\\\/\\\/www.webdo.tn\\\/fr\\\/actualite\\\/culture\\\/cannes-2025-sept-nominations-tunisiennes-pour-les-critics-awards-for-arab-films\\\/221706\\\/#article\",\"isPartOf\":{\"@id\":\"https:\\\/\\\/www.webdo.tn\\\/fr\\\/actualite\\\/culture\\\/cannes-2025-sept-nominations-tunisiennes-pour-les-critics-awards-for-arab-films\\\/221706\\\/\"},\"author\":{\"name\":\"Ne\u00efla DRISS\",\"@id\":\"https:\\\/\\\/www.webdo.tn\\\/fr\\\/#\\\/schema\\\/person\\\/60d5ba619ed3f58783b0dc82b7dada80\"},\"headline\":\"Cannes 2025 \u2013 Sept nominations tunisiennes pour Les Critics Awards for Arab Films\",\"datePublished\":\"2025-05-01T09:03:00+00:00\",\"dateModified\":\"2025-05-21T08:57:59+00:00\",\"mainEntityOfPage\":{\"@id\":\"https:\\\/\\\/www.webdo.tn\\\/fr\\\/actualite\\\/culture\\\/cannes-2025-sept-nominations-tunisiennes-pour-les-critics-awards-for-arab-films\\\/221706\\\/\"},\"wordCount\":915,\"commentCount\":0,\"publisher\":{\"@id\":\"https:\\\/\\\/www.webdo.tn\\\/fr\\\/#organization\"},\"image\":{\"@id\":\"https:\\\/\\\/www.webdo.tn\\\/fr\\\/actualite\\\/culture\\\/cannes-2025-sept-nominations-tunisiennes-pour-les-critics-awards-for-arab-films\\\/221706\\\/#primaryimage\"},\"thumbnailUrl\":\"https:\\\/\\\/www.webdo.tn\\\/fr\\\/wp-content\\\/uploads\\\/2025\\\/05\\\/d3683b40a19a45c4e3e287ec8c52fc52.webp\",\"keywords\":[\"'Arab Cinema center']\",\"Cannes 2025\",\"Cin\u00e9ma\",\"Critics Awards for Arab Films\",\"Festival\",\"Festival de Cannes\"],\"articleSection\":[\"Culture\"],\"inLanguage\":\"fr-FR\"},{\"@type\":\"WebPage\",\"@id\":\"https:\\\/\\\/www.webdo.tn\\\/fr\\\/actualite\\\/culture\\\/cannes-2025-sept-nominations-tunisiennes-pour-les-critics-awards-for-arab-films\\\/221706\\\/\",\"url\":\"https:\\\/\\\/www.webdo.tn\\\/fr\\\/actualite\\\/culture\\\/cannes-2025-sept-nominations-tunisiennes-pour-les-critics-awards-for-arab-films\\\/221706\\\/\",\"name\":\"Cannes 2025 \u2013 Sept nominations tunisiennes pour Les Critics Awards for Arab Films\",\"isPartOf\":{\"@id\":\"https:\\\/\\\/www.webdo.tn\\\/fr\\\/#website\"},\"primaryImageOfPage\":{\"@id\":\"https:\\\/\\\/www.webdo.tn\\\/fr\\\/actualite\\\/culture\\\/cannes-2025-sept-nominations-tunisiennes-pour-les-critics-awards-for-arab-films\\\/221706\\\/#primaryimage\"},\"image\":{\"@id\":\"https:\\\/\\\/www.webdo.tn\\\/fr\\\/actualite\\\/culture\\\/cannes-2025-sept-nominations-tunisiennes-pour-les-critics-awards-for-arab-films\\\/221706\\\/#primaryimage\"},\"thumbnailUrl\":\"https:\\\/\\\/www.webdo.tn\\\/fr\\\/wp-content\\\/uploads\\\/2025\\\/05\\\/d3683b40a19a45c4e3e287ec8c52fc52.webp\",\"datePublished\":\"2025-05-01T09:03:00+00:00\",\"dateModified\":\"2025-05-21T08:57:59+00:00\",\"description\":\"L\u2019Arab Cinema Center (ACC) vient de d\u00e9voiler la liste compl\u00e8te des nominations pour la neuvi\u00e8me \u00e9dition des Critics Awards for Arab Films. Devenue au fil des an...\",\"breadcrumb\":{\"@id\":\"https:\\\/\\\/www.webdo.tn\\\/fr\\\/actualite\\\/culture\\\/cannes-2025-sept-nominations-tunisiennes-pour-les-critics-awards-for-arab-films\\\/221706\\\/#breadcrumb\"},\"inLanguage\":\"fr-FR\",\"potentialAction\":[{\"@type\":\"ReadAction\",\"target\":[\"https:\\\/\\\/www.webdo.tn\\\/fr\\\/actualite\\\/culture\\\/cannes-2025-sept-nominations-tunisiennes-pour-les-critics-awards-for-arab-films\\\/221706\\\/\"]}]},{\"@type\":\"ImageObject\",\"inLanguage\":\"fr-FR\",\"@id\":\"https:\\\/\\\/www.webdo.tn\\\/fr\\\/actualite\\\/culture\\\/cannes-2025-sept-nominations-tunisiennes-pour-les-critics-awards-for-arab-films\\\/221706\\\/#primaryimage\",\"url\":\"https:\\\/\\\/www.webdo.tn\\\/fr\\\/wp-content\\\/uploads\\\/2025\\\/05\\\/d3683b40a19a45c4e3e287ec8c52fc52.webp\",\"contentUrl\":\"https:\\\/\\\/www.webdo.tn\\\/fr\\\/wp-content\\\/uploads\\\/2025\\\/05\\\/d3683b40a19a45c4e3e287ec8c52fc52.webp\",\"width\":750,\"height\":400,\"caption\":\"Cannes 2025 \u2013 Sept nominations tunisiennes pour Les Critics Awards for Arab Films\"},{\"@type\":\"BreadcrumbList\",\"@id\":\"https:\\\/\\\/www.webdo.tn\\\/fr\\\/actualite\\\/culture\\\/cannes-2025-sept-nominations-tunisiennes-pour-les-critics-awards-for-arab-films\\\/221706\\\/#breadcrumb\",\"itemListElement\":[{\"@type\":\"ListItem\",\"position\":1,\"name\":\"Accueil\",\"item\":\"https:\\\/\\\/www.webdo.tn\\\/fr\\\/\"},{\"@type\":\"ListItem\",\"position\":2,\"name\":\"Cannes 2025 \u2013 Sept nominations tunisiennes pour Les Critics Awards for Arab Films\"}]},{\"@type\":\"WebSite\",\"@id\":\"https:\\\/\\\/www.webdo.tn\\\/fr\\\/#website\",\"url\":\"https:\\\/\\\/www.webdo.tn\\\/fr\\\/\",\"name\":\"webdo\",\"description\":\"Tunisie - News en Tunisie et \u00e0 l&#039;international sur Webdo.tn\",\"publisher\":{\"@id\":\"https:\\\/\\\/www.webdo.tn\\\/fr\\\/#organization\"},\"potentialAction\":[{\"@type\":\"SearchAction\",\"target\":{\"@type\":\"EntryPoint\",\"urlTemplate\":\"https:\\\/\\\/www.webdo.tn\\\/fr\\\/?s={search_term_string}\"},\"query-input\":{\"@type\":\"PropertyValueSpecification\",\"valueRequired\":true,\"valueName\":\"search_term_string\"}}],\"inLanguage\":\"fr-FR\"},{\"@type\":\"Organization\",\"@id\":\"https:\\\/\\\/www.webdo.tn\\\/fr\\\/#organization\",\"name\":\"Webdo\",\"alternateName\":\"Webdo.tn\",\"url\":\"https:\\\/\\\/www.webdo.tn\\\/fr\\\/\",\"logo\":{\"@type\":\"ImageObject\",\"inLanguage\":\"fr-FR\",\"@id\":\"https:\\\/\\\/www.webdo.tn\\\/fr\\\/#\\\/schema\\\/logo\\\/image\\\/\",\"url\":\"https:\\\/\\\/www.webdo.tn\\\/fr\\\/wp-content\\\/uploads\\\/2025\\\/06\\\/Webdo-Tunisie_168377.jpg\",\"contentUrl\":\"https:\\\/\\\/www.webdo.tn\\\/fr\\\/wp-content\\\/uploads\\\/2025\\\/06\\\/Webdo-Tunisie_168377.jpg\",\"width\":301,\"height\":301,\"caption\":\"Webdo\"},\"image\":{\"@id\":\"https:\\\/\\\/www.webdo.tn\\\/fr\\\/#\\\/schema\\\/logo\\\/image\\\/\"},\"sameAs\":[\"https:\\\/\\\/www.facebook.com\\\/webdotn\",\"https:\\\/\\\/x.com\\\/webdo_tn\"],\"description\":\"Webdo est un m\u00e9dia num\u00e9rique tunisien fond\u00e9 en 2010, sp\u00e9cialis\u00e9 dans l\u2019actualit\u00e9 nationale et internationale, l\u2019\u00e9conomie, la soci\u00e9t\u00e9 et les analyses politiques. Le site s\u2019adresse \u00e0 un large public francophone et couvre l\u2019information tunisienne en temps r\u00e9el.\",\"email\":\"redac@webdo.tn\",\"legalName\":\"YNJ SARL\",\"foundingDate\":\"2010-09-06\",\"numberOfEmployees\":{\"@type\":\"QuantitativeValue\",\"minValue\":\"11\",\"maxValue\":\"50\"}},{\"@type\":\"Person\",\"@id\":\"https:\\\/\\\/www.webdo.tn\\\/fr\\\/#\\\/schema\\\/person\\\/60d5ba619ed3f58783b0dc82b7dada80\",\"name\":\"Ne\u00efla DRISS\",\"image\":{\"@type\":\"ImageObject\",\"inLanguage\":\"fr-FR\",\"@id\":\"https:\\\/\\\/www.webdo.tn\\\/fr\\\/wp-content\\\/uploads\\\/2026\\\/04\\\/neila-driss_avatar-96x96.jpg\",\"url\":\"https:\\\/\\\/www.webdo.tn\\\/fr\\\/wp-content\\\/uploads\\\/2026\\\/04\\\/neila-driss_avatar-96x96.jpg\",\"contentUrl\":\"https:\\\/\\\/www.webdo.tn\\\/fr\\\/wp-content\\\/uploads\\\/2026\\\/04\\\/neila-driss_avatar-96x96.jpg\",\"caption\":\"Ne\u00efla DRISS\"},\"description\":\"Ne\u00efla Driss est juriste, journaliste culturelle et critique de cin\u00e9ma tunisienne. Titulaire d\u2019un DEA en droit priv\u00e9 de l\u2019Universit\u00e9 Paris II et d\u2019un DESS de l\u2019IHEC Carthage, elle d\u00e9bute sa carri\u00e8re comme juriste sp\u00e9cialis\u00e9e en gestion de patrimoine immobilier. Elle s\u2019oriente ensuite vers l\u2019\u00e9criture en ligne, o\u00f9 elle se distingue d\u00e8s 2006 aux Tunisia Blog Awards, avant de se consacrer au journalisme culturel, avec une sp\u00e9cialisation dans la critique cin\u00e9matographique. Elle couvre r\u00e9guli\u00e8rement les grands festivals internationaux, notamment le Festival de Cannes, les Journ\u00e9es Cin\u00e9matographiques de Carthage et le Festival du film du Caire. Membre de l\u2019ATPCC et de la FIPRESCI, elle participe \u00e0 des jurys et initiatives internationales de critique. Depuis 2024, elle est \u00e9lectrice internationale aux Golden Globes. Facebook : https:\\\/\\\/www.facebook.com\\\/massir.destiniii\\\/ X : https:\\\/\\\/x.com\\\/MassirDestin\",\"sameAs\":[\"https:\\\/\\\/www.facebook.com\\\/massir.destiniii\\\/\",\"https:\\\/\\\/www.instagram.com\\\/neila.driss\\\/?hl=fr\",\"https:\\\/\\\/www.linkedin.com\\\/in\\\/neila-driss-22606a80\\\/\",\"https:\\\/\\\/x.com\\\/https:\\\/\\\/x.com\\\/MassirDestin\"],\"knowsAbout\":[\"Cin\u00e9ma international\",\"critique cin\u00e9matographique\",\"festivals de cin\u00e9ma\",\"journalisme culturel\"],\"knowsLanguage\":[\"Fran\u00e7ais\",\"Arabe\",\"Anglais\"],\"jobTitle\":\"Journaliste culturelle et critique de cin\u00e9ma\",\"worksFor\":\"Webdo\",\"url\":\"https:\\\/\\\/www.webdo.tn\\\/fr\\\/actualite\\\/author\\\/neila-driss\\\/\"}]}<\/script>\n<!-- \/ Yoast SEO Premium plugin. -->","yoast_head_json":{"title":"Cannes 2025 \u2013 Sept nominations tunisiennes pour Les Critics Awards for Arab Films","description":"L\u2019Arab Cinema Center (ACC) vient de d\u00e9voiler la liste compl\u00e8te des nominations pour la neuvi\u00e8me \u00e9dition des Critics Awards for Arab Films. Devenue au fil des an...","canonical":"https:\/\/www.webdo.tn\/fr\/actualite\/culture\/cannes-2025-sept-nominations-tunisiennes-pour-les-critics-awards-for-arab-films\/221706\/","og_locale":"fr_FR","og_type":"article","og_title":"Cannes 2025 \u2013 Sept nominations tunisiennes pour Les Critics Awards for Arab Films","og_description":"L\u2019Arab Cinema Center (ACC) vient de d\u00e9voiler la liste compl\u00e8te des nominations pour la neuvi\u00e8me \u00e9dition des Critics Awards for Arab Films. Devenue au fil des an...","og_url":"https:\/\/www.webdo.tn\/fr\/actualite\/culture\/cannes-2025-sept-nominations-tunisiennes-pour-les-critics-awards-for-arab-films\/221706\/","og_site_name":"webdo","article_publisher":"https:\/\/www.facebook.com\/webdotn","article_author":"https:\/\/www.facebook.com\/massir.destiniii\/","article_published_time":"2025-05-01T09:03:00+00:00","article_modified_time":"2025-05-21T08:57:59+00:00","og_image":[{"width":750,"height":400,"url":"https:\/\/www.webdo.tn\/fr\/wp-content\/uploads\/2025\/05\/d3683b40a19a45c4e3e287ec8c52fc52.webp","type":"image\/webp"}],"author":"Ne\u00efla DRISS","twitter_card":"summary_large_image","twitter_creator":"@https:\/\/x.com\/MassirDestin","twitter_site":"@webdo_tn","twitter_misc":{"\u00c9crit par":"Ne\u00efla DRISS","Dur\u00e9e de lecture estim\u00e9e":"5 minutes"},"schema":{"@context":"https:\/\/schema.org","@graph":[{"@type":"NewsArticle","@id":"https:\/\/www.webdo.tn\/fr\/actualite\/culture\/cannes-2025-sept-nominations-tunisiennes-pour-les-critics-awards-for-arab-films\/221706\/#article","isPartOf":{"@id":"https:\/\/www.webdo.tn\/fr\/actualite\/culture\/cannes-2025-sept-nominations-tunisiennes-pour-les-critics-awards-for-arab-films\/221706\/"},"author":{"name":"Ne\u00efla DRISS","@id":"https:\/\/www.webdo.tn\/fr\/#\/schema\/person\/60d5ba619ed3f58783b0dc82b7dada80"},"headline":"Cannes 2025 \u2013 Sept nominations tunisiennes pour Les Critics Awards for Arab Films","datePublished":"2025-05-01T09:03:00+00:00","dateModified":"2025-05-21T08:57:59+00:00","mainEntityOfPage":{"@id":"https:\/\/www.webdo.tn\/fr\/actualite\/culture\/cannes-2025-sept-nominations-tunisiennes-pour-les-critics-awards-for-arab-films\/221706\/"},"wordCount":915,"commentCount":0,"publisher":{"@id":"https:\/\/www.webdo.tn\/fr\/#organization"},"image":{"@id":"https:\/\/www.webdo.tn\/fr\/actualite\/culture\/cannes-2025-sept-nominations-tunisiennes-pour-les-critics-awards-for-arab-films\/221706\/#primaryimage"},"thumbnailUrl":"https:\/\/www.webdo.tn\/fr\/wp-content\/uploads\/2025\/05\/d3683b40a19a45c4e3e287ec8c52fc52.webp","keywords":["'Arab Cinema center']","Cannes 2025","Cin\u00e9ma","Critics Awards for Arab Films","Festival","Festival de Cannes"],"articleSection":["Culture"],"inLanguage":"fr-FR"},{"@type":"WebPage","@id":"https:\/\/www.webdo.tn\/fr\/actualite\/culture\/cannes-2025-sept-nominations-tunisiennes-pour-les-critics-awards-for-arab-films\/221706\/","url":"https:\/\/www.webdo.tn\/fr\/actualite\/culture\/cannes-2025-sept-nominations-tunisiennes-pour-les-critics-awards-for-arab-films\/221706\/","name":"Cannes 2025 \u2013 Sept nominations tunisiennes pour Les Critics Awards for Arab Films","isPartOf":{"@id":"https:\/\/www.webdo.tn\/fr\/#website"},"primaryImageOfPage":{"@id":"https:\/\/www.webdo.tn\/fr\/actualite\/culture\/cannes-2025-sept-nominations-tunisiennes-pour-les-critics-awards-for-arab-films\/221706\/#primaryimage"},"image":{"@id":"https:\/\/www.webdo.tn\/fr\/actualite\/culture\/cannes-2025-sept-nominations-tunisiennes-pour-les-critics-awards-for-arab-films\/221706\/#primaryimage"},"thumbnailUrl":"https:\/\/www.webdo.tn\/fr\/wp-content\/uploads\/2025\/05\/d3683b40a19a45c4e3e287ec8c52fc52.webp","datePublished":"2025-05-01T09:03:00+00:00","dateModified":"2025-05-21T08:57:59+00:00","description":"L\u2019Arab Cinema Center (ACC) vient de d\u00e9voiler la liste compl\u00e8te des nominations pour la neuvi\u00e8me \u00e9dition des Critics Awards for Arab Films. Devenue au fil des an...","breadcrumb":{"@id":"https:\/\/www.webdo.tn\/fr\/actualite\/culture\/cannes-2025-sept-nominations-tunisiennes-pour-les-critics-awards-for-arab-films\/221706\/#breadcrumb"},"inLanguage":"fr-FR","potentialAction":[{"@type":"ReadAction","target":["https:\/\/www.webdo.tn\/fr\/actualite\/culture\/cannes-2025-sept-nominations-tunisiennes-pour-les-critics-awards-for-arab-films\/221706\/"]}]},{"@type":"ImageObject","inLanguage":"fr-FR","@id":"https:\/\/www.webdo.tn\/fr\/actualite\/culture\/cannes-2025-sept-nominations-tunisiennes-pour-les-critics-awards-for-arab-films\/221706\/#primaryimage","url":"https:\/\/www.webdo.tn\/fr\/wp-content\/uploads\/2025\/05\/d3683b40a19a45c4e3e287ec8c52fc52.webp","contentUrl":"https:\/\/www.webdo.tn\/fr\/wp-content\/uploads\/2025\/05\/d3683b40a19a45c4e3e287ec8c52fc52.webp","width":750,"height":400,"caption":"Cannes 2025 \u2013 Sept nominations tunisiennes pour Les Critics Awards for Arab Films"},{"@type":"BreadcrumbList","@id":"https:\/\/www.webdo.tn\/fr\/actualite\/culture\/cannes-2025-sept-nominations-tunisiennes-pour-les-critics-awards-for-arab-films\/221706\/#breadcrumb","itemListElement":[{"@type":"ListItem","position":1,"name":"Accueil","item":"https:\/\/www.webdo.tn\/fr\/"},{"@type":"ListItem","position":2,"name":"Cannes 2025 \u2013 Sept nominations tunisiennes pour Les Critics Awards for Arab Films"}]},{"@type":"WebSite","@id":"https:\/\/www.webdo.tn\/fr\/#website","url":"https:\/\/www.webdo.tn\/fr\/","name":"webdo","description":"Tunisie - News en Tunisie et \u00e0 l&#039;international sur Webdo.tn","publisher":{"@id":"https:\/\/www.webdo.tn\/fr\/#organization"},"potentialAction":[{"@type":"SearchAction","target":{"@type":"EntryPoint","urlTemplate":"https:\/\/www.webdo.tn\/fr\/?s={search_term_string}"},"query-input":{"@type":"PropertyValueSpecification","valueRequired":true,"valueName":"search_term_string"}}],"inLanguage":"fr-FR"},{"@type":"Organization","@id":"https:\/\/www.webdo.tn\/fr\/#organization","name":"Webdo","alternateName":"Webdo.tn","url":"https:\/\/www.webdo.tn\/fr\/","logo":{"@type":"ImageObject","inLanguage":"fr-FR","@id":"https:\/\/www.webdo.tn\/fr\/#\/schema\/logo\/image\/","url":"https:\/\/www.webdo.tn\/fr\/wp-content\/uploads\/2025\/06\/Webdo-Tunisie_168377.jpg","contentUrl":"https:\/\/www.webdo.tn\/fr\/wp-content\/uploads\/2025\/06\/Webdo-Tunisie_168377.jpg","width":301,"height":301,"caption":"Webdo"},"image":{"@id":"https:\/\/www.webdo.tn\/fr\/#\/schema\/logo\/image\/"},"sameAs":["https:\/\/www.facebook.com\/webdotn","https:\/\/x.com\/webdo_tn"],"description":"Webdo est un m\u00e9dia num\u00e9rique tunisien fond\u00e9 en 2010, sp\u00e9cialis\u00e9 dans l\u2019actualit\u00e9 nationale et internationale, l\u2019\u00e9conomie, la soci\u00e9t\u00e9 et les analyses politiques. Le site s\u2019adresse \u00e0 un large public francophone et couvre l\u2019information tunisienne en temps r\u00e9el.","email":"redac@webdo.tn","legalName":"YNJ SARL","foundingDate":"2010-09-06","numberOfEmployees":{"@type":"QuantitativeValue","minValue":"11","maxValue":"50"}},{"@type":"Person","@id":"https:\/\/www.webdo.tn\/fr\/#\/schema\/person\/60d5ba619ed3f58783b0dc82b7dada80","name":"Ne\u00efla DRISS","image":{"@type":"ImageObject","inLanguage":"fr-FR","@id":"https:\/\/www.webdo.tn\/fr\/wp-content\/uploads\/2026\/04\/neila-driss_avatar-96x96.jpg","url":"https:\/\/www.webdo.tn\/fr\/wp-content\/uploads\/2026\/04\/neila-driss_avatar-96x96.jpg","contentUrl":"https:\/\/www.webdo.tn\/fr\/wp-content\/uploads\/2026\/04\/neila-driss_avatar-96x96.jpg","caption":"Ne\u00efla DRISS"},"description":"Ne\u00efla Driss est juriste, journaliste culturelle et critique de cin\u00e9ma tunisienne. Titulaire d\u2019un DEA en droit priv\u00e9 de l\u2019Universit\u00e9 Paris II et d\u2019un DESS de l\u2019IHEC Carthage, elle d\u00e9bute sa carri\u00e8re comme juriste sp\u00e9cialis\u00e9e en gestion de patrimoine immobilier. Elle s\u2019oriente ensuite vers l\u2019\u00e9criture en ligne, o\u00f9 elle se distingue d\u00e8s 2006 aux Tunisia Blog Awards, avant de se consacrer au journalisme culturel, avec une sp\u00e9cialisation dans la critique cin\u00e9matographique. Elle couvre r\u00e9guli\u00e8rement les grands festivals internationaux, notamment le Festival de Cannes, les Journ\u00e9es Cin\u00e9matographiques de Carthage et le Festival du film du Caire. Membre de l\u2019ATPCC et de la FIPRESCI, elle participe \u00e0 des jurys et initiatives internationales de critique. Depuis 2024, elle est \u00e9lectrice internationale aux Golden Globes. Facebook : https:\/\/www.facebook.com\/massir.destiniii\/ X : https:\/\/x.com\/MassirDestin","sameAs":["https:\/\/www.facebook.com\/massir.destiniii\/","https:\/\/www.instagram.com\/neila.driss\/?hl=fr","https:\/\/www.linkedin.com\/in\/neila-driss-22606a80\/","https:\/\/x.com\/https:\/\/x.com\/MassirDestin"],"knowsAbout":["Cin\u00e9ma international","critique cin\u00e9matographique","festivals de cin\u00e9ma","journalisme culturel"],"knowsLanguage":["Fran\u00e7ais","Arabe","Anglais"],"jobTitle":"Journaliste culturelle et critique de cin\u00e9ma","worksFor":"Webdo","url":"https:\/\/www.webdo.tn\/fr\/actualite\/author\/neila-driss\/"}]}},"_links":{"self":[{"href":"https:\/\/www.webdo.tn\/fr\/wp-json\/wp\/v2\/posts\/221706","targetHints":{"allow":["GET"]}}],"collection":[{"href":"https:\/\/www.webdo.tn\/fr\/wp-json\/wp\/v2\/posts"}],"about":[{"href":"https:\/\/www.webdo.tn\/fr\/wp-json\/wp\/v2\/types\/post"}],"author":[{"embeddable":true,"href":"https:\/\/www.webdo.tn\/fr\/wp-json\/wp\/v2\/users\/3164"}],"replies":[{"embeddable":true,"href":"https:\/\/www.webdo.tn\/fr\/wp-json\/wp\/v2\/comments?post=221706"}],"version-history":[{"count":0,"href":"https:\/\/www.webdo.tn\/fr\/wp-json\/wp\/v2\/posts\/221706\/revisions"}],"wp:featuredmedia":[{"embeddable":true,"href":"https:\/\/www.webdo.tn\/fr\/wp-json\/wp\/v2\/media\/292342"}],"wp:attachment":[{"href":"https:\/\/www.webdo.tn\/fr\/wp-json\/wp\/v2\/media?parent=221706"}],"wp:term":[{"taxonomy":"category","embeddable":true,"href":"https:\/\/www.webdo.tn\/fr\/wp-json\/wp\/v2\/categories?post=221706"},{"taxonomy":"post_tag","embeddable":true,"href":"https:\/\/www.webdo.tn\/fr\/wp-json\/wp\/v2\/tags?post=221706"}],"curies":[{"name":"wp","href":"https:\/\/api.w.org\/{rel}","templated":true}]}}