{"id":221704,"date":"2025-04-30T20:40:00","date_gmt":"2025-04-30T20:40:00","guid":{"rendered":"https:\/\/www.webdo.tn\/fr\/blog\/transport-education-energie-la-tunisie-consolide-ses-liens-avec-la-bei\/221704\/"},"modified":"2025-05-21T09:09:30","modified_gmt":"2025-05-21T09:09:30","slug":"transport-education-energie-la-tunisie-consolide-ses-liens-avec-la-bei","status":"publish","type":"post","link":"https:\/\/www.webdo.tn\/fr\/actualite\/national\/transport-education-energie-la-tunisie-consolide-ses-liens-avec-la-bei\/221704\/","title":{"rendered":"Transport, \u00e9ducation, \u00e9nergie : la Tunisie consolide ses liens avec la BEI"},"content":{"rendered":"<p>La cheffe du gouvernement, Sarra Zaafrani Zenzri, a re\u00e7u mercredi 30 avril 2025 au Palais de la Kasbah, Ioannis Tsakiris, vice-pr\u00e9sident de la Banque europ\u00e9enne d\u2019investissement (BEI), en visite officielle en Tunisie. Il \u00e9tait accompagn\u00e9 de repr\u00e9sentants de la BEI et de l\u2019Union europ\u00e9enne.<\/p>\n<p>\t\t\t\t\t\t\t\t\tLes \u00e9changes ont port\u00e9 sur le renforcement de la coop\u00e9ration entre la Tunisie et la BEI, partenaire du pays depuis 1979. Cette collaboration a permis la r\u00e9alisation de 138 projets dans des secteurs cl\u00e9s comme les infrastructures, le transport, l\u2019\u00e9nergie et l\u2019\u00e9ducation.<\/p>\n<p>Sarra Zaafrani Zenzri a soulign\u00e9 l\u2019importance de cette relation dans le contexte actuel de stabilit\u00e9 politique et de r\u00e9formes engag\u00e9es. Elle a salu\u00e9 la signature de nouveaux accords couvrant notamment le transport ferroviaire, la sant\u00e9, l\u2019enseignement et les \u00e9nergies renouvelables.<\/p>\n<p>Elle a \u00e9galement \u00e9voqu\u00e9 l\u2019adoption d\u2019un nouveau mod\u00e8le de d\u00e9veloppement, bas\u00e9 sur une approche ascendante, qui orientera le plan national 2026\u20132030.<\/p>\n<p>Pour sa part, Ioannis Tsakiris a r\u00e9affirm\u00e9 l\u2019engagement de la BEI \u00e0 soutenir les priorit\u00e9s de la Tunisie, en finan\u00e7ant des projets structurants d\u00e9finis par les autorit\u00e9s.<\/p>\n","protected":false},"excerpt":{"rendered":"<p>La Tunisie renforce sa coop\u00e9ration avec la Banque europ\u00e9enne d\u2019investissement pour financer des projets majeurs dans les secteurs du transport, de l\u2019\u00e9nergie, de&#8230;<\/p>\n","protected":false},"author":3166,"featured_media":292337,"comment_status":"open","ping_status":"closed","sticky":false,"template":"","format":"standard","meta":{"footnotes":""},"categories":[44],"tags":[11278,2883,2634,3186,2731,2818,2608],"class_list":["post-221704","post","type-post","status-publish","format-standard","has-post-thumbnail","hentry","category-national","tag-energierenouvelable","tag-bei","tag-education","tag-investissement","tag-sante","tag-transport","tag-tunisie"],"yoast_head":"<!-- This site is optimized with the Yoast SEO Premium plugin v27.4 (Yoast SEO v27.5) - https:\/\/yoast.com\/product\/yoast-seo-premium-wordpress\/ -->\n<title>Transport, \u00e9ducation, \u00e9nergie : la Tunisie consolide ses liens avec la BEI<\/title>\n<meta name=\"description\" content=\"La Tunisie renforce sa coop\u00e9ration avec la Banque europ\u00e9enne d\u2019investissement pour financer des projets majeurs dans les secteurs du transport, de l\u2019\u00e9nergie, de...\" \/>\n<link rel=\"canonical\" href=\"https:\/\/www.webdo.tn\/fr\/actualite\/national\/transport-education-energie-la-tunisie-consolide-ses-liens-avec-la-bei\/221704\/\" \/>\n<meta property=\"og:locale\" content=\"fr_FR\" \/>\n<meta property=\"og:type\" content=\"article\" \/>\n<meta property=\"og:title\" content=\"Transport, \u00e9ducation, \u00e9nergie : la Tunisie consolide ses liens avec la BEI\" \/>\n<meta property=\"og:description\" content=\"La Tunisie renforce sa coop\u00e9ration avec la Banque europ\u00e9enne d\u2019investissement pour financer des projets majeurs dans les secteurs du transport, de l\u2019\u00e9nergie, de...\" \/>\n<meta property=\"og:url\" content=\"https:\/\/www.webdo.tn\/fr\/actualite\/national\/transport-education-energie-la-tunisie-consolide-ses-liens-avec-la-bei\/221704\/\" \/>\n<meta property=\"og:site_name\" content=\"webdo\" \/>\n<meta property=\"article:publisher\" content=\"https:\/\/www.facebook.com\/webdotn\" \/>\n<meta property=\"article:published_time\" content=\"2025-04-30T20:40:00+00:00\" \/>\n<meta property=\"article:modified_time\" content=\"2025-05-21T09:09:30+00:00\" \/>\n<meta property=\"og:image\" content=\"https:\/\/www.webdo.tn\/fr\/wp-content\/uploads\/2025\/04\/c2365f8b9ac4436f8a4caae1ea2cbf7d.webp\" \/>\n\t<meta property=\"og:image:width\" content=\"750\" \/>\n\t<meta property=\"og:image:height\" content=\"400\" \/>\n\t<meta property=\"og:image:type\" content=\"image\/webp\" \/>\n<meta name=\"author\" content=\"AZ\" \/>\n<meta name=\"twitter:card\" content=\"summary_large_image\" \/>\n<meta name=\"twitter:creator\" content=\"@webdo_tn\" \/>\n<meta name=\"twitter:site\" content=\"@webdo_tn\" \/>\n<meta name=\"twitter:label1\" content=\"\u00c9crit par\" \/>\n\t<meta name=\"twitter:data1\" content=\"AZ\" \/>\n\t<meta name=\"twitter:label2\" content=\"Dur\u00e9e de lecture estim\u00e9e\" \/>\n\t<meta name=\"twitter:data2\" content=\"1 minute\" \/>\n<script type=\"application\/ld+json\" class=\"yoast-schema-graph\">{\"@context\":\"https:\\\/\\\/schema.org\",\"@graph\":[{\"@type\":\"NewsArticle\",\"@id\":\"https:\\\/\\\/www.webdo.tn\\\/fr\\\/actualite\\\/national\\\/transport-education-energie-la-tunisie-consolide-ses-liens-avec-la-bei\\\/221704\\\/#article\",\"isPartOf\":{\"@id\":\"https:\\\/\\\/www.webdo.tn\\\/fr\\\/actualite\\\/national\\\/transport-education-energie-la-tunisie-consolide-ses-liens-avec-la-bei\\\/221704\\\/\"},\"author\":{\"name\":\"AZ\",\"@id\":\"https:\\\/\\\/www.webdo.tn\\\/fr\\\/#\\\/schema\\\/person\\\/b8a41c04d93287d375510db360906b34\"},\"headline\":\"Transport, \u00e9ducation, \u00e9nergie : la Tunisie consolide ses liens avec la BEI\",\"datePublished\":\"2025-04-30T20:40:00+00:00\",\"dateModified\":\"2025-05-21T09:09:30+00:00\",\"mainEntityOfPage\":{\"@id\":\"https:\\\/\\\/www.webdo.tn\\\/fr\\\/actualite\\\/national\\\/transport-education-energie-la-tunisie-consolide-ses-liens-avec-la-bei\\\/221704\\\/\"},\"wordCount\":205,\"commentCount\":0,\"publisher\":{\"@id\":\"https:\\\/\\\/www.webdo.tn\\\/fr\\\/#organization\"},\"image\":{\"@id\":\"https:\\\/\\\/www.webdo.tn\\\/fr\\\/actualite\\\/national\\\/transport-education-energie-la-tunisie-consolide-ses-liens-avec-la-bei\\\/221704\\\/#primaryimage\"},\"thumbnailUrl\":\"https:\\\/\\\/www.webdo.tn\\\/fr\\\/wp-content\\\/uploads\\\/2025\\\/04\\\/c2365f8b9ac4436f8a4caae1ea2cbf7d.webp\",\"keywords\":[\"'\u00c9nergieRenouvelable']\",\"BEI\",\"\u00e9ducation\",\"investissement\",\"Sant\u00e9\",\"Transport\",\"Tunisie\"],\"articleSection\":[\"National\"],\"inLanguage\":\"fr-FR\"},{\"@type\":\"WebPage\",\"@id\":\"https:\\\/\\\/www.webdo.tn\\\/fr\\\/actualite\\\/national\\\/transport-education-energie-la-tunisie-consolide-ses-liens-avec-la-bei\\\/221704\\\/\",\"url\":\"https:\\\/\\\/www.webdo.tn\\\/fr\\\/actualite\\\/national\\\/transport-education-energie-la-tunisie-consolide-ses-liens-avec-la-bei\\\/221704\\\/\",\"name\":\"Transport, \u00e9ducation, \u00e9nergie : la Tunisie consolide ses liens avec la BEI\",\"isPartOf\":{\"@id\":\"https:\\\/\\\/www.webdo.tn\\\/fr\\\/#website\"},\"primaryImageOfPage\":{\"@id\":\"https:\\\/\\\/www.webdo.tn\\\/fr\\\/actualite\\\/national\\\/transport-education-energie-la-tunisie-consolide-ses-liens-avec-la-bei\\\/221704\\\/#primaryimage\"},\"image\":{\"@id\":\"https:\\\/\\\/www.webdo.tn\\\/fr\\\/actualite\\\/national\\\/transport-education-energie-la-tunisie-consolide-ses-liens-avec-la-bei\\\/221704\\\/#primaryimage\"},\"thumbnailUrl\":\"https:\\\/\\\/www.webdo.tn\\\/fr\\\/wp-content\\\/uploads\\\/2025\\\/04\\\/c2365f8b9ac4436f8a4caae1ea2cbf7d.webp\",\"datePublished\":\"2025-04-30T20:40:00+00:00\",\"dateModified\":\"2025-05-21T09:09:30+00:00\",\"description\":\"La Tunisie renforce sa coop\u00e9ration avec la Banque europ\u00e9enne d\u2019investissement pour financer des projets majeurs dans les secteurs du transport, de l\u2019\u00e9nergie, de...\",\"breadcrumb\":{\"@id\":\"https:\\\/\\\/www.webdo.tn\\\/fr\\\/actualite\\\/national\\\/transport-education-energie-la-tunisie-consolide-ses-liens-avec-la-bei\\\/221704\\\/#breadcrumb\"},\"inLanguage\":\"fr-FR\",\"potentialAction\":[{\"@type\":\"ReadAction\",\"target\":[\"https:\\\/\\\/www.webdo.tn\\\/fr\\\/actualite\\\/national\\\/transport-education-energie-la-tunisie-consolide-ses-liens-avec-la-bei\\\/221704\\\/\"]}]},{\"@type\":\"ImageObject\",\"inLanguage\":\"fr-FR\",\"@id\":\"https:\\\/\\\/www.webdo.tn\\\/fr\\\/actualite\\\/national\\\/transport-education-energie-la-tunisie-consolide-ses-liens-avec-la-bei\\\/221704\\\/#primaryimage\",\"url\":\"https:\\\/\\\/www.webdo.tn\\\/fr\\\/wp-content\\\/uploads\\\/2025\\\/04\\\/c2365f8b9ac4436f8a4caae1ea2cbf7d.webp\",\"contentUrl\":\"https:\\\/\\\/www.webdo.tn\\\/fr\\\/wp-content\\\/uploads\\\/2025\\\/04\\\/c2365f8b9ac4436f8a4caae1ea2cbf7d.webp\",\"width\":750,\"height\":400,\"caption\":\"Transport, \u00e9ducation, \u00e9nergie : la Tunisie consolide ses liens avec la BEI\"},{\"@type\":\"BreadcrumbList\",\"@id\":\"https:\\\/\\\/www.webdo.tn\\\/fr\\\/actualite\\\/national\\\/transport-education-energie-la-tunisie-consolide-ses-liens-avec-la-bei\\\/221704\\\/#breadcrumb\",\"itemListElement\":[{\"@type\":\"ListItem\",\"position\":1,\"name\":\"Accueil\",\"item\":\"https:\\\/\\\/www.webdo.tn\\\/fr\\\/\"},{\"@type\":\"ListItem\",\"position\":2,\"name\":\"Transport, \u00e9ducation, \u00e9nergie : la Tunisie consolide ses liens avec la BEI\"}]},{\"@type\":\"WebSite\",\"@id\":\"https:\\\/\\\/www.webdo.tn\\\/fr\\\/#website\",\"url\":\"https:\\\/\\\/www.webdo.tn\\\/fr\\\/\",\"name\":\"webdo\",\"description\":\"Tunisie - News en Tunisie et \u00e0 l&#039;international sur Webdo.tn\",\"publisher\":{\"@id\":\"https:\\\/\\\/www.webdo.tn\\\/fr\\\/#organization\"},\"potentialAction\":[{\"@type\":\"SearchAction\",\"target\":{\"@type\":\"EntryPoint\",\"urlTemplate\":\"https:\\\/\\\/www.webdo.tn\\\/fr\\\/?s={search_term_string}\"},\"query-input\":{\"@type\":\"PropertyValueSpecification\",\"valueRequired\":true,\"valueName\":\"search_term_string\"}}],\"inLanguage\":\"fr-FR\"},{\"@type\":\"Organization\",\"@id\":\"https:\\\/\\\/www.webdo.tn\\\/fr\\\/#organization\",\"name\":\"Webdo\",\"alternateName\":\"Webdo.tn\",\"url\":\"https:\\\/\\\/www.webdo.tn\\\/fr\\\/\",\"logo\":{\"@type\":\"ImageObject\",\"inLanguage\":\"fr-FR\",\"@id\":\"https:\\\/\\\/www.webdo.tn\\\/fr\\\/#\\\/schema\\\/logo\\\/image\\\/\",\"url\":\"https:\\\/\\\/www.webdo.tn\\\/fr\\\/wp-content\\\/uploads\\\/2025\\\/06\\\/Webdo-Tunisie_168377.jpg\",\"contentUrl\":\"https:\\\/\\\/www.webdo.tn\\\/fr\\\/wp-content\\\/uploads\\\/2025\\\/06\\\/Webdo-Tunisie_168377.jpg\",\"width\":301,\"height\":301,\"caption\":\"Webdo\"},\"image\":{\"@id\":\"https:\\\/\\\/www.webdo.tn\\\/fr\\\/#\\\/schema\\\/logo\\\/image\\\/\"},\"sameAs\":[\"https:\\\/\\\/www.facebook.com\\\/webdotn\",\"https:\\\/\\\/x.com\\\/webdo_tn\"],\"description\":\"Webdo est un m\u00e9dia num\u00e9rique tunisien fond\u00e9 en 2010, sp\u00e9cialis\u00e9 dans l\u2019actualit\u00e9 nationale et internationale, l\u2019\u00e9conomie, la soci\u00e9t\u00e9 et les analyses politiques. Le site s\u2019adresse \u00e0 un large public francophone et couvre l\u2019information tunisienne en temps r\u00e9el.\",\"email\":\"redac@webdo.tn\",\"legalName\":\"YNJ SARL\",\"foundingDate\":\"2010-09-06\",\"numberOfEmployees\":{\"@type\":\"QuantitativeValue\",\"minValue\":\"11\",\"maxValue\":\"50\"}},{\"@type\":\"Person\",\"@id\":\"https:\\\/\\\/www.webdo.tn\\\/fr\\\/#\\\/schema\\\/person\\\/b8a41c04d93287d375510db360906b34\",\"name\":\"AZ\",\"image\":{\"@type\":\"ImageObject\",\"inLanguage\":\"fr-FR\",\"@id\":\"https:\\\/\\\/secure.gravatar.com\\\/avatar\\\/492b80bada79439de4201dce15cd41eece6c277cfdf1b53382073c79105c1f89?s=96&d=mm&r=g\",\"url\":\"https:\\\/\\\/secure.gravatar.com\\\/avatar\\\/492b80bada79439de4201dce15cd41eece6c277cfdf1b53382073c79105c1f89?s=96&d=mm&r=g\",\"contentUrl\":\"https:\\\/\\\/secure.gravatar.com\\\/avatar\\\/492b80bada79439de4201dce15cd41eece6c277cfdf1b53382073c79105c1f89?s=96&d=mm&r=g\",\"caption\":\"AZ\"},\"url\":\"https:\\\/\\\/www.webdo.tn\\\/fr\\\/actualite\\\/author\\\/az\\\/\"}]}<\/script>\n<!-- \/ Yoast SEO Premium plugin. -->","yoast_head_json":{"title":"Transport, \u00e9ducation, \u00e9nergie : la Tunisie consolide ses liens avec la BEI","description":"La Tunisie renforce sa coop\u00e9ration avec la Banque europ\u00e9enne d\u2019investissement pour financer des projets majeurs dans les secteurs du transport, de l\u2019\u00e9nergie, de...","canonical":"https:\/\/www.webdo.tn\/fr\/actualite\/national\/transport-education-energie-la-tunisie-consolide-ses-liens-avec-la-bei\/221704\/","og_locale":"fr_FR","og_type":"article","og_title":"Transport, \u00e9ducation, \u00e9nergie : la Tunisie consolide ses liens avec la BEI","og_description":"La Tunisie renforce sa coop\u00e9ration avec la Banque europ\u00e9enne d\u2019investissement pour financer des projets majeurs dans les secteurs du transport, de l\u2019\u00e9nergie, de...","og_url":"https:\/\/www.webdo.tn\/fr\/actualite\/national\/transport-education-energie-la-tunisie-consolide-ses-liens-avec-la-bei\/221704\/","og_site_name":"webdo","article_publisher":"https:\/\/www.facebook.com\/webdotn","article_published_time":"2025-04-30T20:40:00+00:00","article_modified_time":"2025-05-21T09:09:30+00:00","og_image":[{"width":750,"height":400,"url":"https:\/\/www.webdo.tn\/fr\/wp-content\/uploads\/2025\/04\/c2365f8b9ac4436f8a4caae1ea2cbf7d.webp","type":"image\/webp"}],"author":"AZ","twitter_card":"summary_large_image","twitter_creator":"@webdo_tn","twitter_site":"@webdo_tn","twitter_misc":{"\u00c9crit par":"AZ","Dur\u00e9e de lecture estim\u00e9e":"1 minute"},"schema":{"@context":"https:\/\/schema.org","@graph":[{"@type":"NewsArticle","@id":"https:\/\/www.webdo.tn\/fr\/actualite\/national\/transport-education-energie-la-tunisie-consolide-ses-liens-avec-la-bei\/221704\/#article","isPartOf":{"@id":"https:\/\/www.webdo.tn\/fr\/actualite\/national\/transport-education-energie-la-tunisie-consolide-ses-liens-avec-la-bei\/221704\/"},"author":{"name":"AZ","@id":"https:\/\/www.webdo.tn\/fr\/#\/schema\/person\/b8a41c04d93287d375510db360906b34"},"headline":"Transport, \u00e9ducation, \u00e9nergie : la Tunisie consolide ses liens avec la BEI","datePublished":"2025-04-30T20:40:00+00:00","dateModified":"2025-05-21T09:09:30+00:00","mainEntityOfPage":{"@id":"https:\/\/www.webdo.tn\/fr\/actualite\/national\/transport-education-energie-la-tunisie-consolide-ses-liens-avec-la-bei\/221704\/"},"wordCount":205,"commentCount":0,"publisher":{"@id":"https:\/\/www.webdo.tn\/fr\/#organization"},"image":{"@id":"https:\/\/www.webdo.tn\/fr\/actualite\/national\/transport-education-energie-la-tunisie-consolide-ses-liens-avec-la-bei\/221704\/#primaryimage"},"thumbnailUrl":"https:\/\/www.webdo.tn\/fr\/wp-content\/uploads\/2025\/04\/c2365f8b9ac4436f8a4caae1ea2cbf7d.webp","keywords":["'\u00c9nergieRenouvelable']","BEI","\u00e9ducation","investissement","Sant\u00e9","Transport","Tunisie"],"articleSection":["National"],"inLanguage":"fr-FR"},{"@type":"WebPage","@id":"https:\/\/www.webdo.tn\/fr\/actualite\/national\/transport-education-energie-la-tunisie-consolide-ses-liens-avec-la-bei\/221704\/","url":"https:\/\/www.webdo.tn\/fr\/actualite\/national\/transport-education-energie-la-tunisie-consolide-ses-liens-avec-la-bei\/221704\/","name":"Transport, \u00e9ducation, \u00e9nergie : la Tunisie consolide ses liens avec la BEI","isPartOf":{"@id":"https:\/\/www.webdo.tn\/fr\/#website"},"primaryImageOfPage":{"@id":"https:\/\/www.webdo.tn\/fr\/actualite\/national\/transport-education-energie-la-tunisie-consolide-ses-liens-avec-la-bei\/221704\/#primaryimage"},"image":{"@id":"https:\/\/www.webdo.tn\/fr\/actualite\/national\/transport-education-energie-la-tunisie-consolide-ses-liens-avec-la-bei\/221704\/#primaryimage"},"thumbnailUrl":"https:\/\/www.webdo.tn\/fr\/wp-content\/uploads\/2025\/04\/c2365f8b9ac4436f8a4caae1ea2cbf7d.webp","datePublished":"2025-04-30T20:40:00+00:00","dateModified":"2025-05-21T09:09:30+00:00","description":"La Tunisie renforce sa coop\u00e9ration avec la Banque europ\u00e9enne d\u2019investissement pour financer des projets majeurs dans les secteurs du transport, de l\u2019\u00e9nergie, de...","breadcrumb":{"@id":"https:\/\/www.webdo.tn\/fr\/actualite\/national\/transport-education-energie-la-tunisie-consolide-ses-liens-avec-la-bei\/221704\/#breadcrumb"},"inLanguage":"fr-FR","potentialAction":[{"@type":"ReadAction","target":["https:\/\/www.webdo.tn\/fr\/actualite\/national\/transport-education-energie-la-tunisie-consolide-ses-liens-avec-la-bei\/221704\/"]}]},{"@type":"ImageObject","inLanguage":"fr-FR","@id":"https:\/\/www.webdo.tn\/fr\/actualite\/national\/transport-education-energie-la-tunisie-consolide-ses-liens-avec-la-bei\/221704\/#primaryimage","url":"https:\/\/www.webdo.tn\/fr\/wp-content\/uploads\/2025\/04\/c2365f8b9ac4436f8a4caae1ea2cbf7d.webp","contentUrl":"https:\/\/www.webdo.tn\/fr\/wp-content\/uploads\/2025\/04\/c2365f8b9ac4436f8a4caae1ea2cbf7d.webp","width":750,"height":400,"caption":"Transport, \u00e9ducation, \u00e9nergie : la Tunisie consolide ses liens avec la BEI"},{"@type":"BreadcrumbList","@id":"https:\/\/www.webdo.tn\/fr\/actualite\/national\/transport-education-energie-la-tunisie-consolide-ses-liens-avec-la-bei\/221704\/#breadcrumb","itemListElement":[{"@type":"ListItem","position":1,"name":"Accueil","item":"https:\/\/www.webdo.tn\/fr\/"},{"@type":"ListItem","position":2,"name":"Transport, \u00e9ducation, \u00e9nergie : la Tunisie consolide ses liens avec la BEI"}]},{"@type":"WebSite","@id":"https:\/\/www.webdo.tn\/fr\/#website","url":"https:\/\/www.webdo.tn\/fr\/","name":"webdo","description":"Tunisie - News en Tunisie et \u00e0 l&#039;international sur Webdo.tn","publisher":{"@id":"https:\/\/www.webdo.tn\/fr\/#organization"},"potentialAction":[{"@type":"SearchAction","target":{"@type":"EntryPoint","urlTemplate":"https:\/\/www.webdo.tn\/fr\/?s={search_term_string}"},"query-input":{"@type":"PropertyValueSpecification","valueRequired":true,"valueName":"search_term_string"}}],"inLanguage":"fr-FR"},{"@type":"Organization","@id":"https:\/\/www.webdo.tn\/fr\/#organization","name":"Webdo","alternateName":"Webdo.tn","url":"https:\/\/www.webdo.tn\/fr\/","logo":{"@type":"ImageObject","inLanguage":"fr-FR","@id":"https:\/\/www.webdo.tn\/fr\/#\/schema\/logo\/image\/","url":"https:\/\/www.webdo.tn\/fr\/wp-content\/uploads\/2025\/06\/Webdo-Tunisie_168377.jpg","contentUrl":"https:\/\/www.webdo.tn\/fr\/wp-content\/uploads\/2025\/06\/Webdo-Tunisie_168377.jpg","width":301,"height":301,"caption":"Webdo"},"image":{"@id":"https:\/\/www.webdo.tn\/fr\/#\/schema\/logo\/image\/"},"sameAs":["https:\/\/www.facebook.com\/webdotn","https:\/\/x.com\/webdo_tn"],"description":"Webdo est un m\u00e9dia num\u00e9rique tunisien fond\u00e9 en 2010, sp\u00e9cialis\u00e9 dans l\u2019actualit\u00e9 nationale et internationale, l\u2019\u00e9conomie, la soci\u00e9t\u00e9 et les analyses politiques. Le site s\u2019adresse \u00e0 un large public francophone et couvre l\u2019information tunisienne en temps r\u00e9el.","email":"redac@webdo.tn","legalName":"YNJ SARL","foundingDate":"2010-09-06","numberOfEmployees":{"@type":"QuantitativeValue","minValue":"11","maxValue":"50"}},{"@type":"Person","@id":"https:\/\/www.webdo.tn\/fr\/#\/schema\/person\/b8a41c04d93287d375510db360906b34","name":"AZ","image":{"@type":"ImageObject","inLanguage":"fr-FR","@id":"https:\/\/secure.gravatar.com\/avatar\/492b80bada79439de4201dce15cd41eece6c277cfdf1b53382073c79105c1f89?s=96&d=mm&r=g","url":"https:\/\/secure.gravatar.com\/avatar\/492b80bada79439de4201dce15cd41eece6c277cfdf1b53382073c79105c1f89?s=96&d=mm&r=g","contentUrl":"https:\/\/secure.gravatar.com\/avatar\/492b80bada79439de4201dce15cd41eece6c277cfdf1b53382073c79105c1f89?s=96&d=mm&r=g","caption":"AZ"},"url":"https:\/\/www.webdo.tn\/fr\/actualite\/author\/az\/"}]}},"_links":{"self":[{"href":"https:\/\/www.webdo.tn\/fr\/wp-json\/wp\/v2\/posts\/221704","targetHints":{"allow":["GET"]}}],"collection":[{"href":"https:\/\/www.webdo.tn\/fr\/wp-json\/wp\/v2\/posts"}],"about":[{"href":"https:\/\/www.webdo.tn\/fr\/wp-json\/wp\/v2\/types\/post"}],"author":[{"embeddable":true,"href":"https:\/\/www.webdo.tn\/fr\/wp-json\/wp\/v2\/users\/3166"}],"replies":[{"embeddable":true,"href":"https:\/\/www.webdo.tn\/fr\/wp-json\/wp\/v2\/comments?post=221704"}],"version-history":[{"count":0,"href":"https:\/\/www.webdo.tn\/fr\/wp-json\/wp\/v2\/posts\/221704\/revisions"}],"wp:featuredmedia":[{"embeddable":true,"href":"https:\/\/www.webdo.tn\/fr\/wp-json\/wp\/v2\/media\/292337"}],"wp:attachment":[{"href":"https:\/\/www.webdo.tn\/fr\/wp-json\/wp\/v2\/media?parent=221704"}],"wp:term":[{"taxonomy":"category","embeddable":true,"href":"https:\/\/www.webdo.tn\/fr\/wp-json\/wp\/v2\/categories?post=221704"},{"taxonomy":"post_tag","embeddable":true,"href":"https:\/\/www.webdo.tn\/fr\/wp-json\/wp\/v2\/tags?post=221704"}],"curies":[{"name":"wp","href":"https:\/\/api.w.org\/{rel}","templated":true}]}}