{"id":221688,"date":"2025-04-30T11:12:00","date_gmt":"2025-04-30T11:12:00","guid":{"rendered":"https:\/\/www.webdo.tn\/fr\/blog\/2025\/04\/30\/tunisie-un-juge-revoque-ecope-de-trois-ans-de-prison-pour-insultes-sur-les-reseaux-sociaux\/"},"modified":"2025-05-20T21:40:20","modified_gmt":"2025-05-20T21:40:20","slug":"tunisie-un-juge-revoque-ecope-de-trois-ans-de-prison-pour-insultes-sur-les-reseaux-sociaux","status":"publish","type":"post","link":"https:\/\/www.webdo.tn\/fr\/actualite\/national\/tunisie-un-juge-revoque-ecope-de-trois-ans-de-prison-pour-insultes-sur-les-reseaux-sociaux\/221688\/","title":{"rendered":"Tunisie : Un juge r\u00e9voqu\u00e9 \u00e9cope de trois ans de prison pour insultes sur les r\u00e9seaux sociaux"},"content":{"rendered":"<p>La chambre correctionnelle du tribunal de premi\u00e8re instance de Tunis a condamn\u00e9 un juge r\u00e9voqu\u00e9 \u00e0 trois ans de prison, dans le cadre de cinq affaires intent\u00e9es contre lui pour atteinte \u00e0 autrui via les r\u00e9seaux sociaux.<\/p>\n<p>Le juge d&rsquo;instruction pr\u00e8s le m\u00eame tribunal s&rsquo;\u00e9tait saisi du dossier d\u00e8s 2023, apr\u00e8s le d\u00e9p\u00f4t de plusieurs plaintes visant le magistrat d\u00e9chu, accus\u00e9 d&rsquo;avoir tenu des propos diffamatoires et insultants sur la toile, notamment via les r\u00e9seaux sociaux, contre des tiers.<\/p>\n<p>Le juge a \u00e9t\u00e9 renvoy\u00e9 en \u00e9tat de libert\u00e9 devant la chambre correctionnelle, qui a statu\u00e9 \u00e0 raison de six mois de prison par affaire, soit un total cumul\u00e9 de trois ans de d\u00e9tention, rapporte ce mercredi 30 avril 2025, la radio Mosaique fm.<\/p>\n","protected":false},"excerpt":{"rendered":"<p>Tunisie : Un juge r\u00e9voqu\u00e9 condamn\u00e9 \u00e0 3 ans de prison pour atteinte \u00e0 autrui via les r\u00e9seaux sociaux, dans le cadre de 5 affaires jug\u00e9es \u00e0 Tunis.<\/p>\n","protected":false},"author":3162,"featured_media":244279,"comment_status":"open","ping_status":"open","sticky":false,"template":"","format":"standard","meta":{"footnotes":""},"categories":[44],"tags":[2835,2838,2837,2619,2836,2608],"class_list":["post-221688","post","type-post","status-publish","format-standard","has-post-thumbnail","hentry","category-national","tag-condamnation","tag-insultes","tag-juge","tag-justice","tag-reseaux-sociaux","tag-tunisie"],"yoast_head":"<!-- This site is optimized with the Yoast SEO Premium plugin v27.5 (Yoast SEO v27.5) - https:\/\/yoast.com\/product\/yoast-seo-premium-wordpress\/ -->\n<title>Tunisie : Un juge r\u00e9voqu\u00e9 \u00e9cope de trois ans de prison pour insultes sur les r\u00e9seaux sociaux<\/title>\n<meta name=\"description\" content=\"Tunisie : Un juge r\u00e9voqu\u00e9 condamn\u00e9 \u00e0 3 ans de prison pour atteinte \u00e0 autrui via les r\u00e9seaux sociaux, dans le cadre de 5 affaires jug\u00e9es \u00e0 Tunis.\" \/>\n<link rel=\"canonical\" href=\"https:\/\/www.webdo.tn\/fr\/actualite\/national\/tunisie-un-juge-revoque-ecope-de-trois-ans-de-prison-pour-insultes-sur-les-reseaux-sociaux\/221688\/\" \/>\n<meta property=\"og:locale\" content=\"fr_FR\" \/>\n<meta property=\"og:type\" content=\"article\" \/>\n<meta property=\"og:title\" content=\"Tunisie : Un juge r\u00e9voqu\u00e9 \u00e9cope de trois ans de prison pour insultes sur les r\u00e9seaux sociaux\" \/>\n<meta property=\"og:description\" content=\"Tunisie : Un juge r\u00e9voqu\u00e9 condamn\u00e9 \u00e0 3 ans de prison pour atteinte \u00e0 autrui via les r\u00e9seaux sociaux, dans le cadre de 5 affaires jug\u00e9es \u00e0 Tunis.\" \/>\n<meta property=\"og:url\" content=\"https:\/\/www.webdo.tn\/fr\/actualite\/national\/tunisie-un-juge-revoque-ecope-de-trois-ans-de-prison-pour-insultes-sur-les-reseaux-sociaux\/221688\/\" \/>\n<meta property=\"og:site_name\" content=\"webdo\" \/>\n<meta property=\"article:publisher\" content=\"https:\/\/www.facebook.com\/webdotn\" \/>\n<meta property=\"article:published_time\" content=\"2025-04-30T11:12:00+00:00\" \/>\n<meta property=\"article:modified_time\" content=\"2025-05-20T21:40:20+00:00\" \/>\n<meta property=\"og:image\" content=\"https:\/\/www.webdo.tn\/fr\/wp-content\/uploads\/2025\/05\/63211afac6808b8a14c0868b5142c8ab-4.webp\" \/>\n\t<meta property=\"og:image:width\" content=\"650\" \/>\n\t<meta property=\"og:image:height\" content=\"347\" \/>\n\t<meta property=\"og:image:type\" content=\"image\/webp\" \/>\n<meta name=\"author\" content=\"MC\" \/>\n<meta name=\"twitter:card\" content=\"summary_large_image\" \/>\n<meta name=\"twitter:creator\" content=\"@webdo_tn\" \/>\n<meta name=\"twitter:site\" content=\"@webdo_tn\" \/>\n<meta name=\"twitter:label1\" content=\"\u00c9crit par\" \/>\n\t<meta name=\"twitter:data1\" content=\"MC\" \/>\n\t<meta name=\"twitter:label2\" content=\"Dur\u00e9e de lecture estim\u00e9e\" \/>\n\t<meta name=\"twitter:data2\" content=\"1 minute\" \/>\n<script type=\"application\/ld+json\" class=\"yoast-schema-graph\">{\"@context\":\"https:\\\/\\\/schema.org\",\"@graph\":[{\"@type\":\"NewsArticle\",\"@id\":\"https:\\\/\\\/www.webdo.tn\\\/fr\\\/actualite\\\/national\\\/tunisie-un-juge-revoque-ecope-de-trois-ans-de-prison-pour-insultes-sur-les-reseaux-sociaux\\\/221688\\\/#article\",\"isPartOf\":{\"@id\":\"https:\\\/\\\/www.webdo.tn\\\/fr\\\/actualite\\\/national\\\/tunisie-un-juge-revoque-ecope-de-trois-ans-de-prison-pour-insultes-sur-les-reseaux-sociaux\\\/221688\\\/\"},\"author\":{\"name\":\"MC\",\"@id\":\"https:\\\/\\\/www.webdo.tn\\\/fr\\\/#\\\/schema\\\/person\\\/2c4929cbf5a809e3bd38617c6ce150f6\"},\"headline\":\"Tunisie : Un juge r\u00e9voqu\u00e9 \u00e9cope de trois ans de prison pour insultes sur les r\u00e9seaux sociaux\",\"datePublished\":\"2025-04-30T11:12:00+00:00\",\"dateModified\":\"2025-05-20T21:40:20+00:00\",\"mainEntityOfPage\":{\"@id\":\"https:\\\/\\\/www.webdo.tn\\\/fr\\\/actualite\\\/national\\\/tunisie-un-juge-revoque-ecope-de-trois-ans-de-prison-pour-insultes-sur-les-reseaux-sociaux\\\/221688\\\/\"},\"wordCount\":151,\"commentCount\":0,\"publisher\":{\"@id\":\"https:\\\/\\\/www.webdo.tn\\\/fr\\\/#organization\"},\"image\":{\"@id\":\"https:\\\/\\\/www.webdo.tn\\\/fr\\\/actualite\\\/national\\\/tunisie-un-juge-revoque-ecope-de-trois-ans-de-prison-pour-insultes-sur-les-reseaux-sociaux\\\/221688\\\/#primaryimage\"},\"thumbnailUrl\":\"https:\\\/\\\/www.webdo.tn\\\/fr\\\/wp-content\\\/uploads\\\/2025\\\/05\\\/63211afac6808b8a14c0868b5142c8ab-4.webp\",\"keywords\":[\"condamnation\",\"insultes\",\"juge\",\"justice\",\"r\u00e9seaux sociaux\",\"Tunisie\"],\"articleSection\":[\"National\"],\"inLanguage\":\"fr-FR\"},{\"@type\":\"WebPage\",\"@id\":\"https:\\\/\\\/www.webdo.tn\\\/fr\\\/actualite\\\/national\\\/tunisie-un-juge-revoque-ecope-de-trois-ans-de-prison-pour-insultes-sur-les-reseaux-sociaux\\\/221688\\\/\",\"url\":\"https:\\\/\\\/www.webdo.tn\\\/fr\\\/actualite\\\/national\\\/tunisie-un-juge-revoque-ecope-de-trois-ans-de-prison-pour-insultes-sur-les-reseaux-sociaux\\\/221688\\\/\",\"name\":\"Tunisie : Un juge r\u00e9voqu\u00e9 \u00e9cope de trois ans de prison pour insultes sur les r\u00e9seaux sociaux\",\"isPartOf\":{\"@id\":\"https:\\\/\\\/www.webdo.tn\\\/fr\\\/#website\"},\"primaryImageOfPage\":{\"@id\":\"https:\\\/\\\/www.webdo.tn\\\/fr\\\/actualite\\\/national\\\/tunisie-un-juge-revoque-ecope-de-trois-ans-de-prison-pour-insultes-sur-les-reseaux-sociaux\\\/221688\\\/#primaryimage\"},\"image\":{\"@id\":\"https:\\\/\\\/www.webdo.tn\\\/fr\\\/actualite\\\/national\\\/tunisie-un-juge-revoque-ecope-de-trois-ans-de-prison-pour-insultes-sur-les-reseaux-sociaux\\\/221688\\\/#primaryimage\"},\"thumbnailUrl\":\"https:\\\/\\\/www.webdo.tn\\\/fr\\\/wp-content\\\/uploads\\\/2025\\\/05\\\/63211afac6808b8a14c0868b5142c8ab-4.webp\",\"datePublished\":\"2025-04-30T11:12:00+00:00\",\"dateModified\":\"2025-05-20T21:40:20+00:00\",\"description\":\"Tunisie : Un juge r\u00e9voqu\u00e9 condamn\u00e9 \u00e0 3 ans de prison pour atteinte \u00e0 autrui via les r\u00e9seaux sociaux, dans le cadre de 5 affaires jug\u00e9es \u00e0 Tunis.\",\"breadcrumb\":{\"@id\":\"https:\\\/\\\/www.webdo.tn\\\/fr\\\/actualite\\\/national\\\/tunisie-un-juge-revoque-ecope-de-trois-ans-de-prison-pour-insultes-sur-les-reseaux-sociaux\\\/221688\\\/#breadcrumb\"},\"inLanguage\":\"fr-FR\",\"potentialAction\":[{\"@type\":\"ReadAction\",\"target\":[\"https:\\\/\\\/www.webdo.tn\\\/fr\\\/actualite\\\/national\\\/tunisie-un-juge-revoque-ecope-de-trois-ans-de-prison-pour-insultes-sur-les-reseaux-sociaux\\\/221688\\\/\"]}]},{\"@type\":\"ImageObject\",\"inLanguage\":\"fr-FR\",\"@id\":\"https:\\\/\\\/www.webdo.tn\\\/fr\\\/actualite\\\/national\\\/tunisie-un-juge-revoque-ecope-de-trois-ans-de-prison-pour-insultes-sur-les-reseaux-sociaux\\\/221688\\\/#primaryimage\",\"url\":\"https:\\\/\\\/www.webdo.tn\\\/fr\\\/wp-content\\\/uploads\\\/2025\\\/05\\\/63211afac6808b8a14c0868b5142c8ab-4.webp\",\"contentUrl\":\"https:\\\/\\\/www.webdo.tn\\\/fr\\\/wp-content\\\/uploads\\\/2025\\\/05\\\/63211afac6808b8a14c0868b5142c8ab-4.webp\",\"width\":650,\"height\":347},{\"@type\":\"BreadcrumbList\",\"@id\":\"https:\\\/\\\/www.webdo.tn\\\/fr\\\/actualite\\\/national\\\/tunisie-un-juge-revoque-ecope-de-trois-ans-de-prison-pour-insultes-sur-les-reseaux-sociaux\\\/221688\\\/#breadcrumb\",\"itemListElement\":[{\"@type\":\"ListItem\",\"position\":1,\"name\":\"Accueil\",\"item\":\"https:\\\/\\\/www.webdo.tn\\\/fr\\\/\"},{\"@type\":\"ListItem\",\"position\":2,\"name\":\"Tunisie : Un juge r\u00e9voqu\u00e9 \u00e9cope de trois ans de prison pour insultes sur les r\u00e9seaux sociaux\"}]},{\"@type\":\"WebSite\",\"@id\":\"https:\\\/\\\/www.webdo.tn\\\/fr\\\/#website\",\"url\":\"https:\\\/\\\/www.webdo.tn\\\/fr\\\/\",\"name\":\"webdo\",\"description\":\"Tunisie - News en Tunisie et \u00e0 l&#039;international sur Webdo.tn\",\"publisher\":{\"@id\":\"https:\\\/\\\/www.webdo.tn\\\/fr\\\/#organization\"},\"potentialAction\":[{\"@type\":\"SearchAction\",\"target\":{\"@type\":\"EntryPoint\",\"urlTemplate\":\"https:\\\/\\\/www.webdo.tn\\\/fr\\\/?s={search_term_string}\"},\"query-input\":{\"@type\":\"PropertyValueSpecification\",\"valueRequired\":true,\"valueName\":\"search_term_string\"}}],\"inLanguage\":\"fr-FR\"},{\"@type\":\"Organization\",\"@id\":\"https:\\\/\\\/www.webdo.tn\\\/fr\\\/#organization\",\"name\":\"Webdo\",\"alternateName\":\"Webdo.tn\",\"url\":\"https:\\\/\\\/www.webdo.tn\\\/fr\\\/\",\"logo\":{\"@type\":\"ImageObject\",\"inLanguage\":\"fr-FR\",\"@id\":\"https:\\\/\\\/www.webdo.tn\\\/fr\\\/#\\\/schema\\\/logo\\\/image\\\/\",\"url\":\"https:\\\/\\\/www.webdo.tn\\\/fr\\\/wp-content\\\/uploads\\\/2025\\\/06\\\/Webdo-Tunisie_168377.jpg\",\"contentUrl\":\"https:\\\/\\\/www.webdo.tn\\\/fr\\\/wp-content\\\/uploads\\\/2025\\\/06\\\/Webdo-Tunisie_168377.jpg\",\"width\":301,\"height\":301,\"caption\":\"Webdo\"},\"image\":{\"@id\":\"https:\\\/\\\/www.webdo.tn\\\/fr\\\/#\\\/schema\\\/logo\\\/image\\\/\"},\"sameAs\":[\"https:\\\/\\\/www.facebook.com\\\/webdotn\",\"https:\\\/\\\/x.com\\\/webdo_tn\"],\"description\":\"Webdo est un m\u00e9dia num\u00e9rique tunisien fond\u00e9 en 2010, sp\u00e9cialis\u00e9 dans l\u2019actualit\u00e9 nationale et internationale, l\u2019\u00e9conomie, la soci\u00e9t\u00e9 et les analyses politiques. Le site s\u2019adresse \u00e0 un large public francophone et couvre l\u2019information tunisienne en temps r\u00e9el.\",\"email\":\"redac@webdo.tn\",\"legalName\":\"YNJ SARL\",\"foundingDate\":\"2010-09-06\",\"numberOfEmployees\":{\"@type\":\"QuantitativeValue\",\"minValue\":\"11\",\"maxValue\":\"50\"}},{\"@type\":\"Person\",\"@id\":\"https:\\\/\\\/www.webdo.tn\\\/fr\\\/#\\\/schema\\\/person\\\/2c4929cbf5a809e3bd38617c6ce150f6\",\"name\":\"MC\",\"image\":{\"@type\":\"ImageObject\",\"inLanguage\":\"fr-FR\",\"@id\":\"https:\\\/\\\/secure.gravatar.com\\\/avatar\\\/a545bbb6f84efdd5553dbbc2895e3ca8f1d12c5215e00a041c9670b54aa9b18a?s=96&d=mm&r=g\",\"url\":\"https:\\\/\\\/secure.gravatar.com\\\/avatar\\\/a545bbb6f84efdd5553dbbc2895e3ca8f1d12c5215e00a041c9670b54aa9b18a?s=96&d=mm&r=g\",\"contentUrl\":\"https:\\\/\\\/secure.gravatar.com\\\/avatar\\\/a545bbb6f84efdd5553dbbc2895e3ca8f1d12c5215e00a041c9670b54aa9b18a?s=96&d=mm&r=g\",\"caption\":\"MC\"},\"url\":\"https:\\\/\\\/www.webdo.tn\\\/fr\\\/actualite\\\/author\\\/mc\\\/\"}]}<\/script>\n<!-- \/ Yoast SEO Premium plugin. -->","yoast_head_json":{"title":"Tunisie : Un juge r\u00e9voqu\u00e9 \u00e9cope de trois ans de prison pour insultes sur les r\u00e9seaux sociaux","description":"Tunisie : Un juge r\u00e9voqu\u00e9 condamn\u00e9 \u00e0 3 ans de prison pour atteinte \u00e0 autrui via les r\u00e9seaux sociaux, dans le cadre de 5 affaires jug\u00e9es \u00e0 Tunis.","canonical":"https:\/\/www.webdo.tn\/fr\/actualite\/national\/tunisie-un-juge-revoque-ecope-de-trois-ans-de-prison-pour-insultes-sur-les-reseaux-sociaux\/221688\/","og_locale":"fr_FR","og_type":"article","og_title":"Tunisie : Un juge r\u00e9voqu\u00e9 \u00e9cope de trois ans de prison pour insultes sur les r\u00e9seaux sociaux","og_description":"Tunisie : Un juge r\u00e9voqu\u00e9 condamn\u00e9 \u00e0 3 ans de prison pour atteinte \u00e0 autrui via les r\u00e9seaux sociaux, dans le cadre de 5 affaires jug\u00e9es \u00e0 Tunis.","og_url":"https:\/\/www.webdo.tn\/fr\/actualite\/national\/tunisie-un-juge-revoque-ecope-de-trois-ans-de-prison-pour-insultes-sur-les-reseaux-sociaux\/221688\/","og_site_name":"webdo","article_publisher":"https:\/\/www.facebook.com\/webdotn","article_published_time":"2025-04-30T11:12:00+00:00","article_modified_time":"2025-05-20T21:40:20+00:00","og_image":[{"width":650,"height":347,"url":"https:\/\/www.webdo.tn\/fr\/wp-content\/uploads\/2025\/05\/63211afac6808b8a14c0868b5142c8ab-4.webp","type":"image\/webp"}],"author":"MC","twitter_card":"summary_large_image","twitter_creator":"@webdo_tn","twitter_site":"@webdo_tn","twitter_misc":{"\u00c9crit par":"MC","Dur\u00e9e de lecture estim\u00e9e":"1 minute"},"schema":{"@context":"https:\/\/schema.org","@graph":[{"@type":"NewsArticle","@id":"https:\/\/www.webdo.tn\/fr\/actualite\/national\/tunisie-un-juge-revoque-ecope-de-trois-ans-de-prison-pour-insultes-sur-les-reseaux-sociaux\/221688\/#article","isPartOf":{"@id":"https:\/\/www.webdo.tn\/fr\/actualite\/national\/tunisie-un-juge-revoque-ecope-de-trois-ans-de-prison-pour-insultes-sur-les-reseaux-sociaux\/221688\/"},"author":{"name":"MC","@id":"https:\/\/www.webdo.tn\/fr\/#\/schema\/person\/2c4929cbf5a809e3bd38617c6ce150f6"},"headline":"Tunisie : Un juge r\u00e9voqu\u00e9 \u00e9cope de trois ans de prison pour insultes sur les r\u00e9seaux sociaux","datePublished":"2025-04-30T11:12:00+00:00","dateModified":"2025-05-20T21:40:20+00:00","mainEntityOfPage":{"@id":"https:\/\/www.webdo.tn\/fr\/actualite\/national\/tunisie-un-juge-revoque-ecope-de-trois-ans-de-prison-pour-insultes-sur-les-reseaux-sociaux\/221688\/"},"wordCount":151,"commentCount":0,"publisher":{"@id":"https:\/\/www.webdo.tn\/fr\/#organization"},"image":{"@id":"https:\/\/www.webdo.tn\/fr\/actualite\/national\/tunisie-un-juge-revoque-ecope-de-trois-ans-de-prison-pour-insultes-sur-les-reseaux-sociaux\/221688\/#primaryimage"},"thumbnailUrl":"https:\/\/www.webdo.tn\/fr\/wp-content\/uploads\/2025\/05\/63211afac6808b8a14c0868b5142c8ab-4.webp","keywords":["condamnation","insultes","juge","justice","r\u00e9seaux sociaux","Tunisie"],"articleSection":["National"],"inLanguage":"fr-FR"},{"@type":"WebPage","@id":"https:\/\/www.webdo.tn\/fr\/actualite\/national\/tunisie-un-juge-revoque-ecope-de-trois-ans-de-prison-pour-insultes-sur-les-reseaux-sociaux\/221688\/","url":"https:\/\/www.webdo.tn\/fr\/actualite\/national\/tunisie-un-juge-revoque-ecope-de-trois-ans-de-prison-pour-insultes-sur-les-reseaux-sociaux\/221688\/","name":"Tunisie : Un juge r\u00e9voqu\u00e9 \u00e9cope de trois ans de prison pour insultes sur les r\u00e9seaux sociaux","isPartOf":{"@id":"https:\/\/www.webdo.tn\/fr\/#website"},"primaryImageOfPage":{"@id":"https:\/\/www.webdo.tn\/fr\/actualite\/national\/tunisie-un-juge-revoque-ecope-de-trois-ans-de-prison-pour-insultes-sur-les-reseaux-sociaux\/221688\/#primaryimage"},"image":{"@id":"https:\/\/www.webdo.tn\/fr\/actualite\/national\/tunisie-un-juge-revoque-ecope-de-trois-ans-de-prison-pour-insultes-sur-les-reseaux-sociaux\/221688\/#primaryimage"},"thumbnailUrl":"https:\/\/www.webdo.tn\/fr\/wp-content\/uploads\/2025\/05\/63211afac6808b8a14c0868b5142c8ab-4.webp","datePublished":"2025-04-30T11:12:00+00:00","dateModified":"2025-05-20T21:40:20+00:00","description":"Tunisie : Un juge r\u00e9voqu\u00e9 condamn\u00e9 \u00e0 3 ans de prison pour atteinte \u00e0 autrui via les r\u00e9seaux sociaux, dans le cadre de 5 affaires jug\u00e9es \u00e0 Tunis.","breadcrumb":{"@id":"https:\/\/www.webdo.tn\/fr\/actualite\/national\/tunisie-un-juge-revoque-ecope-de-trois-ans-de-prison-pour-insultes-sur-les-reseaux-sociaux\/221688\/#breadcrumb"},"inLanguage":"fr-FR","potentialAction":[{"@type":"ReadAction","target":["https:\/\/www.webdo.tn\/fr\/actualite\/national\/tunisie-un-juge-revoque-ecope-de-trois-ans-de-prison-pour-insultes-sur-les-reseaux-sociaux\/221688\/"]}]},{"@type":"ImageObject","inLanguage":"fr-FR","@id":"https:\/\/www.webdo.tn\/fr\/actualite\/national\/tunisie-un-juge-revoque-ecope-de-trois-ans-de-prison-pour-insultes-sur-les-reseaux-sociaux\/221688\/#primaryimage","url":"https:\/\/www.webdo.tn\/fr\/wp-content\/uploads\/2025\/05\/63211afac6808b8a14c0868b5142c8ab-4.webp","contentUrl":"https:\/\/www.webdo.tn\/fr\/wp-content\/uploads\/2025\/05\/63211afac6808b8a14c0868b5142c8ab-4.webp","width":650,"height":347},{"@type":"BreadcrumbList","@id":"https:\/\/www.webdo.tn\/fr\/actualite\/national\/tunisie-un-juge-revoque-ecope-de-trois-ans-de-prison-pour-insultes-sur-les-reseaux-sociaux\/221688\/#breadcrumb","itemListElement":[{"@type":"ListItem","position":1,"name":"Accueil","item":"https:\/\/www.webdo.tn\/fr\/"},{"@type":"ListItem","position":2,"name":"Tunisie : Un juge r\u00e9voqu\u00e9 \u00e9cope de trois ans de prison pour insultes sur les r\u00e9seaux sociaux"}]},{"@type":"WebSite","@id":"https:\/\/www.webdo.tn\/fr\/#website","url":"https:\/\/www.webdo.tn\/fr\/","name":"webdo","description":"Tunisie - News en Tunisie et \u00e0 l&#039;international sur Webdo.tn","publisher":{"@id":"https:\/\/www.webdo.tn\/fr\/#organization"},"potentialAction":[{"@type":"SearchAction","target":{"@type":"EntryPoint","urlTemplate":"https:\/\/www.webdo.tn\/fr\/?s={search_term_string}"},"query-input":{"@type":"PropertyValueSpecification","valueRequired":true,"valueName":"search_term_string"}}],"inLanguage":"fr-FR"},{"@type":"Organization","@id":"https:\/\/www.webdo.tn\/fr\/#organization","name":"Webdo","alternateName":"Webdo.tn","url":"https:\/\/www.webdo.tn\/fr\/","logo":{"@type":"ImageObject","inLanguage":"fr-FR","@id":"https:\/\/www.webdo.tn\/fr\/#\/schema\/logo\/image\/","url":"https:\/\/www.webdo.tn\/fr\/wp-content\/uploads\/2025\/06\/Webdo-Tunisie_168377.jpg","contentUrl":"https:\/\/www.webdo.tn\/fr\/wp-content\/uploads\/2025\/06\/Webdo-Tunisie_168377.jpg","width":301,"height":301,"caption":"Webdo"},"image":{"@id":"https:\/\/www.webdo.tn\/fr\/#\/schema\/logo\/image\/"},"sameAs":["https:\/\/www.facebook.com\/webdotn","https:\/\/x.com\/webdo_tn"],"description":"Webdo est un m\u00e9dia num\u00e9rique tunisien fond\u00e9 en 2010, sp\u00e9cialis\u00e9 dans l\u2019actualit\u00e9 nationale et internationale, l\u2019\u00e9conomie, la soci\u00e9t\u00e9 et les analyses politiques. Le site s\u2019adresse \u00e0 un large public francophone et couvre l\u2019information tunisienne en temps r\u00e9el.","email":"redac@webdo.tn","legalName":"YNJ SARL","foundingDate":"2010-09-06","numberOfEmployees":{"@type":"QuantitativeValue","minValue":"11","maxValue":"50"}},{"@type":"Person","@id":"https:\/\/www.webdo.tn\/fr\/#\/schema\/person\/2c4929cbf5a809e3bd38617c6ce150f6","name":"MC","image":{"@type":"ImageObject","inLanguage":"fr-FR","@id":"https:\/\/secure.gravatar.com\/avatar\/a545bbb6f84efdd5553dbbc2895e3ca8f1d12c5215e00a041c9670b54aa9b18a?s=96&d=mm&r=g","url":"https:\/\/secure.gravatar.com\/avatar\/a545bbb6f84efdd5553dbbc2895e3ca8f1d12c5215e00a041c9670b54aa9b18a?s=96&d=mm&r=g","contentUrl":"https:\/\/secure.gravatar.com\/avatar\/a545bbb6f84efdd5553dbbc2895e3ca8f1d12c5215e00a041c9670b54aa9b18a?s=96&d=mm&r=g","caption":"MC"},"url":"https:\/\/www.webdo.tn\/fr\/actualite\/author\/mc\/"}]}},"_links":{"self":[{"href":"https:\/\/www.webdo.tn\/fr\/wp-json\/wp\/v2\/posts\/221688","targetHints":{"allow":["GET"]}}],"collection":[{"href":"https:\/\/www.webdo.tn\/fr\/wp-json\/wp\/v2\/posts"}],"about":[{"href":"https:\/\/www.webdo.tn\/fr\/wp-json\/wp\/v2\/types\/post"}],"author":[{"embeddable":true,"href":"https:\/\/www.webdo.tn\/fr\/wp-json\/wp\/v2\/users\/3162"}],"replies":[{"embeddable":true,"href":"https:\/\/www.webdo.tn\/fr\/wp-json\/wp\/v2\/comments?post=221688"}],"version-history":[{"count":0,"href":"https:\/\/www.webdo.tn\/fr\/wp-json\/wp\/v2\/posts\/221688\/revisions"}],"wp:featuredmedia":[{"embeddable":true,"href":"https:\/\/www.webdo.tn\/fr\/wp-json\/wp\/v2\/media\/244279"}],"wp:attachment":[{"href":"https:\/\/www.webdo.tn\/fr\/wp-json\/wp\/v2\/media?parent=221688"}],"wp:term":[{"taxonomy":"category","embeddable":true,"href":"https:\/\/www.webdo.tn\/fr\/wp-json\/wp\/v2\/categories?post=221688"},{"taxonomy":"post_tag","embeddable":true,"href":"https:\/\/www.webdo.tn\/fr\/wp-json\/wp\/v2\/tags?post=221688"}],"curies":[{"name":"wp","href":"https:\/\/api.w.org\/{rel}","templated":true}]}}