{"id":221646,"date":"2025-04-29T08:08:00","date_gmt":"2025-04-29T08:08:00","guid":{"rendered":"https:\/\/www.webdo.tn\/fr\/blog\/tunisie-les-jeunes-medecins-maintiennent-leur-greve-nationale\/221646\/"},"modified":"2025-05-20T22:23:33","modified_gmt":"2025-05-20T22:23:33","slug":"tunisie-les-jeunes-medecins-maintiennent-leur-greve-nationale","status":"publish","type":"post","link":"https:\/\/www.webdo.tn\/fr\/actualite\/national\/tunisie-les-jeunes-medecins-maintiennent-leur-greve-nationale\/221646\/","title":{"rendered":"Tunisie : Les jeunes m\u00e9decins maintiennent leur gr\u00e8ve nationale"},"content":{"rendered":"<p>La gr\u00e8ve g\u00e9n\u00e9rale des jeunes m\u00e9decins est maintenue. La r\u00e9union tenue le lundi 28 avril 2025 entre la Tunisie Organisation des M\u00e9decins Jeunes (OTJM) et le minist\u00e8re de la Sant\u00e9 n\u2019a abouti \u00e0 aucun accord concret.\u00a0<\/p>\n<p>\t\t\t\t\t\t\t\t\tDans un communiqu\u00e9, l\u2019organisation a d\u00e9plor\u00e9 l\u2019absence de volont\u00e9 r\u00e9elle de la part des autorit\u00e9s sanitaires, d\u00e9non\u00e7ant une \u00ab\u00a0politique de temporisation\u00a0\u00bb persistante malgr\u00e9 la reconnaissance par les repr\u00e9sentants du minist\u00e8re de la l\u00e9gitimit\u00e9 des revendications.<\/p>\n<p>L\u2019OTJM fustige ce qu\u2019elle qualifie de m\u00e9pris des conditions de travail et des droits des jeunes praticiens, insistant sur la pr\u00e9carit\u00e9 mat\u00e9rielle et les difficult\u00e9s structurelles qu\u2019ils rencontrent quotidiennement dans les h\u00f4pitaux. Le minist\u00e8re, selon l&rsquo;organisation, se retranche derri\u00e8re des \u00ab\u00a0complexit\u00e9s administratives\u00a0\u00bb, perp\u00e9tuant une lourde bureaucratie aux d\u00e9pens de la dignit\u00e9 du corps m\u00e9dical et de la qualit\u00e9 des soins.<\/p>\n<p>Le bureau national de l\u2019organisation a r\u00e9affirm\u00e9 son rejet de toute tentative de dilution ou de tergiversation dans la gestion de ce dossier. Il appelle l\u2019ensemble de ses membres \u00e0 maintenir la pression et \u00e0 respecter pleinement le mot d\u2019ordre de gr\u00e8ve ainsi que la marche nationale pr\u00e9vue pour le vendredi 2 mai.<\/p>\n","protected":false},"excerpt":{"rendered":"<p>Face \u00e0 l\u2019\u00e9chec des n\u00e9gociations avec le minist\u00e8re de la Sant\u00e9, les jeunes m\u00e9decins tunisiens confirment le maintien de leur gr\u00e8ve et appellent \u00e0 une mobilisatio&#8230;<\/p>\n","protected":false},"author":3163,"featured_media":292326,"comment_status":"open","ping_status":"closed","sticky":false,"template":"","format":"standard","meta":{"footnotes":""},"categories":[44],"tags":[2647,2701,2796,2608],"class_list":["post-221646","post","type-post","status-publish","format-standard","has-post-thumbnail","hentry","category-national","tag-greve","tag-medecins","tag-protestation","tag-tunisie"],"yoast_head":"<!-- This site is optimized with the Yoast SEO Premium plugin v27.5 (Yoast SEO v27.5) - https:\/\/yoast.com\/product\/yoast-seo-premium-wordpress\/ -->\n<title>Tunisie : Les jeunes m\u00e9decins maintiennent leur gr\u00e8ve nationale<\/title>\n<meta name=\"description\" content=\"Face \u00e0 l\u2019\u00e9chec des n\u00e9gociations avec le minist\u00e8re de la Sant\u00e9, les jeunes m\u00e9decins tunisiens confirment le maintien de leur gr\u00e8ve et appellent \u00e0 une mobilisatio...\" \/>\n<link rel=\"canonical\" href=\"https:\/\/www.webdo.tn\/fr\/actualite\/national\/tunisie-les-jeunes-medecins-maintiennent-leur-greve-nationale\/221646\/\" \/>\n<meta property=\"og:locale\" content=\"fr_FR\" \/>\n<meta property=\"og:type\" content=\"article\" \/>\n<meta property=\"og:title\" content=\"Tunisie : Les jeunes m\u00e9decins maintiennent leur gr\u00e8ve nationale\" \/>\n<meta property=\"og:description\" content=\"Face \u00e0 l\u2019\u00e9chec des n\u00e9gociations avec le minist\u00e8re de la Sant\u00e9, les jeunes m\u00e9decins tunisiens confirment le maintien de leur gr\u00e8ve et appellent \u00e0 une mobilisatio...\" \/>\n<meta property=\"og:url\" content=\"https:\/\/www.webdo.tn\/fr\/actualite\/national\/tunisie-les-jeunes-medecins-maintiennent-leur-greve-nationale\/221646\/\" \/>\n<meta property=\"og:site_name\" content=\"webdo\" \/>\n<meta property=\"article:publisher\" content=\"https:\/\/www.facebook.com\/webdotn\" \/>\n<meta property=\"article:published_time\" content=\"2025-04-29T08:08:00+00:00\" \/>\n<meta property=\"article:modified_time\" content=\"2025-05-20T22:23:33+00:00\" \/>\n<meta property=\"og:image\" content=\"https:\/\/www.webdo.tn\/fr\/wp-content\/uploads\/2025\/04\/2db755c7ec40d128e6a53ab3d3239fbf.webp\" \/>\n\t<meta property=\"og:image:width\" content=\"750\" \/>\n\t<meta property=\"og:image:height\" content=\"400\" \/>\n\t<meta property=\"og:image:type\" content=\"image\/webp\" \/>\n<meta name=\"author\" content=\"KJ\" \/>\n<meta name=\"twitter:card\" content=\"summary_large_image\" \/>\n<meta name=\"twitter:creator\" content=\"@webdo_tn\" \/>\n<meta name=\"twitter:site\" content=\"@webdo_tn\" \/>\n<meta name=\"twitter:label1\" content=\"\u00c9crit par\" \/>\n\t<meta name=\"twitter:data1\" content=\"KJ\" \/>\n\t<meta name=\"twitter:label2\" content=\"Dur\u00e9e de lecture estim\u00e9e\" \/>\n\t<meta name=\"twitter:data2\" content=\"1 minute\" \/>\n<script type=\"application\/ld+json\" class=\"yoast-schema-graph\">{\"@context\":\"https:\\\/\\\/schema.org\",\"@graph\":[{\"@type\":\"NewsArticle\",\"@id\":\"https:\\\/\\\/www.webdo.tn\\\/fr\\\/actualite\\\/national\\\/tunisie-les-jeunes-medecins-maintiennent-leur-greve-nationale\\\/221646\\\/#article\",\"isPartOf\":{\"@id\":\"https:\\\/\\\/www.webdo.tn\\\/fr\\\/actualite\\\/national\\\/tunisie-les-jeunes-medecins-maintiennent-leur-greve-nationale\\\/221646\\\/\"},\"author\":{\"name\":\"KJ\",\"@id\":\"https:\\\/\\\/www.webdo.tn\\\/fr\\\/#\\\/schema\\\/person\\\/82ca085b22037d285e1a3c4b65ba5f71\"},\"headline\":\"Tunisie : Les jeunes m\u00e9decins maintiennent leur gr\u00e8ve nationale\",\"datePublished\":\"2025-04-29T08:08:00+00:00\",\"dateModified\":\"2025-05-20T22:23:33+00:00\",\"mainEntityOfPage\":{\"@id\":\"https:\\\/\\\/www.webdo.tn\\\/fr\\\/actualite\\\/national\\\/tunisie-les-jeunes-medecins-maintiennent-leur-greve-nationale\\\/221646\\\/\"},\"wordCount\":227,\"commentCount\":0,\"publisher\":{\"@id\":\"https:\\\/\\\/www.webdo.tn\\\/fr\\\/#organization\"},\"image\":{\"@id\":\"https:\\\/\\\/www.webdo.tn\\\/fr\\\/actualite\\\/national\\\/tunisie-les-jeunes-medecins-maintiennent-leur-greve-nationale\\\/221646\\\/#primaryimage\"},\"thumbnailUrl\":\"https:\\\/\\\/www.webdo.tn\\\/fr\\\/wp-content\\\/uploads\\\/2025\\\/04\\\/2db755c7ec40d128e6a53ab3d3239fbf.webp\",\"keywords\":[\"Gr\u00e8ve\",\"m\u00e9decins\",\"protestation\",\"Tunisie\"],\"articleSection\":[\"National\"],\"inLanguage\":\"fr-FR\"},{\"@type\":\"WebPage\",\"@id\":\"https:\\\/\\\/www.webdo.tn\\\/fr\\\/actualite\\\/national\\\/tunisie-les-jeunes-medecins-maintiennent-leur-greve-nationale\\\/221646\\\/\",\"url\":\"https:\\\/\\\/www.webdo.tn\\\/fr\\\/actualite\\\/national\\\/tunisie-les-jeunes-medecins-maintiennent-leur-greve-nationale\\\/221646\\\/\",\"name\":\"Tunisie : Les jeunes m\u00e9decins maintiennent leur gr\u00e8ve nationale\",\"isPartOf\":{\"@id\":\"https:\\\/\\\/www.webdo.tn\\\/fr\\\/#website\"},\"primaryImageOfPage\":{\"@id\":\"https:\\\/\\\/www.webdo.tn\\\/fr\\\/actualite\\\/national\\\/tunisie-les-jeunes-medecins-maintiennent-leur-greve-nationale\\\/221646\\\/#primaryimage\"},\"image\":{\"@id\":\"https:\\\/\\\/www.webdo.tn\\\/fr\\\/actualite\\\/national\\\/tunisie-les-jeunes-medecins-maintiennent-leur-greve-nationale\\\/221646\\\/#primaryimage\"},\"thumbnailUrl\":\"https:\\\/\\\/www.webdo.tn\\\/fr\\\/wp-content\\\/uploads\\\/2025\\\/04\\\/2db755c7ec40d128e6a53ab3d3239fbf.webp\",\"datePublished\":\"2025-04-29T08:08:00+00:00\",\"dateModified\":\"2025-05-20T22:23:33+00:00\",\"description\":\"Face \u00e0 l\u2019\u00e9chec des n\u00e9gociations avec le minist\u00e8re de la Sant\u00e9, les jeunes m\u00e9decins tunisiens confirment le maintien de leur gr\u00e8ve et appellent \u00e0 une mobilisatio...\",\"breadcrumb\":{\"@id\":\"https:\\\/\\\/www.webdo.tn\\\/fr\\\/actualite\\\/national\\\/tunisie-les-jeunes-medecins-maintiennent-leur-greve-nationale\\\/221646\\\/#breadcrumb\"},\"inLanguage\":\"fr-FR\",\"potentialAction\":[{\"@type\":\"ReadAction\",\"target\":[\"https:\\\/\\\/www.webdo.tn\\\/fr\\\/actualite\\\/national\\\/tunisie-les-jeunes-medecins-maintiennent-leur-greve-nationale\\\/221646\\\/\"]}]},{\"@type\":\"ImageObject\",\"inLanguage\":\"fr-FR\",\"@id\":\"https:\\\/\\\/www.webdo.tn\\\/fr\\\/actualite\\\/national\\\/tunisie-les-jeunes-medecins-maintiennent-leur-greve-nationale\\\/221646\\\/#primaryimage\",\"url\":\"https:\\\/\\\/www.webdo.tn\\\/fr\\\/wp-content\\\/uploads\\\/2025\\\/04\\\/2db755c7ec40d128e6a53ab3d3239fbf.webp\",\"contentUrl\":\"https:\\\/\\\/www.webdo.tn\\\/fr\\\/wp-content\\\/uploads\\\/2025\\\/04\\\/2db755c7ec40d128e6a53ab3d3239fbf.webp\",\"width\":750,\"height\":400,\"caption\":\"Tunisie : Les jeunes m\u00e9decins maintiennent leur gr\u00e8ve nationale\"},{\"@type\":\"BreadcrumbList\",\"@id\":\"https:\\\/\\\/www.webdo.tn\\\/fr\\\/actualite\\\/national\\\/tunisie-les-jeunes-medecins-maintiennent-leur-greve-nationale\\\/221646\\\/#breadcrumb\",\"itemListElement\":[{\"@type\":\"ListItem\",\"position\":1,\"name\":\"Accueil\",\"item\":\"https:\\\/\\\/www.webdo.tn\\\/fr\\\/\"},{\"@type\":\"ListItem\",\"position\":2,\"name\":\"Tunisie : Les jeunes m\u00e9decins maintiennent leur gr\u00e8ve nationale\"}]},{\"@type\":\"WebSite\",\"@id\":\"https:\\\/\\\/www.webdo.tn\\\/fr\\\/#website\",\"url\":\"https:\\\/\\\/www.webdo.tn\\\/fr\\\/\",\"name\":\"webdo\",\"description\":\"Tunisie - News en Tunisie et \u00e0 l&#039;international sur Webdo.tn\",\"publisher\":{\"@id\":\"https:\\\/\\\/www.webdo.tn\\\/fr\\\/#organization\"},\"potentialAction\":[{\"@type\":\"SearchAction\",\"target\":{\"@type\":\"EntryPoint\",\"urlTemplate\":\"https:\\\/\\\/www.webdo.tn\\\/fr\\\/?s={search_term_string}\"},\"query-input\":{\"@type\":\"PropertyValueSpecification\",\"valueRequired\":true,\"valueName\":\"search_term_string\"}}],\"inLanguage\":\"fr-FR\"},{\"@type\":\"Organization\",\"@id\":\"https:\\\/\\\/www.webdo.tn\\\/fr\\\/#organization\",\"name\":\"Webdo\",\"alternateName\":\"Webdo.tn\",\"url\":\"https:\\\/\\\/www.webdo.tn\\\/fr\\\/\",\"logo\":{\"@type\":\"ImageObject\",\"inLanguage\":\"fr-FR\",\"@id\":\"https:\\\/\\\/www.webdo.tn\\\/fr\\\/#\\\/schema\\\/logo\\\/image\\\/\",\"url\":\"https:\\\/\\\/www.webdo.tn\\\/fr\\\/wp-content\\\/uploads\\\/2025\\\/06\\\/Webdo-Tunisie_168377.jpg\",\"contentUrl\":\"https:\\\/\\\/www.webdo.tn\\\/fr\\\/wp-content\\\/uploads\\\/2025\\\/06\\\/Webdo-Tunisie_168377.jpg\",\"width\":301,\"height\":301,\"caption\":\"Webdo\"},\"image\":{\"@id\":\"https:\\\/\\\/www.webdo.tn\\\/fr\\\/#\\\/schema\\\/logo\\\/image\\\/\"},\"sameAs\":[\"https:\\\/\\\/www.facebook.com\\\/webdotn\",\"https:\\\/\\\/x.com\\\/webdo_tn\"],\"description\":\"Webdo est un m\u00e9dia num\u00e9rique tunisien fond\u00e9 en 2010, sp\u00e9cialis\u00e9 dans l\u2019actualit\u00e9 nationale et internationale, l\u2019\u00e9conomie, la soci\u00e9t\u00e9 et les analyses politiques. Le site s\u2019adresse \u00e0 un large public francophone et couvre l\u2019information tunisienne en temps r\u00e9el.\",\"email\":\"redac@webdo.tn\",\"legalName\":\"YNJ SARL\",\"foundingDate\":\"2010-09-06\",\"numberOfEmployees\":{\"@type\":\"QuantitativeValue\",\"minValue\":\"11\",\"maxValue\":\"50\"}},{\"@type\":\"Person\",\"@id\":\"https:\\\/\\\/www.webdo.tn\\\/fr\\\/#\\\/schema\\\/person\\\/82ca085b22037d285e1a3c4b65ba5f71\",\"name\":\"KJ\",\"image\":{\"@type\":\"ImageObject\",\"inLanguage\":\"fr-FR\",\"@id\":\"https:\\\/\\\/secure.gravatar.com\\\/avatar\\\/1a1320de1c1971c893f00068f760b4113d69504aa21273da17ee95650c5944fd?s=96&d=mm&r=g\",\"url\":\"https:\\\/\\\/secure.gravatar.com\\\/avatar\\\/1a1320de1c1971c893f00068f760b4113d69504aa21273da17ee95650c5944fd?s=96&d=mm&r=g\",\"contentUrl\":\"https:\\\/\\\/secure.gravatar.com\\\/avatar\\\/1a1320de1c1971c893f00068f760b4113d69504aa21273da17ee95650c5944fd?s=96&d=mm&r=g\",\"caption\":\"KJ\"},\"url\":\"https:\\\/\\\/www.webdo.tn\\\/fr\\\/actualite\\\/author\\\/kj\\\/\"}]}<\/script>\n<!-- \/ Yoast SEO Premium plugin. -->","yoast_head_json":{"title":"Tunisie : Les jeunes m\u00e9decins maintiennent leur gr\u00e8ve nationale","description":"Face \u00e0 l\u2019\u00e9chec des n\u00e9gociations avec le minist\u00e8re de la Sant\u00e9, les jeunes m\u00e9decins tunisiens confirment le maintien de leur gr\u00e8ve et appellent \u00e0 une mobilisatio...","canonical":"https:\/\/www.webdo.tn\/fr\/actualite\/national\/tunisie-les-jeunes-medecins-maintiennent-leur-greve-nationale\/221646\/","og_locale":"fr_FR","og_type":"article","og_title":"Tunisie : Les jeunes m\u00e9decins maintiennent leur gr\u00e8ve nationale","og_description":"Face \u00e0 l\u2019\u00e9chec des n\u00e9gociations avec le minist\u00e8re de la Sant\u00e9, les jeunes m\u00e9decins tunisiens confirment le maintien de leur gr\u00e8ve et appellent \u00e0 une mobilisatio...","og_url":"https:\/\/www.webdo.tn\/fr\/actualite\/national\/tunisie-les-jeunes-medecins-maintiennent-leur-greve-nationale\/221646\/","og_site_name":"webdo","article_publisher":"https:\/\/www.facebook.com\/webdotn","article_published_time":"2025-04-29T08:08:00+00:00","article_modified_time":"2025-05-20T22:23:33+00:00","og_image":[{"width":750,"height":400,"url":"https:\/\/www.webdo.tn\/fr\/wp-content\/uploads\/2025\/04\/2db755c7ec40d128e6a53ab3d3239fbf.webp","type":"image\/webp"}],"author":"KJ","twitter_card":"summary_large_image","twitter_creator":"@webdo_tn","twitter_site":"@webdo_tn","twitter_misc":{"\u00c9crit par":"KJ","Dur\u00e9e de lecture estim\u00e9e":"1 minute"},"schema":{"@context":"https:\/\/schema.org","@graph":[{"@type":"NewsArticle","@id":"https:\/\/www.webdo.tn\/fr\/actualite\/national\/tunisie-les-jeunes-medecins-maintiennent-leur-greve-nationale\/221646\/#article","isPartOf":{"@id":"https:\/\/www.webdo.tn\/fr\/actualite\/national\/tunisie-les-jeunes-medecins-maintiennent-leur-greve-nationale\/221646\/"},"author":{"name":"KJ","@id":"https:\/\/www.webdo.tn\/fr\/#\/schema\/person\/82ca085b22037d285e1a3c4b65ba5f71"},"headline":"Tunisie : Les jeunes m\u00e9decins maintiennent leur gr\u00e8ve nationale","datePublished":"2025-04-29T08:08:00+00:00","dateModified":"2025-05-20T22:23:33+00:00","mainEntityOfPage":{"@id":"https:\/\/www.webdo.tn\/fr\/actualite\/national\/tunisie-les-jeunes-medecins-maintiennent-leur-greve-nationale\/221646\/"},"wordCount":227,"commentCount":0,"publisher":{"@id":"https:\/\/www.webdo.tn\/fr\/#organization"},"image":{"@id":"https:\/\/www.webdo.tn\/fr\/actualite\/national\/tunisie-les-jeunes-medecins-maintiennent-leur-greve-nationale\/221646\/#primaryimage"},"thumbnailUrl":"https:\/\/www.webdo.tn\/fr\/wp-content\/uploads\/2025\/04\/2db755c7ec40d128e6a53ab3d3239fbf.webp","keywords":["Gr\u00e8ve","m\u00e9decins","protestation","Tunisie"],"articleSection":["National"],"inLanguage":"fr-FR"},{"@type":"WebPage","@id":"https:\/\/www.webdo.tn\/fr\/actualite\/national\/tunisie-les-jeunes-medecins-maintiennent-leur-greve-nationale\/221646\/","url":"https:\/\/www.webdo.tn\/fr\/actualite\/national\/tunisie-les-jeunes-medecins-maintiennent-leur-greve-nationale\/221646\/","name":"Tunisie : Les jeunes m\u00e9decins maintiennent leur gr\u00e8ve nationale","isPartOf":{"@id":"https:\/\/www.webdo.tn\/fr\/#website"},"primaryImageOfPage":{"@id":"https:\/\/www.webdo.tn\/fr\/actualite\/national\/tunisie-les-jeunes-medecins-maintiennent-leur-greve-nationale\/221646\/#primaryimage"},"image":{"@id":"https:\/\/www.webdo.tn\/fr\/actualite\/national\/tunisie-les-jeunes-medecins-maintiennent-leur-greve-nationale\/221646\/#primaryimage"},"thumbnailUrl":"https:\/\/www.webdo.tn\/fr\/wp-content\/uploads\/2025\/04\/2db755c7ec40d128e6a53ab3d3239fbf.webp","datePublished":"2025-04-29T08:08:00+00:00","dateModified":"2025-05-20T22:23:33+00:00","description":"Face \u00e0 l\u2019\u00e9chec des n\u00e9gociations avec le minist\u00e8re de la Sant\u00e9, les jeunes m\u00e9decins tunisiens confirment le maintien de leur gr\u00e8ve et appellent \u00e0 une mobilisatio...","breadcrumb":{"@id":"https:\/\/www.webdo.tn\/fr\/actualite\/national\/tunisie-les-jeunes-medecins-maintiennent-leur-greve-nationale\/221646\/#breadcrumb"},"inLanguage":"fr-FR","potentialAction":[{"@type":"ReadAction","target":["https:\/\/www.webdo.tn\/fr\/actualite\/national\/tunisie-les-jeunes-medecins-maintiennent-leur-greve-nationale\/221646\/"]}]},{"@type":"ImageObject","inLanguage":"fr-FR","@id":"https:\/\/www.webdo.tn\/fr\/actualite\/national\/tunisie-les-jeunes-medecins-maintiennent-leur-greve-nationale\/221646\/#primaryimage","url":"https:\/\/www.webdo.tn\/fr\/wp-content\/uploads\/2025\/04\/2db755c7ec40d128e6a53ab3d3239fbf.webp","contentUrl":"https:\/\/www.webdo.tn\/fr\/wp-content\/uploads\/2025\/04\/2db755c7ec40d128e6a53ab3d3239fbf.webp","width":750,"height":400,"caption":"Tunisie : Les jeunes m\u00e9decins maintiennent leur gr\u00e8ve nationale"},{"@type":"BreadcrumbList","@id":"https:\/\/www.webdo.tn\/fr\/actualite\/national\/tunisie-les-jeunes-medecins-maintiennent-leur-greve-nationale\/221646\/#breadcrumb","itemListElement":[{"@type":"ListItem","position":1,"name":"Accueil","item":"https:\/\/www.webdo.tn\/fr\/"},{"@type":"ListItem","position":2,"name":"Tunisie : Les jeunes m\u00e9decins maintiennent leur gr\u00e8ve nationale"}]},{"@type":"WebSite","@id":"https:\/\/www.webdo.tn\/fr\/#website","url":"https:\/\/www.webdo.tn\/fr\/","name":"webdo","description":"Tunisie - News en Tunisie et \u00e0 l&#039;international sur Webdo.tn","publisher":{"@id":"https:\/\/www.webdo.tn\/fr\/#organization"},"potentialAction":[{"@type":"SearchAction","target":{"@type":"EntryPoint","urlTemplate":"https:\/\/www.webdo.tn\/fr\/?s={search_term_string}"},"query-input":{"@type":"PropertyValueSpecification","valueRequired":true,"valueName":"search_term_string"}}],"inLanguage":"fr-FR"},{"@type":"Organization","@id":"https:\/\/www.webdo.tn\/fr\/#organization","name":"Webdo","alternateName":"Webdo.tn","url":"https:\/\/www.webdo.tn\/fr\/","logo":{"@type":"ImageObject","inLanguage":"fr-FR","@id":"https:\/\/www.webdo.tn\/fr\/#\/schema\/logo\/image\/","url":"https:\/\/www.webdo.tn\/fr\/wp-content\/uploads\/2025\/06\/Webdo-Tunisie_168377.jpg","contentUrl":"https:\/\/www.webdo.tn\/fr\/wp-content\/uploads\/2025\/06\/Webdo-Tunisie_168377.jpg","width":301,"height":301,"caption":"Webdo"},"image":{"@id":"https:\/\/www.webdo.tn\/fr\/#\/schema\/logo\/image\/"},"sameAs":["https:\/\/www.facebook.com\/webdotn","https:\/\/x.com\/webdo_tn"],"description":"Webdo est un m\u00e9dia num\u00e9rique tunisien fond\u00e9 en 2010, sp\u00e9cialis\u00e9 dans l\u2019actualit\u00e9 nationale et internationale, l\u2019\u00e9conomie, la soci\u00e9t\u00e9 et les analyses politiques. Le site s\u2019adresse \u00e0 un large public francophone et couvre l\u2019information tunisienne en temps r\u00e9el.","email":"redac@webdo.tn","legalName":"YNJ SARL","foundingDate":"2010-09-06","numberOfEmployees":{"@type":"QuantitativeValue","minValue":"11","maxValue":"50"}},{"@type":"Person","@id":"https:\/\/www.webdo.tn\/fr\/#\/schema\/person\/82ca085b22037d285e1a3c4b65ba5f71","name":"KJ","image":{"@type":"ImageObject","inLanguage":"fr-FR","@id":"https:\/\/secure.gravatar.com\/avatar\/1a1320de1c1971c893f00068f760b4113d69504aa21273da17ee95650c5944fd?s=96&d=mm&r=g","url":"https:\/\/secure.gravatar.com\/avatar\/1a1320de1c1971c893f00068f760b4113d69504aa21273da17ee95650c5944fd?s=96&d=mm&r=g","contentUrl":"https:\/\/secure.gravatar.com\/avatar\/1a1320de1c1971c893f00068f760b4113d69504aa21273da17ee95650c5944fd?s=96&d=mm&r=g","caption":"KJ"},"url":"https:\/\/www.webdo.tn\/fr\/actualite\/author\/kj\/"}]}},"_links":{"self":[{"href":"https:\/\/www.webdo.tn\/fr\/wp-json\/wp\/v2\/posts\/221646","targetHints":{"allow":["GET"]}}],"collection":[{"href":"https:\/\/www.webdo.tn\/fr\/wp-json\/wp\/v2\/posts"}],"about":[{"href":"https:\/\/www.webdo.tn\/fr\/wp-json\/wp\/v2\/types\/post"}],"author":[{"embeddable":true,"href":"https:\/\/www.webdo.tn\/fr\/wp-json\/wp\/v2\/users\/3163"}],"replies":[{"embeddable":true,"href":"https:\/\/www.webdo.tn\/fr\/wp-json\/wp\/v2\/comments?post=221646"}],"version-history":[{"count":0,"href":"https:\/\/www.webdo.tn\/fr\/wp-json\/wp\/v2\/posts\/221646\/revisions"}],"wp:featuredmedia":[{"embeddable":true,"href":"https:\/\/www.webdo.tn\/fr\/wp-json\/wp\/v2\/media\/292326"}],"wp:attachment":[{"href":"https:\/\/www.webdo.tn\/fr\/wp-json\/wp\/v2\/media?parent=221646"}],"wp:term":[{"taxonomy":"category","embeddable":true,"href":"https:\/\/www.webdo.tn\/fr\/wp-json\/wp\/v2\/categories?post=221646"},{"taxonomy":"post_tag","embeddable":true,"href":"https:\/\/www.webdo.tn\/fr\/wp-json\/wp\/v2\/tags?post=221646"}],"curies":[{"name":"wp","href":"https:\/\/api.w.org\/{rel}","templated":true}]}}