{"id":221643,"date":"2025-04-29T07:33:00","date_gmt":"2025-04-29T07:33:00","guid":{"rendered":"https:\/\/www.webdo.tn\/fr\/blog\/2025\/04\/29\/tunisie-iran-vers-un-axe-economique-afrique-asie-base-sur-des-interets-croises\/"},"modified":"2025-05-17T20:05:30","modified_gmt":"2025-05-17T20:05:30","slug":"tunisie-iran-vers-un-axe-economique-afrique-asie-base-sur-des-interets-croises","status":"publish","type":"post","link":"https:\/\/www.webdo.tn\/fr\/actualite\/national\/tunisie-iran-vers-un-axe-economique-afrique-asie-base-sur-des-interets-croises\/221643\/","title":{"rendered":"Tunisie-Iran : vers un axe \u00e9conomique Afrique-Asie bas\u00e9 sur des int\u00e9r\u00eats crois\u00e9s"},"content":{"rendered":"<p>Alors que les relations politiques entre la Tunisie et l\u2019Iran se renforcent, les deux pays souhaitent d\u00e9sormais donner un nouveau souffle \u00e0 leur coop\u00e9ration \u00e9conomique.<\/p>\n<p>\t\t\t\t\t\t\t\t\t\u00c0 l\u2019occasion du 3e Sommet de la coop\u00e9ration \u00e9conomique Iran-Afrique, qui s\u2019est tenu \u00e0 T\u00e9h\u00e9ran cette semaine, le ministre tunisien du Commerce et du D\u00e9veloppement des exportations, Samir Abid, a pos\u00e9 les bases d\u2019un partenariat strat\u00e9gique orient\u00e9 vers les march\u00e9s ext\u00e9rieurs.<\/p>\n<p>\u00ab Les relations politiques entre nos deux pays sont tr\u00e8s \u00e9lev\u00e9es, sophistiqu\u00e9es et strat\u00e9giques \u00bb, a-t-il affirm\u00e9 dans une interview au Tehran Times. Mais sur le plan \u00e9conomique, les \u00e9changes restent faibles et en d\u00e9calage avec ce potentiel diplomatique. Plusieurs facteurs l\u2019expliquent : un manque d\u2019engagements directs, des priorit\u00e9s g\u00e9ographiques diff\u00e9rentes, et les pressions internationales qui ont pes\u00e9 sur l\u2019Iran.<\/p>\n<p>L\u2019ambition d\u00e9sormais affich\u00e9e est de construire un axe \u00e9conomique reliant l\u2019Afrique \u00e0 l\u2019Asie, en s\u2019appuyant sur les atouts g\u00e9ographiques de chaque pays. \u00ab La Tunisie sert de porte d\u2019entr\u00e9e vers l\u2019Afrique [\u2026]. L\u2019Iran, de son c\u00f4t\u00e9, a une forte pr\u00e9sence sur les march\u00e9s asiatiques et des liens strat\u00e9giques avec la Russie \u00bb, a soulign\u00e9 Samir Abid. Ensemble, ils pourraient cr\u00e9er des passerelles vers des march\u00e9s tiers, en dehors des circuits commerciaux traditionnels.<\/p>\n<p>Tourisme, co-entreprises industrielles, d\u00e9veloppement de nouveaux produits \u00e0 destination de l\u2019Afrique ou de l\u2019Asie : les domaines de coop\u00e9ration sont nombreux. Un comit\u00e9 mixte tuniso-iranien, qui se r\u00e9unira prochainement \u00e0 Tunis, devrait pr\u00e9ciser les axes prioritaires.<\/p>\n<p>Mais pour r\u00e9ussir, ce rapprochement \u00e9conomique devra d\u00e9passer le cadre institutionnel. \u00ab Le secteur priv\u00e9 doit jouer un r\u00f4le moteur \u00bb, insiste le ministre tunisien. Objectif : favoriser les \u00e9changes entre entreprises des deux pays, stimuler les exportations crois\u00e9es et b\u00e2tir des projets conjoints \u00e0 l\u2019international.<\/p>\n<p>Dans un contexte de r\u00e9\u00e9quilibrage diplomatique et \u00e9conomique global, ce partenariat naissant pourrait bien dessiner une nouvelle g\u00e9ographie des \u00e9changes pour la Tunisie.<\/p>\n","protected":false},"excerpt":{"rendered":"<p>La Tunisie et l\u2019Iran veulent cr\u00e9er un axe \u00e9conomique reliant l\u2019Afrique \u00e0 l\u2019Asie, misant sur leurs atouts g\u00e9ographiques et un partenariat politique renforc\u00e9.<\/p>\n","protected":false},"author":3203,"featured_media":244341,"comment_status":"open","ping_status":"open","sticky":false,"template":"","format":"standard","meta":{"footnotes":""},"categories":[44],"tags":[2912,2914,2913,2608],"class_list":["post-221643","post","type-post","status-publish","format-standard","has-post-thumbnail","hentry","category-national","tag-iran","tag-relations-tunisie-iran","tag-samir-abid","tag-tunisie"],"yoast_head":"<!-- This site is optimized with the Yoast SEO Premium plugin v27.5 (Yoast SEO v27.5) - https:\/\/yoast.com\/product\/yoast-seo-premium-wordpress\/ -->\n<title>Tunisie-Iran : vers un axe \u00e9conomique Afrique-Asie bas\u00e9 sur des int\u00e9r\u00eats crois\u00e9s<\/title>\n<meta name=\"description\" content=\"La Tunisie et l\u2019Iran veulent cr\u00e9er un axe \u00e9conomique reliant l\u2019Afrique \u00e0 l\u2019Asie, misant sur leurs atouts g\u00e9ographiques et un partenariat politique renforc\u00e9.\" \/>\n<link rel=\"canonical\" href=\"https:\/\/www.webdo.tn\/fr\/actualite\/national\/tunisie-iran-vers-un-axe-economique-afrique-asie-base-sur-des-interets-croises\/221643\/\" \/>\n<meta property=\"og:locale\" content=\"fr_FR\" \/>\n<meta property=\"og:type\" content=\"article\" \/>\n<meta property=\"og:title\" content=\"Tunisie-Iran : vers un axe \u00e9conomique Afrique-Asie bas\u00e9 sur des int\u00e9r\u00eats crois\u00e9s\" \/>\n<meta property=\"og:description\" content=\"La Tunisie et l\u2019Iran veulent cr\u00e9er un axe \u00e9conomique reliant l\u2019Afrique \u00e0 l\u2019Asie, misant sur leurs atouts g\u00e9ographiques et un partenariat politique renforc\u00e9.\" \/>\n<meta property=\"og:url\" content=\"https:\/\/www.webdo.tn\/fr\/actualite\/national\/tunisie-iran-vers-un-axe-economique-afrique-asie-base-sur-des-interets-croises\/221643\/\" \/>\n<meta property=\"og:site_name\" content=\"webdo\" \/>\n<meta property=\"article:publisher\" content=\"https:\/\/www.facebook.com\/webdotn\" \/>\n<meta property=\"article:published_time\" content=\"2025-04-29T07:33:00+00:00\" \/>\n<meta property=\"article:modified_time\" content=\"2025-05-17T20:05:30+00:00\" \/>\n<meta property=\"og:image\" content=\"https:\/\/www.webdo.tn\/fr\/wp-content\/uploads\/2025\/05\/0a0605fb3ace35c63e2b510a1c32c8b3-4.webp\" \/>\n\t<meta property=\"og:image:width\" content=\"750\" \/>\n\t<meta property=\"og:image:height\" content=\"400\" \/>\n\t<meta property=\"og:image:type\" content=\"image\/webp\" \/>\n<meta name=\"author\" content=\"Ramzi Haddad\" \/>\n<meta name=\"twitter:card\" content=\"summary_large_image\" \/>\n<meta name=\"twitter:creator\" content=\"@webdo_tn\" \/>\n<meta name=\"twitter:site\" content=\"@webdo_tn\" \/>\n<meta name=\"twitter:label1\" content=\"\u00c9crit par\" \/>\n\t<meta name=\"twitter:data1\" content=\"Ramzi Haddad\" \/>\n\t<meta name=\"twitter:label2\" content=\"Dur\u00e9e de lecture estim\u00e9e\" \/>\n\t<meta name=\"twitter:data2\" content=\"2 minutes\" \/>\n<script type=\"application\/ld+json\" class=\"yoast-schema-graph\">{\"@context\":\"https:\\\/\\\/schema.org\",\"@graph\":[{\"@type\":\"NewsArticle\",\"@id\":\"https:\\\/\\\/www.webdo.tn\\\/fr\\\/actualite\\\/national\\\/tunisie-iran-vers-un-axe-economique-afrique-asie-base-sur-des-interets-croises\\\/221643\\\/#article\",\"isPartOf\":{\"@id\":\"https:\\\/\\\/www.webdo.tn\\\/fr\\\/actualite\\\/national\\\/tunisie-iran-vers-un-axe-economique-afrique-asie-base-sur-des-interets-croises\\\/221643\\\/\"},\"author\":{\"name\":\"Ramzi Haddad\",\"@id\":\"https:\\\/\\\/www.webdo.tn\\\/fr\\\/#\\\/schema\\\/person\\\/5663044c25eb36d8f88ba5b653f12f8c\"},\"headline\":\"Tunisie-Iran : vers un axe \u00e9conomique Afrique-Asie bas\u00e9 sur des int\u00e9r\u00eats crois\u00e9s\",\"datePublished\":\"2025-04-29T07:33:00+00:00\",\"dateModified\":\"2025-05-17T20:05:30+00:00\",\"mainEntityOfPage\":{\"@id\":\"https:\\\/\\\/www.webdo.tn\\\/fr\\\/actualite\\\/national\\\/tunisie-iran-vers-un-axe-economique-afrique-asie-base-sur-des-interets-croises\\\/221643\\\/\"},\"wordCount\":355,\"commentCount\":0,\"publisher\":{\"@id\":\"https:\\\/\\\/www.webdo.tn\\\/fr\\\/#organization\"},\"image\":{\"@id\":\"https:\\\/\\\/www.webdo.tn\\\/fr\\\/actualite\\\/national\\\/tunisie-iran-vers-un-axe-economique-afrique-asie-base-sur-des-interets-croises\\\/221643\\\/#primaryimage\"},\"thumbnailUrl\":\"https:\\\/\\\/www.webdo.tn\\\/fr\\\/wp-content\\\/uploads\\\/2025\\\/05\\\/0a0605fb3ace35c63e2b510a1c32c8b3-4.webp\",\"keywords\":[\"Iran\",\"Relations Tunisie-Iran\",\"Samir Abid\",\"Tunisie\"],\"articleSection\":[\"National\"],\"inLanguage\":\"fr-FR\"},{\"@type\":\"WebPage\",\"@id\":\"https:\\\/\\\/www.webdo.tn\\\/fr\\\/actualite\\\/national\\\/tunisie-iran-vers-un-axe-economique-afrique-asie-base-sur-des-interets-croises\\\/221643\\\/\",\"url\":\"https:\\\/\\\/www.webdo.tn\\\/fr\\\/actualite\\\/national\\\/tunisie-iran-vers-un-axe-economique-afrique-asie-base-sur-des-interets-croises\\\/221643\\\/\",\"name\":\"Tunisie-Iran : vers un axe \u00e9conomique Afrique-Asie bas\u00e9 sur des int\u00e9r\u00eats crois\u00e9s\",\"isPartOf\":{\"@id\":\"https:\\\/\\\/www.webdo.tn\\\/fr\\\/#website\"},\"primaryImageOfPage\":{\"@id\":\"https:\\\/\\\/www.webdo.tn\\\/fr\\\/actualite\\\/national\\\/tunisie-iran-vers-un-axe-economique-afrique-asie-base-sur-des-interets-croises\\\/221643\\\/#primaryimage\"},\"image\":{\"@id\":\"https:\\\/\\\/www.webdo.tn\\\/fr\\\/actualite\\\/national\\\/tunisie-iran-vers-un-axe-economique-afrique-asie-base-sur-des-interets-croises\\\/221643\\\/#primaryimage\"},\"thumbnailUrl\":\"https:\\\/\\\/www.webdo.tn\\\/fr\\\/wp-content\\\/uploads\\\/2025\\\/05\\\/0a0605fb3ace35c63e2b510a1c32c8b3-4.webp\",\"datePublished\":\"2025-04-29T07:33:00+00:00\",\"dateModified\":\"2025-05-17T20:05:30+00:00\",\"description\":\"La Tunisie et l\u2019Iran veulent cr\u00e9er un axe \u00e9conomique reliant l\u2019Afrique \u00e0 l\u2019Asie, misant sur leurs atouts g\u00e9ographiques et un partenariat politique renforc\u00e9.\",\"breadcrumb\":{\"@id\":\"https:\\\/\\\/www.webdo.tn\\\/fr\\\/actualite\\\/national\\\/tunisie-iran-vers-un-axe-economique-afrique-asie-base-sur-des-interets-croises\\\/221643\\\/#breadcrumb\"},\"inLanguage\":\"fr-FR\",\"potentialAction\":[{\"@type\":\"ReadAction\",\"target\":[\"https:\\\/\\\/www.webdo.tn\\\/fr\\\/actualite\\\/national\\\/tunisie-iran-vers-un-axe-economique-afrique-asie-base-sur-des-interets-croises\\\/221643\\\/\"]}]},{\"@type\":\"ImageObject\",\"inLanguage\":\"fr-FR\",\"@id\":\"https:\\\/\\\/www.webdo.tn\\\/fr\\\/actualite\\\/national\\\/tunisie-iran-vers-un-axe-economique-afrique-asie-base-sur-des-interets-croises\\\/221643\\\/#primaryimage\",\"url\":\"https:\\\/\\\/www.webdo.tn\\\/fr\\\/wp-content\\\/uploads\\\/2025\\\/05\\\/0a0605fb3ace35c63e2b510a1c32c8b3-4.webp\",\"contentUrl\":\"https:\\\/\\\/www.webdo.tn\\\/fr\\\/wp-content\\\/uploads\\\/2025\\\/05\\\/0a0605fb3ace35c63e2b510a1c32c8b3-4.webp\",\"width\":750,\"height\":400},{\"@type\":\"BreadcrumbList\",\"@id\":\"https:\\\/\\\/www.webdo.tn\\\/fr\\\/actualite\\\/national\\\/tunisie-iran-vers-un-axe-economique-afrique-asie-base-sur-des-interets-croises\\\/221643\\\/#breadcrumb\",\"itemListElement\":[{\"@type\":\"ListItem\",\"position\":1,\"name\":\"Accueil\",\"item\":\"https:\\\/\\\/www.webdo.tn\\\/fr\\\/\"},{\"@type\":\"ListItem\",\"position\":2,\"name\":\"Tunisie-Iran : vers un axe \u00e9conomique Afrique-Asie bas\u00e9 sur des int\u00e9r\u00eats crois\u00e9s\"}]},{\"@type\":\"WebSite\",\"@id\":\"https:\\\/\\\/www.webdo.tn\\\/fr\\\/#website\",\"url\":\"https:\\\/\\\/www.webdo.tn\\\/fr\\\/\",\"name\":\"webdo\",\"description\":\"Tunisie - News en Tunisie et \u00e0 l&#039;international sur Webdo.tn\",\"publisher\":{\"@id\":\"https:\\\/\\\/www.webdo.tn\\\/fr\\\/#organization\"},\"potentialAction\":[{\"@type\":\"SearchAction\",\"target\":{\"@type\":\"EntryPoint\",\"urlTemplate\":\"https:\\\/\\\/www.webdo.tn\\\/fr\\\/?s={search_term_string}\"},\"query-input\":{\"@type\":\"PropertyValueSpecification\",\"valueRequired\":true,\"valueName\":\"search_term_string\"}}],\"inLanguage\":\"fr-FR\"},{\"@type\":\"Organization\",\"@id\":\"https:\\\/\\\/www.webdo.tn\\\/fr\\\/#organization\",\"name\":\"Webdo\",\"alternateName\":\"Webdo.tn\",\"url\":\"https:\\\/\\\/www.webdo.tn\\\/fr\\\/\",\"logo\":{\"@type\":\"ImageObject\",\"inLanguage\":\"fr-FR\",\"@id\":\"https:\\\/\\\/www.webdo.tn\\\/fr\\\/#\\\/schema\\\/logo\\\/image\\\/\",\"url\":\"https:\\\/\\\/www.webdo.tn\\\/fr\\\/wp-content\\\/uploads\\\/2025\\\/06\\\/Webdo-Tunisie_168377.jpg\",\"contentUrl\":\"https:\\\/\\\/www.webdo.tn\\\/fr\\\/wp-content\\\/uploads\\\/2025\\\/06\\\/Webdo-Tunisie_168377.jpg\",\"width\":301,\"height\":301,\"caption\":\"Webdo\"},\"image\":{\"@id\":\"https:\\\/\\\/www.webdo.tn\\\/fr\\\/#\\\/schema\\\/logo\\\/image\\\/\"},\"sameAs\":[\"https:\\\/\\\/www.facebook.com\\\/webdotn\",\"https:\\\/\\\/x.com\\\/webdo_tn\"],\"description\":\"Webdo est un m\u00e9dia num\u00e9rique tunisien fond\u00e9 en 2010, sp\u00e9cialis\u00e9 dans l\u2019actualit\u00e9 nationale et internationale, l\u2019\u00e9conomie, la soci\u00e9t\u00e9 et les analyses politiques. Le site s\u2019adresse \u00e0 un large public francophone et couvre l\u2019information tunisienne en temps r\u00e9el.\",\"email\":\"redac@webdo.tn\",\"legalName\":\"YNJ SARL\",\"foundingDate\":\"2010-09-06\",\"numberOfEmployees\":{\"@type\":\"QuantitativeValue\",\"minValue\":\"11\",\"maxValue\":\"50\"}},{\"@type\":\"Person\",\"@id\":\"https:\\\/\\\/www.webdo.tn\\\/fr\\\/#\\\/schema\\\/person\\\/5663044c25eb36d8f88ba5b653f12f8c\",\"name\":\"Ramzi Haddad\",\"image\":{\"@type\":\"ImageObject\",\"inLanguage\":\"fr-FR\",\"@id\":\"https:\\\/\\\/www.webdo.tn\\\/fr\\\/wp-content\\\/uploads\\\/2026\\\/04\\\/ramzi-haddad_avatar-96x96.jpg\",\"url\":\"https:\\\/\\\/www.webdo.tn\\\/fr\\\/wp-content\\\/uploads\\\/2026\\\/04\\\/ramzi-haddad_avatar-96x96.jpg\",\"contentUrl\":\"https:\\\/\\\/www.webdo.tn\\\/fr\\\/wp-content\\\/uploads\\\/2026\\\/04\\\/ramzi-haddad_avatar-96x96.jpg\",\"caption\":\"Ramzi Haddad\"},\"description\":\"Signature \u00e9ditoriale de Walid Ben Youssef Ramzi Haddad est le pseudonyme \u00e9ditorial de Walid Ben Youssef, fondateur et g\u00e9rant de Webdo.tn. Cette signature est d\u00e9di\u00e9e \u00e0 la couverture de l'actualit\u00e9 nationale et internationale, ainsi qu'aux analyses des dynamiques num\u00e9riques. Ce profil b\u00e9n\u00e9ficie de l'expertise de Walid Ben Youssef, pionnier du web en Tunisie depuis 2000 et dipl\u00f4m\u00e9 en Math\u00e9matiques pures de l'Universit\u00e9 d'Oregon. \u00c0 travers cette signature, la r\u00e9daction de Webdo garantit une information structur\u00e9e et v\u00e9rifi\u00e9e, fid\u00e8le aux standards journalistiques du m\u00e9dia.\",\"url\":\"https:\\\/\\\/www.webdo.tn\\\/fr\\\/actualite\\\/author\\\/ramzi-haddad\\\/\"}]}<\/script>\n<!-- \/ Yoast SEO Premium plugin. -->","yoast_head_json":{"title":"Tunisie-Iran : vers un axe \u00e9conomique Afrique-Asie bas\u00e9 sur des int\u00e9r\u00eats crois\u00e9s","description":"La Tunisie et l\u2019Iran veulent cr\u00e9er un axe \u00e9conomique reliant l\u2019Afrique \u00e0 l\u2019Asie, misant sur leurs atouts g\u00e9ographiques et un partenariat politique renforc\u00e9.","canonical":"https:\/\/www.webdo.tn\/fr\/actualite\/national\/tunisie-iran-vers-un-axe-economique-afrique-asie-base-sur-des-interets-croises\/221643\/","og_locale":"fr_FR","og_type":"article","og_title":"Tunisie-Iran : vers un axe \u00e9conomique Afrique-Asie bas\u00e9 sur des int\u00e9r\u00eats crois\u00e9s","og_description":"La Tunisie et l\u2019Iran veulent cr\u00e9er un axe \u00e9conomique reliant l\u2019Afrique \u00e0 l\u2019Asie, misant sur leurs atouts g\u00e9ographiques et un partenariat politique renforc\u00e9.","og_url":"https:\/\/www.webdo.tn\/fr\/actualite\/national\/tunisie-iran-vers-un-axe-economique-afrique-asie-base-sur-des-interets-croises\/221643\/","og_site_name":"webdo","article_publisher":"https:\/\/www.facebook.com\/webdotn","article_published_time":"2025-04-29T07:33:00+00:00","article_modified_time":"2025-05-17T20:05:30+00:00","og_image":[{"width":750,"height":400,"url":"https:\/\/www.webdo.tn\/fr\/wp-content\/uploads\/2025\/05\/0a0605fb3ace35c63e2b510a1c32c8b3-4.webp","type":"image\/webp"}],"author":"Ramzi Haddad","twitter_card":"summary_large_image","twitter_creator":"@webdo_tn","twitter_site":"@webdo_tn","twitter_misc":{"\u00c9crit par":"Ramzi Haddad","Dur\u00e9e de lecture estim\u00e9e":"2 minutes"},"schema":{"@context":"https:\/\/schema.org","@graph":[{"@type":"NewsArticle","@id":"https:\/\/www.webdo.tn\/fr\/actualite\/national\/tunisie-iran-vers-un-axe-economique-afrique-asie-base-sur-des-interets-croises\/221643\/#article","isPartOf":{"@id":"https:\/\/www.webdo.tn\/fr\/actualite\/national\/tunisie-iran-vers-un-axe-economique-afrique-asie-base-sur-des-interets-croises\/221643\/"},"author":{"name":"Ramzi Haddad","@id":"https:\/\/www.webdo.tn\/fr\/#\/schema\/person\/5663044c25eb36d8f88ba5b653f12f8c"},"headline":"Tunisie-Iran : vers un axe \u00e9conomique Afrique-Asie bas\u00e9 sur des int\u00e9r\u00eats crois\u00e9s","datePublished":"2025-04-29T07:33:00+00:00","dateModified":"2025-05-17T20:05:30+00:00","mainEntityOfPage":{"@id":"https:\/\/www.webdo.tn\/fr\/actualite\/national\/tunisie-iran-vers-un-axe-economique-afrique-asie-base-sur-des-interets-croises\/221643\/"},"wordCount":355,"commentCount":0,"publisher":{"@id":"https:\/\/www.webdo.tn\/fr\/#organization"},"image":{"@id":"https:\/\/www.webdo.tn\/fr\/actualite\/national\/tunisie-iran-vers-un-axe-economique-afrique-asie-base-sur-des-interets-croises\/221643\/#primaryimage"},"thumbnailUrl":"https:\/\/www.webdo.tn\/fr\/wp-content\/uploads\/2025\/05\/0a0605fb3ace35c63e2b510a1c32c8b3-4.webp","keywords":["Iran","Relations Tunisie-Iran","Samir Abid","Tunisie"],"articleSection":["National"],"inLanguage":"fr-FR"},{"@type":"WebPage","@id":"https:\/\/www.webdo.tn\/fr\/actualite\/national\/tunisie-iran-vers-un-axe-economique-afrique-asie-base-sur-des-interets-croises\/221643\/","url":"https:\/\/www.webdo.tn\/fr\/actualite\/national\/tunisie-iran-vers-un-axe-economique-afrique-asie-base-sur-des-interets-croises\/221643\/","name":"Tunisie-Iran : vers un axe \u00e9conomique Afrique-Asie bas\u00e9 sur des int\u00e9r\u00eats crois\u00e9s","isPartOf":{"@id":"https:\/\/www.webdo.tn\/fr\/#website"},"primaryImageOfPage":{"@id":"https:\/\/www.webdo.tn\/fr\/actualite\/national\/tunisie-iran-vers-un-axe-economique-afrique-asie-base-sur-des-interets-croises\/221643\/#primaryimage"},"image":{"@id":"https:\/\/www.webdo.tn\/fr\/actualite\/national\/tunisie-iran-vers-un-axe-economique-afrique-asie-base-sur-des-interets-croises\/221643\/#primaryimage"},"thumbnailUrl":"https:\/\/www.webdo.tn\/fr\/wp-content\/uploads\/2025\/05\/0a0605fb3ace35c63e2b510a1c32c8b3-4.webp","datePublished":"2025-04-29T07:33:00+00:00","dateModified":"2025-05-17T20:05:30+00:00","description":"La Tunisie et l\u2019Iran veulent cr\u00e9er un axe \u00e9conomique reliant l\u2019Afrique \u00e0 l\u2019Asie, misant sur leurs atouts g\u00e9ographiques et un partenariat politique renforc\u00e9.","breadcrumb":{"@id":"https:\/\/www.webdo.tn\/fr\/actualite\/national\/tunisie-iran-vers-un-axe-economique-afrique-asie-base-sur-des-interets-croises\/221643\/#breadcrumb"},"inLanguage":"fr-FR","potentialAction":[{"@type":"ReadAction","target":["https:\/\/www.webdo.tn\/fr\/actualite\/national\/tunisie-iran-vers-un-axe-economique-afrique-asie-base-sur-des-interets-croises\/221643\/"]}]},{"@type":"ImageObject","inLanguage":"fr-FR","@id":"https:\/\/www.webdo.tn\/fr\/actualite\/national\/tunisie-iran-vers-un-axe-economique-afrique-asie-base-sur-des-interets-croises\/221643\/#primaryimage","url":"https:\/\/www.webdo.tn\/fr\/wp-content\/uploads\/2025\/05\/0a0605fb3ace35c63e2b510a1c32c8b3-4.webp","contentUrl":"https:\/\/www.webdo.tn\/fr\/wp-content\/uploads\/2025\/05\/0a0605fb3ace35c63e2b510a1c32c8b3-4.webp","width":750,"height":400},{"@type":"BreadcrumbList","@id":"https:\/\/www.webdo.tn\/fr\/actualite\/national\/tunisie-iran-vers-un-axe-economique-afrique-asie-base-sur-des-interets-croises\/221643\/#breadcrumb","itemListElement":[{"@type":"ListItem","position":1,"name":"Accueil","item":"https:\/\/www.webdo.tn\/fr\/"},{"@type":"ListItem","position":2,"name":"Tunisie-Iran : vers un axe \u00e9conomique Afrique-Asie bas\u00e9 sur des int\u00e9r\u00eats crois\u00e9s"}]},{"@type":"WebSite","@id":"https:\/\/www.webdo.tn\/fr\/#website","url":"https:\/\/www.webdo.tn\/fr\/","name":"webdo","description":"Tunisie - News en Tunisie et \u00e0 l&#039;international sur Webdo.tn","publisher":{"@id":"https:\/\/www.webdo.tn\/fr\/#organization"},"potentialAction":[{"@type":"SearchAction","target":{"@type":"EntryPoint","urlTemplate":"https:\/\/www.webdo.tn\/fr\/?s={search_term_string}"},"query-input":{"@type":"PropertyValueSpecification","valueRequired":true,"valueName":"search_term_string"}}],"inLanguage":"fr-FR"},{"@type":"Organization","@id":"https:\/\/www.webdo.tn\/fr\/#organization","name":"Webdo","alternateName":"Webdo.tn","url":"https:\/\/www.webdo.tn\/fr\/","logo":{"@type":"ImageObject","inLanguage":"fr-FR","@id":"https:\/\/www.webdo.tn\/fr\/#\/schema\/logo\/image\/","url":"https:\/\/www.webdo.tn\/fr\/wp-content\/uploads\/2025\/06\/Webdo-Tunisie_168377.jpg","contentUrl":"https:\/\/www.webdo.tn\/fr\/wp-content\/uploads\/2025\/06\/Webdo-Tunisie_168377.jpg","width":301,"height":301,"caption":"Webdo"},"image":{"@id":"https:\/\/www.webdo.tn\/fr\/#\/schema\/logo\/image\/"},"sameAs":["https:\/\/www.facebook.com\/webdotn","https:\/\/x.com\/webdo_tn"],"description":"Webdo est un m\u00e9dia num\u00e9rique tunisien fond\u00e9 en 2010, sp\u00e9cialis\u00e9 dans l\u2019actualit\u00e9 nationale et internationale, l\u2019\u00e9conomie, la soci\u00e9t\u00e9 et les analyses politiques. Le site s\u2019adresse \u00e0 un large public francophone et couvre l\u2019information tunisienne en temps r\u00e9el.","email":"redac@webdo.tn","legalName":"YNJ SARL","foundingDate":"2010-09-06","numberOfEmployees":{"@type":"QuantitativeValue","minValue":"11","maxValue":"50"}},{"@type":"Person","@id":"https:\/\/www.webdo.tn\/fr\/#\/schema\/person\/5663044c25eb36d8f88ba5b653f12f8c","name":"Ramzi Haddad","image":{"@type":"ImageObject","inLanguage":"fr-FR","@id":"https:\/\/www.webdo.tn\/fr\/wp-content\/uploads\/2026\/04\/ramzi-haddad_avatar-96x96.jpg","url":"https:\/\/www.webdo.tn\/fr\/wp-content\/uploads\/2026\/04\/ramzi-haddad_avatar-96x96.jpg","contentUrl":"https:\/\/www.webdo.tn\/fr\/wp-content\/uploads\/2026\/04\/ramzi-haddad_avatar-96x96.jpg","caption":"Ramzi Haddad"},"description":"Signature \u00e9ditoriale de Walid Ben Youssef Ramzi Haddad est le pseudonyme \u00e9ditorial de Walid Ben Youssef, fondateur et g\u00e9rant de Webdo.tn. Cette signature est d\u00e9di\u00e9e \u00e0 la couverture de l'actualit\u00e9 nationale et internationale, ainsi qu'aux analyses des dynamiques num\u00e9riques. Ce profil b\u00e9n\u00e9ficie de l'expertise de Walid Ben Youssef, pionnier du web en Tunisie depuis 2000 et dipl\u00f4m\u00e9 en Math\u00e9matiques pures de l'Universit\u00e9 d'Oregon. \u00c0 travers cette signature, la r\u00e9daction de Webdo garantit une information structur\u00e9e et v\u00e9rifi\u00e9e, fid\u00e8le aux standards journalistiques du m\u00e9dia.","url":"https:\/\/www.webdo.tn\/fr\/actualite\/author\/ramzi-haddad\/"}]}},"_links":{"self":[{"href":"https:\/\/www.webdo.tn\/fr\/wp-json\/wp\/v2\/posts\/221643","targetHints":{"allow":["GET"]}}],"collection":[{"href":"https:\/\/www.webdo.tn\/fr\/wp-json\/wp\/v2\/posts"}],"about":[{"href":"https:\/\/www.webdo.tn\/fr\/wp-json\/wp\/v2\/types\/post"}],"author":[{"embeddable":true,"href":"https:\/\/www.webdo.tn\/fr\/wp-json\/wp\/v2\/users\/3203"}],"replies":[{"embeddable":true,"href":"https:\/\/www.webdo.tn\/fr\/wp-json\/wp\/v2\/comments?post=221643"}],"version-history":[{"count":0,"href":"https:\/\/www.webdo.tn\/fr\/wp-json\/wp\/v2\/posts\/221643\/revisions"}],"wp:featuredmedia":[{"embeddable":true,"href":"https:\/\/www.webdo.tn\/fr\/wp-json\/wp\/v2\/media\/244341"}],"wp:attachment":[{"href":"https:\/\/www.webdo.tn\/fr\/wp-json\/wp\/v2\/media?parent=221643"}],"wp:term":[{"taxonomy":"category","embeddable":true,"href":"https:\/\/www.webdo.tn\/fr\/wp-json\/wp\/v2\/categories?post=221643"},{"taxonomy":"post_tag","embeddable":true,"href":"https:\/\/www.webdo.tn\/fr\/wp-json\/wp\/v2\/tags?post=221643"}],"curies":[{"name":"wp","href":"https:\/\/api.w.org\/{rel}","templated":true}]}}